{"id":16606,"date":"2022-08-18T13:11:19","date_gmt":"2022-08-18T11:11:19","guid":{"rendered":"https:\/\/www.werbewoche.ch\/?p=184573"},"modified":"2024-11-22T08:44:19","modified_gmt":"2024-11-22T07:44:19","slug":"staedtetourismus-leidet-weiterhin-stark-unter-pandemie-nachwirkungen","status":"publish","type":"post","link":"https:\/\/www.organisator.ch\/de\/marketing\/2022-08-18\/staedtetourismus-leidet-weiterhin-stark-unter-pandemie-nachwirkungen\/","title":{"rendered":"St\u00e4dtetourismus leidet weiterhin stark unter Pandemie-Nachwirkungen"},"content":{"rendered":"<figure id=\"attachment_184574\" class=\"wp-caption alignnone\" style=\"width: 1200px;\" aria-describedby=\"caption-attachment-184574\"><img class=\"alignnone wp-image-184574 size-full\" src=\"https:\/\/www.werbewoche.ch\/wp-content\/uploads\/2022\/08\/Schweiz-Tourismus-%E2%80%93-Medienkonferenz-Zwischenbilanz-Sommersaison-2022-5-54-screenshot.jpg\" alt=\"St\u00e4dtetourismus Schweiz\" width=\"1200\" height=\"900\" \/>\r\n<figcaption id=\"caption-attachment-184574\" class=\"wp-caption-text\">Martin Nydegger an der ST-Medienkonferenz von Donnerstag. (Screenshot: Youtube.com)<\/figcaption>\r\n<\/figure>\r\n<p>Der St\u00e4dtetourismus sei im Vergleich zu den l\u00e4ndlichen Destinationen noch besonders am K\u00e4mpfen, sagte der Direktor von Schweiz Tourismus (ST) an einer Medienkonferenz am Donnerstag in Z\u00fcrich. Er k\u00f6nne hierbei die Bedeutung der Fernm\u00e4rkte nicht genug unterstreichen: \u00abDie ausl\u00e4ndischen G\u00e4ste lieben unsere St\u00e4dte. Sie kommen auch ausserhalb der Schulferien, sie buchen lange im Voraus, sie kommen selbst wenn das Wetter nicht hervorragend ist und sie buchen obere Kategorien.\u00bb<\/p>\r\n<p>Aus diesem Grund sei der Schweizer St\u00e4dtetourismus stark von den Ferng\u00e4sten abh\u00e4ngig. Besonders \u00dcberseeg\u00e4ste seien hier sehr wichtig. Von diesen seien aber im Vergleich zum Referenzjahr 2019 50 Prozent der Hotellogiern\u00e4chte weggefallen. \u00abDie Schweiz ist ein Exportland, wir sind in vielen Branchen auf das Ausland angewiesen. Dies ist f\u00fcr den Tourismus nicht anders\u00bb, f\u00fchrte er weiter aus.<\/p>\r\n<p>Zwar sei die Performance des St\u00e4dtetourismus \u00abordentlich\u00bb, wenn man bedenke, wie einschneidend die Pandemie f\u00fcr die Tourismusbranche war. Und in vielen wichtigen M\u00e4rkten, wie zum Beispiel China, gebe es schliesslich weiterhin Lockdowns. Im Vergleich zu Berg-, See- und allgemein l\u00e4ndlicheren Destinationen sei die Entwicklung derzeit aber unterdurchschnittlich.<\/p>\r\n<h2>Running-Kampagne soll St\u00e4dtetourismus antreiben<\/h2>\r\n<p>Der Bund habe ST daher mit einem \u00abRecovery Plan\u00bb somit auch einen Sonderauftrag erteilt. Im Zuge dieses Auftrags solle ST vor allem ausl\u00e4ndische G\u00e4ste bearbeiten und den St\u00e4dte- und Gesch\u00e4ftstourismus erneut st\u00e4rken. In den Vordergrund stellen soll die Organisation dabei das Thema Nachhaltigkeit. Hierzu habe man bereits verschiedene Aktivit\u00e4ten aufgenommen, beispielsweise eine Kampagne mit dem Laufschuhhersteller On Running, die ab sofort f\u00fcr die n\u00e4chsten Wochen l\u00e4uft und \u00abWucht erzeugen\u00bb soll, wie der ST-Direktor erkl\u00e4rte.<\/p>\r\n<p>Hierbei werden Schweizer St\u00e4dte unter dem Motto \u00abRun the Swiss Cities\u00bb aus dem Blickwinkel von Joggern dargestellt und Jogging-Routen, teils von prominenten Athleten, vorgestellt <a href=\"https:\/\/www.werbewoche.ch\/werbung\/kampagnen\/2022-08-18\/schweiz-tourismus-on-und-roger-federer-spannen-zusammen\/\" rel=\"noopener\"><em>(Werbewoche.ch berichtete)<\/em><\/a>. Dies solle Gesch\u00e4fts- und Freizeitreisende in die St\u00e4dte locken. <em>(SDA)<\/em><\/p>","protected":false},"excerpt":{"rendered":"<p>Der St\u00e4dtetourismus sei im Vergleich zu den l\u00e4ndlichen Destinationen noch besonders am K\u00e4mpfen, sagte der Direktor von Schweiz Tourismus (ST) an einer Medienkonferenz am Donnerstag in Z\u00fcrich. Er k\u00f6nne hierbei die Bedeutung der Fernm\u00e4rkte nicht genug unterstreichen: \u00abDie ausl\u00e4ndischen G\u00e4ste lieben unsere St\u00e4dte. Sie kommen auch ausserhalb der Schulferien, sie buchen lange im Voraus, sie [\u2026]<\/p>\n","protected":false},"author":8,"featured_media":0,"comment_status":"closed","ping_status":"closed","sticky":false,"template":"","format":"standard","meta":{"_acf_changed":false,"_yoast_wpseo_focuskw":"St\u00e4dtetourismus Schweiz","_yoast_wpseo_metadesc":"Der St\u00e4dtetourismus in der Schweiz k\u00e4mpft noch. Eine neue Kampagne soll ausl\u00e4ndische G\u00e4ste anlocken und die St\u00e4dte beleben.","articlekey":"","footnotes":""},"categories":[29],"tags":[4759,293,1787,424,4790],"class_list":["post-16606","post","type-post","status-publish","format-standard","hentry","category-marketing","tag-gaeste","tag-kampagne","tag-nachhaltigkeit","tag-schweiz","tag-staedtetourismus"],"acf":[],"yoast_head":"<!-- This site is optimized with the Yoast SEO plugin v27.4 - https:\/\/yoast.com\/product\/yoast-seo-wordpress\/ -->\n<title>St\u00e4dtetourismus leidet weiterhin stark unter Pandemie-Nachwirkungen - Organisator<\/title>\n<meta name=\"description\" content=\"Der St\u00e4dtetourismus in der Schweiz k\u00e4mpft noch. Eine neue Kampagne soll ausl\u00e4ndische G\u00e4ste anlocken und die St\u00e4dte beleben.\" \/>\n<meta name=\"robots\" content=\"index, follow, max-snippet:-1, max-image-preview:large, max-video-preview:-1\" \/>\n<link rel=\"canonical\" href=\"https:\/\/www.organisator.ch\/de\/marketing\/2022-08-18\/staedtetourismus-leidet-weiterhin-stark-unter-pandemie-nachwirkungen\/\" \/>\n<meta property=\"og:locale\" content=\"de_DE\" \/>\n<meta property=\"og:type\" content=\"article\" \/>\n<meta property=\"og:title\" content=\"St\u00e4dtetourismus leidet weiterhin stark unter Pandemie-Nachwirkungen - Organisator\" \/>\n<meta property=\"og:description\" content=\"Der St\u00e4dtetourismus in der Schweiz k\u00e4mpft noch. Eine neue Kampagne soll ausl\u00e4ndische G\u00e4ste anlocken und die St\u00e4dte beleben.\" \/>\n<meta property=\"og:url\" content=\"https:\/\/www.organisator.ch\/de\/marketing\/2022-08-18\/staedtetourismus-leidet-weiterhin-stark-unter-pandemie-nachwirkungen\/\" \/>\n<meta property=\"og:site_name\" content=\"Organisator\" \/>\n<meta property=\"article:publisher\" content=\"https:\/\/www.facebook.com\/OrganisatorFachmagazin\" \/>\n<meta property=\"article:published_time\" content=\"2022-08-18T11:11:19+00:00\" \/>\n<meta property=\"article:modified_time\" content=\"2024-11-22T07:44:19+00:00\" \/>\n<meta name=\"author\" content=\"galledia\" \/>\n<meta name=\"twitter:card\" content=\"summary_large_image\" \/>\n<meta name=\"twitter:creator\" content=\"@admin\" \/>\n<script type=\"application\/ld+json\" class=\"yoast-schema-graph\">{\"@context\":\"https:\\\/\\\/schema.org\",\"@graph\":[{\"@type\":\"Article\",\"@id\":\"https:\\\/\\\/www.organisator.ch\\\/marketing\\\/2022-08-18\\\/staedtetourismus-leidet-weiterhin-stark-unter-pandemie-nachwirkungen\\\/#article\",\"isPartOf\":{\"@id\":\"https:\\\/\\\/www.organisator.ch\\\/marketing\\\/2022-08-18\\\/staedtetourismus-leidet-weiterhin-stark-unter-pandemie-nachwirkungen\\\/\"},\"author\":{\"name\":\"galledia\",\"@id\":\"https:\\\/\\\/www.organisator.ch\\\/#\\\/schema\\\/person\\\/4e51799071cd2dd1232ac003643ef5f0\"},\"headline\":\"St\u00e4dtetourismus leidet weiterhin stark unter Pandemie-Nachwirkungen\",\"datePublished\":\"2022-08-18T11:11:19+00:00\",\"dateModified\":\"2024-11-22T07:44:19+00:00\",\"mainEntityOfPage\":{\"@id\":\"https:\\\/\\\/www.organisator.ch\\\/marketing\\\/2022-08-18\\\/staedtetourismus-leidet-weiterhin-stark-unter-pandemie-nachwirkungen\\\/\"},\"wordCount\":336,\"publisher\":{\"@id\":\"https:\\\/\\\/www.organisator.ch\\\/#organization\"},\"image\":{\"@id\":\"https:\\\/\\\/www.organisator.ch\\\/marketing\\\/2022-08-18\\\/staedtetourismus-leidet-weiterhin-stark-unter-pandemie-nachwirkungen\\\/#primaryimage\"},\"thumbnailUrl\":\"https:\\\/\\\/www.werbewoche.ch\\\/wp-content\\\/uploads\\\/2022\\\/08\\\/Schweiz-Tourismus-%E2%80%93-Medienkonferenz-Zwischenbilanz-Sommersaison-2022-5-54-screenshot.jpg\",\"keywords\":[\"G\u00e4ste\",\"Kampagne\",\"Nachhaltigkeit\",\"Schweiz\",\"St\u00e4dtetourismus\"],\"articleSection\":[\"MARKETING\"],\"inLanguage\":\"de\"},{\"@type\":\"WebPage\",\"@id\":\"https:\\\/\\\/www.organisator.ch\\\/marketing\\\/2022-08-18\\\/staedtetourismus-leidet-weiterhin-stark-unter-pandemie-nachwirkungen\\\/\",\"url\":\"https:\\\/\\\/www.organisator.ch\\\/marketing\\\/2022-08-18\\\/staedtetourismus-leidet-weiterhin-stark-unter-pandemie-nachwirkungen\\\/\",\"name\":\"St\u00e4dtetourismus leidet weiterhin stark unter Pandemie-Nachwirkungen - Organisator\",\"isPartOf\":{\"@id\":\"https:\\\/\\\/www.organisator.ch\\\/#website\"},\"primaryImageOfPage\":{\"@id\":\"https:\\\/\\\/www.organisator.ch\\\/marketing\\\/2022-08-18\\\/staedtetourismus-leidet-weiterhin-stark-unter-pandemie-nachwirkungen\\\/#primaryimage\"},\"image\":{\"@id\":\"https:\\\/\\\/www.organisator.ch\\\/marketing\\\/2022-08-18\\\/staedtetourismus-leidet-weiterhin-stark-unter-pandemie-nachwirkungen\\\/#primaryimage\"},\"thumbnailUrl\":\"https:\\\/\\\/www.werbewoche.ch\\\/wp-content\\\/uploads\\\/2022\\\/08\\\/Schweiz-Tourismus-%E2%80%93-Medienkonferenz-Zwischenbilanz-Sommersaison-2022-5-54-screenshot.jpg\",\"datePublished\":\"2022-08-18T11:11:19+00:00\",\"dateModified\":\"2024-11-22T07:44:19+00:00\",\"description\":\"Der St\u00e4dtetourismus in der Schweiz k\u00e4mpft noch. Eine neue Kampagne soll ausl\u00e4ndische G\u00e4ste anlocken und die St\u00e4dte beleben.\",\"breadcrumb\":{\"@id\":\"https:\\\/\\\/www.organisator.ch\\\/marketing\\\/2022-08-18\\\/staedtetourismus-leidet-weiterhin-stark-unter-pandemie-nachwirkungen\\\/#breadcrumb\"},\"inLanguage\":\"de\",\"potentialAction\":[{\"@type\":\"ReadAction\",\"target\":[\"https:\\\/\\\/www.organisator.ch\\\/marketing\\\/2022-08-18\\\/staedtetourismus-leidet-weiterhin-stark-unter-pandemie-nachwirkungen\\\/\"]}]},{\"@type\":\"ImageObject\",\"inLanguage\":\"de\",\"@id\":\"https:\\\/\\\/www.organisator.ch\\\/marketing\\\/2022-08-18\\\/staedtetourismus-leidet-weiterhin-stark-unter-pandemie-nachwirkungen\\\/#primaryimage\",\"url\":\"https:\\\/\\\/www.werbewoche.ch\\\/wp-content\\\/uploads\\\/2022\\\/08\\\/Schweiz-Tourismus-%E2%80%93-Medienkonferenz-Zwischenbilanz-Sommersaison-2022-5-54-screenshot.jpg\",\"contentUrl\":\"https:\\\/\\\/www.werbewoche.ch\\\/wp-content\\\/uploads\\\/2022\\\/08\\\/Schweiz-Tourismus-%E2%80%93-Medienkonferenz-Zwischenbilanz-Sommersaison-2022-5-54-screenshot.jpg\"},{\"@type\":\"BreadcrumbList\",\"@id\":\"https:\\\/\\\/www.organisator.ch\\\/marketing\\\/2022-08-18\\\/staedtetourismus-leidet-weiterhin-stark-unter-pandemie-nachwirkungen\\\/#breadcrumb\",\"itemListElement\":[{\"@type\":\"ListItem\",\"position\":1,\"name\":\"Home\",\"item\":\"https:\\\/\\\/www.organisator.ch\\\/\"},{\"@type\":\"ListItem\",\"position\":2,\"name\":\"St\u00e4dtetourismus leidet weiterhin stark unter Pandemie-Nachwirkungen\"}]},{\"@type\":\"WebSite\",\"@id\":\"https:\\\/\\\/www.organisator.ch\\\/#website\",\"url\":\"https:\\\/\\\/www.organisator.ch\\\/\",\"name\":\"Organisator\",\"description\":\"Kompetent. Praxisnah. Der ORGANISATOR bereitet in 10 Ausgaben pro Jahr die wesentlichen Themen f\u00fcr F\u00fchrungskr\u00e4fte von KMU auf.\",\"publisher\":{\"@id\":\"https:\\\/\\\/www.organisator.ch\\\/#organization\"},\"potentialAction\":[{\"@type\":\"SearchAction\",\"target\":{\"@type\":\"EntryPoint\",\"urlTemplate\":\"https:\\\/\\\/www.organisator.ch\\\/?s={search_term_string}\"},\"query-input\":{\"@type\":\"PropertyValueSpecification\",\"valueRequired\":true,\"valueName\":\"search_term_string\"}}],\"inLanguage\":\"de\"},{\"@type\":\"Organization\",\"@id\":\"https:\\\/\\\/www.organisator.ch\\\/#organization\",\"name\":\"Organisator\",\"url\":\"https:\\\/\\\/www.organisator.ch\\\/\",\"logo\":{\"@type\":\"ImageObject\",\"inLanguage\":\"de\",\"@id\":\"https:\\\/\\\/www.organisator.ch\\\/#\\\/schema\\\/logo\\\/image\\\/\",\"url\":\"https:\\\/\\\/www.organisator.ch\\\/wp-content\\\/uploads\\\/2022\\\/01\\\/Logo_Organisator_Website.png\",\"contentUrl\":\"https:\\\/\\\/www.organisator.ch\\\/wp-content\\\/uploads\\\/2022\\\/01\\\/Logo_Organisator_Website.png\",\"width\":800,\"height\":77,\"caption\":\"Organisator\"},\"image\":{\"@id\":\"https:\\\/\\\/www.organisator.ch\\\/#\\\/schema\\\/logo\\\/image\\\/\"},\"sameAs\":[\"https:\\\/\\\/www.facebook.com\\\/OrganisatorFachmagazin\",\"https:\\\/\\\/www.linkedin.com\\\/showcase\\\/organisator-das-magazin-fr-kmu\",\"https:\\\/\\\/www.xing.com\\\/news\\\/pages\\\/organisator-ch-695\",\"https:\\\/\\\/www.youtube.com\\\/channel\\\/UCGP2Sq0iWaZwT3BdIAQFYpw\"]},{\"@type\":\"Person\",\"@id\":\"https:\\\/\\\/www.organisator.ch\\\/#\\\/schema\\\/person\\\/4e51799071cd2dd1232ac003643ef5f0\",\"name\":\"galledia\",\"image\":{\"@type\":\"ImageObject\",\"inLanguage\":\"de\",\"@id\":\"https:\\\/\\\/secure.gravatar.com\\\/avatar\\\/78a7f90c01fc2bfc875782a0d4922b37cde2cf184ce347b91316d23cd7f69a36?s=96&d=mm&r=g\",\"url\":\"https:\\\/\\\/secure.gravatar.com\\\/avatar\\\/78a7f90c01fc2bfc875782a0d4922b37cde2cf184ce347b91316d23cd7f69a36?s=96&d=mm&r=g\",\"contentUrl\":\"https:\\\/\\\/secure.gravatar.com\\\/avatar\\\/78a7f90c01fc2bfc875782a0d4922b37cde2cf184ce347b91316d23cd7f69a36?s=96&d=mm&r=g\",\"caption\":\"galledia\"},\"sameAs\":[\"https:\\\/\\\/x.com\\\/admin\"],\"url\":\"https:\\\/\\\/www.organisator.ch\\\/de\\\/author\\\/galledia\\\/\"}]}<\/script>\n<!-- \/ Yoast SEO plugin. -->","yoast_head_json":{"title":"St\u00e4dtetourismus leidet weiterhin stark unter Pandemie-Nachwirkungen - Organisator","description":"Der St\u00e4dtetourismus in der Schweiz k\u00e4mpft noch. Eine neue Kampagne soll ausl\u00e4ndische G\u00e4ste anlocken und die St\u00e4dte beleben.","robots":{"index":"index","follow":"follow","max-snippet":"max-snippet:-1","max-image-preview":"max-image-preview:large","max-video-preview":"max-video-preview:-1"},"canonical":"https:\/\/www.organisator.ch\/de\/marketing\/2022-08-18\/staedtetourismus-leidet-weiterhin-stark-unter-pandemie-nachwirkungen\/","og_locale":"de_DE","og_type":"article","og_title":"St\u00e4dtetourismus leidet weiterhin stark unter Pandemie-Nachwirkungen - Organisator","og_description":"Der St\u00e4dtetourismus in der Schweiz k\u00e4mpft noch. Eine neue Kampagne soll ausl\u00e4ndische G\u00e4ste anlocken und die St\u00e4dte beleben.","og_url":"https:\/\/www.organisator.ch\/de\/marketing\/2022-08-18\/staedtetourismus-leidet-weiterhin-stark-unter-pandemie-nachwirkungen\/","og_site_name":"Organisator","article_publisher":"https:\/\/www.facebook.com\/OrganisatorFachmagazin","article_published_time":"2022-08-18T11:11:19+00:00","article_modified_time":"2024-11-22T07:44:19+00:00","author":"galledia","twitter_card":"summary_large_image","twitter_creator":"@admin","schema":{"@context":"https:\/\/schema.org","@graph":[{"@type":"Article","@id":"https:\/\/www.organisator.ch\/marketing\/2022-08-18\/staedtetourismus-leidet-weiterhin-stark-unter-pandemie-nachwirkungen\/#article","isPartOf":{"@id":"https:\/\/www.organisator.ch\/marketing\/2022-08-18\/staedtetourismus-leidet-weiterhin-stark-unter-pandemie-nachwirkungen\/"},"author":{"name":"galledia","@id":"https:\/\/www.organisator.ch\/#\/schema\/person\/4e51799071cd2dd1232ac003643ef5f0"},"headline":"St\u00e4dtetourismus leidet weiterhin stark unter Pandemie-Nachwirkungen","datePublished":"2022-08-18T11:11:19+00:00","dateModified":"2024-11-22T07:44:19+00:00","mainEntityOfPage":{"@id":"https:\/\/www.organisator.ch\/marketing\/2022-08-18\/staedtetourismus-leidet-weiterhin-stark-unter-pandemie-nachwirkungen\/"},"wordCount":336,"publisher":{"@id":"https:\/\/www.organisator.ch\/#organization"},"image":{"@id":"https:\/\/www.organisator.ch\/marketing\/2022-08-18\/staedtetourismus-leidet-weiterhin-stark-unter-pandemie-nachwirkungen\/#primaryimage"},"thumbnailUrl":"https:\/\/www.werbewoche.ch\/wp-content\/uploads\/2022\/08\/Schweiz-Tourismus-%E2%80%93-Medienkonferenz-Zwischenbilanz-Sommersaison-2022-5-54-screenshot.jpg","keywords":["G\u00e4ste","Kampagne","Nachhaltigkeit","Schweiz","St\u00e4dtetourismus"],"articleSection":["MARKETING"],"inLanguage":"de"},{"@type":"WebPage","@id":"https:\/\/www.organisator.ch\/marketing\/2022-08-18\/staedtetourismus-leidet-weiterhin-stark-unter-pandemie-nachwirkungen\/","url":"https:\/\/www.organisator.ch\/marketing\/2022-08-18\/staedtetourismus-leidet-weiterhin-stark-unter-pandemie-nachwirkungen\/","name":"St\u00e4dtetourismus leidet weiterhin stark unter Pandemie-Nachwirkungen - Organisator","isPartOf":{"@id":"https:\/\/www.organisator.ch\/#website"},"primaryImageOfPage":{"@id":"https:\/\/www.organisator.ch\/marketing\/2022-08-18\/staedtetourismus-leidet-weiterhin-stark-unter-pandemie-nachwirkungen\/#primaryimage"},"image":{"@id":"https:\/\/www.organisator.ch\/marketing\/2022-08-18\/staedtetourismus-leidet-weiterhin-stark-unter-pandemie-nachwirkungen\/#primaryimage"},"thumbnailUrl":"https:\/\/www.werbewoche.ch\/wp-content\/uploads\/2022\/08\/Schweiz-Tourismus-%E2%80%93-Medienkonferenz-Zwischenbilanz-Sommersaison-2022-5-54-screenshot.jpg","datePublished":"2022-08-18T11:11:19+00:00","dateModified":"2024-11-22T07:44:19+00:00","description":"Der St\u00e4dtetourismus in der Schweiz k\u00e4mpft noch. Eine neue Kampagne soll ausl\u00e4ndische G\u00e4ste anlocken und die St\u00e4dte beleben.","breadcrumb":{"@id":"https:\/\/www.organisator.ch\/marketing\/2022-08-18\/staedtetourismus-leidet-weiterhin-stark-unter-pandemie-nachwirkungen\/#breadcrumb"},"inLanguage":"de","potentialAction":[{"@type":"ReadAction","target":["https:\/\/www.organisator.ch\/marketing\/2022-08-18\/staedtetourismus-leidet-weiterhin-stark-unter-pandemie-nachwirkungen\/"]}]},{"@type":"ImageObject","inLanguage":"de","@id":"https:\/\/www.organisator.ch\/marketing\/2022-08-18\/staedtetourismus-leidet-weiterhin-stark-unter-pandemie-nachwirkungen\/#primaryimage","url":"https:\/\/www.werbewoche.ch\/wp-content\/uploads\/2022\/08\/Schweiz-Tourismus-%E2%80%93-Medienkonferenz-Zwischenbilanz-Sommersaison-2022-5-54-screenshot.jpg","contentUrl":"https:\/\/www.werbewoche.ch\/wp-content\/uploads\/2022\/08\/Schweiz-Tourismus-%E2%80%93-Medienkonferenz-Zwischenbilanz-Sommersaison-2022-5-54-screenshot.jpg"},{"@type":"BreadcrumbList","@id":"https:\/\/www.organisator.ch\/marketing\/2022-08-18\/staedtetourismus-leidet-weiterhin-stark-unter-pandemie-nachwirkungen\/#breadcrumb","itemListElement":[{"@type":"ListItem","position":1,"name":"Home","item":"https:\/\/www.organisator.ch\/"},{"@type":"ListItem","position":2,"name":"St\u00e4dtetourismus leidet weiterhin stark unter Pandemie-Nachwirkungen"}]},{"@type":"WebSite","@id":"https:\/\/www.organisator.ch\/#website","url":"https:\/\/www.organisator.ch\/","name":"Organisator","description":"Kompetent. Praxisnah. Der ORGANISATOR bereitet in 10 Ausgaben pro Jahr die wesentlichen Themen f\u00fcr F\u00fchrungskr\u00e4fte von KMU auf.","publisher":{"@id":"https:\/\/www.organisator.ch\/#organization"},"potentialAction":[{"@type":"SearchAction","target":{"@type":"EntryPoint","urlTemplate":"https:\/\/www.organisator.ch\/?s={search_term_string}"},"query-input":{"@type":"PropertyValueSpecification","valueRequired":true,"valueName":"search_term_string"}}],"inLanguage":"de"},{"@type":"Organization","@id":"https:\/\/www.organisator.ch\/#organization","name":"Organisator","url":"https:\/\/www.organisator.ch\/","logo":{"@type":"ImageObject","inLanguage":"de","@id":"https:\/\/www.organisator.ch\/#\/schema\/logo\/image\/","url":"https:\/\/www.organisator.ch\/wp-content\/uploads\/2022\/01\/Logo_Organisator_Website.png","contentUrl":"https:\/\/www.organisator.ch\/wp-content\/uploads\/2022\/01\/Logo_Organisator_Website.png","width":800,"height":77,"caption":"Organisator"},"image":{"@id":"https:\/\/www.organisator.ch\/#\/schema\/logo\/image\/"},"sameAs":["https:\/\/www.facebook.com\/OrganisatorFachmagazin","https:\/\/www.linkedin.com\/showcase\/organisator-das-magazin-fr-kmu","https:\/\/www.xing.com\/news\/pages\/organisator-ch-695","https:\/\/www.youtube.com\/channel\/UCGP2Sq0iWaZwT3BdIAQFYpw"]},{"@type":"Person","@id":"https:\/\/www.organisator.ch\/#\/schema\/person\/4e51799071cd2dd1232ac003643ef5f0","name":"galledia","image":{"@type":"ImageObject","inLanguage":"de","@id":"https:\/\/secure.gravatar.com\/avatar\/78a7f90c01fc2bfc875782a0d4922b37cde2cf184ce347b91316d23cd7f69a36?s=96&d=mm&r=g","url":"https:\/\/secure.gravatar.com\/avatar\/78a7f90c01fc2bfc875782a0d4922b37cde2cf184ce347b91316d23cd7f69a36?s=96&d=mm&r=g","contentUrl":"https:\/\/secure.gravatar.com\/avatar\/78a7f90c01fc2bfc875782a0d4922b37cde2cf184ce347b91316d23cd7f69a36?s=96&d=mm&r=g","caption":"galledia"},"sameAs":["https:\/\/x.com\/admin"],"url":"https:\/\/www.organisator.ch\/de\/author\/galledia\/"}]}},"_links":{"self":[{"href":"https:\/\/www.organisator.ch\/de\/wp-json\/wp\/v2\/posts\/16606","targetHints":{"allow":["GET"]}}],"collection":[{"href":"https:\/\/www.organisator.ch\/de\/wp-json\/wp\/v2\/posts"}],"about":[{"href":"https:\/\/www.organisator.ch\/de\/wp-json\/wp\/v2\/types\/post"}],"author":[{"embeddable":true,"href":"https:\/\/www.organisator.ch\/de\/wp-json\/wp\/v2\/users\/8"}],"replies":[{"embeddable":true,"href":"https:\/\/www.organisator.ch\/de\/wp-json\/wp\/v2\/comments?post=16606"}],"version-history":[{"count":4,"href":"https:\/\/www.organisator.ch\/de\/wp-json\/wp\/v2\/posts\/16606\/revisions"}],"predecessor-version":[{"id":33864,"href":"https:\/\/www.organisator.ch\/de\/wp-json\/wp\/v2\/posts\/16606\/revisions\/33864"}],"wp:attachment":[{"href":"https:\/\/www.organisator.ch\/de\/wp-json\/wp\/v2\/media?parent=16606"}],"wp:term":[{"taxonomy":"category","embeddable":true,"href":"https:\/\/www.organisator.ch\/de\/wp-json\/wp\/v2\/categories?post=16606"},{"taxonomy":"post_tag","embeddable":true,"href":"https:\/\/www.organisator.ch\/de\/wp-json\/wp\/v2\/tags?post=16606"}],"curies":[{"name":"wp","href":"https:\/\/api.w.org\/{rel}","templated":true}]}}