{"id":1664,"date":"2017-03-23T08:54:07","date_gmt":"2017-03-23T07:54:07","guid":{"rendered":"https:\/\/www.organisator.ch\/?p=1664"},"modified":"2017-03-23T08:54:07","modified_gmt":"2017-03-23T07:54:07","slug":"der-umgang-mit-der-generation-z","status":"publish","type":"post","link":"https:\/\/www.organisator.ch\/de\/human-resources\/hrm\/2017-03-23\/der-umgang-mit-der-generation-z\/","title":{"rendered":"Der Umgang mit der Generation Z"},"content":{"rendered":"<figure id=\"attachment_1666\" aria-describedby=\"caption-attachment-1666\" style=\"width: 480px\" class=\"wp-caption alignnone\"><img loading=\"lazy\" decoding=\"async\" class=\"size-full wp-image-1666\" src=\"https:\/\/www.organisator.ch\/wp-content\/uploads\/2017\/03\/Der-Umgang-mit-der-Generation-Z-1_Organisator.jpg\" alt=\"\" width=\"480\" height=\"578\" srcset=\"https:\/\/www.organisator.ch\/wp-content\/uploads\/2017\/03\/Der-Umgang-mit-der-Generation-Z-1_Organisator.jpg 480w, https:\/\/www.organisator.ch\/wp-content\/uploads\/2017\/03\/Der-Umgang-mit-der-Generation-Z-1_Organisator-10x12.jpg 10w, https:\/\/www.organisator.ch\/wp-content\/uploads\/2017\/03\/Der-Umgang-mit-der-Generation-Z-1_Organisator-145x175.jpg 145w, https:\/\/www.organisator.ch\/wp-content\/uploads\/2017\/03\/Der-Umgang-mit-der-Generation-Z-1_Organisator-291x350.jpg 291w, https:\/\/www.organisator.ch\/wp-content\/uploads\/2017\/03\/Der-Umgang-mit-der-Generation-Z-1_Organisator-300x361.jpg 300w\" sizes=\"auto, (max-width: 480px) 100vw, 480px\" \/><figcaption id=\"caption-attachment-1666\" class=\"wp-caption-text\">Wie arbeitet die Generation Z? (Bild: PD)<\/figcaption><\/figure>\n<p>Als einer der wichtigsten Rekrutierungs- und Nachwuchs-Events der Hospitality-Industrie findet das International Recruitment Forum (IRF) seit 2009 zweimal j\u00e4hrlich in Montreux statt. Es ist den Studierenden der Swiss Education Group vorbehalten und empf\u00e4ngt an zwei Tagen \u00fcber einhundert namhafte Unternehmen der Branche. Auf dieser Veranstaltung k\u00f6nnen die Studierenden mit Branchenexperten zum Thema Karriere und Marktbed\u00fcrfnisse diskutieren. Im M\u00e4rz 2017 nahmen 1&#8217;300 Studierende der sieben Campusse teil und es wurden w\u00e4hrend der Veranstaltung \u00fcber 1&#8217;500 Bewerbungsinterviews gef\u00fchrt. Rund 3&#8217;500 Studierende nahmen in den vergangenen drei Monaten auch an einer Studie teil, durchgef\u00fchrt von Alexandra Broennimann, Expertin f\u00fcr Verbraucherverhalten.\u00a0Zu diesem Zweck wurden \u00fcber einhundert pers\u00f6nliche Interviews gef\u00fchrt.<\/p>\n<p><strong>Hypervernetzt und Verfechter des Werts der Arbeit<\/strong><\/p>\n<p>Die Generation Z umfasst die nach 1995 Geborenen, die in einem ultravernetzten Umfeld aufgewachsen sind und eher realistisch vorgehen. Sie wissen, dass sie hart arbeiten m\u00fcssen, um voranzukommen. Zu ihren Handicaps z\u00e4hlt die Tatsache, dass sie sich nur schwer \u00fcber einen l\u00e4ngeren Zeitraum auf eine Sache konzentrieren k\u00f6nnen.<\/p>\n<p>Ein erstes Ergebnis aus der Studie: Diese Jugendlichen erleben Technik und ihre mobilen Ger\u00e4te als erweiterten Teil ihres K\u00f6rpers. Daher erkl\u00e4ren 2\/3 von ihnen, dass sie ohne ihr Mobiltelefon weniger produktiv und weniger gl\u00fccklich seien. Und zweitens: F\u00fcr die Generation Z sind Dinge, die online existieren, echt. Gen Z postet 60 % ihres sozialen Lebens in den sozialen Netzwerken: Essen mit Freunden, berufliche Ereignisse, Feiern. Alexandra Broennimann erkl\u00e4rt: \u00abEs ist, als h\u00e4tte ein reales Ereignis nicht stattgefunden, solange es nicht im Netz gepostet und von der Online-Community best\u00e4tigt wurde\u00bb. Gleiches gilt f\u00fcr den Umgang mit Labels: 3\/4 der Gen Z hat kein Vertrauen zu einem Markennamen, wenn er nicht in den sozialen Netzen existiert. Weitere Ergebnisse: F\u00fcr die Gen Z ist beruflicher Erfolg sehr wichtig. 70 % halten viel Geld f\u00fcr den besten Erfolgsindikator, wobei sich Erfolg nur durch harte Arbeit einstellt. 80 % ziehen einen guten Job einer guten Beziehung vor.<\/p>\n<figure id=\"attachment_1667\" aria-describedby=\"caption-attachment-1667\" style=\"width: 272px\" class=\"wp-caption alignnone\"><img loading=\"lazy\" decoding=\"async\" class=\"size-full wp-image-1667\" src=\"https:\/\/www.organisator.ch\/wp-content\/uploads\/2017\/03\/Der-Umgang-mit-der-Generation-Z-2_Organisator.jpg\" alt=\"\" width=\"272\" height=\"640\" srcset=\"https:\/\/www.organisator.ch\/wp-content\/uploads\/2017\/03\/Der-Umgang-mit-der-Generation-Z-2_Organisator.jpg 272w, https:\/\/www.organisator.ch\/wp-content\/uploads\/2017\/03\/Der-Umgang-mit-der-Generation-Z-2_Organisator-5x12.jpg 5w, https:\/\/www.organisator.ch\/wp-content\/uploads\/2017\/03\/Der-Umgang-mit-der-Generation-Z-2_Organisator-74x175.jpg 74w, https:\/\/www.organisator.ch\/wp-content\/uploads\/2017\/03\/Der-Umgang-mit-der-Generation-Z-2_Organisator-149x350.jpg 149w\" sizes=\"auto, (max-width: 272px) 100vw, 272px\" \/><figcaption id=\"caption-attachment-1667\" class=\"wp-caption-text\">Die wichtigsten Befunde der Generation-Z-Studie der Swiss Education Group. (Grafik: PD)<\/figcaption><\/figure>\n<p><strong>In Projekten ist die Gen Z <\/strong><strong>leistungsstark<\/strong><\/p>\n<p>Passiv verf\u00fcgt die Gen Z \u00fcber eine Aufmerksamkeitsspanne von etwa 8 Sekunden. Wenn ihren Vertretern eine Aktivit\u00e4t gef\u00e4llt, k\u00f6nnen sie die Konzentration bis zu maximal 12 Minuten halten. K\u00fcnftige Arbeitgeber m\u00fcssen daher mit einem ausgewogenen Verh\u00e4ltnis zwischen passendem Arbeitsrahmen und ausreichend stimulierenden Herausforderungen aufwarten. Alexandra Broennimann empfiehlt den Arbeitgebern deshalb, diesen jungen Erwachsenen die Gelegenheit f\u00fcr ein Engagement in Projekten und f\u00fcr Herausforderungen, die ihre Altersgruppe konkret anspricht, zu bieten.<\/p>\n<p>Zum Thema Aus- und Weiterbildung erkl\u00e4rt Florent Rondez, CEO der Swiss Education Group: \u00abWir haben unsere Studienprogramme neu strukturiert, um der von der Gen Z empfundenen Langeweile zu begegnen. So wechseln beispielsweise unsere Lehrer im Unterricht alle 20 Minuten das Thema. Die neue P\u00e4dagogik ist evolutiv und sehr dynamisch.\u00bb<\/p>\n<p><em>Quelle: <a href=\"http:\/\/www.swisseducation.com\">Swiss Education Group<\/a><\/em><\/p>\n","protected":false},"excerpt":{"rendered":"<p>Als einer der wichtigsten Rekrutierungs- und Nachwuchs-Events der Hospitality-Industrie findet das International Recruitment Forum (IRF) seit 2009 zweimal j\u00e4hrlich in Montreux statt. Es ist den Studierenden der Swiss Education Group vorbehalten und empf\u00e4ngt an zwei Tagen \u00fcber einhundert namhafte Unternehmen der Branche. Auf dieser Veranstaltung k\u00f6nnen die Studierenden mit Branchenexperten zum Thema Karriere und Marktbed\u00fcrfnisse [&hellip;]<\/p>\n","protected":false},"author":4,"featured_media":1666,"comment_status":"open","ping_status":"open","sticky":false,"template":"","format":"standard","meta":{"_acf_changed":false,"_yoast_wpseo_focuskw":"Generation Z","_yoast_wpseo_metadesc":"Anl\u00e4sslich des 17. International Recruitment Forums in Montreux hat Swiss Education Group die Ergebnisse einer Studie zur Generation Z pr\u00e4sentiert.","articlekey":"","footnotes":""},"categories":[26],"tags":[62,254,294,335],"class_list":["post-1664","post","type-post","status-publish","format-standard","has-post-thumbnail","hentry","category-hrm","tag-aus-weiterbildung","tag-hrm","tag-karriere","tag-management-und-unternehmensfuehrung"],"acf":[],"yoast_head":"<!-- This site is optimized with the Yoast SEO plugin v27.4 - https:\/\/yoast.com\/product\/yoast-seo-wordpress\/ -->\n<title>Der Umgang mit der Generation Z - Organisator<\/title>\n<meta name=\"description\" content=\"Anl\u00e4sslich des 17. International Recruitment Forums in Montreux hat Swiss Education Group die Ergebnisse einer Studie zur Generation Z pr\u00e4sentiert.\" \/>\n<meta name=\"robots\" content=\"index, follow, max-snippet:-1, max-image-preview:large, max-video-preview:-1\" \/>\n<link rel=\"canonical\" href=\"https:\/\/www.organisator.ch\/de\/human-resources\/hrm\/2017-03-23\/der-umgang-mit-der-generation-z\/\" \/>\n<meta property=\"og:locale\" content=\"de_DE\" \/>\n<meta property=\"og:type\" content=\"article\" \/>\n<meta property=\"og:title\" content=\"Der Umgang mit der Generation Z\" \/>\n<meta property=\"og:description\" content=\"Anl\u00e4sslich des 17. International Recruitment Forums letzte Woche in Montreux hat Swiss Education Group die Ergebnisse ihrer Studie zur #GenerationZ pr\u00e4sentiert.\" \/>\n<meta property=\"og:url\" content=\"https:\/\/www.organisator.ch\/de\/human-resources\/hrm\/2017-03-23\/der-umgang-mit-der-generation-z\/\" \/>\n<meta property=\"og:site_name\" content=\"Organisator\" \/>\n<meta property=\"article:publisher\" content=\"https:\/\/www.facebook.com\/OrganisatorFachmagazin\" \/>\n<meta property=\"article:published_time\" content=\"2017-03-23T07:54:07+00:00\" \/>\n<meta property=\"og:image\" content=\"https:\/\/www.organisator.ch\/wp-content\/uploads\/2017\/03\/Der-Umgang-mit-der-Generation-Z-1_Organisator.jpg\" \/>\n\t<meta property=\"og:image:width\" content=\"480\" \/>\n\t<meta property=\"og:image:height\" content=\"578\" \/>\n\t<meta property=\"og:image:type\" content=\"image\/jpeg\" \/>\n<meta name=\"author\" content=\"thomas.berner\" \/>\n<meta name=\"twitter:card\" content=\"summary_large_image\" \/>\n<meta name=\"twitter:title\" content=\"Der Umgang mit der Generation Z. #UmgangGenerationZ\" \/>\n<meta name=\"twitter:description\" content=\"Anl\u00e4sslich des 17. #InternationalRecruitmentForum letzte Woche in Montreux hat #SwissEducationGroup die Ergebnisse ihrer Studie zur #GenerationZ pr\u00e4sentiert.\" \/>\n<meta name=\"twitter:image\" content=\"https:\/\/www.organisator.ch\/wp-content\/uploads\/2017\/03\/Der-Umgang-mit-der-Generation-Z-1_Organisator.jpg\" \/>\n<script type=\"application\/ld+json\" class=\"yoast-schema-graph\">{\"@context\":\"https:\\\/\\\/schema.org\",\"@graph\":[{\"@type\":\"Article\",\"@id\":\"https:\\\/\\\/www.organisator.ch\\\/human-resources\\\/hrm\\\/2017-03-23\\\/der-umgang-mit-der-generation-z\\\/#article\",\"isPartOf\":{\"@id\":\"https:\\\/\\\/www.organisator.ch\\\/human-resources\\\/hrm\\\/2017-03-23\\\/der-umgang-mit-der-generation-z\\\/\"},\"author\":{\"name\":\"thomas.berner\",\"@id\":\"https:\\\/\\\/www.organisator.ch\\\/#\\\/schema\\\/person\\\/6f650f90b2842cd4c0cc334b4e36f67e\"},\"headline\":\"Der Umgang mit der Generation Z\",\"datePublished\":\"2017-03-23T07:54:07+00:00\",\"mainEntityOfPage\":{\"@id\":\"https:\\\/\\\/www.organisator.ch\\\/human-resources\\\/hrm\\\/2017-03-23\\\/der-umgang-mit-der-generation-z\\\/\"},\"wordCount\":501,\"commentCount\":0,\"publisher\":{\"@id\":\"https:\\\/\\\/www.organisator.ch\\\/#organization\"},\"image\":{\"@id\":\"https:\\\/\\\/www.organisator.ch\\\/human-resources\\\/hrm\\\/2017-03-23\\\/der-umgang-mit-der-generation-z\\\/#primaryimage\"},\"thumbnailUrl\":\"https:\\\/\\\/www.organisator.ch\\\/wp-content\\\/uploads\\\/2017\\\/03\\\/Der-Umgang-mit-der-Generation-Z-1_Organisator.jpg\",\"keywords\":[\"Aus-\\\/Weiterbildung\",\"HRM\",\"Karriere\",\"Management und Unternehmensf\u00fchrung\"],\"articleSection\":[\"HRM\"],\"inLanguage\":\"de\"},{\"@type\":\"WebPage\",\"@id\":\"https:\\\/\\\/www.organisator.ch\\\/human-resources\\\/hrm\\\/2017-03-23\\\/der-umgang-mit-der-generation-z\\\/\",\"url\":\"https:\\\/\\\/www.organisator.ch\\\/human-resources\\\/hrm\\\/2017-03-23\\\/der-umgang-mit-der-generation-z\\\/\",\"name\":\"Der Umgang mit der Generation Z - Organisator\",\"isPartOf\":{\"@id\":\"https:\\\/\\\/www.organisator.ch\\\/#website\"},\"primaryImageOfPage\":{\"@id\":\"https:\\\/\\\/www.organisator.ch\\\/human-resources\\\/hrm\\\/2017-03-23\\\/der-umgang-mit-der-generation-z\\\/#primaryimage\"},\"image\":{\"@id\":\"https:\\\/\\\/www.organisator.ch\\\/human-resources\\\/hrm\\\/2017-03-23\\\/der-umgang-mit-der-generation-z\\\/#primaryimage\"},\"thumbnailUrl\":\"https:\\\/\\\/www.organisator.ch\\\/wp-content\\\/uploads\\\/2017\\\/03\\\/Der-Umgang-mit-der-Generation-Z-1_Organisator.jpg\",\"datePublished\":\"2017-03-23T07:54:07+00:00\",\"description\":\"Anl\u00e4sslich des 17. International Recruitment Forums in Montreux hat Swiss Education Group die Ergebnisse einer Studie zur Generation Z pr\u00e4sentiert.\",\"breadcrumb\":{\"@id\":\"https:\\\/\\\/www.organisator.ch\\\/human-resources\\\/hrm\\\/2017-03-23\\\/der-umgang-mit-der-generation-z\\\/#breadcrumb\"},\"inLanguage\":\"de\",\"potentialAction\":[{\"@type\":\"ReadAction\",\"target\":[\"https:\\\/\\\/www.organisator.ch\\\/human-resources\\\/hrm\\\/2017-03-23\\\/der-umgang-mit-der-generation-z\\\/\"]}]},{\"@type\":\"ImageObject\",\"inLanguage\":\"de\",\"@id\":\"https:\\\/\\\/www.organisator.ch\\\/human-resources\\\/hrm\\\/2017-03-23\\\/der-umgang-mit-der-generation-z\\\/#primaryimage\",\"url\":\"https:\\\/\\\/www.organisator.ch\\\/wp-content\\\/uploads\\\/2017\\\/03\\\/Der-Umgang-mit-der-Generation-Z-1_Organisator.jpg\",\"contentUrl\":\"https:\\\/\\\/www.organisator.ch\\\/wp-content\\\/uploads\\\/2017\\\/03\\\/Der-Umgang-mit-der-Generation-Z-1_Organisator.jpg\",\"width\":480,\"height\":578,\"caption\":\"Wie arbeitet die Generation Z? (Bild: PD)\"},{\"@type\":\"BreadcrumbList\",\"@id\":\"https:\\\/\\\/www.organisator.ch\\\/human-resources\\\/hrm\\\/2017-03-23\\\/der-umgang-mit-der-generation-z\\\/#breadcrumb\",\"itemListElement\":[{\"@type\":\"ListItem\",\"position\":1,\"name\":\"Home\",\"item\":\"https:\\\/\\\/www.organisator.ch\\\/\"},{\"@type\":\"ListItem\",\"position\":2,\"name\":\"Der Umgang mit der Generation Z\"}]},{\"@type\":\"WebSite\",\"@id\":\"https:\\\/\\\/www.organisator.ch\\\/#website\",\"url\":\"https:\\\/\\\/www.organisator.ch\\\/\",\"name\":\"Organisator\",\"description\":\"Kompetent. Praxisnah. Der ORGANISATOR bereitet in 10 Ausgaben pro Jahr die wesentlichen Themen f\u00fcr F\u00fchrungskr\u00e4fte von KMU auf.\",\"publisher\":{\"@id\":\"https:\\\/\\\/www.organisator.ch\\\/#organization\"},\"potentialAction\":[{\"@type\":\"SearchAction\",\"target\":{\"@type\":\"EntryPoint\",\"urlTemplate\":\"https:\\\/\\\/www.organisator.ch\\\/?s={search_term_string}\"},\"query-input\":{\"@type\":\"PropertyValueSpecification\",\"valueRequired\":true,\"valueName\":\"search_term_string\"}}],\"inLanguage\":\"de\"},{\"@type\":\"Organization\",\"@id\":\"https:\\\/\\\/www.organisator.ch\\\/#organization\",\"name\":\"Organisator\",\"url\":\"https:\\\/\\\/www.organisator.ch\\\/\",\"logo\":{\"@type\":\"ImageObject\",\"inLanguage\":\"de\",\"@id\":\"https:\\\/\\\/www.organisator.ch\\\/#\\\/schema\\\/logo\\\/image\\\/\",\"url\":\"https:\\\/\\\/www.organisator.ch\\\/wp-content\\\/uploads\\\/2022\\\/01\\\/Logo_Organisator_Website.png\",\"contentUrl\":\"https:\\\/\\\/www.organisator.ch\\\/wp-content\\\/uploads\\\/2022\\\/01\\\/Logo_Organisator_Website.png\",\"width\":800,\"height\":77,\"caption\":\"Organisator\"},\"image\":{\"@id\":\"https:\\\/\\\/www.organisator.ch\\\/#\\\/schema\\\/logo\\\/image\\\/\"},\"sameAs\":[\"https:\\\/\\\/www.facebook.com\\\/OrganisatorFachmagazin\",\"https:\\\/\\\/www.linkedin.com\\\/showcase\\\/organisator-das-magazin-fr-kmu\",\"https:\\\/\\\/www.xing.com\\\/news\\\/pages\\\/organisator-ch-695\",\"https:\\\/\\\/www.youtube.com\\\/channel\\\/UCGP2Sq0iWaZwT3BdIAQFYpw\"]},{\"@type\":\"Person\",\"@id\":\"https:\\\/\\\/www.organisator.ch\\\/#\\\/schema\\\/person\\\/6f650f90b2842cd4c0cc334b4e36f67e\",\"name\":\"thomas.berner\",\"image\":{\"@type\":\"ImageObject\",\"inLanguage\":\"de\",\"@id\":\"https:\\\/\\\/secure.gravatar.com\\\/avatar\\\/ac5001d2a36cb6c6cd3e50789007ffca834b477b74a2144564522e944eabff61?s=96&d=mm&r=g\",\"url\":\"https:\\\/\\\/secure.gravatar.com\\\/avatar\\\/ac5001d2a36cb6c6cd3e50789007ffca834b477b74a2144564522e944eabff61?s=96&d=mm&r=g\",\"contentUrl\":\"https:\\\/\\\/secure.gravatar.com\\\/avatar\\\/ac5001d2a36cb6c6cd3e50789007ffca834b477b74a2144564522e944eabff61?s=96&d=mm&r=g\",\"caption\":\"thomas.berner\"},\"url\":\"https:\\\/\\\/www.organisator.ch\\\/de\\\/author\\\/thomas-berner\\\/\"}]}<\/script>\n<!-- \/ Yoast SEO plugin. -->","yoast_head_json":{"title":"Der Umgang mit der Generation Z - Organisator","description":"Anl\u00e4sslich des 17. International Recruitment Forums in Montreux hat Swiss Education Group die Ergebnisse einer Studie zur Generation Z pr\u00e4sentiert.","robots":{"index":"index","follow":"follow","max-snippet":"max-snippet:-1","max-image-preview":"max-image-preview:large","max-video-preview":"max-video-preview:-1"},"canonical":"https:\/\/www.organisator.ch\/de\/human-resources\/hrm\/2017-03-23\/der-umgang-mit-der-generation-z\/","og_locale":"de_DE","og_type":"article","og_title":"Der Umgang mit der Generation Z","og_description":"Anl\u00e4sslich des 17. International Recruitment Forums letzte Woche in Montreux hat Swiss Education Group die Ergebnisse ihrer Studie zur #GenerationZ pr\u00e4sentiert.","og_url":"https:\/\/www.organisator.ch\/de\/human-resources\/hrm\/2017-03-23\/der-umgang-mit-der-generation-z\/","og_site_name":"Organisator","article_publisher":"https:\/\/www.facebook.com\/OrganisatorFachmagazin","article_published_time":"2017-03-23T07:54:07+00:00","og_image":[{"width":480,"height":578,"url":"https:\/\/www.organisator.ch\/wp-content\/uploads\/2017\/03\/Der-Umgang-mit-der-Generation-Z-1_Organisator.jpg","type":"image\/jpeg"}],"author":"thomas.berner","twitter_card":"summary_large_image","twitter_title":"Der Umgang mit der Generation Z. #UmgangGenerationZ","twitter_description":"Anl\u00e4sslich des 17. #InternationalRecruitmentForum letzte Woche in Montreux hat #SwissEducationGroup die Ergebnisse ihrer Studie zur #GenerationZ pr\u00e4sentiert.","twitter_image":"https:\/\/www.organisator.ch\/wp-content\/uploads\/2017\/03\/Der-Umgang-mit-der-Generation-Z-1_Organisator.jpg","schema":{"@context":"https:\/\/schema.org","@graph":[{"@type":"Article","@id":"https:\/\/www.organisator.ch\/human-resources\/hrm\/2017-03-23\/der-umgang-mit-der-generation-z\/#article","isPartOf":{"@id":"https:\/\/www.organisator.ch\/human-resources\/hrm\/2017-03-23\/der-umgang-mit-der-generation-z\/"},"author":{"name":"thomas.berner","@id":"https:\/\/www.organisator.ch\/#\/schema\/person\/6f650f90b2842cd4c0cc334b4e36f67e"},"headline":"Der Umgang mit der Generation Z","datePublished":"2017-03-23T07:54:07+00:00","mainEntityOfPage":{"@id":"https:\/\/www.organisator.ch\/human-resources\/hrm\/2017-03-23\/der-umgang-mit-der-generation-z\/"},"wordCount":501,"commentCount":0,"publisher":{"@id":"https:\/\/www.organisator.ch\/#organization"},"image":{"@id":"https:\/\/www.organisator.ch\/human-resources\/hrm\/2017-03-23\/der-umgang-mit-der-generation-z\/#primaryimage"},"thumbnailUrl":"https:\/\/www.organisator.ch\/wp-content\/uploads\/2017\/03\/Der-Umgang-mit-der-Generation-Z-1_Organisator.jpg","keywords":["Aus-\/Weiterbildung","HRM","Karriere","Management und Unternehmensf\u00fchrung"],"articleSection":["HRM"],"inLanguage":"de"},{"@type":"WebPage","@id":"https:\/\/www.organisator.ch\/human-resources\/hrm\/2017-03-23\/der-umgang-mit-der-generation-z\/","url":"https:\/\/www.organisator.ch\/human-resources\/hrm\/2017-03-23\/der-umgang-mit-der-generation-z\/","name":"Der Umgang mit der Generation Z - Organisator","isPartOf":{"@id":"https:\/\/www.organisator.ch\/#website"},"primaryImageOfPage":{"@id":"https:\/\/www.organisator.ch\/human-resources\/hrm\/2017-03-23\/der-umgang-mit-der-generation-z\/#primaryimage"},"image":{"@id":"https:\/\/www.organisator.ch\/human-resources\/hrm\/2017-03-23\/der-umgang-mit-der-generation-z\/#primaryimage"},"thumbnailUrl":"https:\/\/www.organisator.ch\/wp-content\/uploads\/2017\/03\/Der-Umgang-mit-der-Generation-Z-1_Organisator.jpg","datePublished":"2017-03-23T07:54:07+00:00","description":"Anl\u00e4sslich des 17. International Recruitment Forums in Montreux hat Swiss Education Group die Ergebnisse einer Studie zur Generation Z pr\u00e4sentiert.","breadcrumb":{"@id":"https:\/\/www.organisator.ch\/human-resources\/hrm\/2017-03-23\/der-umgang-mit-der-generation-z\/#breadcrumb"},"inLanguage":"de","potentialAction":[{"@type":"ReadAction","target":["https:\/\/www.organisator.ch\/human-resources\/hrm\/2017-03-23\/der-umgang-mit-der-generation-z\/"]}]},{"@type":"ImageObject","inLanguage":"de","@id":"https:\/\/www.organisator.ch\/human-resources\/hrm\/2017-03-23\/der-umgang-mit-der-generation-z\/#primaryimage","url":"https:\/\/www.organisator.ch\/wp-content\/uploads\/2017\/03\/Der-Umgang-mit-der-Generation-Z-1_Organisator.jpg","contentUrl":"https:\/\/www.organisator.ch\/wp-content\/uploads\/2017\/03\/Der-Umgang-mit-der-Generation-Z-1_Organisator.jpg","width":480,"height":578,"caption":"Wie arbeitet die Generation Z? (Bild: PD)"},{"@type":"BreadcrumbList","@id":"https:\/\/www.organisator.ch\/human-resources\/hrm\/2017-03-23\/der-umgang-mit-der-generation-z\/#breadcrumb","itemListElement":[{"@type":"ListItem","position":1,"name":"Home","item":"https:\/\/www.organisator.ch\/"},{"@type":"ListItem","position":2,"name":"Der Umgang mit der Generation Z"}]},{"@type":"WebSite","@id":"https:\/\/www.organisator.ch\/#website","url":"https:\/\/www.organisator.ch\/","name":"Organisator","description":"Kompetent. Praxisnah. Der ORGANISATOR bereitet in 10 Ausgaben pro Jahr die wesentlichen Themen f\u00fcr F\u00fchrungskr\u00e4fte von KMU auf.","publisher":{"@id":"https:\/\/www.organisator.ch\/#organization"},"potentialAction":[{"@type":"SearchAction","target":{"@type":"EntryPoint","urlTemplate":"https:\/\/www.organisator.ch\/?s={search_term_string}"},"query-input":{"@type":"PropertyValueSpecification","valueRequired":true,"valueName":"search_term_string"}}],"inLanguage":"de"},{"@type":"Organization","@id":"https:\/\/www.organisator.ch\/#organization","name":"Organisator","url":"https:\/\/www.organisator.ch\/","logo":{"@type":"ImageObject","inLanguage":"de","@id":"https:\/\/www.organisator.ch\/#\/schema\/logo\/image\/","url":"https:\/\/www.organisator.ch\/wp-content\/uploads\/2022\/01\/Logo_Organisator_Website.png","contentUrl":"https:\/\/www.organisator.ch\/wp-content\/uploads\/2022\/01\/Logo_Organisator_Website.png","width":800,"height":77,"caption":"Organisator"},"image":{"@id":"https:\/\/www.organisator.ch\/#\/schema\/logo\/image\/"},"sameAs":["https:\/\/www.facebook.com\/OrganisatorFachmagazin","https:\/\/www.linkedin.com\/showcase\/organisator-das-magazin-fr-kmu","https:\/\/www.xing.com\/news\/pages\/organisator-ch-695","https:\/\/www.youtube.com\/channel\/UCGP2Sq0iWaZwT3BdIAQFYpw"]},{"@type":"Person","@id":"https:\/\/www.organisator.ch\/#\/schema\/person\/6f650f90b2842cd4c0cc334b4e36f67e","name":"thomas.berner","image":{"@type":"ImageObject","inLanguage":"de","@id":"https:\/\/secure.gravatar.com\/avatar\/ac5001d2a36cb6c6cd3e50789007ffca834b477b74a2144564522e944eabff61?s=96&d=mm&r=g","url":"https:\/\/secure.gravatar.com\/avatar\/ac5001d2a36cb6c6cd3e50789007ffca834b477b74a2144564522e944eabff61?s=96&d=mm&r=g","contentUrl":"https:\/\/secure.gravatar.com\/avatar\/ac5001d2a36cb6c6cd3e50789007ffca834b477b74a2144564522e944eabff61?s=96&d=mm&r=g","caption":"thomas.berner"},"url":"https:\/\/www.organisator.ch\/de\/author\/thomas-berner\/"}]}},"_links":{"self":[{"href":"https:\/\/www.organisator.ch\/de\/wp-json\/wp\/v2\/posts\/1664","targetHints":{"allow":["GET"]}}],"collection":[{"href":"https:\/\/www.organisator.ch\/de\/wp-json\/wp\/v2\/posts"}],"about":[{"href":"https:\/\/www.organisator.ch\/de\/wp-json\/wp\/v2\/types\/post"}],"author":[{"embeddable":true,"href":"https:\/\/www.organisator.ch\/de\/wp-json\/wp\/v2\/users\/4"}],"replies":[{"embeddable":true,"href":"https:\/\/www.organisator.ch\/de\/wp-json\/wp\/v2\/comments?post=1664"}],"version-history":[{"count":0,"href":"https:\/\/www.organisator.ch\/de\/wp-json\/wp\/v2\/posts\/1664\/revisions"}],"wp:featuredmedia":[{"embeddable":true,"href":"https:\/\/www.organisator.ch\/de\/wp-json\/wp\/v2\/media\/1666"}],"wp:attachment":[{"href":"https:\/\/www.organisator.ch\/de\/wp-json\/wp\/v2\/media?parent=1664"}],"wp:term":[{"taxonomy":"category","embeddable":true,"href":"https:\/\/www.organisator.ch\/de\/wp-json\/wp\/v2\/categories?post=1664"},{"taxonomy":"post_tag","embeddable":true,"href":"https:\/\/www.organisator.ch\/de\/wp-json\/wp\/v2\/tags?post=1664"}],"curies":[{"name":"wp","href":"https:\/\/api.w.org\/{rel}","templated":true}]}}