{"id":16664,"date":"2022-08-23T16:43:41","date_gmt":"2022-08-23T14:43:41","guid":{"rendered":"https:\/\/www.organisator.ch\/?p=16664"},"modified":"2022-08-23T16:43:41","modified_gmt":"2022-08-23T14:43:41","slug":"grenzen-erfahren-schweiz-4-0-thema-am-kmu-swiss-symposium","status":"publish","type":"post","link":"https:\/\/www.organisator.ch\/de\/management\/2022-08-23\/grenzen-erfahren-schweiz-4-0-thema-am-kmu-swiss-symposium\/","title":{"rendered":"Grenzen (erfahren) \u2013 Schweiz 4.0: Thema am KMU Swiss Symposium"},"content":{"rendered":"<figure id=\"attachment_16665\" aria-describedby=\"caption-attachment-16665\" style=\"width: 680px\" class=\"wp-caption alignnone\"><img loading=\"lazy\" decoding=\"async\" class=\"size-full wp-image-16665\" src=\"https:\/\/www.organisator.ch\/wp-content\/uploads\/2022\/08\/Grenzen-erfahren-Schweiz-40-Thema-am-KMU-Swiss-Symposium_Organisator.jpg\" alt=\"\" width=\"680\" height=\"453\" srcset=\"https:\/\/www.organisator.ch\/wp-content\/uploads\/2022\/08\/Grenzen-erfahren-Schweiz-40-Thema-am-KMU-Swiss-Symposium_Organisator.jpg 680w, https:\/\/www.organisator.ch\/wp-content\/uploads\/2022\/08\/Grenzen-erfahren-Schweiz-40-Thema-am-KMU-Swiss-Symposium_Organisator-18x12.jpg 18w, https:\/\/www.organisator.ch\/wp-content\/uploads\/2022\/08\/Grenzen-erfahren-Schweiz-40-Thema-am-KMU-Swiss-Symposium_Organisator-263x175.jpg 263w, https:\/\/www.organisator.ch\/wp-content\/uploads\/2022\/08\/Grenzen-erfahren-Schweiz-40-Thema-am-KMU-Swiss-Symposium_Organisator-525x350.jpg 525w, https:\/\/www.organisator.ch\/wp-content\/uploads\/2022\/08\/Grenzen-erfahren-Schweiz-40-Thema-am-KMU-Swiss-Symposium_Organisator-300x200.jpg 300w\" sizes=\"auto, (max-width: 680px) 100vw, 680px\" \/><figcaption id=\"caption-attachment-16665\" class=\"wp-caption-text\">Impressionen vom KMU Swiss Symposium 2021. Dieses Jahr geht es um die &#8222;Schweiz 4.0&#8220; und das Erfahren von Grenzen. (Bild: KMU Swiss)<br \/>Copyright by: Alexander Wagner<\/figcaption><\/figure>\n<p>Am KMU Swiss Symposium referieren erfolgreiche Pers\u00f6nlichkeiten aus verschiedenen Bereichen und Branchen deren Erfahrungen praxis- und zeitnah. Sie beleuchten und diskutieren das Thema aus verschiedenen Perspektiven zu Stichworten wie unter anderem Industrie, Handel, Strom, Innovation, Nachfolge, etc.<\/p>\n<h3>Schweiz 4.0: St\u00f6sst sie an Grenzen?<\/h3>\n<p>Nach dem ersten erfolgreichen <a href=\"https:\/\/www.organisator.ch\/de\/management\/2022-03-18\/bundesraetin-viola-amherd-am-kmu-swiss-symposium-nicht-in-panik-verfallen\/\">Anlass vom 17. M\u00e4rz 2022<\/a> (eigentlich die Ausgabe von 2021) findet am Donnerstag, 8. September 2022 im CAMPUSSAAL Kultur + Kongresse in Brugg ein zweites KMU Swiss Symposium statt, die &#8222;eigentliche&#8220; Ausgabe dieses Jahres. Der Anlass befasst sich im weitesten Sinn mit Wahrnehmungen und Realit\u00e4ten in Wirtschaft, Gesellschaft und Politik. Sind wir nach so gut wie wir denken? Stossen wir an Grenzen? Sind wir in einem Umbruch und schaffen wir Ver\u00e4nderungen mit wahrscheinlich Einschr\u00e4nkungen? Fragen \u00fcber Fragen, welche am Symposium ansatzm\u00e4ssig teilweise beantwortet werden sollten. Dies auch mit Einbezug der Aktualit\u00e4ten der auf uns zukommende Energiekrise, weltpolitischen Spannungen und Verf\u00fcgbarkeiten von Produktionsg\u00fctern. Es werden 250-300 Teilnehmer erwartet mit illustren Pers\u00f6nlichkeiten aus Wirtschaft und Politik. \u00abDie Teilnehmer sch\u00e4tzen nebst dem famili\u00e4ren Ambiente den hohen Praxisbezug der Referate\u00bb, so Armin Baumann, Initiant von KMU Swiss<\/p>\n<h3><strong>Lieferengp\u00e4sse, Energieproblematik und weltpolitische Lage im Umbruch<\/strong><\/h3>\n<p>Ist die Schweiz so gut aufgestellt, wie wir meinen? Was ist zu tun, damit wir auch den Morgen meistern? Dies in einem Umfeld von Fachkr\u00e4ftemangel, Lieferproblematiken, erwarteten Energieengp\u00e4ssen und bei kriegerischen Konflikten. Aktuell werden Probleme und Krisen von weiteren abgel\u00f6st und dennoch wird es weitergehen. Aber wie? Fakten sind und bleiben, dass Ver\u00e4nderungen laufend passieren und Krisen immer Schwachpunkte aufzeigen. Diese bedingen Weitsichtigkeit und Entscheidungsfreudigkeit! Akteure, die agieren statt reagieren sind gefragt. Aber leider versinken Menschen in solchen Situationen zu oft in der Lethargie. Nach wie vor wird versucht Probleme zu l\u00f6sen, statt Ursachen zu erkennen und Neues daraus abzuleiten.<\/p>\n<p>Selbstverantwortung anstelle von Egoismus und Narzissmus sind gefragt, um die Zukunft zu meistern. Was alle angeht k\u00f6nnen nur alle l\u00f6sen. Dazu kommt noch, dass politische M\u00fchlen langsamer arbeiten als die wirtschaftlichen und zum Teil leider gegeneinander.<\/p>\n<h3><strong>Namhafte Pers\u00f6nlichkeiten<\/strong><\/h3>\n<p>F\u00fcr bleibende Eindr\u00fccke sorgen folgende unternehmerisch denkenden Pers\u00f6nlichkeiten:<\/p>\n<ul>\n<li>Natalie Spross, Spross Gruppe<\/li>\n<li>Carla Kaufmann, companymarket<\/li>\n<li>Raphael Gilgen, Vitra<\/li>\n<li>Dr. Christian Schaffner, ETH Z\u00fcrich<\/li>\n<li>Christoph Brand, Axpo<\/li>\n<li>Dr. Thomas Borer, Dr. Borer Consulting<\/li>\n<li>Guio Honegger, Unternehmer<\/li>\n<li>Beat Flach, Nationalrat<\/li>\n<li>Thomas F\u00f6rst, Switzerland Global Enterprise<\/li>\n<li>Moderator: Michael Sokoll<\/li>\n<\/ul>\n<p><em>Weitere Informationen zu den Referenten finden Sie unter <\/em><a href=\"http:\/\/www.kmuswiss.ch\/symposium\"><em>www.kmuswiss.ch\/symposium<\/em><\/a><\/p>\n","protected":false},"excerpt":{"rendered":"<p>Am KMU Swiss Symposium referieren erfolgreiche Pers\u00f6nlichkeiten aus verschiedenen Bereichen und Branchen deren Erfahrungen praxis- und zeitnah. Sie beleuchten und diskutieren das Thema aus verschiedenen Perspektiven zu Stichworten wie unter anderem Industrie, Handel, Strom, Innovation, Nachfolge, etc. Schweiz 4.0: St\u00f6sst sie an Grenzen? Nach dem ersten erfolgreichen Anlass vom 17. M\u00e4rz 2022 (eigentlich die Ausgabe [&hellip;]<\/p>\n","protected":false},"author":4,"featured_media":0,"comment_status":"closed","ping_status":"closed","sticky":false,"template":"","format":"standard","meta":{"_acf_changed":false,"_yoast_wpseo_focuskw":"Schweiz 4.0","_yoast_wpseo_metadesc":"\u00abGrenzen (erfahren) \u2013 Schweiz 4.0\u00bb: So lautet am 8. September 2022 das Thema am KMU SWISS Symposium in Brugg.","articlekey":"","footnotes":""},"categories":[28],"tags":[302,335,502,503],"class_list":["post-16664","post","type-post","status-publish","format-standard","hentry","category-management","tag-kmu-swiss","tag-management-und-unternehmensfuehrung","tag-veranstaltungen","tag-verbaende"],"acf":[],"yoast_head":"<!-- This site is optimized with the Yoast SEO plugin v27.5 - https:\/\/yoast.com\/product\/yoast-seo-wordpress\/ -->\n<title>Grenzen (erfahren) \u2013 Schweiz 4.0: Thema am KMU Swiss Symposium - Organisator<\/title>\n<meta name=\"description\" content=\"\u00abGrenzen (erfahren) \u2013 Schweiz 4.0\u00bb: So lautet am 8. September 2022 das Thema am KMU SWISS Symposium in Brugg.\" \/>\n<meta name=\"robots\" content=\"index, follow, max-snippet:-1, max-image-preview:large, max-video-preview:-1\" \/>\n<link rel=\"canonical\" href=\"https:\/\/www.organisator.ch\/de\/management\/2022-08-23\/grenzen-erfahren-schweiz-4-0-thema-am-kmu-swiss-symposium\/\" \/>\n<meta property=\"og:locale\" content=\"de_DE\" \/>\n<meta property=\"og:type\" content=\"article\" \/>\n<meta property=\"og:title\" content=\"Grenzen (erfahren) \u2013 Schweiz 4.0: Thema am KMU Swiss Symposium\" \/>\n<meta property=\"og:description\" content=\"\u00abGrenzen (erfahren) \u2013 Schweiz 4.0\u00bb: So lautet am 8. September 2022 das Thema am KMU SWISS Symposium in Brugg.\" \/>\n<meta property=\"og:url\" content=\"https:\/\/www.organisator.ch\/de\/management\/2022-08-23\/grenzen-erfahren-schweiz-4-0-thema-am-kmu-swiss-symposium\/\" \/>\n<meta property=\"og:site_name\" content=\"Organisator\" \/>\n<meta property=\"article:publisher\" content=\"https:\/\/www.facebook.com\/OrganisatorFachmagazin\" \/>\n<meta property=\"article:published_time\" content=\"2022-08-23T14:43:41+00:00\" \/>\n<meta property=\"og:image\" content=\"https:\/\/www.organisator.ch\/wp-content\/uploads\/2022\/08\/Grenzen-erfahren-Schweiz-40-Thema-am-KMU-Swiss-Symposium_Organisator.jpg\" \/>\n\t<meta property=\"og:image:width\" content=\"680\" \/>\n\t<meta property=\"og:image:height\" content=\"453\" \/>\n\t<meta property=\"og:image:type\" content=\"image\/jpeg\" \/>\n<meta name=\"author\" content=\"thomas.berner\" \/>\n<meta name=\"twitter:card\" content=\"summary_large_image\" \/>\n<meta name=\"twitter:title\" content=\"#Grenzen (erfahren) \u2013 Schweiz 4.0: Thema am KMU Swiss #Symposium\" \/>\n<meta name=\"twitter:description\" content=\"\u00abGrenzen (erfahren) \u2013 #Schweiz 4.0\u00bb: So lautet am 8. September 2022 das Thema am KMU #SWISS #Symposium in Brugg.\" \/>\n<meta name=\"twitter:image\" content=\"https:\/\/www.organisator.ch\/wp-content\/uploads\/2022\/08\/Grenzen-erfahren-Schweiz-40-Thema-am-KMU-Swiss-Symposium_Organisator.jpg\" \/>\n<script type=\"application\/ld+json\" class=\"yoast-schema-graph\">{\"@context\":\"https:\\\/\\\/schema.org\",\"@graph\":[{\"@type\":\"Article\",\"@id\":\"https:\\\/\\\/www.organisator.ch\\\/management\\\/2022-08-23\\\/grenzen-erfahren-schweiz-4-0-thema-am-kmu-swiss-symposium\\\/#article\",\"isPartOf\":{\"@id\":\"https:\\\/\\\/www.organisator.ch\\\/management\\\/2022-08-23\\\/grenzen-erfahren-schweiz-4-0-thema-am-kmu-swiss-symposium\\\/\"},\"author\":{\"name\":\"thomas.berner\",\"@id\":\"https:\\\/\\\/www.organisator.ch\\\/#\\\/schema\\\/person\\\/6f650f90b2842cd4c0cc334b4e36f67e\"},\"headline\":\"Grenzen (erfahren) \u2013 Schweiz 4.0: Thema am KMU Swiss Symposium\",\"datePublished\":\"2022-08-23T14:43:41+00:00\",\"mainEntityOfPage\":{\"@id\":\"https:\\\/\\\/www.organisator.ch\\\/management\\\/2022-08-23\\\/grenzen-erfahren-schweiz-4-0-thema-am-kmu-swiss-symposium\\\/\"},\"wordCount\":443,\"publisher\":{\"@id\":\"https:\\\/\\\/www.organisator.ch\\\/#organization\"},\"image\":{\"@id\":\"https:\\\/\\\/www.organisator.ch\\\/management\\\/2022-08-23\\\/grenzen-erfahren-schweiz-4-0-thema-am-kmu-swiss-symposium\\\/#primaryimage\"},\"thumbnailUrl\":\"https:\\\/\\\/www.organisator.ch\\\/wp-content\\\/uploads\\\/2022\\\/08\\\/Grenzen-erfahren-Schweiz-40-Thema-am-KMU-Swiss-Symposium_Organisator.jpg\",\"keywords\":[\"KMU Swiss\",\"Management und Unternehmensf\u00fchrung\",\"Veranstaltungen\",\"Verb\u00e4nde\"],\"articleSection\":[\"MANAGEMENT\"],\"inLanguage\":\"de\"},{\"@type\":\"WebPage\",\"@id\":\"https:\\\/\\\/www.organisator.ch\\\/management\\\/2022-08-23\\\/grenzen-erfahren-schweiz-4-0-thema-am-kmu-swiss-symposium\\\/\",\"url\":\"https:\\\/\\\/www.organisator.ch\\\/management\\\/2022-08-23\\\/grenzen-erfahren-schweiz-4-0-thema-am-kmu-swiss-symposium\\\/\",\"name\":\"Grenzen (erfahren) \u2013 Schweiz 4.0: Thema am KMU Swiss Symposium - Organisator\",\"isPartOf\":{\"@id\":\"https:\\\/\\\/www.organisator.ch\\\/#website\"},\"primaryImageOfPage\":{\"@id\":\"https:\\\/\\\/www.organisator.ch\\\/management\\\/2022-08-23\\\/grenzen-erfahren-schweiz-4-0-thema-am-kmu-swiss-symposium\\\/#primaryimage\"},\"image\":{\"@id\":\"https:\\\/\\\/www.organisator.ch\\\/management\\\/2022-08-23\\\/grenzen-erfahren-schweiz-4-0-thema-am-kmu-swiss-symposium\\\/#primaryimage\"},\"thumbnailUrl\":\"https:\\\/\\\/www.organisator.ch\\\/wp-content\\\/uploads\\\/2022\\\/08\\\/Grenzen-erfahren-Schweiz-40-Thema-am-KMU-Swiss-Symposium_Organisator.jpg\",\"datePublished\":\"2022-08-23T14:43:41+00:00\",\"description\":\"\u00abGrenzen (erfahren) \u2013 Schweiz 4.0\u00bb: So lautet am 8. September 2022 das Thema am KMU SWISS Symposium in Brugg.\",\"breadcrumb\":{\"@id\":\"https:\\\/\\\/www.organisator.ch\\\/management\\\/2022-08-23\\\/grenzen-erfahren-schweiz-4-0-thema-am-kmu-swiss-symposium\\\/#breadcrumb\"},\"inLanguage\":\"de\",\"potentialAction\":[{\"@type\":\"ReadAction\",\"target\":[\"https:\\\/\\\/www.organisator.ch\\\/management\\\/2022-08-23\\\/grenzen-erfahren-schweiz-4-0-thema-am-kmu-swiss-symposium\\\/\"]}]},{\"@type\":\"ImageObject\",\"inLanguage\":\"de\",\"@id\":\"https:\\\/\\\/www.organisator.ch\\\/management\\\/2022-08-23\\\/grenzen-erfahren-schweiz-4-0-thema-am-kmu-swiss-symposium\\\/#primaryimage\",\"url\":\"https:\\\/\\\/www.organisator.ch\\\/wp-content\\\/uploads\\\/2022\\\/08\\\/Grenzen-erfahren-Schweiz-40-Thema-am-KMU-Swiss-Symposium_Organisator.jpg\",\"contentUrl\":\"https:\\\/\\\/www.organisator.ch\\\/wp-content\\\/uploads\\\/2022\\\/08\\\/Grenzen-erfahren-Schweiz-40-Thema-am-KMU-Swiss-Symposium_Organisator.jpg\"},{\"@type\":\"BreadcrumbList\",\"@id\":\"https:\\\/\\\/www.organisator.ch\\\/management\\\/2022-08-23\\\/grenzen-erfahren-schweiz-4-0-thema-am-kmu-swiss-symposium\\\/#breadcrumb\",\"itemListElement\":[{\"@type\":\"ListItem\",\"position\":1,\"name\":\"Home\",\"item\":\"https:\\\/\\\/www.organisator.ch\\\/\"},{\"@type\":\"ListItem\",\"position\":2,\"name\":\"Grenzen (erfahren) \u2013 Schweiz 4.0: Thema am KMU Swiss Symposium\"}]},{\"@type\":\"WebSite\",\"@id\":\"https:\\\/\\\/www.organisator.ch\\\/#website\",\"url\":\"https:\\\/\\\/www.organisator.ch\\\/\",\"name\":\"Organisator\",\"description\":\"Kompetent. Praxisnah. Der ORGANISATOR bereitet in 10 Ausgaben pro Jahr die wesentlichen Themen f\u00fcr F\u00fchrungskr\u00e4fte von KMU auf.\",\"publisher\":{\"@id\":\"https:\\\/\\\/www.organisator.ch\\\/#organization\"},\"potentialAction\":[{\"@type\":\"SearchAction\",\"target\":{\"@type\":\"EntryPoint\",\"urlTemplate\":\"https:\\\/\\\/www.organisator.ch\\\/?s={search_term_string}\"},\"query-input\":{\"@type\":\"PropertyValueSpecification\",\"valueRequired\":true,\"valueName\":\"search_term_string\"}}],\"inLanguage\":\"de\"},{\"@type\":\"Organization\",\"@id\":\"https:\\\/\\\/www.organisator.ch\\\/#organization\",\"name\":\"Organisator\",\"url\":\"https:\\\/\\\/www.organisator.ch\\\/\",\"logo\":{\"@type\":\"ImageObject\",\"inLanguage\":\"de\",\"@id\":\"https:\\\/\\\/www.organisator.ch\\\/#\\\/schema\\\/logo\\\/image\\\/\",\"url\":\"https:\\\/\\\/www.organisator.ch\\\/wp-content\\\/uploads\\\/2022\\\/01\\\/Logo_Organisator_Website.png\",\"contentUrl\":\"https:\\\/\\\/www.organisator.ch\\\/wp-content\\\/uploads\\\/2022\\\/01\\\/Logo_Organisator_Website.png\",\"width\":800,\"height\":77,\"caption\":\"Organisator\"},\"image\":{\"@id\":\"https:\\\/\\\/www.organisator.ch\\\/#\\\/schema\\\/logo\\\/image\\\/\"},\"sameAs\":[\"https:\\\/\\\/www.facebook.com\\\/OrganisatorFachmagazin\",\"https:\\\/\\\/www.linkedin.com\\\/showcase\\\/organisator-das-magazin-fr-kmu\",\"https:\\\/\\\/www.xing.com\\\/news\\\/pages\\\/organisator-ch-695\",\"https:\\\/\\\/www.youtube.com\\\/channel\\\/UCGP2Sq0iWaZwT3BdIAQFYpw\"]},{\"@type\":\"Person\",\"@id\":\"https:\\\/\\\/www.organisator.ch\\\/#\\\/schema\\\/person\\\/6f650f90b2842cd4c0cc334b4e36f67e\",\"name\":\"thomas.berner\",\"image\":{\"@type\":\"ImageObject\",\"inLanguage\":\"de\",\"@id\":\"https:\\\/\\\/secure.gravatar.com\\\/avatar\\\/ac5001d2a36cb6c6cd3e50789007ffca834b477b74a2144564522e944eabff61?s=96&d=mm&r=g\",\"url\":\"https:\\\/\\\/secure.gravatar.com\\\/avatar\\\/ac5001d2a36cb6c6cd3e50789007ffca834b477b74a2144564522e944eabff61?s=96&d=mm&r=g\",\"contentUrl\":\"https:\\\/\\\/secure.gravatar.com\\\/avatar\\\/ac5001d2a36cb6c6cd3e50789007ffca834b477b74a2144564522e944eabff61?s=96&d=mm&r=g\",\"caption\":\"thomas.berner\"},\"url\":\"https:\\\/\\\/www.organisator.ch\\\/de\\\/author\\\/thomas-berner\\\/\"}]}<\/script>\n<!-- \/ Yoast SEO plugin. -->","yoast_head_json":{"title":"Grenzen (erfahren) \u2013 Schweiz 4.0: Thema am KMU Swiss Symposium - Organisator","description":"\u00abGrenzen (erfahren) \u2013 Schweiz 4.0\u00bb: So lautet am 8. September 2022 das Thema am KMU SWISS Symposium in Brugg.","robots":{"index":"index","follow":"follow","max-snippet":"max-snippet:-1","max-image-preview":"max-image-preview:large","max-video-preview":"max-video-preview:-1"},"canonical":"https:\/\/www.organisator.ch\/de\/management\/2022-08-23\/grenzen-erfahren-schweiz-4-0-thema-am-kmu-swiss-symposium\/","og_locale":"de_DE","og_type":"article","og_title":"Grenzen (erfahren) \u2013 Schweiz 4.0: Thema am KMU Swiss Symposium","og_description":"\u00abGrenzen (erfahren) \u2013 Schweiz 4.0\u00bb: So lautet am 8. September 2022 das Thema am KMU SWISS Symposium in Brugg.","og_url":"https:\/\/www.organisator.ch\/de\/management\/2022-08-23\/grenzen-erfahren-schweiz-4-0-thema-am-kmu-swiss-symposium\/","og_site_name":"Organisator","article_publisher":"https:\/\/www.facebook.com\/OrganisatorFachmagazin","article_published_time":"2022-08-23T14:43:41+00:00","og_image":[{"width":680,"height":453,"url":"https:\/\/www.organisator.ch\/wp-content\/uploads\/2022\/08\/Grenzen-erfahren-Schweiz-40-Thema-am-KMU-Swiss-Symposium_Organisator.jpg","type":"image\/jpeg"}],"author":"thomas.berner","twitter_card":"summary_large_image","twitter_title":"#Grenzen (erfahren) \u2013 Schweiz 4.0: Thema am KMU Swiss #Symposium","twitter_description":"\u00abGrenzen (erfahren) \u2013 #Schweiz 4.0\u00bb: So lautet am 8. September 2022 das Thema am KMU #SWISS #Symposium in Brugg.","twitter_image":"https:\/\/www.organisator.ch\/wp-content\/uploads\/2022\/08\/Grenzen-erfahren-Schweiz-40-Thema-am-KMU-Swiss-Symposium_Organisator.jpg","schema":{"@context":"https:\/\/schema.org","@graph":[{"@type":"Article","@id":"https:\/\/www.organisator.ch\/management\/2022-08-23\/grenzen-erfahren-schweiz-4-0-thema-am-kmu-swiss-symposium\/#article","isPartOf":{"@id":"https:\/\/www.organisator.ch\/management\/2022-08-23\/grenzen-erfahren-schweiz-4-0-thema-am-kmu-swiss-symposium\/"},"author":{"name":"thomas.berner","@id":"https:\/\/www.organisator.ch\/#\/schema\/person\/6f650f90b2842cd4c0cc334b4e36f67e"},"headline":"Grenzen (erfahren) \u2013 Schweiz 4.0: Thema am KMU Swiss Symposium","datePublished":"2022-08-23T14:43:41+00:00","mainEntityOfPage":{"@id":"https:\/\/www.organisator.ch\/management\/2022-08-23\/grenzen-erfahren-schweiz-4-0-thema-am-kmu-swiss-symposium\/"},"wordCount":443,"publisher":{"@id":"https:\/\/www.organisator.ch\/#organization"},"image":{"@id":"https:\/\/www.organisator.ch\/management\/2022-08-23\/grenzen-erfahren-schweiz-4-0-thema-am-kmu-swiss-symposium\/#primaryimage"},"thumbnailUrl":"https:\/\/www.organisator.ch\/wp-content\/uploads\/2022\/08\/Grenzen-erfahren-Schweiz-40-Thema-am-KMU-Swiss-Symposium_Organisator.jpg","keywords":["KMU Swiss","Management und Unternehmensf\u00fchrung","Veranstaltungen","Verb\u00e4nde"],"articleSection":["MANAGEMENT"],"inLanguage":"de"},{"@type":"WebPage","@id":"https:\/\/www.organisator.ch\/management\/2022-08-23\/grenzen-erfahren-schweiz-4-0-thema-am-kmu-swiss-symposium\/","url":"https:\/\/www.organisator.ch\/management\/2022-08-23\/grenzen-erfahren-schweiz-4-0-thema-am-kmu-swiss-symposium\/","name":"Grenzen (erfahren) \u2013 Schweiz 4.0: Thema am KMU Swiss Symposium - Organisator","isPartOf":{"@id":"https:\/\/www.organisator.ch\/#website"},"primaryImageOfPage":{"@id":"https:\/\/www.organisator.ch\/management\/2022-08-23\/grenzen-erfahren-schweiz-4-0-thema-am-kmu-swiss-symposium\/#primaryimage"},"image":{"@id":"https:\/\/www.organisator.ch\/management\/2022-08-23\/grenzen-erfahren-schweiz-4-0-thema-am-kmu-swiss-symposium\/#primaryimage"},"thumbnailUrl":"https:\/\/www.organisator.ch\/wp-content\/uploads\/2022\/08\/Grenzen-erfahren-Schweiz-40-Thema-am-KMU-Swiss-Symposium_Organisator.jpg","datePublished":"2022-08-23T14:43:41+00:00","description":"\u00abGrenzen (erfahren) \u2013 Schweiz 4.0\u00bb: So lautet am 8. September 2022 das Thema am KMU SWISS Symposium in Brugg.","breadcrumb":{"@id":"https:\/\/www.organisator.ch\/management\/2022-08-23\/grenzen-erfahren-schweiz-4-0-thema-am-kmu-swiss-symposium\/#breadcrumb"},"inLanguage":"de","potentialAction":[{"@type":"ReadAction","target":["https:\/\/www.organisator.ch\/management\/2022-08-23\/grenzen-erfahren-schweiz-4-0-thema-am-kmu-swiss-symposium\/"]}]},{"@type":"ImageObject","inLanguage":"de","@id":"https:\/\/www.organisator.ch\/management\/2022-08-23\/grenzen-erfahren-schweiz-4-0-thema-am-kmu-swiss-symposium\/#primaryimage","url":"https:\/\/www.organisator.ch\/wp-content\/uploads\/2022\/08\/Grenzen-erfahren-Schweiz-40-Thema-am-KMU-Swiss-Symposium_Organisator.jpg","contentUrl":"https:\/\/www.organisator.ch\/wp-content\/uploads\/2022\/08\/Grenzen-erfahren-Schweiz-40-Thema-am-KMU-Swiss-Symposium_Organisator.jpg"},{"@type":"BreadcrumbList","@id":"https:\/\/www.organisator.ch\/management\/2022-08-23\/grenzen-erfahren-schweiz-4-0-thema-am-kmu-swiss-symposium\/#breadcrumb","itemListElement":[{"@type":"ListItem","position":1,"name":"Home","item":"https:\/\/www.organisator.ch\/"},{"@type":"ListItem","position":2,"name":"Grenzen (erfahren) \u2013 Schweiz 4.0: Thema am KMU Swiss Symposium"}]},{"@type":"WebSite","@id":"https:\/\/www.organisator.ch\/#website","url":"https:\/\/www.organisator.ch\/","name":"Organisator","description":"Kompetent. Praxisnah. Der ORGANISATOR bereitet in 10 Ausgaben pro Jahr die wesentlichen Themen f\u00fcr F\u00fchrungskr\u00e4fte von KMU auf.","publisher":{"@id":"https:\/\/www.organisator.ch\/#organization"},"potentialAction":[{"@type":"SearchAction","target":{"@type":"EntryPoint","urlTemplate":"https:\/\/www.organisator.ch\/?s={search_term_string}"},"query-input":{"@type":"PropertyValueSpecification","valueRequired":true,"valueName":"search_term_string"}}],"inLanguage":"de"},{"@type":"Organization","@id":"https:\/\/www.organisator.ch\/#organization","name":"Organisator","url":"https:\/\/www.organisator.ch\/","logo":{"@type":"ImageObject","inLanguage":"de","@id":"https:\/\/www.organisator.ch\/#\/schema\/logo\/image\/","url":"https:\/\/www.organisator.ch\/wp-content\/uploads\/2022\/01\/Logo_Organisator_Website.png","contentUrl":"https:\/\/www.organisator.ch\/wp-content\/uploads\/2022\/01\/Logo_Organisator_Website.png","width":800,"height":77,"caption":"Organisator"},"image":{"@id":"https:\/\/www.organisator.ch\/#\/schema\/logo\/image\/"},"sameAs":["https:\/\/www.facebook.com\/OrganisatorFachmagazin","https:\/\/www.linkedin.com\/showcase\/organisator-das-magazin-fr-kmu","https:\/\/www.xing.com\/news\/pages\/organisator-ch-695","https:\/\/www.youtube.com\/channel\/UCGP2Sq0iWaZwT3BdIAQFYpw"]},{"@type":"Person","@id":"https:\/\/www.organisator.ch\/#\/schema\/person\/6f650f90b2842cd4c0cc334b4e36f67e","name":"thomas.berner","image":{"@type":"ImageObject","inLanguage":"de","@id":"https:\/\/secure.gravatar.com\/avatar\/ac5001d2a36cb6c6cd3e50789007ffca834b477b74a2144564522e944eabff61?s=96&d=mm&r=g","url":"https:\/\/secure.gravatar.com\/avatar\/ac5001d2a36cb6c6cd3e50789007ffca834b477b74a2144564522e944eabff61?s=96&d=mm&r=g","contentUrl":"https:\/\/secure.gravatar.com\/avatar\/ac5001d2a36cb6c6cd3e50789007ffca834b477b74a2144564522e944eabff61?s=96&d=mm&r=g","caption":"thomas.berner"},"url":"https:\/\/www.organisator.ch\/de\/author\/thomas-berner\/"}]}},"_links":{"self":[{"href":"https:\/\/www.organisator.ch\/de\/wp-json\/wp\/v2\/posts\/16664","targetHints":{"allow":["GET"]}}],"collection":[{"href":"https:\/\/www.organisator.ch\/de\/wp-json\/wp\/v2\/posts"}],"about":[{"href":"https:\/\/www.organisator.ch\/de\/wp-json\/wp\/v2\/types\/post"}],"author":[{"embeddable":true,"href":"https:\/\/www.organisator.ch\/de\/wp-json\/wp\/v2\/users\/4"}],"replies":[{"embeddable":true,"href":"https:\/\/www.organisator.ch\/de\/wp-json\/wp\/v2\/comments?post=16664"}],"version-history":[{"count":1,"href":"https:\/\/www.organisator.ch\/de\/wp-json\/wp\/v2\/posts\/16664\/revisions"}],"predecessor-version":[{"id":16666,"href":"https:\/\/www.organisator.ch\/de\/wp-json\/wp\/v2\/posts\/16664\/revisions\/16666"}],"wp:attachment":[{"href":"https:\/\/www.organisator.ch\/de\/wp-json\/wp\/v2\/media?parent=16664"}],"wp:term":[{"taxonomy":"category","embeddable":true,"href":"https:\/\/www.organisator.ch\/de\/wp-json\/wp\/v2\/categories?post=16664"},{"taxonomy":"post_tag","embeddable":true,"href":"https:\/\/www.organisator.ch\/de\/wp-json\/wp\/v2\/tags?post=16664"}],"curies":[{"name":"wp","href":"https:\/\/api.w.org\/{rel}","templated":true}]}}