{"id":16667,"date":"2022-08-24T08:08:08","date_gmt":"2022-08-24T06:08:08","guid":{"rendered":"https:\/\/www.organisator.ch\/?p=16667"},"modified":"2022-09-16T08:53:21","modified_gmt":"2022-09-16T06:53:21","slug":"seminar-nachfolgeregelung-ganzheitlich-betrachten","status":"publish","type":"post","link":"https:\/\/www.organisator.ch\/de\/management\/2022-08-24\/seminar-nachfolgeregelung-ganzheitlich-betrachten\/","title":{"rendered":"Seminar: Nachfolgeregelung ganzheitlich betrachten"},"content":{"rendered":"<figure id=\"attachment_16672\" aria-describedby=\"caption-attachment-16672\" style=\"width: 680px\" class=\"wp-caption alignnone\"><img loading=\"lazy\" decoding=\"async\" class=\"size-full wp-image-16672\" src=\"https:\/\/www.organisator.ch\/wp-content\/uploads\/2022\/08\/Seminar-Nachfolgeregelung-ganzheitlich-betrachten-1_Organisator-.jpg\" alt=\"\" width=\"680\" height=\"448\" srcset=\"https:\/\/www.organisator.ch\/wp-content\/uploads\/2022\/08\/Seminar-Nachfolgeregelung-ganzheitlich-betrachten-1_Organisator-.jpg 680w, https:\/\/www.organisator.ch\/wp-content\/uploads\/2022\/08\/Seminar-Nachfolgeregelung-ganzheitlich-betrachten-1_Organisator--18x12.jpg 18w, https:\/\/www.organisator.ch\/wp-content\/uploads\/2022\/08\/Seminar-Nachfolgeregelung-ganzheitlich-betrachten-1_Organisator--266x175.jpg 266w, https:\/\/www.organisator.ch\/wp-content\/uploads\/2022\/08\/Seminar-Nachfolgeregelung-ganzheitlich-betrachten-1_Organisator--531x350.jpg 531w, https:\/\/www.organisator.ch\/wp-content\/uploads\/2022\/08\/Seminar-Nachfolgeregelung-ganzheitlich-betrachten-1_Organisator--300x198.jpg 300w\" sizes=\"auto, (max-width: 680px) 100vw, 680px\" \/><figcaption id=\"caption-attachment-16672\" class=\"wp-caption-text\">F\u00fcr eine Nachfolgeregelung braucht es viele Gespr\u00e4che, auch unter Beizug einer externen Beratung. (Bild: Depositphotos.com)<\/figcaption><\/figure>\n<p>Die Regelung der Firmennachfolge geht in der Regel nicht ohne externe Unterst\u00fctzung \u00fcber die B\u00fchne. Viele Treuh\u00e4nder, Coaches, Unternehmensberater oder auch Juristen und Steuerberater bieten hierzu ihre Dienste an. Doch je nach Situation werden wichtige Aspekte bei der Abwicklung eines Nachfolgeprozesses zu wenig stark ber\u00fccksichtigt, was sich unter Umst\u00e4nden nachteilig auswirken kann. Die Fachwelt ist sich deshalb inzwischen einig, dass es eine ganzheitliche Betrachtung der Nachfolgeregelung braucht, ein sog. \u00abBig Picture\u00bb. Diesen Anspruch verfolgt der k\u00fcrzlich gegr\u00fcndete Schweizer Dachverband f\u00fcr Unternehmensnachfolge (CHDU). Er propagiert einen Ansatz, der die Firmennachfolge aus den Perspektiven \u00abFamilie\u00bb, \u00abUnternehmen\u00bb und \u00abKapital\u00bb betrachtet und hat darauf aufbauend einen siebenstufigen Prozess \u2013 etwa f\u00fcr den Firmenverkauf an einen Nachfolger \u2013 entwickelt.<\/p>\n<h3><strong>Die Aspekte Familie, Unternehmen und Geld unter einen Hut bringen<\/strong><\/h3>\n<p>\u00dcber h\u00e4ufige Stolpersteine bei einem Firmenverkauf zwecks Regelung der Nachfolge Bescheid weiss auch Hans J\u00fcrg Domenig von ANSATZ AG \u2013 Firmen-Nachfolge-Verkauf aus Thayngen. Auch er ist ein Verfechter der drei erw\u00e4hnten Perspektiven. Am Anfang steht f\u00fcr ihn jeweils die Familie eines Unternehmers: \u00abWie kann das Unternehmen f\u00fcr die Familie eine Existenzgrundlage bieten?\u00bb, das sei eine entscheidende Frage, so Domenig. Dann geht es nat\u00fcrlich auch um Fragen rund um die Vererbung, Beteiligungen der Familienmitglieder und darum, wer von der Familie im Betrieb arbeitet. Vor diesem Hintergrund gilt es, die passende Strategie zu entwickeln, wie Familie und Unternehmen unter einen Hut gebracht werden k\u00f6nnen. Erst da komme dann auch die Unternehmens-Perspektive ins Spiel mit Vision, Mission und Strategie. Der dritte Faktor \u00abGeld\u00bb wiederum sei in erster Linie ein technisches Thema, das sich in mathematischen Gr\u00f6ssen darstellen l\u00e4sst. Dieses Thema sollte gem\u00e4ss Hans J\u00fcrg Domenig erst nach der Kl\u00e4rung der Familien- und Unternehmensstrategie angesprochen werden.<\/p>\n<figure id=\"attachment_16668\" aria-describedby=\"caption-attachment-16668\" style=\"width: 680px\" class=\"wp-caption alignnone\"><img loading=\"lazy\" decoding=\"async\" class=\"size-full wp-image-16668\" src=\"https:\/\/www.organisator.ch\/wp-content\/uploads\/2022\/08\/Seminar-Nachfolgeregelung-ganzheitlich-betrachten-2_Organisator-.jpg\" alt=\"\" width=\"680\" height=\"982\" srcset=\"https:\/\/www.organisator.ch\/wp-content\/uploads\/2022\/08\/Seminar-Nachfolgeregelung-ganzheitlich-betrachten-2_Organisator-.jpg 680w, https:\/\/www.organisator.ch\/wp-content\/uploads\/2022\/08\/Seminar-Nachfolgeregelung-ganzheitlich-betrachten-2_Organisator--8x12.jpg 8w, https:\/\/www.organisator.ch\/wp-content\/uploads\/2022\/08\/Seminar-Nachfolgeregelung-ganzheitlich-betrachten-2_Organisator--121x175.jpg 121w, https:\/\/www.organisator.ch\/wp-content\/uploads\/2022\/08\/Seminar-Nachfolgeregelung-ganzheitlich-betrachten-2_Organisator--242x350.jpg 242w, https:\/\/www.organisator.ch\/wp-content\/uploads\/2022\/08\/Seminar-Nachfolgeregelung-ganzheitlich-betrachten-2_Organisator--554x800.jpg 554w, https:\/\/www.organisator.ch\/wp-content\/uploads\/2022\/08\/Seminar-Nachfolgeregelung-ganzheitlich-betrachten-2_Organisator--300x433.jpg 300w\" sizes=\"auto, (max-width: 680px) 100vw, 680px\" \/><figcaption id=\"caption-attachment-16668\" class=\"wp-caption-text\">(Grafik: CHDU)<\/figcaption><\/figure>\n<h3><strong>R\u00fcstzeug f\u00fcr erfolgreiche KMU-Nachfolge<\/strong><\/h3>\n<p>Zusammen mit EXPERTSuisse, dem Fachverband f\u00fcr Treuh\u00e4nder und Wirtschaftspr\u00fcfer, bietet nun der CHDU an zwei Terminen ein Ganztages-Seminar mit dem Titel \u00abBig Picture erfolgreicher KMU-Nachfolge\u00bb an. Es richtet sich an Nachfolgeberater\/-innen, Treuh\u00e4nder\/-innen, Wirtschaftspr\u00fcfer\/-innen, Steuerberater\/-innen, Unternehmensberater\/-innen, Coaches, Organisationsberater\/-innen sowie weitere Fachleute und Quereinsteiger\/-innen auf dem Gebiet der Unternehmensnachfolgeplanung. Dieses Seminar ist als Vorstufe gedacht f\u00fcr einen Zertifikatslehrgang zum Nachfolgeberater\/-in oder Nachfolgeexpert\/-in.<\/p>\n<p><em>Weitere Informationen: <a href=\"http:\/\/www.chdu.ch\">www.chdu.ch<\/a> \/ <a href=\"http:\/\/www.expertsuisse.ch\/nachfolge\">www.expertsuisse.ch\/nachfolge <\/a><\/em><\/p>\n<p>&nbsp;<\/p>\n<blockquote>\n<h2><strong>Nachfolge-Experte Hans J\u00fcrg Domenig im Gespr\u00e4ch<\/strong><\/h2>\n<p><strong><a href=\"https:\/\/firmen-nachfolge-verkauf.ch\/hans-juerg-domenig\/\">Hans J\u00fcrg Domenig<\/a> begleitet seit 25 Jahren \u00fcber 300 Firmenverk\u00e4ufer, Nachfolger, Firmengr\u00fcnder, Start-ups und Franchisegr\u00fcnder auf dem Weg zu ihrem Erfolg. Er ist Gr\u00fcndungsmitglied und im Vorstand des Schweizer Dachverbands f\u00fcr Unternehmensnachfolge CHDU.<\/strong><\/p>\n<figure id=\"attachment_16673\" aria-describedby=\"caption-attachment-16673\" style=\"width: 680px\" class=\"wp-caption alignnone\"><img loading=\"lazy\" decoding=\"async\" class=\"size-full wp-image-16673\" src=\"https:\/\/www.organisator.ch\/wp-content\/uploads\/2022\/08\/Seminar-Nachfolgeregelung-ganzheitlich-betrachten-3_Organisator-.jpg\" alt=\"\" width=\"680\" height=\"545\" srcset=\"https:\/\/www.organisator.ch\/wp-content\/uploads\/2022\/08\/Seminar-Nachfolgeregelung-ganzheitlich-betrachten-3_Organisator-.jpg 680w, https:\/\/www.organisator.ch\/wp-content\/uploads\/2022\/08\/Seminar-Nachfolgeregelung-ganzheitlich-betrachten-3_Organisator--15x12.jpg 15w, https:\/\/www.organisator.ch\/wp-content\/uploads\/2022\/08\/Seminar-Nachfolgeregelung-ganzheitlich-betrachten-3_Organisator--218x175.jpg 218w, https:\/\/www.organisator.ch\/wp-content\/uploads\/2022\/08\/Seminar-Nachfolgeregelung-ganzheitlich-betrachten-3_Organisator--437x350.jpg 437w, https:\/\/www.organisator.ch\/wp-content\/uploads\/2022\/08\/Seminar-Nachfolgeregelung-ganzheitlich-betrachten-3_Organisator--300x240.jpg 300w\" sizes=\"auto, (max-width: 680px) 100vw, 680px\" \/><figcaption id=\"caption-attachment-16673\" class=\"wp-caption-text\">Hans J\u00fcrg Domenig begleitet Unternehmerinnen und Unternehmer bei ihrer Nachfolgeregelung. (Bild: zVg)<\/figcaption><\/figure>\n<p><em>Herr Domenig, inwiefern l\u00e4sst sich Unternehmensnachfolge \u00ablernen\u00bb? Gerade f\u00fcr Unternehmer ist ja die Nachfolge ein einmaliger Vorgang.<br \/>\n<\/em><strong>Hans J\u00fcrg Domenig:<\/strong> Lernen im engeren Sinne l\u00e4sst sich Nachfolge nicht, aber man kann viel von den Erfahrungen anderer profitieren. Dass Nachfolge ein einmaliger Vorgang ist, stimmt nur bedingt: H\u00e4ufig scheitert eine erste Nachfolge und man muss einen zweiten Anlauf nehmen, indem man aus den gemachten Erfahrungen lernt.<\/p>\n<p><em>Das Seminar \u00abBig Picture erfolgreicher <\/em><em>KMU-Nachfolge\u00bb richtet sich gem\u00e4ss Ausschreibung in erster Linie an Personen, welche Unternehmen im Nachfolgeprozess begleiten. Wo besteht f\u00fcr diese Zielgruppe der gr\u00f6sste Lernbedarf?<br \/>\n<\/em>Es wird f\u00fcr sie darum gehen m\u00fcssen, verschiedene Perspektiven einnehmen zu k\u00f6nnen. Denn bei einer Firmennachfolge geht es um eine grosse Menge von Themen, zu denen z.B. Treuh\u00e4nder, Juristen, Coaches usw. unterschiedliches Know-How einbringen. Dieses Know-How gilt es nun, zu einem ganzheitlichen Ansatz zusammenzubringen. Unser Seminar soll deshalb zeigen, wie man mit einer klaren Struktur den Nachfolgeprozess starten kann. Wir wollen die Ganzheitlichkeit des Nachfolgethemas ins Zentrum stellen und den Prozess, der aus sieben Schritten besteht, beleuchten. Ein geplanter Zertifikatslehrgang soll dann diese einzelnen Schritte in 15 Ausbildungstagen vertiefen.<\/p>\n<p><em>Ich schliesse daraus: Das Thema Nachfolge wurde bisher \u00abfalsch\u00bb behandelt?<br \/>\n<\/em>Es kommt in der Tat vor, dass viele Themen zu wenig stark gewichtet oder gar ganz weggelassen werden. Z.B. wird zu fr\u00fch nur \u00fcber Geld gesprochen, oder es geht nur um famili\u00e4re oder unternehmerische Aspekte, aber eben zu wenig um eine ganzheitliche Bearbeitung des Themas.<\/p>\n<p><em>Welche Erfahrungen machen Sie pers\u00f6nlich mit Ihren eigenen Nachfolgeberatungen?<br \/>\n<\/em>Als Berater darf man nicht zu forsch in den Prozess reingehen. Behutsames Vorgehen ist wichtig, und in jeder Firma sind die Voraussetzungen andere: Ich habe schon Unternehmer erlebt, die erst im Alter von 80 Jahren sagten, \u00abich sollte mal an meine Nachfolge denken\u00bb. Besonders wichtig: Es geht immer um Emotionen, und zwar auf beiden Seiten, dem K\u00e4ufer und dem Verk\u00e4ufer eines Unternehmens. Ich kann inzwischen recht genau voraussagen, wann ein Unternehmer seine ersten schlaflosen N\u00e4chte haben wird. Oder ein K\u00e4ufer bekommt pl\u00f6tzlich Angst vor dem Risiko. Da gilt es die ganze Erfahrung als Berater in die Waagschale zu werfen, aber auch der Verk\u00e4ufer kann viel bewirken, indem er von seinen Erfahrungen erz\u00e4hlt. Mit der Zeit sp\u00fcrt man, welche Gedanken hinter jeder Aussage stehen. Dann kann man entsprechend Einfluss nehmen.<\/p>\n<p><em>In einem Nachfolgeprozess muss man viel von sich preisgeben. Oft eine Hemmschwelle f\u00fcr Unternehmer resp. Inhaber?<br \/>\n<\/em>Ja. Unternehmer m\u00f6chten vieles zun\u00e4chst einmal geheim halten, um bei Kunden und Lieferanten keine Irritationen auszul\u00f6sen. Es ist deshalb ein H\u00f6chstmass an Diskretion notwendig. Umso gr\u00f6sser ist der Bedarf an Nachfolgeberatern, die genau diese Diskretion gew\u00e4hrleisten k\u00f6nnen. Denn wie Sie richtig sehen: Die Nachfolgeberatung st\u00f6sst in sehr intime und emotional befrachtete Bereiche vor. Und da muss zwischen Unternehmer und Berater zuerst eine grosse Vertrauensbasis hergestellt werden.<\/p>\n<p><em>Es heisst, die Nachfolgeregelung beginnt eigentlich schon bei der Unternehmensgr\u00fcndung. Wie lautet da Ihre Einstellung?<br \/>\n<\/em>Es ist sicher nicht verkehrt und nicht zu fr\u00fch, mit 50 an die Firmennachfolge zu denken. In diesem Alter sollte man beginnen, als Unternehmer \u00fcber blosse Konsolidierung und Steueroptimierung hinaus zu denken. Denn es gibt viele Themen, die ab diesem Zeitpunkt eine Rolle spielen k\u00f6nnen:\u00a0Abspaltung von Unternehmensbereichen oder Immobilien, Aufbau einer Pensionskassenl\u00f6sung, Reduktion der nicht betriebsnotwendigen Unternehmensteile und des Verm\u00f6gens oder aber auch der Aufbau einer Gesch\u00e4ftsleitungsstruktur, bei der nicht die ganze Verantwortung auf den Schultern des Unternehmers lastet.<\/p>\n<p><em>Wie ist nun das Interesse am neuen Seminar-Angebot und was ist weiterf\u00fchrend geplant?<br \/>\n<\/em>Zun\u00e4chst haben wir zwei Seminartermine ausgeschrieben, am 1. Dezember 2022 und am 1. Februar 2023. Wir rechnen mit 20 Teilnehmenden pro Seminar. Diese Teilnehmenden m\u00f6chten wir nat\u00fcrlich motivieren, dann auch am CAS teilzunehmen, der ab 2023\/2024 starten soll.<\/p><\/blockquote>\n","protected":false},"excerpt":{"rendered":"<p>Die Regelung der Firmennachfolge geht in der Regel nicht ohne externe Unterst\u00fctzung \u00fcber die B\u00fchne. Viele Treuh\u00e4nder, Coaches, Unternehmensberater oder auch Juristen und Steuerberater bieten hierzu ihre Dienste an. Doch je nach Situation werden wichtige Aspekte bei der Abwicklung eines Nachfolgeprozesses zu wenig stark ber\u00fccksichtigt, was sich unter Umst\u00e4nden nachteilig auswirken kann. Die Fachwelt ist [&hellip;]<\/p>\n","protected":false},"author":4,"featured_media":16672,"comment_status":"closed","ping_status":"closed","sticky":false,"template":"","format":"standard","meta":{"_acf_changed":false,"_yoast_wpseo_focuskw":"Nachfolgeregelung","_yoast_wpseo_metadesc":"Eine Nachfolgeregelung ist ein Prozess, der ganzheitlich betrachtet werden muss. Ein neues Seminar wendet sich an Nachfolge-Berater\/-innen.","articlekey":"","footnotes":""},"categories":[28,30],"tags":[62,335,357],"class_list":["post-16667","post","type-post","status-publish","format-standard","has-post-thumbnail","hentry","category-management","category-weiterbildung","tag-aus-weiterbildung","tag-management-und-unternehmensfuehrung","tag-nachfolgeregelung"],"acf":[],"yoast_head":"<!-- This site is optimized with the Yoast SEO plugin v27.5 - https:\/\/yoast.com\/product\/yoast-seo-wordpress\/ -->\n<title>Seminar: Nachfolgeregelung ganzheitlich betrachten - Organisator<\/title>\n<meta name=\"description\" content=\"Eine Nachfolgeregelung ist ein Prozess, der ganzheitlich betrachtet werden muss. Ein neues Seminar wendet sich an Nachfolge-Berater\/-innen.\" \/>\n<meta name=\"robots\" content=\"index, follow, max-snippet:-1, max-image-preview:large, max-video-preview:-1\" \/>\n<link rel=\"canonical\" href=\"https:\/\/www.organisator.ch\/de\/management\/2022-08-24\/seminar-nachfolgeregelung-ganzheitlich-betrachten\/\" \/>\n<meta property=\"og:locale\" content=\"de_DE\" \/>\n<meta property=\"og:type\" content=\"article\" \/>\n<meta property=\"og:title\" content=\"Seminar: Nachfolgeregelung ganzheitlich betrachten\" \/>\n<meta property=\"og:description\" content=\"Eine Nachfolgeregelung ist ein Prozess, der ganzheitlich betrachtet werden muss. Ein neues Seminar wendet sich an Nachfolge-Berater\/-innen.\" \/>\n<meta property=\"og:url\" content=\"https:\/\/www.organisator.ch\/de\/management\/2022-08-24\/seminar-nachfolgeregelung-ganzheitlich-betrachten\/\" \/>\n<meta property=\"og:site_name\" content=\"Organisator\" \/>\n<meta property=\"article:publisher\" content=\"https:\/\/www.facebook.com\/OrganisatorFachmagazin\" \/>\n<meta property=\"article:published_time\" content=\"2022-08-24T06:08:08+00:00\" \/>\n<meta property=\"article:modified_time\" content=\"2022-09-16T06:53:21+00:00\" \/>\n<meta property=\"og:image\" content=\"https:\/\/www.organisator.ch\/wp-content\/uploads\/2022\/08\/Seminar-Nachfolgeregelung-ganzheitlich-betrachten-1_Organisator-.jpg\" \/>\n\t<meta property=\"og:image:width\" content=\"680\" \/>\n\t<meta property=\"og:image:height\" content=\"448\" \/>\n\t<meta property=\"og:image:type\" content=\"image\/jpeg\" \/>\n<meta name=\"author\" content=\"thomas.berner\" \/>\n<meta name=\"twitter:card\" content=\"summary_large_image\" \/>\n<meta name=\"twitter:title\" content=\"Seminar: #Nachfolgeregelung ganzheitlich betrachten\" \/>\n<meta name=\"twitter:description\" content=\"Eine #Nachfolgeregelung ist ein Prozess, der ganzheitlich betrachtet werden muss. Ein neues #Seminar wendet sich an #Nachfolge-Berater\/-innen.\" \/>\n<meta name=\"twitter:image\" content=\"https:\/\/www.organisator.ch\/wp-content\/uploads\/2022\/08\/Seminar-Nachfolgeregelung-ganzheitlich-betrachten-1_Organisator-.jpg\" \/>\n<script type=\"application\/ld+json\" class=\"yoast-schema-graph\">{\"@context\":\"https:\\\/\\\/schema.org\",\"@graph\":[{\"@type\":\"Article\",\"@id\":\"https:\\\/\\\/www.organisator.ch\\\/management\\\/2022-08-24\\\/seminar-nachfolgeregelung-ganzheitlich-betrachten\\\/#article\",\"isPartOf\":{\"@id\":\"https:\\\/\\\/www.organisator.ch\\\/management\\\/2022-08-24\\\/seminar-nachfolgeregelung-ganzheitlich-betrachten\\\/\"},\"author\":{\"name\":\"thomas.berner\",\"@id\":\"https:\\\/\\\/www.organisator.ch\\\/#\\\/schema\\\/person\\\/6f650f90b2842cd4c0cc334b4e36f67e\"},\"headline\":\"Seminar: Nachfolgeregelung ganzheitlich betrachten\",\"datePublished\":\"2022-08-24T06:08:08+00:00\",\"dateModified\":\"2022-09-16T06:53:21+00:00\",\"mainEntityOfPage\":{\"@id\":\"https:\\\/\\\/www.organisator.ch\\\/management\\\/2022-08-24\\\/seminar-nachfolgeregelung-ganzheitlich-betrachten\\\/\"},\"wordCount\":1126,\"publisher\":{\"@id\":\"https:\\\/\\\/www.organisator.ch\\\/#organization\"},\"image\":{\"@id\":\"https:\\\/\\\/www.organisator.ch\\\/management\\\/2022-08-24\\\/seminar-nachfolgeregelung-ganzheitlich-betrachten\\\/#primaryimage\"},\"thumbnailUrl\":\"https:\\\/\\\/www.organisator.ch\\\/wp-content\\\/uploads\\\/2022\\\/08\\\/Seminar-Nachfolgeregelung-ganzheitlich-betrachten-1_Organisator-.jpg\",\"keywords\":[\"Aus-\\\/Weiterbildung\",\"Management und Unternehmensf\u00fchrung\",\"Nachfolgeregelung\"],\"articleSection\":[\"MANAGEMENT\",\"WEITERBILDUNG\"],\"inLanguage\":\"de\"},{\"@type\":\"WebPage\",\"@id\":\"https:\\\/\\\/www.organisator.ch\\\/management\\\/2022-08-24\\\/seminar-nachfolgeregelung-ganzheitlich-betrachten\\\/\",\"url\":\"https:\\\/\\\/www.organisator.ch\\\/management\\\/2022-08-24\\\/seminar-nachfolgeregelung-ganzheitlich-betrachten\\\/\",\"name\":\"Seminar: Nachfolgeregelung ganzheitlich betrachten - Organisator\",\"isPartOf\":{\"@id\":\"https:\\\/\\\/www.organisator.ch\\\/#website\"},\"primaryImageOfPage\":{\"@id\":\"https:\\\/\\\/www.organisator.ch\\\/management\\\/2022-08-24\\\/seminar-nachfolgeregelung-ganzheitlich-betrachten\\\/#primaryimage\"},\"image\":{\"@id\":\"https:\\\/\\\/www.organisator.ch\\\/management\\\/2022-08-24\\\/seminar-nachfolgeregelung-ganzheitlich-betrachten\\\/#primaryimage\"},\"thumbnailUrl\":\"https:\\\/\\\/www.organisator.ch\\\/wp-content\\\/uploads\\\/2022\\\/08\\\/Seminar-Nachfolgeregelung-ganzheitlich-betrachten-1_Organisator-.jpg\",\"datePublished\":\"2022-08-24T06:08:08+00:00\",\"dateModified\":\"2022-09-16T06:53:21+00:00\",\"description\":\"Eine Nachfolgeregelung ist ein Prozess, der ganzheitlich betrachtet werden muss. Ein neues Seminar wendet sich an Nachfolge-Berater\\\/-innen.\",\"breadcrumb\":{\"@id\":\"https:\\\/\\\/www.organisator.ch\\\/management\\\/2022-08-24\\\/seminar-nachfolgeregelung-ganzheitlich-betrachten\\\/#breadcrumb\"},\"inLanguage\":\"de\",\"potentialAction\":[{\"@type\":\"ReadAction\",\"target\":[\"https:\\\/\\\/www.organisator.ch\\\/management\\\/2022-08-24\\\/seminar-nachfolgeregelung-ganzheitlich-betrachten\\\/\"]}]},{\"@type\":\"ImageObject\",\"inLanguage\":\"de\",\"@id\":\"https:\\\/\\\/www.organisator.ch\\\/management\\\/2022-08-24\\\/seminar-nachfolgeregelung-ganzheitlich-betrachten\\\/#primaryimage\",\"url\":\"https:\\\/\\\/www.organisator.ch\\\/wp-content\\\/uploads\\\/2022\\\/08\\\/Seminar-Nachfolgeregelung-ganzheitlich-betrachten-1_Organisator-.jpg\",\"contentUrl\":\"https:\\\/\\\/www.organisator.ch\\\/wp-content\\\/uploads\\\/2022\\\/08\\\/Seminar-Nachfolgeregelung-ganzheitlich-betrachten-1_Organisator-.jpg\",\"width\":680,\"height\":448,\"caption\":\"F\u00fcr eine Nachfolgeregelung braucht es viele Gespr\u00e4che, auch unter Beizug einer externen Beratung. (Bild: Depositphotos.com)\"},{\"@type\":\"BreadcrumbList\",\"@id\":\"https:\\\/\\\/www.organisator.ch\\\/management\\\/2022-08-24\\\/seminar-nachfolgeregelung-ganzheitlich-betrachten\\\/#breadcrumb\",\"itemListElement\":[{\"@type\":\"ListItem\",\"position\":1,\"name\":\"Home\",\"item\":\"https:\\\/\\\/www.organisator.ch\\\/\"},{\"@type\":\"ListItem\",\"position\":2,\"name\":\"Seminar: Nachfolgeregelung ganzheitlich betrachten\"}]},{\"@type\":\"WebSite\",\"@id\":\"https:\\\/\\\/www.organisator.ch\\\/#website\",\"url\":\"https:\\\/\\\/www.organisator.ch\\\/\",\"name\":\"Organisator\",\"description\":\"Kompetent. Praxisnah. Der ORGANISATOR bereitet in 10 Ausgaben pro Jahr die wesentlichen Themen f\u00fcr F\u00fchrungskr\u00e4fte von KMU auf.\",\"publisher\":{\"@id\":\"https:\\\/\\\/www.organisator.ch\\\/#organization\"},\"potentialAction\":[{\"@type\":\"SearchAction\",\"target\":{\"@type\":\"EntryPoint\",\"urlTemplate\":\"https:\\\/\\\/www.organisator.ch\\\/?s={search_term_string}\"},\"query-input\":{\"@type\":\"PropertyValueSpecification\",\"valueRequired\":true,\"valueName\":\"search_term_string\"}}],\"inLanguage\":\"de\"},{\"@type\":\"Organization\",\"@id\":\"https:\\\/\\\/www.organisator.ch\\\/#organization\",\"name\":\"Organisator\",\"url\":\"https:\\\/\\\/www.organisator.ch\\\/\",\"logo\":{\"@type\":\"ImageObject\",\"inLanguage\":\"de\",\"@id\":\"https:\\\/\\\/www.organisator.ch\\\/#\\\/schema\\\/logo\\\/image\\\/\",\"url\":\"https:\\\/\\\/www.organisator.ch\\\/wp-content\\\/uploads\\\/2022\\\/01\\\/Logo_Organisator_Website.png\",\"contentUrl\":\"https:\\\/\\\/www.organisator.ch\\\/wp-content\\\/uploads\\\/2022\\\/01\\\/Logo_Organisator_Website.png\",\"width\":800,\"height\":77,\"caption\":\"Organisator\"},\"image\":{\"@id\":\"https:\\\/\\\/www.organisator.ch\\\/#\\\/schema\\\/logo\\\/image\\\/\"},\"sameAs\":[\"https:\\\/\\\/www.facebook.com\\\/OrganisatorFachmagazin\",\"https:\\\/\\\/www.linkedin.com\\\/showcase\\\/organisator-das-magazin-fr-kmu\",\"https:\\\/\\\/www.xing.com\\\/news\\\/pages\\\/organisator-ch-695\",\"https:\\\/\\\/www.youtube.com\\\/channel\\\/UCGP2Sq0iWaZwT3BdIAQFYpw\"]},{\"@type\":\"Person\",\"@id\":\"https:\\\/\\\/www.organisator.ch\\\/#\\\/schema\\\/person\\\/6f650f90b2842cd4c0cc334b4e36f67e\",\"name\":\"thomas.berner\",\"image\":{\"@type\":\"ImageObject\",\"inLanguage\":\"de\",\"@id\":\"https:\\\/\\\/secure.gravatar.com\\\/avatar\\\/ac5001d2a36cb6c6cd3e50789007ffca834b477b74a2144564522e944eabff61?s=96&d=mm&r=g\",\"url\":\"https:\\\/\\\/secure.gravatar.com\\\/avatar\\\/ac5001d2a36cb6c6cd3e50789007ffca834b477b74a2144564522e944eabff61?s=96&d=mm&r=g\",\"contentUrl\":\"https:\\\/\\\/secure.gravatar.com\\\/avatar\\\/ac5001d2a36cb6c6cd3e50789007ffca834b477b74a2144564522e944eabff61?s=96&d=mm&r=g\",\"caption\":\"thomas.berner\"},\"url\":\"https:\\\/\\\/www.organisator.ch\\\/de\\\/author\\\/thomas-berner\\\/\"}]}<\/script>\n<!-- \/ Yoast SEO plugin. -->","yoast_head_json":{"title":"Seminar: Nachfolgeregelung ganzheitlich betrachten - Organisator","description":"Eine Nachfolgeregelung ist ein Prozess, der ganzheitlich betrachtet werden muss. Ein neues Seminar wendet sich an Nachfolge-Berater\/-innen.","robots":{"index":"index","follow":"follow","max-snippet":"max-snippet:-1","max-image-preview":"max-image-preview:large","max-video-preview":"max-video-preview:-1"},"canonical":"https:\/\/www.organisator.ch\/de\/management\/2022-08-24\/seminar-nachfolgeregelung-ganzheitlich-betrachten\/","og_locale":"de_DE","og_type":"article","og_title":"Seminar: Nachfolgeregelung ganzheitlich betrachten","og_description":"Eine Nachfolgeregelung ist ein Prozess, der ganzheitlich betrachtet werden muss. Ein neues Seminar wendet sich an Nachfolge-Berater\/-innen.","og_url":"https:\/\/www.organisator.ch\/de\/management\/2022-08-24\/seminar-nachfolgeregelung-ganzheitlich-betrachten\/","og_site_name":"Organisator","article_publisher":"https:\/\/www.facebook.com\/OrganisatorFachmagazin","article_published_time":"2022-08-24T06:08:08+00:00","article_modified_time":"2022-09-16T06:53:21+00:00","og_image":[{"width":680,"height":448,"url":"https:\/\/www.organisator.ch\/wp-content\/uploads\/2022\/08\/Seminar-Nachfolgeregelung-ganzheitlich-betrachten-1_Organisator-.jpg","type":"image\/jpeg"}],"author":"thomas.berner","twitter_card":"summary_large_image","twitter_title":"Seminar: #Nachfolgeregelung ganzheitlich betrachten","twitter_description":"Eine #Nachfolgeregelung ist ein Prozess, der ganzheitlich betrachtet werden muss. Ein neues #Seminar wendet sich an #Nachfolge-Berater\/-innen.","twitter_image":"https:\/\/www.organisator.ch\/wp-content\/uploads\/2022\/08\/Seminar-Nachfolgeregelung-ganzheitlich-betrachten-1_Organisator-.jpg","schema":{"@context":"https:\/\/schema.org","@graph":[{"@type":"Article","@id":"https:\/\/www.organisator.ch\/management\/2022-08-24\/seminar-nachfolgeregelung-ganzheitlich-betrachten\/#article","isPartOf":{"@id":"https:\/\/www.organisator.ch\/management\/2022-08-24\/seminar-nachfolgeregelung-ganzheitlich-betrachten\/"},"author":{"name":"thomas.berner","@id":"https:\/\/www.organisator.ch\/#\/schema\/person\/6f650f90b2842cd4c0cc334b4e36f67e"},"headline":"Seminar: Nachfolgeregelung ganzheitlich betrachten","datePublished":"2022-08-24T06:08:08+00:00","dateModified":"2022-09-16T06:53:21+00:00","mainEntityOfPage":{"@id":"https:\/\/www.organisator.ch\/management\/2022-08-24\/seminar-nachfolgeregelung-ganzheitlich-betrachten\/"},"wordCount":1126,"publisher":{"@id":"https:\/\/www.organisator.ch\/#organization"},"image":{"@id":"https:\/\/www.organisator.ch\/management\/2022-08-24\/seminar-nachfolgeregelung-ganzheitlich-betrachten\/#primaryimage"},"thumbnailUrl":"https:\/\/www.organisator.ch\/wp-content\/uploads\/2022\/08\/Seminar-Nachfolgeregelung-ganzheitlich-betrachten-1_Organisator-.jpg","keywords":["Aus-\/Weiterbildung","Management und Unternehmensf\u00fchrung","Nachfolgeregelung"],"articleSection":["MANAGEMENT","WEITERBILDUNG"],"inLanguage":"de"},{"@type":"WebPage","@id":"https:\/\/www.organisator.ch\/management\/2022-08-24\/seminar-nachfolgeregelung-ganzheitlich-betrachten\/","url":"https:\/\/www.organisator.ch\/management\/2022-08-24\/seminar-nachfolgeregelung-ganzheitlich-betrachten\/","name":"Seminar: Nachfolgeregelung ganzheitlich betrachten - Organisator","isPartOf":{"@id":"https:\/\/www.organisator.ch\/#website"},"primaryImageOfPage":{"@id":"https:\/\/www.organisator.ch\/management\/2022-08-24\/seminar-nachfolgeregelung-ganzheitlich-betrachten\/#primaryimage"},"image":{"@id":"https:\/\/www.organisator.ch\/management\/2022-08-24\/seminar-nachfolgeregelung-ganzheitlich-betrachten\/#primaryimage"},"thumbnailUrl":"https:\/\/www.organisator.ch\/wp-content\/uploads\/2022\/08\/Seminar-Nachfolgeregelung-ganzheitlich-betrachten-1_Organisator-.jpg","datePublished":"2022-08-24T06:08:08+00:00","dateModified":"2022-09-16T06:53:21+00:00","description":"Eine Nachfolgeregelung ist ein Prozess, der ganzheitlich betrachtet werden muss. Ein neues Seminar wendet sich an Nachfolge-Berater\/-innen.","breadcrumb":{"@id":"https:\/\/www.organisator.ch\/management\/2022-08-24\/seminar-nachfolgeregelung-ganzheitlich-betrachten\/#breadcrumb"},"inLanguage":"de","potentialAction":[{"@type":"ReadAction","target":["https:\/\/www.organisator.ch\/management\/2022-08-24\/seminar-nachfolgeregelung-ganzheitlich-betrachten\/"]}]},{"@type":"ImageObject","inLanguage":"de","@id":"https:\/\/www.organisator.ch\/management\/2022-08-24\/seminar-nachfolgeregelung-ganzheitlich-betrachten\/#primaryimage","url":"https:\/\/www.organisator.ch\/wp-content\/uploads\/2022\/08\/Seminar-Nachfolgeregelung-ganzheitlich-betrachten-1_Organisator-.jpg","contentUrl":"https:\/\/www.organisator.ch\/wp-content\/uploads\/2022\/08\/Seminar-Nachfolgeregelung-ganzheitlich-betrachten-1_Organisator-.jpg","width":680,"height":448,"caption":"F\u00fcr eine Nachfolgeregelung braucht es viele Gespr\u00e4che, auch unter Beizug einer externen Beratung. (Bild: Depositphotos.com)"},{"@type":"BreadcrumbList","@id":"https:\/\/www.organisator.ch\/management\/2022-08-24\/seminar-nachfolgeregelung-ganzheitlich-betrachten\/#breadcrumb","itemListElement":[{"@type":"ListItem","position":1,"name":"Home","item":"https:\/\/www.organisator.ch\/"},{"@type":"ListItem","position":2,"name":"Seminar: Nachfolgeregelung ganzheitlich betrachten"}]},{"@type":"WebSite","@id":"https:\/\/www.organisator.ch\/#website","url":"https:\/\/www.organisator.ch\/","name":"Organisator","description":"Kompetent. Praxisnah. Der ORGANISATOR bereitet in 10 Ausgaben pro Jahr die wesentlichen Themen f\u00fcr F\u00fchrungskr\u00e4fte von KMU auf.","publisher":{"@id":"https:\/\/www.organisator.ch\/#organization"},"potentialAction":[{"@type":"SearchAction","target":{"@type":"EntryPoint","urlTemplate":"https:\/\/www.organisator.ch\/?s={search_term_string}"},"query-input":{"@type":"PropertyValueSpecification","valueRequired":true,"valueName":"search_term_string"}}],"inLanguage":"de"},{"@type":"Organization","@id":"https:\/\/www.organisator.ch\/#organization","name":"Organisator","url":"https:\/\/www.organisator.ch\/","logo":{"@type":"ImageObject","inLanguage":"de","@id":"https:\/\/www.organisator.ch\/#\/schema\/logo\/image\/","url":"https:\/\/www.organisator.ch\/wp-content\/uploads\/2022\/01\/Logo_Organisator_Website.png","contentUrl":"https:\/\/www.organisator.ch\/wp-content\/uploads\/2022\/01\/Logo_Organisator_Website.png","width":800,"height":77,"caption":"Organisator"},"image":{"@id":"https:\/\/www.organisator.ch\/#\/schema\/logo\/image\/"},"sameAs":["https:\/\/www.facebook.com\/OrganisatorFachmagazin","https:\/\/www.linkedin.com\/showcase\/organisator-das-magazin-fr-kmu","https:\/\/www.xing.com\/news\/pages\/organisator-ch-695","https:\/\/www.youtube.com\/channel\/UCGP2Sq0iWaZwT3BdIAQFYpw"]},{"@type":"Person","@id":"https:\/\/www.organisator.ch\/#\/schema\/person\/6f650f90b2842cd4c0cc334b4e36f67e","name":"thomas.berner","image":{"@type":"ImageObject","inLanguage":"de","@id":"https:\/\/secure.gravatar.com\/avatar\/ac5001d2a36cb6c6cd3e50789007ffca834b477b74a2144564522e944eabff61?s=96&d=mm&r=g","url":"https:\/\/secure.gravatar.com\/avatar\/ac5001d2a36cb6c6cd3e50789007ffca834b477b74a2144564522e944eabff61?s=96&d=mm&r=g","contentUrl":"https:\/\/secure.gravatar.com\/avatar\/ac5001d2a36cb6c6cd3e50789007ffca834b477b74a2144564522e944eabff61?s=96&d=mm&r=g","caption":"thomas.berner"},"url":"https:\/\/www.organisator.ch\/de\/author\/thomas-berner\/"}]}},"_links":{"self":[{"href":"https:\/\/www.organisator.ch\/de\/wp-json\/wp\/v2\/posts\/16667","targetHints":{"allow":["GET"]}}],"collection":[{"href":"https:\/\/www.organisator.ch\/de\/wp-json\/wp\/v2\/posts"}],"about":[{"href":"https:\/\/www.organisator.ch\/de\/wp-json\/wp\/v2\/types\/post"}],"author":[{"embeddable":true,"href":"https:\/\/www.organisator.ch\/de\/wp-json\/wp\/v2\/users\/4"}],"replies":[{"embeddable":true,"href":"https:\/\/www.organisator.ch\/de\/wp-json\/wp\/v2\/comments?post=16667"}],"version-history":[{"count":2,"href":"https:\/\/www.organisator.ch\/de\/wp-json\/wp\/v2\/posts\/16667\/revisions"}],"predecessor-version":[{"id":16674,"href":"https:\/\/www.organisator.ch\/de\/wp-json\/wp\/v2\/posts\/16667\/revisions\/16674"}],"wp:featuredmedia":[{"embeddable":true,"href":"https:\/\/www.organisator.ch\/de\/wp-json\/wp\/v2\/media\/16672"}],"wp:attachment":[{"href":"https:\/\/www.organisator.ch\/de\/wp-json\/wp\/v2\/media?parent=16667"}],"wp:term":[{"taxonomy":"category","embeddable":true,"href":"https:\/\/www.organisator.ch\/de\/wp-json\/wp\/v2\/categories?post=16667"},{"taxonomy":"post_tag","embeddable":true,"href":"https:\/\/www.organisator.ch\/de\/wp-json\/wp\/v2\/tags?post=16667"}],"curies":[{"name":"wp","href":"https:\/\/api.w.org\/{rel}","templated":true}]}}