{"id":16691,"date":"2022-08-25T13:40:17","date_gmt":"2022-08-25T11:40:17","guid":{"rendered":"https:\/\/www.organisator.ch\/?p=16691"},"modified":"2022-08-25T13:40:17","modified_gmt":"2022-08-25T11:40:17","slug":"salaere-in-der-it-branche-bleiben-auf-hohem-niveau-stabil","status":"publish","type":"post","link":"https:\/\/www.organisator.ch\/de\/human-resources\/2022-08-25\/salaere-in-der-it-branche-bleiben-auf-hohem-niveau-stabil\/","title":{"rendered":"Sal\u00e4re in der IT-Branche bleiben auf hohem Niveau stabil"},"content":{"rendered":"<figure id=\"attachment_16698\" aria-describedby=\"caption-attachment-16698\" style=\"width: 680px\" class=\"wp-caption alignnone\"><img loading=\"lazy\" decoding=\"async\" class=\"size-full wp-image-16698\" src=\"https:\/\/www.organisator.ch\/wp-content\/uploads\/2022\/08\/Salare-in-der-IT-Branche-bleiben-auf-hohem-Niveau-stabil_Organisator.jpg\" alt=\"\" width=\"680\" height=\"349\" srcset=\"https:\/\/www.organisator.ch\/wp-content\/uploads\/2022\/08\/Salare-in-der-IT-Branche-bleiben-auf-hohem-Niveau-stabil_Organisator.jpg 680w, https:\/\/www.organisator.ch\/wp-content\/uploads\/2022\/08\/Salare-in-der-IT-Branche-bleiben-auf-hohem-Niveau-stabil_Organisator-18x9.jpg 18w, https:\/\/www.organisator.ch\/wp-content\/uploads\/2022\/08\/Salare-in-der-IT-Branche-bleiben-auf-hohem-Niveau-stabil_Organisator-341x175.jpg 341w, https:\/\/www.organisator.ch\/wp-content\/uploads\/2022\/08\/Salare-in-der-IT-Branche-bleiben-auf-hohem-Niveau-stabil_Organisator-300x154.jpg 300w\" sizes=\"auto, (max-width: 680px) 100vw, 680px\" \/><figcaption id=\"caption-attachment-16698\" class=\"wp-caption-text\">Sal\u00e4re der ICT 2022: Trotz Digitalisierungsschub bleiben die L\u00f6hne auf hohem Niveau stabil. (Grafik: Swiss ICT)<\/figcaption><\/figure>\n<p>Trotz der h\u00f6heren Nachfrage, mit der zunehmenden Digitalisierung der letzten Jahre, und entgegen den g\u00e4ngigen Erwartungen bleiben die Sal\u00e4re in der ICT-Branche f\u00fcr 2022 weitgehend stabil. Dies belegt die j\u00e4hrlich erscheinende Sal\u00e4rstudie von SwissICT. Unter Betrachtung der Inflation (per 01.Mai \u201922) sind die L\u00f6hne sogar leicht r\u00fcckl\u00e4ufig, stellt die Studie fest. M\u00f6gliche Erkl\u00e4rungen zu dieser Entwicklung sind zum einen das Werben um Talente, welche noch F\u00f6rderung ben\u00f6tigen, und zum anderen die Kompetenzstufenverschiebung innerhalb der agilen Berufsbilder. F\u00fcr KMU und Kleinst-Unternehmen sichert dies den weiteren Zugang zu den ICT-Spezialisten. Die Sal\u00e4re bleiben branchen\u00fcbergreifend stabil.<\/p>\n<p>Bei differenzierter Betrachtung f\u00e4llt indes auf, dass gerade bei den tieferen Sal\u00e4ren eine Erh\u00f6hung der Anzahl Nennungen und auch ein Anstieg des Sal\u00e4r-Niveaus festgestellt wird. Das k\u00f6nnte darauf hinweisen, dass durch den Fachkr\u00e4ftemangel vermehrt Einsteiger angestellt wurden, die jedoch von einem h\u00f6heren Sal\u00e4r als bisher profitieren konnten. Es bleibt abzuwarten, was die Zahlen 2023 \u00fcber die weitere Entwicklung aussagen.<\/p>\n<h3>Zuwachs bei den agilen Berufsprofilen<\/h3>\n<p>Wie in den vergangenen Erhebungen gab es auch in diesem Jahr einen Zuwachs an agilen Berufsprofilen. Neu wurden auch die Profile Product Manager und Release Train Engineer erhoben. Zum Profil Product Manager wurden 97 Nennungen gemacht und zum Sal\u00e4r des Release Train Engineer gab es sogar 136 Nennungen. Dies ist, f\u00fcr die erste Erhebung dieser Berufsprofile, sehr vielversprechend und zeigt, dass die Etablierung der agilen Berufe kontinuierlich vorangeht.<\/p>\n<p>Weitere Neuerungen in diesem Jahr wurden in Bezug auf die Altersgruppierung vorgenommen. Die zus\u00e4tzliche, erweiterte Altersabstufung erm\u00f6glicht es, soziale Ver\u00e4nderungen besser einzusehen und klarere R\u00fcckschl\u00fcsse aus den Sal\u00e4rentwicklungen und Nennungen zu ziehen. Ebenso wurde eine Branchen-Anpassung vorgenommen. Die Konsolidierung der Branchen wurde aufgrund der Eingaben der vergangenen f\u00fcnf Jahre gemacht. Mit der \u00c4nderung erh\u00f6ht sich die Aussagekraft und Robustheit der erhobenen Zahlen um ein Vielfaches.<\/p>\n<h3>Sal\u00e4re bei ICT-Lernenden h\u00f6her als erwartet<\/h3>\n<p>Zum ersten Mal wurde eine Sal\u00e4rstudie zu den L\u00f6hnen der Lernenden erhoben. Die Erhebung wurde in den beruflichen Grundbildungen Informatiker:in EFZ, ICT-Fachfrau\/Fachmann EFZ und Mediamatiker:in EFZ durchgef\u00fchrt. 122 Schweizer Firmen haben ihre Daten zu den Lernenden eingegeben. Interessant: Der Median liegt an der oberen Grenze der Empfehlungen (teils auch dar\u00fcber) des zust\u00e4ndigen Verbandes ICT-Berufsbildung Schweiz. Die Ergebnisse der Sal\u00e4rstudie zeigen, dass die L\u00f6hne von ICT-Lernenden bei Banken und Versicherungen am h\u00f6chsten sind. Gefolgt von \u00f6ffentlichen Verwaltungen und \u00fcbrigen Branchen. Spannender Befund: Die tiefsten L\u00f6hne finden sich in den Informatik-Firmen.<\/p>\n<p><em>Quelle: <a href=\"http:\/\/www.swissict.ch\">SwissICT<\/a><\/em><\/p>\n","protected":false},"excerpt":{"rendered":"<p>Trotz der h\u00f6heren Nachfrage, mit der zunehmenden Digitalisierung der letzten Jahre, und entgegen den g\u00e4ngigen Erwartungen bleiben die Sal\u00e4re in der ICT-Branche f\u00fcr 2022 weitgehend stabil. Dies belegt die j\u00e4hrlich erscheinende Sal\u00e4rstudie von SwissICT. Unter Betrachtung der Inflation (per 01.Mai \u201922) sind die L\u00f6hne sogar leicht r\u00fcckl\u00e4ufig, stellt die Studie fest. M\u00f6gliche Erkl\u00e4rungen zu dieser [&hellip;]<\/p>\n","protected":false},"author":4,"featured_media":16698,"comment_status":"closed","ping_status":"closed","sticky":false,"template":"","format":"standard","meta":{"_acf_changed":false,"_yoast_wpseo_focuskw":"Sal\u00e4re","_yoast_wpseo_metadesc":"Der Branchenverband SwissICT hat die Sal\u00e4rstudie 2022 ver\u00f6ffentlicht. Zum ersten Mal wurden auch die Sal\u00e4re von Lernenden erhoben.","articlekey":"","footnotes":""},"categories":[579,27],"tags":[254,286,329,3344],"class_list":["post-16691","post","type-post","status-publish","format-standard","has-post-thumbnail","hentry","category-human-resources","category-it","tag-hrm","tag-it","tag-loehne","tag-salaerstudie"],"acf":[],"yoast_head":"<!-- This site is optimized with the Yoast SEO plugin v27.5 - https:\/\/yoast.com\/product\/yoast-seo-wordpress\/ -->\n<title>Sal\u00e4re in der IT-Branche bleiben auf hohem Niveau stabil - Organisator<\/title>\n<meta name=\"description\" content=\"Der Branchenverband SwissICT hat die Sal\u00e4rstudie 2022 ver\u00f6ffentlicht. Zum ersten Mal wurden auch die Sal\u00e4re von Lernenden erhoben.\" \/>\n<meta name=\"robots\" content=\"index, follow, max-snippet:-1, max-image-preview:large, max-video-preview:-1\" \/>\n<link rel=\"canonical\" href=\"https:\/\/www.organisator.ch\/de\/management\/it\/2022-08-25\/salaere-in-der-it-branche-bleiben-auf-hohem-niveau-stabil\/\" \/>\n<meta property=\"og:locale\" content=\"de_DE\" \/>\n<meta property=\"og:type\" content=\"article\" \/>\n<meta property=\"og:title\" content=\"Sal\u00e4re in der IT-Branche bleiben auf hohem Niveau stabil\" \/>\n<meta property=\"og:description\" content=\"Der Branchenverband SwissICT hat die Sal\u00e4rstudie 2022 ver\u00f6ffentlicht. Zum ersten Mal wurden auch die Sal\u00e4re von Lernenden erhoben.\" \/>\n<meta property=\"og:url\" content=\"https:\/\/www.organisator.ch\/de\/management\/it\/2022-08-25\/salaere-in-der-it-branche-bleiben-auf-hohem-niveau-stabil\/\" \/>\n<meta property=\"og:site_name\" content=\"Organisator\" \/>\n<meta property=\"article:publisher\" content=\"https:\/\/www.facebook.com\/OrganisatorFachmagazin\" \/>\n<meta property=\"article:published_time\" content=\"2022-08-25T11:40:17+00:00\" \/>\n<meta property=\"og:image\" content=\"https:\/\/www.organisator.ch\/wp-content\/uploads\/2022\/08\/Salare-in-der-IT-Branche-bleiben-auf-hohem-Niveau-stabil_Organisator.jpg\" \/>\n\t<meta property=\"og:image:width\" content=\"680\" \/>\n\t<meta property=\"og:image:height\" content=\"349\" \/>\n\t<meta property=\"og:image:type\" content=\"image\/jpeg\" \/>\n<meta name=\"author\" content=\"thomas.berner\" \/>\n<meta name=\"twitter:card\" content=\"summary_large_image\" \/>\n<meta name=\"twitter:title\" content=\"#Sal\u00e4re in der #IT-Branche bleiben auf hohem Niveau stabil\" \/>\n<meta name=\"twitter:description\" content=\"Der #Branchenverband #SwissICT hat die #Sal\u00e4rstudie 2022 ver\u00f6ffentlicht. Zum ersten Mal wurden auch die #Sal\u00e4re von Lernenden erhoben.\" \/>\n<meta name=\"twitter:image\" content=\"https:\/\/www.organisator.ch\/wp-content\/uploads\/2022\/08\/Salare-in-der-IT-Branche-bleiben-auf-hohem-Niveau-stabil_Organisator.jpg\" \/>\n<script type=\"application\/ld+json\" class=\"yoast-schema-graph\">{\"@context\":\"https:\\\/\\\/schema.org\",\"@graph\":[{\"@type\":\"Article\",\"@id\":\"https:\\\/\\\/www.organisator.ch\\\/management\\\/it\\\/2022-08-25\\\/salaere-in-der-it-branche-bleiben-auf-hohem-niveau-stabil\\\/#article\",\"isPartOf\":{\"@id\":\"https:\\\/\\\/www.organisator.ch\\\/management\\\/it\\\/2022-08-25\\\/salaere-in-der-it-branche-bleiben-auf-hohem-niveau-stabil\\\/\"},\"author\":{\"name\":\"thomas.berner\",\"@id\":\"https:\\\/\\\/www.organisator.ch\\\/#\\\/schema\\\/person\\\/6f650f90b2842cd4c0cc334b4e36f67e\"},\"headline\":\"Sal\u00e4re in der IT-Branche bleiben auf hohem Niveau stabil\",\"datePublished\":\"2022-08-25T11:40:17+00:00\",\"mainEntityOfPage\":{\"@id\":\"https:\\\/\\\/www.organisator.ch\\\/management\\\/it\\\/2022-08-25\\\/salaere-in-der-it-branche-bleiben-auf-hohem-niveau-stabil\\\/\"},\"wordCount\":463,\"publisher\":{\"@id\":\"https:\\\/\\\/www.organisator.ch\\\/#organization\"},\"image\":{\"@id\":\"https:\\\/\\\/www.organisator.ch\\\/management\\\/it\\\/2022-08-25\\\/salaere-in-der-it-branche-bleiben-auf-hohem-niveau-stabil\\\/#primaryimage\"},\"thumbnailUrl\":\"https:\\\/\\\/www.organisator.ch\\\/wp-content\\\/uploads\\\/2022\\\/08\\\/Salare-in-der-IT-Branche-bleiben-auf-hohem-Niveau-stabil_Organisator.jpg\",\"keywords\":[\"HRM\",\"IT\",\"L\u00f6hne\",\"Sal\u00e4rstudie\"],\"articleSection\":[\"HUMAN RESOURCES\",\"IT\"],\"inLanguage\":\"de\"},{\"@type\":\"WebPage\",\"@id\":\"https:\\\/\\\/www.organisator.ch\\\/management\\\/it\\\/2022-08-25\\\/salaere-in-der-it-branche-bleiben-auf-hohem-niveau-stabil\\\/\",\"url\":\"https:\\\/\\\/www.organisator.ch\\\/management\\\/it\\\/2022-08-25\\\/salaere-in-der-it-branche-bleiben-auf-hohem-niveau-stabil\\\/\",\"name\":\"Sal\u00e4re in der IT-Branche bleiben auf hohem Niveau stabil - Organisator\",\"isPartOf\":{\"@id\":\"https:\\\/\\\/www.organisator.ch\\\/#website\"},\"primaryImageOfPage\":{\"@id\":\"https:\\\/\\\/www.organisator.ch\\\/management\\\/it\\\/2022-08-25\\\/salaere-in-der-it-branche-bleiben-auf-hohem-niveau-stabil\\\/#primaryimage\"},\"image\":{\"@id\":\"https:\\\/\\\/www.organisator.ch\\\/management\\\/it\\\/2022-08-25\\\/salaere-in-der-it-branche-bleiben-auf-hohem-niveau-stabil\\\/#primaryimage\"},\"thumbnailUrl\":\"https:\\\/\\\/www.organisator.ch\\\/wp-content\\\/uploads\\\/2022\\\/08\\\/Salare-in-der-IT-Branche-bleiben-auf-hohem-Niveau-stabil_Organisator.jpg\",\"datePublished\":\"2022-08-25T11:40:17+00:00\",\"description\":\"Der Branchenverband SwissICT hat die Sal\u00e4rstudie 2022 ver\u00f6ffentlicht. Zum ersten Mal wurden auch die Sal\u00e4re von Lernenden erhoben.\",\"breadcrumb\":{\"@id\":\"https:\\\/\\\/www.organisator.ch\\\/management\\\/it\\\/2022-08-25\\\/salaere-in-der-it-branche-bleiben-auf-hohem-niveau-stabil\\\/#breadcrumb\"},\"inLanguage\":\"de\",\"potentialAction\":[{\"@type\":\"ReadAction\",\"target\":[\"https:\\\/\\\/www.organisator.ch\\\/management\\\/it\\\/2022-08-25\\\/salaere-in-der-it-branche-bleiben-auf-hohem-niveau-stabil\\\/\"]}]},{\"@type\":\"ImageObject\",\"inLanguage\":\"de\",\"@id\":\"https:\\\/\\\/www.organisator.ch\\\/management\\\/it\\\/2022-08-25\\\/salaere-in-der-it-branche-bleiben-auf-hohem-niveau-stabil\\\/#primaryimage\",\"url\":\"https:\\\/\\\/www.organisator.ch\\\/wp-content\\\/uploads\\\/2022\\\/08\\\/Salare-in-der-IT-Branche-bleiben-auf-hohem-Niveau-stabil_Organisator.jpg\",\"contentUrl\":\"https:\\\/\\\/www.organisator.ch\\\/wp-content\\\/uploads\\\/2022\\\/08\\\/Salare-in-der-IT-Branche-bleiben-auf-hohem-Niveau-stabil_Organisator.jpg\",\"width\":680,\"height\":349,\"caption\":\"Sal\u00e4re der ICT 2022: Trotz Digitalisierungsschub bleiben die L\u00f6hne auf hohem Niveau stabil. (Grafik: Swiss ICT)\"},{\"@type\":\"BreadcrumbList\",\"@id\":\"https:\\\/\\\/www.organisator.ch\\\/management\\\/it\\\/2022-08-25\\\/salaere-in-der-it-branche-bleiben-auf-hohem-niveau-stabil\\\/#breadcrumb\",\"itemListElement\":[{\"@type\":\"ListItem\",\"position\":1,\"name\":\"Home\",\"item\":\"https:\\\/\\\/www.organisator.ch\\\/\"},{\"@type\":\"ListItem\",\"position\":2,\"name\":\"Sal\u00e4re in der IT-Branche bleiben auf hohem Niveau stabil\"}]},{\"@type\":\"WebSite\",\"@id\":\"https:\\\/\\\/www.organisator.ch\\\/#website\",\"url\":\"https:\\\/\\\/www.organisator.ch\\\/\",\"name\":\"Organisator\",\"description\":\"Kompetent. Praxisnah. Der ORGANISATOR bereitet in 10 Ausgaben pro Jahr die wesentlichen Themen f\u00fcr F\u00fchrungskr\u00e4fte von KMU auf.\",\"publisher\":{\"@id\":\"https:\\\/\\\/www.organisator.ch\\\/#organization\"},\"potentialAction\":[{\"@type\":\"SearchAction\",\"target\":{\"@type\":\"EntryPoint\",\"urlTemplate\":\"https:\\\/\\\/www.organisator.ch\\\/?s={search_term_string}\"},\"query-input\":{\"@type\":\"PropertyValueSpecification\",\"valueRequired\":true,\"valueName\":\"search_term_string\"}}],\"inLanguage\":\"de\"},{\"@type\":\"Organization\",\"@id\":\"https:\\\/\\\/www.organisator.ch\\\/#organization\",\"name\":\"Organisator\",\"url\":\"https:\\\/\\\/www.organisator.ch\\\/\",\"logo\":{\"@type\":\"ImageObject\",\"inLanguage\":\"de\",\"@id\":\"https:\\\/\\\/www.organisator.ch\\\/#\\\/schema\\\/logo\\\/image\\\/\",\"url\":\"https:\\\/\\\/www.organisator.ch\\\/wp-content\\\/uploads\\\/2022\\\/01\\\/Logo_Organisator_Website.png\",\"contentUrl\":\"https:\\\/\\\/www.organisator.ch\\\/wp-content\\\/uploads\\\/2022\\\/01\\\/Logo_Organisator_Website.png\",\"width\":800,\"height\":77,\"caption\":\"Organisator\"},\"image\":{\"@id\":\"https:\\\/\\\/www.organisator.ch\\\/#\\\/schema\\\/logo\\\/image\\\/\"},\"sameAs\":[\"https:\\\/\\\/www.facebook.com\\\/OrganisatorFachmagazin\",\"https:\\\/\\\/www.linkedin.com\\\/showcase\\\/organisator-das-magazin-fr-kmu\",\"https:\\\/\\\/www.xing.com\\\/news\\\/pages\\\/organisator-ch-695\",\"https:\\\/\\\/www.youtube.com\\\/channel\\\/UCGP2Sq0iWaZwT3BdIAQFYpw\"]},{\"@type\":\"Person\",\"@id\":\"https:\\\/\\\/www.organisator.ch\\\/#\\\/schema\\\/person\\\/6f650f90b2842cd4c0cc334b4e36f67e\",\"name\":\"thomas.berner\",\"image\":{\"@type\":\"ImageObject\",\"inLanguage\":\"de\",\"@id\":\"https:\\\/\\\/secure.gravatar.com\\\/avatar\\\/ac5001d2a36cb6c6cd3e50789007ffca834b477b74a2144564522e944eabff61?s=96&d=mm&r=g\",\"url\":\"https:\\\/\\\/secure.gravatar.com\\\/avatar\\\/ac5001d2a36cb6c6cd3e50789007ffca834b477b74a2144564522e944eabff61?s=96&d=mm&r=g\",\"contentUrl\":\"https:\\\/\\\/secure.gravatar.com\\\/avatar\\\/ac5001d2a36cb6c6cd3e50789007ffca834b477b74a2144564522e944eabff61?s=96&d=mm&r=g\",\"caption\":\"thomas.berner\"},\"url\":\"https:\\\/\\\/www.organisator.ch\\\/de\\\/author\\\/thomas-berner\\\/\"}]}<\/script>\n<!-- \/ Yoast SEO plugin. -->","yoast_head_json":{"title":"Sal\u00e4re in der IT-Branche bleiben auf hohem Niveau stabil - Organisator","description":"Der Branchenverband SwissICT hat die Sal\u00e4rstudie 2022 ver\u00f6ffentlicht. Zum ersten Mal wurden auch die Sal\u00e4re von Lernenden erhoben.","robots":{"index":"index","follow":"follow","max-snippet":"max-snippet:-1","max-image-preview":"max-image-preview:large","max-video-preview":"max-video-preview:-1"},"canonical":"https:\/\/www.organisator.ch\/de\/management\/it\/2022-08-25\/salaere-in-der-it-branche-bleiben-auf-hohem-niveau-stabil\/","og_locale":"de_DE","og_type":"article","og_title":"Sal\u00e4re in der IT-Branche bleiben auf hohem Niveau stabil","og_description":"Der Branchenverband SwissICT hat die Sal\u00e4rstudie 2022 ver\u00f6ffentlicht. Zum ersten Mal wurden auch die Sal\u00e4re von Lernenden erhoben.","og_url":"https:\/\/www.organisator.ch\/de\/management\/it\/2022-08-25\/salaere-in-der-it-branche-bleiben-auf-hohem-niveau-stabil\/","og_site_name":"Organisator","article_publisher":"https:\/\/www.facebook.com\/OrganisatorFachmagazin","article_published_time":"2022-08-25T11:40:17+00:00","og_image":[{"width":680,"height":349,"url":"https:\/\/www.organisator.ch\/wp-content\/uploads\/2022\/08\/Salare-in-der-IT-Branche-bleiben-auf-hohem-Niveau-stabil_Organisator.jpg","type":"image\/jpeg"}],"author":"thomas.berner","twitter_card":"summary_large_image","twitter_title":"#Sal\u00e4re in der #IT-Branche bleiben auf hohem Niveau stabil","twitter_description":"Der #Branchenverband #SwissICT hat die #Sal\u00e4rstudie 2022 ver\u00f6ffentlicht. Zum ersten Mal wurden auch die #Sal\u00e4re von Lernenden erhoben.","twitter_image":"https:\/\/www.organisator.ch\/wp-content\/uploads\/2022\/08\/Salare-in-der-IT-Branche-bleiben-auf-hohem-Niveau-stabil_Organisator.jpg","schema":{"@context":"https:\/\/schema.org","@graph":[{"@type":"Article","@id":"https:\/\/www.organisator.ch\/management\/it\/2022-08-25\/salaere-in-der-it-branche-bleiben-auf-hohem-niveau-stabil\/#article","isPartOf":{"@id":"https:\/\/www.organisator.ch\/management\/it\/2022-08-25\/salaere-in-der-it-branche-bleiben-auf-hohem-niveau-stabil\/"},"author":{"name":"thomas.berner","@id":"https:\/\/www.organisator.ch\/#\/schema\/person\/6f650f90b2842cd4c0cc334b4e36f67e"},"headline":"Sal\u00e4re in der IT-Branche bleiben auf hohem Niveau stabil","datePublished":"2022-08-25T11:40:17+00:00","mainEntityOfPage":{"@id":"https:\/\/www.organisator.ch\/management\/it\/2022-08-25\/salaere-in-der-it-branche-bleiben-auf-hohem-niveau-stabil\/"},"wordCount":463,"publisher":{"@id":"https:\/\/www.organisator.ch\/#organization"},"image":{"@id":"https:\/\/www.organisator.ch\/management\/it\/2022-08-25\/salaere-in-der-it-branche-bleiben-auf-hohem-niveau-stabil\/#primaryimage"},"thumbnailUrl":"https:\/\/www.organisator.ch\/wp-content\/uploads\/2022\/08\/Salare-in-der-IT-Branche-bleiben-auf-hohem-Niveau-stabil_Organisator.jpg","keywords":["HRM","IT","L\u00f6hne","Sal\u00e4rstudie"],"articleSection":["HUMAN RESOURCES","IT"],"inLanguage":"de"},{"@type":"WebPage","@id":"https:\/\/www.organisator.ch\/management\/it\/2022-08-25\/salaere-in-der-it-branche-bleiben-auf-hohem-niveau-stabil\/","url":"https:\/\/www.organisator.ch\/management\/it\/2022-08-25\/salaere-in-der-it-branche-bleiben-auf-hohem-niveau-stabil\/","name":"Sal\u00e4re in der IT-Branche bleiben auf hohem Niveau stabil - Organisator","isPartOf":{"@id":"https:\/\/www.organisator.ch\/#website"},"primaryImageOfPage":{"@id":"https:\/\/www.organisator.ch\/management\/it\/2022-08-25\/salaere-in-der-it-branche-bleiben-auf-hohem-niveau-stabil\/#primaryimage"},"image":{"@id":"https:\/\/www.organisator.ch\/management\/it\/2022-08-25\/salaere-in-der-it-branche-bleiben-auf-hohem-niveau-stabil\/#primaryimage"},"thumbnailUrl":"https:\/\/www.organisator.ch\/wp-content\/uploads\/2022\/08\/Salare-in-der-IT-Branche-bleiben-auf-hohem-Niveau-stabil_Organisator.jpg","datePublished":"2022-08-25T11:40:17+00:00","description":"Der Branchenverband SwissICT hat die Sal\u00e4rstudie 2022 ver\u00f6ffentlicht. Zum ersten Mal wurden auch die Sal\u00e4re von Lernenden erhoben.","breadcrumb":{"@id":"https:\/\/www.organisator.ch\/management\/it\/2022-08-25\/salaere-in-der-it-branche-bleiben-auf-hohem-niveau-stabil\/#breadcrumb"},"inLanguage":"de","potentialAction":[{"@type":"ReadAction","target":["https:\/\/www.organisator.ch\/management\/it\/2022-08-25\/salaere-in-der-it-branche-bleiben-auf-hohem-niveau-stabil\/"]}]},{"@type":"ImageObject","inLanguage":"de","@id":"https:\/\/www.organisator.ch\/management\/it\/2022-08-25\/salaere-in-der-it-branche-bleiben-auf-hohem-niveau-stabil\/#primaryimage","url":"https:\/\/www.organisator.ch\/wp-content\/uploads\/2022\/08\/Salare-in-der-IT-Branche-bleiben-auf-hohem-Niveau-stabil_Organisator.jpg","contentUrl":"https:\/\/www.organisator.ch\/wp-content\/uploads\/2022\/08\/Salare-in-der-IT-Branche-bleiben-auf-hohem-Niveau-stabil_Organisator.jpg","width":680,"height":349,"caption":"Sal\u00e4re der ICT 2022: Trotz Digitalisierungsschub bleiben die L\u00f6hne auf hohem Niveau stabil. (Grafik: Swiss ICT)"},{"@type":"BreadcrumbList","@id":"https:\/\/www.organisator.ch\/management\/it\/2022-08-25\/salaere-in-der-it-branche-bleiben-auf-hohem-niveau-stabil\/#breadcrumb","itemListElement":[{"@type":"ListItem","position":1,"name":"Home","item":"https:\/\/www.organisator.ch\/"},{"@type":"ListItem","position":2,"name":"Sal\u00e4re in der IT-Branche bleiben auf hohem Niveau stabil"}]},{"@type":"WebSite","@id":"https:\/\/www.organisator.ch\/#website","url":"https:\/\/www.organisator.ch\/","name":"Organisator","description":"Kompetent. Praxisnah. Der ORGANISATOR bereitet in 10 Ausgaben pro Jahr die wesentlichen Themen f\u00fcr F\u00fchrungskr\u00e4fte von KMU auf.","publisher":{"@id":"https:\/\/www.organisator.ch\/#organization"},"potentialAction":[{"@type":"SearchAction","target":{"@type":"EntryPoint","urlTemplate":"https:\/\/www.organisator.ch\/?s={search_term_string}"},"query-input":{"@type":"PropertyValueSpecification","valueRequired":true,"valueName":"search_term_string"}}],"inLanguage":"de"},{"@type":"Organization","@id":"https:\/\/www.organisator.ch\/#organization","name":"Organisator","url":"https:\/\/www.organisator.ch\/","logo":{"@type":"ImageObject","inLanguage":"de","@id":"https:\/\/www.organisator.ch\/#\/schema\/logo\/image\/","url":"https:\/\/www.organisator.ch\/wp-content\/uploads\/2022\/01\/Logo_Organisator_Website.png","contentUrl":"https:\/\/www.organisator.ch\/wp-content\/uploads\/2022\/01\/Logo_Organisator_Website.png","width":800,"height":77,"caption":"Organisator"},"image":{"@id":"https:\/\/www.organisator.ch\/#\/schema\/logo\/image\/"},"sameAs":["https:\/\/www.facebook.com\/OrganisatorFachmagazin","https:\/\/www.linkedin.com\/showcase\/organisator-das-magazin-fr-kmu","https:\/\/www.xing.com\/news\/pages\/organisator-ch-695","https:\/\/www.youtube.com\/channel\/UCGP2Sq0iWaZwT3BdIAQFYpw"]},{"@type":"Person","@id":"https:\/\/www.organisator.ch\/#\/schema\/person\/6f650f90b2842cd4c0cc334b4e36f67e","name":"thomas.berner","image":{"@type":"ImageObject","inLanguage":"de","@id":"https:\/\/secure.gravatar.com\/avatar\/ac5001d2a36cb6c6cd3e50789007ffca834b477b74a2144564522e944eabff61?s=96&d=mm&r=g","url":"https:\/\/secure.gravatar.com\/avatar\/ac5001d2a36cb6c6cd3e50789007ffca834b477b74a2144564522e944eabff61?s=96&d=mm&r=g","contentUrl":"https:\/\/secure.gravatar.com\/avatar\/ac5001d2a36cb6c6cd3e50789007ffca834b477b74a2144564522e944eabff61?s=96&d=mm&r=g","caption":"thomas.berner"},"url":"https:\/\/www.organisator.ch\/de\/author\/thomas-berner\/"}]}},"_links":{"self":[{"href":"https:\/\/www.organisator.ch\/de\/wp-json\/wp\/v2\/posts\/16691","targetHints":{"allow":["GET"]}}],"collection":[{"href":"https:\/\/www.organisator.ch\/de\/wp-json\/wp\/v2\/posts"}],"about":[{"href":"https:\/\/www.organisator.ch\/de\/wp-json\/wp\/v2\/types\/post"}],"author":[{"embeddable":true,"href":"https:\/\/www.organisator.ch\/de\/wp-json\/wp\/v2\/users\/4"}],"replies":[{"embeddable":true,"href":"https:\/\/www.organisator.ch\/de\/wp-json\/wp\/v2\/comments?post=16691"}],"version-history":[{"count":2,"href":"https:\/\/www.organisator.ch\/de\/wp-json\/wp\/v2\/posts\/16691\/revisions"}],"predecessor-version":[{"id":16699,"href":"https:\/\/www.organisator.ch\/de\/wp-json\/wp\/v2\/posts\/16691\/revisions\/16699"}],"wp:featuredmedia":[{"embeddable":true,"href":"https:\/\/www.organisator.ch\/de\/wp-json\/wp\/v2\/media\/16698"}],"wp:attachment":[{"href":"https:\/\/www.organisator.ch\/de\/wp-json\/wp\/v2\/media?parent=16691"}],"wp:term":[{"taxonomy":"category","embeddable":true,"href":"https:\/\/www.organisator.ch\/de\/wp-json\/wp\/v2\/categories?post=16691"},{"taxonomy":"post_tag","embeddable":true,"href":"https:\/\/www.organisator.ch\/de\/wp-json\/wp\/v2\/tags?post=16691"}],"curies":[{"name":"wp","href":"https:\/\/api.w.org\/{rel}","templated":true}]}}