{"id":16696,"date":"2022-08-25T11:57:04","date_gmt":"2022-08-25T09:57:04","guid":{"rendered":"https:\/\/www.werbewoche.ch\/?p=184852"},"modified":"2024-11-22T08:53:41","modified_gmt":"2024-11-22T07:53:41","slug":"swiss-marketing-386-marketing-und-272-neue-verkaufsfachleute","status":"publish","type":"post","link":"https:\/\/www.organisator.ch\/de\/marketing\/2022-08-25\/swiss-marketing-386-marketing-und-272-neue-verkaufsfachleute\/","title":{"rendered":"Swiss Marketing: 386 Marketing- und 272 neue Verkaufsfachleute"},"content":{"rendered":"<figure id=\"attachment_184853\" class=\"wp-caption alignnone\" style=\"width: 1200px;\" aria-describedby=\"caption-attachment-184853\"><img class=\"alignnone wp-image-184853 size-full\" src=\"https:\/\/www.werbewoche.ch\/wp-content\/uploads\/2022\/08\/marketingauszeichnung1200werbewoche.ch_.png\" sizes=\"(max-width: 1200px) 100vw, 1200px\" srcset=\"https:\/\/www.werbewoche.ch\/wp-content\/uploads\/2022\/08\/marketingauszeichnung1200werbewoche.ch_.png 1200w, https:\/\/www.werbewoche.ch\/wp-content\/uploads\/2022\/08\/marketingauszeichnung1200werbewoche.ch_-600x360.png 600w, https:\/\/www.werbewoche.ch\/wp-content\/uploads\/2022\/08\/marketingauszeichnung1200werbewoche.ch_-1024x614.png 1024w, https:\/\/www.werbewoche.ch\/wp-content\/uploads\/2022\/08\/marketingauszeichnung1200werbewoche.ch_-768x461.png 768w, https:\/\/www.werbewoche.ch\/wp-content\/uploads\/2022\/08\/marketingauszeichnung1200werbewoche.ch_-18x12.png 18w, https:\/\/www.werbewoche.ch\/wp-content\/uploads\/2022\/08\/marketingauszeichnung1200werbewoche.ch_-292x175.png 292w, https:\/\/www.werbewoche.ch\/wp-content\/uploads\/2022\/08\/marketingauszeichnung1200werbewoche.ch_-583x350.png 583w, https:\/\/www.werbewoche.ch\/wp-content\/uploads\/2022\/08\/marketingauszeichnung1200werbewoche.ch_-1000x600.png 1000w\" alt=\"Swiss Marketing-Award 2024\" width=\"1200\" height=\"720\" \/>\r\n<figcaption id=\"caption-attachment-184853\" class=\"wp-caption-text\">V.l.n.r.: Robert Wernli, Anette Barbara Meyer, Samuel Florian Saladin, Christoph Portmann<\/figcaption>\r\n<\/figure>\r\n<p>&nbsp;<\/p>\r\n<p>Die beiden Pr\u00e4sidenten der Pr\u00fcfungskommissionen der eidg. Berufspr\u00fcfung Marketing- und Verkaufsfachleute, Robert Wernli (MFL) und Christoph Portmann (VFL), \u00fcbergaben am Freitag 19. August im Hotel Storchen in Z\u00fcrich den Swiss Marketing-Award f\u00fcr die Jahrgangsbesten der jeweiligen Berufspr\u00fcfung. Total haben dieses Jahr 955 Personen die Pr\u00fcfungen f\u00fcr Marketing- und Verkaufsfachleute absolviert.<\/p>\r\n<h3>Umgekehrte Geschlechterverteilung<\/h3>\r\n<p>Von den 521 Pr\u00fcflingen bei der Berufspr\u00fcfung \u00abMarketingfachleute\u00bb betrug der weibliche Anteil\u00a0 70,1 Prozent.\u00a0 Ein\u00a0 genau\u00a0 umgekehrtes Bild zeigte sich an der Berufspr\u00fcfung \u00abVerkaufsfachleute\u00bb. Von 434 aller Kandidierenden waren 68,4 Prozent m\u00e4nnlich.<\/p>\r\n<p>Erfolgsquote zeigt hohes akademisches und praktisches Niveau<\/p>\r\n<p>Bei den Marketingfachleuten durften sich 386 oder 74 Prozent, und bei den Verkaufsfachleuten 272 Kandidat:innen, knapp 63 Prozent, \u00fcber ein positives Ergebnis freuen. Diese Quote zeigt das hohe akademische und praktische Niveau der eidgen\u00f6ssischen Fachpr\u00fcfungen.<\/p>\r\n<p>Swiss Marketing, die beiden Pr\u00fcfungspr\u00e4sidenten und alle an den Pr\u00fcfungen beteiligten Personen gratulieren allen Absolvent:innen und speziell den Jahrgangsbesten herzlich zu ihren verdienten eidgen\u00f6ssischen Fachausweisen.<\/p>\r\n<p>Swiss Marketing ist der f\u00fchrende Berufs- und Fachverband f\u00fcr in Marketing und Verkauf. Er b\u00fcndelt das Fachwissen von rund 2\u2019000 Fach- und F\u00fchrungskr\u00e4ften aus unterschiedlichen Branchen. Swiss Marketing ist zudem der Tr\u00e4gerverein f\u00fcr die Berufs- und h\u00f6heren Fachpr\u00fcfungen in Marketing und Verkauf.<\/p>\r\n<hr \/>\r\n<p><em>Weiere Informationen auf <a href=\"http:\/\/www.swissmarketing.ch\/\">swissmarketing.ch<\/a><\/em><\/p>","protected":false},"excerpt":{"rendered":"<p>\u00a0 Die beiden Pr\u00e4sidenten der Pr\u00fcfungskommissionen der eidg. Berufspr\u00fcfung Marketing- und Verkaufsfachleute, Robert Wernli (MFL) und Christoph Portmann (VFL), \u00fcbergaben am Freitag 19. August im Hotel Storchen in Z\u00fcrich den Swiss Marketing-Award f\u00fcr die Jahrgangsbesten der jeweiligen Berufspr\u00fcfung. Total haben dieses Jahr 955 Personen die Pr\u00fcfungen f\u00fcr Marketing- und Verkaufsfachleute absolviert. Umgekehrte Geschlechterverteilung Von den [\u2026]<\/p>\n","protected":false},"author":8,"featured_media":0,"comment_status":"closed","ping_status":"closed","sticky":false,"template":"","format":"standard","meta":{"_acf_changed":false,"_yoast_wpseo_focuskw":"Swiss Marketing-Award 2024","_yoast_wpseo_metadesc":"Die Jahrgangsbesten der eidg. Berufspr\u00fcfung f\u00fcr Marketing- und Verkaufsfachleute wurden mit dem Swiss Marketing-Award ausgezeichnet.","articlekey":"","footnotes":""},"categories":[29],"tags":[65,4799,4800,339,4130],"class_list":["post-16696","post","type-post","status-publish","format-standard","hentry","category-marketing","tag-award","tag-berufspruefung","tag-jahrgangsbesten","tag-marketing","tag-swiss"],"acf":[],"yoast_head":"<!-- This site is optimized with the Yoast SEO plugin v27.5 - https:\/\/yoast.com\/product\/yoast-seo-wordpress\/ -->\n<title>Swiss Marketing: 386 Marketing- und 272 neue Verkaufsfachleute - Organisator<\/title>\n<meta name=\"description\" content=\"Die Jahrgangsbesten der eidg. Berufspr\u00fcfung f\u00fcr Marketing- und Verkaufsfachleute wurden mit dem Swiss Marketing-Award ausgezeichnet.\" \/>\n<meta name=\"robots\" content=\"index, follow, max-snippet:-1, max-image-preview:large, max-video-preview:-1\" \/>\n<link rel=\"canonical\" href=\"https:\/\/www.organisator.ch\/de\/marketing\/2022-08-25\/swiss-marketing-386-marketing-und-272-neue-verkaufsfachleute\/\" \/>\n<meta property=\"og:locale\" content=\"de_DE\" \/>\n<meta property=\"og:type\" content=\"article\" \/>\n<meta property=\"og:title\" content=\"Swiss Marketing: 386 Marketing- und 272 neue Verkaufsfachleute - Organisator\" \/>\n<meta property=\"og:description\" content=\"Die Jahrgangsbesten der eidg. Berufspr\u00fcfung f\u00fcr Marketing- und Verkaufsfachleute wurden mit dem Swiss Marketing-Award ausgezeichnet.\" \/>\n<meta property=\"og:url\" content=\"https:\/\/www.organisator.ch\/de\/marketing\/2022-08-25\/swiss-marketing-386-marketing-und-272-neue-verkaufsfachleute\/\" \/>\n<meta property=\"og:site_name\" content=\"Organisator\" \/>\n<meta property=\"article:publisher\" content=\"https:\/\/www.facebook.com\/OrganisatorFachmagazin\" \/>\n<meta property=\"article:published_time\" content=\"2022-08-25T09:57:04+00:00\" \/>\n<meta property=\"article:modified_time\" content=\"2024-11-22T07:53:41+00:00\" \/>\n<meta name=\"author\" content=\"galledia\" \/>\n<meta name=\"twitter:card\" content=\"summary_large_image\" \/>\n<meta name=\"twitter:creator\" content=\"@admin\" \/>\n<script type=\"application\/ld+json\" class=\"yoast-schema-graph\">{\"@context\":\"https:\\\/\\\/schema.org\",\"@graph\":[{\"@type\":\"Article\",\"@id\":\"https:\\\/\\\/www.organisator.ch\\\/marketing\\\/2022-08-25\\\/swiss-marketing-386-marketing-und-272-neue-verkaufsfachleute\\\/#article\",\"isPartOf\":{\"@id\":\"https:\\\/\\\/www.organisator.ch\\\/marketing\\\/2022-08-25\\\/swiss-marketing-386-marketing-und-272-neue-verkaufsfachleute\\\/\"},\"author\":{\"name\":\"galledia\",\"@id\":\"https:\\\/\\\/www.organisator.ch\\\/#\\\/schema\\\/person\\\/4e51799071cd2dd1232ac003643ef5f0\"},\"headline\":\"Swiss Marketing: 386 Marketing- und 272 neue Verkaufsfachleute\",\"datePublished\":\"2022-08-25T09:57:04+00:00\",\"dateModified\":\"2024-11-22T07:53:41+00:00\",\"mainEntityOfPage\":{\"@id\":\"https:\\\/\\\/www.organisator.ch\\\/marketing\\\/2022-08-25\\\/swiss-marketing-386-marketing-und-272-neue-verkaufsfachleute\\\/\"},\"wordCount\":237,\"publisher\":{\"@id\":\"https:\\\/\\\/www.organisator.ch\\\/#organization\"},\"image\":{\"@id\":\"https:\\\/\\\/www.organisator.ch\\\/marketing\\\/2022-08-25\\\/swiss-marketing-386-marketing-und-272-neue-verkaufsfachleute\\\/#primaryimage\"},\"thumbnailUrl\":\"https:\\\/\\\/www.werbewoche.ch\\\/wp-content\\\/uploads\\\/2022\\\/08\\\/marketingauszeichnung1200werbewoche.ch_.png\",\"keywords\":[\"Award\",\"Berufspr\u00fcfung\",\"Jahrgangsbesten\",\"Marketing\",\"Swiss\"],\"articleSection\":[\"MARKETING\"],\"inLanguage\":\"de\"},{\"@type\":\"WebPage\",\"@id\":\"https:\\\/\\\/www.organisator.ch\\\/marketing\\\/2022-08-25\\\/swiss-marketing-386-marketing-und-272-neue-verkaufsfachleute\\\/\",\"url\":\"https:\\\/\\\/www.organisator.ch\\\/marketing\\\/2022-08-25\\\/swiss-marketing-386-marketing-und-272-neue-verkaufsfachleute\\\/\",\"name\":\"Swiss Marketing: 386 Marketing- und 272 neue Verkaufsfachleute - Organisator\",\"isPartOf\":{\"@id\":\"https:\\\/\\\/www.organisator.ch\\\/#website\"},\"primaryImageOfPage\":{\"@id\":\"https:\\\/\\\/www.organisator.ch\\\/marketing\\\/2022-08-25\\\/swiss-marketing-386-marketing-und-272-neue-verkaufsfachleute\\\/#primaryimage\"},\"image\":{\"@id\":\"https:\\\/\\\/www.organisator.ch\\\/marketing\\\/2022-08-25\\\/swiss-marketing-386-marketing-und-272-neue-verkaufsfachleute\\\/#primaryimage\"},\"thumbnailUrl\":\"https:\\\/\\\/www.werbewoche.ch\\\/wp-content\\\/uploads\\\/2022\\\/08\\\/marketingauszeichnung1200werbewoche.ch_.png\",\"datePublished\":\"2022-08-25T09:57:04+00:00\",\"dateModified\":\"2024-11-22T07:53:41+00:00\",\"description\":\"Die Jahrgangsbesten der eidg. Berufspr\u00fcfung f\u00fcr Marketing- und Verkaufsfachleute wurden mit dem Swiss Marketing-Award ausgezeichnet.\",\"breadcrumb\":{\"@id\":\"https:\\\/\\\/www.organisator.ch\\\/marketing\\\/2022-08-25\\\/swiss-marketing-386-marketing-und-272-neue-verkaufsfachleute\\\/#breadcrumb\"},\"inLanguage\":\"de\",\"potentialAction\":[{\"@type\":\"ReadAction\",\"target\":[\"https:\\\/\\\/www.organisator.ch\\\/marketing\\\/2022-08-25\\\/swiss-marketing-386-marketing-und-272-neue-verkaufsfachleute\\\/\"]}]},{\"@type\":\"ImageObject\",\"inLanguage\":\"de\",\"@id\":\"https:\\\/\\\/www.organisator.ch\\\/marketing\\\/2022-08-25\\\/swiss-marketing-386-marketing-und-272-neue-verkaufsfachleute\\\/#primaryimage\",\"url\":\"https:\\\/\\\/www.werbewoche.ch\\\/wp-content\\\/uploads\\\/2022\\\/08\\\/marketingauszeichnung1200werbewoche.ch_.png\",\"contentUrl\":\"https:\\\/\\\/www.werbewoche.ch\\\/wp-content\\\/uploads\\\/2022\\\/08\\\/marketingauszeichnung1200werbewoche.ch_.png\"},{\"@type\":\"BreadcrumbList\",\"@id\":\"https:\\\/\\\/www.organisator.ch\\\/marketing\\\/2022-08-25\\\/swiss-marketing-386-marketing-und-272-neue-verkaufsfachleute\\\/#breadcrumb\",\"itemListElement\":[{\"@type\":\"ListItem\",\"position\":1,\"name\":\"Home\",\"item\":\"https:\\\/\\\/www.organisator.ch\\\/\"},{\"@type\":\"ListItem\",\"position\":2,\"name\":\"Swiss Marketing: 386 Marketing- und 272 neue Verkaufsfachleute\"}]},{\"@type\":\"WebSite\",\"@id\":\"https:\\\/\\\/www.organisator.ch\\\/#website\",\"url\":\"https:\\\/\\\/www.organisator.ch\\\/\",\"name\":\"Organisator\",\"description\":\"Kompetent. Praxisnah. Der ORGANISATOR bereitet in 10 Ausgaben pro Jahr die wesentlichen Themen f\u00fcr F\u00fchrungskr\u00e4fte von KMU auf.\",\"publisher\":{\"@id\":\"https:\\\/\\\/www.organisator.ch\\\/#organization\"},\"potentialAction\":[{\"@type\":\"SearchAction\",\"target\":{\"@type\":\"EntryPoint\",\"urlTemplate\":\"https:\\\/\\\/www.organisator.ch\\\/?s={search_term_string}\"},\"query-input\":{\"@type\":\"PropertyValueSpecification\",\"valueRequired\":true,\"valueName\":\"search_term_string\"}}],\"inLanguage\":\"de\"},{\"@type\":\"Organization\",\"@id\":\"https:\\\/\\\/www.organisator.ch\\\/#organization\",\"name\":\"Organisator\",\"url\":\"https:\\\/\\\/www.organisator.ch\\\/\",\"logo\":{\"@type\":\"ImageObject\",\"inLanguage\":\"de\",\"@id\":\"https:\\\/\\\/www.organisator.ch\\\/#\\\/schema\\\/logo\\\/image\\\/\",\"url\":\"https:\\\/\\\/www.organisator.ch\\\/wp-content\\\/uploads\\\/2022\\\/01\\\/Logo_Organisator_Website.png\",\"contentUrl\":\"https:\\\/\\\/www.organisator.ch\\\/wp-content\\\/uploads\\\/2022\\\/01\\\/Logo_Organisator_Website.png\",\"width\":800,\"height\":77,\"caption\":\"Organisator\"},\"image\":{\"@id\":\"https:\\\/\\\/www.organisator.ch\\\/#\\\/schema\\\/logo\\\/image\\\/\"},\"sameAs\":[\"https:\\\/\\\/www.facebook.com\\\/OrganisatorFachmagazin\",\"https:\\\/\\\/www.linkedin.com\\\/showcase\\\/organisator-das-magazin-fr-kmu\",\"https:\\\/\\\/www.xing.com\\\/news\\\/pages\\\/organisator-ch-695\",\"https:\\\/\\\/www.youtube.com\\\/channel\\\/UCGP2Sq0iWaZwT3BdIAQFYpw\"]},{\"@type\":\"Person\",\"@id\":\"https:\\\/\\\/www.organisator.ch\\\/#\\\/schema\\\/person\\\/4e51799071cd2dd1232ac003643ef5f0\",\"name\":\"galledia\",\"image\":{\"@type\":\"ImageObject\",\"inLanguage\":\"de\",\"@id\":\"https:\\\/\\\/secure.gravatar.com\\\/avatar\\\/78a7f90c01fc2bfc875782a0d4922b37cde2cf184ce347b91316d23cd7f69a36?s=96&d=mm&r=g\",\"url\":\"https:\\\/\\\/secure.gravatar.com\\\/avatar\\\/78a7f90c01fc2bfc875782a0d4922b37cde2cf184ce347b91316d23cd7f69a36?s=96&d=mm&r=g\",\"contentUrl\":\"https:\\\/\\\/secure.gravatar.com\\\/avatar\\\/78a7f90c01fc2bfc875782a0d4922b37cde2cf184ce347b91316d23cd7f69a36?s=96&d=mm&r=g\",\"caption\":\"galledia\"},\"sameAs\":[\"https:\\\/\\\/x.com\\\/admin\"],\"url\":\"https:\\\/\\\/www.organisator.ch\\\/de\\\/author\\\/galledia\\\/\"}]}<\/script>\n<!-- \/ Yoast SEO plugin. -->","yoast_head_json":{"title":"Swiss Marketing: 386 Marketing- und 272 neue Verkaufsfachleute - Organisator","description":"Die Jahrgangsbesten der eidg. Berufspr\u00fcfung f\u00fcr Marketing- und Verkaufsfachleute wurden mit dem Swiss Marketing-Award ausgezeichnet.","robots":{"index":"index","follow":"follow","max-snippet":"max-snippet:-1","max-image-preview":"max-image-preview:large","max-video-preview":"max-video-preview:-1"},"canonical":"https:\/\/www.organisator.ch\/de\/marketing\/2022-08-25\/swiss-marketing-386-marketing-und-272-neue-verkaufsfachleute\/","og_locale":"de_DE","og_type":"article","og_title":"Swiss Marketing: 386 Marketing- und 272 neue Verkaufsfachleute - Organisator","og_description":"Die Jahrgangsbesten der eidg. Berufspr\u00fcfung f\u00fcr Marketing- und Verkaufsfachleute wurden mit dem Swiss Marketing-Award ausgezeichnet.","og_url":"https:\/\/www.organisator.ch\/de\/marketing\/2022-08-25\/swiss-marketing-386-marketing-und-272-neue-verkaufsfachleute\/","og_site_name":"Organisator","article_publisher":"https:\/\/www.facebook.com\/OrganisatorFachmagazin","article_published_time":"2022-08-25T09:57:04+00:00","article_modified_time":"2024-11-22T07:53:41+00:00","author":"galledia","twitter_card":"summary_large_image","twitter_creator":"@admin","schema":{"@context":"https:\/\/schema.org","@graph":[{"@type":"Article","@id":"https:\/\/www.organisator.ch\/marketing\/2022-08-25\/swiss-marketing-386-marketing-und-272-neue-verkaufsfachleute\/#article","isPartOf":{"@id":"https:\/\/www.organisator.ch\/marketing\/2022-08-25\/swiss-marketing-386-marketing-und-272-neue-verkaufsfachleute\/"},"author":{"name":"galledia","@id":"https:\/\/www.organisator.ch\/#\/schema\/person\/4e51799071cd2dd1232ac003643ef5f0"},"headline":"Swiss Marketing: 386 Marketing- und 272 neue Verkaufsfachleute","datePublished":"2022-08-25T09:57:04+00:00","dateModified":"2024-11-22T07:53:41+00:00","mainEntityOfPage":{"@id":"https:\/\/www.organisator.ch\/marketing\/2022-08-25\/swiss-marketing-386-marketing-und-272-neue-verkaufsfachleute\/"},"wordCount":237,"publisher":{"@id":"https:\/\/www.organisator.ch\/#organization"},"image":{"@id":"https:\/\/www.organisator.ch\/marketing\/2022-08-25\/swiss-marketing-386-marketing-und-272-neue-verkaufsfachleute\/#primaryimage"},"thumbnailUrl":"https:\/\/www.werbewoche.ch\/wp-content\/uploads\/2022\/08\/marketingauszeichnung1200werbewoche.ch_.png","keywords":["Award","Berufspr\u00fcfung","Jahrgangsbesten","Marketing","Swiss"],"articleSection":["MARKETING"],"inLanguage":"de"},{"@type":"WebPage","@id":"https:\/\/www.organisator.ch\/marketing\/2022-08-25\/swiss-marketing-386-marketing-und-272-neue-verkaufsfachleute\/","url":"https:\/\/www.organisator.ch\/marketing\/2022-08-25\/swiss-marketing-386-marketing-und-272-neue-verkaufsfachleute\/","name":"Swiss Marketing: 386 Marketing- und 272 neue Verkaufsfachleute - Organisator","isPartOf":{"@id":"https:\/\/www.organisator.ch\/#website"},"primaryImageOfPage":{"@id":"https:\/\/www.organisator.ch\/marketing\/2022-08-25\/swiss-marketing-386-marketing-und-272-neue-verkaufsfachleute\/#primaryimage"},"image":{"@id":"https:\/\/www.organisator.ch\/marketing\/2022-08-25\/swiss-marketing-386-marketing-und-272-neue-verkaufsfachleute\/#primaryimage"},"thumbnailUrl":"https:\/\/www.werbewoche.ch\/wp-content\/uploads\/2022\/08\/marketingauszeichnung1200werbewoche.ch_.png","datePublished":"2022-08-25T09:57:04+00:00","dateModified":"2024-11-22T07:53:41+00:00","description":"Die Jahrgangsbesten der eidg. Berufspr\u00fcfung f\u00fcr Marketing- und Verkaufsfachleute wurden mit dem Swiss Marketing-Award ausgezeichnet.","breadcrumb":{"@id":"https:\/\/www.organisator.ch\/marketing\/2022-08-25\/swiss-marketing-386-marketing-und-272-neue-verkaufsfachleute\/#breadcrumb"},"inLanguage":"de","potentialAction":[{"@type":"ReadAction","target":["https:\/\/www.organisator.ch\/marketing\/2022-08-25\/swiss-marketing-386-marketing-und-272-neue-verkaufsfachleute\/"]}]},{"@type":"ImageObject","inLanguage":"de","@id":"https:\/\/www.organisator.ch\/marketing\/2022-08-25\/swiss-marketing-386-marketing-und-272-neue-verkaufsfachleute\/#primaryimage","url":"https:\/\/www.werbewoche.ch\/wp-content\/uploads\/2022\/08\/marketingauszeichnung1200werbewoche.ch_.png","contentUrl":"https:\/\/www.werbewoche.ch\/wp-content\/uploads\/2022\/08\/marketingauszeichnung1200werbewoche.ch_.png"},{"@type":"BreadcrumbList","@id":"https:\/\/www.organisator.ch\/marketing\/2022-08-25\/swiss-marketing-386-marketing-und-272-neue-verkaufsfachleute\/#breadcrumb","itemListElement":[{"@type":"ListItem","position":1,"name":"Home","item":"https:\/\/www.organisator.ch\/"},{"@type":"ListItem","position":2,"name":"Swiss Marketing: 386 Marketing- und 272 neue Verkaufsfachleute"}]},{"@type":"WebSite","@id":"https:\/\/www.organisator.ch\/#website","url":"https:\/\/www.organisator.ch\/","name":"Organisator","description":"Kompetent. Praxisnah. Der ORGANISATOR bereitet in 10 Ausgaben pro Jahr die wesentlichen Themen f\u00fcr F\u00fchrungskr\u00e4fte von KMU auf.","publisher":{"@id":"https:\/\/www.organisator.ch\/#organization"},"potentialAction":[{"@type":"SearchAction","target":{"@type":"EntryPoint","urlTemplate":"https:\/\/www.organisator.ch\/?s={search_term_string}"},"query-input":{"@type":"PropertyValueSpecification","valueRequired":true,"valueName":"search_term_string"}}],"inLanguage":"de"},{"@type":"Organization","@id":"https:\/\/www.organisator.ch\/#organization","name":"Organisator","url":"https:\/\/www.organisator.ch\/","logo":{"@type":"ImageObject","inLanguage":"de","@id":"https:\/\/www.organisator.ch\/#\/schema\/logo\/image\/","url":"https:\/\/www.organisator.ch\/wp-content\/uploads\/2022\/01\/Logo_Organisator_Website.png","contentUrl":"https:\/\/www.organisator.ch\/wp-content\/uploads\/2022\/01\/Logo_Organisator_Website.png","width":800,"height":77,"caption":"Organisator"},"image":{"@id":"https:\/\/www.organisator.ch\/#\/schema\/logo\/image\/"},"sameAs":["https:\/\/www.facebook.com\/OrganisatorFachmagazin","https:\/\/www.linkedin.com\/showcase\/organisator-das-magazin-fr-kmu","https:\/\/www.xing.com\/news\/pages\/organisator-ch-695","https:\/\/www.youtube.com\/channel\/UCGP2Sq0iWaZwT3BdIAQFYpw"]},{"@type":"Person","@id":"https:\/\/www.organisator.ch\/#\/schema\/person\/4e51799071cd2dd1232ac003643ef5f0","name":"galledia","image":{"@type":"ImageObject","inLanguage":"de","@id":"https:\/\/secure.gravatar.com\/avatar\/78a7f90c01fc2bfc875782a0d4922b37cde2cf184ce347b91316d23cd7f69a36?s=96&d=mm&r=g","url":"https:\/\/secure.gravatar.com\/avatar\/78a7f90c01fc2bfc875782a0d4922b37cde2cf184ce347b91316d23cd7f69a36?s=96&d=mm&r=g","contentUrl":"https:\/\/secure.gravatar.com\/avatar\/78a7f90c01fc2bfc875782a0d4922b37cde2cf184ce347b91316d23cd7f69a36?s=96&d=mm&r=g","caption":"galledia"},"sameAs":["https:\/\/x.com\/admin"],"url":"https:\/\/www.organisator.ch\/de\/author\/galledia\/"}]}},"_links":{"self":[{"href":"https:\/\/www.organisator.ch\/de\/wp-json\/wp\/v2\/posts\/16696","targetHints":{"allow":["GET"]}}],"collection":[{"href":"https:\/\/www.organisator.ch\/de\/wp-json\/wp\/v2\/posts"}],"about":[{"href":"https:\/\/www.organisator.ch\/de\/wp-json\/wp\/v2\/types\/post"}],"author":[{"embeddable":true,"href":"https:\/\/www.organisator.ch\/de\/wp-json\/wp\/v2\/users\/8"}],"replies":[{"embeddable":true,"href":"https:\/\/www.organisator.ch\/de\/wp-json\/wp\/v2\/comments?post=16696"}],"version-history":[{"count":4,"href":"https:\/\/www.organisator.ch\/de\/wp-json\/wp\/v2\/posts\/16696\/revisions"}],"predecessor-version":[{"id":33875,"href":"https:\/\/www.organisator.ch\/de\/wp-json\/wp\/v2\/posts\/16696\/revisions\/33875"}],"wp:attachment":[{"href":"https:\/\/www.organisator.ch\/de\/wp-json\/wp\/v2\/media?parent=16696"}],"wp:term":[{"taxonomy":"category","embeddable":true,"href":"https:\/\/www.organisator.ch\/de\/wp-json\/wp\/v2\/categories?post=16696"},{"taxonomy":"post_tag","embeddable":true,"href":"https:\/\/www.organisator.ch\/de\/wp-json\/wp\/v2\/tags?post=16696"}],"curies":[{"name":"wp","href":"https:\/\/api.w.org\/{rel}","templated":true}]}}