{"id":1671,"date":"2018-05-03T16:45:58","date_gmt":"2018-05-03T14:45:58","guid":{"rendered":"https:\/\/www.umweltperspektiven.ch\/?p=1671"},"modified":"2022-02-09T11:05:37","modified_gmt":"2022-02-09T10:05:37","slug":"erste-europaweite-datenbank-fuer-sekundaerrohstoffe","status":"publish","type":"post","link":"https:\/\/www.organisator.ch\/de\/sustainability\/2018-05-03\/erste-europaweite-datenbank-fuer-sekundaerrohstoffe\/","title":{"rendered":"Erste europaweite Datenbank f\u00fcr Sekund\u00e4rrohstoffe"},"content":{"rendered":"<div class=\"std-paragraph-block\">\n<div class=\"std-art-paragraph\">\n<figure id=\"attachment_1672\" aria-describedby=\"caption-attachment-1672\" style=\"width: 680px\" class=\"wp-caption alignnone\"><img loading=\"lazy\" decoding=\"async\" class=\"size-medium wp-image-1672\" src=\"\/\/www.umweltperspektiven.ch\/wp-content\/uploads\/2018\/05\/Erste-europaweite-Datenbank-f\u00fcr-Sekund\u00e4rrohstoffe-up-umweltperspektiven.jpeg\" alt=\"\" width=\"680\" height=\"383\" \/><figcaption id=\"caption-attachment-1672\" class=\"wp-caption-text\">Jede Europ\u00e4erin, jeder Europ\u00e4er besitzt durchschnittlich 250 kg an elektrischen und elektronischen Ger\u00e4ten, Platinen, Batterien, etc.. (Bild: EMPA)<\/figcaption><\/figure>\n<\/div>\n<div><\/div>\n<p class=\"std-art-paragraph\">Wo stecken eigentlich \u00fcberall Sekund\u00e4rrohstoffe? Dazu kommen 15 kg Blei-Batterien und 2 kg Batterien anderer Art, davon 500 g Lithium-Ionen-Akkus, sowie ein 60-kg-Anteil eines Automobils. All diese G\u00fcter gehen irgendwann kaputt oder veralten. Einiges davon wird weggeworfen und rezykliert, anderes auf Plattformen wie Ebay und Ricardo wieder ver\u00e4ussert. Betr\u00e4chtliche Mengen landen in Schubladen, Schr\u00e4nken und Garagen, wo sie eigentliche Rohstofflager bilden.<\/p>\n<p class=\"std-art-paragraph\"><strong>Ein Haufen fragmentierter Daten<\/strong><\/p>\n<\/div>\n<div class=\"std-paragraph-block\">\n<div class=\"std-art-paragraph\">\n<p>Daten zu Vorkommen und Verteilung von kritischen Rohstoffen in Produkten, Komponenten und Abf\u00e4llen wurden in den vergangenen Jahren von verschiedenster Seite generiert, etwa von Forschungs-institutionen, Industrie, Regierungsstellen und Nichtregierungsorganisationen, und in unterschiedlichsten Datenbanken, Formaten und Berichten abgelegt. Doch niemand hatte bislang diese Daten so zusammengetragen und aufbereitet, dass Recyc-lingindustrie, Beh\u00f6rden und politische Entscheider in der Lage gewesen w\u00e4ren, all diese Rohstoffe in eine wirt-schaftlich und \u00f6kologisch sinnvolle Zukunftsplanung einzubeziehen.<\/p>\n<p>Dieser Herausforderung hat sich das vom EU-Forschungsprogramm \u00abHorizon 2020\u00bb finanzierte Projekt \u00abPros-pecting Secondary Raw Materials in the Urban Mine and Mining Waste\u00bb (ProSUM) gestellt (<a href=\"\/\/www.prosumproject.eu\">www.prosumproject.eu<\/a>), an dem neben 17 Forschungseinrichtungen aus 12 L\u00e4ndern gleich drei Empa-Abteilungen beteiligt waren, allen voran die Abteilung \u00abTechnologie und Gesellschaft\u00bb, die f\u00fcr das Work Package \u00abProduct<br \/>\nCharacterization\u00bb verantwortlich war.<\/p>\n<p>Die von Patrick W\u00e4ger geleitete Abteilung forscht seit vielen Jahren international vernetzt an Recycling-Systemen. Ein Forschungsschwerpunkt liegt auf dem Umgang mit Elektro- und Elektronikabf\u00e4llen, \u2013 so genannter e-waste \u2013 in der Schweiz sowie in Entwicklungs- und Schwellenl\u00e4ndern. In den vergangenen Jahren dehnte sich der Fokus der Forschungsaktivit\u00e4ten aus auf kritische Rohstoffe wie Indium, Seltenerdelemente und Platinmetalle.<\/p>\n<\/div>\n<\/div>\n<div class=\"std-paragraph-block\">\n<p><strong>Eine junge Wissenschaft<\/strong><\/p>\n<div class=\"std-art-paragraph\">\n<p>Empa-Forscher Heinz B\u00f6ni besch\u00e4ftigt sich mit seinem Team mit der Rolle kritischer Rohstoffe im \u00abgesellschaftli-chen Metabolismus\u00bb. So bezeichnen Umweltforscher, in Analogie zum k\u00f6rperlichen Stoffwechsel, die durch ge-sellschaftliche Aktivit\u00e4ten ausgel\u00f6sten Stoff- und Energiestr\u00f6me. Die Erforschung dieses gesellschaftlichen Stoff-wechsels ist eine relativ junge Wissenschaft, deren Grundlagen Peter Baccini und Paul Brunner in den sp\u00e4ten 1980er-Jahren an der Eawag, dem Wasserforschungsinstitut des ETH-Bereichs, erarbeiteten. Seit 2007 besch\u00e4ftigt sich vor allem eine Forschungsgruppe an der Yale University systematisch mit der Beurteilung von Rohstoffversorgungs-risiken; die Yale-Forscher haben unter anderem eine \u00abKritikalit\u00e4tsmatrix\u00bb entwickelt, auf deren Grundlage die EU 2010 eine erste Studie zur Kritikalit\u00e4t von Rohstoffen ver\u00f6ffentlichte.<\/p>\n<p>B\u00f6nis Team fokussiert sich insbesondere auf das Schliessen von Stoffkreisl\u00e4ufen seltener Metalle und kritischer Rohstoffe. So befassten sich die Forschenden etwa in einem vom Bundesamt f\u00fcr Umwelt (BAFU) finanzierten Projekt mit der R\u00fcckgewinnung von Neodym, das man zum Beispiel in den Schwingspulenmagneten von Fest-plattenlaufwerken findet, und mit dem Rezyklieren von Indium, das in Flachbildschirmen vorkommt. Derzeit arbeiten die Empa-Forscher an M\u00f6glichkeiten, seltene Metalle aus elektrischen und elektronischen Fahrzeugkomponenten wiederzugewinnen und auf diese Weise im Stoffkreislauf zu halten.<\/p>\n<div>\n<div class=\"std-art-embedded-image\">\n<div class=\"std-art-img-row\">\n<div class=\"std-art-img-cell\"><a href=\"\/\/www.urbanmineplatform.eu\/\"><img decoding=\"async\" src=\"\/\/www.empa.ch\/documents\/56164\/3787049\/screenshot-Prosumportal-web.jpg\/e8a5193a-6b8d-4ac7-b4b9-bc048b7b2329?t=1523539534690\" alt=\"\/documents\/56164\/3787049\/screenshot-Prosumportal-web.jpg\/e8a5193a-6b8d-4ac7-b4b9-bc048b7b2329?t=1523539534690\" \/><\/a><\/div>\n<\/div>\n<div><\/div>\n<div class=\"std-art-img-caption-embedded\">Screenshot of<a href=\"\/\/www.urbanmineplatform.eu\"> www.urbanmineplatform.eu<\/a><\/div>\n<div><\/div>\n<div><\/div>\n<div class=\"std-art-img-caption-embedded\"><strong>Forscher aus ganz Europa erschaffen die Datenbank<\/strong><\/div>\n<\/div>\n<\/div>\n<\/div>\n<\/div>\n<div class=\"std-paragraph-block\">\n<div class=\"std-art-paragraph\">\n<p>Forscher der Technischen Universit\u00e4t Delft waren es, die die Schweizer schliesslich um eine Teilnahme am Pro-SUM-Projekt anfragten. \u00abDie Kollegen kannten uns gut aus der Zusammenarbeit in anderen Projekten\u00bb, so Patrick W\u00e4ger, der eines der f\u00fcnf ProSUM Work Packages leitete. Den Ausgangspunkt bildete eine Datenbank f\u00fcr mineralische Rohstoffe in den EU-Staaten, die das franz\u00f6sische Forschungsinstitut f\u00fcr Geologie und Bergbau (BRGM) im Rahmen eines fr\u00fcheren EU-Forschungsprojekts, \u00abMinerals4EU\u00bb, entwickelt hatte. Der Empa-Forscher Amund Loevik hatte die Aufgabe, die verstreuten Daten aus unterschiedlichen Quellen zusammenzutragen und in eine konsistente Form zu bringen. Dabei ging es in erster Linie darum, die Qualit\u00e4t der Daten zu beurteilen und sie entsprechend zu gewichten.<\/p>\n<p>Zur Bew\u00e4ltigung dieser anspruchsvollen Aufgabe holten W\u00e4ger und Co. weitere Empa-Kollegen ins Boot: Matthias R\u00f6sslein aus der Abteilung \u00abParticles-Biology Interactions\u00bb unterst\u00fctzte Loevik bei der Aufbereitung und Bewertung der Daten mit Hilfe statistischer Methoden. Analytik-Experte Renato Figi und sein Team aus der Abteilung \u00abAdvanced Analytical Technologies\u00bb entwickelten und validierten neue Methoden zur Probenahme, Proben-aufbereitung und chemischen Analyse (siehe Seite 16). Zentral war dabei die Bestimmung des Gehaltes kritischer Rohstoffe in ausgew\u00e4hlten Produkten und in Fraktionen aus der Aufbereitung von Altbatterien, Elektro- und Elektronikaltger\u00e4ten sowie in diversen Schredderfraktionen von Altfahrzeugen.<\/p>\n<p>Im Januar 2018 wurde die ProSUM-Datenbank auf <a href=\"\/\/www.urbanmineplatform.eu\">www.urbanmineplatform.eu<\/a> schliesslich der \u00d6ffentlichkeit zug\u00e4nglich gemacht. Die \u00abUrban Mine Platform\u00bb enth\u00e4lt Datens\u00e4tze zu Fl\u00fcssen, Lagern, Zusammensetzung und Abfallstr\u00f6men von Batterien, Elektro- und Elektronikger\u00e4ten sowie von Fahrzeugen. Damit k\u00f6nnen Forschende, die Recyclingwirtschaft und politische Entscheidungstr\u00e4ger gezielt Informationen zu vergangenen und zuk\u00fcnftigen Entwicklungen abfragen, etwa um die Rohstoffpotenziale bestimmter Lager der urbanen Mine abzusch\u00e4tzen oder um innovative R\u00fcckgewinnungsstrategien zu entwickeln. (Quelle: EMPA)<\/p>\n<\/div>\n<\/div>\n","protected":false},"excerpt":{"rendered":"<p>Wo stecken eigentlich \u00fcberall Sekund\u00e4rrohstoffe? Dazu kommen 15 kg Blei-Batterien und 2 kg Batterien anderer Art, davon 500 g Lithium-Ionen-Akkus, sowie ein 60-kg-Anteil eines Automobils. All diese G\u00fcter gehen irgendwann kaputt oder veralten. Einiges davon wird weggeworfen und rezykliert, anderes auf Plattformen wie Ebay und Ricardo wieder ver\u00e4ussert. Betr\u00e4chtliche Mengen landen in Schubladen, Schr\u00e4nken und [&hellip;]<\/p>\n","protected":false},"author":5,"featured_media":9551,"comment_status":"open","ping_status":"open","sticky":false,"template":"","format":"standard","meta":{"_acf_changed":false,"_yoast_wpseo_focuskw":"Sekund\u00e4rrohstoffe","_yoast_wpseo_metadesc":"Im Januar 2018 ging die erste europaweite Datenbank f\u00fcr Sekund\u00e4rrohstoffe, darunter viele \u00abkritische\u00bb Rohstoffe, online, wie die EMPA berichtet.","articlekey":"","footnotes":""},"categories":[580],"tags":[654,1007,1033,2102],"class_list":["post-1671","post","type-post","status-publish","format-standard","has-post-thumbnail","hentry","category-sustainability","tag-abfall","tag-e-recycling","tag-elektro-schrott","tag-sekundaerrohstoffe"],"acf":[],"yoast_head":"<!-- This site is optimized with the Yoast SEO plugin v27.4 - https:\/\/yoast.com\/product\/yoast-seo-wordpress\/ -->\n<title>Erste europaweite Datenbank f\u00fcr Sekund\u00e4rrohstoffe - Organisator<\/title>\n<meta name=\"description\" content=\"Im Januar 2018 ging die erste europaweite Datenbank f\u00fcr Sekund\u00e4rrohstoffe, darunter viele \u00abkritische\u00bb Rohstoffe, online, wie die EMPA berichtet.\" \/>\n<meta name=\"robots\" content=\"index, follow, max-snippet:-1, max-image-preview:large, max-video-preview:-1\" \/>\n<link rel=\"canonical\" href=\"https:\/\/www.organisator.ch\/de\/sustainability\/2018-05-03\/erste-europaweite-datenbank-fuer-sekundaerrohstoffe\/\" \/>\n<meta property=\"og:locale\" content=\"de_DE\" \/>\n<meta property=\"og:type\" content=\"article\" \/>\n<meta property=\"og:title\" content=\"Erste europaweite Datenbank f\u00fcr Sekund\u00e4rrohstoffe - Organisator\" \/>\n<meta property=\"og:description\" content=\"Im Januar 2018 ging die erste europaweite Datenbank f\u00fcr Sekund\u00e4rrohstoffe, darunter viele \u00abkritische\u00bb Rohstoffe, online, wie die EMPA berichtet.\" \/>\n<meta property=\"og:url\" content=\"https:\/\/www.organisator.ch\/de\/sustainability\/2018-05-03\/erste-europaweite-datenbank-fuer-sekundaerrohstoffe\/\" \/>\n<meta property=\"og:site_name\" content=\"Organisator\" \/>\n<meta property=\"article:publisher\" content=\"https:\/\/www.facebook.com\/OrganisatorFachmagazin\" \/>\n<meta property=\"article:published_time\" content=\"2018-05-03T14:45:58+00:00\" \/>\n<meta property=\"article:modified_time\" content=\"2022-02-09T10:05:37+00:00\" \/>\n<meta property=\"og:image\" content=\"https:\/\/www.organisator.ch\/wp-content\/uploads\/2018\/05\/Erste-europaweite-Datenbank-fuer-Sekundaerrohstoffe-up-umweltperspektiven.jpeg\" \/>\n\t<meta property=\"og:image:width\" content=\"870\" \/>\n\t<meta property=\"og:image:height\" content=\"490\" \/>\n\t<meta property=\"og:image:type\" content=\"image\/jpeg\" \/>\n<meta name=\"author\" content=\"michael.merz\" \/>\n<meta name=\"twitter:card\" content=\"summary_large_image\" \/>\n<script type=\"application\/ld+json\" class=\"yoast-schema-graph\">{\"@context\":\"https:\\\/\\\/schema.org\",\"@graph\":[{\"@type\":\"Article\",\"@id\":\"https:\\\/\\\/www.organisator.ch\\\/sustainability\\\/2018-05-03\\\/erste-europaweite-datenbank-fuer-sekundaerrohstoffe\\\/#article\",\"isPartOf\":{\"@id\":\"https:\\\/\\\/www.organisator.ch\\\/sustainability\\\/2018-05-03\\\/erste-europaweite-datenbank-fuer-sekundaerrohstoffe\\\/\"},\"author\":{\"name\":\"michael.merz\",\"@id\":\"https:\\\/\\\/www.organisator.ch\\\/#\\\/schema\\\/person\\\/134708ca9321c57b0362cceb7948ffbd\"},\"headline\":\"Erste europaweite Datenbank f\u00fcr Sekund\u00e4rrohstoffe\",\"datePublished\":\"2018-05-03T14:45:58+00:00\",\"dateModified\":\"2022-02-09T10:05:37+00:00\",\"mainEntityOfPage\":{\"@id\":\"https:\\\/\\\/www.organisator.ch\\\/sustainability\\\/2018-05-03\\\/erste-europaweite-datenbank-fuer-sekundaerrohstoffe\\\/\"},\"wordCount\":780,\"commentCount\":0,\"publisher\":{\"@id\":\"https:\\\/\\\/www.organisator.ch\\\/#organization\"},\"image\":{\"@id\":\"https:\\\/\\\/www.organisator.ch\\\/sustainability\\\/2018-05-03\\\/erste-europaweite-datenbank-fuer-sekundaerrohstoffe\\\/#primaryimage\"},\"thumbnailUrl\":\"https:\\\/\\\/www.organisator.ch\\\/wp-content\\\/uploads\\\/2018\\\/05\\\/Erste-europaweite-Datenbank-fuer-Sekundaerrohstoffe-up-umweltperspektiven.jpeg\",\"keywords\":[\"Abfall\",\"E-Recycling\",\"Elektro-Schrott\",\"Sekund\u00e4rrohstoffe\"],\"articleSection\":[\"SUSTAINABILITY\"],\"inLanguage\":\"de\"},{\"@type\":\"WebPage\",\"@id\":\"https:\\\/\\\/www.organisator.ch\\\/sustainability\\\/2018-05-03\\\/erste-europaweite-datenbank-fuer-sekundaerrohstoffe\\\/\",\"url\":\"https:\\\/\\\/www.organisator.ch\\\/sustainability\\\/2018-05-03\\\/erste-europaweite-datenbank-fuer-sekundaerrohstoffe\\\/\",\"name\":\"Erste europaweite Datenbank f\u00fcr Sekund\u00e4rrohstoffe - Organisator\",\"isPartOf\":{\"@id\":\"https:\\\/\\\/www.organisator.ch\\\/#website\"},\"primaryImageOfPage\":{\"@id\":\"https:\\\/\\\/www.organisator.ch\\\/sustainability\\\/2018-05-03\\\/erste-europaweite-datenbank-fuer-sekundaerrohstoffe\\\/#primaryimage\"},\"image\":{\"@id\":\"https:\\\/\\\/www.organisator.ch\\\/sustainability\\\/2018-05-03\\\/erste-europaweite-datenbank-fuer-sekundaerrohstoffe\\\/#primaryimage\"},\"thumbnailUrl\":\"https:\\\/\\\/www.organisator.ch\\\/wp-content\\\/uploads\\\/2018\\\/05\\\/Erste-europaweite-Datenbank-fuer-Sekundaerrohstoffe-up-umweltperspektiven.jpeg\",\"datePublished\":\"2018-05-03T14:45:58+00:00\",\"dateModified\":\"2022-02-09T10:05:37+00:00\",\"description\":\"Im Januar 2018 ging die erste europaweite Datenbank f\u00fcr Sekund\u00e4rrohstoffe, darunter viele \u00abkritische\u00bb Rohstoffe, online, wie die EMPA berichtet.\",\"breadcrumb\":{\"@id\":\"https:\\\/\\\/www.organisator.ch\\\/sustainability\\\/2018-05-03\\\/erste-europaweite-datenbank-fuer-sekundaerrohstoffe\\\/#breadcrumb\"},\"inLanguage\":\"de\",\"potentialAction\":[{\"@type\":\"ReadAction\",\"target\":[\"https:\\\/\\\/www.organisator.ch\\\/sustainability\\\/2018-05-03\\\/erste-europaweite-datenbank-fuer-sekundaerrohstoffe\\\/\"]}]},{\"@type\":\"ImageObject\",\"inLanguage\":\"de\",\"@id\":\"https:\\\/\\\/www.organisator.ch\\\/sustainability\\\/2018-05-03\\\/erste-europaweite-datenbank-fuer-sekundaerrohstoffe\\\/#primaryimage\",\"url\":\"https:\\\/\\\/www.organisator.ch\\\/wp-content\\\/uploads\\\/2018\\\/05\\\/Erste-europaweite-Datenbank-fuer-Sekundaerrohstoffe-up-umweltperspektiven.jpeg\",\"contentUrl\":\"https:\\\/\\\/www.organisator.ch\\\/wp-content\\\/uploads\\\/2018\\\/05\\\/Erste-europaweite-Datenbank-fuer-Sekundaerrohstoffe-up-umweltperspektiven.jpeg\",\"width\":870,\"height\":490,\"caption\":\"Jede Europ\u00e4erin, jeder Europ\u00e4er besitzt durchschnittlich 250 kg an elektrischen und elektronischen Ger\u00e4ten, Platinen, Batterien, etc.. (Bild: EMPA)\"},{\"@type\":\"BreadcrumbList\",\"@id\":\"https:\\\/\\\/www.organisator.ch\\\/sustainability\\\/2018-05-03\\\/erste-europaweite-datenbank-fuer-sekundaerrohstoffe\\\/#breadcrumb\",\"itemListElement\":[{\"@type\":\"ListItem\",\"position\":1,\"name\":\"Home\",\"item\":\"https:\\\/\\\/www.organisator.ch\\\/\"},{\"@type\":\"ListItem\",\"position\":2,\"name\":\"Erste europaweite Datenbank f\u00fcr Sekund\u00e4rrohstoffe\"}]},{\"@type\":\"WebSite\",\"@id\":\"https:\\\/\\\/www.organisator.ch\\\/#website\",\"url\":\"https:\\\/\\\/www.organisator.ch\\\/\",\"name\":\"Organisator\",\"description\":\"Kompetent. Praxisnah. Der ORGANISATOR bereitet in 10 Ausgaben pro Jahr die wesentlichen Themen f\u00fcr F\u00fchrungskr\u00e4fte von KMU auf.\",\"publisher\":{\"@id\":\"https:\\\/\\\/www.organisator.ch\\\/#organization\"},\"potentialAction\":[{\"@type\":\"SearchAction\",\"target\":{\"@type\":\"EntryPoint\",\"urlTemplate\":\"https:\\\/\\\/www.organisator.ch\\\/?s={search_term_string}\"},\"query-input\":{\"@type\":\"PropertyValueSpecification\",\"valueRequired\":true,\"valueName\":\"search_term_string\"}}],\"inLanguage\":\"de\"},{\"@type\":\"Organization\",\"@id\":\"https:\\\/\\\/www.organisator.ch\\\/#organization\",\"name\":\"Organisator\",\"url\":\"https:\\\/\\\/www.organisator.ch\\\/\",\"logo\":{\"@type\":\"ImageObject\",\"inLanguage\":\"de\",\"@id\":\"https:\\\/\\\/www.organisator.ch\\\/#\\\/schema\\\/logo\\\/image\\\/\",\"url\":\"https:\\\/\\\/www.organisator.ch\\\/wp-content\\\/uploads\\\/2022\\\/01\\\/Logo_Organisator_Website.png\",\"contentUrl\":\"https:\\\/\\\/www.organisator.ch\\\/wp-content\\\/uploads\\\/2022\\\/01\\\/Logo_Organisator_Website.png\",\"width\":800,\"height\":77,\"caption\":\"Organisator\"},\"image\":{\"@id\":\"https:\\\/\\\/www.organisator.ch\\\/#\\\/schema\\\/logo\\\/image\\\/\"},\"sameAs\":[\"https:\\\/\\\/www.facebook.com\\\/OrganisatorFachmagazin\",\"https:\\\/\\\/www.linkedin.com\\\/showcase\\\/organisator-das-magazin-fr-kmu\",\"https:\\\/\\\/www.xing.com\\\/news\\\/pages\\\/organisator-ch-695\",\"https:\\\/\\\/www.youtube.com\\\/channel\\\/UCGP2Sq0iWaZwT3BdIAQFYpw\"]},{\"@type\":\"Person\",\"@id\":\"https:\\\/\\\/www.organisator.ch\\\/#\\\/schema\\\/person\\\/134708ca9321c57b0362cceb7948ffbd\",\"name\":\"michael.merz\",\"image\":{\"@type\":\"ImageObject\",\"inLanguage\":\"de\",\"@id\":\"https:\\\/\\\/secure.gravatar.com\\\/avatar\\\/?s=96&d=mm&r=g\",\"url\":\"https:\\\/\\\/secure.gravatar.com\\\/avatar\\\/?s=96&d=mm&r=g\",\"contentUrl\":\"https:\\\/\\\/secure.gravatar.com\\\/avatar\\\/?s=96&d=mm&r=g\",\"caption\":\"michael.merz\"},\"url\":\"https:\\\/\\\/www.organisator.ch\\\/de\\\/author\\\/michael-merz\\\/\"}]}<\/script>\n<!-- \/ Yoast SEO plugin. -->","yoast_head_json":{"title":"Erste europaweite Datenbank f\u00fcr Sekund\u00e4rrohstoffe - Organisator","description":"Im Januar 2018 ging die erste europaweite Datenbank f\u00fcr Sekund\u00e4rrohstoffe, darunter viele \u00abkritische\u00bb Rohstoffe, online, wie die EMPA berichtet.","robots":{"index":"index","follow":"follow","max-snippet":"max-snippet:-1","max-image-preview":"max-image-preview:large","max-video-preview":"max-video-preview:-1"},"canonical":"https:\/\/www.organisator.ch\/de\/sustainability\/2018-05-03\/erste-europaweite-datenbank-fuer-sekundaerrohstoffe\/","og_locale":"de_DE","og_type":"article","og_title":"Erste europaweite Datenbank f\u00fcr Sekund\u00e4rrohstoffe - Organisator","og_description":"Im Januar 2018 ging die erste europaweite Datenbank f\u00fcr Sekund\u00e4rrohstoffe, darunter viele \u00abkritische\u00bb Rohstoffe, online, wie die EMPA berichtet.","og_url":"https:\/\/www.organisator.ch\/de\/sustainability\/2018-05-03\/erste-europaweite-datenbank-fuer-sekundaerrohstoffe\/","og_site_name":"Organisator","article_publisher":"https:\/\/www.facebook.com\/OrganisatorFachmagazin","article_published_time":"2018-05-03T14:45:58+00:00","article_modified_time":"2022-02-09T10:05:37+00:00","og_image":[{"width":870,"height":490,"url":"https:\/\/www.organisator.ch\/wp-content\/uploads\/2018\/05\/Erste-europaweite-Datenbank-fuer-Sekundaerrohstoffe-up-umweltperspektiven.jpeg","type":"image\/jpeg"}],"author":"michael.merz","twitter_card":"summary_large_image","schema":{"@context":"https:\/\/schema.org","@graph":[{"@type":"Article","@id":"https:\/\/www.organisator.ch\/sustainability\/2018-05-03\/erste-europaweite-datenbank-fuer-sekundaerrohstoffe\/#article","isPartOf":{"@id":"https:\/\/www.organisator.ch\/sustainability\/2018-05-03\/erste-europaweite-datenbank-fuer-sekundaerrohstoffe\/"},"author":{"name":"michael.merz","@id":"https:\/\/www.organisator.ch\/#\/schema\/person\/134708ca9321c57b0362cceb7948ffbd"},"headline":"Erste europaweite Datenbank f\u00fcr Sekund\u00e4rrohstoffe","datePublished":"2018-05-03T14:45:58+00:00","dateModified":"2022-02-09T10:05:37+00:00","mainEntityOfPage":{"@id":"https:\/\/www.organisator.ch\/sustainability\/2018-05-03\/erste-europaweite-datenbank-fuer-sekundaerrohstoffe\/"},"wordCount":780,"commentCount":0,"publisher":{"@id":"https:\/\/www.organisator.ch\/#organization"},"image":{"@id":"https:\/\/www.organisator.ch\/sustainability\/2018-05-03\/erste-europaweite-datenbank-fuer-sekundaerrohstoffe\/#primaryimage"},"thumbnailUrl":"https:\/\/www.organisator.ch\/wp-content\/uploads\/2018\/05\/Erste-europaweite-Datenbank-fuer-Sekundaerrohstoffe-up-umweltperspektiven.jpeg","keywords":["Abfall","E-Recycling","Elektro-Schrott","Sekund\u00e4rrohstoffe"],"articleSection":["SUSTAINABILITY"],"inLanguage":"de"},{"@type":"WebPage","@id":"https:\/\/www.organisator.ch\/sustainability\/2018-05-03\/erste-europaweite-datenbank-fuer-sekundaerrohstoffe\/","url":"https:\/\/www.organisator.ch\/sustainability\/2018-05-03\/erste-europaweite-datenbank-fuer-sekundaerrohstoffe\/","name":"Erste europaweite Datenbank f\u00fcr Sekund\u00e4rrohstoffe - Organisator","isPartOf":{"@id":"https:\/\/www.organisator.ch\/#website"},"primaryImageOfPage":{"@id":"https:\/\/www.organisator.ch\/sustainability\/2018-05-03\/erste-europaweite-datenbank-fuer-sekundaerrohstoffe\/#primaryimage"},"image":{"@id":"https:\/\/www.organisator.ch\/sustainability\/2018-05-03\/erste-europaweite-datenbank-fuer-sekundaerrohstoffe\/#primaryimage"},"thumbnailUrl":"https:\/\/www.organisator.ch\/wp-content\/uploads\/2018\/05\/Erste-europaweite-Datenbank-fuer-Sekundaerrohstoffe-up-umweltperspektiven.jpeg","datePublished":"2018-05-03T14:45:58+00:00","dateModified":"2022-02-09T10:05:37+00:00","description":"Im Januar 2018 ging die erste europaweite Datenbank f\u00fcr Sekund\u00e4rrohstoffe, darunter viele \u00abkritische\u00bb Rohstoffe, online, wie die EMPA berichtet.","breadcrumb":{"@id":"https:\/\/www.organisator.ch\/sustainability\/2018-05-03\/erste-europaweite-datenbank-fuer-sekundaerrohstoffe\/#breadcrumb"},"inLanguage":"de","potentialAction":[{"@type":"ReadAction","target":["https:\/\/www.organisator.ch\/sustainability\/2018-05-03\/erste-europaweite-datenbank-fuer-sekundaerrohstoffe\/"]}]},{"@type":"ImageObject","inLanguage":"de","@id":"https:\/\/www.organisator.ch\/sustainability\/2018-05-03\/erste-europaweite-datenbank-fuer-sekundaerrohstoffe\/#primaryimage","url":"https:\/\/www.organisator.ch\/wp-content\/uploads\/2018\/05\/Erste-europaweite-Datenbank-fuer-Sekundaerrohstoffe-up-umweltperspektiven.jpeg","contentUrl":"https:\/\/www.organisator.ch\/wp-content\/uploads\/2018\/05\/Erste-europaweite-Datenbank-fuer-Sekundaerrohstoffe-up-umweltperspektiven.jpeg","width":870,"height":490,"caption":"Jede Europ\u00e4erin, jeder Europ\u00e4er besitzt durchschnittlich 250 kg an elektrischen und elektronischen Ger\u00e4ten, Platinen, Batterien, etc.. (Bild: EMPA)"},{"@type":"BreadcrumbList","@id":"https:\/\/www.organisator.ch\/sustainability\/2018-05-03\/erste-europaweite-datenbank-fuer-sekundaerrohstoffe\/#breadcrumb","itemListElement":[{"@type":"ListItem","position":1,"name":"Home","item":"https:\/\/www.organisator.ch\/"},{"@type":"ListItem","position":2,"name":"Erste europaweite Datenbank f\u00fcr Sekund\u00e4rrohstoffe"}]},{"@type":"WebSite","@id":"https:\/\/www.organisator.ch\/#website","url":"https:\/\/www.organisator.ch\/","name":"Organisator","description":"Kompetent. Praxisnah. Der ORGANISATOR bereitet in 10 Ausgaben pro Jahr die wesentlichen Themen f\u00fcr F\u00fchrungskr\u00e4fte von KMU auf.","publisher":{"@id":"https:\/\/www.organisator.ch\/#organization"},"potentialAction":[{"@type":"SearchAction","target":{"@type":"EntryPoint","urlTemplate":"https:\/\/www.organisator.ch\/?s={search_term_string}"},"query-input":{"@type":"PropertyValueSpecification","valueRequired":true,"valueName":"search_term_string"}}],"inLanguage":"de"},{"@type":"Organization","@id":"https:\/\/www.organisator.ch\/#organization","name":"Organisator","url":"https:\/\/www.organisator.ch\/","logo":{"@type":"ImageObject","inLanguage":"de","@id":"https:\/\/www.organisator.ch\/#\/schema\/logo\/image\/","url":"https:\/\/www.organisator.ch\/wp-content\/uploads\/2022\/01\/Logo_Organisator_Website.png","contentUrl":"https:\/\/www.organisator.ch\/wp-content\/uploads\/2022\/01\/Logo_Organisator_Website.png","width":800,"height":77,"caption":"Organisator"},"image":{"@id":"https:\/\/www.organisator.ch\/#\/schema\/logo\/image\/"},"sameAs":["https:\/\/www.facebook.com\/OrganisatorFachmagazin","https:\/\/www.linkedin.com\/showcase\/organisator-das-magazin-fr-kmu","https:\/\/www.xing.com\/news\/pages\/organisator-ch-695","https:\/\/www.youtube.com\/channel\/UCGP2Sq0iWaZwT3BdIAQFYpw"]},{"@type":"Person","@id":"https:\/\/www.organisator.ch\/#\/schema\/person\/134708ca9321c57b0362cceb7948ffbd","name":"michael.merz","image":{"@type":"ImageObject","inLanguage":"de","@id":"https:\/\/secure.gravatar.com\/avatar\/?s=96&d=mm&r=g","url":"https:\/\/secure.gravatar.com\/avatar\/?s=96&d=mm&r=g","contentUrl":"https:\/\/secure.gravatar.com\/avatar\/?s=96&d=mm&r=g","caption":"michael.merz"},"url":"https:\/\/www.organisator.ch\/de\/author\/michael-merz\/"}]}},"_links":{"self":[{"href":"https:\/\/www.organisator.ch\/de\/wp-json\/wp\/v2\/posts\/1671","targetHints":{"allow":["GET"]}}],"collection":[{"href":"https:\/\/www.organisator.ch\/de\/wp-json\/wp\/v2\/posts"}],"about":[{"href":"https:\/\/www.organisator.ch\/de\/wp-json\/wp\/v2\/types\/post"}],"author":[{"embeddable":true,"href":"https:\/\/www.organisator.ch\/de\/wp-json\/wp\/v2\/users\/5"}],"replies":[{"embeddable":true,"href":"https:\/\/www.organisator.ch\/de\/wp-json\/wp\/v2\/comments?post=1671"}],"version-history":[{"count":1,"href":"https:\/\/www.organisator.ch\/de\/wp-json\/wp\/v2\/posts\/1671\/revisions"}],"predecessor-version":[{"id":10418,"href":"https:\/\/www.organisator.ch\/de\/wp-json\/wp\/v2\/posts\/1671\/revisions\/10418"}],"wp:featuredmedia":[{"embeddable":true,"href":"https:\/\/www.organisator.ch\/de\/wp-json\/wp\/v2\/media\/9551"}],"wp:attachment":[{"href":"https:\/\/www.organisator.ch\/de\/wp-json\/wp\/v2\/media?parent=1671"}],"wp:term":[{"taxonomy":"category","embeddable":true,"href":"https:\/\/www.organisator.ch\/de\/wp-json\/wp\/v2\/categories?post=1671"},{"taxonomy":"post_tag","embeddable":true,"href":"https:\/\/www.organisator.ch\/de\/wp-json\/wp\/v2\/tags?post=1671"}],"curies":[{"name":"wp","href":"https:\/\/api.w.org\/{rel}","templated":true}]}}