{"id":16718,"date":"2022-08-29T08:48:32","date_gmt":"2022-08-29T06:48:32","guid":{"rendered":"https:\/\/www.organisator.ch\/?p=16718"},"modified":"2022-08-29T08:48:32","modified_gmt":"2022-08-29T06:48:32","slug":"kv-zuerich-startet-mit-premiere-ins-schuljahr-2022-23","status":"publish","type":"post","link":"https:\/\/www.organisator.ch\/de\/weiterbildung\/2022-08-29\/kv-zuerich-startet-mit-premiere-ins-schuljahr-2022-23\/","title":{"rendered":"KV Z\u00fcrich startet mit Premiere ins Schuljahr 2022\/23"},"content":{"rendered":"<figure id=\"attachment_16719\" aria-describedby=\"caption-attachment-16719\" style=\"width: 680px\" class=\"wp-caption alignnone\"><img loading=\"lazy\" decoding=\"async\" class=\"size-full wp-image-16719\" src=\"https:\/\/www.organisator.ch\/wp-content\/uploads\/2022\/08\/KV-Zurich-startet-mit-Premiere-ins-Schuljahr-2022-23_Organisator.jpg\" alt=\"\" width=\"680\" height=\"390\" srcset=\"https:\/\/www.organisator.ch\/wp-content\/uploads\/2022\/08\/KV-Zurich-startet-mit-Premiere-ins-Schuljahr-2022-23_Organisator.jpg 680w, https:\/\/www.organisator.ch\/wp-content\/uploads\/2022\/08\/KV-Zurich-startet-mit-Premiere-ins-Schuljahr-2022-23_Organisator-18x10.jpg 18w, https:\/\/www.organisator.ch\/wp-content\/uploads\/2022\/08\/KV-Zurich-startet-mit-Premiere-ins-Schuljahr-2022-23_Organisator-305x175.jpg 305w, https:\/\/www.organisator.ch\/wp-content\/uploads\/2022\/08\/KV-Zurich-startet-mit-Premiere-ins-Schuljahr-2022-23_Organisator-610x350.jpg 610w, https:\/\/www.organisator.ch\/wp-content\/uploads\/2022\/08\/KV-Zurich-startet-mit-Premiere-ins-Schuljahr-2022-23_Organisator-300x172.jpg 300w\" sizes=\"auto, (max-width: 680px) 100vw, 680px\" \/><figcaption id=\"caption-attachment-16719\" class=\"wp-caption-text\">Begr\u00fcssung der Lernenden zum Start des Schuljahrs 2022\/23 im Lichthof der Wirtschaftsschule. (\u00a9KV Z\u00fcrich)<\/figcaption><\/figure>\n<p>Mit 1118 neuen Lernenden (2021\/22: 1145) startet die Wirtschaftsschule KV Z\u00fcrich ins neue Schuljahr. Von den angehenden Kaufleuten, die zu Schuljahresbeginn ihre Ausbildung an der gr\u00f6ssten kaufm\u00e4nnischen Berufsschule der Schweiz aufgenommen haben, w\u00e4hlten 116 Lernende (2021\/22: 117) die Basis-Grundbildung (B-Profil). 711 (2021\/22: 698) haben sich f\u00fcr die erweiterte Grundbildung (E-Profil) entschieden. Zudem absolvieren 291 Jugendliche (2021\/22: 330) in den n\u00e4chsten drei Jahren die KV-Lehre mit Berufsmaturit\u00e4t (M-Profil).<\/p>\n<h3>Erfolgsgeschichte \u00abBILI\u00bb geht weiter<\/h3>\n<p>Zum ersten Mal im Kanton Z\u00fcrich startet im neuen Schuljahr 2022\/23 am KV Z\u00fcrich ein bilingualer Bildungsgang der Berufsmatur f\u00fcr Erwachsene (BM2-BILI) im Typ Wirtschaft. Dabei wird der Unterrichtsstoff, genau wie in den bereits erfolgreich lancierten BILI-Bildungsg\u00e4ngen der Berufsmatur (BM1) und im E-Profil, nicht nur auf Deutsch, sondern auch auf Englisch vermittelt. Die Berufsmaturit\u00e4tspr\u00fcfungen absolvieren die Lernenden ebenfalls zweisprachig. F\u00fcr Rektor Christian W\u00f6lfle bringt der neue Bildungsgang mehrere Vorteile: \u00abBM2-BILI verbessert dank der erweiterten schulischen Allgemeinbildung ganz generell die Zukunftschancen. Zudem er\u00f6ffnet er sprachbegabten Lernenden, die sich nach Abschluss der BM2 in einem zunehmend mehrsprachigen Berufsumfeld bewegen oder sp\u00e4ter ein Studium an der Fachhochschule oder Universit\u00e4t anstreben, interessante Perspektiven\u00bb.<\/p>\n<header>\n<h3>KV Z\u00fcrich: Gr\u00f6sste kaufm\u00e4nnische Berufsschule der Schweiz<\/h3>\n<\/header>\n<p>1887 als Handelsschule KV Z\u00fcrich gegr\u00fcndet, trat sie ab 1998 unter dem Namen KV Z\u00fcrich Business School auf und wurde nach der Entkoppelung von Grund- und Weiterbildungsabteilung 2018 zur Wirtschaftsschule KV Z\u00fcrich. Heute ist die Bildungseinrichtung mit rund 4&#8217;200 Lernenden die gr\u00f6sste kaufm\u00e4nnische Berufsschule der Schweiz. Sie z\u00e4hlt zu den gr\u00f6ssten Unternehmen des Bildungswesens im deutschsprachigen Raum. An der diesj\u00e4hrigen Abschlussfeier im Hallenstadion Z\u00fcrich erhielten 1248 erfolgreiche KV-Absolventinnen und -absolventen ihr Abschlussdiplom.<\/p>\n<p><em>Weitere Informationen: <a href=\"http:\/\/www.kvz-schule.ch\">www.kvz-schule.ch<\/a><\/em><\/p>\n","protected":false},"excerpt":{"rendered":"<p>Mit 1118 neuen Lernenden (2021\/22: 1145) startet die Wirtschaftsschule KV Z\u00fcrich ins neue Schuljahr. Von den angehenden Kaufleuten, die zu Schuljahresbeginn ihre Ausbildung an der gr\u00f6ssten kaufm\u00e4nnischen Berufsschule der Schweiz aufgenommen haben, w\u00e4hlten 116 Lernende (2021\/22: 117) die Basis-Grundbildung (B-Profil). 711 (2021\/22: 698) haben sich f\u00fcr die erweiterte Grundbildung (E-Profil) entschieden. Zudem absolvieren 291 Jugendliche [&hellip;]<\/p>\n","protected":false},"author":4,"featured_media":16719,"comment_status":"closed","ping_status":"closed","sticky":false,"template":"","format":"standard","meta":{"_acf_changed":false,"_yoast_wpseo_focuskw":"KV Z\u00fcrich","_yoast_wpseo_metadesc":"Die Wirtschaftsschule KV Z\u00fcrich ist mit 1118 neuen Lernenden ins Schuljahr 22\/23 gestartet, einige neu auch im bilingualen Bildungsgang.","articlekey":"","footnotes":""},"categories":[30],"tags":[62,3351,492],"class_list":["post-16718","post","type-post","status-publish","format-standard","has-post-thumbnail","hentry","category-weiterbildung","tag-aus-weiterbildung","tag-kaufmaennische-berufsbildung","tag-unternehmen"],"acf":[],"yoast_head":"<!-- This site is optimized with the Yoast SEO plugin v27.5 - https:\/\/yoast.com\/product\/yoast-seo-wordpress\/ -->\n<title>KV Z\u00fcrich startet mit Premiere ins Schuljahr 2022\/23 - Organisator<\/title>\n<meta name=\"description\" content=\"Die Wirtschaftsschule KV Z\u00fcrich ist mit 1118 neuen Lernenden ins Schuljahr 22\/23 gestartet, einige neu auch im bilingualen Bildungsgang.\" \/>\n<meta name=\"robots\" content=\"index, follow, max-snippet:-1, max-image-preview:large, max-video-preview:-1\" \/>\n<link rel=\"canonical\" href=\"https:\/\/www.organisator.ch\/de\/weiterbildung\/2022-08-29\/kv-zuerich-startet-mit-premiere-ins-schuljahr-2022-23\/\" \/>\n<meta property=\"og:locale\" content=\"de_DE\" \/>\n<meta property=\"og:type\" content=\"article\" \/>\n<meta property=\"og:title\" content=\"KV Z\u00fcrich startet mit Premiere ins Schuljahr 2022\/23\" \/>\n<meta property=\"og:description\" content=\"Die Wirtschaftsschule KV Z\u00fcrich ist mit 1118 neuen Lernenden ins Schuljahr 22\/23 gestartet, einige neu auch im bilingualen Bildungsgang.\" \/>\n<meta property=\"og:url\" content=\"https:\/\/www.organisator.ch\/de\/weiterbildung\/2022-08-29\/kv-zuerich-startet-mit-premiere-ins-schuljahr-2022-23\/\" \/>\n<meta property=\"og:site_name\" content=\"Organisator\" \/>\n<meta property=\"article:publisher\" content=\"https:\/\/www.facebook.com\/OrganisatorFachmagazin\" \/>\n<meta property=\"article:published_time\" content=\"2022-08-29T06:48:32+00:00\" \/>\n<meta property=\"og:image\" content=\"https:\/\/www.organisator.ch\/wp-content\/uploads\/2022\/08\/KV-Zurich-startet-mit-Premiere-ins-Schuljahr-2022-23_Organisator.jpg\" \/>\n\t<meta property=\"og:image:width\" content=\"680\" \/>\n\t<meta property=\"og:image:height\" content=\"390\" \/>\n\t<meta property=\"og:image:type\" content=\"image\/jpeg\" \/>\n<meta name=\"author\" content=\"thomas.berner\" \/>\n<meta name=\"twitter:card\" content=\"summary_large_image\" \/>\n<meta name=\"twitter:title\" content=\"#KV Z\u00fcrich startet mit #Premiere ins Schuljahr 2022\/23\" \/>\n<meta name=\"twitter:description\" content=\"Die #Wirtschaftsschule #KVZ\u00fcrich ist mit 1118 neuen #Lernenden ins Schuljahr 22\/23 gestartet, einige neu auch im bilingualen #Bildungsgang.\" \/>\n<meta name=\"twitter:image\" content=\"https:\/\/www.organisator.ch\/wp-content\/uploads\/2022\/08\/KV-Zurich-startet-mit-Premiere-ins-Schuljahr-2022-23_Organisator.jpg\" \/>\n<script type=\"application\/ld+json\" class=\"yoast-schema-graph\">{\"@context\":\"https:\\\/\\\/schema.org\",\"@graph\":[{\"@type\":\"Article\",\"@id\":\"https:\\\/\\\/www.organisator.ch\\\/weiterbildung\\\/2022-08-29\\\/kv-zuerich-startet-mit-premiere-ins-schuljahr-2022-23\\\/#article\",\"isPartOf\":{\"@id\":\"https:\\\/\\\/www.organisator.ch\\\/weiterbildung\\\/2022-08-29\\\/kv-zuerich-startet-mit-premiere-ins-schuljahr-2022-23\\\/\"},\"author\":{\"name\":\"thomas.berner\",\"@id\":\"https:\\\/\\\/www.organisator.ch\\\/#\\\/schema\\\/person\\\/6f650f90b2842cd4c0cc334b4e36f67e\"},\"headline\":\"KV Z\u00fcrich startet mit Premiere ins Schuljahr 2022\\\/23\",\"datePublished\":\"2022-08-29T06:48:32+00:00\",\"mainEntityOfPage\":{\"@id\":\"https:\\\/\\\/www.organisator.ch\\\/weiterbildung\\\/2022-08-29\\\/kv-zuerich-startet-mit-premiere-ins-schuljahr-2022-23\\\/\"},\"wordCount\":309,\"publisher\":{\"@id\":\"https:\\\/\\\/www.organisator.ch\\\/#organization\"},\"image\":{\"@id\":\"https:\\\/\\\/www.organisator.ch\\\/weiterbildung\\\/2022-08-29\\\/kv-zuerich-startet-mit-premiere-ins-schuljahr-2022-23\\\/#primaryimage\"},\"thumbnailUrl\":\"https:\\\/\\\/www.organisator.ch\\\/wp-content\\\/uploads\\\/2022\\\/08\\\/KV-Zurich-startet-mit-Premiere-ins-Schuljahr-2022-23_Organisator.jpg\",\"keywords\":[\"Aus-\\\/Weiterbildung\",\"Kaufm\u00e4nnische Berufsbildung\",\"Unternehmen\"],\"articleSection\":[\"WEITERBILDUNG\"],\"inLanguage\":\"de\"},{\"@type\":\"WebPage\",\"@id\":\"https:\\\/\\\/www.organisator.ch\\\/weiterbildung\\\/2022-08-29\\\/kv-zuerich-startet-mit-premiere-ins-schuljahr-2022-23\\\/\",\"url\":\"https:\\\/\\\/www.organisator.ch\\\/weiterbildung\\\/2022-08-29\\\/kv-zuerich-startet-mit-premiere-ins-schuljahr-2022-23\\\/\",\"name\":\"KV Z\u00fcrich startet mit Premiere ins Schuljahr 2022\\\/23 - Organisator\",\"isPartOf\":{\"@id\":\"https:\\\/\\\/www.organisator.ch\\\/#website\"},\"primaryImageOfPage\":{\"@id\":\"https:\\\/\\\/www.organisator.ch\\\/weiterbildung\\\/2022-08-29\\\/kv-zuerich-startet-mit-premiere-ins-schuljahr-2022-23\\\/#primaryimage\"},\"image\":{\"@id\":\"https:\\\/\\\/www.organisator.ch\\\/weiterbildung\\\/2022-08-29\\\/kv-zuerich-startet-mit-premiere-ins-schuljahr-2022-23\\\/#primaryimage\"},\"thumbnailUrl\":\"https:\\\/\\\/www.organisator.ch\\\/wp-content\\\/uploads\\\/2022\\\/08\\\/KV-Zurich-startet-mit-Premiere-ins-Schuljahr-2022-23_Organisator.jpg\",\"datePublished\":\"2022-08-29T06:48:32+00:00\",\"description\":\"Die Wirtschaftsschule KV Z\u00fcrich ist mit 1118 neuen Lernenden ins Schuljahr 22\\\/23 gestartet, einige neu auch im bilingualen Bildungsgang.\",\"breadcrumb\":{\"@id\":\"https:\\\/\\\/www.organisator.ch\\\/weiterbildung\\\/2022-08-29\\\/kv-zuerich-startet-mit-premiere-ins-schuljahr-2022-23\\\/#breadcrumb\"},\"inLanguage\":\"de\",\"potentialAction\":[{\"@type\":\"ReadAction\",\"target\":[\"https:\\\/\\\/www.organisator.ch\\\/weiterbildung\\\/2022-08-29\\\/kv-zuerich-startet-mit-premiere-ins-schuljahr-2022-23\\\/\"]}]},{\"@type\":\"ImageObject\",\"inLanguage\":\"de\",\"@id\":\"https:\\\/\\\/www.organisator.ch\\\/weiterbildung\\\/2022-08-29\\\/kv-zuerich-startet-mit-premiere-ins-schuljahr-2022-23\\\/#primaryimage\",\"url\":\"https:\\\/\\\/www.organisator.ch\\\/wp-content\\\/uploads\\\/2022\\\/08\\\/KV-Zurich-startet-mit-Premiere-ins-Schuljahr-2022-23_Organisator.jpg\",\"contentUrl\":\"https:\\\/\\\/www.organisator.ch\\\/wp-content\\\/uploads\\\/2022\\\/08\\\/KV-Zurich-startet-mit-Premiere-ins-Schuljahr-2022-23_Organisator.jpg\",\"width\":680,\"height\":390,\"caption\":\"Begr\u00fcssung der Lernenden zum Start des Schuljahrs 2022\\\/23 im Lichthof der Wirtschaftsschule. (\u00a9KV Z\u00fcrich)\"},{\"@type\":\"BreadcrumbList\",\"@id\":\"https:\\\/\\\/www.organisator.ch\\\/weiterbildung\\\/2022-08-29\\\/kv-zuerich-startet-mit-premiere-ins-schuljahr-2022-23\\\/#breadcrumb\",\"itemListElement\":[{\"@type\":\"ListItem\",\"position\":1,\"name\":\"Home\",\"item\":\"https:\\\/\\\/www.organisator.ch\\\/\"},{\"@type\":\"ListItem\",\"position\":2,\"name\":\"KV Z\u00fcrich startet mit Premiere ins Schuljahr 2022\\\/23\"}]},{\"@type\":\"WebSite\",\"@id\":\"https:\\\/\\\/www.organisator.ch\\\/#website\",\"url\":\"https:\\\/\\\/www.organisator.ch\\\/\",\"name\":\"Organisator\",\"description\":\"Kompetent. Praxisnah. Der ORGANISATOR bereitet in 10 Ausgaben pro Jahr die wesentlichen Themen f\u00fcr F\u00fchrungskr\u00e4fte von KMU auf.\",\"publisher\":{\"@id\":\"https:\\\/\\\/www.organisator.ch\\\/#organization\"},\"potentialAction\":[{\"@type\":\"SearchAction\",\"target\":{\"@type\":\"EntryPoint\",\"urlTemplate\":\"https:\\\/\\\/www.organisator.ch\\\/?s={search_term_string}\"},\"query-input\":{\"@type\":\"PropertyValueSpecification\",\"valueRequired\":true,\"valueName\":\"search_term_string\"}}],\"inLanguage\":\"de\"},{\"@type\":\"Organization\",\"@id\":\"https:\\\/\\\/www.organisator.ch\\\/#organization\",\"name\":\"Organisator\",\"url\":\"https:\\\/\\\/www.organisator.ch\\\/\",\"logo\":{\"@type\":\"ImageObject\",\"inLanguage\":\"de\",\"@id\":\"https:\\\/\\\/www.organisator.ch\\\/#\\\/schema\\\/logo\\\/image\\\/\",\"url\":\"https:\\\/\\\/www.organisator.ch\\\/wp-content\\\/uploads\\\/2022\\\/01\\\/Logo_Organisator_Website.png\",\"contentUrl\":\"https:\\\/\\\/www.organisator.ch\\\/wp-content\\\/uploads\\\/2022\\\/01\\\/Logo_Organisator_Website.png\",\"width\":800,\"height\":77,\"caption\":\"Organisator\"},\"image\":{\"@id\":\"https:\\\/\\\/www.organisator.ch\\\/#\\\/schema\\\/logo\\\/image\\\/\"},\"sameAs\":[\"https:\\\/\\\/www.facebook.com\\\/OrganisatorFachmagazin\",\"https:\\\/\\\/www.linkedin.com\\\/showcase\\\/organisator-das-magazin-fr-kmu\",\"https:\\\/\\\/www.xing.com\\\/news\\\/pages\\\/organisator-ch-695\",\"https:\\\/\\\/www.youtube.com\\\/channel\\\/UCGP2Sq0iWaZwT3BdIAQFYpw\"]},{\"@type\":\"Person\",\"@id\":\"https:\\\/\\\/www.organisator.ch\\\/#\\\/schema\\\/person\\\/6f650f90b2842cd4c0cc334b4e36f67e\",\"name\":\"thomas.berner\",\"image\":{\"@type\":\"ImageObject\",\"inLanguage\":\"de\",\"@id\":\"https:\\\/\\\/secure.gravatar.com\\\/avatar\\\/ac5001d2a36cb6c6cd3e50789007ffca834b477b74a2144564522e944eabff61?s=96&d=mm&r=g\",\"url\":\"https:\\\/\\\/secure.gravatar.com\\\/avatar\\\/ac5001d2a36cb6c6cd3e50789007ffca834b477b74a2144564522e944eabff61?s=96&d=mm&r=g\",\"contentUrl\":\"https:\\\/\\\/secure.gravatar.com\\\/avatar\\\/ac5001d2a36cb6c6cd3e50789007ffca834b477b74a2144564522e944eabff61?s=96&d=mm&r=g\",\"caption\":\"thomas.berner\"},\"url\":\"https:\\\/\\\/www.organisator.ch\\\/de\\\/author\\\/thomas-berner\\\/\"}]}<\/script>\n<!-- \/ Yoast SEO plugin. -->","yoast_head_json":{"title":"KV Z\u00fcrich startet mit Premiere ins Schuljahr 2022\/23 - Organisator","description":"Die Wirtschaftsschule KV Z\u00fcrich ist mit 1118 neuen Lernenden ins Schuljahr 22\/23 gestartet, einige neu auch im bilingualen Bildungsgang.","robots":{"index":"index","follow":"follow","max-snippet":"max-snippet:-1","max-image-preview":"max-image-preview:large","max-video-preview":"max-video-preview:-1"},"canonical":"https:\/\/www.organisator.ch\/de\/weiterbildung\/2022-08-29\/kv-zuerich-startet-mit-premiere-ins-schuljahr-2022-23\/","og_locale":"de_DE","og_type":"article","og_title":"KV Z\u00fcrich startet mit Premiere ins Schuljahr 2022\/23","og_description":"Die Wirtschaftsschule KV Z\u00fcrich ist mit 1118 neuen Lernenden ins Schuljahr 22\/23 gestartet, einige neu auch im bilingualen Bildungsgang.","og_url":"https:\/\/www.organisator.ch\/de\/weiterbildung\/2022-08-29\/kv-zuerich-startet-mit-premiere-ins-schuljahr-2022-23\/","og_site_name":"Organisator","article_publisher":"https:\/\/www.facebook.com\/OrganisatorFachmagazin","article_published_time":"2022-08-29T06:48:32+00:00","og_image":[{"width":680,"height":390,"url":"https:\/\/www.organisator.ch\/wp-content\/uploads\/2022\/08\/KV-Zurich-startet-mit-Premiere-ins-Schuljahr-2022-23_Organisator.jpg","type":"image\/jpeg"}],"author":"thomas.berner","twitter_card":"summary_large_image","twitter_title":"#KV Z\u00fcrich startet mit #Premiere ins Schuljahr 2022\/23","twitter_description":"Die #Wirtschaftsschule #KVZ\u00fcrich ist mit 1118 neuen #Lernenden ins Schuljahr 22\/23 gestartet, einige neu auch im bilingualen #Bildungsgang.","twitter_image":"https:\/\/www.organisator.ch\/wp-content\/uploads\/2022\/08\/KV-Zurich-startet-mit-Premiere-ins-Schuljahr-2022-23_Organisator.jpg","schema":{"@context":"https:\/\/schema.org","@graph":[{"@type":"Article","@id":"https:\/\/www.organisator.ch\/weiterbildung\/2022-08-29\/kv-zuerich-startet-mit-premiere-ins-schuljahr-2022-23\/#article","isPartOf":{"@id":"https:\/\/www.organisator.ch\/weiterbildung\/2022-08-29\/kv-zuerich-startet-mit-premiere-ins-schuljahr-2022-23\/"},"author":{"name":"thomas.berner","@id":"https:\/\/www.organisator.ch\/#\/schema\/person\/6f650f90b2842cd4c0cc334b4e36f67e"},"headline":"KV Z\u00fcrich startet mit Premiere ins Schuljahr 2022\/23","datePublished":"2022-08-29T06:48:32+00:00","mainEntityOfPage":{"@id":"https:\/\/www.organisator.ch\/weiterbildung\/2022-08-29\/kv-zuerich-startet-mit-premiere-ins-schuljahr-2022-23\/"},"wordCount":309,"publisher":{"@id":"https:\/\/www.organisator.ch\/#organization"},"image":{"@id":"https:\/\/www.organisator.ch\/weiterbildung\/2022-08-29\/kv-zuerich-startet-mit-premiere-ins-schuljahr-2022-23\/#primaryimage"},"thumbnailUrl":"https:\/\/www.organisator.ch\/wp-content\/uploads\/2022\/08\/KV-Zurich-startet-mit-Premiere-ins-Schuljahr-2022-23_Organisator.jpg","keywords":["Aus-\/Weiterbildung","Kaufm\u00e4nnische Berufsbildung","Unternehmen"],"articleSection":["WEITERBILDUNG"],"inLanguage":"de"},{"@type":"WebPage","@id":"https:\/\/www.organisator.ch\/weiterbildung\/2022-08-29\/kv-zuerich-startet-mit-premiere-ins-schuljahr-2022-23\/","url":"https:\/\/www.organisator.ch\/weiterbildung\/2022-08-29\/kv-zuerich-startet-mit-premiere-ins-schuljahr-2022-23\/","name":"KV Z\u00fcrich startet mit Premiere ins Schuljahr 2022\/23 - Organisator","isPartOf":{"@id":"https:\/\/www.organisator.ch\/#website"},"primaryImageOfPage":{"@id":"https:\/\/www.organisator.ch\/weiterbildung\/2022-08-29\/kv-zuerich-startet-mit-premiere-ins-schuljahr-2022-23\/#primaryimage"},"image":{"@id":"https:\/\/www.organisator.ch\/weiterbildung\/2022-08-29\/kv-zuerich-startet-mit-premiere-ins-schuljahr-2022-23\/#primaryimage"},"thumbnailUrl":"https:\/\/www.organisator.ch\/wp-content\/uploads\/2022\/08\/KV-Zurich-startet-mit-Premiere-ins-Schuljahr-2022-23_Organisator.jpg","datePublished":"2022-08-29T06:48:32+00:00","description":"Die Wirtschaftsschule KV Z\u00fcrich ist mit 1118 neuen Lernenden ins Schuljahr 22\/23 gestartet, einige neu auch im bilingualen Bildungsgang.","breadcrumb":{"@id":"https:\/\/www.organisator.ch\/weiterbildung\/2022-08-29\/kv-zuerich-startet-mit-premiere-ins-schuljahr-2022-23\/#breadcrumb"},"inLanguage":"de","potentialAction":[{"@type":"ReadAction","target":["https:\/\/www.organisator.ch\/weiterbildung\/2022-08-29\/kv-zuerich-startet-mit-premiere-ins-schuljahr-2022-23\/"]}]},{"@type":"ImageObject","inLanguage":"de","@id":"https:\/\/www.organisator.ch\/weiterbildung\/2022-08-29\/kv-zuerich-startet-mit-premiere-ins-schuljahr-2022-23\/#primaryimage","url":"https:\/\/www.organisator.ch\/wp-content\/uploads\/2022\/08\/KV-Zurich-startet-mit-Premiere-ins-Schuljahr-2022-23_Organisator.jpg","contentUrl":"https:\/\/www.organisator.ch\/wp-content\/uploads\/2022\/08\/KV-Zurich-startet-mit-Premiere-ins-Schuljahr-2022-23_Organisator.jpg","width":680,"height":390,"caption":"Begr\u00fcssung der Lernenden zum Start des Schuljahrs 2022\/23 im Lichthof der Wirtschaftsschule. (\u00a9KV Z\u00fcrich)"},{"@type":"BreadcrumbList","@id":"https:\/\/www.organisator.ch\/weiterbildung\/2022-08-29\/kv-zuerich-startet-mit-premiere-ins-schuljahr-2022-23\/#breadcrumb","itemListElement":[{"@type":"ListItem","position":1,"name":"Home","item":"https:\/\/www.organisator.ch\/"},{"@type":"ListItem","position":2,"name":"KV Z\u00fcrich startet mit Premiere ins Schuljahr 2022\/23"}]},{"@type":"WebSite","@id":"https:\/\/www.organisator.ch\/#website","url":"https:\/\/www.organisator.ch\/","name":"Organisator","description":"Kompetent. Praxisnah. Der ORGANISATOR bereitet in 10 Ausgaben pro Jahr die wesentlichen Themen f\u00fcr F\u00fchrungskr\u00e4fte von KMU auf.","publisher":{"@id":"https:\/\/www.organisator.ch\/#organization"},"potentialAction":[{"@type":"SearchAction","target":{"@type":"EntryPoint","urlTemplate":"https:\/\/www.organisator.ch\/?s={search_term_string}"},"query-input":{"@type":"PropertyValueSpecification","valueRequired":true,"valueName":"search_term_string"}}],"inLanguage":"de"},{"@type":"Organization","@id":"https:\/\/www.organisator.ch\/#organization","name":"Organisator","url":"https:\/\/www.organisator.ch\/","logo":{"@type":"ImageObject","inLanguage":"de","@id":"https:\/\/www.organisator.ch\/#\/schema\/logo\/image\/","url":"https:\/\/www.organisator.ch\/wp-content\/uploads\/2022\/01\/Logo_Organisator_Website.png","contentUrl":"https:\/\/www.organisator.ch\/wp-content\/uploads\/2022\/01\/Logo_Organisator_Website.png","width":800,"height":77,"caption":"Organisator"},"image":{"@id":"https:\/\/www.organisator.ch\/#\/schema\/logo\/image\/"},"sameAs":["https:\/\/www.facebook.com\/OrganisatorFachmagazin","https:\/\/www.linkedin.com\/showcase\/organisator-das-magazin-fr-kmu","https:\/\/www.xing.com\/news\/pages\/organisator-ch-695","https:\/\/www.youtube.com\/channel\/UCGP2Sq0iWaZwT3BdIAQFYpw"]},{"@type":"Person","@id":"https:\/\/www.organisator.ch\/#\/schema\/person\/6f650f90b2842cd4c0cc334b4e36f67e","name":"thomas.berner","image":{"@type":"ImageObject","inLanguage":"de","@id":"https:\/\/secure.gravatar.com\/avatar\/ac5001d2a36cb6c6cd3e50789007ffca834b477b74a2144564522e944eabff61?s=96&d=mm&r=g","url":"https:\/\/secure.gravatar.com\/avatar\/ac5001d2a36cb6c6cd3e50789007ffca834b477b74a2144564522e944eabff61?s=96&d=mm&r=g","contentUrl":"https:\/\/secure.gravatar.com\/avatar\/ac5001d2a36cb6c6cd3e50789007ffca834b477b74a2144564522e944eabff61?s=96&d=mm&r=g","caption":"thomas.berner"},"url":"https:\/\/www.organisator.ch\/de\/author\/thomas-berner\/"}]}},"_links":{"self":[{"href":"https:\/\/www.organisator.ch\/de\/wp-json\/wp\/v2\/posts\/16718","targetHints":{"allow":["GET"]}}],"collection":[{"href":"https:\/\/www.organisator.ch\/de\/wp-json\/wp\/v2\/posts"}],"about":[{"href":"https:\/\/www.organisator.ch\/de\/wp-json\/wp\/v2\/types\/post"}],"author":[{"embeddable":true,"href":"https:\/\/www.organisator.ch\/de\/wp-json\/wp\/v2\/users\/4"}],"replies":[{"embeddable":true,"href":"https:\/\/www.organisator.ch\/de\/wp-json\/wp\/v2\/comments?post=16718"}],"version-history":[{"count":1,"href":"https:\/\/www.organisator.ch\/de\/wp-json\/wp\/v2\/posts\/16718\/revisions"}],"predecessor-version":[{"id":16720,"href":"https:\/\/www.organisator.ch\/de\/wp-json\/wp\/v2\/posts\/16718\/revisions\/16720"}],"wp:featuredmedia":[{"embeddable":true,"href":"https:\/\/www.organisator.ch\/de\/wp-json\/wp\/v2\/media\/16719"}],"wp:attachment":[{"href":"https:\/\/www.organisator.ch\/de\/wp-json\/wp\/v2\/media?parent=16718"}],"wp:term":[{"taxonomy":"category","embeddable":true,"href":"https:\/\/www.organisator.ch\/de\/wp-json\/wp\/v2\/categories?post=16718"},{"taxonomy":"post_tag","embeddable":true,"href":"https:\/\/www.organisator.ch\/de\/wp-json\/wp\/v2\/tags?post=16718"}],"curies":[{"name":"wp","href":"https:\/\/api.w.org\/{rel}","templated":true}]}}