{"id":16725,"date":"2022-08-29T15:10:37","date_gmt":"2022-08-29T13:10:37","guid":{"rendered":"https:\/\/www.organisator.ch\/?p=16725"},"modified":"2022-08-29T15:10:37","modified_gmt":"2022-08-29T13:10:37","slug":"fernuni-schweiz-unter-neuer-fuehrung","status":"publish","type":"post","link":"https:\/\/www.organisator.ch\/de\/weiterbildung\/2022-08-29\/fernuni-schweiz-unter-neuer-fuehrung\/","title":{"rendered":"FernUni Schweiz unter neuer F\u00fchrung"},"content":{"rendered":"<figure id=\"attachment_16726\" aria-describedby=\"caption-attachment-16726\" style=\"width: 680px\" class=\"wp-caption alignnone\"><img loading=\"lazy\" decoding=\"async\" class=\"size-full wp-image-16726\" src=\"https:\/\/www.organisator.ch\/wp-content\/uploads\/2022\/08\/FernUni-Schweiz-unter-neuer-Fuhrung_Organisator.jpg\" alt=\"\" width=\"680\" height=\"453\" srcset=\"https:\/\/www.organisator.ch\/wp-content\/uploads\/2022\/08\/FernUni-Schweiz-unter-neuer-Fuhrung_Organisator.jpg 680w, https:\/\/www.organisator.ch\/wp-content\/uploads\/2022\/08\/FernUni-Schweiz-unter-neuer-Fuhrung_Organisator-18x12.jpg 18w, https:\/\/www.organisator.ch\/wp-content\/uploads\/2022\/08\/FernUni-Schweiz-unter-neuer-Fuhrung_Organisator-263x175.jpg 263w, https:\/\/www.organisator.ch\/wp-content\/uploads\/2022\/08\/FernUni-Schweiz-unter-neuer-Fuhrung_Organisator-525x350.jpg 525w, https:\/\/www.organisator.ch\/wp-content\/uploads\/2022\/08\/FernUni-Schweiz-unter-neuer-Fuhrung_Organisator-300x200.jpg 300w\" sizes=\"auto, (max-width: 680px) 100vw, 680px\" \/><figcaption id=\"caption-attachment-16726\" class=\"wp-caption-text\">Stefan Bumann, neuer Pr\u00e4sident des Stiftungsrats der FernUni Schweiz. (Bild: zVg \/ FernUni Schweiz)<\/figcaption><\/figure>\n<p>Die FernUni Schweiz kann dieses Jahr 2022 bereits auf mehrere H\u00f6hepunkte zur\u00fcckblicken. Den <a href=\"https:\/\/www.organisator.ch\/de\/weiterbildung\/2022-07-04\/die-fernuni-schweiz-feiert-ihr-30-jaehriges-bestehen\/\">Jubil\u00e4umsfeierlichkeiten zum 30-j\u00e4hrigen Bestehen<\/a> folgte am vergangenen Wochenende die Einweihung des Briger Hochschulcampus. Und in dieser Woche ist die Spitze der FernUni Schweiz neu bestellt worden: Mit Stefan Bumann, Dipl. Ing. ETHZ, \u00fcbernimmt eine Pers\u00f6nlichkeit, die sich durch eine reiche Erfahrung in der Privatwirtschaft und eine langj\u00e4hrige F\u00fchrungsposition im \u00f6ffentlichen Dienst auszeichnet. Stefan Bumann kennt zudem sowohl die Walliser als auch die Schweizer Bildungslandschaft bestens. Seit seiner Einsitznahme in die Gremien der FernUni Schweiz hat er massgeblich den neuen Hochschulentwicklungsplan der Institution mitgepr\u00e4gt und sich f\u00fcr den Ausbau der Forschung an der FernUni Schweiz stark gemacht.<\/p>\n<h3>Den weiteren Ausbau der FernUni Schweiz pr\u00e4gen<\/h3>\n<p>Bei seiner Wahl erkl\u00e4rte der neue Pr\u00e4sident: \u00abDie Wahl freut mich selbstverst\u00e4ndlich sehr. Ich nehme diese Aufgabe mit Respekt und Demut an. Im Wort Demut steckt auch das Wort Mut. Mutig will ich mit den Gremien unserer Institution und mit allen Mitarbeitenden die Herausforderungen der n\u00e4chsten Jahre angehen. Der Aufbau weiterer Bildungsangebote, die Erh\u00f6hung der Zahl der eigenen Professuren, die St\u00e4rkung der Forschung in allen Fakult\u00e4ten, sowie Weiterbildungs- und Dienstleistungsangebote geh\u00f6ren dazu. Dabei kommt an erster Stelle die Akkreditierung 2027 als Universit\u00e4t.\u00bb<\/p>\n<h3>Verdienste der abtretenden F\u00fchrungs-Mitglieder<\/h3>\n<p>Der abtretende Pr\u00e4sident Wilhelm Schnyder richtete in seinem Schlussvotum einen grossen Dank an alle Mitarbeitenden, an die Mitglieder der Direktion mit Rektor Prof. Dr. Marc Bors an der Spitze sowie an s\u00e4mtliche Mitglieder der Organe der FernUni Schweiz. Auch an die Adresse der Walliser Standortgemeinden, an den Kanton Wallis und den Kanton Schwyz sowie an den Bund. In einem kurzen R\u00fcckblick w\u00fcrdigte er den \u00e4usserst erfolgreichen Weg der FernUni Schweiz in den letzten zehn Jahren. Als H\u00f6hepunkt hob er die Akkreditierung als<br \/>\nuniversit\u00e4res Institut sowie die Anerkennung der Beitragsberechtigung durch den Bund hervor.<\/p>\n<p>Die bisherige Vize-Pr\u00e4sidentin Maria-Pia Tschopp und Stiftungsrat Bruno Attinger sind ebenfalls ins Glied zur\u00fcckgetreten. Maria-Pia Tschopp und Bruno Attinger sind seit vielen Jahren an Bord. Vize-Pr\u00e4sidentin Maria-Pia Tschopp war eine der treibenden Kr\u00e4fte bei der Gr\u00fcndung des centre romand d\u2019enseignement \u00e0 distance in Siders, dem vormaligen Studienzentrum Siders, und Bruno Attinger war beim Aufbau des Studienzentrums in Pf\u00e4ffikon\/SZ von Anbeginn dabei und zeichnete bei der FernUni Schweiz als Pr\u00e4sident der Baukommission f\u00fcr den Bau des Hochschulcampus verantwortlich.<\/p>\n<h3>Berufungen in den politisch strategischen Beirat und den wissenschaftlichen Beirat<\/h3>\n<p>Sowohl der politisch-strategische Beirat, der von den FernUni Schweiz und der Fernfachhochschule Schweiz gemeinsam gew\u00e4hlt wird, als auch der wissenschaftliche Beirat der FernUni Schweiz nehmen eine \u00e4usserst wichtige Rolle bei der Beratung des Stiftungsrates und der Direktion wahr. Der politisch-strategische Beirat wird vom ehemaligen Nationalrat Felix M\u00fcri, ehem. Pr\u00e4sident der Bildungskommission des Nationalrates pr\u00e4sidiert. Der ehemalige Vizepr\u00e4sident der ETHZ, Prof. Dr. Gerhard Schmitt, leitet den wissenschaftlichen Beirat der Fern-<br \/>\nUni Schweiz.<\/p>\n<p>Dr. Mauro Dell\u2018Ambrogio, der w\u00e4hrend vieler Jahre das Staatssekretariat f\u00fcr Bildung, Forschung und Innovation f\u00fchrte, tritt neu in die vorgenannten Gremien ein. Mauro Dell\u2019Ambrogio hat im Kanton Tessin die Universit\u00e4t und die Fachhochschule aufgebaut und verf\u00fcgt \u00fcber ein internationales Netzwerk im Bildungs- und Forschungsbereich. Als Vertreter der Romandie ist Serge Gaudin, Direktor Novelis, in den politisch-strategischen Beirat und den wissenschaftlichen Beirat berufen worden. Er hat in der Privatwirtschaft mit Erfolg die Grunds\u00e4tze der Kreislaufwirtschaft umgesetzt. Pr\u00e4sident Stefan Bumann sowie Mauro Dell\u2018Ambrogio und Serge Gaudin treten ihre Aufgabe am kommenden 1. September 2022 an.<\/p>\n<p><a href=\"http:\/\/www.FernUni.ch\"><em>Quelle und weitere Informationen<\/em><\/a><\/p>\n","protected":false},"excerpt":{"rendered":"<p>Die FernUni Schweiz kann dieses Jahr 2022 bereits auf mehrere H\u00f6hepunkte zur\u00fcckblicken. Den Jubil\u00e4umsfeierlichkeiten zum 30-j\u00e4hrigen Bestehen folgte am vergangenen Wochenende die Einweihung des Briger Hochschulcampus. Und in dieser Woche ist die Spitze der FernUni Schweiz neu bestellt worden: Mit Stefan Bumann, Dipl. Ing. ETHZ, \u00fcbernimmt eine Pers\u00f6nlichkeit, die sich durch eine reiche Erfahrung in [&hellip;]<\/p>\n","protected":false},"author":4,"featured_media":16726,"comment_status":"closed","ping_status":"closed","sticky":false,"template":"","format":"standard","meta":{"_acf_changed":false,"_yoast_wpseo_focuskw":"FernUni Schweiz","_yoast_wpseo_metadesc":"Stefan Bumann, Dipl. Ing. ETHZ, \u00fcbernimmt am 1. September 2022 die F\u00fchrung der FernUni Schweiz als Pr\u00e4sident des Stiftungsrates.","articlekey":"","footnotes":""},"categories":[30],"tags":[62,192,381,2404],"class_list":["post-16725","post","type-post","status-publish","format-standard","has-post-thumbnail","hentry","category-weiterbildung","tag-aus-weiterbildung","tag-fachhochschulen","tag-personalia","tag-universitaet"],"acf":[],"yoast_head":"<!-- This site is optimized with the Yoast SEO plugin v27.5 - https:\/\/yoast.com\/product\/yoast-seo-wordpress\/ -->\n<title>FernUni Schweiz unter neuer F\u00fchrung - Organisator<\/title>\n<meta name=\"description\" content=\"Stefan Bumann, Dipl. Ing. ETHZ, \u00fcbernimmt am 1. September 2022 die F\u00fchrung der FernUni Schweiz als Pr\u00e4sident des Stiftungsrates.\" \/>\n<meta name=\"robots\" content=\"index, follow, max-snippet:-1, max-image-preview:large, max-video-preview:-1\" \/>\n<link rel=\"canonical\" href=\"https:\/\/www.organisator.ch\/de\/weiterbildung\/2022-08-29\/fernuni-schweiz-unter-neuer-fuehrung\/\" \/>\n<meta property=\"og:locale\" content=\"de_DE\" \/>\n<meta property=\"og:type\" content=\"article\" \/>\n<meta property=\"og:title\" content=\"FernUni Schweiz unter neuer F\u00fchrung\" \/>\n<meta property=\"og:description\" content=\"Stefan Bumann, Dipl. Ing. ETHZ, \u00fcbernimmt am 1. September 2022 die F\u00fchrung der FernUni Schweiz als Pr\u00e4sident des Stiftungsrates.\" \/>\n<meta property=\"og:url\" content=\"https:\/\/www.organisator.ch\/de\/weiterbildung\/2022-08-29\/fernuni-schweiz-unter-neuer-fuehrung\/\" \/>\n<meta property=\"og:site_name\" content=\"Organisator\" \/>\n<meta property=\"article:publisher\" content=\"https:\/\/www.facebook.com\/OrganisatorFachmagazin\" \/>\n<meta property=\"article:published_time\" content=\"2022-08-29T13:10:37+00:00\" \/>\n<meta property=\"og:image\" content=\"https:\/\/www.organisator.ch\/wp-content\/uploads\/2022\/08\/FernUni-Schweiz-unter-neuer-Fuhrung_Organisator.jpg\" \/>\n\t<meta property=\"og:image:width\" content=\"680\" \/>\n\t<meta property=\"og:image:height\" content=\"453\" \/>\n\t<meta property=\"og:image:type\" content=\"image\/jpeg\" \/>\n<meta name=\"author\" content=\"thomas.berner\" \/>\n<meta name=\"twitter:card\" content=\"summary_large_image\" \/>\n<meta name=\"twitter:title\" content=\"FernUni Schweiz unter neuer F\u00fchrung\" \/>\n<meta name=\"twitter:description\" content=\"Stefan Bumann, Dipl. Ing. ETHZ, \u00fcbernimmt am 1. September 2022 die F\u00fchrung der FernUni Schweiz als Pr\u00e4sident des Stiftungsrates.\" \/>\n<meta name=\"twitter:image\" content=\"https:\/\/www.organisator.ch\/wp-content\/uploads\/2022\/08\/FernUni-Schweiz-unter-neuer-Fuhrung_Organisator.jpg\" \/>\n<script type=\"application\/ld+json\" class=\"yoast-schema-graph\">{\"@context\":\"https:\\\/\\\/schema.org\",\"@graph\":[{\"@type\":\"Article\",\"@id\":\"https:\\\/\\\/www.organisator.ch\\\/weiterbildung\\\/2022-08-29\\\/fernuni-schweiz-unter-neuer-fuehrung\\\/#article\",\"isPartOf\":{\"@id\":\"https:\\\/\\\/www.organisator.ch\\\/weiterbildung\\\/2022-08-29\\\/fernuni-schweiz-unter-neuer-fuehrung\\\/\"},\"author\":{\"name\":\"thomas.berner\",\"@id\":\"https:\\\/\\\/www.organisator.ch\\\/#\\\/schema\\\/person\\\/6f650f90b2842cd4c0cc334b4e36f67e\"},\"headline\":\"FernUni Schweiz unter neuer F\u00fchrung\",\"datePublished\":\"2022-08-29T13:10:37+00:00\",\"mainEntityOfPage\":{\"@id\":\"https:\\\/\\\/www.organisator.ch\\\/weiterbildung\\\/2022-08-29\\\/fernuni-schweiz-unter-neuer-fuehrung\\\/\"},\"wordCount\":623,\"publisher\":{\"@id\":\"https:\\\/\\\/www.organisator.ch\\\/#organization\"},\"image\":{\"@id\":\"https:\\\/\\\/www.organisator.ch\\\/weiterbildung\\\/2022-08-29\\\/fernuni-schweiz-unter-neuer-fuehrung\\\/#primaryimage\"},\"thumbnailUrl\":\"https:\\\/\\\/www.organisator.ch\\\/wp-content\\\/uploads\\\/2022\\\/08\\\/FernUni-Schweiz-unter-neuer-Fuhrung_Organisator.jpg\",\"keywords\":[\"Aus-\\\/Weiterbildung\",\"Fachhochschulen\",\"Personalia\",\"Universit\u00e4t\"],\"articleSection\":[\"WEITERBILDUNG\"],\"inLanguage\":\"de\"},{\"@type\":\"WebPage\",\"@id\":\"https:\\\/\\\/www.organisator.ch\\\/weiterbildung\\\/2022-08-29\\\/fernuni-schweiz-unter-neuer-fuehrung\\\/\",\"url\":\"https:\\\/\\\/www.organisator.ch\\\/weiterbildung\\\/2022-08-29\\\/fernuni-schweiz-unter-neuer-fuehrung\\\/\",\"name\":\"FernUni Schweiz unter neuer F\u00fchrung - Organisator\",\"isPartOf\":{\"@id\":\"https:\\\/\\\/www.organisator.ch\\\/#website\"},\"primaryImageOfPage\":{\"@id\":\"https:\\\/\\\/www.organisator.ch\\\/weiterbildung\\\/2022-08-29\\\/fernuni-schweiz-unter-neuer-fuehrung\\\/#primaryimage\"},\"image\":{\"@id\":\"https:\\\/\\\/www.organisator.ch\\\/weiterbildung\\\/2022-08-29\\\/fernuni-schweiz-unter-neuer-fuehrung\\\/#primaryimage\"},\"thumbnailUrl\":\"https:\\\/\\\/www.organisator.ch\\\/wp-content\\\/uploads\\\/2022\\\/08\\\/FernUni-Schweiz-unter-neuer-Fuhrung_Organisator.jpg\",\"datePublished\":\"2022-08-29T13:10:37+00:00\",\"description\":\"Stefan Bumann, Dipl. Ing. ETHZ, \u00fcbernimmt am 1. September 2022 die F\u00fchrung der FernUni Schweiz als Pr\u00e4sident des Stiftungsrates.\",\"breadcrumb\":{\"@id\":\"https:\\\/\\\/www.organisator.ch\\\/weiterbildung\\\/2022-08-29\\\/fernuni-schweiz-unter-neuer-fuehrung\\\/#breadcrumb\"},\"inLanguage\":\"de\",\"potentialAction\":[{\"@type\":\"ReadAction\",\"target\":[\"https:\\\/\\\/www.organisator.ch\\\/weiterbildung\\\/2022-08-29\\\/fernuni-schweiz-unter-neuer-fuehrung\\\/\"]}]},{\"@type\":\"ImageObject\",\"inLanguage\":\"de\",\"@id\":\"https:\\\/\\\/www.organisator.ch\\\/weiterbildung\\\/2022-08-29\\\/fernuni-schweiz-unter-neuer-fuehrung\\\/#primaryimage\",\"url\":\"https:\\\/\\\/www.organisator.ch\\\/wp-content\\\/uploads\\\/2022\\\/08\\\/FernUni-Schweiz-unter-neuer-Fuhrung_Organisator.jpg\",\"contentUrl\":\"https:\\\/\\\/www.organisator.ch\\\/wp-content\\\/uploads\\\/2022\\\/08\\\/FernUni-Schweiz-unter-neuer-Fuhrung_Organisator.jpg\",\"width\":680,\"height\":453,\"caption\":\"Stefan Bumann, neuer Pr\u00e4sident des Stiftungsrats der FernUni Schweiz. (Bild: zVg \\\/ FernUni Schweiz)\"},{\"@type\":\"BreadcrumbList\",\"@id\":\"https:\\\/\\\/www.organisator.ch\\\/weiterbildung\\\/2022-08-29\\\/fernuni-schweiz-unter-neuer-fuehrung\\\/#breadcrumb\",\"itemListElement\":[{\"@type\":\"ListItem\",\"position\":1,\"name\":\"Home\",\"item\":\"https:\\\/\\\/www.organisator.ch\\\/\"},{\"@type\":\"ListItem\",\"position\":2,\"name\":\"FernUni Schweiz unter neuer F\u00fchrung\"}]},{\"@type\":\"WebSite\",\"@id\":\"https:\\\/\\\/www.organisator.ch\\\/#website\",\"url\":\"https:\\\/\\\/www.organisator.ch\\\/\",\"name\":\"Organisator\",\"description\":\"Kompetent. Praxisnah. Der ORGANISATOR bereitet in 10 Ausgaben pro Jahr die wesentlichen Themen f\u00fcr F\u00fchrungskr\u00e4fte von KMU auf.\",\"publisher\":{\"@id\":\"https:\\\/\\\/www.organisator.ch\\\/#organization\"},\"potentialAction\":[{\"@type\":\"SearchAction\",\"target\":{\"@type\":\"EntryPoint\",\"urlTemplate\":\"https:\\\/\\\/www.organisator.ch\\\/?s={search_term_string}\"},\"query-input\":{\"@type\":\"PropertyValueSpecification\",\"valueRequired\":true,\"valueName\":\"search_term_string\"}}],\"inLanguage\":\"de\"},{\"@type\":\"Organization\",\"@id\":\"https:\\\/\\\/www.organisator.ch\\\/#organization\",\"name\":\"Organisator\",\"url\":\"https:\\\/\\\/www.organisator.ch\\\/\",\"logo\":{\"@type\":\"ImageObject\",\"inLanguage\":\"de\",\"@id\":\"https:\\\/\\\/www.organisator.ch\\\/#\\\/schema\\\/logo\\\/image\\\/\",\"url\":\"https:\\\/\\\/www.organisator.ch\\\/wp-content\\\/uploads\\\/2022\\\/01\\\/Logo_Organisator_Website.png\",\"contentUrl\":\"https:\\\/\\\/www.organisator.ch\\\/wp-content\\\/uploads\\\/2022\\\/01\\\/Logo_Organisator_Website.png\",\"width\":800,\"height\":77,\"caption\":\"Organisator\"},\"image\":{\"@id\":\"https:\\\/\\\/www.organisator.ch\\\/#\\\/schema\\\/logo\\\/image\\\/\"},\"sameAs\":[\"https:\\\/\\\/www.facebook.com\\\/OrganisatorFachmagazin\",\"https:\\\/\\\/www.linkedin.com\\\/showcase\\\/organisator-das-magazin-fr-kmu\",\"https:\\\/\\\/www.xing.com\\\/news\\\/pages\\\/organisator-ch-695\",\"https:\\\/\\\/www.youtube.com\\\/channel\\\/UCGP2Sq0iWaZwT3BdIAQFYpw\"]},{\"@type\":\"Person\",\"@id\":\"https:\\\/\\\/www.organisator.ch\\\/#\\\/schema\\\/person\\\/6f650f90b2842cd4c0cc334b4e36f67e\",\"name\":\"thomas.berner\",\"image\":{\"@type\":\"ImageObject\",\"inLanguage\":\"de\",\"@id\":\"https:\\\/\\\/secure.gravatar.com\\\/avatar\\\/ac5001d2a36cb6c6cd3e50789007ffca834b477b74a2144564522e944eabff61?s=96&d=mm&r=g\",\"url\":\"https:\\\/\\\/secure.gravatar.com\\\/avatar\\\/ac5001d2a36cb6c6cd3e50789007ffca834b477b74a2144564522e944eabff61?s=96&d=mm&r=g\",\"contentUrl\":\"https:\\\/\\\/secure.gravatar.com\\\/avatar\\\/ac5001d2a36cb6c6cd3e50789007ffca834b477b74a2144564522e944eabff61?s=96&d=mm&r=g\",\"caption\":\"thomas.berner\"},\"url\":\"https:\\\/\\\/www.organisator.ch\\\/de\\\/author\\\/thomas-berner\\\/\"}]}<\/script>\n<!-- \/ Yoast SEO plugin. -->","yoast_head_json":{"title":"FernUni Schweiz unter neuer F\u00fchrung - Organisator","description":"Stefan Bumann, Dipl. Ing. ETHZ, \u00fcbernimmt am 1. September 2022 die F\u00fchrung der FernUni Schweiz als Pr\u00e4sident des Stiftungsrates.","robots":{"index":"index","follow":"follow","max-snippet":"max-snippet:-1","max-image-preview":"max-image-preview:large","max-video-preview":"max-video-preview:-1"},"canonical":"https:\/\/www.organisator.ch\/de\/weiterbildung\/2022-08-29\/fernuni-schweiz-unter-neuer-fuehrung\/","og_locale":"de_DE","og_type":"article","og_title":"FernUni Schweiz unter neuer F\u00fchrung","og_description":"Stefan Bumann, Dipl. Ing. ETHZ, \u00fcbernimmt am 1. September 2022 die F\u00fchrung der FernUni Schweiz als Pr\u00e4sident des Stiftungsrates.","og_url":"https:\/\/www.organisator.ch\/de\/weiterbildung\/2022-08-29\/fernuni-schweiz-unter-neuer-fuehrung\/","og_site_name":"Organisator","article_publisher":"https:\/\/www.facebook.com\/OrganisatorFachmagazin","article_published_time":"2022-08-29T13:10:37+00:00","og_image":[{"width":680,"height":453,"url":"https:\/\/www.organisator.ch\/wp-content\/uploads\/2022\/08\/FernUni-Schweiz-unter-neuer-Fuhrung_Organisator.jpg","type":"image\/jpeg"}],"author":"thomas.berner","twitter_card":"summary_large_image","twitter_title":"FernUni Schweiz unter neuer F\u00fchrung","twitter_description":"Stefan Bumann, Dipl. Ing. ETHZ, \u00fcbernimmt am 1. September 2022 die F\u00fchrung der FernUni Schweiz als Pr\u00e4sident des Stiftungsrates.","twitter_image":"https:\/\/www.organisator.ch\/wp-content\/uploads\/2022\/08\/FernUni-Schweiz-unter-neuer-Fuhrung_Organisator.jpg","schema":{"@context":"https:\/\/schema.org","@graph":[{"@type":"Article","@id":"https:\/\/www.organisator.ch\/weiterbildung\/2022-08-29\/fernuni-schweiz-unter-neuer-fuehrung\/#article","isPartOf":{"@id":"https:\/\/www.organisator.ch\/weiterbildung\/2022-08-29\/fernuni-schweiz-unter-neuer-fuehrung\/"},"author":{"name":"thomas.berner","@id":"https:\/\/www.organisator.ch\/#\/schema\/person\/6f650f90b2842cd4c0cc334b4e36f67e"},"headline":"FernUni Schweiz unter neuer F\u00fchrung","datePublished":"2022-08-29T13:10:37+00:00","mainEntityOfPage":{"@id":"https:\/\/www.organisator.ch\/weiterbildung\/2022-08-29\/fernuni-schweiz-unter-neuer-fuehrung\/"},"wordCount":623,"publisher":{"@id":"https:\/\/www.organisator.ch\/#organization"},"image":{"@id":"https:\/\/www.organisator.ch\/weiterbildung\/2022-08-29\/fernuni-schweiz-unter-neuer-fuehrung\/#primaryimage"},"thumbnailUrl":"https:\/\/www.organisator.ch\/wp-content\/uploads\/2022\/08\/FernUni-Schweiz-unter-neuer-Fuhrung_Organisator.jpg","keywords":["Aus-\/Weiterbildung","Fachhochschulen","Personalia","Universit\u00e4t"],"articleSection":["WEITERBILDUNG"],"inLanguage":"de"},{"@type":"WebPage","@id":"https:\/\/www.organisator.ch\/weiterbildung\/2022-08-29\/fernuni-schweiz-unter-neuer-fuehrung\/","url":"https:\/\/www.organisator.ch\/weiterbildung\/2022-08-29\/fernuni-schweiz-unter-neuer-fuehrung\/","name":"FernUni Schweiz unter neuer F\u00fchrung - Organisator","isPartOf":{"@id":"https:\/\/www.organisator.ch\/#website"},"primaryImageOfPage":{"@id":"https:\/\/www.organisator.ch\/weiterbildung\/2022-08-29\/fernuni-schweiz-unter-neuer-fuehrung\/#primaryimage"},"image":{"@id":"https:\/\/www.organisator.ch\/weiterbildung\/2022-08-29\/fernuni-schweiz-unter-neuer-fuehrung\/#primaryimage"},"thumbnailUrl":"https:\/\/www.organisator.ch\/wp-content\/uploads\/2022\/08\/FernUni-Schweiz-unter-neuer-Fuhrung_Organisator.jpg","datePublished":"2022-08-29T13:10:37+00:00","description":"Stefan Bumann, Dipl. Ing. ETHZ, \u00fcbernimmt am 1. September 2022 die F\u00fchrung der FernUni Schweiz als Pr\u00e4sident des Stiftungsrates.","breadcrumb":{"@id":"https:\/\/www.organisator.ch\/weiterbildung\/2022-08-29\/fernuni-schweiz-unter-neuer-fuehrung\/#breadcrumb"},"inLanguage":"de","potentialAction":[{"@type":"ReadAction","target":["https:\/\/www.organisator.ch\/weiterbildung\/2022-08-29\/fernuni-schweiz-unter-neuer-fuehrung\/"]}]},{"@type":"ImageObject","inLanguage":"de","@id":"https:\/\/www.organisator.ch\/weiterbildung\/2022-08-29\/fernuni-schweiz-unter-neuer-fuehrung\/#primaryimage","url":"https:\/\/www.organisator.ch\/wp-content\/uploads\/2022\/08\/FernUni-Schweiz-unter-neuer-Fuhrung_Organisator.jpg","contentUrl":"https:\/\/www.organisator.ch\/wp-content\/uploads\/2022\/08\/FernUni-Schweiz-unter-neuer-Fuhrung_Organisator.jpg","width":680,"height":453,"caption":"Stefan Bumann, neuer Pr\u00e4sident des Stiftungsrats der FernUni Schweiz. (Bild: zVg \/ FernUni Schweiz)"},{"@type":"BreadcrumbList","@id":"https:\/\/www.organisator.ch\/weiterbildung\/2022-08-29\/fernuni-schweiz-unter-neuer-fuehrung\/#breadcrumb","itemListElement":[{"@type":"ListItem","position":1,"name":"Home","item":"https:\/\/www.organisator.ch\/"},{"@type":"ListItem","position":2,"name":"FernUni Schweiz unter neuer F\u00fchrung"}]},{"@type":"WebSite","@id":"https:\/\/www.organisator.ch\/#website","url":"https:\/\/www.organisator.ch\/","name":"Organisator","description":"Kompetent. Praxisnah. Der ORGANISATOR bereitet in 10 Ausgaben pro Jahr die wesentlichen Themen f\u00fcr F\u00fchrungskr\u00e4fte von KMU auf.","publisher":{"@id":"https:\/\/www.organisator.ch\/#organization"},"potentialAction":[{"@type":"SearchAction","target":{"@type":"EntryPoint","urlTemplate":"https:\/\/www.organisator.ch\/?s={search_term_string}"},"query-input":{"@type":"PropertyValueSpecification","valueRequired":true,"valueName":"search_term_string"}}],"inLanguage":"de"},{"@type":"Organization","@id":"https:\/\/www.organisator.ch\/#organization","name":"Organisator","url":"https:\/\/www.organisator.ch\/","logo":{"@type":"ImageObject","inLanguage":"de","@id":"https:\/\/www.organisator.ch\/#\/schema\/logo\/image\/","url":"https:\/\/www.organisator.ch\/wp-content\/uploads\/2022\/01\/Logo_Organisator_Website.png","contentUrl":"https:\/\/www.organisator.ch\/wp-content\/uploads\/2022\/01\/Logo_Organisator_Website.png","width":800,"height":77,"caption":"Organisator"},"image":{"@id":"https:\/\/www.organisator.ch\/#\/schema\/logo\/image\/"},"sameAs":["https:\/\/www.facebook.com\/OrganisatorFachmagazin","https:\/\/www.linkedin.com\/showcase\/organisator-das-magazin-fr-kmu","https:\/\/www.xing.com\/news\/pages\/organisator-ch-695","https:\/\/www.youtube.com\/channel\/UCGP2Sq0iWaZwT3BdIAQFYpw"]},{"@type":"Person","@id":"https:\/\/www.organisator.ch\/#\/schema\/person\/6f650f90b2842cd4c0cc334b4e36f67e","name":"thomas.berner","image":{"@type":"ImageObject","inLanguage":"de","@id":"https:\/\/secure.gravatar.com\/avatar\/ac5001d2a36cb6c6cd3e50789007ffca834b477b74a2144564522e944eabff61?s=96&d=mm&r=g","url":"https:\/\/secure.gravatar.com\/avatar\/ac5001d2a36cb6c6cd3e50789007ffca834b477b74a2144564522e944eabff61?s=96&d=mm&r=g","contentUrl":"https:\/\/secure.gravatar.com\/avatar\/ac5001d2a36cb6c6cd3e50789007ffca834b477b74a2144564522e944eabff61?s=96&d=mm&r=g","caption":"thomas.berner"},"url":"https:\/\/www.organisator.ch\/de\/author\/thomas-berner\/"}]}},"_links":{"self":[{"href":"https:\/\/www.organisator.ch\/de\/wp-json\/wp\/v2\/posts\/16725","targetHints":{"allow":["GET"]}}],"collection":[{"href":"https:\/\/www.organisator.ch\/de\/wp-json\/wp\/v2\/posts"}],"about":[{"href":"https:\/\/www.organisator.ch\/de\/wp-json\/wp\/v2\/types\/post"}],"author":[{"embeddable":true,"href":"https:\/\/www.organisator.ch\/de\/wp-json\/wp\/v2\/users\/4"}],"replies":[{"embeddable":true,"href":"https:\/\/www.organisator.ch\/de\/wp-json\/wp\/v2\/comments?post=16725"}],"version-history":[{"count":2,"href":"https:\/\/www.organisator.ch\/de\/wp-json\/wp\/v2\/posts\/16725\/revisions"}],"predecessor-version":[{"id":16728,"href":"https:\/\/www.organisator.ch\/de\/wp-json\/wp\/v2\/posts\/16725\/revisions\/16728"}],"wp:featuredmedia":[{"embeddable":true,"href":"https:\/\/www.organisator.ch\/de\/wp-json\/wp\/v2\/media\/16726"}],"wp:attachment":[{"href":"https:\/\/www.organisator.ch\/de\/wp-json\/wp\/v2\/media?parent=16725"}],"wp:term":[{"taxonomy":"category","embeddable":true,"href":"https:\/\/www.organisator.ch\/de\/wp-json\/wp\/v2\/categories?post=16725"},{"taxonomy":"post_tag","embeddable":true,"href":"https:\/\/www.organisator.ch\/de\/wp-json\/wp\/v2\/tags?post=16725"}],"curies":[{"name":"wp","href":"https:\/\/api.w.org\/{rel}","templated":true}]}}