{"id":1674,"date":"2017-03-24T09:23:42","date_gmt":"2017-03-24T08:23:42","guid":{"rendered":"https:\/\/www.organisator.ch\/?p=1674"},"modified":"2017-03-24T09:23:42","modified_gmt":"2017-03-24T08:23:42","slug":"hotel-seedamm-plaza-veraenderungen-in-der-fuehrungsspitze","status":"publish","type":"post","link":"https:\/\/www.organisator.ch\/de\/allgemein\/2017-03-24\/hotel-seedamm-plaza-veraenderungen-in-der-fuehrungsspitze\/","title":{"rendered":"Hotel Seedamm Plaza: Ver\u00e4nderungen in der F\u00fchrungsspitze"},"content":{"rendered":"<figure id=\"attachment_1675\" aria-describedby=\"caption-attachment-1675\" style=\"width: 556px\" class=\"wp-caption alignnone\"><img loading=\"lazy\" decoding=\"async\" class=\"size-full wp-image-1675\" src=\"https:\/\/www.organisator.ch\/wp-content\/uploads\/2017\/03\/Hotel-Seedamm-Plaza-Veraenderungen-in-der-Fuehrungsspitze_Organisator.jpg\" alt=\"\" width=\"556\" height=\"480\" srcset=\"https:\/\/www.organisator.ch\/wp-content\/uploads\/2017\/03\/Hotel-Seedamm-Plaza-Veraenderungen-in-der-Fuehrungsspitze_Organisator.jpg 556w, https:\/\/www.organisator.ch\/wp-content\/uploads\/2017\/03\/Hotel-Seedamm-Plaza-Veraenderungen-in-der-Fuehrungsspitze_Organisator-14x12.jpg 14w, https:\/\/www.organisator.ch\/wp-content\/uploads\/2017\/03\/Hotel-Seedamm-Plaza-Veraenderungen-in-der-Fuehrungsspitze_Organisator-203x175.jpg 203w, https:\/\/www.organisator.ch\/wp-content\/uploads\/2017\/03\/Hotel-Seedamm-Plaza-Veraenderungen-in-der-Fuehrungsspitze_Organisator-405x350.jpg 405w, https:\/\/www.organisator.ch\/wp-content\/uploads\/2017\/03\/Hotel-Seedamm-Plaza-Veraenderungen-in-der-Fuehrungsspitze_Organisator-300x259.jpg 300w\" sizes=\"auto, (max-width: 556px) 100vw, 556px\" \/><figcaption id=\"caption-attachment-1675\" class=\"wp-caption-text\">Heinz Brassel wird neuer Direktor des Hotels Seedamm Plaza. (Bild: PD)<\/figcaption><\/figure>\n<p>Ende Juni dieses Jahres verl\u00e4sst Peter Ernst auf Grund seines bevorstehenden Ruhestandes das Hotel Seedamm Plaza, welches er in den letzten 20 Jahren als Direktor engagiert und mit viel Herzblut gepr\u00e4gt hat. Direktionsnachfolger wird ein Mann, welcher den komplexen Betrieb des Hotels ebenfalls bestens kennt und ihn mitpr\u00e4gte, mehrfach Auszeichnungen erntete, lokal verwurzelt ist und die gelebte Unternehmenskultur aufrechterhalten wird: Heinz Brassel (Bild). Seit Er\u00f6ffnung 1998 ist Heinz Brassel ohne Unterbruch f\u00fcr die Hotel Seedamm AG t\u00e4tig, mit eidg. Fachausweis und eidg. Diplom als K\u00fcchenchef und Produktionsleiter. Als Mitglied der Gesch\u00e4ftsleitung engagierte er sich beim Aufbau des kundenorientierten Qualit\u00e4tsmanagements. F\u00fcr seine neuen Aufgaben geniesst Heinz Brassel das vollste Vertrauen des Verwaltungsrates. Ihm\u00a0sei es ein grosses Anliegen, dauerhaft zielorientierte Antriebskraft sowie Professionalit\u00e4t zu leben, welche sich an Ergebnissen statt an Aufwand messen, heisst es in einer Medienmitteilung des Hotels. Gerne\u00a0sei er immer einen Schritt voraus mit den Zielen einer bedingungslosen Steigerung der innovativen, neuzeitlichen Gastronomie, Leistungsf\u00e4higkeit und bestm\u00f6glicher Resultate f\u00fcr den Kunden.<\/p>\n<p>In den Verwaltungsrat weht die Ver\u00e4nderung ebenfalls hinein: Hans Giger, Initiant des Hotels Seedamm Plaza, zieht sich an der n\u00e4chsten Generalversammlung ebenfalls zur\u00fcck. Sein Nachfolger, Renato Musch, Unternehmensberater aus Uetikon am See, wird seine Verwaltungsratsaufgaben mit viel Erfahrung in der Gastronomie und der Hotellerie \u00fcbernehmen. Der Verwaltungsrat und die gesamte Belegschaft des Hotels danken Hans Giger sehr f\u00fcr seine langj\u00e4hrige Treue und sein grosses Engagement.<\/p>\n<p><em>Quelle: <a href=\"http:\/\/www.seedamm-plaza.ch\">Hotel Seedamm AG<\/a><\/em><\/p>\n","protected":false},"excerpt":{"rendered":"<p>Ende Juni dieses Jahres verl\u00e4sst Peter Ernst auf Grund seines bevorstehenden Ruhestandes das Hotel Seedamm Plaza, welches er in den letzten 20 Jahren als Direktor engagiert und mit viel Herzblut gepr\u00e4gt hat. Direktionsnachfolger wird ein Mann, welcher den komplexen Betrieb des Hotels ebenfalls bestens kennt und ihn mitpr\u00e4gte, mehrfach Auszeichnungen erntete, lokal verwurzelt ist und [&hellip;]<\/p>\n","protected":false},"author":4,"featured_media":1675,"comment_status":"open","ping_status":"open","sticky":false,"template":"","format":"standard","meta":{"_acf_changed":false,"_yoast_wpseo_focuskw":"Seedamm Plaza","_yoast_wpseo_metadesc":"Neuer Wind weht bald durch das Hotel Seedamm Plaza bis in die Gesch\u00e4ftsleitung und den Verwaltungsrat: Auf Peter H. Ernst folgt Heinz Brassel.","articlekey":"","footnotes":""},"categories":[1],"tags":[335,492,508],"class_list":["post-1674","post","type-post","status-publish","format-standard","has-post-thumbnail","hentry","category-allgemein","tag-management-und-unternehmensfuehrung","tag-unternehmen","tag-vermischtes"],"acf":[],"yoast_head":"<!-- This site is optimized with the Yoast SEO plugin v27.5 - https:\/\/yoast.com\/product\/yoast-seo-wordpress\/ -->\n<title>Hotel Seedamm Plaza: Ver\u00e4nderungen in der F\u00fchrungsspitze - Organisator<\/title>\n<meta name=\"description\" content=\"Neuer Wind weht bald durch das Hotel Seedamm Plaza bis in die Gesch\u00e4ftsleitung und den Verwaltungsrat: Auf Peter H. Ernst folgt Heinz Brassel.\" \/>\n<meta name=\"robots\" content=\"index, follow, max-snippet:-1, max-image-preview:large, max-video-preview:-1\" \/>\n<link rel=\"canonical\" href=\"https:\/\/www.organisator.ch\/de\/allgemein\/2017-03-24\/hotel-seedamm-plaza-veraenderungen-in-der-fuehrungsspitze\/\" \/>\n<meta property=\"og:locale\" content=\"de_DE\" \/>\n<meta property=\"og:type\" content=\"article\" \/>\n<meta property=\"og:title\" content=\"Hotel Seedamm Plaza: Ver\u00e4nderungen in der F\u00fchrungsspitze\" \/>\n<meta property=\"og:description\" content=\"Neuer Wind weht bald durch das #HotelSeedammPlaza bis in die Gesch\u00e4ftsleitung und den Verwaltungsrat. Nach vielen konstanten Jahren stehen dem Haus bedeutende personelle Wechsel bevor.\" \/>\n<meta property=\"og:url\" content=\"https:\/\/www.organisator.ch\/de\/allgemein\/2017-03-24\/hotel-seedamm-plaza-veraenderungen-in-der-fuehrungsspitze\/\" \/>\n<meta property=\"og:site_name\" content=\"Organisator\" \/>\n<meta property=\"article:publisher\" content=\"https:\/\/www.facebook.com\/OrganisatorFachmagazin\" \/>\n<meta property=\"article:published_time\" content=\"2017-03-24T08:23:42+00:00\" \/>\n<meta property=\"og:image\" content=\"https:\/\/www.organisator.ch\/wp-content\/uploads\/2017\/03\/Hotel-Seedamm-Plaza-Veraenderungen-in-der-Fuehrungsspitze_Organisator.jpg\" \/>\n\t<meta property=\"og:image:width\" content=\"556\" \/>\n\t<meta property=\"og:image:height\" content=\"480\" \/>\n\t<meta property=\"og:image:type\" content=\"image\/jpeg\" \/>\n<meta name=\"author\" content=\"thomas.berner\" \/>\n<meta name=\"twitter:card\" content=\"summary_large_image\" \/>\n<script type=\"application\/ld+json\" class=\"yoast-schema-graph\">{\"@context\":\"https:\\\/\\\/schema.org\",\"@graph\":[{\"@type\":\"Article\",\"@id\":\"https:\\\/\\\/www.organisator.ch\\\/it\\\/generale\\\/2017-03-24\\\/hotel-seedamm-plaza-veraenderungen-in-der-fuehrungsspitze\\\/#article\",\"isPartOf\":{\"@id\":\"https:\\\/\\\/www.organisator.ch\\\/it\\\/generale\\\/2017-03-24\\\/hotel-seedamm-plaza-veraenderungen-in-der-fuehrungsspitze\\\/\"},\"author\":{\"name\":\"thomas.berner\",\"@id\":\"https:\\\/\\\/www.organisator.ch\\\/#\\\/schema\\\/person\\\/6f650f90b2842cd4c0cc334b4e36f67e\"},\"headline\":\"Hotel Seedamm Plaza: Ver\u00e4nderungen in der F\u00fchrungsspitze\",\"datePublished\":\"2017-03-24T08:23:42+00:00\",\"mainEntityOfPage\":{\"@id\":\"https:\\\/\\\/www.organisator.ch\\\/it\\\/generale\\\/2017-03-24\\\/hotel-seedamm-plaza-veraenderungen-in-der-fuehrungsspitze\\\/\"},\"wordCount\":276,\"commentCount\":0,\"publisher\":{\"@id\":\"https:\\\/\\\/www.organisator.ch\\\/#organization\"},\"image\":{\"@id\":\"https:\\\/\\\/www.organisator.ch\\\/it\\\/generale\\\/2017-03-24\\\/hotel-seedamm-plaza-veraenderungen-in-der-fuehrungsspitze\\\/#primaryimage\"},\"thumbnailUrl\":\"https:\\\/\\\/www.organisator.ch\\\/wp-content\\\/uploads\\\/2017\\\/03\\\/Hotel-Seedamm-Plaza-Veraenderungen-in-der-Fuehrungsspitze_Organisator.jpg\",\"keywords\":[\"Management und Unternehmensf\u00fchrung\",\"Unternehmen\",\"Vermischtes\"],\"inLanguage\":\"de\"},{\"@type\":\"WebPage\",\"@id\":\"https:\\\/\\\/www.organisator.ch\\\/it\\\/generale\\\/2017-03-24\\\/hotel-seedamm-plaza-veraenderungen-in-der-fuehrungsspitze\\\/\",\"url\":\"https:\\\/\\\/www.organisator.ch\\\/it\\\/generale\\\/2017-03-24\\\/hotel-seedamm-plaza-veraenderungen-in-der-fuehrungsspitze\\\/\",\"name\":\"Hotel Seedamm Plaza: Ver\u00e4nderungen in der F\u00fchrungsspitze - Organisator\",\"isPartOf\":{\"@id\":\"https:\\\/\\\/www.organisator.ch\\\/#website\"},\"primaryImageOfPage\":{\"@id\":\"https:\\\/\\\/www.organisator.ch\\\/it\\\/generale\\\/2017-03-24\\\/hotel-seedamm-plaza-veraenderungen-in-der-fuehrungsspitze\\\/#primaryimage\"},\"image\":{\"@id\":\"https:\\\/\\\/www.organisator.ch\\\/it\\\/generale\\\/2017-03-24\\\/hotel-seedamm-plaza-veraenderungen-in-der-fuehrungsspitze\\\/#primaryimage\"},\"thumbnailUrl\":\"https:\\\/\\\/www.organisator.ch\\\/wp-content\\\/uploads\\\/2017\\\/03\\\/Hotel-Seedamm-Plaza-Veraenderungen-in-der-Fuehrungsspitze_Organisator.jpg\",\"datePublished\":\"2017-03-24T08:23:42+00:00\",\"description\":\"Neuer Wind weht bald durch das Hotel Seedamm Plaza bis in die Gesch\u00e4ftsleitung und den Verwaltungsrat: Auf Peter H. Ernst folgt Heinz Brassel.\",\"breadcrumb\":{\"@id\":\"https:\\\/\\\/www.organisator.ch\\\/it\\\/generale\\\/2017-03-24\\\/hotel-seedamm-plaza-veraenderungen-in-der-fuehrungsspitze\\\/#breadcrumb\"},\"inLanguage\":\"de\",\"potentialAction\":[{\"@type\":\"ReadAction\",\"target\":[\"https:\\\/\\\/www.organisator.ch\\\/it\\\/generale\\\/2017-03-24\\\/hotel-seedamm-plaza-veraenderungen-in-der-fuehrungsspitze\\\/\"]}]},{\"@type\":\"ImageObject\",\"inLanguage\":\"de\",\"@id\":\"https:\\\/\\\/www.organisator.ch\\\/it\\\/generale\\\/2017-03-24\\\/hotel-seedamm-plaza-veraenderungen-in-der-fuehrungsspitze\\\/#primaryimage\",\"url\":\"https:\\\/\\\/www.organisator.ch\\\/wp-content\\\/uploads\\\/2017\\\/03\\\/Hotel-Seedamm-Plaza-Veraenderungen-in-der-Fuehrungsspitze_Organisator.jpg\",\"contentUrl\":\"https:\\\/\\\/www.organisator.ch\\\/wp-content\\\/uploads\\\/2017\\\/03\\\/Hotel-Seedamm-Plaza-Veraenderungen-in-der-Fuehrungsspitze_Organisator.jpg\",\"width\":556,\"height\":480,\"caption\":\"Heinz Brassel, seit 1998 ohne Unterbruch f\u00fcr die Hotel Seedamm AG t\u00e4tig, wird neuer Direktor. (Bild: PD)\"},{\"@type\":\"BreadcrumbList\",\"@id\":\"https:\\\/\\\/www.organisator.ch\\\/it\\\/generale\\\/2017-03-24\\\/hotel-seedamm-plaza-veraenderungen-in-der-fuehrungsspitze\\\/#breadcrumb\",\"itemListElement\":[{\"@type\":\"ListItem\",\"position\":1,\"name\":\"Home\",\"item\":\"https:\\\/\\\/www.organisator.ch\\\/\"},{\"@type\":\"ListItem\",\"position\":2,\"name\":\"Hotel Seedamm Plaza: Ver\u00e4nderungen in der F\u00fchrungsspitze\"}]},{\"@type\":\"WebSite\",\"@id\":\"https:\\\/\\\/www.organisator.ch\\\/#website\",\"url\":\"https:\\\/\\\/www.organisator.ch\\\/\",\"name\":\"Organisator\",\"description\":\"Kompetent. Praxisnah. Der ORGANISATOR bereitet in 10 Ausgaben pro Jahr die wesentlichen Themen f\u00fcr F\u00fchrungskr\u00e4fte von KMU auf.\",\"publisher\":{\"@id\":\"https:\\\/\\\/www.organisator.ch\\\/#organization\"},\"potentialAction\":[{\"@type\":\"SearchAction\",\"target\":{\"@type\":\"EntryPoint\",\"urlTemplate\":\"https:\\\/\\\/www.organisator.ch\\\/?s={search_term_string}\"},\"query-input\":{\"@type\":\"PropertyValueSpecification\",\"valueRequired\":true,\"valueName\":\"search_term_string\"}}],\"inLanguage\":\"de\"},{\"@type\":\"Organization\",\"@id\":\"https:\\\/\\\/www.organisator.ch\\\/#organization\",\"name\":\"Organisator\",\"url\":\"https:\\\/\\\/www.organisator.ch\\\/\",\"logo\":{\"@type\":\"ImageObject\",\"inLanguage\":\"de\",\"@id\":\"https:\\\/\\\/www.organisator.ch\\\/#\\\/schema\\\/logo\\\/image\\\/\",\"url\":\"https:\\\/\\\/www.organisator.ch\\\/wp-content\\\/uploads\\\/2022\\\/01\\\/Logo_Organisator_Website.png\",\"contentUrl\":\"https:\\\/\\\/www.organisator.ch\\\/wp-content\\\/uploads\\\/2022\\\/01\\\/Logo_Organisator_Website.png\",\"width\":800,\"height\":77,\"caption\":\"Organisator\"},\"image\":{\"@id\":\"https:\\\/\\\/www.organisator.ch\\\/#\\\/schema\\\/logo\\\/image\\\/\"},\"sameAs\":[\"https:\\\/\\\/www.facebook.com\\\/OrganisatorFachmagazin\",\"https:\\\/\\\/www.linkedin.com\\\/showcase\\\/organisator-das-magazin-fr-kmu\",\"https:\\\/\\\/www.xing.com\\\/news\\\/pages\\\/organisator-ch-695\",\"https:\\\/\\\/www.youtube.com\\\/channel\\\/UCGP2Sq0iWaZwT3BdIAQFYpw\"]},{\"@type\":\"Person\",\"@id\":\"https:\\\/\\\/www.organisator.ch\\\/#\\\/schema\\\/person\\\/6f650f90b2842cd4c0cc334b4e36f67e\",\"name\":\"thomas.berner\",\"image\":{\"@type\":\"ImageObject\",\"inLanguage\":\"de\",\"@id\":\"https:\\\/\\\/secure.gravatar.com\\\/avatar\\\/ac5001d2a36cb6c6cd3e50789007ffca834b477b74a2144564522e944eabff61?s=96&d=mm&r=g\",\"url\":\"https:\\\/\\\/secure.gravatar.com\\\/avatar\\\/ac5001d2a36cb6c6cd3e50789007ffca834b477b74a2144564522e944eabff61?s=96&d=mm&r=g\",\"contentUrl\":\"https:\\\/\\\/secure.gravatar.com\\\/avatar\\\/ac5001d2a36cb6c6cd3e50789007ffca834b477b74a2144564522e944eabff61?s=96&d=mm&r=g\",\"caption\":\"thomas.berner\"},\"url\":\"https:\\\/\\\/www.organisator.ch\\\/de\\\/author\\\/thomas-berner\\\/\"}]}<\/script>\n<!-- \/ Yoast SEO plugin. -->","yoast_head_json":{"title":"Hotel Seedamm Plaza: Ver\u00e4nderungen in der F\u00fchrungsspitze - Organisator","description":"Neuer Wind weht bald durch das Hotel Seedamm Plaza bis in die Gesch\u00e4ftsleitung und den Verwaltungsrat: Auf Peter H. Ernst folgt Heinz Brassel.","robots":{"index":"index","follow":"follow","max-snippet":"max-snippet:-1","max-image-preview":"max-image-preview:large","max-video-preview":"max-video-preview:-1"},"canonical":"https:\/\/www.organisator.ch\/de\/allgemein\/2017-03-24\/hotel-seedamm-plaza-veraenderungen-in-der-fuehrungsspitze\/","og_locale":"de_DE","og_type":"article","og_title":"Hotel Seedamm Plaza: Ver\u00e4nderungen in der F\u00fchrungsspitze","og_description":"Neuer Wind weht bald durch das #HotelSeedammPlaza bis in die Gesch\u00e4ftsleitung und den Verwaltungsrat. Nach vielen konstanten Jahren stehen dem Haus bedeutende personelle Wechsel bevor.","og_url":"https:\/\/www.organisator.ch\/de\/allgemein\/2017-03-24\/hotel-seedamm-plaza-veraenderungen-in-der-fuehrungsspitze\/","og_site_name":"Organisator","article_publisher":"https:\/\/www.facebook.com\/OrganisatorFachmagazin","article_published_time":"2017-03-24T08:23:42+00:00","og_image":[{"width":556,"height":480,"url":"https:\/\/www.organisator.ch\/wp-content\/uploads\/2017\/03\/Hotel-Seedamm-Plaza-Veraenderungen-in-der-Fuehrungsspitze_Organisator.jpg","type":"image\/jpeg"}],"author":"thomas.berner","twitter_card":"summary_large_image","schema":{"@context":"https:\/\/schema.org","@graph":[{"@type":"Article","@id":"https:\/\/www.organisator.ch\/it\/generale\/2017-03-24\/hotel-seedamm-plaza-veraenderungen-in-der-fuehrungsspitze\/#article","isPartOf":{"@id":"https:\/\/www.organisator.ch\/it\/generale\/2017-03-24\/hotel-seedamm-plaza-veraenderungen-in-der-fuehrungsspitze\/"},"author":{"name":"thomas.berner","@id":"https:\/\/www.organisator.ch\/#\/schema\/person\/6f650f90b2842cd4c0cc334b4e36f67e"},"headline":"Hotel Seedamm Plaza: Ver\u00e4nderungen in der F\u00fchrungsspitze","datePublished":"2017-03-24T08:23:42+00:00","mainEntityOfPage":{"@id":"https:\/\/www.organisator.ch\/it\/generale\/2017-03-24\/hotel-seedamm-plaza-veraenderungen-in-der-fuehrungsspitze\/"},"wordCount":276,"commentCount":0,"publisher":{"@id":"https:\/\/www.organisator.ch\/#organization"},"image":{"@id":"https:\/\/www.organisator.ch\/it\/generale\/2017-03-24\/hotel-seedamm-plaza-veraenderungen-in-der-fuehrungsspitze\/#primaryimage"},"thumbnailUrl":"https:\/\/www.organisator.ch\/wp-content\/uploads\/2017\/03\/Hotel-Seedamm-Plaza-Veraenderungen-in-der-Fuehrungsspitze_Organisator.jpg","keywords":["Management und Unternehmensf\u00fchrung","Unternehmen","Vermischtes"],"inLanguage":"de"},{"@type":"WebPage","@id":"https:\/\/www.organisator.ch\/it\/generale\/2017-03-24\/hotel-seedamm-plaza-veraenderungen-in-der-fuehrungsspitze\/","url":"https:\/\/www.organisator.ch\/it\/generale\/2017-03-24\/hotel-seedamm-plaza-veraenderungen-in-der-fuehrungsspitze\/","name":"Hotel Seedamm Plaza: Ver\u00e4nderungen in der F\u00fchrungsspitze - Organisator","isPartOf":{"@id":"https:\/\/www.organisator.ch\/#website"},"primaryImageOfPage":{"@id":"https:\/\/www.organisator.ch\/it\/generale\/2017-03-24\/hotel-seedamm-plaza-veraenderungen-in-der-fuehrungsspitze\/#primaryimage"},"image":{"@id":"https:\/\/www.organisator.ch\/it\/generale\/2017-03-24\/hotel-seedamm-plaza-veraenderungen-in-der-fuehrungsspitze\/#primaryimage"},"thumbnailUrl":"https:\/\/www.organisator.ch\/wp-content\/uploads\/2017\/03\/Hotel-Seedamm-Plaza-Veraenderungen-in-der-Fuehrungsspitze_Organisator.jpg","datePublished":"2017-03-24T08:23:42+00:00","description":"Neuer Wind weht bald durch das Hotel Seedamm Plaza bis in die Gesch\u00e4ftsleitung und den Verwaltungsrat: Auf Peter H. Ernst folgt Heinz Brassel.","breadcrumb":{"@id":"https:\/\/www.organisator.ch\/it\/generale\/2017-03-24\/hotel-seedamm-plaza-veraenderungen-in-der-fuehrungsspitze\/#breadcrumb"},"inLanguage":"de","potentialAction":[{"@type":"ReadAction","target":["https:\/\/www.organisator.ch\/it\/generale\/2017-03-24\/hotel-seedamm-plaza-veraenderungen-in-der-fuehrungsspitze\/"]}]},{"@type":"ImageObject","inLanguage":"de","@id":"https:\/\/www.organisator.ch\/it\/generale\/2017-03-24\/hotel-seedamm-plaza-veraenderungen-in-der-fuehrungsspitze\/#primaryimage","url":"https:\/\/www.organisator.ch\/wp-content\/uploads\/2017\/03\/Hotel-Seedamm-Plaza-Veraenderungen-in-der-Fuehrungsspitze_Organisator.jpg","contentUrl":"https:\/\/www.organisator.ch\/wp-content\/uploads\/2017\/03\/Hotel-Seedamm-Plaza-Veraenderungen-in-der-Fuehrungsspitze_Organisator.jpg","width":556,"height":480,"caption":"Heinz Brassel, seit 1998 ohne Unterbruch f\u00fcr die Hotel Seedamm AG t\u00e4tig, wird neuer Direktor. (Bild: PD)"},{"@type":"BreadcrumbList","@id":"https:\/\/www.organisator.ch\/it\/generale\/2017-03-24\/hotel-seedamm-plaza-veraenderungen-in-der-fuehrungsspitze\/#breadcrumb","itemListElement":[{"@type":"ListItem","position":1,"name":"Home","item":"https:\/\/www.organisator.ch\/"},{"@type":"ListItem","position":2,"name":"Hotel Seedamm Plaza: Ver\u00e4nderungen in der F\u00fchrungsspitze"}]},{"@type":"WebSite","@id":"https:\/\/www.organisator.ch\/#website","url":"https:\/\/www.organisator.ch\/","name":"Organisator","description":"Kompetent. Praxisnah. Der ORGANISATOR bereitet in 10 Ausgaben pro Jahr die wesentlichen Themen f\u00fcr F\u00fchrungskr\u00e4fte von KMU auf.","publisher":{"@id":"https:\/\/www.organisator.ch\/#organization"},"potentialAction":[{"@type":"SearchAction","target":{"@type":"EntryPoint","urlTemplate":"https:\/\/www.organisator.ch\/?s={search_term_string}"},"query-input":{"@type":"PropertyValueSpecification","valueRequired":true,"valueName":"search_term_string"}}],"inLanguage":"de"},{"@type":"Organization","@id":"https:\/\/www.organisator.ch\/#organization","name":"Organisator","url":"https:\/\/www.organisator.ch\/","logo":{"@type":"ImageObject","inLanguage":"de","@id":"https:\/\/www.organisator.ch\/#\/schema\/logo\/image\/","url":"https:\/\/www.organisator.ch\/wp-content\/uploads\/2022\/01\/Logo_Organisator_Website.png","contentUrl":"https:\/\/www.organisator.ch\/wp-content\/uploads\/2022\/01\/Logo_Organisator_Website.png","width":800,"height":77,"caption":"Organisator"},"image":{"@id":"https:\/\/www.organisator.ch\/#\/schema\/logo\/image\/"},"sameAs":["https:\/\/www.facebook.com\/OrganisatorFachmagazin","https:\/\/www.linkedin.com\/showcase\/organisator-das-magazin-fr-kmu","https:\/\/www.xing.com\/news\/pages\/organisator-ch-695","https:\/\/www.youtube.com\/channel\/UCGP2Sq0iWaZwT3BdIAQFYpw"]},{"@type":"Person","@id":"https:\/\/www.organisator.ch\/#\/schema\/person\/6f650f90b2842cd4c0cc334b4e36f67e","name":"thomas.berner","image":{"@type":"ImageObject","inLanguage":"de","@id":"https:\/\/secure.gravatar.com\/avatar\/ac5001d2a36cb6c6cd3e50789007ffca834b477b74a2144564522e944eabff61?s=96&d=mm&r=g","url":"https:\/\/secure.gravatar.com\/avatar\/ac5001d2a36cb6c6cd3e50789007ffca834b477b74a2144564522e944eabff61?s=96&d=mm&r=g","contentUrl":"https:\/\/secure.gravatar.com\/avatar\/ac5001d2a36cb6c6cd3e50789007ffca834b477b74a2144564522e944eabff61?s=96&d=mm&r=g","caption":"thomas.berner"},"url":"https:\/\/www.organisator.ch\/de\/author\/thomas-berner\/"}]}},"_links":{"self":[{"href":"https:\/\/www.organisator.ch\/de\/wp-json\/wp\/v2\/posts\/1674","targetHints":{"allow":["GET"]}}],"collection":[{"href":"https:\/\/www.organisator.ch\/de\/wp-json\/wp\/v2\/posts"}],"about":[{"href":"https:\/\/www.organisator.ch\/de\/wp-json\/wp\/v2\/types\/post"}],"author":[{"embeddable":true,"href":"https:\/\/www.organisator.ch\/de\/wp-json\/wp\/v2\/users\/4"}],"replies":[{"embeddable":true,"href":"https:\/\/www.organisator.ch\/de\/wp-json\/wp\/v2\/comments?post=1674"}],"version-history":[{"count":0,"href":"https:\/\/www.organisator.ch\/de\/wp-json\/wp\/v2\/posts\/1674\/revisions"}],"wp:featuredmedia":[{"embeddable":true,"href":"https:\/\/www.organisator.ch\/de\/wp-json\/wp\/v2\/media\/1675"}],"wp:attachment":[{"href":"https:\/\/www.organisator.ch\/de\/wp-json\/wp\/v2\/media?parent=1674"}],"wp:term":[{"taxonomy":"category","embeddable":true,"href":"https:\/\/www.organisator.ch\/de\/wp-json\/wp\/v2\/categories?post=1674"},{"taxonomy":"post_tag","embeddable":true,"href":"https:\/\/www.organisator.ch\/de\/wp-json\/wp\/v2\/tags?post=1674"}],"curies":[{"name":"wp","href":"https:\/\/api.w.org\/{rel}","templated":true}]}}