{"id":16763,"date":"2022-08-31T14:29:31","date_gmt":"2022-08-31T12:29:31","guid":{"rendered":"https:\/\/www.organisator.ch\/?p=16763"},"modified":"2022-08-31T14:29:31","modified_gmt":"2022-08-31T12:29:31","slug":"privatbanken-blicken-auf-gutes-jahr-2021-zurueck-zukunft-aber-schwierig","status":"publish","type":"post","link":"https:\/\/www.organisator.ch\/de\/management\/finanzen_recht\/2022-08-31\/privatbanken-blicken-auf-gutes-jahr-2021-zurueck-zukunft-aber-schwierig\/","title":{"rendered":"Privatbanken blicken auf gutes Jahr 2021 zur\u00fcck &#8211; Zukunft aber schwierig"},"content":{"rendered":"<figure id=\"attachment_16766\" aria-describedby=\"caption-attachment-16766\" style=\"width: 680px\" class=\"wp-caption alignnone\"><img loading=\"lazy\" decoding=\"async\" class=\"size-full wp-image-16766\" src=\"https:\/\/www.organisator.ch\/wp-content\/uploads\/2022\/08\/Privatbanken-blicken-auf-gutes-Jahr-2021-zuruck-Zukunft-aber-schwierig_Organisator.jpg\" alt=\"\" width=\"680\" height=\"349\" srcset=\"https:\/\/www.organisator.ch\/wp-content\/uploads\/2022\/08\/Privatbanken-blicken-auf-gutes-Jahr-2021-zuruck-Zukunft-aber-schwierig_Organisator.jpg 680w, https:\/\/www.organisator.ch\/wp-content\/uploads\/2022\/08\/Privatbanken-blicken-auf-gutes-Jahr-2021-zuruck-Zukunft-aber-schwierig_Organisator-18x9.jpg 18w, https:\/\/www.organisator.ch\/wp-content\/uploads\/2022\/08\/Privatbanken-blicken-auf-gutes-Jahr-2021-zuruck-Zukunft-aber-schwierig_Organisator-341x175.jpg 341w, https:\/\/www.organisator.ch\/wp-content\/uploads\/2022\/08\/Privatbanken-blicken-auf-gutes-Jahr-2021-zuruck-Zukunft-aber-schwierig_Organisator-300x154.jpg 300w\" sizes=\"auto, (max-width: 680px) 100vw, 680px\" \/><figcaption id=\"caption-attachment-16766\" class=\"wp-caption-text\">Viele Schweizer Privatbanken surften 2021 auf einer Erfolgswelle. Doch f\u00fcr die nahe Zukunft m\u00fcssen einige mit kr\u00e4ftigem Gegenwind rechnen. (Bild: KPMG)<\/figcaption><\/figure>\n<p>2021 war ein goldenes Jahr f\u00fcr die Privatbanken in der Schweiz. Die verwalteten Verm\u00f6gen stiegen im vergangenen Jahr um CHF 373 Mrd. (12,9%) und betragen neu CHF 3\u2019263 Mrd. Nettoneugelder in H\u00f6he von CHF 131 Mrd. sowie die Performance in H\u00f6he von CHF 234 Mrd. aufgrund der sehr positiven Aktien- und Devisenm\u00e4rkte trugen massgeblich zum Wachstum bei. Bei 91% der Banken stiegen die verwalteten Verm\u00f6gen im Jahr 2021, wobei der Medianwert ein Rekordwachstum von 13,7% erreichte. Der Bruttogewinn stieg im 2021 auf CHF 5,8 Mrd. an und die Ertr\u00e4ge auf CHF 19,7 Mrd. Dies hat eine Erhebung des Wirtschaftspr\u00fcfungsunternehmens KPMG in Zusammenarbeit mit der Universit\u00e4t St.Gallen ergeben. In dieser Studie &#8222;Clarity on Swiss Private Banks&#8220; wurden insgesamt 76 in der Schweiz und 11 in Liechtenstein t\u00e4tige Privatbanken untersucht. Dabei wurden die Performance dieser Institute sowie die wichtigsten Branchentrends beurteilt.<\/p>\n<h3>Akzentuierung zwischen &#8222;schwachen&#8220; und &#8222;starken&#8220; Privatbanken nimmt zu<\/h3>\n<p>Trotz der oben erw\u00e4hnten hervorragenden Ergebnisse \u00f6ffnet sich die Schere zwischen starken und schwachen Privatbanken weiter. Die Zahl der Banken mit operativen Verlusten stieg nach Angaben von KPMG in den letzten drei Jahren trotz sehr positivem Umfeld stark an. Der Median der Eigenkapitalrendite lag f\u00fcr starke Banken bei 10,1% und f\u00fcr schwache Banken bei -2,0%. &#8222;Die starken Banken gehen sehr robust in ein sich klar eintr\u00fcbendes makro\u00f6konomisches Umfeld. F\u00fcr die schwachen und die mittelstarken Banken wird das unsichere wirtschaftliche Umfeld eine grosse Herausforderung, was erneut zu einem beschleunigten R\u00fcckgang der Anzahl Privatbanken f\u00fchren wird&#8220;, erg\u00e4nzt Philipp Rickert, Leiter Financial Services von KPMG Schweiz.<\/p>\n<h3><strong>&#8222;Big8&#8220; werden die Schweizer Privatbankenlandschaft l\u00e4ngerfristig dominieren<\/strong><\/h3>\n<p>Mit der Aufweichung des Bankgeheimnisses sowie der zunehmenden Steuertransparenz durch den Automatischen Informationsaustausch haben viele Privatbanken strategische und operative Verbesserungen vorgenommen und in die Neupositionierung ihres Gesch\u00e4ftes investiert. Mit entsprechendem Erfolg: unter Ausklammerung von UBS und Credit Suisse hebt sich je l\u00e4nger je mehr eine Achtergruppe von grossen Schweizer Privatbanken ab, auf die fast 80% der verwalteten Verm\u00f6gen der analysierten Banken und fast 90% des Bruttogewinns entfallen. &#8222;Das hohe Wachstum ist die Folge des anhaltenden Erfolgs auf dem Markt. Durch einen besseren Kundenservice und \u00fcberdurchschnittlicher Performance ist es den &#8222;Big8&#8243; gelungen, bestehende Kunden an sich zu binden, ihren \u2018share of wallet\u2019 zu erh\u00f6hen und neue Kunden zu gewinnen&#8220;, erkl\u00e4rt Philipp Rickert. Entscheidend ist, dass der Erfolg diese Banken in die Lage versetzt, die besten Mitarbeitenden anzuziehen und kontinuierlich in qualitativ hochwertige Dienstleistungen, massgeschneiderte Produkte und digitale Initiativen zu investieren. Dies erm\u00f6glicht es den Banken, ihre Ertragsmargen in einem hart umk\u00e4mpften Markt zu stabilisieren.<\/p>\n<p>Die Zahl der Privatbanken in der Schweiz ist von 99 Ende 2020 auf 92 im Juni 2022 gesunken. Die starke Transaktionsdynamik mit zehn M&amp;A-Transaktionen im ersten Quartal 2022 kam aufgrund der durch den Krieg in der Ukraine entstandenen Unsicherheit, der steigenden Inflation und Zinsen sowie der Angst vor einer drohenden Rezession zum Stillstand.<\/p>\n<h3><strong>Branche der unabh\u00e4ngigen Verm\u00f6gensverwalter vor fundamentaler Transformation<\/strong><\/h3>\n<p>Der Schweizer Sektor der unabh\u00e4ngigen Verm\u00f6gensverwalter (UVV) hat in den letzten Jahren ebenfalls erfolgreich gewirtschaftet. 37 der gr\u00f6ssten UVV verwalten Kundenverm\u00f6gen von mehr als CHF 100 Mrd. Dies \u00fcbersteigt die kombinierten Kundenverm\u00f6gen von CHF 69 Mrd. der 29 kleinen hier ber\u00fccksichtigten Privatbanken. Doch auch der UVV-Markt ist in Bewegung: H\u00f6here regulatorische Anforderungen, ein wachsendes Interesse ausl\u00e4ndischer Private Equity-Investoren und eine alternde Beraterbasis, die kurz vor der Pensionierung steht.<\/p>\n<p>Bis Ende Juli 2022 hatten als Folge des schweizerischen Finanzinstitutsgesetzes (FINIG) nur rund 400 von 2&#8217;100 UVV eine Bewilligung der FINMA erhalten. &#8222;Bei den meisten unabh\u00e4ngigen Verm\u00f6gensverwaltern handelt es sich um sehr kleine Unternehmen, die unter dem derzeitigen Zeitdruck ihr Gesch\u00e4ft eher verkaufen, als eine Lizenz zu beantragen. Dies k\u00f6nnte zu einem erheblichen Anstieg der M&amp;A-Aktivit\u00e4ten oder zum Verschwinden vieler kleiner Akteure f\u00fchren&#8220;, erkl\u00e4rt Christian Hintermann.<\/p>\n<h3><strong>Gegenwind in den kommenden Jahren beschleunigt Konsolidierung von Privatbanken<\/strong><\/h3>\n<p>Nach vielen Jahren steigender Bewertungen an den Finanzm\u00e4rkten und zehn Jahren Negativzinsen kehrt die Inflation zur\u00fcck und die Zinsen steigen. Die Gruppe der starken Privatbanken ist gut positioniert, um sich dem gegen den klar zunehmenden Gegenwind, ausgel\u00f6st durch eine immer wahrscheinlich werdende wirtschaftliche Stagnation oder gar Rezession, zu stellen. Der Handlungsdruck auf die schw\u00e4cheren Banken, welche w\u00e4hrend einer rekordlangen B\u00f6rsenhausse profitieren konnten, wird sich jedoch markant erh\u00f6hen. KPMG Schweiz geht davon aus, dass diese neue Realit\u00e4t den Konsolidierungsbedarf unter den schw\u00e4cheren Privatbanken der Schweiz erh\u00f6ht und sich eine neue Welle von Marktaustritten und eine st\u00e4rkere Konzentration auf dem Schweizer Finanzplatz zeigen wird.<\/p>\n<p><em>Quelle: <a href=\"http:\/\/www.kpmg.ch\">KPMG<\/a><\/em><\/p>\n","protected":false},"excerpt":{"rendered":"<p>2021 war ein goldenes Jahr f\u00fcr die Privatbanken in der Schweiz. Die verwalteten Verm\u00f6gen stiegen im vergangenen Jahr um CHF 373 Mrd. (12,9%) und betragen neu CHF 3\u2019263 Mrd. Nettoneugelder in H\u00f6he von CHF 131 Mrd. sowie die Performance in H\u00f6he von CHF 234 Mrd. aufgrund der sehr positiven Aktien- und Devisenm\u00e4rkte trugen massgeblich zum [&hellip;]<\/p>\n","protected":false},"author":4,"featured_media":16766,"comment_status":"closed","ping_status":"closed","sticky":false,"template":"","format":"standard","meta":{"_acf_changed":false,"_yoast_wpseo_focuskw":"Privatbanken","_yoast_wpseo_metadesc":"Die Schweizer Privatbanken verwalteten im Jahr 2021 Verm\u00f6gen in der H\u00f6he von 3263 Milliarden Franken, nach einem rekordhohen Anstieg.","articlekey":"","footnotes":""},"categories":[24],"tags":[3362,459,509],"class_list":["post-16763","post","type-post","status-publish","format-standard","has-post-thumbnail","hentry","category-finanzen_recht","tag-privatbanken","tag-studie","tag-vermoegensverwaltung"],"acf":[],"yoast_head":"<!-- This site is optimized with the Yoast SEO plugin v27.5 - https:\/\/yoast.com\/product\/yoast-seo-wordpress\/ -->\n<title>Privatbanken blicken auf gutes Jahr 2021 zur\u00fcck - Zukunft aber schwierig - Organisator<\/title>\n<meta name=\"description\" content=\"Die Schweizer Privatbanken verwalteten im Jahr 2021 Verm\u00f6gen in der H\u00f6he von 3263 Milliarden Franken, nach einem rekordhohen Anstieg.\" \/>\n<meta name=\"robots\" content=\"index, follow, max-snippet:-1, max-image-preview:large, max-video-preview:-1\" \/>\n<link rel=\"canonical\" href=\"https:\/\/www.organisator.ch\/de\/management\/finanzen_recht\/2022-08-31\/privatbanken-blicken-auf-gutes-jahr-2021-zurueck-zukunft-aber-schwierig\/\" \/>\n<meta property=\"og:locale\" content=\"de_DE\" \/>\n<meta property=\"og:type\" content=\"article\" \/>\n<meta property=\"og:title\" content=\"Privatbanken blicken auf gutes Jahr 2021 zur\u00fcck - Zukunft aber schwierig\" \/>\n<meta property=\"og:description\" content=\"Die Schweizer Privatbanken verwalteten im Jahr 2021 Verm\u00f6gen in der H\u00f6he von 3263 Milliarden Franken, nach einem rekordhohen Anstieg.\" \/>\n<meta property=\"og:url\" content=\"https:\/\/www.organisator.ch\/de\/management\/finanzen_recht\/2022-08-31\/privatbanken-blicken-auf-gutes-jahr-2021-zurueck-zukunft-aber-schwierig\/\" \/>\n<meta property=\"og:site_name\" content=\"Organisator\" \/>\n<meta property=\"article:publisher\" content=\"https:\/\/www.facebook.com\/OrganisatorFachmagazin\" \/>\n<meta property=\"article:published_time\" content=\"2022-08-31T12:29:31+00:00\" \/>\n<meta property=\"og:image\" content=\"https:\/\/www.organisator.ch\/wp-content\/uploads\/2022\/08\/Privatbanken-blicken-auf-gutes-Jahr-2021-zuruck-Zukunft-aber-schwierig_Organisator.jpg\" \/>\n\t<meta property=\"og:image:width\" content=\"680\" \/>\n\t<meta property=\"og:image:height\" content=\"349\" \/>\n\t<meta property=\"og:image:type\" content=\"image\/jpeg\" \/>\n<meta name=\"author\" content=\"thomas.berner\" \/>\n<meta name=\"twitter:card\" content=\"summary_large_image\" \/>\n<meta name=\"twitter:title\" content=\"#Privatbanken blicken auf gutes Jahr 2021 zur\u00fcck - Zukunft aber schwierig\" \/>\n<meta name=\"twitter:description\" content=\"Die Schweizer #Privatbanken verwalteten im Jahr 2021 #Verm\u00f6gen in der H\u00f6he von 3263 Milliarden Franken, nach einem rekordhohen Anstieg.\" \/>\n<meta name=\"twitter:image\" content=\"https:\/\/www.organisator.ch\/wp-content\/uploads\/2022\/08\/Privatbanken-blicken-auf-gutes-Jahr-2021-zuruck-Zukunft-aber-schwierig_Organisator.jpg\" \/>\n<script type=\"application\/ld+json\" class=\"yoast-schema-graph\">{\"@context\":\"https:\\\/\\\/schema.org\",\"@graph\":[{\"@type\":\"Article\",\"@id\":\"https:\\\/\\\/www.organisator.ch\\\/management\\\/finanzen_recht\\\/2022-08-31\\\/privatbanken-blicken-auf-gutes-jahr-2021-zurueck-zukunft-aber-schwierig\\\/#article\",\"isPartOf\":{\"@id\":\"https:\\\/\\\/www.organisator.ch\\\/management\\\/finanzen_recht\\\/2022-08-31\\\/privatbanken-blicken-auf-gutes-jahr-2021-zurueck-zukunft-aber-schwierig\\\/\"},\"author\":{\"name\":\"thomas.berner\",\"@id\":\"https:\\\/\\\/www.organisator.ch\\\/#\\\/schema\\\/person\\\/6f650f90b2842cd4c0cc334b4e36f67e\"},\"headline\":\"Privatbanken blicken auf gutes Jahr 2021 zur\u00fcck &#8211; Zukunft aber schwierig\",\"datePublished\":\"2022-08-31T12:29:31+00:00\",\"mainEntityOfPage\":{\"@id\":\"https:\\\/\\\/www.organisator.ch\\\/management\\\/finanzen_recht\\\/2022-08-31\\\/privatbanken-blicken-auf-gutes-jahr-2021-zurueck-zukunft-aber-schwierig\\\/\"},\"wordCount\":789,\"publisher\":{\"@id\":\"https:\\\/\\\/www.organisator.ch\\\/#organization\"},\"image\":{\"@id\":\"https:\\\/\\\/www.organisator.ch\\\/management\\\/finanzen_recht\\\/2022-08-31\\\/privatbanken-blicken-auf-gutes-jahr-2021-zurueck-zukunft-aber-schwierig\\\/#primaryimage\"},\"thumbnailUrl\":\"https:\\\/\\\/www.organisator.ch\\\/wp-content\\\/uploads\\\/2022\\\/08\\\/Privatbanken-blicken-auf-gutes-Jahr-2021-zuruck-Zukunft-aber-schwierig_Organisator.jpg\",\"keywords\":[\"Privatbanken\",\"Studie\",\"Verm\u00f6gensverwaltung\"],\"articleSection\":[\"FINANZEN\\\/RECHT\"],\"inLanguage\":\"de\"},{\"@type\":\"WebPage\",\"@id\":\"https:\\\/\\\/www.organisator.ch\\\/management\\\/finanzen_recht\\\/2022-08-31\\\/privatbanken-blicken-auf-gutes-jahr-2021-zurueck-zukunft-aber-schwierig\\\/\",\"url\":\"https:\\\/\\\/www.organisator.ch\\\/management\\\/finanzen_recht\\\/2022-08-31\\\/privatbanken-blicken-auf-gutes-jahr-2021-zurueck-zukunft-aber-schwierig\\\/\",\"name\":\"Privatbanken blicken auf gutes Jahr 2021 zur\u00fcck - Zukunft aber schwierig - Organisator\",\"isPartOf\":{\"@id\":\"https:\\\/\\\/www.organisator.ch\\\/#website\"},\"primaryImageOfPage\":{\"@id\":\"https:\\\/\\\/www.organisator.ch\\\/management\\\/finanzen_recht\\\/2022-08-31\\\/privatbanken-blicken-auf-gutes-jahr-2021-zurueck-zukunft-aber-schwierig\\\/#primaryimage\"},\"image\":{\"@id\":\"https:\\\/\\\/www.organisator.ch\\\/management\\\/finanzen_recht\\\/2022-08-31\\\/privatbanken-blicken-auf-gutes-jahr-2021-zurueck-zukunft-aber-schwierig\\\/#primaryimage\"},\"thumbnailUrl\":\"https:\\\/\\\/www.organisator.ch\\\/wp-content\\\/uploads\\\/2022\\\/08\\\/Privatbanken-blicken-auf-gutes-Jahr-2021-zuruck-Zukunft-aber-schwierig_Organisator.jpg\",\"datePublished\":\"2022-08-31T12:29:31+00:00\",\"description\":\"Die Schweizer Privatbanken verwalteten im Jahr 2021 Verm\u00f6gen in der H\u00f6he von 3263 Milliarden Franken, nach einem rekordhohen Anstieg.\",\"breadcrumb\":{\"@id\":\"https:\\\/\\\/www.organisator.ch\\\/management\\\/finanzen_recht\\\/2022-08-31\\\/privatbanken-blicken-auf-gutes-jahr-2021-zurueck-zukunft-aber-schwierig\\\/#breadcrumb\"},\"inLanguage\":\"de\",\"potentialAction\":[{\"@type\":\"ReadAction\",\"target\":[\"https:\\\/\\\/www.organisator.ch\\\/management\\\/finanzen_recht\\\/2022-08-31\\\/privatbanken-blicken-auf-gutes-jahr-2021-zurueck-zukunft-aber-schwierig\\\/\"]}]},{\"@type\":\"ImageObject\",\"inLanguage\":\"de\",\"@id\":\"https:\\\/\\\/www.organisator.ch\\\/management\\\/finanzen_recht\\\/2022-08-31\\\/privatbanken-blicken-auf-gutes-jahr-2021-zurueck-zukunft-aber-schwierig\\\/#primaryimage\",\"url\":\"https:\\\/\\\/www.organisator.ch\\\/wp-content\\\/uploads\\\/2022\\\/08\\\/Privatbanken-blicken-auf-gutes-Jahr-2021-zuruck-Zukunft-aber-schwierig_Organisator.jpg\",\"contentUrl\":\"https:\\\/\\\/www.organisator.ch\\\/wp-content\\\/uploads\\\/2022\\\/08\\\/Privatbanken-blicken-auf-gutes-Jahr-2021-zuruck-Zukunft-aber-schwierig_Organisator.jpg\",\"width\":680,\"height\":349,\"caption\":\"Viele Schweizer Privatbanken surften 2021 auf einer Erfolgswelle. Doch f\u00fcr die nahe Zukunft m\u00fcssen einige mit kr\u00e4ftigem Gegenwind rechnen. (Bild: KPMG)\"},{\"@type\":\"BreadcrumbList\",\"@id\":\"https:\\\/\\\/www.organisator.ch\\\/management\\\/finanzen_recht\\\/2022-08-31\\\/privatbanken-blicken-auf-gutes-jahr-2021-zurueck-zukunft-aber-schwierig\\\/#breadcrumb\",\"itemListElement\":[{\"@type\":\"ListItem\",\"position\":1,\"name\":\"Home\",\"item\":\"https:\\\/\\\/www.organisator.ch\\\/\"},{\"@type\":\"ListItem\",\"position\":2,\"name\":\"Privatbanken blicken auf gutes Jahr 2021 zur\u00fcck &#8211; Zukunft aber schwierig\"}]},{\"@type\":\"WebSite\",\"@id\":\"https:\\\/\\\/www.organisator.ch\\\/#website\",\"url\":\"https:\\\/\\\/www.organisator.ch\\\/\",\"name\":\"Organisator\",\"description\":\"Kompetent. Praxisnah. Der ORGANISATOR bereitet in 10 Ausgaben pro Jahr die wesentlichen Themen f\u00fcr F\u00fchrungskr\u00e4fte von KMU auf.\",\"publisher\":{\"@id\":\"https:\\\/\\\/www.organisator.ch\\\/#organization\"},\"potentialAction\":[{\"@type\":\"SearchAction\",\"target\":{\"@type\":\"EntryPoint\",\"urlTemplate\":\"https:\\\/\\\/www.organisator.ch\\\/?s={search_term_string}\"},\"query-input\":{\"@type\":\"PropertyValueSpecification\",\"valueRequired\":true,\"valueName\":\"search_term_string\"}}],\"inLanguage\":\"de\"},{\"@type\":\"Organization\",\"@id\":\"https:\\\/\\\/www.organisator.ch\\\/#organization\",\"name\":\"Organisator\",\"url\":\"https:\\\/\\\/www.organisator.ch\\\/\",\"logo\":{\"@type\":\"ImageObject\",\"inLanguage\":\"de\",\"@id\":\"https:\\\/\\\/www.organisator.ch\\\/#\\\/schema\\\/logo\\\/image\\\/\",\"url\":\"https:\\\/\\\/www.organisator.ch\\\/wp-content\\\/uploads\\\/2022\\\/01\\\/Logo_Organisator_Website.png\",\"contentUrl\":\"https:\\\/\\\/www.organisator.ch\\\/wp-content\\\/uploads\\\/2022\\\/01\\\/Logo_Organisator_Website.png\",\"width\":800,\"height\":77,\"caption\":\"Organisator\"},\"image\":{\"@id\":\"https:\\\/\\\/www.organisator.ch\\\/#\\\/schema\\\/logo\\\/image\\\/\"},\"sameAs\":[\"https:\\\/\\\/www.facebook.com\\\/OrganisatorFachmagazin\",\"https:\\\/\\\/www.linkedin.com\\\/showcase\\\/organisator-das-magazin-fr-kmu\",\"https:\\\/\\\/www.xing.com\\\/news\\\/pages\\\/organisator-ch-695\",\"https:\\\/\\\/www.youtube.com\\\/channel\\\/UCGP2Sq0iWaZwT3BdIAQFYpw\"]},{\"@type\":\"Person\",\"@id\":\"https:\\\/\\\/www.organisator.ch\\\/#\\\/schema\\\/person\\\/6f650f90b2842cd4c0cc334b4e36f67e\",\"name\":\"thomas.berner\",\"image\":{\"@type\":\"ImageObject\",\"inLanguage\":\"de\",\"@id\":\"https:\\\/\\\/secure.gravatar.com\\\/avatar\\\/ac5001d2a36cb6c6cd3e50789007ffca834b477b74a2144564522e944eabff61?s=96&d=mm&r=g\",\"url\":\"https:\\\/\\\/secure.gravatar.com\\\/avatar\\\/ac5001d2a36cb6c6cd3e50789007ffca834b477b74a2144564522e944eabff61?s=96&d=mm&r=g\",\"contentUrl\":\"https:\\\/\\\/secure.gravatar.com\\\/avatar\\\/ac5001d2a36cb6c6cd3e50789007ffca834b477b74a2144564522e944eabff61?s=96&d=mm&r=g\",\"caption\":\"thomas.berner\"},\"url\":\"https:\\\/\\\/www.organisator.ch\\\/de\\\/author\\\/thomas-berner\\\/\"}]}<\/script>\n<!-- \/ Yoast SEO plugin. -->","yoast_head_json":{"title":"Privatbanken blicken auf gutes Jahr 2021 zur\u00fcck - Zukunft aber schwierig - Organisator","description":"Die Schweizer Privatbanken verwalteten im Jahr 2021 Verm\u00f6gen in der H\u00f6he von 3263 Milliarden Franken, nach einem rekordhohen Anstieg.","robots":{"index":"index","follow":"follow","max-snippet":"max-snippet:-1","max-image-preview":"max-image-preview:large","max-video-preview":"max-video-preview:-1"},"canonical":"https:\/\/www.organisator.ch\/de\/management\/finanzen_recht\/2022-08-31\/privatbanken-blicken-auf-gutes-jahr-2021-zurueck-zukunft-aber-schwierig\/","og_locale":"de_DE","og_type":"article","og_title":"Privatbanken blicken auf gutes Jahr 2021 zur\u00fcck - Zukunft aber schwierig","og_description":"Die Schweizer Privatbanken verwalteten im Jahr 2021 Verm\u00f6gen in der H\u00f6he von 3263 Milliarden Franken, nach einem rekordhohen Anstieg.","og_url":"https:\/\/www.organisator.ch\/de\/management\/finanzen_recht\/2022-08-31\/privatbanken-blicken-auf-gutes-jahr-2021-zurueck-zukunft-aber-schwierig\/","og_site_name":"Organisator","article_publisher":"https:\/\/www.facebook.com\/OrganisatorFachmagazin","article_published_time":"2022-08-31T12:29:31+00:00","og_image":[{"width":680,"height":349,"url":"https:\/\/www.organisator.ch\/wp-content\/uploads\/2022\/08\/Privatbanken-blicken-auf-gutes-Jahr-2021-zuruck-Zukunft-aber-schwierig_Organisator.jpg","type":"image\/jpeg"}],"author":"thomas.berner","twitter_card":"summary_large_image","twitter_title":"#Privatbanken blicken auf gutes Jahr 2021 zur\u00fcck - Zukunft aber schwierig","twitter_description":"Die Schweizer #Privatbanken verwalteten im Jahr 2021 #Verm\u00f6gen in der H\u00f6he von 3263 Milliarden Franken, nach einem rekordhohen Anstieg.","twitter_image":"https:\/\/www.organisator.ch\/wp-content\/uploads\/2022\/08\/Privatbanken-blicken-auf-gutes-Jahr-2021-zuruck-Zukunft-aber-schwierig_Organisator.jpg","schema":{"@context":"https:\/\/schema.org","@graph":[{"@type":"Article","@id":"https:\/\/www.organisator.ch\/management\/finanzen_recht\/2022-08-31\/privatbanken-blicken-auf-gutes-jahr-2021-zurueck-zukunft-aber-schwierig\/#article","isPartOf":{"@id":"https:\/\/www.organisator.ch\/management\/finanzen_recht\/2022-08-31\/privatbanken-blicken-auf-gutes-jahr-2021-zurueck-zukunft-aber-schwierig\/"},"author":{"name":"thomas.berner","@id":"https:\/\/www.organisator.ch\/#\/schema\/person\/6f650f90b2842cd4c0cc334b4e36f67e"},"headline":"Privatbanken blicken auf gutes Jahr 2021 zur\u00fcck &#8211; Zukunft aber schwierig","datePublished":"2022-08-31T12:29:31+00:00","mainEntityOfPage":{"@id":"https:\/\/www.organisator.ch\/management\/finanzen_recht\/2022-08-31\/privatbanken-blicken-auf-gutes-jahr-2021-zurueck-zukunft-aber-schwierig\/"},"wordCount":789,"publisher":{"@id":"https:\/\/www.organisator.ch\/#organization"},"image":{"@id":"https:\/\/www.organisator.ch\/management\/finanzen_recht\/2022-08-31\/privatbanken-blicken-auf-gutes-jahr-2021-zurueck-zukunft-aber-schwierig\/#primaryimage"},"thumbnailUrl":"https:\/\/www.organisator.ch\/wp-content\/uploads\/2022\/08\/Privatbanken-blicken-auf-gutes-Jahr-2021-zuruck-Zukunft-aber-schwierig_Organisator.jpg","keywords":["Privatbanken","Studie","Verm\u00f6gensverwaltung"],"articleSection":["FINANZEN\/RECHT"],"inLanguage":"de"},{"@type":"WebPage","@id":"https:\/\/www.organisator.ch\/management\/finanzen_recht\/2022-08-31\/privatbanken-blicken-auf-gutes-jahr-2021-zurueck-zukunft-aber-schwierig\/","url":"https:\/\/www.organisator.ch\/management\/finanzen_recht\/2022-08-31\/privatbanken-blicken-auf-gutes-jahr-2021-zurueck-zukunft-aber-schwierig\/","name":"Privatbanken blicken auf gutes Jahr 2021 zur\u00fcck - Zukunft aber schwierig - Organisator","isPartOf":{"@id":"https:\/\/www.organisator.ch\/#website"},"primaryImageOfPage":{"@id":"https:\/\/www.organisator.ch\/management\/finanzen_recht\/2022-08-31\/privatbanken-blicken-auf-gutes-jahr-2021-zurueck-zukunft-aber-schwierig\/#primaryimage"},"image":{"@id":"https:\/\/www.organisator.ch\/management\/finanzen_recht\/2022-08-31\/privatbanken-blicken-auf-gutes-jahr-2021-zurueck-zukunft-aber-schwierig\/#primaryimage"},"thumbnailUrl":"https:\/\/www.organisator.ch\/wp-content\/uploads\/2022\/08\/Privatbanken-blicken-auf-gutes-Jahr-2021-zuruck-Zukunft-aber-schwierig_Organisator.jpg","datePublished":"2022-08-31T12:29:31+00:00","description":"Die Schweizer Privatbanken verwalteten im Jahr 2021 Verm\u00f6gen in der H\u00f6he von 3263 Milliarden Franken, nach einem rekordhohen Anstieg.","breadcrumb":{"@id":"https:\/\/www.organisator.ch\/management\/finanzen_recht\/2022-08-31\/privatbanken-blicken-auf-gutes-jahr-2021-zurueck-zukunft-aber-schwierig\/#breadcrumb"},"inLanguage":"de","potentialAction":[{"@type":"ReadAction","target":["https:\/\/www.organisator.ch\/management\/finanzen_recht\/2022-08-31\/privatbanken-blicken-auf-gutes-jahr-2021-zurueck-zukunft-aber-schwierig\/"]}]},{"@type":"ImageObject","inLanguage":"de","@id":"https:\/\/www.organisator.ch\/management\/finanzen_recht\/2022-08-31\/privatbanken-blicken-auf-gutes-jahr-2021-zurueck-zukunft-aber-schwierig\/#primaryimage","url":"https:\/\/www.organisator.ch\/wp-content\/uploads\/2022\/08\/Privatbanken-blicken-auf-gutes-Jahr-2021-zuruck-Zukunft-aber-schwierig_Organisator.jpg","contentUrl":"https:\/\/www.organisator.ch\/wp-content\/uploads\/2022\/08\/Privatbanken-blicken-auf-gutes-Jahr-2021-zuruck-Zukunft-aber-schwierig_Organisator.jpg","width":680,"height":349,"caption":"Viele Schweizer Privatbanken surften 2021 auf einer Erfolgswelle. Doch f\u00fcr die nahe Zukunft m\u00fcssen einige mit kr\u00e4ftigem Gegenwind rechnen. (Bild: KPMG)"},{"@type":"BreadcrumbList","@id":"https:\/\/www.organisator.ch\/management\/finanzen_recht\/2022-08-31\/privatbanken-blicken-auf-gutes-jahr-2021-zurueck-zukunft-aber-schwierig\/#breadcrumb","itemListElement":[{"@type":"ListItem","position":1,"name":"Home","item":"https:\/\/www.organisator.ch\/"},{"@type":"ListItem","position":2,"name":"Privatbanken blicken auf gutes Jahr 2021 zur\u00fcck &#8211; Zukunft aber schwierig"}]},{"@type":"WebSite","@id":"https:\/\/www.organisator.ch\/#website","url":"https:\/\/www.organisator.ch\/","name":"Organisator","description":"Kompetent. Praxisnah. Der ORGANISATOR bereitet in 10 Ausgaben pro Jahr die wesentlichen Themen f\u00fcr F\u00fchrungskr\u00e4fte von KMU auf.","publisher":{"@id":"https:\/\/www.organisator.ch\/#organization"},"potentialAction":[{"@type":"SearchAction","target":{"@type":"EntryPoint","urlTemplate":"https:\/\/www.organisator.ch\/?s={search_term_string}"},"query-input":{"@type":"PropertyValueSpecification","valueRequired":true,"valueName":"search_term_string"}}],"inLanguage":"de"},{"@type":"Organization","@id":"https:\/\/www.organisator.ch\/#organization","name":"Organisator","url":"https:\/\/www.organisator.ch\/","logo":{"@type":"ImageObject","inLanguage":"de","@id":"https:\/\/www.organisator.ch\/#\/schema\/logo\/image\/","url":"https:\/\/www.organisator.ch\/wp-content\/uploads\/2022\/01\/Logo_Organisator_Website.png","contentUrl":"https:\/\/www.organisator.ch\/wp-content\/uploads\/2022\/01\/Logo_Organisator_Website.png","width":800,"height":77,"caption":"Organisator"},"image":{"@id":"https:\/\/www.organisator.ch\/#\/schema\/logo\/image\/"},"sameAs":["https:\/\/www.facebook.com\/OrganisatorFachmagazin","https:\/\/www.linkedin.com\/showcase\/organisator-das-magazin-fr-kmu","https:\/\/www.xing.com\/news\/pages\/organisator-ch-695","https:\/\/www.youtube.com\/channel\/UCGP2Sq0iWaZwT3BdIAQFYpw"]},{"@type":"Person","@id":"https:\/\/www.organisator.ch\/#\/schema\/person\/6f650f90b2842cd4c0cc334b4e36f67e","name":"thomas.berner","image":{"@type":"ImageObject","inLanguage":"de","@id":"https:\/\/secure.gravatar.com\/avatar\/ac5001d2a36cb6c6cd3e50789007ffca834b477b74a2144564522e944eabff61?s=96&d=mm&r=g","url":"https:\/\/secure.gravatar.com\/avatar\/ac5001d2a36cb6c6cd3e50789007ffca834b477b74a2144564522e944eabff61?s=96&d=mm&r=g","contentUrl":"https:\/\/secure.gravatar.com\/avatar\/ac5001d2a36cb6c6cd3e50789007ffca834b477b74a2144564522e944eabff61?s=96&d=mm&r=g","caption":"thomas.berner"},"url":"https:\/\/www.organisator.ch\/de\/author\/thomas-berner\/"}]}},"_links":{"self":[{"href":"https:\/\/www.organisator.ch\/de\/wp-json\/wp\/v2\/posts\/16763","targetHints":{"allow":["GET"]}}],"collection":[{"href":"https:\/\/www.organisator.ch\/de\/wp-json\/wp\/v2\/posts"}],"about":[{"href":"https:\/\/www.organisator.ch\/de\/wp-json\/wp\/v2\/types\/post"}],"author":[{"embeddable":true,"href":"https:\/\/www.organisator.ch\/de\/wp-json\/wp\/v2\/users\/4"}],"replies":[{"embeddable":true,"href":"https:\/\/www.organisator.ch\/de\/wp-json\/wp\/v2\/comments?post=16763"}],"version-history":[{"count":1,"href":"https:\/\/www.organisator.ch\/de\/wp-json\/wp\/v2\/posts\/16763\/revisions"}],"predecessor-version":[{"id":16767,"href":"https:\/\/www.organisator.ch\/de\/wp-json\/wp\/v2\/posts\/16763\/revisions\/16767"}],"wp:featuredmedia":[{"embeddable":true,"href":"https:\/\/www.organisator.ch\/de\/wp-json\/wp\/v2\/media\/16766"}],"wp:attachment":[{"href":"https:\/\/www.organisator.ch\/de\/wp-json\/wp\/v2\/media?parent=16763"}],"wp:term":[{"taxonomy":"category","embeddable":true,"href":"https:\/\/www.organisator.ch\/de\/wp-json\/wp\/v2\/categories?post=16763"},{"taxonomy":"post_tag","embeddable":true,"href":"https:\/\/www.organisator.ch\/de\/wp-json\/wp\/v2\/tags?post=16763"}],"curies":[{"name":"wp","href":"https:\/\/api.w.org\/{rel}","templated":true}]}}