{"id":1677,"date":"2018-05-11T11:19:33","date_gmt":"2018-05-11T09:19:33","guid":{"rendered":"https:\/\/www.umweltperspektiven.ch\/?p=1677"},"modified":"2022-02-09T11:05:37","modified_gmt":"2022-02-09T10:05:37","slug":"ifat-2018-die-umweltbranche-nimmt-mikroplastik-ins-visier","status":"publish","type":"post","link":"https:\/\/www.organisator.ch\/de\/sustainability\/2018-05-11\/ifat-2018-die-umweltbranche-nimmt-mikroplastik-ins-visier\/","title":{"rendered":"IFAT 2018: Die Umweltbranche nimmt Mikroplastik ins Visier"},"content":{"rendered":"<figure id=\"attachment_1678\" aria-describedby=\"caption-attachment-1678\" style=\"width: 680px\" class=\"wp-caption alignnone\"><img loading=\"lazy\" decoding=\"async\" class=\"size-medium wp-image-1678\" src=\"\/\/www.umweltperspektiven.ch\/wp-content\/uploads\/2018\/05\/plastikmuell.jpg\" alt=\"\" width=\"680\" height=\"453\" srcset=\"https:\/\/www.organisator.ch\/wp-content\/uploads\/2018\/05\/plastikmuell.jpg 1920w, https:\/\/www.organisator.ch\/wp-content\/uploads\/2018\/05\/plastikmuell-680x453.jpg 680w, https:\/\/www.organisator.ch\/wp-content\/uploads\/2018\/05\/plastikmuell-1024x683.jpg 1024w, https:\/\/www.organisator.ch\/wp-content\/uploads\/2018\/05\/plastikmuell-768x512.jpg 768w, https:\/\/www.organisator.ch\/wp-content\/uploads\/2018\/05\/plastikmuell-1536x1024.jpg 1536w, https:\/\/www.organisator.ch\/wp-content\/uploads\/2018\/05\/plastikmuell-18x12.jpg 18w, https:\/\/www.organisator.ch\/wp-content\/uploads\/2018\/05\/plastikmuell-263x175.jpg 263w, https:\/\/www.organisator.ch\/wp-content\/uploads\/2018\/05\/plastikmuell-525x350.jpg 525w, https:\/\/www.organisator.ch\/wp-content\/uploads\/2018\/05\/plastikmuell-1200x800.jpg 1200w, https:\/\/www.organisator.ch\/wp-content\/uploads\/2018\/05\/plastikmuell-920x613.jpg 920w, https:\/\/www.organisator.ch\/wp-content\/uploads\/2018\/05\/plastikmuell-1400x933.jpg 1400w, https:\/\/www.organisator.ch\/wp-content\/uploads\/2018\/05\/plastikmuell-300x200.jpg 300w\" sizes=\"auto, (max-width: 680px) 100vw, 680px\" \/><figcaption id=\"caption-attachment-1678\" class=\"wp-caption-text\">Produkte aus Plastik herstellen ist das eine, den ganzen Produktekreislauf ber\u00fccksichtigen das andere. (Bild: IFAT)<\/figcaption><\/figure>\n<p>Der Umgang mit Mikroplastik in Gew\u00e4ssern, Abwasser und unter Umst\u00e4nden auch im Trinkwasser z\u00e4hlt definitiv zu einer Weltleitmesse wie der IFAT 2018 in M\u00fcnchen. Gleich zur Messe-Er\u00f6ffnung am 14. Mai diskutieren ab 11:10 Uhr Fachexperten unter dem Titel \u201eRethink \u2013 reduce \u2013 recycle plastic\u201c, wie Fl\u00fcsse und Ozeane mittel- und langfristig von Plastik befreit werden k\u00f6nnen. Teil der Diskussion werden auch die Mikropartikel in Gew\u00e4ssern und Kl\u00e4ranlagen sein.<\/p>\n<p><strong>35 Millionen Euro f\u00fcr die Forschung<\/strong><\/p>\n<p>Ein weiterer wichtiger Anlaufpunkt im Messegeschehen ist der Stand des Bundesministeriums f\u00fcr Bildung und Forschung (BMBF). Dieses legte im Herbst letzten Jahres eines der weltweit gr\u00f6ssten Forschungsprogramme zu \u201ePlastik in der Umwelt\u201c auf. Bis zum Jahr 2021 werden 35 Millionen Euro in 18 Verbundprojekte mit rund 100 Partnern aus Wissenschaft, Wirtschaft, Verb\u00e4nden und Kommunen fliessen.<\/p>\n<p>Einer der Schwerpunkte auf dem BMBF-Stand ist das Verbundprojekt EmiStop. Ziel des Projekts ist es, bereits bestehende Aufbereitungstechnologien f\u00fcr Industriewasser \u2013 wie Sedimentations-, Flotations- und Filtrationsverfahren \u2013 so zu optimieren, dass weniger Mikroplastik in das Abwasser gelangt. Im Idealfall k\u00f6nnten die Partikel aus dem Abwasser sogar in die Produktion zur\u00fcckgef\u00fchrt werden. Auf der IFAT zeigt das Bundesforschungsministerium eine elektrische Flotationsanlage des Herstellers EnviroChemie, der bei EmiStop federf\u00fchrend ist.<\/p>\n<p><strong>Vom Autoreifen in die aquatische Umwelt<\/strong><\/p>\n<p>Am Stand der Technischen Universit\u00e4t (TU) Berlin, Fachgebiet Siedlungswasserwirtschaft steht das Projekt RAU \u2013 Reifenabrieb in der Umwelt \u2013 im Mittelpunkt. Wissenschaftlern zufolge sind Menge und Eintrag von Reifenabrieben, die \u00fcber den Strassenabfluss in die aquatische Umwelt gelangen, bislang nicht erforscht. Das Verbundprojekt soll nun Klarheit schaffen. Auf der IFAT stellt die TU Berlin einen Probenahmekorb aus, mit dem der Strassenablauf unmittelbar am Ort untersucht werden kann.<\/p>\n<p>Der Korb wurde zusammen mit den Firmen GKD-Gebr. Kufferath und ORI Abwassertechnik entwickelt. Zus\u00e4tzlich informiert die Universit\u00e4t \u00fcber den Status quo des Forschungsprojekts OEMP \u2013 Optimierte Materialien und Verfahren zur Entfernung von Mikroplastik aus dem Wasserkreislauf, das schon seit April 2016 l\u00e4uft. Ein bereits marktf\u00e4higes Produkt, das im Rahmen dieses Projektes entwickelt wurde, ist der Strassenablauffilter Innolet G des Herstellers Funke Kunststoffe. Mit diesem System k\u00f6nnen vorhandene Gullys mit einem Nassschlammfang nachger\u00fcstet werden, der Reifenabriebe zuverl\u00e4ssig entfernt.<\/p>\n<p><strong>Letzte Filterm\u00f6glichkeit: Kl\u00e4ranlagen<\/strong><\/p>\n<p>Das Unternehmen Invent Umwelt- und Verfahrenstechnik \u2013 Industriepartner von OEMP \u2013 pr\u00e4sentiert auf dem Messegel\u00e4nde in M\u00fcnchen den FILT-Rautenfilter, der im Anschluss an das Nachkl\u00e4rbecken bei Kl\u00e4ranlagen zum Einsatz kommen kann. Neben Belebtschlammflocken, F\u00e4llungsflocken der Phosphorreduktion und Pulveraktivkohle, h\u00e4lt der Filter auch Mikroplastik zur\u00fcck. Auch die Firma ATB Water hat Mikroplastik ins Visier genommen.<\/p>\n<p>Das auf den Bau von Kleinkl\u00e4ranlagensystemen spezialisierte Unternehmen arbeitet nach eigenen Angaben aktuell intensiv an einer technischen L\u00f6sung, um Mikrokunststoffe aus dem Abwasserstrom von Kleinkl\u00e4ranlagen herauszufiltern.<\/p>\n<p><strong>Expertin: Produkte m\u00fcssen recycelbar werden<\/strong><\/p>\n<p>\u201eDie vor uns stehenden Herausforderungen bei der Reduktion von Kunststoffen in der Umwelt sind vielf\u00e4ltig\u201c, unterstreicht Dr. Bettina Rechenberg. Die Leiterin des Fachbereichs \u201eNachhaltige Produkte und Produktion, Kreislaufwirtschaft\u201c im Umweltbundesamt f\u00e4hrt fort: \u201eZur L\u00f6sung sind die Eintr\u00e4ge in die Umwelt beispielsweise auch \u00fcber Komposte und G\u00e4rreste genauer zu quantifizieren sowie durch eine Fortschreibung des Standes der Technik zu reduzieren.\u201c<\/p>\n<p>Auch bei der Produkt- und Materialentwicklung m\u00fcssen nach ihren Worten m\u00f6gliche Eintr\u00e4ge in die Umwelt und die Recyclingf\u00e4higkeit noch st\u00e4rker ber\u00fccksichtigt werden. Damit Plastik nicht in der Umwelt, sondern noch mehr als bisher als Rezyklat wieder in Produkten landet, m\u00fcssten die Recyclinganlagen ausreichend hohe Rezyklatqualit\u00e4ten zur Verf\u00fcgung stellen. \u201eUnabh\u00e4ngig von den derzeitigen grossen Forschungsanstrengungen sollten sich die Branchen bereits heute auf diese Aufgaben einstellen\u201c, betont die Expertin.<\/p>\n<p><em>Wie sich die Recycling- und Abwasserbranche diesen Aufgaben stellt, wird die IFAT im Mai mit ihren \u00fcber 3.100 Ausstellern zeigen.<\/em><\/p>\n<p><a href=\"\/\/www.ifat.de\">www.ifat.de<\/a><\/p>\n<p>&nbsp;<\/p>\n","protected":false},"excerpt":{"rendered":"<p>Der Umgang mit Mikroplastik in Gew\u00e4ssern, Abwasser und unter Umst\u00e4nden auch im Trinkwasser z\u00e4hlt definitiv zu einer Weltleitmesse wie der IFAT 2018 in M\u00fcnchen. Gleich zur Messe-Er\u00f6ffnung am 14. Mai diskutieren ab 11:10 Uhr Fachexperten unter dem Titel \u201eRethink \u2013 reduce \u2013 recycle plastic\u201c, wie Fl\u00fcsse und Ozeane mittel- und langfristig von Plastik befreit werden [&hellip;]<\/p>\n","protected":false},"author":5,"featured_media":1678,"comment_status":"open","ping_status":"open","sticky":false,"template":"","format":"standard","meta":{"_acf_changed":false,"_yoast_wpseo_focuskw":"Mikroplastik","_yoast_wpseo_metadesc":"Mikroplastik \u2013 jetzt werden Menge, Verbreitung und Gef\u00e4hrdungspotenzial der Kleinstteilchen in der Fachwelt, so auch an der IFAT 2018, diskutiert.","articlekey":"","footnotes":""},"categories":[580],"tags":[858,1711,1712,1987,600],"class_list":["post-1677","post","type-post","status-publish","format-standard","has-post-thumbnail","hentry","category-sustainability","tag-boden","tag-mikroplastik","tag-mikroteilchen","tag-recycling","tag-wasser"],"acf":[],"yoast_head":"<!-- This site is optimized with the Yoast SEO plugin v27.5 - https:\/\/yoast.com\/product\/yoast-seo-wordpress\/ -->\n<title>IFAT 2018: Die Umweltbranche nimmt Mikroplastik ins Visier - Organisator<\/title>\n<meta name=\"description\" content=\"Mikroplastik \u2013 jetzt werden Menge, Verbreitung und Gef\u00e4hrdungspotenzial der Kleinstteilchen in der Fachwelt, so auch an der IFAT 2018, diskutiert.\" \/>\n<meta name=\"robots\" content=\"index, follow, max-snippet:-1, max-image-preview:large, max-video-preview:-1\" \/>\n<link rel=\"canonical\" href=\"https:\/\/www.organisator.ch\/de\/sustainability\/2018-05-11\/ifat-2018-die-umweltbranche-nimmt-mikroplastik-ins-visier\/\" \/>\n<meta property=\"og:locale\" content=\"de_DE\" \/>\n<meta property=\"og:type\" content=\"article\" \/>\n<meta property=\"og:title\" content=\"IFAT 2018: Die Umweltbranche nimmt Mikroplastik ins Visier - Organisator\" \/>\n<meta property=\"og:description\" content=\"Mikroplastik \u2013 jetzt werden Menge, Verbreitung und Gef\u00e4hrdungspotenzial der Kleinstteilchen in der Fachwelt, so auch an der IFAT 2018, diskutiert.\" \/>\n<meta property=\"og:url\" content=\"https:\/\/www.organisator.ch\/de\/sustainability\/2018-05-11\/ifat-2018-die-umweltbranche-nimmt-mikroplastik-ins-visier\/\" \/>\n<meta property=\"og:site_name\" content=\"Organisator\" \/>\n<meta property=\"article:publisher\" content=\"https:\/\/www.facebook.com\/OrganisatorFachmagazin\" \/>\n<meta property=\"article:published_time\" content=\"2018-05-11T09:19:33+00:00\" \/>\n<meta property=\"article:modified_time\" content=\"2022-02-09T10:05:37+00:00\" \/>\n<meta property=\"og:image\" content=\"https:\/\/www.organisator.ch\/wp-content\/uploads\/2018\/05\/plastikmuell.jpg\" \/>\n\t<meta property=\"og:image:width\" content=\"1920\" \/>\n\t<meta property=\"og:image:height\" content=\"1280\" \/>\n\t<meta property=\"og:image:type\" content=\"image\/jpeg\" \/>\n<meta name=\"author\" content=\"michael.merz\" \/>\n<meta name=\"twitter:card\" content=\"summary_large_image\" \/>\n<script type=\"application\/ld+json\" class=\"yoast-schema-graph\">{\"@context\":\"https:\\\/\\\/schema.org\",\"@graph\":[{\"@type\":\"Article\",\"@id\":\"https:\\\/\\\/www.organisator.ch\\\/sustainability\\\/2018-05-11\\\/ifat-2018-die-umweltbranche-nimmt-mikroplastik-ins-visier\\\/#article\",\"isPartOf\":{\"@id\":\"https:\\\/\\\/www.organisator.ch\\\/sustainability\\\/2018-05-11\\\/ifat-2018-die-umweltbranche-nimmt-mikroplastik-ins-visier\\\/\"},\"author\":{\"name\":\"michael.merz\",\"@id\":\"https:\\\/\\\/www.organisator.ch\\\/#\\\/schema\\\/person\\\/134708ca9321c57b0362cceb7948ffbd\"},\"headline\":\"IFAT 2018: Die Umweltbranche nimmt Mikroplastik ins Visier\",\"datePublished\":\"2018-05-11T09:19:33+00:00\",\"dateModified\":\"2022-02-09T10:05:37+00:00\",\"mainEntityOfPage\":{\"@id\":\"https:\\\/\\\/www.organisator.ch\\\/sustainability\\\/2018-05-11\\\/ifat-2018-die-umweltbranche-nimmt-mikroplastik-ins-visier\\\/\"},\"wordCount\":651,\"commentCount\":0,\"publisher\":{\"@id\":\"https:\\\/\\\/www.organisator.ch\\\/#organization\"},\"image\":{\"@id\":\"https:\\\/\\\/www.organisator.ch\\\/sustainability\\\/2018-05-11\\\/ifat-2018-die-umweltbranche-nimmt-mikroplastik-ins-visier\\\/#primaryimage\"},\"thumbnailUrl\":\"https:\\\/\\\/www.organisator.ch\\\/wp-content\\\/uploads\\\/2018\\\/05\\\/plastikmuell.jpg\",\"keywords\":[\"Boden\",\"Mikroplastik\",\"Mikroteilchen\",\"Recycling\",\"WASSER\"],\"articleSection\":[\"SUSTAINABILITY\"],\"inLanguage\":\"de\"},{\"@type\":\"WebPage\",\"@id\":\"https:\\\/\\\/www.organisator.ch\\\/sustainability\\\/2018-05-11\\\/ifat-2018-die-umweltbranche-nimmt-mikroplastik-ins-visier\\\/\",\"url\":\"https:\\\/\\\/www.organisator.ch\\\/sustainability\\\/2018-05-11\\\/ifat-2018-die-umweltbranche-nimmt-mikroplastik-ins-visier\\\/\",\"name\":\"IFAT 2018: Die Umweltbranche nimmt Mikroplastik ins Visier - Organisator\",\"isPartOf\":{\"@id\":\"https:\\\/\\\/www.organisator.ch\\\/#website\"},\"primaryImageOfPage\":{\"@id\":\"https:\\\/\\\/www.organisator.ch\\\/sustainability\\\/2018-05-11\\\/ifat-2018-die-umweltbranche-nimmt-mikroplastik-ins-visier\\\/#primaryimage\"},\"image\":{\"@id\":\"https:\\\/\\\/www.organisator.ch\\\/sustainability\\\/2018-05-11\\\/ifat-2018-die-umweltbranche-nimmt-mikroplastik-ins-visier\\\/#primaryimage\"},\"thumbnailUrl\":\"https:\\\/\\\/www.organisator.ch\\\/wp-content\\\/uploads\\\/2018\\\/05\\\/plastikmuell.jpg\",\"datePublished\":\"2018-05-11T09:19:33+00:00\",\"dateModified\":\"2022-02-09T10:05:37+00:00\",\"description\":\"Mikroplastik \u2013 jetzt werden Menge, Verbreitung und Gef\u00e4hrdungspotenzial der Kleinstteilchen in der Fachwelt, so auch an der IFAT 2018, diskutiert.\",\"breadcrumb\":{\"@id\":\"https:\\\/\\\/www.organisator.ch\\\/sustainability\\\/2018-05-11\\\/ifat-2018-die-umweltbranche-nimmt-mikroplastik-ins-visier\\\/#breadcrumb\"},\"inLanguage\":\"de\",\"potentialAction\":[{\"@type\":\"ReadAction\",\"target\":[\"https:\\\/\\\/www.organisator.ch\\\/sustainability\\\/2018-05-11\\\/ifat-2018-die-umweltbranche-nimmt-mikroplastik-ins-visier\\\/\"]}]},{\"@type\":\"ImageObject\",\"inLanguage\":\"de\",\"@id\":\"https:\\\/\\\/www.organisator.ch\\\/sustainability\\\/2018-05-11\\\/ifat-2018-die-umweltbranche-nimmt-mikroplastik-ins-visier\\\/#primaryimage\",\"url\":\"https:\\\/\\\/www.organisator.ch\\\/wp-content\\\/uploads\\\/2018\\\/05\\\/plastikmuell.jpg\",\"contentUrl\":\"https:\\\/\\\/www.organisator.ch\\\/wp-content\\\/uploads\\\/2018\\\/05\\\/plastikmuell.jpg\",\"width\":1920,\"height\":1280,\"caption\":\"Produkte aus Plastik herstellen ist das eine, den ganzen Produktekreislauf ber\u00fccksichtigen das andere. (Bild: IFAT)\"},{\"@type\":\"BreadcrumbList\",\"@id\":\"https:\\\/\\\/www.organisator.ch\\\/sustainability\\\/2018-05-11\\\/ifat-2018-die-umweltbranche-nimmt-mikroplastik-ins-visier\\\/#breadcrumb\",\"itemListElement\":[{\"@type\":\"ListItem\",\"position\":1,\"name\":\"Home\",\"item\":\"https:\\\/\\\/www.organisator.ch\\\/\"},{\"@type\":\"ListItem\",\"position\":2,\"name\":\"IFAT 2018: Die Umweltbranche nimmt Mikroplastik ins Visier\"}]},{\"@type\":\"WebSite\",\"@id\":\"https:\\\/\\\/www.organisator.ch\\\/#website\",\"url\":\"https:\\\/\\\/www.organisator.ch\\\/\",\"name\":\"Organisator\",\"description\":\"Kompetent. Praxisnah. Der ORGANISATOR bereitet in 10 Ausgaben pro Jahr die wesentlichen Themen f\u00fcr F\u00fchrungskr\u00e4fte von KMU auf.\",\"publisher\":{\"@id\":\"https:\\\/\\\/www.organisator.ch\\\/#organization\"},\"potentialAction\":[{\"@type\":\"SearchAction\",\"target\":{\"@type\":\"EntryPoint\",\"urlTemplate\":\"https:\\\/\\\/www.organisator.ch\\\/?s={search_term_string}\"},\"query-input\":{\"@type\":\"PropertyValueSpecification\",\"valueRequired\":true,\"valueName\":\"search_term_string\"}}],\"inLanguage\":\"de\"},{\"@type\":\"Organization\",\"@id\":\"https:\\\/\\\/www.organisator.ch\\\/#organization\",\"name\":\"Organisator\",\"url\":\"https:\\\/\\\/www.organisator.ch\\\/\",\"logo\":{\"@type\":\"ImageObject\",\"inLanguage\":\"de\",\"@id\":\"https:\\\/\\\/www.organisator.ch\\\/#\\\/schema\\\/logo\\\/image\\\/\",\"url\":\"https:\\\/\\\/www.organisator.ch\\\/wp-content\\\/uploads\\\/2022\\\/01\\\/Logo_Organisator_Website.png\",\"contentUrl\":\"https:\\\/\\\/www.organisator.ch\\\/wp-content\\\/uploads\\\/2022\\\/01\\\/Logo_Organisator_Website.png\",\"width\":800,\"height\":77,\"caption\":\"Organisator\"},\"image\":{\"@id\":\"https:\\\/\\\/www.organisator.ch\\\/#\\\/schema\\\/logo\\\/image\\\/\"},\"sameAs\":[\"https:\\\/\\\/www.facebook.com\\\/OrganisatorFachmagazin\",\"https:\\\/\\\/www.linkedin.com\\\/showcase\\\/organisator-das-magazin-fr-kmu\",\"https:\\\/\\\/www.xing.com\\\/news\\\/pages\\\/organisator-ch-695\",\"https:\\\/\\\/www.youtube.com\\\/channel\\\/UCGP2Sq0iWaZwT3BdIAQFYpw\"]},{\"@type\":\"Person\",\"@id\":\"https:\\\/\\\/www.organisator.ch\\\/#\\\/schema\\\/person\\\/134708ca9321c57b0362cceb7948ffbd\",\"name\":\"michael.merz\",\"image\":{\"@type\":\"ImageObject\",\"inLanguage\":\"de\",\"@id\":\"https:\\\/\\\/secure.gravatar.com\\\/avatar\\\/?s=96&d=mm&r=g\",\"url\":\"https:\\\/\\\/secure.gravatar.com\\\/avatar\\\/?s=96&d=mm&r=g\",\"contentUrl\":\"https:\\\/\\\/secure.gravatar.com\\\/avatar\\\/?s=96&d=mm&r=g\",\"caption\":\"michael.merz\"},\"url\":\"https:\\\/\\\/www.organisator.ch\\\/de\\\/author\\\/michael-merz\\\/\"}]}<\/script>\n<!-- \/ Yoast SEO plugin. -->","yoast_head_json":{"title":"IFAT 2018: Die Umweltbranche nimmt Mikroplastik ins Visier - Organisator","description":"Mikroplastik \u2013 jetzt werden Menge, Verbreitung und Gef\u00e4hrdungspotenzial der Kleinstteilchen in der Fachwelt, so auch an der IFAT 2018, diskutiert.","robots":{"index":"index","follow":"follow","max-snippet":"max-snippet:-1","max-image-preview":"max-image-preview:large","max-video-preview":"max-video-preview:-1"},"canonical":"https:\/\/www.organisator.ch\/de\/sustainability\/2018-05-11\/ifat-2018-die-umweltbranche-nimmt-mikroplastik-ins-visier\/","og_locale":"de_DE","og_type":"article","og_title":"IFAT 2018: Die Umweltbranche nimmt Mikroplastik ins Visier - Organisator","og_description":"Mikroplastik \u2013 jetzt werden Menge, Verbreitung und Gef\u00e4hrdungspotenzial der Kleinstteilchen in der Fachwelt, so auch an der IFAT 2018, diskutiert.","og_url":"https:\/\/www.organisator.ch\/de\/sustainability\/2018-05-11\/ifat-2018-die-umweltbranche-nimmt-mikroplastik-ins-visier\/","og_site_name":"Organisator","article_publisher":"https:\/\/www.facebook.com\/OrganisatorFachmagazin","article_published_time":"2018-05-11T09:19:33+00:00","article_modified_time":"2022-02-09T10:05:37+00:00","og_image":[{"width":1920,"height":1280,"url":"https:\/\/www.organisator.ch\/wp-content\/uploads\/2018\/05\/plastikmuell.jpg","type":"image\/jpeg"}],"author":"michael.merz","twitter_card":"summary_large_image","schema":{"@context":"https:\/\/schema.org","@graph":[{"@type":"Article","@id":"https:\/\/www.organisator.ch\/sustainability\/2018-05-11\/ifat-2018-die-umweltbranche-nimmt-mikroplastik-ins-visier\/#article","isPartOf":{"@id":"https:\/\/www.organisator.ch\/sustainability\/2018-05-11\/ifat-2018-die-umweltbranche-nimmt-mikroplastik-ins-visier\/"},"author":{"name":"michael.merz","@id":"https:\/\/www.organisator.ch\/#\/schema\/person\/134708ca9321c57b0362cceb7948ffbd"},"headline":"IFAT 2018: Die Umweltbranche nimmt Mikroplastik ins Visier","datePublished":"2018-05-11T09:19:33+00:00","dateModified":"2022-02-09T10:05:37+00:00","mainEntityOfPage":{"@id":"https:\/\/www.organisator.ch\/sustainability\/2018-05-11\/ifat-2018-die-umweltbranche-nimmt-mikroplastik-ins-visier\/"},"wordCount":651,"commentCount":0,"publisher":{"@id":"https:\/\/www.organisator.ch\/#organization"},"image":{"@id":"https:\/\/www.organisator.ch\/sustainability\/2018-05-11\/ifat-2018-die-umweltbranche-nimmt-mikroplastik-ins-visier\/#primaryimage"},"thumbnailUrl":"https:\/\/www.organisator.ch\/wp-content\/uploads\/2018\/05\/plastikmuell.jpg","keywords":["Boden","Mikroplastik","Mikroteilchen","Recycling","WASSER"],"articleSection":["SUSTAINABILITY"],"inLanguage":"de"},{"@type":"WebPage","@id":"https:\/\/www.organisator.ch\/sustainability\/2018-05-11\/ifat-2018-die-umweltbranche-nimmt-mikroplastik-ins-visier\/","url":"https:\/\/www.organisator.ch\/sustainability\/2018-05-11\/ifat-2018-die-umweltbranche-nimmt-mikroplastik-ins-visier\/","name":"IFAT 2018: Die Umweltbranche nimmt Mikroplastik ins Visier - Organisator","isPartOf":{"@id":"https:\/\/www.organisator.ch\/#website"},"primaryImageOfPage":{"@id":"https:\/\/www.organisator.ch\/sustainability\/2018-05-11\/ifat-2018-die-umweltbranche-nimmt-mikroplastik-ins-visier\/#primaryimage"},"image":{"@id":"https:\/\/www.organisator.ch\/sustainability\/2018-05-11\/ifat-2018-die-umweltbranche-nimmt-mikroplastik-ins-visier\/#primaryimage"},"thumbnailUrl":"https:\/\/www.organisator.ch\/wp-content\/uploads\/2018\/05\/plastikmuell.jpg","datePublished":"2018-05-11T09:19:33+00:00","dateModified":"2022-02-09T10:05:37+00:00","description":"Mikroplastik \u2013 jetzt werden Menge, Verbreitung und Gef\u00e4hrdungspotenzial der Kleinstteilchen in der Fachwelt, so auch an der IFAT 2018, diskutiert.","breadcrumb":{"@id":"https:\/\/www.organisator.ch\/sustainability\/2018-05-11\/ifat-2018-die-umweltbranche-nimmt-mikroplastik-ins-visier\/#breadcrumb"},"inLanguage":"de","potentialAction":[{"@type":"ReadAction","target":["https:\/\/www.organisator.ch\/sustainability\/2018-05-11\/ifat-2018-die-umweltbranche-nimmt-mikroplastik-ins-visier\/"]}]},{"@type":"ImageObject","inLanguage":"de","@id":"https:\/\/www.organisator.ch\/sustainability\/2018-05-11\/ifat-2018-die-umweltbranche-nimmt-mikroplastik-ins-visier\/#primaryimage","url":"https:\/\/www.organisator.ch\/wp-content\/uploads\/2018\/05\/plastikmuell.jpg","contentUrl":"https:\/\/www.organisator.ch\/wp-content\/uploads\/2018\/05\/plastikmuell.jpg","width":1920,"height":1280,"caption":"Produkte aus Plastik herstellen ist das eine, den ganzen Produktekreislauf ber\u00fccksichtigen das andere. (Bild: IFAT)"},{"@type":"BreadcrumbList","@id":"https:\/\/www.organisator.ch\/sustainability\/2018-05-11\/ifat-2018-die-umweltbranche-nimmt-mikroplastik-ins-visier\/#breadcrumb","itemListElement":[{"@type":"ListItem","position":1,"name":"Home","item":"https:\/\/www.organisator.ch\/"},{"@type":"ListItem","position":2,"name":"IFAT 2018: Die Umweltbranche nimmt Mikroplastik ins Visier"}]},{"@type":"WebSite","@id":"https:\/\/www.organisator.ch\/#website","url":"https:\/\/www.organisator.ch\/","name":"Organisator","description":"Kompetent. Praxisnah. Der ORGANISATOR bereitet in 10 Ausgaben pro Jahr die wesentlichen Themen f\u00fcr F\u00fchrungskr\u00e4fte von KMU auf.","publisher":{"@id":"https:\/\/www.organisator.ch\/#organization"},"potentialAction":[{"@type":"SearchAction","target":{"@type":"EntryPoint","urlTemplate":"https:\/\/www.organisator.ch\/?s={search_term_string}"},"query-input":{"@type":"PropertyValueSpecification","valueRequired":true,"valueName":"search_term_string"}}],"inLanguage":"de"},{"@type":"Organization","@id":"https:\/\/www.organisator.ch\/#organization","name":"Organisator","url":"https:\/\/www.organisator.ch\/","logo":{"@type":"ImageObject","inLanguage":"de","@id":"https:\/\/www.organisator.ch\/#\/schema\/logo\/image\/","url":"https:\/\/www.organisator.ch\/wp-content\/uploads\/2022\/01\/Logo_Organisator_Website.png","contentUrl":"https:\/\/www.organisator.ch\/wp-content\/uploads\/2022\/01\/Logo_Organisator_Website.png","width":800,"height":77,"caption":"Organisator"},"image":{"@id":"https:\/\/www.organisator.ch\/#\/schema\/logo\/image\/"},"sameAs":["https:\/\/www.facebook.com\/OrganisatorFachmagazin","https:\/\/www.linkedin.com\/showcase\/organisator-das-magazin-fr-kmu","https:\/\/www.xing.com\/news\/pages\/organisator-ch-695","https:\/\/www.youtube.com\/channel\/UCGP2Sq0iWaZwT3BdIAQFYpw"]},{"@type":"Person","@id":"https:\/\/www.organisator.ch\/#\/schema\/person\/134708ca9321c57b0362cceb7948ffbd","name":"michael.merz","image":{"@type":"ImageObject","inLanguage":"de","@id":"https:\/\/secure.gravatar.com\/avatar\/?s=96&d=mm&r=g","url":"https:\/\/secure.gravatar.com\/avatar\/?s=96&d=mm&r=g","contentUrl":"https:\/\/secure.gravatar.com\/avatar\/?s=96&d=mm&r=g","caption":"michael.merz"},"url":"https:\/\/www.organisator.ch\/de\/author\/michael-merz\/"}]}},"_links":{"self":[{"href":"https:\/\/www.organisator.ch\/de\/wp-json\/wp\/v2\/posts\/1677","targetHints":{"allow":["GET"]}}],"collection":[{"href":"https:\/\/www.organisator.ch\/de\/wp-json\/wp\/v2\/posts"}],"about":[{"href":"https:\/\/www.organisator.ch\/de\/wp-json\/wp\/v2\/types\/post"}],"author":[{"embeddable":true,"href":"https:\/\/www.organisator.ch\/de\/wp-json\/wp\/v2\/users\/5"}],"replies":[{"embeddable":true,"href":"https:\/\/www.organisator.ch\/de\/wp-json\/wp\/v2\/comments?post=1677"}],"version-history":[{"count":1,"href":"https:\/\/www.organisator.ch\/de\/wp-json\/wp\/v2\/posts\/1677\/revisions"}],"predecessor-version":[{"id":10417,"href":"https:\/\/www.organisator.ch\/de\/wp-json\/wp\/v2\/posts\/1677\/revisions\/10417"}],"wp:featuredmedia":[{"embeddable":true,"href":"https:\/\/www.organisator.ch\/de\/wp-json\/wp\/v2\/media\/1678"}],"wp:attachment":[{"href":"https:\/\/www.organisator.ch\/de\/wp-json\/wp\/v2\/media?parent=1677"}],"wp:term":[{"taxonomy":"category","embeddable":true,"href":"https:\/\/www.organisator.ch\/de\/wp-json\/wp\/v2\/categories?post=1677"},{"taxonomy":"post_tag","embeddable":true,"href":"https:\/\/www.organisator.ch\/de\/wp-json\/wp\/v2\/tags?post=1677"}],"curies":[{"name":"wp","href":"https:\/\/api.w.org\/{rel}","templated":true}]}}