{"id":16775,"date":"2022-09-01T11:57:22","date_gmt":"2022-09-01T09:57:22","guid":{"rendered":"https:\/\/www.m-q.ch\/?p=16840"},"modified":"2024-11-22T07:43:37","modified_gmt":"2024-11-22T06:43:37","slug":"fuer-investoren-medtech-und-services-sektor-wird-seinem-ruf-gerecht","status":"publish","type":"post","link":"https:\/\/www.organisator.ch\/de\/operational-excellence\/2022-09-01\/fuer-investoren-medtech-und-services-sektor-wird-seinem-ruf-gerecht\/","title":{"rendered":"F\u00fcr Investoren: Medtech-und-Services-Sektor wird seinem Ruf gerecht"},"content":{"rendered":"<figure id=\"attachment_16842\" class=\"wp-caption alignnone\" style=\"width: 680px\" aria-describedby=\"caption-attachment-16842\"><img class=\"alignnone wp-image-16842 size-full\" src=\"https:\/\/www.m-q.ch\/wp-content\/uploads\/2022\/09\/Fuer-Investoren-Medtech-und-Services-Sektor-wird-seinem-Ruf-gerecht_MQ.jpg\" alt=\"Medtech-und-Services\" width=\"680\" height=\"453\" \/>\r\n<figcaption id=\"caption-attachment-16842\" class=\"wp-caption-text\">Der Medtech-und-Services-Sektor wird f\u00fcr Investoren wieder interessanter. (Bild: Unsplash.com)<\/figcaption>\r\n<\/figure>\r\n<p>Die absehbare Zinsstabilisierung wirkt sich positiv auf die Aktienm\u00e4rkte aus, die erste Anzeichen einer Erholung zeigen. Ende Juli schlossen die globalen Aktienm\u00e4rkte (MSCI World Net +11.0%) deutlich im positiven Bereich und auch der Euro Stoxx 50 (+7.5%) sowie der deutsche Leitindex Dax (+5.5%) erholten sich etwas von den starken Kursr\u00fcckschl\u00e4gen der Vormonate. In diesem Umfeld konnte sich auch der Medizintechnik- und Gesundheitsdienstleistungssektor gut behaupten. Der Sektor gemessen am MSCI World Healthcare Equipment &amp; Supplies wies eine Performance von 9.3% auf und konnte den breiten Gesundheitsmarkt MSCI World Healthcare Net (+6.2%) deutlich \u00fcbertreffen. Die aktuelle Berichterstattung der Zweitquartalsergebnisse stimmt uns ebenfalls positiv. Boston Scientific, Stryker, Danaher oder Thermo Fisher, aber auch US-Krankenversicherer wie Molina oder Centene wiesen \u00fcber den Erwartungen liegende Ergebnisse aus und wurden entsprechend mit steigenden Kursen belohnt. Aber auch Unternehmen, die die Erwartungen nicht ganz erf\u00fcllen konnten, wie Align, Intuitive Surgical oder Edwards Lifesciences, verzeichneten eine positive Kursentwicklung. Dies ist ein weiterer Indikator, dass die Investoren dank der besseren Informationslage den Risikoabschlag deutlich reduzierten, was die leicht tieferen Aussichten f\u00fcr das Gesamtjahr 2022 \u00fcberkompensierte.<\/p>\r\n<h3><strong>Umsatzwachstum trotz Rezession<\/strong><\/h3>\r\n<p>Die grosse Verunsicherung der Anleger in Bezug auf eine Erholung der Behandlungszahlen nach der letzten Coronawelle ist verhaltenem Optimismus gewichen. Obwohl auch der Medizintechniksektor nicht komplett immun gegen Rezession, Inflation und Zinsver\u00e4nderungen ist, haben die Kommentare der Unternehmen doch gezeigt, dass der Medizintechnik- und Gesundheitsdienstleistungssektor seinen Nimbus als sicherer Hafen in schwierigen Zeiten nicht verloren hat. Der R\u00fcckblick auf die letzte grosse Rezessionsphase 2008\/09 zeigt, dass die grosse Mehrheit der Medtechunternehmen damals ein Umsatz- und Gewinnwachstum zeigte. Seitdem hat die Branche weiter an Reife gewonnen und ihren Charakter als einer der defensivsten Sektoren gefestigt. Die Medizintechnik zeichnet sich durch \u00fcberdurchschnittliches Gewinnwachstum bei gleichzeitig niedriger Schwankungsanf\u00e4lligkeit aus. Diese St\u00e4rken sind gerade in einem Marktumfeld besonders attraktiv, in dem die Investoren hinsichtlich der zuk\u00fcnftigen Entwicklung der Gesamtwirtschaft unsicher sind.<\/p>\r\n<h3><strong>\u00dcbernahmen und neue Produkte im Medtech-und-Services-Sektor<\/strong><\/h3>\r\n<p>Wir erachten den weiteren Ausblick f\u00fcr das B\u00f6rsenjahr 2022 im Medtech-und-Services-Sektor als attraktiv. In den wichtigsten Absatzm\u00e4rkten dieser Branche (Nordamerika, Europa und Japan) sind Infektionen und Hospitalisierungen durch die Omikron-Variante rasch und signifikant zur\u00fcckgegangen. Wir glauben, dass die breite Immunit\u00e4t eine signifikante Erholung der elektiven Eingriffe im Jahr 2022 und 2023 erm\u00f6glichen wird.<\/p>\r\n<p>Das Risiko-Rendite-Profil des Sektors wird von vielen Investoren als vorteilhaft angesehen. Unabh\u00e4ngig von einer Normalisierung der Corona- und geopolitischen Situation lassen langfristige Wachstumsfaktoren, wie die steigende Lebenserwartung und die hohe Innovationskraft, den Medtech-und-Services-Sektor im Vergleich zur Gesamtwirtschaft schneller wachsen und die Gewinne \u00fcberdurchschnittlich ansteigen. So liegt das langfristig durchschnittliche Gewinnwachstum je Aktie im MSCI Medtech &amp; Services bei 12% und damit doppelt so hoch wie bei allen im MSCI World Index enthaltenen Unternehmen. H\u00f6here Material- und Logistikkosten sind real, d\u00fcrften aber von den gut gef\u00fchrten Unternehmen kompensiert werden. Zudem erwarten wir Zulassungen und Markteinf\u00fchrungen vieler relevanter Produkte f\u00fcr Diabetes und strukturelle Herzkrankheiten.<\/p>\r\n<p>Die Bewertungsbasis des Sektors ist moderat und bietet nicht nur Chancen f\u00fcr Investoren. Wir erwarten auch verst\u00e4rkte \u00dcbernahmeaktivit\u00e4ten, da die Bewertungsmultiples vieler aufstrebender Wachstumsunternehmen deutlich zur\u00fcckgingen. Der Bellevue Medtech &amp; Services Fonds (ISIN B-EUR LU0415391431) investiert in den gesamten Gesundheitsmarkt ohne die Medikamentenhersteller. Einer der Gr\u00fcnde f\u00fcr den nachhaltigen Erfolg der Anlagestrategie ist, dass der Medtech-und-Services-Sektor zu den defensivsten Gesundheitssektoren mit zugleich nachhaltigem Outperformance-Potenzial geh\u00f6rt. Verbunden mit einem zus\u00e4tzlichen Wachstumsschub, der durch die w\u00e4hrend der Coronakrise aufgeschobenen Behandlungen erm\u00f6glicht wird, ergibt sich daraus ein attraktiver Einstiegszeitpunkt f\u00fcr die Investoren.<\/p>\r\n<p><strong>Autor:<\/strong><br \/>\r\nMarcel Fritsch trat 2008 der Bellevue Asset Management bei und ist Portfoliomanager des Bellevue Medtech &amp; Services sowie des Bellevue Digital Health Fonds. Zuvor war er \u00fcber 3 Jahre als Unternehmensberater bei Deloitte &amp; Touche t\u00e4tig. Zu seinem Aufgabengebiet geh\u00f6rte die Erarbeitung von Unternehmensstrategien, die \u00dcberpr\u00fcfung von Organisationsstrukturen sowie die Bewertung von Unternehmen im Vorfeld von Transaktionen. Marcel Fritsch studierte Wirtschaftswissenschaften an der Universit\u00e4t St. Gallen (HSG).<br \/>\r\n<em>Weitere Informationen: <a href=\"http:\/\/www.bellevue.ch\/\">Bellevue Asset Management AG<\/a>\u00a0<\/em><\/p>\n<p class=\"syndicated-attribution\">Dieser Beitrag erschien urspr\u00fcnglich auf m-q.ch - <a href=\"https:\/\/www.m-q.ch\/de\/fuer-investoren-medtech-und-services-sektor-wird-seinem-ruf-gerecht\/\" target=\"_blank\">https:\/\/www.m-q.ch\/de\/fuer-investoren-medtech-und-services-sektor-wird-seinem-ruf-gerecht\/<\/a><\/p>","protected":false},"excerpt":{"rendered":"<p>Die absehbare Zinsstabilisierung wirkt sich positiv auf die Aktienm\u00e4rkte aus, die erste Anzeichen einer Erholung zeigen. Ende Juli schlossen die globalen Aktienm\u00e4rkte (MSCI World Net +11.0%) deutlich im positiven Bereich und auch der Euro Stoxx 50 (+7.5%) sowie der deutsche Leitindex Dax (+5.5%) erholten sich etwas von den starken Kursr\u00fcckschl\u00e4gen der Vormonate. In diesem Umfeld [\u2026]<\/p>\n","protected":false},"author":8,"featured_media":0,"comment_status":"closed","ping_status":"closed","sticky":false,"template":"","format":"standard","meta":{"_acf_changed":false,"_yoast_wpseo_focuskw":"Medtech-und-Services","_yoast_wpseo_metadesc":"Medtech-Sektor: Positive Entwicklung trotz Wirtschaftskrise. Attraktive Investitionschancen durch hohe Innovationskraft.","articlekey":"","footnotes":""},"categories":[582],"tags":[],"class_list":["post-16775","post","type-post","status-publish","format-standard","hentry","category-operational-excellence"],"acf":[],"yoast_head":"<!-- This site is optimized with the Yoast SEO plugin v27.5 - https:\/\/yoast.com\/product\/yoast-seo-wordpress\/ -->\n<title>F\u00fcr Investoren: Medtech-und-Services-Sektor wird seinem Ruf gerecht - Organisator<\/title>\n<meta name=\"description\" content=\"Medtech-Sektor: Positive Entwicklung trotz Wirtschaftskrise. Attraktive Investitionschancen durch hohe Innovationskraft.\" \/>\n<meta name=\"robots\" content=\"index, follow, max-snippet:-1, max-image-preview:large, max-video-preview:-1\" \/>\n<link rel=\"canonical\" href=\"https:\/\/www.organisator.ch\/de\/operational-excellence\/2022-09-01\/fuer-investoren-medtech-und-services-sektor-wird-seinem-ruf-gerecht\/\" \/>\n<meta property=\"og:locale\" content=\"de_DE\" \/>\n<meta property=\"og:type\" content=\"article\" \/>\n<meta property=\"og:title\" content=\"F\u00fcr Investoren: Medtech-und-Services-Sektor wird seinem Ruf gerecht - Organisator\" \/>\n<meta property=\"og:description\" content=\"Medtech-Sektor: Positive Entwicklung trotz Wirtschaftskrise. Attraktive Investitionschancen durch hohe Innovationskraft.\" \/>\n<meta property=\"og:url\" content=\"https:\/\/www.organisator.ch\/de\/operational-excellence\/2022-09-01\/fuer-investoren-medtech-und-services-sektor-wird-seinem-ruf-gerecht\/\" \/>\n<meta property=\"og:site_name\" content=\"Organisator\" \/>\n<meta property=\"article:publisher\" content=\"https:\/\/www.facebook.com\/OrganisatorFachmagazin\" \/>\n<meta property=\"article:published_time\" content=\"2022-09-01T09:57:22+00:00\" \/>\n<meta property=\"article:modified_time\" content=\"2024-11-22T06:43:37+00:00\" \/>\n<meta name=\"author\" content=\"galledia\" \/>\n<meta name=\"twitter:card\" content=\"summary_large_image\" \/>\n<meta name=\"twitter:creator\" content=\"@admin\" \/>\n<script type=\"application\/ld+json\" class=\"yoast-schema-graph\">{\"@context\":\"https:\\\/\\\/schema.org\",\"@graph\":[{\"@type\":\"Article\",\"@id\":\"https:\\\/\\\/www.organisator.ch\\\/operational-excellence\\\/2022-09-01\\\/fuer-investoren-medtech-und-services-sektor-wird-seinem-ruf-gerecht\\\/#article\",\"isPartOf\":{\"@id\":\"https:\\\/\\\/www.organisator.ch\\\/operational-excellence\\\/2022-09-01\\\/fuer-investoren-medtech-und-services-sektor-wird-seinem-ruf-gerecht\\\/\"},\"author\":{\"name\":\"galledia\",\"@id\":\"https:\\\/\\\/www.organisator.ch\\\/#\\\/schema\\\/person\\\/4e51799071cd2dd1232ac003643ef5f0\"},\"headline\":\"F\u00fcr Investoren: Medtech-und-Services-Sektor wird seinem Ruf gerecht\",\"datePublished\":\"2022-09-01T09:57:22+00:00\",\"dateModified\":\"2024-11-22T06:43:37+00:00\",\"mainEntityOfPage\":{\"@id\":\"https:\\\/\\\/www.organisator.ch\\\/operational-excellence\\\/2022-09-01\\\/fuer-investoren-medtech-und-services-sektor-wird-seinem-ruf-gerecht\\\/\"},\"wordCount\":673,\"publisher\":{\"@id\":\"https:\\\/\\\/www.organisator.ch\\\/#organization\"},\"image\":{\"@id\":\"https:\\\/\\\/www.organisator.ch\\\/operational-excellence\\\/2022-09-01\\\/fuer-investoren-medtech-und-services-sektor-wird-seinem-ruf-gerecht\\\/#primaryimage\"},\"thumbnailUrl\":\"https:\\\/\\\/www.m-q.ch\\\/wp-content\\\/uploads\\\/2022\\\/09\\\/Fuer-Investoren-Medtech-und-Services-Sektor-wird-seinem-Ruf-gerecht_MQ.jpg\",\"articleSection\":[\"OPERATIONAL EXCELLENCE\"],\"inLanguage\":\"de\"},{\"@type\":\"WebPage\",\"@id\":\"https:\\\/\\\/www.organisator.ch\\\/operational-excellence\\\/2022-09-01\\\/fuer-investoren-medtech-und-services-sektor-wird-seinem-ruf-gerecht\\\/\",\"url\":\"https:\\\/\\\/www.organisator.ch\\\/operational-excellence\\\/2022-09-01\\\/fuer-investoren-medtech-und-services-sektor-wird-seinem-ruf-gerecht\\\/\",\"name\":\"F\u00fcr Investoren: Medtech-und-Services-Sektor wird seinem Ruf gerecht - Organisator\",\"isPartOf\":{\"@id\":\"https:\\\/\\\/www.organisator.ch\\\/#website\"},\"primaryImageOfPage\":{\"@id\":\"https:\\\/\\\/www.organisator.ch\\\/operational-excellence\\\/2022-09-01\\\/fuer-investoren-medtech-und-services-sektor-wird-seinem-ruf-gerecht\\\/#primaryimage\"},\"image\":{\"@id\":\"https:\\\/\\\/www.organisator.ch\\\/operational-excellence\\\/2022-09-01\\\/fuer-investoren-medtech-und-services-sektor-wird-seinem-ruf-gerecht\\\/#primaryimage\"},\"thumbnailUrl\":\"https:\\\/\\\/www.m-q.ch\\\/wp-content\\\/uploads\\\/2022\\\/09\\\/Fuer-Investoren-Medtech-und-Services-Sektor-wird-seinem-Ruf-gerecht_MQ.jpg\",\"datePublished\":\"2022-09-01T09:57:22+00:00\",\"dateModified\":\"2024-11-22T06:43:37+00:00\",\"description\":\"Medtech-Sektor: Positive Entwicklung trotz Wirtschaftskrise. Attraktive Investitionschancen durch hohe Innovationskraft.\",\"breadcrumb\":{\"@id\":\"https:\\\/\\\/www.organisator.ch\\\/operational-excellence\\\/2022-09-01\\\/fuer-investoren-medtech-und-services-sektor-wird-seinem-ruf-gerecht\\\/#breadcrumb\"},\"inLanguage\":\"de\",\"potentialAction\":[{\"@type\":\"ReadAction\",\"target\":[\"https:\\\/\\\/www.organisator.ch\\\/operational-excellence\\\/2022-09-01\\\/fuer-investoren-medtech-und-services-sektor-wird-seinem-ruf-gerecht\\\/\"]}]},{\"@type\":\"ImageObject\",\"inLanguage\":\"de\",\"@id\":\"https:\\\/\\\/www.organisator.ch\\\/operational-excellence\\\/2022-09-01\\\/fuer-investoren-medtech-und-services-sektor-wird-seinem-ruf-gerecht\\\/#primaryimage\",\"url\":\"https:\\\/\\\/www.m-q.ch\\\/wp-content\\\/uploads\\\/2022\\\/09\\\/Fuer-Investoren-Medtech-und-Services-Sektor-wird-seinem-Ruf-gerecht_MQ.jpg\",\"contentUrl\":\"https:\\\/\\\/www.m-q.ch\\\/wp-content\\\/uploads\\\/2022\\\/09\\\/Fuer-Investoren-Medtech-und-Services-Sektor-wird-seinem-Ruf-gerecht_MQ.jpg\"},{\"@type\":\"BreadcrumbList\",\"@id\":\"https:\\\/\\\/www.organisator.ch\\\/operational-excellence\\\/2022-09-01\\\/fuer-investoren-medtech-und-services-sektor-wird-seinem-ruf-gerecht\\\/#breadcrumb\",\"itemListElement\":[{\"@type\":\"ListItem\",\"position\":1,\"name\":\"Home\",\"item\":\"https:\\\/\\\/www.organisator.ch\\\/\"},{\"@type\":\"ListItem\",\"position\":2,\"name\":\"F\u00fcr Investoren: Medtech-und-Services-Sektor wird seinem Ruf gerecht\"}]},{\"@type\":\"WebSite\",\"@id\":\"https:\\\/\\\/www.organisator.ch\\\/#website\",\"url\":\"https:\\\/\\\/www.organisator.ch\\\/\",\"name\":\"Organisator\",\"description\":\"Kompetent. Praxisnah. Der ORGANISATOR bereitet in 10 Ausgaben pro Jahr die wesentlichen Themen f\u00fcr F\u00fchrungskr\u00e4fte von KMU auf.\",\"publisher\":{\"@id\":\"https:\\\/\\\/www.organisator.ch\\\/#organization\"},\"potentialAction\":[{\"@type\":\"SearchAction\",\"target\":{\"@type\":\"EntryPoint\",\"urlTemplate\":\"https:\\\/\\\/www.organisator.ch\\\/?s={search_term_string}\"},\"query-input\":{\"@type\":\"PropertyValueSpecification\",\"valueRequired\":true,\"valueName\":\"search_term_string\"}}],\"inLanguage\":\"de\"},{\"@type\":\"Organization\",\"@id\":\"https:\\\/\\\/www.organisator.ch\\\/#organization\",\"name\":\"Organisator\",\"url\":\"https:\\\/\\\/www.organisator.ch\\\/\",\"logo\":{\"@type\":\"ImageObject\",\"inLanguage\":\"de\",\"@id\":\"https:\\\/\\\/www.organisator.ch\\\/#\\\/schema\\\/logo\\\/image\\\/\",\"url\":\"https:\\\/\\\/www.organisator.ch\\\/wp-content\\\/uploads\\\/2022\\\/01\\\/Logo_Organisator_Website.png\",\"contentUrl\":\"https:\\\/\\\/www.organisator.ch\\\/wp-content\\\/uploads\\\/2022\\\/01\\\/Logo_Organisator_Website.png\",\"width\":800,\"height\":77,\"caption\":\"Organisator\"},\"image\":{\"@id\":\"https:\\\/\\\/www.organisator.ch\\\/#\\\/schema\\\/logo\\\/image\\\/\"},\"sameAs\":[\"https:\\\/\\\/www.facebook.com\\\/OrganisatorFachmagazin\",\"https:\\\/\\\/www.linkedin.com\\\/showcase\\\/organisator-das-magazin-fr-kmu\",\"https:\\\/\\\/www.xing.com\\\/news\\\/pages\\\/organisator-ch-695\",\"https:\\\/\\\/www.youtube.com\\\/channel\\\/UCGP2Sq0iWaZwT3BdIAQFYpw\"]},{\"@type\":\"Person\",\"@id\":\"https:\\\/\\\/www.organisator.ch\\\/#\\\/schema\\\/person\\\/4e51799071cd2dd1232ac003643ef5f0\",\"name\":\"galledia\",\"image\":{\"@type\":\"ImageObject\",\"inLanguage\":\"de\",\"@id\":\"https:\\\/\\\/secure.gravatar.com\\\/avatar\\\/78a7f90c01fc2bfc875782a0d4922b37cde2cf184ce347b91316d23cd7f69a36?s=96&d=mm&r=g\",\"url\":\"https:\\\/\\\/secure.gravatar.com\\\/avatar\\\/78a7f90c01fc2bfc875782a0d4922b37cde2cf184ce347b91316d23cd7f69a36?s=96&d=mm&r=g\",\"contentUrl\":\"https:\\\/\\\/secure.gravatar.com\\\/avatar\\\/78a7f90c01fc2bfc875782a0d4922b37cde2cf184ce347b91316d23cd7f69a36?s=96&d=mm&r=g\",\"caption\":\"galledia\"},\"sameAs\":[\"https:\\\/\\\/x.com\\\/admin\"],\"url\":\"https:\\\/\\\/www.organisator.ch\\\/de\\\/author\\\/galledia\\\/\"}]}<\/script>\n<!-- \/ Yoast SEO plugin. -->","yoast_head_json":{"title":"F\u00fcr Investoren: Medtech-und-Services-Sektor wird seinem Ruf gerecht - Organisator","description":"Medtech-Sektor: Positive Entwicklung trotz Wirtschaftskrise. Attraktive Investitionschancen durch hohe Innovationskraft.","robots":{"index":"index","follow":"follow","max-snippet":"max-snippet:-1","max-image-preview":"max-image-preview:large","max-video-preview":"max-video-preview:-1"},"canonical":"https:\/\/www.organisator.ch\/de\/operational-excellence\/2022-09-01\/fuer-investoren-medtech-und-services-sektor-wird-seinem-ruf-gerecht\/","og_locale":"de_DE","og_type":"article","og_title":"F\u00fcr Investoren: Medtech-und-Services-Sektor wird seinem Ruf gerecht - Organisator","og_description":"Medtech-Sektor: Positive Entwicklung trotz Wirtschaftskrise. Attraktive Investitionschancen durch hohe Innovationskraft.","og_url":"https:\/\/www.organisator.ch\/de\/operational-excellence\/2022-09-01\/fuer-investoren-medtech-und-services-sektor-wird-seinem-ruf-gerecht\/","og_site_name":"Organisator","article_publisher":"https:\/\/www.facebook.com\/OrganisatorFachmagazin","article_published_time":"2022-09-01T09:57:22+00:00","article_modified_time":"2024-11-22T06:43:37+00:00","author":"galledia","twitter_card":"summary_large_image","twitter_creator":"@admin","schema":{"@context":"https:\/\/schema.org","@graph":[{"@type":"Article","@id":"https:\/\/www.organisator.ch\/operational-excellence\/2022-09-01\/fuer-investoren-medtech-und-services-sektor-wird-seinem-ruf-gerecht\/#article","isPartOf":{"@id":"https:\/\/www.organisator.ch\/operational-excellence\/2022-09-01\/fuer-investoren-medtech-und-services-sektor-wird-seinem-ruf-gerecht\/"},"author":{"name":"galledia","@id":"https:\/\/www.organisator.ch\/#\/schema\/person\/4e51799071cd2dd1232ac003643ef5f0"},"headline":"F\u00fcr Investoren: Medtech-und-Services-Sektor wird seinem Ruf gerecht","datePublished":"2022-09-01T09:57:22+00:00","dateModified":"2024-11-22T06:43:37+00:00","mainEntityOfPage":{"@id":"https:\/\/www.organisator.ch\/operational-excellence\/2022-09-01\/fuer-investoren-medtech-und-services-sektor-wird-seinem-ruf-gerecht\/"},"wordCount":673,"publisher":{"@id":"https:\/\/www.organisator.ch\/#organization"},"image":{"@id":"https:\/\/www.organisator.ch\/operational-excellence\/2022-09-01\/fuer-investoren-medtech-und-services-sektor-wird-seinem-ruf-gerecht\/#primaryimage"},"thumbnailUrl":"https:\/\/www.m-q.ch\/wp-content\/uploads\/2022\/09\/Fuer-Investoren-Medtech-und-Services-Sektor-wird-seinem-Ruf-gerecht_MQ.jpg","articleSection":["OPERATIONAL EXCELLENCE"],"inLanguage":"de"},{"@type":"WebPage","@id":"https:\/\/www.organisator.ch\/operational-excellence\/2022-09-01\/fuer-investoren-medtech-und-services-sektor-wird-seinem-ruf-gerecht\/","url":"https:\/\/www.organisator.ch\/operational-excellence\/2022-09-01\/fuer-investoren-medtech-und-services-sektor-wird-seinem-ruf-gerecht\/","name":"F\u00fcr Investoren: Medtech-und-Services-Sektor wird seinem Ruf gerecht - Organisator","isPartOf":{"@id":"https:\/\/www.organisator.ch\/#website"},"primaryImageOfPage":{"@id":"https:\/\/www.organisator.ch\/operational-excellence\/2022-09-01\/fuer-investoren-medtech-und-services-sektor-wird-seinem-ruf-gerecht\/#primaryimage"},"image":{"@id":"https:\/\/www.organisator.ch\/operational-excellence\/2022-09-01\/fuer-investoren-medtech-und-services-sektor-wird-seinem-ruf-gerecht\/#primaryimage"},"thumbnailUrl":"https:\/\/www.m-q.ch\/wp-content\/uploads\/2022\/09\/Fuer-Investoren-Medtech-und-Services-Sektor-wird-seinem-Ruf-gerecht_MQ.jpg","datePublished":"2022-09-01T09:57:22+00:00","dateModified":"2024-11-22T06:43:37+00:00","description":"Medtech-Sektor: Positive Entwicklung trotz Wirtschaftskrise. Attraktive Investitionschancen durch hohe Innovationskraft.","breadcrumb":{"@id":"https:\/\/www.organisator.ch\/operational-excellence\/2022-09-01\/fuer-investoren-medtech-und-services-sektor-wird-seinem-ruf-gerecht\/#breadcrumb"},"inLanguage":"de","potentialAction":[{"@type":"ReadAction","target":["https:\/\/www.organisator.ch\/operational-excellence\/2022-09-01\/fuer-investoren-medtech-und-services-sektor-wird-seinem-ruf-gerecht\/"]}]},{"@type":"ImageObject","inLanguage":"de","@id":"https:\/\/www.organisator.ch\/operational-excellence\/2022-09-01\/fuer-investoren-medtech-und-services-sektor-wird-seinem-ruf-gerecht\/#primaryimage","url":"https:\/\/www.m-q.ch\/wp-content\/uploads\/2022\/09\/Fuer-Investoren-Medtech-und-Services-Sektor-wird-seinem-Ruf-gerecht_MQ.jpg","contentUrl":"https:\/\/www.m-q.ch\/wp-content\/uploads\/2022\/09\/Fuer-Investoren-Medtech-und-Services-Sektor-wird-seinem-Ruf-gerecht_MQ.jpg"},{"@type":"BreadcrumbList","@id":"https:\/\/www.organisator.ch\/operational-excellence\/2022-09-01\/fuer-investoren-medtech-und-services-sektor-wird-seinem-ruf-gerecht\/#breadcrumb","itemListElement":[{"@type":"ListItem","position":1,"name":"Home","item":"https:\/\/www.organisator.ch\/"},{"@type":"ListItem","position":2,"name":"F\u00fcr Investoren: Medtech-und-Services-Sektor wird seinem Ruf gerecht"}]},{"@type":"WebSite","@id":"https:\/\/www.organisator.ch\/#website","url":"https:\/\/www.organisator.ch\/","name":"Organisator","description":"Kompetent. Praxisnah. Der ORGANISATOR bereitet in 10 Ausgaben pro Jahr die wesentlichen Themen f\u00fcr F\u00fchrungskr\u00e4fte von KMU auf.","publisher":{"@id":"https:\/\/www.organisator.ch\/#organization"},"potentialAction":[{"@type":"SearchAction","target":{"@type":"EntryPoint","urlTemplate":"https:\/\/www.organisator.ch\/?s={search_term_string}"},"query-input":{"@type":"PropertyValueSpecification","valueRequired":true,"valueName":"search_term_string"}}],"inLanguage":"de"},{"@type":"Organization","@id":"https:\/\/www.organisator.ch\/#organization","name":"Organisator","url":"https:\/\/www.organisator.ch\/","logo":{"@type":"ImageObject","inLanguage":"de","@id":"https:\/\/www.organisator.ch\/#\/schema\/logo\/image\/","url":"https:\/\/www.organisator.ch\/wp-content\/uploads\/2022\/01\/Logo_Organisator_Website.png","contentUrl":"https:\/\/www.organisator.ch\/wp-content\/uploads\/2022\/01\/Logo_Organisator_Website.png","width":800,"height":77,"caption":"Organisator"},"image":{"@id":"https:\/\/www.organisator.ch\/#\/schema\/logo\/image\/"},"sameAs":["https:\/\/www.facebook.com\/OrganisatorFachmagazin","https:\/\/www.linkedin.com\/showcase\/organisator-das-magazin-fr-kmu","https:\/\/www.xing.com\/news\/pages\/organisator-ch-695","https:\/\/www.youtube.com\/channel\/UCGP2Sq0iWaZwT3BdIAQFYpw"]},{"@type":"Person","@id":"https:\/\/www.organisator.ch\/#\/schema\/person\/4e51799071cd2dd1232ac003643ef5f0","name":"galledia","image":{"@type":"ImageObject","inLanguage":"de","@id":"https:\/\/secure.gravatar.com\/avatar\/78a7f90c01fc2bfc875782a0d4922b37cde2cf184ce347b91316d23cd7f69a36?s=96&d=mm&r=g","url":"https:\/\/secure.gravatar.com\/avatar\/78a7f90c01fc2bfc875782a0d4922b37cde2cf184ce347b91316d23cd7f69a36?s=96&d=mm&r=g","contentUrl":"https:\/\/secure.gravatar.com\/avatar\/78a7f90c01fc2bfc875782a0d4922b37cde2cf184ce347b91316d23cd7f69a36?s=96&d=mm&r=g","caption":"galledia"},"sameAs":["https:\/\/x.com\/admin"],"url":"https:\/\/www.organisator.ch\/de\/author\/galledia\/"}]}},"_links":{"self":[{"href":"https:\/\/www.organisator.ch\/de\/wp-json\/wp\/v2\/posts\/16775","targetHints":{"allow":["GET"]}}],"collection":[{"href":"https:\/\/www.organisator.ch\/de\/wp-json\/wp\/v2\/posts"}],"about":[{"href":"https:\/\/www.organisator.ch\/de\/wp-json\/wp\/v2\/types\/post"}],"author":[{"embeddable":true,"href":"https:\/\/www.organisator.ch\/de\/wp-json\/wp\/v2\/users\/8"}],"replies":[{"embeddable":true,"href":"https:\/\/www.organisator.ch\/de\/wp-json\/wp\/v2\/comments?post=16775"}],"version-history":[{"count":4,"href":"https:\/\/www.organisator.ch\/de\/wp-json\/wp\/v2\/posts\/16775\/revisions"}],"predecessor-version":[{"id":33842,"href":"https:\/\/www.organisator.ch\/de\/wp-json\/wp\/v2\/posts\/16775\/revisions\/33842"}],"wp:attachment":[{"href":"https:\/\/www.organisator.ch\/de\/wp-json\/wp\/v2\/media?parent=16775"}],"wp:term":[{"taxonomy":"category","embeddable":true,"href":"https:\/\/www.organisator.ch\/de\/wp-json\/wp\/v2\/categories?post=16775"},{"taxonomy":"post_tag","embeddable":true,"href":"https:\/\/www.organisator.ch\/de\/wp-json\/wp\/v2\/tags?post=16775"}],"curies":[{"name":"wp","href":"https:\/\/api.w.org\/{rel}","templated":true}]}}