{"id":16790,"date":"2022-09-02T10:24:12","date_gmt":"2022-09-02T08:24:12","guid":{"rendered":"https:\/\/www.organisator.ch\/?p=16790"},"modified":"2022-09-02T10:24:12","modified_gmt":"2022-09-02T08:24:12","slug":"gemeinsam-gegen-elektroschrott-revendo-und-salt-geben-partnerschaft-bekannt","status":"publish","type":"post","link":"https:\/\/www.organisator.ch\/de\/sustainability\/2022-09-02\/gemeinsam-gegen-elektroschrott-revendo-und-salt-geben-partnerschaft-bekannt\/","title":{"rendered":"Gemeinsam gegen Elektroschrott: Revendo und Salt geben Partnerschaft bekannt"},"content":{"rendered":"<figure id=\"attachment_16794\" aria-describedby=\"caption-attachment-16794\" style=\"width: 680px\" class=\"wp-caption alignnone\"><img loading=\"lazy\" decoding=\"async\" class=\"size-full wp-image-16794\" src=\"https:\/\/www.organisator.ch\/wp-content\/uploads\/2022\/09\/Gemeinsam-gegen-Elektroschrott-Revendo-und-Salt-geben-Partnerschaft-bekannt_Organisator.jpg\" alt=\"\" width=\"680\" height=\"453\" srcset=\"https:\/\/www.organisator.ch\/wp-content\/uploads\/2022\/09\/Gemeinsam-gegen-Elektroschrott-Revendo-und-Salt-geben-Partnerschaft-bekannt_Organisator.jpg 680w, https:\/\/www.organisator.ch\/wp-content\/uploads\/2022\/09\/Gemeinsam-gegen-Elektroschrott-Revendo-und-Salt-geben-Partnerschaft-bekannt_Organisator-18x12.jpg 18w, https:\/\/www.organisator.ch\/wp-content\/uploads\/2022\/09\/Gemeinsam-gegen-Elektroschrott-Revendo-und-Salt-geben-Partnerschaft-bekannt_Organisator-263x175.jpg 263w, https:\/\/www.organisator.ch\/wp-content\/uploads\/2022\/09\/Gemeinsam-gegen-Elektroschrott-Revendo-und-Salt-geben-Partnerschaft-bekannt_Organisator-525x350.jpg 525w, https:\/\/www.organisator.ch\/wp-content\/uploads\/2022\/09\/Gemeinsam-gegen-Elektroschrott-Revendo-und-Salt-geben-Partnerschaft-bekannt_Organisator-300x200.jpg 300w\" sizes=\"auto, (max-width: 680px) 100vw, 680px\" \/><figcaption id=\"caption-attachment-16794\" class=\"wp-caption-text\">Nicht mehr gebrauchte Smartphones werden von Revendo zur\u00fcckgekauft, wieder funktionsf\u00e4hig gemacht, erhalten somit ein zweites Leben und reduzieren den Elektroschrott. (Bild: Depositphotos.com)<\/figcaption><\/figure>\n<p>Alles begann an einer Tischh\u00e4lfte, eingemietet im ersten Stock eines Kaffeehauses in Basel: Das Start-up Revendo wurde 2013 von zwei Freunden gegr\u00fcndet, um gegen den Elektroschrott anzuk\u00e4mpfen &#8211; einem wachsenden Problem: Immer mehr Smartphones und Computer landen auf dem M\u00fcll, obwohl sie noch weiter genutzt werden k\u00f6nnten. Um dem entgegenzuwirken, fing man bei Revendo an, gebrauchte Ger\u00e4te zu kaufen, diese zu reparieren oder aufzuwerten und sie dann wieder zu einem g\u00fcnstigen Preis zu verkaufen. Das Konzept war erfolgreich: Ein Jahr nach dem Onlineshop konnte die erste Filiale er\u00f6ffnet werden. Heute gibt es bei Revendo schon 10 Filialen und mehr als 145 Mitarbeitende. Und Ende 2021 gewann das Unternehmen mit dem <a href=\"https:\/\/www.organisator.ch\/de\/allgemein\/2021-11-26\/prix-svc-nordschweiz-2021-zwei-junge-unternehmer-ganz-gross\/\">Prix SVC Nordschweiz einen renommierten Unternehmerpreis<\/a>.<\/p>\n<h3>Salt-Kunden profitieren mehrfach<\/h3>\n<p>Nun hat Revendo im Telekom-Dienstleister Salt einen neuen Partner gefunden: Gemeinsam k\u00e4mpfen die beiden Unternehmen gegen Elektroschrott und f\u00f6rdern somit die nachhaltige Kreislaufwirtschaft. Dank der Partnerschaft mit Revendo kann Salt nun den R\u00fcckkauf von gebrauchten Ger\u00e4ten vereinfachen: In einer Salt-Filiale k\u00f6nnen Kunden ihr Smartphone direkt vor Ort sch\u00e4tzen lassen. Dabei profitieren sie von einer Preisgarantie: Der in der Filiale gesch\u00e4tzte Betrag wird n\u00e4mlich garantiert von Revendo an die Kunden ausbezahlt. Alternativ k\u00f6nnen Kunden ihr Ger\u00e4t auch bequem online sch\u00e4tzen lassen und es anschliessend zum Verkauf einschicken. Zudem profitieren sie von einem Eco-Bonus: F\u00fcr jedes bei Salt verkaufte Ger\u00e4t erhalten Kunden n\u00e4mlich noch einen zus\u00e4tzlichen Eco-Bonus von CHF 15.-. Mit dem Verkauf ihrer alten Ger\u00e4te helfen sie mit, die Ressourcen unserer Erde zu schonen. Die gebrauchten Ger\u00e4te werden von Revendo n\u00e4mlich<br \/>\nwiederaufbereitet und dann an neue Besitzer verkauft. So kann die Nutzungsdauer der Ger\u00e4te massiv verl\u00e4ngert werden.<\/p>\n<h3>Zwei starke Partner f\u00fcr weniger Elektroschrott<\/h3>\n<p>Wie Aurel Greiner, CEO von Revendo ausf\u00fchrt: \u201eWir sind \u00fcberzeugt, dass sich unsere zwei Unternehmen bei dieser Partnerschaft ideal erg\u00e4nzen. Revendo verf\u00fcgt \u00fcber neun Filialen und \u00fcber 145 Mitarbeitende. Damit ist Revendo der gr\u00f6sste Anbieter von Refurbished-Ger\u00e4ten in der Schweiz und passt perfekt zu einem starken Partner wie Salt, einem der gr\u00f6ssten Telekommunikations-Anbieter der Schweiz.\u201d Dank der Kompetenzen der beiden Partner in ihrem jeweiligen Kerngesch\u00e4ft habe die Zusammenarbeit das Potenzial, der Beginn eines l\u00e4ngerfristigen Trends zur Reduktion von Elektroschrott in der Schweiz zu werden, sind die beiden Firmen \u00fcberzeugt. Nach Sch\u00e4tzungen liegen in Schweizer Haushalten derzeit \u00fcber eine Million ungenutzte Ger\u00e4te herum. Nur ca. 20% des weltweit produzierten Elektroschrotts wird wiederverwertet. \u201eIndem wir alle konsequent auf mehr Upcycling und Wiederverwendung setzen, k\u00f6nnen wir das \u00e4ndern. Deswegen sind wir sehr motiviert, mit dieser Partnerschaft daf\u00fcr zu sorgen, dass weniger gebrauchte Smartphones in Schweizer Schubladen verstauben. Denn es w\u00e4re doch viel besser, wenn diese Ger\u00e4te wieder neue Besitzer finden und diesen noch lange Zeit viel Freude machen\u201c, so Aurel Greiner.<\/p>\n<p><em>Quelle und weitere Informationen: <a href=\"http:\/\/www.revendo.ch\">Revendo<\/a> \/ <a href=\"https:\/\/fiber.salt.ch\/de\/home\">Salt<\/a><\/em><\/p>\n","protected":false},"excerpt":{"rendered":"<p>Alles begann an einer Tischh\u00e4lfte, eingemietet im ersten Stock eines Kaffeehauses in Basel: Das Start-up Revendo wurde 2013 von zwei Freunden gegr\u00fcndet, um gegen den Elektroschrott anzuk\u00e4mpfen &#8211; einem wachsenden Problem: Immer mehr Smartphones und Computer landen auf dem M\u00fcll, obwohl sie noch weiter genutzt werden k\u00f6nnten. Um dem entgegenzuwirken, fing man bei Revendo an, [&hellip;]<\/p>\n","protected":false},"author":4,"featured_media":16794,"comment_status":"closed","ping_status":"closed","sticky":false,"template":"","format":"standard","meta":{"_acf_changed":false,"_yoast_wpseo_focuskw":"Elektroschrott","_yoast_wpseo_metadesc":"In der Schweiz fallen jedes Jahr mehr als 23 kg Elektroschrott pro Kopf an. Revendo und Salt k\u00e4mpfen gemeinsam dagegen an.","articlekey":"","footnotes":""},"categories":[580],"tags":[1041,286,594,492],"class_list":["post-16790","post","type-post","status-publish","format-standard","has-post-thumbnail","hentry","category-sustainability","tag-elektroschrott","tag-it","tag-kreislaufwirtschaft","tag-unternehmen"],"acf":[],"yoast_head":"<!-- This site is optimized with the Yoast SEO plugin v27.4 - https:\/\/yoast.com\/product\/yoast-seo-wordpress\/ -->\n<title>Gemeinsam gegen Elektroschrott: Revendo und Salt geben Partnerschaft bekannt - Organisator<\/title>\n<meta name=\"description\" content=\"In der Schweiz fallen jedes Jahr mehr als 23 kg Elektroschrott pro Kopf an. Revendo und Salt k\u00e4mpfen gemeinsam dagegen an.\" \/>\n<meta name=\"robots\" content=\"index, follow, max-snippet:-1, max-image-preview:large, max-video-preview:-1\" \/>\n<link rel=\"canonical\" href=\"https:\/\/www.organisator.ch\/de\/sustainability\/2022-09-02\/gemeinsam-gegen-elektroschrott-revendo-und-salt-geben-partnerschaft-bekannt\/\" \/>\n<meta property=\"og:locale\" content=\"de_DE\" \/>\n<meta property=\"og:type\" content=\"article\" \/>\n<meta property=\"og:title\" content=\"Gemeinsam gegen Elektroschrott: Revendo und Salt geben Partnerschaft bekannt\" \/>\n<meta property=\"og:description\" content=\"In der Schweiz fallen jedes Jahr mehr als 23 kg Elektroschrott pro Kopf an. Revendo und Salt k\u00e4mpfen gemeinsam dagegen an.\" \/>\n<meta property=\"og:url\" content=\"https:\/\/www.organisator.ch\/de\/sustainability\/2022-09-02\/gemeinsam-gegen-elektroschrott-revendo-und-salt-geben-partnerschaft-bekannt\/\" \/>\n<meta property=\"og:site_name\" content=\"Organisator\" \/>\n<meta property=\"article:publisher\" content=\"https:\/\/www.facebook.com\/OrganisatorFachmagazin\" \/>\n<meta property=\"article:published_time\" content=\"2022-09-02T08:24:12+00:00\" \/>\n<meta property=\"og:image\" content=\"https:\/\/www.organisator.ch\/wp-content\/uploads\/2022\/09\/Gemeinsam-gegen-Elektroschrott-Revendo-und-Salt-geben-Partnerschaft-bekannt_Organisator.jpg\" \/>\n\t<meta property=\"og:image:width\" content=\"680\" \/>\n\t<meta property=\"og:image:height\" content=\"453\" \/>\n\t<meta property=\"og:image:type\" content=\"image\/jpeg\" \/>\n<meta name=\"author\" content=\"thomas.berner\" \/>\n<meta name=\"twitter:card\" content=\"summary_large_image\" \/>\n<meta name=\"twitter:title\" content=\"Gemeinsam gegen #Elektroschrott: #Revendo und #Salt geben Partnerschaft bekannt\" \/>\n<meta name=\"twitter:description\" content=\"In der Schweiz fallen jedes Jahr mehr als 23 kg #Elektroschrott pro Kopf an. #Revendo und #Salt k\u00e4mpfen gemeinsam dagegen an.\" \/>\n<meta name=\"twitter:image\" content=\"https:\/\/www.organisator.ch\/wp-content\/uploads\/2022\/09\/Gemeinsam-gegen-Elektroschrott-Revendo-und-Salt-geben-Partnerschaft-bekannt_Organisator.jpg\" \/>\n<script type=\"application\/ld+json\" class=\"yoast-schema-graph\">{\"@context\":\"https:\\\/\\\/schema.org\",\"@graph\":[{\"@type\":\"Article\",\"@id\":\"https:\\\/\\\/www.organisator.ch\\\/sustainability\\\/2022-09-02\\\/gemeinsam-gegen-elektroschrott-revendo-und-salt-geben-partnerschaft-bekannt\\\/#article\",\"isPartOf\":{\"@id\":\"https:\\\/\\\/www.organisator.ch\\\/sustainability\\\/2022-09-02\\\/gemeinsam-gegen-elektroschrott-revendo-und-salt-geben-partnerschaft-bekannt\\\/\"},\"author\":{\"name\":\"thomas.berner\",\"@id\":\"https:\\\/\\\/www.organisator.ch\\\/#\\\/schema\\\/person\\\/6f650f90b2842cd4c0cc334b4e36f67e\"},\"headline\":\"Gemeinsam gegen Elektroschrott: Revendo und Salt geben Partnerschaft bekannt\",\"datePublished\":\"2022-09-02T08:24:12+00:00\",\"mainEntityOfPage\":{\"@id\":\"https:\\\/\\\/www.organisator.ch\\\/sustainability\\\/2022-09-02\\\/gemeinsam-gegen-elektroschrott-revendo-und-salt-geben-partnerschaft-bekannt\\\/\"},\"wordCount\":523,\"publisher\":{\"@id\":\"https:\\\/\\\/www.organisator.ch\\\/#organization\"},\"image\":{\"@id\":\"https:\\\/\\\/www.organisator.ch\\\/sustainability\\\/2022-09-02\\\/gemeinsam-gegen-elektroschrott-revendo-und-salt-geben-partnerschaft-bekannt\\\/#primaryimage\"},\"thumbnailUrl\":\"https:\\\/\\\/www.organisator.ch\\\/wp-content\\\/uploads\\\/2022\\\/09\\\/Gemeinsam-gegen-Elektroschrott-Revendo-und-Salt-geben-Partnerschaft-bekannt_Organisator.jpg\",\"keywords\":[\"Elektroschrott\",\"IT\",\"Kreislaufwirtschaft\",\"Unternehmen\"],\"articleSection\":[\"SUSTAINABILITY\"],\"inLanguage\":\"de\"},{\"@type\":\"WebPage\",\"@id\":\"https:\\\/\\\/www.organisator.ch\\\/sustainability\\\/2022-09-02\\\/gemeinsam-gegen-elektroschrott-revendo-und-salt-geben-partnerschaft-bekannt\\\/\",\"url\":\"https:\\\/\\\/www.organisator.ch\\\/sustainability\\\/2022-09-02\\\/gemeinsam-gegen-elektroschrott-revendo-und-salt-geben-partnerschaft-bekannt\\\/\",\"name\":\"Gemeinsam gegen Elektroschrott: Revendo und Salt geben Partnerschaft bekannt - Organisator\",\"isPartOf\":{\"@id\":\"https:\\\/\\\/www.organisator.ch\\\/#website\"},\"primaryImageOfPage\":{\"@id\":\"https:\\\/\\\/www.organisator.ch\\\/sustainability\\\/2022-09-02\\\/gemeinsam-gegen-elektroschrott-revendo-und-salt-geben-partnerschaft-bekannt\\\/#primaryimage\"},\"image\":{\"@id\":\"https:\\\/\\\/www.organisator.ch\\\/sustainability\\\/2022-09-02\\\/gemeinsam-gegen-elektroschrott-revendo-und-salt-geben-partnerschaft-bekannt\\\/#primaryimage\"},\"thumbnailUrl\":\"https:\\\/\\\/www.organisator.ch\\\/wp-content\\\/uploads\\\/2022\\\/09\\\/Gemeinsam-gegen-Elektroschrott-Revendo-und-Salt-geben-Partnerschaft-bekannt_Organisator.jpg\",\"datePublished\":\"2022-09-02T08:24:12+00:00\",\"description\":\"In der Schweiz fallen jedes Jahr mehr als 23 kg Elektroschrott pro Kopf an. Revendo und Salt k\u00e4mpfen gemeinsam dagegen an.\",\"breadcrumb\":{\"@id\":\"https:\\\/\\\/www.organisator.ch\\\/sustainability\\\/2022-09-02\\\/gemeinsam-gegen-elektroschrott-revendo-und-salt-geben-partnerschaft-bekannt\\\/#breadcrumb\"},\"inLanguage\":\"de\",\"potentialAction\":[{\"@type\":\"ReadAction\",\"target\":[\"https:\\\/\\\/www.organisator.ch\\\/sustainability\\\/2022-09-02\\\/gemeinsam-gegen-elektroschrott-revendo-und-salt-geben-partnerschaft-bekannt\\\/\"]}]},{\"@type\":\"ImageObject\",\"inLanguage\":\"de\",\"@id\":\"https:\\\/\\\/www.organisator.ch\\\/sustainability\\\/2022-09-02\\\/gemeinsam-gegen-elektroschrott-revendo-und-salt-geben-partnerschaft-bekannt\\\/#primaryimage\",\"url\":\"https:\\\/\\\/www.organisator.ch\\\/wp-content\\\/uploads\\\/2022\\\/09\\\/Gemeinsam-gegen-Elektroschrott-Revendo-und-Salt-geben-Partnerschaft-bekannt_Organisator.jpg\",\"contentUrl\":\"https:\\\/\\\/www.organisator.ch\\\/wp-content\\\/uploads\\\/2022\\\/09\\\/Gemeinsam-gegen-Elektroschrott-Revendo-und-Salt-geben-Partnerschaft-bekannt_Organisator.jpg\",\"width\":680,\"height\":453,\"caption\":\"Nicht mehr gebrauchte Smartphones werden von Revendo zur\u00fcckgekauft, wieder funktionsf\u00e4hig gemacht und erhalten somit ein zweites Leben. (Bild: Depositphotos.com)\"},{\"@type\":\"BreadcrumbList\",\"@id\":\"https:\\\/\\\/www.organisator.ch\\\/sustainability\\\/2022-09-02\\\/gemeinsam-gegen-elektroschrott-revendo-und-salt-geben-partnerschaft-bekannt\\\/#breadcrumb\",\"itemListElement\":[{\"@type\":\"ListItem\",\"position\":1,\"name\":\"Home\",\"item\":\"https:\\\/\\\/www.organisator.ch\\\/\"},{\"@type\":\"ListItem\",\"position\":2,\"name\":\"Gemeinsam gegen Elektroschrott: Revendo und Salt geben Partnerschaft bekannt\"}]},{\"@type\":\"WebSite\",\"@id\":\"https:\\\/\\\/www.organisator.ch\\\/#website\",\"url\":\"https:\\\/\\\/www.organisator.ch\\\/\",\"name\":\"Organisator\",\"description\":\"Kompetent. Praxisnah. Der ORGANISATOR bereitet in 10 Ausgaben pro Jahr die wesentlichen Themen f\u00fcr F\u00fchrungskr\u00e4fte von KMU auf.\",\"publisher\":{\"@id\":\"https:\\\/\\\/www.organisator.ch\\\/#organization\"},\"potentialAction\":[{\"@type\":\"SearchAction\",\"target\":{\"@type\":\"EntryPoint\",\"urlTemplate\":\"https:\\\/\\\/www.organisator.ch\\\/?s={search_term_string}\"},\"query-input\":{\"@type\":\"PropertyValueSpecification\",\"valueRequired\":true,\"valueName\":\"search_term_string\"}}],\"inLanguage\":\"de\"},{\"@type\":\"Organization\",\"@id\":\"https:\\\/\\\/www.organisator.ch\\\/#organization\",\"name\":\"Organisator\",\"url\":\"https:\\\/\\\/www.organisator.ch\\\/\",\"logo\":{\"@type\":\"ImageObject\",\"inLanguage\":\"de\",\"@id\":\"https:\\\/\\\/www.organisator.ch\\\/#\\\/schema\\\/logo\\\/image\\\/\",\"url\":\"https:\\\/\\\/www.organisator.ch\\\/wp-content\\\/uploads\\\/2022\\\/01\\\/Logo_Organisator_Website.png\",\"contentUrl\":\"https:\\\/\\\/www.organisator.ch\\\/wp-content\\\/uploads\\\/2022\\\/01\\\/Logo_Organisator_Website.png\",\"width\":800,\"height\":77,\"caption\":\"Organisator\"},\"image\":{\"@id\":\"https:\\\/\\\/www.organisator.ch\\\/#\\\/schema\\\/logo\\\/image\\\/\"},\"sameAs\":[\"https:\\\/\\\/www.facebook.com\\\/OrganisatorFachmagazin\",\"https:\\\/\\\/www.linkedin.com\\\/showcase\\\/organisator-das-magazin-fr-kmu\",\"https:\\\/\\\/www.xing.com\\\/news\\\/pages\\\/organisator-ch-695\",\"https:\\\/\\\/www.youtube.com\\\/channel\\\/UCGP2Sq0iWaZwT3BdIAQFYpw\"]},{\"@type\":\"Person\",\"@id\":\"https:\\\/\\\/www.organisator.ch\\\/#\\\/schema\\\/person\\\/6f650f90b2842cd4c0cc334b4e36f67e\",\"name\":\"thomas.berner\",\"image\":{\"@type\":\"ImageObject\",\"inLanguage\":\"de\",\"@id\":\"https:\\\/\\\/secure.gravatar.com\\\/avatar\\\/ac5001d2a36cb6c6cd3e50789007ffca834b477b74a2144564522e944eabff61?s=96&d=mm&r=g\",\"url\":\"https:\\\/\\\/secure.gravatar.com\\\/avatar\\\/ac5001d2a36cb6c6cd3e50789007ffca834b477b74a2144564522e944eabff61?s=96&d=mm&r=g\",\"contentUrl\":\"https:\\\/\\\/secure.gravatar.com\\\/avatar\\\/ac5001d2a36cb6c6cd3e50789007ffca834b477b74a2144564522e944eabff61?s=96&d=mm&r=g\",\"caption\":\"thomas.berner\"},\"url\":\"https:\\\/\\\/www.organisator.ch\\\/de\\\/author\\\/thomas-berner\\\/\"}]}<\/script>\n<!-- \/ Yoast SEO plugin. -->","yoast_head_json":{"title":"Gemeinsam gegen Elektroschrott: Revendo und Salt geben Partnerschaft bekannt - Organisator","description":"In der Schweiz fallen jedes Jahr mehr als 23 kg Elektroschrott pro Kopf an. Revendo und Salt k\u00e4mpfen gemeinsam dagegen an.","robots":{"index":"index","follow":"follow","max-snippet":"max-snippet:-1","max-image-preview":"max-image-preview:large","max-video-preview":"max-video-preview:-1"},"canonical":"https:\/\/www.organisator.ch\/de\/sustainability\/2022-09-02\/gemeinsam-gegen-elektroschrott-revendo-und-salt-geben-partnerschaft-bekannt\/","og_locale":"de_DE","og_type":"article","og_title":"Gemeinsam gegen Elektroschrott: Revendo und Salt geben Partnerschaft bekannt","og_description":"In der Schweiz fallen jedes Jahr mehr als 23 kg Elektroschrott pro Kopf an. Revendo und Salt k\u00e4mpfen gemeinsam dagegen an.","og_url":"https:\/\/www.organisator.ch\/de\/sustainability\/2022-09-02\/gemeinsam-gegen-elektroschrott-revendo-und-salt-geben-partnerschaft-bekannt\/","og_site_name":"Organisator","article_publisher":"https:\/\/www.facebook.com\/OrganisatorFachmagazin","article_published_time":"2022-09-02T08:24:12+00:00","og_image":[{"width":680,"height":453,"url":"https:\/\/www.organisator.ch\/wp-content\/uploads\/2022\/09\/Gemeinsam-gegen-Elektroschrott-Revendo-und-Salt-geben-Partnerschaft-bekannt_Organisator.jpg","type":"image\/jpeg"}],"author":"thomas.berner","twitter_card":"summary_large_image","twitter_title":"Gemeinsam gegen #Elektroschrott: #Revendo und #Salt geben Partnerschaft bekannt","twitter_description":"In der Schweiz fallen jedes Jahr mehr als 23 kg #Elektroschrott pro Kopf an. #Revendo und #Salt k\u00e4mpfen gemeinsam dagegen an.","twitter_image":"https:\/\/www.organisator.ch\/wp-content\/uploads\/2022\/09\/Gemeinsam-gegen-Elektroschrott-Revendo-und-Salt-geben-Partnerschaft-bekannt_Organisator.jpg","schema":{"@context":"https:\/\/schema.org","@graph":[{"@type":"Article","@id":"https:\/\/www.organisator.ch\/sustainability\/2022-09-02\/gemeinsam-gegen-elektroschrott-revendo-und-salt-geben-partnerschaft-bekannt\/#article","isPartOf":{"@id":"https:\/\/www.organisator.ch\/sustainability\/2022-09-02\/gemeinsam-gegen-elektroschrott-revendo-und-salt-geben-partnerschaft-bekannt\/"},"author":{"name":"thomas.berner","@id":"https:\/\/www.organisator.ch\/#\/schema\/person\/6f650f90b2842cd4c0cc334b4e36f67e"},"headline":"Gemeinsam gegen Elektroschrott: Revendo und Salt geben Partnerschaft bekannt","datePublished":"2022-09-02T08:24:12+00:00","mainEntityOfPage":{"@id":"https:\/\/www.organisator.ch\/sustainability\/2022-09-02\/gemeinsam-gegen-elektroschrott-revendo-und-salt-geben-partnerschaft-bekannt\/"},"wordCount":523,"publisher":{"@id":"https:\/\/www.organisator.ch\/#organization"},"image":{"@id":"https:\/\/www.organisator.ch\/sustainability\/2022-09-02\/gemeinsam-gegen-elektroschrott-revendo-und-salt-geben-partnerschaft-bekannt\/#primaryimage"},"thumbnailUrl":"https:\/\/www.organisator.ch\/wp-content\/uploads\/2022\/09\/Gemeinsam-gegen-Elektroschrott-Revendo-und-Salt-geben-Partnerschaft-bekannt_Organisator.jpg","keywords":["Elektroschrott","IT","Kreislaufwirtschaft","Unternehmen"],"articleSection":["SUSTAINABILITY"],"inLanguage":"de"},{"@type":"WebPage","@id":"https:\/\/www.organisator.ch\/sustainability\/2022-09-02\/gemeinsam-gegen-elektroschrott-revendo-und-salt-geben-partnerschaft-bekannt\/","url":"https:\/\/www.organisator.ch\/sustainability\/2022-09-02\/gemeinsam-gegen-elektroschrott-revendo-und-salt-geben-partnerschaft-bekannt\/","name":"Gemeinsam gegen Elektroschrott: Revendo und Salt geben Partnerschaft bekannt - Organisator","isPartOf":{"@id":"https:\/\/www.organisator.ch\/#website"},"primaryImageOfPage":{"@id":"https:\/\/www.organisator.ch\/sustainability\/2022-09-02\/gemeinsam-gegen-elektroschrott-revendo-und-salt-geben-partnerschaft-bekannt\/#primaryimage"},"image":{"@id":"https:\/\/www.organisator.ch\/sustainability\/2022-09-02\/gemeinsam-gegen-elektroschrott-revendo-und-salt-geben-partnerschaft-bekannt\/#primaryimage"},"thumbnailUrl":"https:\/\/www.organisator.ch\/wp-content\/uploads\/2022\/09\/Gemeinsam-gegen-Elektroschrott-Revendo-und-Salt-geben-Partnerschaft-bekannt_Organisator.jpg","datePublished":"2022-09-02T08:24:12+00:00","description":"In der Schweiz fallen jedes Jahr mehr als 23 kg Elektroschrott pro Kopf an. Revendo und Salt k\u00e4mpfen gemeinsam dagegen an.","breadcrumb":{"@id":"https:\/\/www.organisator.ch\/sustainability\/2022-09-02\/gemeinsam-gegen-elektroschrott-revendo-und-salt-geben-partnerschaft-bekannt\/#breadcrumb"},"inLanguage":"de","potentialAction":[{"@type":"ReadAction","target":["https:\/\/www.organisator.ch\/sustainability\/2022-09-02\/gemeinsam-gegen-elektroschrott-revendo-und-salt-geben-partnerschaft-bekannt\/"]}]},{"@type":"ImageObject","inLanguage":"de","@id":"https:\/\/www.organisator.ch\/sustainability\/2022-09-02\/gemeinsam-gegen-elektroschrott-revendo-und-salt-geben-partnerschaft-bekannt\/#primaryimage","url":"https:\/\/www.organisator.ch\/wp-content\/uploads\/2022\/09\/Gemeinsam-gegen-Elektroschrott-Revendo-und-Salt-geben-Partnerschaft-bekannt_Organisator.jpg","contentUrl":"https:\/\/www.organisator.ch\/wp-content\/uploads\/2022\/09\/Gemeinsam-gegen-Elektroschrott-Revendo-und-Salt-geben-Partnerschaft-bekannt_Organisator.jpg","width":680,"height":453,"caption":"Nicht mehr gebrauchte Smartphones werden von Revendo zur\u00fcckgekauft, wieder funktionsf\u00e4hig gemacht und erhalten somit ein zweites Leben. (Bild: Depositphotos.com)"},{"@type":"BreadcrumbList","@id":"https:\/\/www.organisator.ch\/sustainability\/2022-09-02\/gemeinsam-gegen-elektroschrott-revendo-und-salt-geben-partnerschaft-bekannt\/#breadcrumb","itemListElement":[{"@type":"ListItem","position":1,"name":"Home","item":"https:\/\/www.organisator.ch\/"},{"@type":"ListItem","position":2,"name":"Gemeinsam gegen Elektroschrott: Revendo und Salt geben Partnerschaft bekannt"}]},{"@type":"WebSite","@id":"https:\/\/www.organisator.ch\/#website","url":"https:\/\/www.organisator.ch\/","name":"Organisator","description":"Kompetent. Praxisnah. Der ORGANISATOR bereitet in 10 Ausgaben pro Jahr die wesentlichen Themen f\u00fcr F\u00fchrungskr\u00e4fte von KMU auf.","publisher":{"@id":"https:\/\/www.organisator.ch\/#organization"},"potentialAction":[{"@type":"SearchAction","target":{"@type":"EntryPoint","urlTemplate":"https:\/\/www.organisator.ch\/?s={search_term_string}"},"query-input":{"@type":"PropertyValueSpecification","valueRequired":true,"valueName":"search_term_string"}}],"inLanguage":"de"},{"@type":"Organization","@id":"https:\/\/www.organisator.ch\/#organization","name":"Organisator","url":"https:\/\/www.organisator.ch\/","logo":{"@type":"ImageObject","inLanguage":"de","@id":"https:\/\/www.organisator.ch\/#\/schema\/logo\/image\/","url":"https:\/\/www.organisator.ch\/wp-content\/uploads\/2022\/01\/Logo_Organisator_Website.png","contentUrl":"https:\/\/www.organisator.ch\/wp-content\/uploads\/2022\/01\/Logo_Organisator_Website.png","width":800,"height":77,"caption":"Organisator"},"image":{"@id":"https:\/\/www.organisator.ch\/#\/schema\/logo\/image\/"},"sameAs":["https:\/\/www.facebook.com\/OrganisatorFachmagazin","https:\/\/www.linkedin.com\/showcase\/organisator-das-magazin-fr-kmu","https:\/\/www.xing.com\/news\/pages\/organisator-ch-695","https:\/\/www.youtube.com\/channel\/UCGP2Sq0iWaZwT3BdIAQFYpw"]},{"@type":"Person","@id":"https:\/\/www.organisator.ch\/#\/schema\/person\/6f650f90b2842cd4c0cc334b4e36f67e","name":"thomas.berner","image":{"@type":"ImageObject","inLanguage":"de","@id":"https:\/\/secure.gravatar.com\/avatar\/ac5001d2a36cb6c6cd3e50789007ffca834b477b74a2144564522e944eabff61?s=96&d=mm&r=g","url":"https:\/\/secure.gravatar.com\/avatar\/ac5001d2a36cb6c6cd3e50789007ffca834b477b74a2144564522e944eabff61?s=96&d=mm&r=g","contentUrl":"https:\/\/secure.gravatar.com\/avatar\/ac5001d2a36cb6c6cd3e50789007ffca834b477b74a2144564522e944eabff61?s=96&d=mm&r=g","caption":"thomas.berner"},"url":"https:\/\/www.organisator.ch\/de\/author\/thomas-berner\/"}]}},"_links":{"self":[{"href":"https:\/\/www.organisator.ch\/de\/wp-json\/wp\/v2\/posts\/16790","targetHints":{"allow":["GET"]}}],"collection":[{"href":"https:\/\/www.organisator.ch\/de\/wp-json\/wp\/v2\/posts"}],"about":[{"href":"https:\/\/www.organisator.ch\/de\/wp-json\/wp\/v2\/types\/post"}],"author":[{"embeddable":true,"href":"https:\/\/www.organisator.ch\/de\/wp-json\/wp\/v2\/users\/4"}],"replies":[{"embeddable":true,"href":"https:\/\/www.organisator.ch\/de\/wp-json\/wp\/v2\/comments?post=16790"}],"version-history":[{"count":3,"href":"https:\/\/www.organisator.ch\/de\/wp-json\/wp\/v2\/posts\/16790\/revisions"}],"predecessor-version":[{"id":16802,"href":"https:\/\/www.organisator.ch\/de\/wp-json\/wp\/v2\/posts\/16790\/revisions\/16802"}],"wp:featuredmedia":[{"embeddable":true,"href":"https:\/\/www.organisator.ch\/de\/wp-json\/wp\/v2\/media\/16794"}],"wp:attachment":[{"href":"https:\/\/www.organisator.ch\/de\/wp-json\/wp\/v2\/media?parent=16790"}],"wp:term":[{"taxonomy":"category","embeddable":true,"href":"https:\/\/www.organisator.ch\/de\/wp-json\/wp\/v2\/categories?post=16790"},{"taxonomy":"post_tag","embeddable":true,"href":"https:\/\/www.organisator.ch\/de\/wp-json\/wp\/v2\/tags?post=16790"}],"curies":[{"name":"wp","href":"https:\/\/api.w.org\/{rel}","templated":true}]}}