{"id":16803,"date":"2022-09-02T13:40:10","date_gmt":"2022-09-02T11:40:10","guid":{"rendered":"https:\/\/www.m-q.ch\/?p=16847"},"modified":"2024-11-22T07:32:22","modified_gmt":"2024-11-22T06:32:22","slug":"aeesuisse-kongress-2022-stosst-auf-grosses-interesse","status":"publish","type":"post","link":"https:\/\/www.organisator.ch\/de\/operational-excellence\/2022-09-02\/aeesuisse-kongress-2022-stosst-auf-grosses-interesse\/","title":{"rendered":"aeesuisse Kongress 2022 st\u00f6sst auf grosses Interesse"},"content":{"rendered":"<figure id=\"attachment_16848\" class=\"wp-caption alignnone\" style=\"width: 680px\" aria-describedby=\"caption-attachment-16848\"><img class=\"alignnone wp-image-16848 size-full\" src=\"https:\/\/www.m-q.ch\/wp-content\/uploads\/2022\/09\/aeesuisse-Kongress-2022-stoesst-auf-grosses-Interesse_MQ.jpg\" alt=\"aeesuisse Kongress\" width=\"680\" height=\"433\" \/>\r\n<figcaption id=\"caption-attachment-16848\" class=\"wp-caption-text\">Bundesr\u00e4tin Sommaruga sprach am aeesuisse Kongress 2022. (Bild: aeesuisse.ch)<\/figcaption>\r\n<\/figure>\r\n<p>Die aktuell herausfordernde geopolitische Lage macht deutlich, wie gef\u00e4hrlich die Energieabh\u00e4ngigkeit der Schweiz ist. Klar ist: Die Energiewende ist der einzige Weg, wie die Schweiz die Versorgungssicherheit langfristig sicherstellen kann. Dies wurde am diesj\u00e4hrigen aeesuisse Kongress deutlich.<\/p>\r\n<h3>aeesuisse Kongress 2022: \u00abBremsen l\u00f6sen. Jetzt handeln!\u00bb<\/h3>\r\n<p>Im Rahmen des aeesuisse Kongresses 2022 wurde die Energiewende als Garant f\u00fcr die Versorgungssicherheit von zahlreichen relevanten und prominenten Referentinnen und Referenten diskutiert. Unter dem Motto \u00abBremsen l\u00f6sen. Jetzt handeln!\u00bb stiess die Tagung am 1. September 2022 in Emmenbr\u00fccke auf grosses Interesse. Der aeesuisse Kongress hat sich in den vergangenen Jahren zu einem zentralen Treffpunkt der Energiebranche etabliert. Die aeesuisse ist die Dachorganisation der Wirtschaft f\u00fcr erneuerbare Energien und Energieeffizienz. Sie vertritt die Interessen von 35 Branchenverb\u00e4nden und damit von rund 35\u2019000 Unternehmen in der Schweiz.<\/p>\r\n<h3>Hochkar\u00e4tige Referentinnen und Referenten aus Wirtschaft und Politik<\/h3>\r\n<p>Der Kongresstag startete aufregend und interaktiv mit dem \u00abMarkt der Energiewendemacher:innen\u00bb: Bei einem Live Projekt Pitching k\u00fcrten die Zuschauerinnen und Zuschauer die Ernst Schweizer AG, den Nachhaltigkeits- und Solarpionier der ersten Stunde, zum Sieger des Wettbewerbs. Mit dem pr\u00e4sentierten Photovoltaik-Montagesystem leistet die Ernst Schweizer AG nicht nur einen wichtigen Beitrag an den dringlichen Ausbau der erneuerbaren Energien, sondern st\u00e4rkt auch die Kreislaufwirtschaft. \u00dcberreicht wurde der \u00abaeesuisse Preis 2022\u00bb durch Gianni Operto, Pr\u00e4sident der aeesuisse.\u00a0<\/p>\r\n<p>Direkt anschliessend folgten spannende Keynotes zur W\u00e4rmewende, den M\u00f6glichkeiten der Photovoltaik-Technologie sowie zu den Innovationen bei der Ladeinfrastruktur der E-Mobilit\u00e4t von Lars Hummelmose, Direktor beim Danish Board of District Heating, Noah Heynen, Helion-CEO sowie Patrick Kern, CEO der Brugg eConnect AG.<\/p>\r\n<h3>Einblick in die aktuelle Energiepolitik des Bundes<\/h3>\r\n<p>Am Nachmittag startete der Kongress mit einer Keynote zur aktuellen Energiepolitik von Bundesr\u00e4tin Simonetta Sommaruga. Es folgten spannende und topaktuelle Keynotes zu Europa, Wirtschaft und Transformation in der Energiewende von Cornelia Daniel, Inhaberin der Dachgold Initiative und \u00d6sterreicherin des Jahres 2020, Martin Schwab, CEO der CKW AG, Dr. G\u00fcnther Bachmann, ehem. Generalsekret\u00e4r des deutschen Nachhaltigkeitsrates und Berater der deutschen Bundesregierung und Helmut Ruhl, CEO der AMAG Group AG.<\/p>\r\n<p>Zum Abschluss des Fachkongresses wurde am Energy Talk \u00fcber die Energiewende als Garant f\u00fcr die Versorgungssicherheit mit Vertreterinnen und Vertretern aus Politik, Wissenschaft und Wirtschaft diskutiert. Mit dabei waren Damian M\u00fcller, St\u00e4nderat FDP, Peter Galliker, CEO der Galliker Transport AG, Gabriela Suter, Nationalr\u00e4tin SP und Prof. Dr. Gabriela Hug, Professorin Power Systems Laboratory an der ETH Z\u00fcrich. Abgerundet wurde der Kongress durch ein Schlusswort von Priska Wismer-Felder, Nationalr\u00e4tin die Mitte und Vizepr\u00e4sidentin der aeesuisse.<\/p>\r\n<p><em><a href=\"https:\/\/aeesuisse.ch\/de\/\">Weitere Informationen<\/a><\/em><\/p>\n<p class=\"syndicated-attribution\">Dieser Beitrag erschien urspr\u00fcnglich auf m-q.ch - <a href=\"https:\/\/www.m-q.ch\/de\/aeesuisse-kongress-2022-stoesst-auf-grosses-interesse\/\" target=\"_blank\">https:\/\/www.m-q.ch\/de\/aeesuisse-kongress-2022-stoesst-auf-grosses-interesse\/<\/a><\/p>","protected":false},"excerpt":{"rendered":"<p>Die aktuell herausfordernde geopolitische Lage macht deutlich, wie gef\u00e4hrlich die Energieabh\u00e4ngigkeit der Schweiz ist. Klar ist: Die Energiewende ist der einzige Weg, wie die Schweiz die Versorgungssicherheit langfristig sicherstellen kann. Dies wurde am diesj\u00e4hrigen aeesuisse Kongress deutlich. aeesuisse Kongress 2022: \u00abBremsen l\u00f6sen. Jetzt handeln!\u00bb Im Rahmen des aeesuisse Kongresses 2022 wurde die Energiewende als Garant [\u2026]<\/p>\n","protected":false},"author":8,"featured_media":0,"comment_status":"closed","ping_status":"closed","sticky":false,"template":"","format":"standard","meta":{"_acf_changed":false,"_yoast_wpseo_focuskw":"aeesuisse Kongress","_yoast_wpseo_metadesc":"aeesuisse Kongress 2022: Diskussion \u00fcber Energiewende und Versorgungssicherheit. Bundesr\u00e4tin Sommaruga h\u00e4lt Keynote.","articlekey":"","footnotes":""},"categories":[582],"tags":[],"class_list":["post-16803","post","type-post","status-publish","format-standard","hentry","category-operational-excellence"],"acf":[],"yoast_head":"<!-- This site is optimized with the Yoast SEO plugin v27.5 - https:\/\/yoast.com\/product\/yoast-seo-wordpress\/ -->\n<title>aeesuisse Kongress 2022 st\u00f6sst auf grosses Interesse - Organisator<\/title>\n<meta name=\"description\" content=\"aeesuisse Kongress 2022: Diskussion \u00fcber Energiewende und Versorgungssicherheit. Bundesr\u00e4tin Sommaruga h\u00e4lt Keynote.\" \/>\n<meta name=\"robots\" content=\"index, follow, max-snippet:-1, max-image-preview:large, max-video-preview:-1\" \/>\n<link rel=\"canonical\" href=\"https:\/\/www.organisator.ch\/de\/operational-excellence\/2022-09-02\/aeesuisse-kongress-2022-stosst-auf-grosses-interesse\/\" \/>\n<meta property=\"og:locale\" content=\"de_DE\" \/>\n<meta property=\"og:type\" content=\"article\" \/>\n<meta property=\"og:title\" content=\"aeesuisse Kongress 2022 st\u00f6sst auf grosses Interesse - Organisator\" \/>\n<meta property=\"og:description\" content=\"aeesuisse Kongress 2022: Diskussion \u00fcber Energiewende und Versorgungssicherheit. Bundesr\u00e4tin Sommaruga h\u00e4lt Keynote.\" \/>\n<meta property=\"og:url\" content=\"https:\/\/www.organisator.ch\/de\/operational-excellence\/2022-09-02\/aeesuisse-kongress-2022-stosst-auf-grosses-interesse\/\" \/>\n<meta property=\"og:site_name\" content=\"Organisator\" \/>\n<meta property=\"article:publisher\" content=\"https:\/\/www.facebook.com\/OrganisatorFachmagazin\" \/>\n<meta property=\"article:published_time\" content=\"2022-09-02T11:40:10+00:00\" \/>\n<meta property=\"article:modified_time\" content=\"2024-11-22T06:32:22+00:00\" \/>\n<meta name=\"author\" content=\"galledia\" \/>\n<meta name=\"twitter:card\" content=\"summary_large_image\" \/>\n<meta name=\"twitter:creator\" content=\"@admin\" \/>\n<script type=\"application\/ld+json\" class=\"yoast-schema-graph\">{\"@context\":\"https:\\\/\\\/schema.org\",\"@graph\":[{\"@type\":\"Article\",\"@id\":\"https:\\\/\\\/www.organisator.ch\\\/operational-excellence\\\/2022-09-02\\\/aeesuisse-kongress-2022-stosst-auf-grosses-interesse\\\/#article\",\"isPartOf\":{\"@id\":\"https:\\\/\\\/www.organisator.ch\\\/operational-excellence\\\/2022-09-02\\\/aeesuisse-kongress-2022-stosst-auf-grosses-interesse\\\/\"},\"author\":{\"name\":\"galledia\",\"@id\":\"https:\\\/\\\/www.organisator.ch\\\/#\\\/schema\\\/person\\\/4e51799071cd2dd1232ac003643ef5f0\"},\"headline\":\"aeesuisse Kongress 2022 st\u00f6sst auf grosses Interesse\",\"datePublished\":\"2022-09-02T11:40:10+00:00\",\"dateModified\":\"2024-11-22T06:32:22+00:00\",\"mainEntityOfPage\":{\"@id\":\"https:\\\/\\\/www.organisator.ch\\\/operational-excellence\\\/2022-09-02\\\/aeesuisse-kongress-2022-stosst-auf-grosses-interesse\\\/\"},\"wordCount\":441,\"publisher\":{\"@id\":\"https:\\\/\\\/www.organisator.ch\\\/#organization\"},\"image\":{\"@id\":\"https:\\\/\\\/www.organisator.ch\\\/operational-excellence\\\/2022-09-02\\\/aeesuisse-kongress-2022-stosst-auf-grosses-interesse\\\/#primaryimage\"},\"thumbnailUrl\":\"https:\\\/\\\/www.m-q.ch\\\/wp-content\\\/uploads\\\/2022\\\/09\\\/aeesuisse-Kongress-2022-stoesst-auf-grosses-Interesse_MQ.jpg\",\"articleSection\":[\"OPERATIONAL EXCELLENCE\"],\"inLanguage\":\"de\"},{\"@type\":\"WebPage\",\"@id\":\"https:\\\/\\\/www.organisator.ch\\\/operational-excellence\\\/2022-09-02\\\/aeesuisse-kongress-2022-stosst-auf-grosses-interesse\\\/\",\"url\":\"https:\\\/\\\/www.organisator.ch\\\/operational-excellence\\\/2022-09-02\\\/aeesuisse-kongress-2022-stosst-auf-grosses-interesse\\\/\",\"name\":\"aeesuisse Kongress 2022 st\u00f6sst auf grosses Interesse - Organisator\",\"isPartOf\":{\"@id\":\"https:\\\/\\\/www.organisator.ch\\\/#website\"},\"primaryImageOfPage\":{\"@id\":\"https:\\\/\\\/www.organisator.ch\\\/operational-excellence\\\/2022-09-02\\\/aeesuisse-kongress-2022-stosst-auf-grosses-interesse\\\/#primaryimage\"},\"image\":{\"@id\":\"https:\\\/\\\/www.organisator.ch\\\/operational-excellence\\\/2022-09-02\\\/aeesuisse-kongress-2022-stosst-auf-grosses-interesse\\\/#primaryimage\"},\"thumbnailUrl\":\"https:\\\/\\\/www.m-q.ch\\\/wp-content\\\/uploads\\\/2022\\\/09\\\/aeesuisse-Kongress-2022-stoesst-auf-grosses-Interesse_MQ.jpg\",\"datePublished\":\"2022-09-02T11:40:10+00:00\",\"dateModified\":\"2024-11-22T06:32:22+00:00\",\"description\":\"aeesuisse Kongress 2022: Diskussion \u00fcber Energiewende und Versorgungssicherheit. Bundesr\u00e4tin Sommaruga h\u00e4lt Keynote.\",\"breadcrumb\":{\"@id\":\"https:\\\/\\\/www.organisator.ch\\\/operational-excellence\\\/2022-09-02\\\/aeesuisse-kongress-2022-stosst-auf-grosses-interesse\\\/#breadcrumb\"},\"inLanguage\":\"de\",\"potentialAction\":[{\"@type\":\"ReadAction\",\"target\":[\"https:\\\/\\\/www.organisator.ch\\\/operational-excellence\\\/2022-09-02\\\/aeesuisse-kongress-2022-stosst-auf-grosses-interesse\\\/\"]}]},{\"@type\":\"ImageObject\",\"inLanguage\":\"de\",\"@id\":\"https:\\\/\\\/www.organisator.ch\\\/operational-excellence\\\/2022-09-02\\\/aeesuisse-kongress-2022-stosst-auf-grosses-interesse\\\/#primaryimage\",\"url\":\"https:\\\/\\\/www.m-q.ch\\\/wp-content\\\/uploads\\\/2022\\\/09\\\/aeesuisse-Kongress-2022-stoesst-auf-grosses-Interesse_MQ.jpg\",\"contentUrl\":\"https:\\\/\\\/www.m-q.ch\\\/wp-content\\\/uploads\\\/2022\\\/09\\\/aeesuisse-Kongress-2022-stoesst-auf-grosses-Interesse_MQ.jpg\"},{\"@type\":\"BreadcrumbList\",\"@id\":\"https:\\\/\\\/www.organisator.ch\\\/operational-excellence\\\/2022-09-02\\\/aeesuisse-kongress-2022-stosst-auf-grosses-interesse\\\/#breadcrumb\",\"itemListElement\":[{\"@type\":\"ListItem\",\"position\":1,\"name\":\"Home\",\"item\":\"https:\\\/\\\/www.organisator.ch\\\/\"},{\"@type\":\"ListItem\",\"position\":2,\"name\":\"aeesuisse Kongress 2022 st\u00f6sst auf grosses Interesse\"}]},{\"@type\":\"WebSite\",\"@id\":\"https:\\\/\\\/www.organisator.ch\\\/#website\",\"url\":\"https:\\\/\\\/www.organisator.ch\\\/\",\"name\":\"Organisator\",\"description\":\"Kompetent. Praxisnah. Der ORGANISATOR bereitet in 10 Ausgaben pro Jahr die wesentlichen Themen f\u00fcr F\u00fchrungskr\u00e4fte von KMU auf.\",\"publisher\":{\"@id\":\"https:\\\/\\\/www.organisator.ch\\\/#organization\"},\"potentialAction\":[{\"@type\":\"SearchAction\",\"target\":{\"@type\":\"EntryPoint\",\"urlTemplate\":\"https:\\\/\\\/www.organisator.ch\\\/?s={search_term_string}\"},\"query-input\":{\"@type\":\"PropertyValueSpecification\",\"valueRequired\":true,\"valueName\":\"search_term_string\"}}],\"inLanguage\":\"de\"},{\"@type\":\"Organization\",\"@id\":\"https:\\\/\\\/www.organisator.ch\\\/#organization\",\"name\":\"Organisator\",\"url\":\"https:\\\/\\\/www.organisator.ch\\\/\",\"logo\":{\"@type\":\"ImageObject\",\"inLanguage\":\"de\",\"@id\":\"https:\\\/\\\/www.organisator.ch\\\/#\\\/schema\\\/logo\\\/image\\\/\",\"url\":\"https:\\\/\\\/www.organisator.ch\\\/wp-content\\\/uploads\\\/2022\\\/01\\\/Logo_Organisator_Website.png\",\"contentUrl\":\"https:\\\/\\\/www.organisator.ch\\\/wp-content\\\/uploads\\\/2022\\\/01\\\/Logo_Organisator_Website.png\",\"width\":800,\"height\":77,\"caption\":\"Organisator\"},\"image\":{\"@id\":\"https:\\\/\\\/www.organisator.ch\\\/#\\\/schema\\\/logo\\\/image\\\/\"},\"sameAs\":[\"https:\\\/\\\/www.facebook.com\\\/OrganisatorFachmagazin\",\"https:\\\/\\\/www.linkedin.com\\\/showcase\\\/organisator-das-magazin-fr-kmu\",\"https:\\\/\\\/www.xing.com\\\/news\\\/pages\\\/organisator-ch-695\",\"https:\\\/\\\/www.youtube.com\\\/channel\\\/UCGP2Sq0iWaZwT3BdIAQFYpw\"]},{\"@type\":\"Person\",\"@id\":\"https:\\\/\\\/www.organisator.ch\\\/#\\\/schema\\\/person\\\/4e51799071cd2dd1232ac003643ef5f0\",\"name\":\"galledia\",\"image\":{\"@type\":\"ImageObject\",\"inLanguage\":\"de\",\"@id\":\"https:\\\/\\\/secure.gravatar.com\\\/avatar\\\/78a7f90c01fc2bfc875782a0d4922b37cde2cf184ce347b91316d23cd7f69a36?s=96&d=mm&r=g\",\"url\":\"https:\\\/\\\/secure.gravatar.com\\\/avatar\\\/78a7f90c01fc2bfc875782a0d4922b37cde2cf184ce347b91316d23cd7f69a36?s=96&d=mm&r=g\",\"contentUrl\":\"https:\\\/\\\/secure.gravatar.com\\\/avatar\\\/78a7f90c01fc2bfc875782a0d4922b37cde2cf184ce347b91316d23cd7f69a36?s=96&d=mm&r=g\",\"caption\":\"galledia\"},\"sameAs\":[\"https:\\\/\\\/x.com\\\/admin\"],\"url\":\"https:\\\/\\\/www.organisator.ch\\\/de\\\/author\\\/galledia\\\/\"}]}<\/script>\n<!-- \/ Yoast SEO plugin. -->","yoast_head_json":{"title":"aeesuisse Kongress 2022 st\u00f6sst auf grosses Interesse - Organisator","description":"aeesuisse Kongress 2022: Diskussion \u00fcber Energiewende und Versorgungssicherheit. Bundesr\u00e4tin Sommaruga h\u00e4lt Keynote.","robots":{"index":"index","follow":"follow","max-snippet":"max-snippet:-1","max-image-preview":"max-image-preview:large","max-video-preview":"max-video-preview:-1"},"canonical":"https:\/\/www.organisator.ch\/de\/operational-excellence\/2022-09-02\/aeesuisse-kongress-2022-stosst-auf-grosses-interesse\/","og_locale":"de_DE","og_type":"article","og_title":"aeesuisse Kongress 2022 st\u00f6sst auf grosses Interesse - Organisator","og_description":"aeesuisse Kongress 2022: Diskussion \u00fcber Energiewende und Versorgungssicherheit. Bundesr\u00e4tin Sommaruga h\u00e4lt Keynote.","og_url":"https:\/\/www.organisator.ch\/de\/operational-excellence\/2022-09-02\/aeesuisse-kongress-2022-stosst-auf-grosses-interesse\/","og_site_name":"Organisator","article_publisher":"https:\/\/www.facebook.com\/OrganisatorFachmagazin","article_published_time":"2022-09-02T11:40:10+00:00","article_modified_time":"2024-11-22T06:32:22+00:00","author":"galledia","twitter_card":"summary_large_image","twitter_creator":"@admin","schema":{"@context":"https:\/\/schema.org","@graph":[{"@type":"Article","@id":"https:\/\/www.organisator.ch\/operational-excellence\/2022-09-02\/aeesuisse-kongress-2022-stosst-auf-grosses-interesse\/#article","isPartOf":{"@id":"https:\/\/www.organisator.ch\/operational-excellence\/2022-09-02\/aeesuisse-kongress-2022-stosst-auf-grosses-interesse\/"},"author":{"name":"galledia","@id":"https:\/\/www.organisator.ch\/#\/schema\/person\/4e51799071cd2dd1232ac003643ef5f0"},"headline":"aeesuisse Kongress 2022 st\u00f6sst auf grosses Interesse","datePublished":"2022-09-02T11:40:10+00:00","dateModified":"2024-11-22T06:32:22+00:00","mainEntityOfPage":{"@id":"https:\/\/www.organisator.ch\/operational-excellence\/2022-09-02\/aeesuisse-kongress-2022-stosst-auf-grosses-interesse\/"},"wordCount":441,"publisher":{"@id":"https:\/\/www.organisator.ch\/#organization"},"image":{"@id":"https:\/\/www.organisator.ch\/operational-excellence\/2022-09-02\/aeesuisse-kongress-2022-stosst-auf-grosses-interesse\/#primaryimage"},"thumbnailUrl":"https:\/\/www.m-q.ch\/wp-content\/uploads\/2022\/09\/aeesuisse-Kongress-2022-stoesst-auf-grosses-Interesse_MQ.jpg","articleSection":["OPERATIONAL EXCELLENCE"],"inLanguage":"de"},{"@type":"WebPage","@id":"https:\/\/www.organisator.ch\/operational-excellence\/2022-09-02\/aeesuisse-kongress-2022-stosst-auf-grosses-interesse\/","url":"https:\/\/www.organisator.ch\/operational-excellence\/2022-09-02\/aeesuisse-kongress-2022-stosst-auf-grosses-interesse\/","name":"aeesuisse Kongress 2022 st\u00f6sst auf grosses Interesse - Organisator","isPartOf":{"@id":"https:\/\/www.organisator.ch\/#website"},"primaryImageOfPage":{"@id":"https:\/\/www.organisator.ch\/operational-excellence\/2022-09-02\/aeesuisse-kongress-2022-stosst-auf-grosses-interesse\/#primaryimage"},"image":{"@id":"https:\/\/www.organisator.ch\/operational-excellence\/2022-09-02\/aeesuisse-kongress-2022-stosst-auf-grosses-interesse\/#primaryimage"},"thumbnailUrl":"https:\/\/www.m-q.ch\/wp-content\/uploads\/2022\/09\/aeesuisse-Kongress-2022-stoesst-auf-grosses-Interesse_MQ.jpg","datePublished":"2022-09-02T11:40:10+00:00","dateModified":"2024-11-22T06:32:22+00:00","description":"aeesuisse Kongress 2022: Diskussion \u00fcber Energiewende und Versorgungssicherheit. Bundesr\u00e4tin Sommaruga h\u00e4lt Keynote.","breadcrumb":{"@id":"https:\/\/www.organisator.ch\/operational-excellence\/2022-09-02\/aeesuisse-kongress-2022-stosst-auf-grosses-interesse\/#breadcrumb"},"inLanguage":"de","potentialAction":[{"@type":"ReadAction","target":["https:\/\/www.organisator.ch\/operational-excellence\/2022-09-02\/aeesuisse-kongress-2022-stosst-auf-grosses-interesse\/"]}]},{"@type":"ImageObject","inLanguage":"de","@id":"https:\/\/www.organisator.ch\/operational-excellence\/2022-09-02\/aeesuisse-kongress-2022-stosst-auf-grosses-interesse\/#primaryimage","url":"https:\/\/www.m-q.ch\/wp-content\/uploads\/2022\/09\/aeesuisse-Kongress-2022-stoesst-auf-grosses-Interesse_MQ.jpg","contentUrl":"https:\/\/www.m-q.ch\/wp-content\/uploads\/2022\/09\/aeesuisse-Kongress-2022-stoesst-auf-grosses-Interesse_MQ.jpg"},{"@type":"BreadcrumbList","@id":"https:\/\/www.organisator.ch\/operational-excellence\/2022-09-02\/aeesuisse-kongress-2022-stosst-auf-grosses-interesse\/#breadcrumb","itemListElement":[{"@type":"ListItem","position":1,"name":"Home","item":"https:\/\/www.organisator.ch\/"},{"@type":"ListItem","position":2,"name":"aeesuisse Kongress 2022 st\u00f6sst auf grosses Interesse"}]},{"@type":"WebSite","@id":"https:\/\/www.organisator.ch\/#website","url":"https:\/\/www.organisator.ch\/","name":"Organisator","description":"Kompetent. Praxisnah. Der ORGANISATOR bereitet in 10 Ausgaben pro Jahr die wesentlichen Themen f\u00fcr F\u00fchrungskr\u00e4fte von KMU auf.","publisher":{"@id":"https:\/\/www.organisator.ch\/#organization"},"potentialAction":[{"@type":"SearchAction","target":{"@type":"EntryPoint","urlTemplate":"https:\/\/www.organisator.ch\/?s={search_term_string}"},"query-input":{"@type":"PropertyValueSpecification","valueRequired":true,"valueName":"search_term_string"}}],"inLanguage":"de"},{"@type":"Organization","@id":"https:\/\/www.organisator.ch\/#organization","name":"Organisator","url":"https:\/\/www.organisator.ch\/","logo":{"@type":"ImageObject","inLanguage":"de","@id":"https:\/\/www.organisator.ch\/#\/schema\/logo\/image\/","url":"https:\/\/www.organisator.ch\/wp-content\/uploads\/2022\/01\/Logo_Organisator_Website.png","contentUrl":"https:\/\/www.organisator.ch\/wp-content\/uploads\/2022\/01\/Logo_Organisator_Website.png","width":800,"height":77,"caption":"Organisator"},"image":{"@id":"https:\/\/www.organisator.ch\/#\/schema\/logo\/image\/"},"sameAs":["https:\/\/www.facebook.com\/OrganisatorFachmagazin","https:\/\/www.linkedin.com\/showcase\/organisator-das-magazin-fr-kmu","https:\/\/www.xing.com\/news\/pages\/organisator-ch-695","https:\/\/www.youtube.com\/channel\/UCGP2Sq0iWaZwT3BdIAQFYpw"]},{"@type":"Person","@id":"https:\/\/www.organisator.ch\/#\/schema\/person\/4e51799071cd2dd1232ac003643ef5f0","name":"galledia","image":{"@type":"ImageObject","inLanguage":"de","@id":"https:\/\/secure.gravatar.com\/avatar\/78a7f90c01fc2bfc875782a0d4922b37cde2cf184ce347b91316d23cd7f69a36?s=96&d=mm&r=g","url":"https:\/\/secure.gravatar.com\/avatar\/78a7f90c01fc2bfc875782a0d4922b37cde2cf184ce347b91316d23cd7f69a36?s=96&d=mm&r=g","contentUrl":"https:\/\/secure.gravatar.com\/avatar\/78a7f90c01fc2bfc875782a0d4922b37cde2cf184ce347b91316d23cd7f69a36?s=96&d=mm&r=g","caption":"galledia"},"sameAs":["https:\/\/x.com\/admin"],"url":"https:\/\/www.organisator.ch\/de\/author\/galledia\/"}]}},"_links":{"self":[{"href":"https:\/\/www.organisator.ch\/de\/wp-json\/wp\/v2\/posts\/16803","targetHints":{"allow":["GET"]}}],"collection":[{"href":"https:\/\/www.organisator.ch\/de\/wp-json\/wp\/v2\/posts"}],"about":[{"href":"https:\/\/www.organisator.ch\/de\/wp-json\/wp\/v2\/types\/post"}],"author":[{"embeddable":true,"href":"https:\/\/www.organisator.ch\/de\/wp-json\/wp\/v2\/users\/8"}],"replies":[{"embeddable":true,"href":"https:\/\/www.organisator.ch\/de\/wp-json\/wp\/v2\/comments?post=16803"}],"version-history":[{"count":4,"href":"https:\/\/www.organisator.ch\/de\/wp-json\/wp\/v2\/posts\/16803\/revisions"}],"predecessor-version":[{"id":33835,"href":"https:\/\/www.organisator.ch\/de\/wp-json\/wp\/v2\/posts\/16803\/revisions\/33835"}],"wp:attachment":[{"href":"https:\/\/www.organisator.ch\/de\/wp-json\/wp\/v2\/media?parent=16803"}],"wp:term":[{"taxonomy":"category","embeddable":true,"href":"https:\/\/www.organisator.ch\/de\/wp-json\/wp\/v2\/categories?post=16803"},{"taxonomy":"post_tag","embeddable":true,"href":"https:\/\/www.organisator.ch\/de\/wp-json\/wp\/v2\/tags?post=16803"}],"curies":[{"name":"wp","href":"https:\/\/api.w.org\/{rel}","templated":true}]}}