{"id":16823,"date":"2022-09-06T09:07:30","date_gmt":"2022-09-06T07:07:30","guid":{"rendered":"https:\/\/www.organisator.ch\/?p=16823"},"modified":"2022-09-06T09:07:30","modified_gmt":"2022-09-06T07:07:30","slug":"neue-kampagne-will-freude-am-job-vermitteln","status":"publish","type":"post","link":"https:\/\/www.organisator.ch\/de\/human-resources\/2022-09-06\/neue-kampagne-will-freude-am-job-vermitteln\/","title":{"rendered":"Neue Kampagne will Freude am Job vermitteln"},"content":{"rendered":"<figure id=\"attachment_16825\" aria-describedby=\"caption-attachment-16825\" style=\"width: 680px\" class=\"wp-caption alignnone\"><img loading=\"lazy\" decoding=\"async\" class=\"size-full wp-image-16825\" src=\"https:\/\/www.organisator.ch\/wp-content\/uploads\/2022\/09\/Neue-Kampagne-will-Freude-am-Job-vermitteln_Organisator.jpg\" alt=\"\" width=\"680\" height=\"329\" srcset=\"https:\/\/www.organisator.ch\/wp-content\/uploads\/2022\/09\/Neue-Kampagne-will-Freude-am-Job-vermitteln_Organisator.jpg 680w, https:\/\/www.organisator.ch\/wp-content\/uploads\/2022\/09\/Neue-Kampagne-will-Freude-am-Job-vermitteln_Organisator-18x9.jpg 18w, https:\/\/www.organisator.ch\/wp-content\/uploads\/2022\/09\/Neue-Kampagne-will-Freude-am-Job-vermitteln_Organisator-362x175.jpg 362w, https:\/\/www.organisator.ch\/wp-content\/uploads\/2022\/09\/Neue-Kampagne-will-Freude-am-Job-vermitteln_Organisator-300x145.jpg 300w\" sizes=\"auto, (max-width: 680px) 100vw, 680px\" \/><figcaption id=\"caption-attachment-16825\" class=\"wp-caption-text\">Die neue Kampagne von jobs.ch &#8222;H\u00f6r auf zu arbeiten. Love what you do.&#8220; (Bild: jobs.ch)<\/figcaption><\/figure>\n<p>Gem\u00e4ss einer Befragung, die LINK im Auftrag von JobCloud (<a href=\"https:\/\/www.jobs.ch\" target=\"_blank\" rel=\"noopener\">jobs.ch<\/a> \/ <a href=\"https:\/\/www.jobup.ch\" target=\"_blank\" rel=\"noopener\">jobup.ch<\/a>) durchgef\u00fchrt hat, lieben aktuell 40% der Mitarbeitenden ihren Job. Zudem f\u00fchlt sich jede zweite Arbeitskraft in der Schweiz am Arbeitsplatz nicht richtig wertgesch\u00e4tzt, w\u00e4hrend jede vierte Person ernsthaft dar\u00fcber nachdenkt, das Unternehmen zu wechseln. Zudem ist f\u00fcr rund zwei Drittel der Schweizer Arbeitnehmenden das Gehalt ein wichtiger Wert beim Job. Im Rahmen dieser Studie wurden 1034 Berufst\u00e4tige im Alter von 16 bis 60 Jahren in der deutsch- und franz\u00f6sischsprachigen Schweiz befragt.<\/p>\n<h3>Neue Kampagne f\u00fcr mehr Liebe zum Job<\/h3>\n<p>Arbeitnehmern zu helfen, in ihrer Arbeit gl\u00fccklich zu sein und ihnen zu erm\u00f6glichen, ihren Traumjob zu finden, sind die Ziele der neuen Kampagne von jobs.ch und jobup.ch: &#8222;H\u00f6r auf zu arbeiten. Love what you do&#8220;, welche am 5. September lanciert wurde. Die neue Kampagne der beiden Jobportale von JobCloud will aber nicht in erster Linie dazu aufrufen, dass Menschen ihren aktuellen Job k\u00fcndigen sollen. Vielmehr sollen sie aufgefordert werden, ihren Joballtag zu hinterfragen und alles daf\u00fcr zu tun, Freude am Job zu haben. JobCloud verf\u00fcgt \u00fcber Rekrutierungstools, die dabei helfen sollen, einen Job oder ein Unternehmen zu finden, das zu einer h\u00f6heren Zufriedenheit f\u00fchrt. Die M\u00f6glichkeit, sich benachrichtigen zu lassen, wenn die ideale Stelle frei wird, oder zu sehen, ob das Gehalt angemessen ist, wird bei der Suche nach dem Traumjob helfen.<\/p>\n<p>Ein weiteres Ziel der Kampagne ist es, die Schweiz zu einem Ort zu machen, an dem m\u00f6glichst viele Menschen einen Job haben, den sie lieben. Dies ist sowohl f\u00fcr Arbeitnehmende als auch f\u00fcr Arbeitgeber wichtig. Menschen, die ihren Job lieben, zeigen mehr Engagement, sind kreativer und weniger stressanf\u00e4llig. Dies reduziert ausserdem die Fluktuation der Mitarbeitenden. Es sollte also im Interesse aller Firmen sein, mehr denn je daf\u00fcr zu sorgen, dass ihr Personal ihren Beruf liebt.<\/p>\n<h3>Sinnhaftigkeit von Arbeit vermitteln<\/h3>\n<p>\u00abWir wissen, dass die Sinnhaftigkeit im Job zu gr\u00f6sserer Zufriedenheit in allen Bereichen des Lebens f\u00fchren kann. Deswegen schlagen wir Unternehmen vor, mehr auf die Bed\u00fcrfnisse ihrer Arbeitnehmenden einzugehen \u2013 indem sie sie beispielsweise bei der Definierung der Ziele involvieren, ihnen Vertrauen schenken und Flexibilit\u00e4t erm\u00f6glichen. Mitarbeitende gewinnen dadurch mehr Kontrolle \u00fcber ihre eigene Work-Life-Balance. Und das zahlt sich aus: Denn das Unternehmen bekommt dadurch nicht nur produktivere, engagiertere und zufriedenere Mitarbeitende, sondern wird auch eher Top-Talente anziehen k\u00f6nnen\u00bb, erkl\u00e4rt Davide Villa, CEO von JobCloud.<\/p>\n<p>In der Umfrage zeigt sich deutlich, dass Mitarbeitende, die ihren Job lieben, im Allgemeinen zufriedener sind \u2013 sei es mit der Arbeitst\u00e4tigkeit, dem Unternehmen oder dem Gehalt. Sie gehen in der Regel lieber zur Arbeit, sehen eher den Sinn ihrer Arbeit und der gr\u00f6sste Teil von ihnen gibt an, dass sich die Arbeit auch auf das sonstige Leben bereichernd auswirkt.\u00a0\u00abBei JobCloud glauben wir fest daran: Wenn du einen Job findest, den du liebst, wirst du nicht mehr das Gef\u00fchl haben, arbeiten zu m\u00fcssen\u00bb, schliesst Villa.<\/p>\n<p><a href=\"https:\/\/lovewhatyoudo.jobs.ch\/de\/\"><em>Hier geht es zur Kampagne<\/em><\/a><\/p>\n","protected":false},"excerpt":{"rendered":"<p>Gem\u00e4ss einer Befragung, die LINK im Auftrag von JobCloud (jobs.ch \/ jobup.ch) durchgef\u00fchrt hat, lieben aktuell 40% der Mitarbeitenden ihren Job. Zudem f\u00fchlt sich jede zweite Arbeitskraft in der Schweiz am Arbeitsplatz nicht richtig wertgesch\u00e4tzt, w\u00e4hrend jede vierte Person ernsthaft dar\u00fcber nachdenkt, das Unternehmen zu wechseln. Zudem ist f\u00fcr rund zwei Drittel der Schweizer Arbeitnehmenden [&hellip;]<\/p>\n","protected":false},"author":4,"featured_media":16825,"comment_status":"closed","ping_status":"closed","sticky":false,"template":"","format":"standard","meta":{"_acf_changed":false,"_yoast_wpseo_focuskw":"Neue Kampagne","_yoast_wpseo_metadesc":"Die Liebe zum Job bleibt oft auf der Strecke. Eine neue Kampagne von JobCloud macht auf dieses Defizit aufmerksam.","articlekey":"","footnotes":""},"categories":[579],"tags":[254,293,407],"class_list":["post-16823","post","type-post","status-publish","format-standard","has-post-thumbnail","hentry","category-human-resources","tag-hrm","tag-kampagne","tag-recruiting"],"acf":[],"yoast_head":"<!-- This site is optimized with the Yoast SEO plugin v27.4 - https:\/\/yoast.com\/product\/yoast-seo-wordpress\/ -->\n<title>Neue Kampagne will Freude am Job vermitteln - Organisator<\/title>\n<meta name=\"description\" content=\"Die Liebe zum Job bleibt oft auf der Strecke. Eine neue Kampagne von JobCloud macht auf dieses Defizit aufmerksam.\" \/>\n<meta name=\"robots\" content=\"index, follow, max-snippet:-1, max-image-preview:large, max-video-preview:-1\" \/>\n<link rel=\"canonical\" href=\"https:\/\/www.organisator.ch\/de\/human-resources\/2022-09-06\/neue-kampagne-will-freude-am-job-vermitteln\/\" \/>\n<meta property=\"og:locale\" content=\"de_DE\" \/>\n<meta property=\"og:type\" content=\"article\" \/>\n<meta property=\"og:title\" content=\"Neue Kampagne will Freude am Job vermitteln\" \/>\n<meta property=\"og:description\" content=\"Die Liebe zum Job bleibt oft auf der Strecke. Eine neue Kampagne von JobCloud macht auf dieses Defizit aufmerksam.\" \/>\n<meta property=\"og:url\" content=\"https:\/\/www.organisator.ch\/de\/human-resources\/2022-09-06\/neue-kampagne-will-freude-am-job-vermitteln\/\" \/>\n<meta property=\"og:site_name\" content=\"Organisator\" \/>\n<meta property=\"article:publisher\" content=\"https:\/\/www.facebook.com\/OrganisatorFachmagazin\" \/>\n<meta property=\"article:published_time\" content=\"2022-09-06T07:07:30+00:00\" \/>\n<meta property=\"og:image\" content=\"https:\/\/www.organisator.ch\/wp-content\/uploads\/2022\/09\/Neue-Kampagne-will-Freude-am-Job-vermitteln_Organisator.jpg\" \/>\n\t<meta property=\"og:image:width\" content=\"680\" \/>\n\t<meta property=\"og:image:height\" content=\"329\" \/>\n\t<meta property=\"og:image:type\" content=\"image\/jpeg\" \/>\n<meta name=\"author\" content=\"thomas.berner\" \/>\n<meta name=\"twitter:card\" content=\"summary_large_image\" \/>\n<meta name=\"twitter:title\" content=\"Neue #Kampagne will Freude am #Job vermitteln\" \/>\n<meta name=\"twitter:description\" content=\"Die Liebe zum #Job bleibt oft auf der Strecke. Eine neue #Kampagne von #JobCloud macht auf dieses #Defizit aufmerksam.\" \/>\n<meta name=\"twitter:image\" content=\"https:\/\/www.organisator.ch\/wp-content\/uploads\/2022\/09\/Neue-Kampagne-will-Freude-am-Job-vermitteln_Organisator.jpg\" \/>\n<script type=\"application\/ld+json\" class=\"yoast-schema-graph\">{\"@context\":\"https:\\\/\\\/schema.org\",\"@graph\":[{\"@type\":\"Article\",\"@id\":\"https:\\\/\\\/www.organisator.ch\\\/human-resources\\\/2022-09-06\\\/neue-kampagne-will-freude-am-job-vermitteln\\\/#article\",\"isPartOf\":{\"@id\":\"https:\\\/\\\/www.organisator.ch\\\/human-resources\\\/2022-09-06\\\/neue-kampagne-will-freude-am-job-vermitteln\\\/\"},\"author\":{\"name\":\"thomas.berner\",\"@id\":\"https:\\\/\\\/www.organisator.ch\\\/#\\\/schema\\\/person\\\/6f650f90b2842cd4c0cc334b4e36f67e\"},\"headline\":\"Neue Kampagne will Freude am Job vermitteln\",\"datePublished\":\"2022-09-06T07:07:30+00:00\",\"mainEntityOfPage\":{\"@id\":\"https:\\\/\\\/www.organisator.ch\\\/human-resources\\\/2022-09-06\\\/neue-kampagne-will-freude-am-job-vermitteln\\\/\"},\"wordCount\":540,\"publisher\":{\"@id\":\"https:\\\/\\\/www.organisator.ch\\\/#organization\"},\"image\":{\"@id\":\"https:\\\/\\\/www.organisator.ch\\\/human-resources\\\/2022-09-06\\\/neue-kampagne-will-freude-am-job-vermitteln\\\/#primaryimage\"},\"thumbnailUrl\":\"https:\\\/\\\/www.organisator.ch\\\/wp-content\\\/uploads\\\/2022\\\/09\\\/Neue-Kampagne-will-Freude-am-Job-vermitteln_Organisator.jpg\",\"keywords\":[\"HRM\",\"Kampagne\",\"Recruiting\"],\"articleSection\":[\"HUMAN RESOURCES\"],\"inLanguage\":\"de\"},{\"@type\":\"WebPage\",\"@id\":\"https:\\\/\\\/www.organisator.ch\\\/human-resources\\\/2022-09-06\\\/neue-kampagne-will-freude-am-job-vermitteln\\\/\",\"url\":\"https:\\\/\\\/www.organisator.ch\\\/human-resources\\\/2022-09-06\\\/neue-kampagne-will-freude-am-job-vermitteln\\\/\",\"name\":\"Neue Kampagne will Freude am Job vermitteln - Organisator\",\"isPartOf\":{\"@id\":\"https:\\\/\\\/www.organisator.ch\\\/#website\"},\"primaryImageOfPage\":{\"@id\":\"https:\\\/\\\/www.organisator.ch\\\/human-resources\\\/2022-09-06\\\/neue-kampagne-will-freude-am-job-vermitteln\\\/#primaryimage\"},\"image\":{\"@id\":\"https:\\\/\\\/www.organisator.ch\\\/human-resources\\\/2022-09-06\\\/neue-kampagne-will-freude-am-job-vermitteln\\\/#primaryimage\"},\"thumbnailUrl\":\"https:\\\/\\\/www.organisator.ch\\\/wp-content\\\/uploads\\\/2022\\\/09\\\/Neue-Kampagne-will-Freude-am-Job-vermitteln_Organisator.jpg\",\"datePublished\":\"2022-09-06T07:07:30+00:00\",\"description\":\"Die Liebe zum Job bleibt oft auf der Strecke. Eine neue Kampagne von JobCloud macht auf dieses Defizit aufmerksam.\",\"breadcrumb\":{\"@id\":\"https:\\\/\\\/www.organisator.ch\\\/human-resources\\\/2022-09-06\\\/neue-kampagne-will-freude-am-job-vermitteln\\\/#breadcrumb\"},\"inLanguage\":\"de\",\"potentialAction\":[{\"@type\":\"ReadAction\",\"target\":[\"https:\\\/\\\/www.organisator.ch\\\/human-resources\\\/2022-09-06\\\/neue-kampagne-will-freude-am-job-vermitteln\\\/\"]}]},{\"@type\":\"ImageObject\",\"inLanguage\":\"de\",\"@id\":\"https:\\\/\\\/www.organisator.ch\\\/human-resources\\\/2022-09-06\\\/neue-kampagne-will-freude-am-job-vermitteln\\\/#primaryimage\",\"url\":\"https:\\\/\\\/www.organisator.ch\\\/wp-content\\\/uploads\\\/2022\\\/09\\\/Neue-Kampagne-will-Freude-am-Job-vermitteln_Organisator.jpg\",\"contentUrl\":\"https:\\\/\\\/www.organisator.ch\\\/wp-content\\\/uploads\\\/2022\\\/09\\\/Neue-Kampagne-will-Freude-am-Job-vermitteln_Organisator.jpg\",\"width\":680,\"height\":329,\"caption\":\"Die neue Kampagne von jobs.ch-Kampagne \\\"H\u00f6r auf zu arbeiten. Love what you do.\\\" (Bild: jobs.ch)\"},{\"@type\":\"BreadcrumbList\",\"@id\":\"https:\\\/\\\/www.organisator.ch\\\/human-resources\\\/2022-09-06\\\/neue-kampagne-will-freude-am-job-vermitteln\\\/#breadcrumb\",\"itemListElement\":[{\"@type\":\"ListItem\",\"position\":1,\"name\":\"Home\",\"item\":\"https:\\\/\\\/www.organisator.ch\\\/\"},{\"@type\":\"ListItem\",\"position\":2,\"name\":\"Neue Kampagne will Freude am Job vermitteln\"}]},{\"@type\":\"WebSite\",\"@id\":\"https:\\\/\\\/www.organisator.ch\\\/#website\",\"url\":\"https:\\\/\\\/www.organisator.ch\\\/\",\"name\":\"Organisator\",\"description\":\"Kompetent. Praxisnah. Der ORGANISATOR bereitet in 10 Ausgaben pro Jahr die wesentlichen Themen f\u00fcr F\u00fchrungskr\u00e4fte von KMU auf.\",\"publisher\":{\"@id\":\"https:\\\/\\\/www.organisator.ch\\\/#organization\"},\"potentialAction\":[{\"@type\":\"SearchAction\",\"target\":{\"@type\":\"EntryPoint\",\"urlTemplate\":\"https:\\\/\\\/www.organisator.ch\\\/?s={search_term_string}\"},\"query-input\":{\"@type\":\"PropertyValueSpecification\",\"valueRequired\":true,\"valueName\":\"search_term_string\"}}],\"inLanguage\":\"de\"},{\"@type\":\"Organization\",\"@id\":\"https:\\\/\\\/www.organisator.ch\\\/#organization\",\"name\":\"Organisator\",\"url\":\"https:\\\/\\\/www.organisator.ch\\\/\",\"logo\":{\"@type\":\"ImageObject\",\"inLanguage\":\"de\",\"@id\":\"https:\\\/\\\/www.organisator.ch\\\/#\\\/schema\\\/logo\\\/image\\\/\",\"url\":\"https:\\\/\\\/www.organisator.ch\\\/wp-content\\\/uploads\\\/2022\\\/01\\\/Logo_Organisator_Website.png\",\"contentUrl\":\"https:\\\/\\\/www.organisator.ch\\\/wp-content\\\/uploads\\\/2022\\\/01\\\/Logo_Organisator_Website.png\",\"width\":800,\"height\":77,\"caption\":\"Organisator\"},\"image\":{\"@id\":\"https:\\\/\\\/www.organisator.ch\\\/#\\\/schema\\\/logo\\\/image\\\/\"},\"sameAs\":[\"https:\\\/\\\/www.facebook.com\\\/OrganisatorFachmagazin\",\"https:\\\/\\\/www.linkedin.com\\\/showcase\\\/organisator-das-magazin-fr-kmu\",\"https:\\\/\\\/www.xing.com\\\/news\\\/pages\\\/organisator-ch-695\",\"https:\\\/\\\/www.youtube.com\\\/channel\\\/UCGP2Sq0iWaZwT3BdIAQFYpw\"]},{\"@type\":\"Person\",\"@id\":\"https:\\\/\\\/www.organisator.ch\\\/#\\\/schema\\\/person\\\/6f650f90b2842cd4c0cc334b4e36f67e\",\"name\":\"thomas.berner\",\"image\":{\"@type\":\"ImageObject\",\"inLanguage\":\"de\",\"@id\":\"https:\\\/\\\/secure.gravatar.com\\\/avatar\\\/ac5001d2a36cb6c6cd3e50789007ffca834b477b74a2144564522e944eabff61?s=96&d=mm&r=g\",\"url\":\"https:\\\/\\\/secure.gravatar.com\\\/avatar\\\/ac5001d2a36cb6c6cd3e50789007ffca834b477b74a2144564522e944eabff61?s=96&d=mm&r=g\",\"contentUrl\":\"https:\\\/\\\/secure.gravatar.com\\\/avatar\\\/ac5001d2a36cb6c6cd3e50789007ffca834b477b74a2144564522e944eabff61?s=96&d=mm&r=g\",\"caption\":\"thomas.berner\"},\"url\":\"https:\\\/\\\/www.organisator.ch\\\/de\\\/author\\\/thomas-berner\\\/\"}]}<\/script>\n<!-- \/ Yoast SEO plugin. -->","yoast_head_json":{"title":"Neue Kampagne will Freude am Job vermitteln - Organisator","description":"Die Liebe zum Job bleibt oft auf der Strecke. Eine neue Kampagne von JobCloud macht auf dieses Defizit aufmerksam.","robots":{"index":"index","follow":"follow","max-snippet":"max-snippet:-1","max-image-preview":"max-image-preview:large","max-video-preview":"max-video-preview:-1"},"canonical":"https:\/\/www.organisator.ch\/de\/human-resources\/2022-09-06\/neue-kampagne-will-freude-am-job-vermitteln\/","og_locale":"de_DE","og_type":"article","og_title":"Neue Kampagne will Freude am Job vermitteln","og_description":"Die Liebe zum Job bleibt oft auf der Strecke. Eine neue Kampagne von JobCloud macht auf dieses Defizit aufmerksam.","og_url":"https:\/\/www.organisator.ch\/de\/human-resources\/2022-09-06\/neue-kampagne-will-freude-am-job-vermitteln\/","og_site_name":"Organisator","article_publisher":"https:\/\/www.facebook.com\/OrganisatorFachmagazin","article_published_time":"2022-09-06T07:07:30+00:00","og_image":[{"width":680,"height":329,"url":"https:\/\/www.organisator.ch\/wp-content\/uploads\/2022\/09\/Neue-Kampagne-will-Freude-am-Job-vermitteln_Organisator.jpg","type":"image\/jpeg"}],"author":"thomas.berner","twitter_card":"summary_large_image","twitter_title":"Neue #Kampagne will Freude am #Job vermitteln","twitter_description":"Die Liebe zum #Job bleibt oft auf der Strecke. Eine neue #Kampagne von #JobCloud macht auf dieses #Defizit aufmerksam.","twitter_image":"https:\/\/www.organisator.ch\/wp-content\/uploads\/2022\/09\/Neue-Kampagne-will-Freude-am-Job-vermitteln_Organisator.jpg","schema":{"@context":"https:\/\/schema.org","@graph":[{"@type":"Article","@id":"https:\/\/www.organisator.ch\/human-resources\/2022-09-06\/neue-kampagne-will-freude-am-job-vermitteln\/#article","isPartOf":{"@id":"https:\/\/www.organisator.ch\/human-resources\/2022-09-06\/neue-kampagne-will-freude-am-job-vermitteln\/"},"author":{"name":"thomas.berner","@id":"https:\/\/www.organisator.ch\/#\/schema\/person\/6f650f90b2842cd4c0cc334b4e36f67e"},"headline":"Neue Kampagne will Freude am Job vermitteln","datePublished":"2022-09-06T07:07:30+00:00","mainEntityOfPage":{"@id":"https:\/\/www.organisator.ch\/human-resources\/2022-09-06\/neue-kampagne-will-freude-am-job-vermitteln\/"},"wordCount":540,"publisher":{"@id":"https:\/\/www.organisator.ch\/#organization"},"image":{"@id":"https:\/\/www.organisator.ch\/human-resources\/2022-09-06\/neue-kampagne-will-freude-am-job-vermitteln\/#primaryimage"},"thumbnailUrl":"https:\/\/www.organisator.ch\/wp-content\/uploads\/2022\/09\/Neue-Kampagne-will-Freude-am-Job-vermitteln_Organisator.jpg","keywords":["HRM","Kampagne","Recruiting"],"articleSection":["HUMAN RESOURCES"],"inLanguage":"de"},{"@type":"WebPage","@id":"https:\/\/www.organisator.ch\/human-resources\/2022-09-06\/neue-kampagne-will-freude-am-job-vermitteln\/","url":"https:\/\/www.organisator.ch\/human-resources\/2022-09-06\/neue-kampagne-will-freude-am-job-vermitteln\/","name":"Neue Kampagne will Freude am Job vermitteln - Organisator","isPartOf":{"@id":"https:\/\/www.organisator.ch\/#website"},"primaryImageOfPage":{"@id":"https:\/\/www.organisator.ch\/human-resources\/2022-09-06\/neue-kampagne-will-freude-am-job-vermitteln\/#primaryimage"},"image":{"@id":"https:\/\/www.organisator.ch\/human-resources\/2022-09-06\/neue-kampagne-will-freude-am-job-vermitteln\/#primaryimage"},"thumbnailUrl":"https:\/\/www.organisator.ch\/wp-content\/uploads\/2022\/09\/Neue-Kampagne-will-Freude-am-Job-vermitteln_Organisator.jpg","datePublished":"2022-09-06T07:07:30+00:00","description":"Die Liebe zum Job bleibt oft auf der Strecke. Eine neue Kampagne von JobCloud macht auf dieses Defizit aufmerksam.","breadcrumb":{"@id":"https:\/\/www.organisator.ch\/human-resources\/2022-09-06\/neue-kampagne-will-freude-am-job-vermitteln\/#breadcrumb"},"inLanguage":"de","potentialAction":[{"@type":"ReadAction","target":["https:\/\/www.organisator.ch\/human-resources\/2022-09-06\/neue-kampagne-will-freude-am-job-vermitteln\/"]}]},{"@type":"ImageObject","inLanguage":"de","@id":"https:\/\/www.organisator.ch\/human-resources\/2022-09-06\/neue-kampagne-will-freude-am-job-vermitteln\/#primaryimage","url":"https:\/\/www.organisator.ch\/wp-content\/uploads\/2022\/09\/Neue-Kampagne-will-Freude-am-Job-vermitteln_Organisator.jpg","contentUrl":"https:\/\/www.organisator.ch\/wp-content\/uploads\/2022\/09\/Neue-Kampagne-will-Freude-am-Job-vermitteln_Organisator.jpg","width":680,"height":329,"caption":"Die neue Kampagne von jobs.ch-Kampagne \"H\u00f6r auf zu arbeiten. Love what you do.\" (Bild: jobs.ch)"},{"@type":"BreadcrumbList","@id":"https:\/\/www.organisator.ch\/human-resources\/2022-09-06\/neue-kampagne-will-freude-am-job-vermitteln\/#breadcrumb","itemListElement":[{"@type":"ListItem","position":1,"name":"Home","item":"https:\/\/www.organisator.ch\/"},{"@type":"ListItem","position":2,"name":"Neue Kampagne will Freude am Job vermitteln"}]},{"@type":"WebSite","@id":"https:\/\/www.organisator.ch\/#website","url":"https:\/\/www.organisator.ch\/","name":"Organisator","description":"Kompetent. Praxisnah. Der ORGANISATOR bereitet in 10 Ausgaben pro Jahr die wesentlichen Themen f\u00fcr F\u00fchrungskr\u00e4fte von KMU auf.","publisher":{"@id":"https:\/\/www.organisator.ch\/#organization"},"potentialAction":[{"@type":"SearchAction","target":{"@type":"EntryPoint","urlTemplate":"https:\/\/www.organisator.ch\/?s={search_term_string}"},"query-input":{"@type":"PropertyValueSpecification","valueRequired":true,"valueName":"search_term_string"}}],"inLanguage":"de"},{"@type":"Organization","@id":"https:\/\/www.organisator.ch\/#organization","name":"Organisator","url":"https:\/\/www.organisator.ch\/","logo":{"@type":"ImageObject","inLanguage":"de","@id":"https:\/\/www.organisator.ch\/#\/schema\/logo\/image\/","url":"https:\/\/www.organisator.ch\/wp-content\/uploads\/2022\/01\/Logo_Organisator_Website.png","contentUrl":"https:\/\/www.organisator.ch\/wp-content\/uploads\/2022\/01\/Logo_Organisator_Website.png","width":800,"height":77,"caption":"Organisator"},"image":{"@id":"https:\/\/www.organisator.ch\/#\/schema\/logo\/image\/"},"sameAs":["https:\/\/www.facebook.com\/OrganisatorFachmagazin","https:\/\/www.linkedin.com\/showcase\/organisator-das-magazin-fr-kmu","https:\/\/www.xing.com\/news\/pages\/organisator-ch-695","https:\/\/www.youtube.com\/channel\/UCGP2Sq0iWaZwT3BdIAQFYpw"]},{"@type":"Person","@id":"https:\/\/www.organisator.ch\/#\/schema\/person\/6f650f90b2842cd4c0cc334b4e36f67e","name":"thomas.berner","image":{"@type":"ImageObject","inLanguage":"de","@id":"https:\/\/secure.gravatar.com\/avatar\/ac5001d2a36cb6c6cd3e50789007ffca834b477b74a2144564522e944eabff61?s=96&d=mm&r=g","url":"https:\/\/secure.gravatar.com\/avatar\/ac5001d2a36cb6c6cd3e50789007ffca834b477b74a2144564522e944eabff61?s=96&d=mm&r=g","contentUrl":"https:\/\/secure.gravatar.com\/avatar\/ac5001d2a36cb6c6cd3e50789007ffca834b477b74a2144564522e944eabff61?s=96&d=mm&r=g","caption":"thomas.berner"},"url":"https:\/\/www.organisator.ch\/de\/author\/thomas-berner\/"}]}},"_links":{"self":[{"href":"https:\/\/www.organisator.ch\/de\/wp-json\/wp\/v2\/posts\/16823","targetHints":{"allow":["GET"]}}],"collection":[{"href":"https:\/\/www.organisator.ch\/de\/wp-json\/wp\/v2\/posts"}],"about":[{"href":"https:\/\/www.organisator.ch\/de\/wp-json\/wp\/v2\/types\/post"}],"author":[{"embeddable":true,"href":"https:\/\/www.organisator.ch\/de\/wp-json\/wp\/v2\/users\/4"}],"replies":[{"embeddable":true,"href":"https:\/\/www.organisator.ch\/de\/wp-json\/wp\/v2\/comments?post=16823"}],"version-history":[{"count":2,"href":"https:\/\/www.organisator.ch\/de\/wp-json\/wp\/v2\/posts\/16823\/revisions"}],"predecessor-version":[{"id":16826,"href":"https:\/\/www.organisator.ch\/de\/wp-json\/wp\/v2\/posts\/16823\/revisions\/16826"}],"wp:featuredmedia":[{"embeddable":true,"href":"https:\/\/www.organisator.ch\/de\/wp-json\/wp\/v2\/media\/16825"}],"wp:attachment":[{"href":"https:\/\/www.organisator.ch\/de\/wp-json\/wp\/v2\/media?parent=16823"}],"wp:term":[{"taxonomy":"category","embeddable":true,"href":"https:\/\/www.organisator.ch\/de\/wp-json\/wp\/v2\/categories?post=16823"},{"taxonomy":"post_tag","embeddable":true,"href":"https:\/\/www.organisator.ch\/de\/wp-json\/wp\/v2\/tags?post=16823"}],"curies":[{"name":"wp","href":"https:\/\/api.w.org\/{rel}","templated":true}]}}