{"id":16856,"date":"2022-09-08T10:24:20","date_gmt":"2022-09-08T08:24:20","guid":{"rendered":"https:\/\/www.organisator.ch\/?p=16856"},"modified":"2022-09-08T10:24:20","modified_gmt":"2022-09-08T08:24:20","slug":"exportaussichten-trueben-sich-ein","status":"publish","type":"post","link":"https:\/\/www.organisator.ch\/de\/management\/2022-09-08\/exportaussichten-trueben-sich-ein\/","title":{"rendered":"Exportaussichten tr\u00fcben sich ein"},"content":{"rendered":"<figure id=\"attachment_16857\" aria-describedby=\"caption-attachment-16857\" style=\"width: 680px\" class=\"wp-caption alignnone\"><img loading=\"lazy\" decoding=\"async\" class=\"size-full wp-image-16857\" src=\"https:\/\/www.organisator.ch\/wp-content\/uploads\/2022\/09\/Exportaussichten-truben-sich-ein_Organisator.jpg\" alt=\"\" width=\"680\" height=\"510\" srcset=\"https:\/\/www.organisator.ch\/wp-content\/uploads\/2022\/09\/Exportaussichten-truben-sich-ein_Organisator.jpg 680w, https:\/\/www.organisator.ch\/wp-content\/uploads\/2022\/09\/Exportaussichten-truben-sich-ein_Organisator-16x12.jpg 16w, https:\/\/www.organisator.ch\/wp-content\/uploads\/2022\/09\/Exportaussichten-truben-sich-ein_Organisator-233x175.jpg 233w, https:\/\/www.organisator.ch\/wp-content\/uploads\/2022\/09\/Exportaussichten-truben-sich-ein_Organisator-467x350.jpg 467w, https:\/\/www.organisator.ch\/wp-content\/uploads\/2022\/09\/Exportaussichten-truben-sich-ein_Organisator-300x225.jpg 300w\" sizes=\"auto, (max-width: 680px) 100vw, 680px\" \/><figcaption id=\"caption-attachment-16857\" class=\"wp-caption-text\">Im dritten Quartal 2022 beginnen sich die Exportaussichten in der Schweiz einzutr\u00fcben. (Bild: Pixabay.com)<\/figcaption><\/figure>\n<p>Der Allianz Trade Export Forecast steht im dritten Quartal auf -1.13 Punkten (Mai: +0.33 Punkte). Damit unterschreitet der Indikator das langfristige Trendwachstum erheblich. In den n\u00e4chsten sechs bis zw\u00f6lf Monaten ist bei den Exporten mit negativen j\u00e4hrlichen Wachstumsraten zu rechnen. Die Wachstumsprognosen f\u00fcr die Weltwirtschaft wurden erneut nach unten korrigiert. Entsprechend entwickeln sich die Exportaussichten nicht mehr so positiv.<\/p>\n<h3>Unsicherheiten tr\u00fcben Exportaussichten<\/h3>\n<p>\u00abTrotz tempor\u00e4rer Aufhellungen an den Finanzm\u00e4rkten zeigen die meisten Fr\u00fch- und Stimmungsindikatoren weiter klar nach unten\u00bb, erl\u00e4utert Allianz Trade Europa-\u00d6konomin Katharina Uterm\u00f6hl die Situation. \u00abDer Ukraine-Krieg, Inflationssorgen und Leitzinserh\u00f6hungen belasten die M\u00e4rkte.\u00bb Aktuell findet am Devisenmarkt eine Flucht in sichere W\u00e4hrungen wie dem Schweizer Franken statt. Der Euro befindet sich seit Anfang Juli unterhalb der Ein-Franken-Marke. Durch die Unsicherheiten vielerorts hat die Stimmung der Schweizer Konsumenten und Investoren massiv gelitten. So liegt die SECO-Konsumentenstimmung mit -42 Punkten auf dem tiefsten Stand seit Beginn der Erhebung im Jahr 1972. Positiv stimmt jedoch, dass das Rezessionsrisiko f\u00fcr die Schweizer Wirtschaft auf kurze Sicht deutlich geringer als f\u00fcr die europ\u00e4ischen Nachbarl\u00e4nder ist, da der Inflationsschub sowie die Abh\u00e4ngigkeit von russischem Gas weniger ausgepr\u00e4gt sind. Doch auch die Schweizer Wirtschaft ist nicht immun gegen die globale Konjunkturabk\u00fchlung.<\/p>\n<h3><strong>BIP-Korrekturen nach unten<\/strong><\/h3>\n<p>F\u00fcr die Schweiz rechnet Allianz Trade f\u00fcr 2022 mit einem Wachstum des BIP von 2.4 % (2023: +0.7 %), einer Inflation von 2.8 % (2023: +1.6 %) und einem Exportzuwachs von nur noch 2% (2023: +4.0 %). Das Welt-BIP wurde weiter nach unten korrigiert. F\u00fcr 2022 wird noch mit einem realen, teuerungsbereinigten Wachstum von 3% gerechnet (Mittelwert der internationalen Prognosen). Anfang Jahr lag der Durchschnittswert noch bei 4.3 %, vor drei Monaten bei 3.3 %.<\/p>\n<h3><strong>Tourismus Treiber in den Sommermonaten, Industrie hofft auf Herbst<\/strong><\/h3>\n<p>Insbesondere in den Sommermonaten d\u00fcrften die Corona-Wiederer\u00f6ffnungseffekte im Dienstleistungssektor dank der Erholung des Tourismus stark zu sp\u00fcren sein. Die Industrie hofft auf den Herbst, denn es gibt Anzeichen, dass die globalen Lieferkettenengp\u00e4sse ihren H\u00f6hepunkt erreicht haben, was gepaart mit der zunehmenden Abk\u00fchlung der Weltwirtschaft in den kommenden Monaten eine Linderung der Produktionsengp\u00e4sse zulassen d\u00fcrfte. Sobald die Industrieunternehmen ihre Produktion hochfahren k\u00f6nnen, kann sich die Schweizer Wirtschaft zumindest kurzfristig wieder auf etwas kr\u00e4ftigeren konjunkturellen R\u00fcckenwindausgehend von der Industrie freuen. Dieser Ausblick setzt jedoch voraus, dass es zu keiner Unterbrechung der Energieversorgung &#8211; weder bei Gas noch Strom \u2013 kommt.<\/p>\n<h3><strong>Fahrzeugmarkt eingebrochen<\/strong><\/h3>\n<p>Der schweizerische Aussenhandel legte auch im zweiten Quartal 2022 zu und wies f\u00fcr beide Handelsrichtungen nominal neue H\u00f6chstwerte aus. Die Exporte stiegen gegen\u00fcber dem Vorquartal um 0.9 %. Real sanken sie um 0.5 %. Die Importe stiegen nominal um 2.4 % kr\u00e4ftig, real resultierte ein Plus von 0.6 %. In der Handelsbilanz resultierte ein Quartals\u00fcberschuss von CHF 7.6 Mrd. Der nominale Exportanstieg im zweiten Quartal 2022 basierte auf den drei Warengruppen Maschinen und Elektronik (CHF +420 Mio.), Bijouterie und Juwelierwaren (CHF +334 Mio.) sowie Metallen (CHF +223 Mio.). Der Versand von Pr\u00e4zisionsinstrumenten legte gegen\u00fcber dem Vorquartal leicht zu, jener von Uhren stagnierte auf hohem Niveau. Die Exporte von chemisch pharmazeutischen Produkten verringerten sich um 1.2 % (CHF -403 Mio.). Der R\u00fcckgang betraf besonders deutlich die immunologischen Produkte (CHF \u22121.3 Mrd.). Der Fahrzeugmarkt ist sowohl bei Personenwagen wie bei den Nutzfahrzeugen eingebrochen. Im ersten Halbjahr 2022 sind 17.7 % weniger neue Nutzfahrzeuge auf Schweizer Strassen gekommen als vor einem Jahr. Die Lieferkettenprobleme wirken sich gem\u00e4ss der Importorganisation Auto-Schweiz nun auch auf Wohnmobile aus.<\/p>\n<h3><strong>Exportaussichten erhalten D\u00e4mpfer<\/strong><\/h3>\n<p>\u00abWir erwarten f\u00fcr die n\u00e4chsten sechs bis zw\u00f6lf Monate einen deutlichen D\u00e4mpfer f\u00fcr das Schweizer Exportwachstum\u00bb, kommentiert Jan M\u00f6llmann, Co-CEO ad interim Allianz Trade Switzerland. \u00abGr\u00fcnde daf\u00fcr sind nach wie vor Lieferkettenprobleme, die sich aber zum Gl\u00fcck langsam aufl\u00f6sen sollten, eine Nachfrageschw\u00e4che, verursacht durch hohe Preise, welche Konsumenten und Investoren verunsichern und Rezessions-Risiken. Das Rezessionswahrscheinlichkeit in wichtigen Exportm\u00e4rkten wie Nordamerika und dem Euroraum notiert auf sehr hohem Niveau. Der schwache Wirtschaftsausblick hat eine erhebliche Korrektur auf den Rohstoffm\u00e4rkten zur Folge \u2013 abgesehen von den Energietr\u00e4gern. Dies hilft, die Inflation in den Griff zu kriegen und das Vertrauen von Konsumenten und Investoren wiederherzustellen. Chinas Nulltoleranz-Politik bei der Bek\u00e4mpfung von COVID-19 f\u00fchrt in diesem Land zu historisch tiefen Wachstumsraten.\u00bb<\/p>\n<p><em>Quelle: <a href=\"https:\/\/www.allianz-trade.com\/en_CH.html\">Allianz Trade Switzerland<\/a>\u00a0<\/em><\/p>\n","protected":false},"excerpt":{"rendered":"<p>Der Allianz Trade Export Forecast steht im dritten Quartal auf -1.13 Punkten (Mai: +0.33 Punkte). Damit unterschreitet der Indikator das langfristige Trendwachstum erheblich. In den n\u00e4chsten sechs bis zw\u00f6lf Monaten ist bei den Exporten mit negativen j\u00e4hrlichen Wachstumsraten zu rechnen. Die Wachstumsprognosen f\u00fcr die Weltwirtschaft wurden erneut nach unten korrigiert. Entsprechend entwickeln sich die Exportaussichten [&hellip;]<\/p>\n","protected":false},"author":4,"featured_media":16857,"comment_status":"closed","ping_status":"closed","sticky":false,"template":"","format":"standard","meta":{"_acf_changed":false,"_yoast_wpseo_focuskw":"Exportaussichten","_yoast_wpseo_metadesc":"Aufgrund der Unsicherheiten durch den Ukraine-Konflikt, Inflationssorgen und Leitzinserh\u00f6hungen tr\u00fcben sich die Exportaussichten ein.","articlekey":"","footnotes":""},"categories":[28],"tags":[189,310,531],"class_list":["post-16856","post","type-post","status-publish","format-standard","has-post-thumbnail","hentry","category-management","tag-export","tag-konjunktur","tag-wirtschaftspolitik"],"acf":[],"yoast_head":"<!-- This site is optimized with the Yoast SEO plugin v27.4 - https:\/\/yoast.com\/product\/yoast-seo-wordpress\/ -->\n<title>Exportaussichten tr\u00fcben sich ein - Organisator<\/title>\n<meta name=\"description\" content=\"Aufgrund der Unsicherheiten durch den Ukraine-Konflikt, Inflationssorgen und Leitzinserh\u00f6hungen tr\u00fcben sich die Exportaussichten ein.\" \/>\n<meta name=\"robots\" content=\"index, follow, max-snippet:-1, max-image-preview:large, max-video-preview:-1\" \/>\n<link rel=\"canonical\" href=\"https:\/\/www.organisator.ch\/de\/management\/2022-09-08\/exportaussichten-trueben-sich-ein\/\" \/>\n<meta property=\"og:locale\" content=\"de_DE\" \/>\n<meta property=\"og:type\" content=\"article\" \/>\n<meta property=\"og:title\" content=\"Exportaussichten tr\u00fcben sich ein\" \/>\n<meta property=\"og:description\" content=\"Aufgrund der Unsicherheiten durch den Ukraine-Konflikt, Inflationssorgen und Leitzinserh\u00f6hungen tr\u00fcben sich die Exportaussichten ein.\" \/>\n<meta property=\"og:url\" content=\"https:\/\/www.organisator.ch\/de\/management\/2022-09-08\/exportaussichten-trueben-sich-ein\/\" \/>\n<meta property=\"og:site_name\" content=\"Organisator\" \/>\n<meta property=\"article:publisher\" content=\"https:\/\/www.facebook.com\/OrganisatorFachmagazin\" \/>\n<meta property=\"article:published_time\" content=\"2022-09-08T08:24:20+00:00\" \/>\n<meta property=\"og:image\" content=\"https:\/\/www.organisator.ch\/wp-content\/uploads\/2022\/09\/Exportaussichten-truben-sich-ein_Organisator.jpg\" \/>\n\t<meta property=\"og:image:width\" content=\"680\" \/>\n\t<meta property=\"og:image:height\" content=\"510\" \/>\n\t<meta property=\"og:image:type\" content=\"image\/jpeg\" \/>\n<meta name=\"author\" content=\"thomas.berner\" \/>\n<meta name=\"twitter:card\" content=\"summary_large_image\" \/>\n<meta name=\"twitter:title\" content=\"#Exportaussichten tr\u00fcben sich ein\" \/>\n<meta name=\"twitter:description\" content=\"Aufgrund der Unsicherheiten durch den #Ukraine-Konflikt, #Inflationssorgen und #Leitzinserh\u00f6hungen tr\u00fcben sich die #Exportaussichten ein.\" \/>\n<meta name=\"twitter:image\" content=\"https:\/\/www.organisator.ch\/wp-content\/uploads\/2022\/09\/Exportaussichten-truben-sich-ein_Organisator.jpg\" \/>\n<script type=\"application\/ld+json\" class=\"yoast-schema-graph\">{\"@context\":\"https:\\\/\\\/schema.org\",\"@graph\":[{\"@type\":\"Article\",\"@id\":\"https:\\\/\\\/www.organisator.ch\\\/management\\\/2022-09-08\\\/exportaussichten-trueben-sich-ein\\\/#article\",\"isPartOf\":{\"@id\":\"https:\\\/\\\/www.organisator.ch\\\/management\\\/2022-09-08\\\/exportaussichten-trueben-sich-ein\\\/\"},\"author\":{\"name\":\"thomas.berner\",\"@id\":\"https:\\\/\\\/www.organisator.ch\\\/#\\\/schema\\\/person\\\/6f650f90b2842cd4c0cc334b4e36f67e\"},\"headline\":\"Exportaussichten tr\u00fcben sich ein\",\"datePublished\":\"2022-09-08T08:24:20+00:00\",\"mainEntityOfPage\":{\"@id\":\"https:\\\/\\\/www.organisator.ch\\\/management\\\/2022-09-08\\\/exportaussichten-trueben-sich-ein\\\/\"},\"wordCount\":721,\"publisher\":{\"@id\":\"https:\\\/\\\/www.organisator.ch\\\/#organization\"},\"image\":{\"@id\":\"https:\\\/\\\/www.organisator.ch\\\/management\\\/2022-09-08\\\/exportaussichten-trueben-sich-ein\\\/#primaryimage\"},\"thumbnailUrl\":\"https:\\\/\\\/www.organisator.ch\\\/wp-content\\\/uploads\\\/2022\\\/09\\\/Exportaussichten-truben-sich-ein_Organisator.jpg\",\"keywords\":[\"Export\",\"Konjunktur\",\"Wirtschaftspolitik\"],\"articleSection\":[\"MANAGEMENT\"],\"inLanguage\":\"de\"},{\"@type\":\"WebPage\",\"@id\":\"https:\\\/\\\/www.organisator.ch\\\/management\\\/2022-09-08\\\/exportaussichten-trueben-sich-ein\\\/\",\"url\":\"https:\\\/\\\/www.organisator.ch\\\/management\\\/2022-09-08\\\/exportaussichten-trueben-sich-ein\\\/\",\"name\":\"Exportaussichten tr\u00fcben sich ein - Organisator\",\"isPartOf\":{\"@id\":\"https:\\\/\\\/www.organisator.ch\\\/#website\"},\"primaryImageOfPage\":{\"@id\":\"https:\\\/\\\/www.organisator.ch\\\/management\\\/2022-09-08\\\/exportaussichten-trueben-sich-ein\\\/#primaryimage\"},\"image\":{\"@id\":\"https:\\\/\\\/www.organisator.ch\\\/management\\\/2022-09-08\\\/exportaussichten-trueben-sich-ein\\\/#primaryimage\"},\"thumbnailUrl\":\"https:\\\/\\\/www.organisator.ch\\\/wp-content\\\/uploads\\\/2022\\\/09\\\/Exportaussichten-truben-sich-ein_Organisator.jpg\",\"datePublished\":\"2022-09-08T08:24:20+00:00\",\"description\":\"Aufgrund der Unsicherheiten durch den Ukraine-Konflikt, Inflationssorgen und Leitzinserh\u00f6hungen tr\u00fcben sich die Exportaussichten ein.\",\"breadcrumb\":{\"@id\":\"https:\\\/\\\/www.organisator.ch\\\/management\\\/2022-09-08\\\/exportaussichten-trueben-sich-ein\\\/#breadcrumb\"},\"inLanguage\":\"de\",\"potentialAction\":[{\"@type\":\"ReadAction\",\"target\":[\"https:\\\/\\\/www.organisator.ch\\\/management\\\/2022-09-08\\\/exportaussichten-trueben-sich-ein\\\/\"]}]},{\"@type\":\"ImageObject\",\"inLanguage\":\"de\",\"@id\":\"https:\\\/\\\/www.organisator.ch\\\/management\\\/2022-09-08\\\/exportaussichten-trueben-sich-ein\\\/#primaryimage\",\"url\":\"https:\\\/\\\/www.organisator.ch\\\/wp-content\\\/uploads\\\/2022\\\/09\\\/Exportaussichten-truben-sich-ein_Organisator.jpg\",\"contentUrl\":\"https:\\\/\\\/www.organisator.ch\\\/wp-content\\\/uploads\\\/2022\\\/09\\\/Exportaussichten-truben-sich-ein_Organisator.jpg\",\"width\":680,\"height\":510,\"caption\":\"Im dritten Quartal 2022 beginnen sich die Exportaussichten in der Schweiz einzutr\u00fcben. (Bild: Pixabay.com)\"},{\"@type\":\"BreadcrumbList\",\"@id\":\"https:\\\/\\\/www.organisator.ch\\\/management\\\/2022-09-08\\\/exportaussichten-trueben-sich-ein\\\/#breadcrumb\",\"itemListElement\":[{\"@type\":\"ListItem\",\"position\":1,\"name\":\"Home\",\"item\":\"https:\\\/\\\/www.organisator.ch\\\/\"},{\"@type\":\"ListItem\",\"position\":2,\"name\":\"Exportaussichten tr\u00fcben sich ein\"}]},{\"@type\":\"WebSite\",\"@id\":\"https:\\\/\\\/www.organisator.ch\\\/#website\",\"url\":\"https:\\\/\\\/www.organisator.ch\\\/\",\"name\":\"Organisator\",\"description\":\"Kompetent. Praxisnah. Der ORGANISATOR bereitet in 10 Ausgaben pro Jahr die wesentlichen Themen f\u00fcr F\u00fchrungskr\u00e4fte von KMU auf.\",\"publisher\":{\"@id\":\"https:\\\/\\\/www.organisator.ch\\\/#organization\"},\"potentialAction\":[{\"@type\":\"SearchAction\",\"target\":{\"@type\":\"EntryPoint\",\"urlTemplate\":\"https:\\\/\\\/www.organisator.ch\\\/?s={search_term_string}\"},\"query-input\":{\"@type\":\"PropertyValueSpecification\",\"valueRequired\":true,\"valueName\":\"search_term_string\"}}],\"inLanguage\":\"de\"},{\"@type\":\"Organization\",\"@id\":\"https:\\\/\\\/www.organisator.ch\\\/#organization\",\"name\":\"Organisator\",\"url\":\"https:\\\/\\\/www.organisator.ch\\\/\",\"logo\":{\"@type\":\"ImageObject\",\"inLanguage\":\"de\",\"@id\":\"https:\\\/\\\/www.organisator.ch\\\/#\\\/schema\\\/logo\\\/image\\\/\",\"url\":\"https:\\\/\\\/www.organisator.ch\\\/wp-content\\\/uploads\\\/2022\\\/01\\\/Logo_Organisator_Website.png\",\"contentUrl\":\"https:\\\/\\\/www.organisator.ch\\\/wp-content\\\/uploads\\\/2022\\\/01\\\/Logo_Organisator_Website.png\",\"width\":800,\"height\":77,\"caption\":\"Organisator\"},\"image\":{\"@id\":\"https:\\\/\\\/www.organisator.ch\\\/#\\\/schema\\\/logo\\\/image\\\/\"},\"sameAs\":[\"https:\\\/\\\/www.facebook.com\\\/OrganisatorFachmagazin\",\"https:\\\/\\\/www.linkedin.com\\\/showcase\\\/organisator-das-magazin-fr-kmu\",\"https:\\\/\\\/www.xing.com\\\/news\\\/pages\\\/organisator-ch-695\",\"https:\\\/\\\/www.youtube.com\\\/channel\\\/UCGP2Sq0iWaZwT3BdIAQFYpw\"]},{\"@type\":\"Person\",\"@id\":\"https:\\\/\\\/www.organisator.ch\\\/#\\\/schema\\\/person\\\/6f650f90b2842cd4c0cc334b4e36f67e\",\"name\":\"thomas.berner\",\"image\":{\"@type\":\"ImageObject\",\"inLanguage\":\"de\",\"@id\":\"https:\\\/\\\/secure.gravatar.com\\\/avatar\\\/ac5001d2a36cb6c6cd3e50789007ffca834b477b74a2144564522e944eabff61?s=96&d=mm&r=g\",\"url\":\"https:\\\/\\\/secure.gravatar.com\\\/avatar\\\/ac5001d2a36cb6c6cd3e50789007ffca834b477b74a2144564522e944eabff61?s=96&d=mm&r=g\",\"contentUrl\":\"https:\\\/\\\/secure.gravatar.com\\\/avatar\\\/ac5001d2a36cb6c6cd3e50789007ffca834b477b74a2144564522e944eabff61?s=96&d=mm&r=g\",\"caption\":\"thomas.berner\"},\"url\":\"https:\\\/\\\/www.organisator.ch\\\/de\\\/author\\\/thomas-berner\\\/\"}]}<\/script>\n<!-- \/ Yoast SEO plugin. -->","yoast_head_json":{"title":"Exportaussichten tr\u00fcben sich ein - Organisator","description":"Aufgrund der Unsicherheiten durch den Ukraine-Konflikt, Inflationssorgen und Leitzinserh\u00f6hungen tr\u00fcben sich die Exportaussichten ein.","robots":{"index":"index","follow":"follow","max-snippet":"max-snippet:-1","max-image-preview":"max-image-preview:large","max-video-preview":"max-video-preview:-1"},"canonical":"https:\/\/www.organisator.ch\/de\/management\/2022-09-08\/exportaussichten-trueben-sich-ein\/","og_locale":"de_DE","og_type":"article","og_title":"Exportaussichten tr\u00fcben sich ein","og_description":"Aufgrund der Unsicherheiten durch den Ukraine-Konflikt, Inflationssorgen und Leitzinserh\u00f6hungen tr\u00fcben sich die Exportaussichten ein.","og_url":"https:\/\/www.organisator.ch\/de\/management\/2022-09-08\/exportaussichten-trueben-sich-ein\/","og_site_name":"Organisator","article_publisher":"https:\/\/www.facebook.com\/OrganisatorFachmagazin","article_published_time":"2022-09-08T08:24:20+00:00","og_image":[{"width":680,"height":510,"url":"https:\/\/www.organisator.ch\/wp-content\/uploads\/2022\/09\/Exportaussichten-truben-sich-ein_Organisator.jpg","type":"image\/jpeg"}],"author":"thomas.berner","twitter_card":"summary_large_image","twitter_title":"#Exportaussichten tr\u00fcben sich ein","twitter_description":"Aufgrund der Unsicherheiten durch den #Ukraine-Konflikt, #Inflationssorgen und #Leitzinserh\u00f6hungen tr\u00fcben sich die #Exportaussichten ein.","twitter_image":"https:\/\/www.organisator.ch\/wp-content\/uploads\/2022\/09\/Exportaussichten-truben-sich-ein_Organisator.jpg","schema":{"@context":"https:\/\/schema.org","@graph":[{"@type":"Article","@id":"https:\/\/www.organisator.ch\/management\/2022-09-08\/exportaussichten-trueben-sich-ein\/#article","isPartOf":{"@id":"https:\/\/www.organisator.ch\/management\/2022-09-08\/exportaussichten-trueben-sich-ein\/"},"author":{"name":"thomas.berner","@id":"https:\/\/www.organisator.ch\/#\/schema\/person\/6f650f90b2842cd4c0cc334b4e36f67e"},"headline":"Exportaussichten tr\u00fcben sich ein","datePublished":"2022-09-08T08:24:20+00:00","mainEntityOfPage":{"@id":"https:\/\/www.organisator.ch\/management\/2022-09-08\/exportaussichten-trueben-sich-ein\/"},"wordCount":721,"publisher":{"@id":"https:\/\/www.organisator.ch\/#organization"},"image":{"@id":"https:\/\/www.organisator.ch\/management\/2022-09-08\/exportaussichten-trueben-sich-ein\/#primaryimage"},"thumbnailUrl":"https:\/\/www.organisator.ch\/wp-content\/uploads\/2022\/09\/Exportaussichten-truben-sich-ein_Organisator.jpg","keywords":["Export","Konjunktur","Wirtschaftspolitik"],"articleSection":["MANAGEMENT"],"inLanguage":"de"},{"@type":"WebPage","@id":"https:\/\/www.organisator.ch\/management\/2022-09-08\/exportaussichten-trueben-sich-ein\/","url":"https:\/\/www.organisator.ch\/management\/2022-09-08\/exportaussichten-trueben-sich-ein\/","name":"Exportaussichten tr\u00fcben sich ein - Organisator","isPartOf":{"@id":"https:\/\/www.organisator.ch\/#website"},"primaryImageOfPage":{"@id":"https:\/\/www.organisator.ch\/management\/2022-09-08\/exportaussichten-trueben-sich-ein\/#primaryimage"},"image":{"@id":"https:\/\/www.organisator.ch\/management\/2022-09-08\/exportaussichten-trueben-sich-ein\/#primaryimage"},"thumbnailUrl":"https:\/\/www.organisator.ch\/wp-content\/uploads\/2022\/09\/Exportaussichten-truben-sich-ein_Organisator.jpg","datePublished":"2022-09-08T08:24:20+00:00","description":"Aufgrund der Unsicherheiten durch den Ukraine-Konflikt, Inflationssorgen und Leitzinserh\u00f6hungen tr\u00fcben sich die Exportaussichten ein.","breadcrumb":{"@id":"https:\/\/www.organisator.ch\/management\/2022-09-08\/exportaussichten-trueben-sich-ein\/#breadcrumb"},"inLanguage":"de","potentialAction":[{"@type":"ReadAction","target":["https:\/\/www.organisator.ch\/management\/2022-09-08\/exportaussichten-trueben-sich-ein\/"]}]},{"@type":"ImageObject","inLanguage":"de","@id":"https:\/\/www.organisator.ch\/management\/2022-09-08\/exportaussichten-trueben-sich-ein\/#primaryimage","url":"https:\/\/www.organisator.ch\/wp-content\/uploads\/2022\/09\/Exportaussichten-truben-sich-ein_Organisator.jpg","contentUrl":"https:\/\/www.organisator.ch\/wp-content\/uploads\/2022\/09\/Exportaussichten-truben-sich-ein_Organisator.jpg","width":680,"height":510,"caption":"Im dritten Quartal 2022 beginnen sich die Exportaussichten in der Schweiz einzutr\u00fcben. (Bild: Pixabay.com)"},{"@type":"BreadcrumbList","@id":"https:\/\/www.organisator.ch\/management\/2022-09-08\/exportaussichten-trueben-sich-ein\/#breadcrumb","itemListElement":[{"@type":"ListItem","position":1,"name":"Home","item":"https:\/\/www.organisator.ch\/"},{"@type":"ListItem","position":2,"name":"Exportaussichten tr\u00fcben sich ein"}]},{"@type":"WebSite","@id":"https:\/\/www.organisator.ch\/#website","url":"https:\/\/www.organisator.ch\/","name":"Organisator","description":"Kompetent. Praxisnah. Der ORGANISATOR bereitet in 10 Ausgaben pro Jahr die wesentlichen Themen f\u00fcr F\u00fchrungskr\u00e4fte von KMU auf.","publisher":{"@id":"https:\/\/www.organisator.ch\/#organization"},"potentialAction":[{"@type":"SearchAction","target":{"@type":"EntryPoint","urlTemplate":"https:\/\/www.organisator.ch\/?s={search_term_string}"},"query-input":{"@type":"PropertyValueSpecification","valueRequired":true,"valueName":"search_term_string"}}],"inLanguage":"de"},{"@type":"Organization","@id":"https:\/\/www.organisator.ch\/#organization","name":"Organisator","url":"https:\/\/www.organisator.ch\/","logo":{"@type":"ImageObject","inLanguage":"de","@id":"https:\/\/www.organisator.ch\/#\/schema\/logo\/image\/","url":"https:\/\/www.organisator.ch\/wp-content\/uploads\/2022\/01\/Logo_Organisator_Website.png","contentUrl":"https:\/\/www.organisator.ch\/wp-content\/uploads\/2022\/01\/Logo_Organisator_Website.png","width":800,"height":77,"caption":"Organisator"},"image":{"@id":"https:\/\/www.organisator.ch\/#\/schema\/logo\/image\/"},"sameAs":["https:\/\/www.facebook.com\/OrganisatorFachmagazin","https:\/\/www.linkedin.com\/showcase\/organisator-das-magazin-fr-kmu","https:\/\/www.xing.com\/news\/pages\/organisator-ch-695","https:\/\/www.youtube.com\/channel\/UCGP2Sq0iWaZwT3BdIAQFYpw"]},{"@type":"Person","@id":"https:\/\/www.organisator.ch\/#\/schema\/person\/6f650f90b2842cd4c0cc334b4e36f67e","name":"thomas.berner","image":{"@type":"ImageObject","inLanguage":"de","@id":"https:\/\/secure.gravatar.com\/avatar\/ac5001d2a36cb6c6cd3e50789007ffca834b477b74a2144564522e944eabff61?s=96&d=mm&r=g","url":"https:\/\/secure.gravatar.com\/avatar\/ac5001d2a36cb6c6cd3e50789007ffca834b477b74a2144564522e944eabff61?s=96&d=mm&r=g","contentUrl":"https:\/\/secure.gravatar.com\/avatar\/ac5001d2a36cb6c6cd3e50789007ffca834b477b74a2144564522e944eabff61?s=96&d=mm&r=g","caption":"thomas.berner"},"url":"https:\/\/www.organisator.ch\/de\/author\/thomas-berner\/"}]}},"_links":{"self":[{"href":"https:\/\/www.organisator.ch\/de\/wp-json\/wp\/v2\/posts\/16856","targetHints":{"allow":["GET"]}}],"collection":[{"href":"https:\/\/www.organisator.ch\/de\/wp-json\/wp\/v2\/posts"}],"about":[{"href":"https:\/\/www.organisator.ch\/de\/wp-json\/wp\/v2\/types\/post"}],"author":[{"embeddable":true,"href":"https:\/\/www.organisator.ch\/de\/wp-json\/wp\/v2\/users\/4"}],"replies":[{"embeddable":true,"href":"https:\/\/www.organisator.ch\/de\/wp-json\/wp\/v2\/comments?post=16856"}],"version-history":[{"count":1,"href":"https:\/\/www.organisator.ch\/de\/wp-json\/wp\/v2\/posts\/16856\/revisions"}],"predecessor-version":[{"id":16858,"href":"https:\/\/www.organisator.ch\/de\/wp-json\/wp\/v2\/posts\/16856\/revisions\/16858"}],"wp:featuredmedia":[{"embeddable":true,"href":"https:\/\/www.organisator.ch\/de\/wp-json\/wp\/v2\/media\/16857"}],"wp:attachment":[{"href":"https:\/\/www.organisator.ch\/de\/wp-json\/wp\/v2\/media?parent=16856"}],"wp:term":[{"taxonomy":"category","embeddable":true,"href":"https:\/\/www.organisator.ch\/de\/wp-json\/wp\/v2\/categories?post=16856"},{"taxonomy":"post_tag","embeddable":true,"href":"https:\/\/www.organisator.ch\/de\/wp-json\/wp\/v2\/tags?post=16856"}],"curies":[{"name":"wp","href":"https:\/\/api.w.org\/{rel}","templated":true}]}}