{"id":16862,"date":"2022-09-09T10:04:26","date_gmt":"2022-09-09T08:04:26","guid":{"rendered":"https:\/\/www.organisator.ch\/?p=16862"},"modified":"2022-09-09T10:06:47","modified_gmt":"2022-09-09T08:06:47","slug":"schweizer-dachverband-fuer-unternehmensnachfolge-offiziell-vorgestellt","status":"publish","type":"post","link":"https:\/\/www.organisator.ch\/de\/management\/2022-09-09\/schweizer-dachverband-fuer-unternehmensnachfolge-offiziell-vorgestellt\/","title":{"rendered":"Schweizer Dachverband f\u00fcr Unternehmensnachfolge offiziell vorgestellt"},"content":{"rendered":"<figure id=\"attachment_16867\" aria-describedby=\"caption-attachment-16867\" style=\"width: 680px\" class=\"wp-caption alignnone\"><img loading=\"lazy\" decoding=\"async\" class=\"size-full wp-image-16867\" src=\"https:\/\/www.organisator.ch\/wp-content\/uploads\/2022\/09\/Schweizer-Dachverband-fur-Unternehmensnachfolge-offiziell-vorgestellt_Organisator.jpg\" alt=\"\" width=\"680\" height=\"383\" srcset=\"https:\/\/www.organisator.ch\/wp-content\/uploads\/2022\/09\/Schweizer-Dachverband-fur-Unternehmensnachfolge-offiziell-vorgestellt_Organisator.jpg 680w, https:\/\/www.organisator.ch\/wp-content\/uploads\/2022\/09\/Schweizer-Dachverband-fur-Unternehmensnachfolge-offiziell-vorgestellt_Organisator-18x10.jpg 18w, https:\/\/www.organisator.ch\/wp-content\/uploads\/2022\/09\/Schweizer-Dachverband-fur-Unternehmensnachfolge-offiziell-vorgestellt_Organisator-311x175.jpg 311w, https:\/\/www.organisator.ch\/wp-content\/uploads\/2022\/09\/Schweizer-Dachverband-fur-Unternehmensnachfolge-offiziell-vorgestellt_Organisator-621x350.jpg 621w, https:\/\/www.organisator.ch\/wp-content\/uploads\/2022\/09\/Schweizer-Dachverband-fur-Unternehmensnachfolge-offiziell-vorgestellt_Organisator-300x169.jpg 300w\" sizes=\"auto, (max-width: 680px) 100vw, 680px\" \/><figcaption id=\"caption-attachment-16867\" class=\"wp-caption-text\">Carla Kaufmann pr\u00e4sentiert am <a href=\"https:\/\/www.organisator.ch\/de\/allgemein\/2022-09-09\/schweiz-4-0-am-kmu-swiss-symposium-haben-wir-genug-energie\/\">KMU Swiss Symposium vom 8. September 2022<\/a> den Schweizer Dachverband f\u00fcr Unternehmensnachfolge CHDU. (Bild: zVg)<\/figcaption><\/figure>\n<p>F\u00fcr rund 93&#8217;000 Schweizer KMU wird die Unternehmensnachfolge in den n\u00e4chsten f\u00fcnf Jahren zum Thema. Damit m\u00f6glichst viele davon zu einer erfolgreichen L\u00f6sung finden, engagiert sich der am 10. Dezember 2021 gegr\u00fcndete Schweizer Dachverband f\u00fcr Unternehmensnachfolge CHDU aktiv in Politik, Forschung, Profession und Praxis. Hinter dem Verband steht ein Team von rund 15 hochqualifizierten Nachfolge-Expertinnen und -Experten, die sich als ExpertenCircle mit einheitlichem Marktauftritt zusammengeschlossen haben. Der Devise \u00abWeitergeben statt aufgeben\u00bb folgend, rief der ExpertenCircle 2018 die <a href=\"https:\/\/nachfolgebus.ch\/\" target=\"_blank\" rel=\"noopener\">Initiative Nachfolgebus.ch<\/a> ins Leben. Dies in der Absicht, \u00fcber die gezielte F\u00f6rderung der Unternehmensnachfolge den Fortbestand von KMU und damit von Wirtschaftssubstanz und Arbeitspl\u00e4tzen in der Schweiz nachhaltig zu sichern. \u200bDaf\u00fcr tourte der ExpertenCircle mit einem Infomobil durch 14 St\u00e4dte der Deutschschweiz und informierten KMU-Unternehmer\/-innen in kostenlosen pers\u00f6nlichen Gespr\u00e4chen rund um die Unternehmensnachfolge. Dank umfassender Digitalisierung und steter Weiterentwicklung des Angebots dehnte sich die Reichweite der Initiative bis 2021 stetig aus. Die Aufmerksamkeit f\u00fcr die hohe Bedeutung der Unternehmensnachfolge resp. der eigenen Nachfolgeregelung ist bei den Unternehmern und Unternehmerinnen sp\u00fcrbar gestiegen. Doch die hohe gesellschaftliche, volkswirtschaftliche und politische Relevanz und Akzeptanz ist noch nicht erreicht. Die Gr\u00fcndung des CHDU, um in diesem Format und in Kooperation mit Organisationen, die die gleichen Interessen verfolgen, dieses Ziel zu erlangen, ist demzufolge ein n\u00e4chster konsequenter Schritt. In einer ersten Phase konzentrieren sich die Verbandsaktivit\u00e4ten auf die Deutschschweiz. Der Ausbau in die Romandie sowie das Tessin folgen im Verlauf von 2023.<\/p>\n<h3>KMU-Diversit\u00e4t erhalten<\/h3>\n<p>Die Dynamik der Unternehmen in der Schweiz &#8211; von der Gr\u00fcndung bis zur \u00dcbergabe an eine n\u00e4chste Generation, oder ihrem Untergang &#8211; ist immer noch zu wenig bekannt. Dabei ist ihre Tragweite enorm: Mehr als drei Millionen Arbeitnehmende, zwei Drittel der berufst\u00e4tigen Bev\u00f6lkerung, arbeiten bei einem KMU. \u00abWir k\u00f6nnen es uns nicht leisten, die Schweizer KMUs mit ihrer Unternehmensnachfolge allein zu lassen. Die Schweiz basiert auf einer nachhaltigen KMU-Diversit\u00e4t. Dort liegt auch der N\u00e4hrboden f\u00fcr unsere Innovationskraft, deren Wertsch\u00f6pfung jedoch \u00fcber Generationen aufgebaut werden muss. Der \u2018Preis\u2019, den wir bei nicht gelingenden Nachfolgeregelungen in Form von Verlusten an Arbeitspl\u00e4tzen, Knowhow und eben Innovationskraft zahlen, ist daher einfach zu hoch und verlangt dringend nach Gegenmassnahmen\u00bb, res\u00fcmiert Carla Kaufmann, Vizepr\u00e4sidentin des CHDU und Partnerin der Companymarket AG.<\/p>\n<figure id=\"attachment_16868\" aria-describedby=\"caption-attachment-16868\" style=\"width: 680px\" class=\"wp-caption alignnone\"><img loading=\"lazy\" decoding=\"async\" class=\"size-full wp-image-16868\" src=\"https:\/\/www.organisator.ch\/wp-content\/uploads\/2022\/09\/Schweizer-Dachverband-fur-Unternehmensnachfolge-offiziell-vorgestellt-2_Organisator.jpg\" alt=\"\" width=\"680\" height=\"243\" srcset=\"https:\/\/www.organisator.ch\/wp-content\/uploads\/2022\/09\/Schweizer-Dachverband-fur-Unternehmensnachfolge-offiziell-vorgestellt-2_Organisator.jpg 680w, https:\/\/www.organisator.ch\/wp-content\/uploads\/2022\/09\/Schweizer-Dachverband-fur-Unternehmensnachfolge-offiziell-vorgestellt-2_Organisator-18x6.jpg 18w, https:\/\/www.organisator.ch\/wp-content\/uploads\/2022\/09\/Schweizer-Dachverband-fur-Unternehmensnachfolge-offiziell-vorgestellt-2_Organisator-375x134.jpg 375w, https:\/\/www.organisator.ch\/wp-content\/uploads\/2022\/09\/Schweizer-Dachverband-fur-Unternehmensnachfolge-offiziell-vorgestellt-2_Organisator-300x107.jpg 300w\" sizes=\"auto, (max-width: 680px) 100vw, 680px\" \/><figcaption id=\"caption-attachment-16868\" class=\"wp-caption-text\">Das Verbandslogo. (Quelle: CHDU)<\/figcaption><\/figure>\n<h3>Schweizer Dachverband f\u00fcr Unternehmensnachfolge mit vier Aktionsfeldern<\/h3>\n<p>Der CHDU fokussiert daher auf die Sensibilisierung von Gesellschaft, Politik und Wirtschaft f\u00fcr die Marktdynamik der Unternehmensnachfolge und will zudem aktiv zur positiven Entwicklung erfolgreicher KMU-Nachfolgen beitragen. Daf\u00fcr setzt sich der Verband in diesen vier Bereichen ein:<\/p>\n<ul>\n<li><strong>In der Politik, <\/strong>um die volkswirtschaftliche Bedeutung und Relevanz von Unternehmensnachfolgen und langfristigem Unternehmertum im nationalen und politischen Bewusstsein zu st\u00e4rken, z.B. f\u00fcr die unternehmens- und nachfolgefreundlichere Gestaltung gesetzlicher Rahmenbedingungen.<\/li>\n<li><strong>In der Forschung, <\/strong>um die Grundlagen und Wirkungsprinzipien des Lebenszyklus von Unternehmen sowie langfristigem Unternehmertum besser zu verstehen und diese Erkenntnisse allen Unternehmen f\u00fcr ihren Nachfolgeprozess nutzbar zu machen.<\/li>\n<li><strong>In der Professionalisierung der Nachfolgeberatung, <\/strong>mittels eines ganzheitlichen Aus- und Weiterbildungsangebots, das einen definierten Qualit\u00e4tsstandard f\u00fcr die beratende Begleitung von Unternehmensnachfolgen sicherstellt. Dieses Angebot entwickelt der CHDU in Kooperation mit EXPERTsuisse. Den Auftakt macht das <a href=\"https:\/\/www.organisator.ch\/de\/management\/2022-08-24\/seminar-nachfolgeregelung-ganzheitlich-betrachten\/\">Tagesseminar \u00abBig Picture erfolgreicher KMU-Nachfolge\u00bb<\/a>.<\/li>\n<li><strong>In der Praxis, <\/strong>dank der gezielten F\u00f6rderung der KMU-Nachfolge f\u00fcr Unternehmer*innen, beispielsweise durch einen einfachen und transparenten Zugang zum Nachfolgemarkt, diverse kostenlose Informations- und Vernetzungsangebote etc.<\/li>\n<\/ul>\n<p>Das <a href=\"https:\/\/www.chdu.ch\/mitgliederangebote\">Mitgliederangebot<\/a> des CHDU richtet sich an KMU-Unternehmerinnen und -Unternehmer, die ihre Firma verkaufen oder ein Unternehmen kaufen wollen, sowie Nachfolgeberatende, Treuh\u00e4nder\/-innen, Steuerberater\/-innen, Wirtschaftspr\u00fcfer\/-innen, Juristen, Unternehmens-\/Organisationsberater\/-innen, Coaches sowie weitere Fachleute und\/oder Quereinsteiger\/-innen auf dem Gebiet der Nachfolgeplanung.<\/p>\n<h3><strong>Kanton mit an Bord<\/strong><\/h3>\n<p>Die Standortf\u00f6rderung im Amt f\u00fcr Wirtschaft und Arbeit (AWA) des Kantons Z\u00fcrich unterst\u00fctzt den Auf- und Ausbau des Verbands als Partnerorganisation. Dazu die stellvertretende Leiterin der Standortf\u00f6rderung im AWA und Mitglied des CHDU-Beirats, Anita Martinecz Feh\u00e9r: \u00abEine gelungene Unternehmensnachfolge bietet die Chance auf erarbeiteten Werten aufzubauen und diese weiterzuentwickeln: Ganz im Sinne von \u2018Zukunft hat Herkunft\u2019. Die Standortf\u00f6rderung begr\u00fcsst es sehr, dass der CHDU Vernetzungsarbeit leistet, Daten aufbereitet sowie darauf hinwirkt, mehr Unternehmensnachfolgen zum Erfolg zu verhelfen und das Bewusstsein f\u00fcr die wesentlichen Entscheidungen bei den beteiligten Parteien zu sch\u00e4rfen.<\/p>\n<p><em>Quelle und weitere Informationen: <a href=\"http:\/\/www.chdu.ch\">www.chdu.ch<\/a><\/em><\/p>\n","protected":false},"excerpt":{"rendered":"<p>F\u00fcr rund 93&#8217;000 Schweizer KMU wird die Unternehmensnachfolge in den n\u00e4chsten f\u00fcnf Jahren zum Thema. Damit m\u00f6glichst viele davon zu einer erfolgreichen L\u00f6sung finden, engagiert sich der am 10. Dezember 2021 gegr\u00fcndete Schweizer Dachverband f\u00fcr Unternehmensnachfolge CHDU aktiv in Politik, Forschung, Profession und Praxis. Hinter dem Verband steht ein Team von rund 15 hochqualifizierten Nachfolge-Expertinnen [&hellip;]<\/p>\n","protected":false},"author":4,"featured_media":0,"comment_status":"closed","ping_status":"closed","sticky":false,"template":"","format":"standard","meta":{"_acf_changed":false,"_yoast_wpseo_focuskw":"Dachverband f\u00fcr Unternehmensnachfolge","_yoast_wpseo_metadesc":"Am 8. September 2022 stellte sich der Schweizer Dachverband f\u00fcr Unternehmensnachfolge erstmals einem gr\u00f6sseren Publikum vor.","articlekey":"","footnotes":""},"categories":[28],"tags":[207,335,503],"class_list":["post-16862","post","type-post","status-publish","format-standard","hentry","category-management","tag-firmennachfolge","tag-management-und-unternehmensfuehrung","tag-verbaende"],"acf":[],"yoast_head":"<!-- This site is optimized with the Yoast SEO plugin v27.4 - https:\/\/yoast.com\/product\/yoast-seo-wordpress\/ -->\n<title>Schweizer Dachverband f\u00fcr Unternehmensnachfolge offiziell vorgestellt - Organisator<\/title>\n<meta name=\"description\" content=\"Am 8. September 2022 stellte sich der Schweizer Dachverband f\u00fcr Unternehmensnachfolge erstmals einem gr\u00f6sseren Publikum vor.\" \/>\n<meta name=\"robots\" content=\"index, follow, max-snippet:-1, max-image-preview:large, max-video-preview:-1\" \/>\n<link rel=\"canonical\" href=\"https:\/\/www.organisator.ch\/de\/management\/2022-09-09\/schweizer-dachverband-fuer-unternehmensnachfolge-offiziell-vorgestellt\/\" \/>\n<meta property=\"og:locale\" content=\"de_DE\" \/>\n<meta property=\"og:type\" content=\"article\" \/>\n<meta property=\"og:title\" content=\"Schweizer Dachverband f\u00fcr Unternehmensnachfolge offiziell vorgestellt\" \/>\n<meta property=\"og:description\" content=\"Am 8. September 2022 stellte sich der Schweizer Dachverband f\u00fcr Unternehmensnachfolge erstmals einem gr\u00f6sseren Publikum vor.\" \/>\n<meta property=\"og:url\" content=\"https:\/\/www.organisator.ch\/de\/management\/2022-09-09\/schweizer-dachverband-fuer-unternehmensnachfolge-offiziell-vorgestellt\/\" \/>\n<meta property=\"og:site_name\" content=\"Organisator\" \/>\n<meta property=\"article:publisher\" content=\"https:\/\/www.facebook.com\/OrganisatorFachmagazin\" \/>\n<meta property=\"article:published_time\" content=\"2022-09-09T08:04:26+00:00\" \/>\n<meta property=\"article:modified_time\" content=\"2022-09-09T08:06:47+00:00\" \/>\n<meta property=\"og:image\" content=\"https:\/\/www.organisator.ch\/wp-content\/uploads\/2022\/09\/Schweizer-Dachverband-fur-Unternehmensnachfolge-offiziell-vorgestellt_Organisator.jpg\" \/>\n\t<meta property=\"og:image:width\" content=\"680\" \/>\n\t<meta property=\"og:image:height\" content=\"383\" \/>\n\t<meta property=\"og:image:type\" content=\"image\/jpeg\" \/>\n<meta name=\"author\" content=\"thomas.berner\" \/>\n<meta name=\"twitter:card\" content=\"summary_large_image\" \/>\n<meta name=\"twitter:title\" content=\"Schweizer #Dachverband f\u00fcr #Unternehmensnachfolge offiziell vorgestellt\" \/>\n<meta name=\"twitter:description\" content=\"Am 8. September 2022 stellte sich der Schweizer #Dachverband f\u00fcr Unternehmensnachfolge #CHDU erstmals einem gr\u00f6sseren Publikum vor.\" \/>\n<meta name=\"twitter:image\" content=\"https:\/\/www.organisator.ch\/wp-content\/uploads\/2022\/09\/Schweizer-Dachverband-fur-Unternehmensnachfolge-offiziell-vorgestellt_Organisator.jpg\" \/>\n<script type=\"application\/ld+json\" class=\"yoast-schema-graph\">{\"@context\":\"https:\\\/\\\/schema.org\",\"@graph\":[{\"@type\":\"Article\",\"@id\":\"https:\\\/\\\/www.organisator.ch\\\/management\\\/2022-09-09\\\/schweizer-dachverband-fuer-unternehmensnachfolge-offiziell-vorgestellt\\\/#article\",\"isPartOf\":{\"@id\":\"https:\\\/\\\/www.organisator.ch\\\/management\\\/2022-09-09\\\/schweizer-dachverband-fuer-unternehmensnachfolge-offiziell-vorgestellt\\\/\"},\"author\":{\"name\":\"thomas.berner\",\"@id\":\"https:\\\/\\\/www.organisator.ch\\\/#\\\/schema\\\/person\\\/6f650f90b2842cd4c0cc334b4e36f67e\"},\"headline\":\"Schweizer Dachverband f\u00fcr Unternehmensnachfolge offiziell vorgestellt\",\"datePublished\":\"2022-09-09T08:04:26+00:00\",\"dateModified\":\"2022-09-09T08:06:47+00:00\",\"mainEntityOfPage\":{\"@id\":\"https:\\\/\\\/www.organisator.ch\\\/management\\\/2022-09-09\\\/schweizer-dachverband-fuer-unternehmensnachfolge-offiziell-vorgestellt\\\/\"},\"wordCount\":768,\"publisher\":{\"@id\":\"https:\\\/\\\/www.organisator.ch\\\/#organization\"},\"image\":{\"@id\":\"https:\\\/\\\/www.organisator.ch\\\/management\\\/2022-09-09\\\/schweizer-dachverband-fuer-unternehmensnachfolge-offiziell-vorgestellt\\\/#primaryimage\"},\"thumbnailUrl\":\"https:\\\/\\\/www.organisator.ch\\\/wp-content\\\/uploads\\\/2022\\\/09\\\/Schweizer-Dachverband-fur-Unternehmensnachfolge-offiziell-vorgestellt_Organisator.jpg\",\"keywords\":[\"Firmennachfolge\",\"Management und Unternehmensf\u00fchrung\",\"Verb\u00e4nde\"],\"articleSection\":[\"MANAGEMENT\"],\"inLanguage\":\"de\"},{\"@type\":\"WebPage\",\"@id\":\"https:\\\/\\\/www.organisator.ch\\\/management\\\/2022-09-09\\\/schweizer-dachverband-fuer-unternehmensnachfolge-offiziell-vorgestellt\\\/\",\"url\":\"https:\\\/\\\/www.organisator.ch\\\/management\\\/2022-09-09\\\/schweizer-dachverband-fuer-unternehmensnachfolge-offiziell-vorgestellt\\\/\",\"name\":\"Schweizer Dachverband f\u00fcr Unternehmensnachfolge offiziell vorgestellt - Organisator\",\"isPartOf\":{\"@id\":\"https:\\\/\\\/www.organisator.ch\\\/#website\"},\"primaryImageOfPage\":{\"@id\":\"https:\\\/\\\/www.organisator.ch\\\/management\\\/2022-09-09\\\/schweizer-dachverband-fuer-unternehmensnachfolge-offiziell-vorgestellt\\\/#primaryimage\"},\"image\":{\"@id\":\"https:\\\/\\\/www.organisator.ch\\\/management\\\/2022-09-09\\\/schweizer-dachverband-fuer-unternehmensnachfolge-offiziell-vorgestellt\\\/#primaryimage\"},\"thumbnailUrl\":\"https:\\\/\\\/www.organisator.ch\\\/wp-content\\\/uploads\\\/2022\\\/09\\\/Schweizer-Dachverband-fur-Unternehmensnachfolge-offiziell-vorgestellt_Organisator.jpg\",\"datePublished\":\"2022-09-09T08:04:26+00:00\",\"dateModified\":\"2022-09-09T08:06:47+00:00\",\"description\":\"Am 8. September 2022 stellte sich der Schweizer Dachverband f\u00fcr Unternehmensnachfolge erstmals einem gr\u00f6sseren Publikum vor.\",\"breadcrumb\":{\"@id\":\"https:\\\/\\\/www.organisator.ch\\\/management\\\/2022-09-09\\\/schweizer-dachverband-fuer-unternehmensnachfolge-offiziell-vorgestellt\\\/#breadcrumb\"},\"inLanguage\":\"de\",\"potentialAction\":[{\"@type\":\"ReadAction\",\"target\":[\"https:\\\/\\\/www.organisator.ch\\\/management\\\/2022-09-09\\\/schweizer-dachverband-fuer-unternehmensnachfolge-offiziell-vorgestellt\\\/\"]}]},{\"@type\":\"ImageObject\",\"inLanguage\":\"de\",\"@id\":\"https:\\\/\\\/www.organisator.ch\\\/management\\\/2022-09-09\\\/schweizer-dachverband-fuer-unternehmensnachfolge-offiziell-vorgestellt\\\/#primaryimage\",\"url\":\"https:\\\/\\\/www.organisator.ch\\\/wp-content\\\/uploads\\\/2022\\\/09\\\/Schweizer-Dachverband-fur-Unternehmensnachfolge-offiziell-vorgestellt_Organisator.jpg\",\"contentUrl\":\"https:\\\/\\\/www.organisator.ch\\\/wp-content\\\/uploads\\\/2022\\\/09\\\/Schweizer-Dachverband-fur-Unternehmensnachfolge-offiziell-vorgestellt_Organisator.jpg\"},{\"@type\":\"BreadcrumbList\",\"@id\":\"https:\\\/\\\/www.organisator.ch\\\/management\\\/2022-09-09\\\/schweizer-dachverband-fuer-unternehmensnachfolge-offiziell-vorgestellt\\\/#breadcrumb\",\"itemListElement\":[{\"@type\":\"ListItem\",\"position\":1,\"name\":\"Home\",\"item\":\"https:\\\/\\\/www.organisator.ch\\\/\"},{\"@type\":\"ListItem\",\"position\":2,\"name\":\"Schweizer Dachverband f\u00fcr Unternehmensnachfolge offiziell vorgestellt\"}]},{\"@type\":\"WebSite\",\"@id\":\"https:\\\/\\\/www.organisator.ch\\\/#website\",\"url\":\"https:\\\/\\\/www.organisator.ch\\\/\",\"name\":\"Organisator\",\"description\":\"Kompetent. Praxisnah. Der ORGANISATOR bereitet in 10 Ausgaben pro Jahr die wesentlichen Themen f\u00fcr F\u00fchrungskr\u00e4fte von KMU auf.\",\"publisher\":{\"@id\":\"https:\\\/\\\/www.organisator.ch\\\/#organization\"},\"potentialAction\":[{\"@type\":\"SearchAction\",\"target\":{\"@type\":\"EntryPoint\",\"urlTemplate\":\"https:\\\/\\\/www.organisator.ch\\\/?s={search_term_string}\"},\"query-input\":{\"@type\":\"PropertyValueSpecification\",\"valueRequired\":true,\"valueName\":\"search_term_string\"}}],\"inLanguage\":\"de\"},{\"@type\":\"Organization\",\"@id\":\"https:\\\/\\\/www.organisator.ch\\\/#organization\",\"name\":\"Organisator\",\"url\":\"https:\\\/\\\/www.organisator.ch\\\/\",\"logo\":{\"@type\":\"ImageObject\",\"inLanguage\":\"de\",\"@id\":\"https:\\\/\\\/www.organisator.ch\\\/#\\\/schema\\\/logo\\\/image\\\/\",\"url\":\"https:\\\/\\\/www.organisator.ch\\\/wp-content\\\/uploads\\\/2022\\\/01\\\/Logo_Organisator_Website.png\",\"contentUrl\":\"https:\\\/\\\/www.organisator.ch\\\/wp-content\\\/uploads\\\/2022\\\/01\\\/Logo_Organisator_Website.png\",\"width\":800,\"height\":77,\"caption\":\"Organisator\"},\"image\":{\"@id\":\"https:\\\/\\\/www.organisator.ch\\\/#\\\/schema\\\/logo\\\/image\\\/\"},\"sameAs\":[\"https:\\\/\\\/www.facebook.com\\\/OrganisatorFachmagazin\",\"https:\\\/\\\/www.linkedin.com\\\/showcase\\\/organisator-das-magazin-fr-kmu\",\"https:\\\/\\\/www.xing.com\\\/news\\\/pages\\\/organisator-ch-695\",\"https:\\\/\\\/www.youtube.com\\\/channel\\\/UCGP2Sq0iWaZwT3BdIAQFYpw\"]},{\"@type\":\"Person\",\"@id\":\"https:\\\/\\\/www.organisator.ch\\\/#\\\/schema\\\/person\\\/6f650f90b2842cd4c0cc334b4e36f67e\",\"name\":\"thomas.berner\",\"image\":{\"@type\":\"ImageObject\",\"inLanguage\":\"de\",\"@id\":\"https:\\\/\\\/secure.gravatar.com\\\/avatar\\\/ac5001d2a36cb6c6cd3e50789007ffca834b477b74a2144564522e944eabff61?s=96&d=mm&r=g\",\"url\":\"https:\\\/\\\/secure.gravatar.com\\\/avatar\\\/ac5001d2a36cb6c6cd3e50789007ffca834b477b74a2144564522e944eabff61?s=96&d=mm&r=g\",\"contentUrl\":\"https:\\\/\\\/secure.gravatar.com\\\/avatar\\\/ac5001d2a36cb6c6cd3e50789007ffca834b477b74a2144564522e944eabff61?s=96&d=mm&r=g\",\"caption\":\"thomas.berner\"},\"url\":\"https:\\\/\\\/www.organisator.ch\\\/de\\\/author\\\/thomas-berner\\\/\"}]}<\/script>\n<!-- \/ Yoast SEO plugin. -->","yoast_head_json":{"title":"Schweizer Dachverband f\u00fcr Unternehmensnachfolge offiziell vorgestellt - Organisator","description":"Am 8. September 2022 stellte sich der Schweizer Dachverband f\u00fcr Unternehmensnachfolge erstmals einem gr\u00f6sseren Publikum vor.","robots":{"index":"index","follow":"follow","max-snippet":"max-snippet:-1","max-image-preview":"max-image-preview:large","max-video-preview":"max-video-preview:-1"},"canonical":"https:\/\/www.organisator.ch\/de\/management\/2022-09-09\/schweizer-dachverband-fuer-unternehmensnachfolge-offiziell-vorgestellt\/","og_locale":"de_DE","og_type":"article","og_title":"Schweizer Dachverband f\u00fcr Unternehmensnachfolge offiziell vorgestellt","og_description":"Am 8. September 2022 stellte sich der Schweizer Dachverband f\u00fcr Unternehmensnachfolge erstmals einem gr\u00f6sseren Publikum vor.","og_url":"https:\/\/www.organisator.ch\/de\/management\/2022-09-09\/schweizer-dachverband-fuer-unternehmensnachfolge-offiziell-vorgestellt\/","og_site_name":"Organisator","article_publisher":"https:\/\/www.facebook.com\/OrganisatorFachmagazin","article_published_time":"2022-09-09T08:04:26+00:00","article_modified_time":"2022-09-09T08:06:47+00:00","og_image":[{"width":680,"height":383,"url":"https:\/\/www.organisator.ch\/wp-content\/uploads\/2022\/09\/Schweizer-Dachverband-fur-Unternehmensnachfolge-offiziell-vorgestellt_Organisator.jpg","type":"image\/jpeg"}],"author":"thomas.berner","twitter_card":"summary_large_image","twitter_title":"Schweizer #Dachverband f\u00fcr #Unternehmensnachfolge offiziell vorgestellt","twitter_description":"Am 8. September 2022 stellte sich der Schweizer #Dachverband f\u00fcr Unternehmensnachfolge #CHDU erstmals einem gr\u00f6sseren Publikum vor.","twitter_image":"https:\/\/www.organisator.ch\/wp-content\/uploads\/2022\/09\/Schweizer-Dachverband-fur-Unternehmensnachfolge-offiziell-vorgestellt_Organisator.jpg","schema":{"@context":"https:\/\/schema.org","@graph":[{"@type":"Article","@id":"https:\/\/www.organisator.ch\/management\/2022-09-09\/schweizer-dachverband-fuer-unternehmensnachfolge-offiziell-vorgestellt\/#article","isPartOf":{"@id":"https:\/\/www.organisator.ch\/management\/2022-09-09\/schweizer-dachverband-fuer-unternehmensnachfolge-offiziell-vorgestellt\/"},"author":{"name":"thomas.berner","@id":"https:\/\/www.organisator.ch\/#\/schema\/person\/6f650f90b2842cd4c0cc334b4e36f67e"},"headline":"Schweizer Dachverband f\u00fcr Unternehmensnachfolge offiziell vorgestellt","datePublished":"2022-09-09T08:04:26+00:00","dateModified":"2022-09-09T08:06:47+00:00","mainEntityOfPage":{"@id":"https:\/\/www.organisator.ch\/management\/2022-09-09\/schweizer-dachverband-fuer-unternehmensnachfolge-offiziell-vorgestellt\/"},"wordCount":768,"publisher":{"@id":"https:\/\/www.organisator.ch\/#organization"},"image":{"@id":"https:\/\/www.organisator.ch\/management\/2022-09-09\/schweizer-dachverband-fuer-unternehmensnachfolge-offiziell-vorgestellt\/#primaryimage"},"thumbnailUrl":"https:\/\/www.organisator.ch\/wp-content\/uploads\/2022\/09\/Schweizer-Dachverband-fur-Unternehmensnachfolge-offiziell-vorgestellt_Organisator.jpg","keywords":["Firmennachfolge","Management und Unternehmensf\u00fchrung","Verb\u00e4nde"],"articleSection":["MANAGEMENT"],"inLanguage":"de"},{"@type":"WebPage","@id":"https:\/\/www.organisator.ch\/management\/2022-09-09\/schweizer-dachverband-fuer-unternehmensnachfolge-offiziell-vorgestellt\/","url":"https:\/\/www.organisator.ch\/management\/2022-09-09\/schweizer-dachverband-fuer-unternehmensnachfolge-offiziell-vorgestellt\/","name":"Schweizer Dachverband f\u00fcr Unternehmensnachfolge offiziell vorgestellt - Organisator","isPartOf":{"@id":"https:\/\/www.organisator.ch\/#website"},"primaryImageOfPage":{"@id":"https:\/\/www.organisator.ch\/management\/2022-09-09\/schweizer-dachverband-fuer-unternehmensnachfolge-offiziell-vorgestellt\/#primaryimage"},"image":{"@id":"https:\/\/www.organisator.ch\/management\/2022-09-09\/schweizer-dachverband-fuer-unternehmensnachfolge-offiziell-vorgestellt\/#primaryimage"},"thumbnailUrl":"https:\/\/www.organisator.ch\/wp-content\/uploads\/2022\/09\/Schweizer-Dachverband-fur-Unternehmensnachfolge-offiziell-vorgestellt_Organisator.jpg","datePublished":"2022-09-09T08:04:26+00:00","dateModified":"2022-09-09T08:06:47+00:00","description":"Am 8. September 2022 stellte sich der Schweizer Dachverband f\u00fcr Unternehmensnachfolge erstmals einem gr\u00f6sseren Publikum vor.","breadcrumb":{"@id":"https:\/\/www.organisator.ch\/management\/2022-09-09\/schweizer-dachverband-fuer-unternehmensnachfolge-offiziell-vorgestellt\/#breadcrumb"},"inLanguage":"de","potentialAction":[{"@type":"ReadAction","target":["https:\/\/www.organisator.ch\/management\/2022-09-09\/schweizer-dachverband-fuer-unternehmensnachfolge-offiziell-vorgestellt\/"]}]},{"@type":"ImageObject","inLanguage":"de","@id":"https:\/\/www.organisator.ch\/management\/2022-09-09\/schweizer-dachverband-fuer-unternehmensnachfolge-offiziell-vorgestellt\/#primaryimage","url":"https:\/\/www.organisator.ch\/wp-content\/uploads\/2022\/09\/Schweizer-Dachverband-fur-Unternehmensnachfolge-offiziell-vorgestellt_Organisator.jpg","contentUrl":"https:\/\/www.organisator.ch\/wp-content\/uploads\/2022\/09\/Schweizer-Dachverband-fur-Unternehmensnachfolge-offiziell-vorgestellt_Organisator.jpg"},{"@type":"BreadcrumbList","@id":"https:\/\/www.organisator.ch\/management\/2022-09-09\/schweizer-dachverband-fuer-unternehmensnachfolge-offiziell-vorgestellt\/#breadcrumb","itemListElement":[{"@type":"ListItem","position":1,"name":"Home","item":"https:\/\/www.organisator.ch\/"},{"@type":"ListItem","position":2,"name":"Schweizer Dachverband f\u00fcr Unternehmensnachfolge offiziell vorgestellt"}]},{"@type":"WebSite","@id":"https:\/\/www.organisator.ch\/#website","url":"https:\/\/www.organisator.ch\/","name":"Organisator","description":"Kompetent. Praxisnah. Der ORGANISATOR bereitet in 10 Ausgaben pro Jahr die wesentlichen Themen f\u00fcr F\u00fchrungskr\u00e4fte von KMU auf.","publisher":{"@id":"https:\/\/www.organisator.ch\/#organization"},"potentialAction":[{"@type":"SearchAction","target":{"@type":"EntryPoint","urlTemplate":"https:\/\/www.organisator.ch\/?s={search_term_string}"},"query-input":{"@type":"PropertyValueSpecification","valueRequired":true,"valueName":"search_term_string"}}],"inLanguage":"de"},{"@type":"Organization","@id":"https:\/\/www.organisator.ch\/#organization","name":"Organisator","url":"https:\/\/www.organisator.ch\/","logo":{"@type":"ImageObject","inLanguage":"de","@id":"https:\/\/www.organisator.ch\/#\/schema\/logo\/image\/","url":"https:\/\/www.organisator.ch\/wp-content\/uploads\/2022\/01\/Logo_Organisator_Website.png","contentUrl":"https:\/\/www.organisator.ch\/wp-content\/uploads\/2022\/01\/Logo_Organisator_Website.png","width":800,"height":77,"caption":"Organisator"},"image":{"@id":"https:\/\/www.organisator.ch\/#\/schema\/logo\/image\/"},"sameAs":["https:\/\/www.facebook.com\/OrganisatorFachmagazin","https:\/\/www.linkedin.com\/showcase\/organisator-das-magazin-fr-kmu","https:\/\/www.xing.com\/news\/pages\/organisator-ch-695","https:\/\/www.youtube.com\/channel\/UCGP2Sq0iWaZwT3BdIAQFYpw"]},{"@type":"Person","@id":"https:\/\/www.organisator.ch\/#\/schema\/person\/6f650f90b2842cd4c0cc334b4e36f67e","name":"thomas.berner","image":{"@type":"ImageObject","inLanguage":"de","@id":"https:\/\/secure.gravatar.com\/avatar\/ac5001d2a36cb6c6cd3e50789007ffca834b477b74a2144564522e944eabff61?s=96&d=mm&r=g","url":"https:\/\/secure.gravatar.com\/avatar\/ac5001d2a36cb6c6cd3e50789007ffca834b477b74a2144564522e944eabff61?s=96&d=mm&r=g","contentUrl":"https:\/\/secure.gravatar.com\/avatar\/ac5001d2a36cb6c6cd3e50789007ffca834b477b74a2144564522e944eabff61?s=96&d=mm&r=g","caption":"thomas.berner"},"url":"https:\/\/www.organisator.ch\/de\/author\/thomas-berner\/"}]}},"_links":{"self":[{"href":"https:\/\/www.organisator.ch\/de\/wp-json\/wp\/v2\/posts\/16862","targetHints":{"allow":["GET"]}}],"collection":[{"href":"https:\/\/www.organisator.ch\/de\/wp-json\/wp\/v2\/posts"}],"about":[{"href":"https:\/\/www.organisator.ch\/de\/wp-json\/wp\/v2\/types\/post"}],"author":[{"embeddable":true,"href":"https:\/\/www.organisator.ch\/de\/wp-json\/wp\/v2\/users\/4"}],"replies":[{"embeddable":true,"href":"https:\/\/www.organisator.ch\/de\/wp-json\/wp\/v2\/comments?post=16862"}],"version-history":[{"count":3,"href":"https:\/\/www.organisator.ch\/de\/wp-json\/wp\/v2\/posts\/16862\/revisions"}],"predecessor-version":[{"id":16871,"href":"https:\/\/www.organisator.ch\/de\/wp-json\/wp\/v2\/posts\/16862\/revisions\/16871"}],"wp:attachment":[{"href":"https:\/\/www.organisator.ch\/de\/wp-json\/wp\/v2\/media?parent=16862"}],"wp:term":[{"taxonomy":"category","embeddable":true,"href":"https:\/\/www.organisator.ch\/de\/wp-json\/wp\/v2\/categories?post=16862"},{"taxonomy":"post_tag","embeddable":true,"href":"https:\/\/www.organisator.ch\/de\/wp-json\/wp\/v2\/tags?post=16862"}],"curies":[{"name":"wp","href":"https:\/\/api.w.org\/{rel}","templated":true}]}}