{"id":16877,"date":"2022-09-09T13:53:26","date_gmt":"2022-09-09T11:53:26","guid":{"rendered":"https:\/\/www.organisator.ch\/?p=16877"},"modified":"2022-09-09T13:53:26","modified_gmt":"2022-09-09T11:53:26","slug":"business-day-swissmechanic-2022-loesungswege-gefragt-nicht-schlagwoerter","status":"publish","type":"post","link":"https:\/\/www.organisator.ch\/de\/sustainability\/2022-09-09\/business-day-swissmechanic-2022-loesungswege-gefragt-nicht-schlagwoerter\/","title":{"rendered":"Business Day Swissmechanic 2022: L\u00f6sungswege gefragt, nicht Schlagw\u00f6rter"},"content":{"rendered":"<figure id=\"attachment_16878\" aria-describedby=\"caption-attachment-16878\" style=\"width: 680px\" class=\"wp-caption alignnone\"><img loading=\"lazy\" decoding=\"async\" class=\"size-full wp-image-16878\" src=\"https:\/\/www.organisator.ch\/wp-content\/uploads\/2022\/09\/Business-Day-Swissmechanic-2022-Losungswege-gefragt-nicht-Schlagworter-1_Organisator.jpg\" alt=\"\" width=\"680\" height=\"453\" srcset=\"https:\/\/www.organisator.ch\/wp-content\/uploads\/2022\/09\/Business-Day-Swissmechanic-2022-Losungswege-gefragt-nicht-Schlagworter-1_Organisator.jpg 680w, https:\/\/www.organisator.ch\/wp-content\/uploads\/2022\/09\/Business-Day-Swissmechanic-2022-Losungswege-gefragt-nicht-Schlagworter-1_Organisator-18x12.jpg 18w, https:\/\/www.organisator.ch\/wp-content\/uploads\/2022\/09\/Business-Day-Swissmechanic-2022-Losungswege-gefragt-nicht-Schlagworter-1_Organisator-263x175.jpg 263w, https:\/\/www.organisator.ch\/wp-content\/uploads\/2022\/09\/Business-Day-Swissmechanic-2022-Losungswege-gefragt-nicht-Schlagworter-1_Organisator-525x350.jpg 525w, https:\/\/www.organisator.ch\/wp-content\/uploads\/2022\/09\/Business-Day-Swissmechanic-2022-Losungswege-gefragt-nicht-Schlagworter-1_Organisator-300x200.jpg 300w\" sizes=\"auto, (max-width: 680px) 100vw, 680px\" \/><figcaption id=\"caption-attachment-16878\" class=\"wp-caption-text\">Thierry Burkart im Polit-Talk mit Claudia Steinmann am Swissmechanic Business Day: \u00abIhr Swissmechaniker seid systemrelevant, Ihr seid too many to fail!\u00bb (Bild: Swissmechanic)<\/figcaption><\/figure>\n<p>Swissmechanic, der Arbeitgeberverband der KMU in der Maschinen-, Elektro- und Metall-Industrie, ging am 6. September am traditionellen Business Day vertieft aufs topaktuelle Thema \u00abENERGIE \u2013 Geht der Schweiz der Strom aus?\u00bb ein. Hochkar\u00e4tige Fachleute \u2013 erfahrene Koryph\u00e4en auf ihrem Gebiet \u2013 nahmen das Thema Energie und Umwelt aus ihrem ganz spezifischen Blickwinkel unter die Lupe. \u00abIm Moment \u00fcberh\u00e4ufen sich Politik, Parteien und Verb\u00e4nde mit Vorw\u00fcrfen, Schuldzuweisungen und wilden Forderungen. Es wird heiss gestritten, wer zu opportunistisch oder allzu leichtfertig gewesen ist und wem der S\u00fcndenbock zugewiesen werden kann. Wir brauchen jetzt aber keine Schlagw\u00f6rter, die zwar ein mediales Echo ausl\u00f6sen, aber kaum Wissen vermitteln und kaum L\u00f6sungswege aufzeigen. Wir brauchen klare Fakten, damit wir L\u00f6sungen finden, die in der Realit\u00e4t funktionieren\u00bb, monierte J\u00fcrg Marti, Direktor von Swissmechanic, in seiner Begr\u00fcssungsrede.<\/p>\n<h3><strong>Kritik an Europas Klimapolitik<\/strong><\/h3>\n<p>National\u00f6konom und Finanzwissenschaftler Prof. Dr. Hans-Werner Sinn, einer der wichtigsten K\u00f6pfe Deutschlands und mit zahlreichen Preisen ausgezeichnet, referierte \u00fcber das Klimaproblem und die Schweizer Energiewende. Sein Fazit: \u00abDas Klima kann man nicht sch\u00fctzen, ohne bindende weltweite Abkommen zu schliessen und zu kontrollieren. Europas Unilateralismus bei der Klimapolitik wird die Wettbewerbsf\u00e4higkeit seiner Industrien unterminieren, den wirtschaftlichen Niedergang einleiten und andere L\u00e4nder abhalten, dem europ\u00e4ischen, speziell dem deutschen Weg zu folgen.\u00bb<\/p>\n<figure id=\"attachment_16879\" aria-describedby=\"caption-attachment-16879\" style=\"width: 680px\" class=\"wp-caption alignnone\"><img loading=\"lazy\" decoding=\"async\" class=\"size-full wp-image-16879\" src=\"https:\/\/www.organisator.ch\/wp-content\/uploads\/2022\/09\/Business-Day-Swissmechanic-2022-Losungswege-gefragt-nicht-Schlagworter-2_Organisator.jpg\" alt=\"\" width=\"680\" height=\"453\" srcset=\"https:\/\/www.organisator.ch\/wp-content\/uploads\/2022\/09\/Business-Day-Swissmechanic-2022-Losungswege-gefragt-nicht-Schlagworter-2_Organisator.jpg 680w, https:\/\/www.organisator.ch\/wp-content\/uploads\/2022\/09\/Business-Day-Swissmechanic-2022-Losungswege-gefragt-nicht-Schlagworter-2_Organisator-18x12.jpg 18w, https:\/\/www.organisator.ch\/wp-content\/uploads\/2022\/09\/Business-Day-Swissmechanic-2022-Losungswege-gefragt-nicht-Schlagworter-2_Organisator-263x175.jpg 263w, https:\/\/www.organisator.ch\/wp-content\/uploads\/2022\/09\/Business-Day-Swissmechanic-2022-Losungswege-gefragt-nicht-Schlagworter-2_Organisator-525x350.jpg 525w, https:\/\/www.organisator.ch\/wp-content\/uploads\/2022\/09\/Business-Day-Swissmechanic-2022-Losungswege-gefragt-nicht-Schlagworter-2_Organisator-300x200.jpg 300w\" sizes=\"auto, (max-width: 680px) 100vw, 680px\" \/><figcaption id=\"caption-attachment-16879\" class=\"wp-caption-text\">Prof. Dr. Hans-Werner Sinn: \u00abDas Klima kann man nicht sch\u00fctzen, ohne bindende weltweite Abkommen zu schliessen und zu kontrollieren.\u00bb (Bild: Swissmechanic)<\/figcaption><\/figure>\n<h3><strong>Was im Krisenfall geschehen soll<\/strong><\/h3>\n<p>Werner Meier, diplomierter Elektroingenieur ETH, schon f\u00fcr mehrere Unternehmungen im Energiebereich t\u00e4tig und seit 2016 Delegierter f\u00fcr wirtschaftliche Landesversorgung, erl\u00e4uterte, bei welchen Gef\u00e4hrdungen und auf welche Weise die wirtschaftliche Landesversorgung einschreitet.<\/p>\n<p>Dr. Suzanne Thoma, diplomierte Chemieingenieurin (ETH Z\u00fcrich), Doktorin der technischen Wissenschaften, Verwaltungsratspr\u00e4sidentin der Sulzer AG und zuvor neun Jahre CEO der BKW AG mahnte: Die Energieversorgung der Schweiz sei zu mehr als 60 Prozent vom Ausland abh\u00e4ngig (Erd\u00f6l und Gas), die Abkehr von fossilen Energietr\u00e4gern f\u00fchre zu weiterem Bedarf an Elektrizit\u00e4t. Jederzeit gen\u00fcgend Strom \u00fcber den Tagesverlauf ben\u00f6tige weitere Stromquellen bzw. Stromimport. Zeitweise best\u00fcnden bis zu 7 GW Unterdeckung. Thoma sprach von einem \u00abTrilemma\u00bb der Schweizer Strompolitik. Diese habe drei Hauptprobleme: einen limitierten Import (stark reduzierte Kapazit\u00e4t Frankreichs, Gasmangel f\u00fcr deutsche Gaskraftwerke, kein EU-Stromabkommen), den steigenden Stromverbrauch und begrenzte Ausbaum\u00f6glichkeiten. Ein massiver Ausbau der Solarenergie l\u00f6se das Problem nicht gen\u00fcgend. Steuerbare Gaskraftwerke als \u00dcbergangsl\u00f6sung seien ein \u00abmust\u00bb. Man m\u00fcsse Investitionsanreize setzen, die Blockade-Mentalit\u00e4t f\u00fcr Ausbauprojekte \u00fcberwinden und die Situation mit Europa kl\u00e4ren, denn Energie sei sicherheitsrelevant. \u00abDen F\u00fcnfer und das Weggli gibt es mit keiner Energiestrategie\u00bb, erkl\u00e4rte Thoma in der Diskussionsrunde.<\/p>\n<h3><strong>Polit-Talk am Business Day von Swissmechanic<\/strong><\/h3>\n<p>Die Sichtweise einer liberalen Energiepolitik vertrat Thierry Burkart, Rechtsanwalt und Parteipr\u00e4sident der FDP, an einem Polit-Talk mit Moderatorin Claudia Steinmann, Chefredaktorin von Tele Z. Im Hinblick auf einen allf\u00e4lligen Ausstieg aus der Atomenergie propagierte Burkart ein sequenzielles Vorgehen: zuerst die Gew\u00e4hrleistung der kurzfristigen Stromversorgungssicherheit, mittelfristig eine Dekarbonisierung und erst langfristig die Atomenergie-Diskussion. Weiter gab Burkart zu bedenken, dass die Schweiz ihre eigenen Hausaufgaben erledigen m\u00fcsse, im Sinn einer vollst\u00e4ndigen Liberalisierung des Strommarktes, bevor an ein Stromabkommen mit der EU zu denken sei. Burkart schloss die anschliessende Diskussion mit dem Swissmechanic-Publikum mit der Aussage: \u00abIhr seid systemrelevant, Ihr seid too many to fail!\u00bb<\/p>\n<h3><strong>Sichere moderne Kernkraftwerke<\/strong><\/h3>\n<p>Dr. Marc Kenzelmann, seit 2020 Direktor des Eidgen\u00f6ssischen Nuklearsicherheitsinspektorats (ENSI), stellte den Anwesenden die Kernkraftwerke der aktuell vier Generationen und ihre Sicherheitssysteme vor. W\u00e4hrend bei Kraftwerken der aktuell vorherrschenden Generation zwei (bei 500 Reaktoren weltweit) ein schwerer Unfall statistisch alle 200 bis 2\u2019000 Jahre eintritt, sind Reaktoren der Generation drei vor allem dank passiver Sicherheitssysteme zehnmal sicherer (ein schwerer Unfall alle 20\u2019000 Jahre). Angesprochen auf die Strahlenbelastung, erkl\u00e4rte Kenzelmann als Walliser, dass die nat\u00fcrliche Strahlung in seinem Heimatkanton gleich hoch sei wie die aktuelle Strahlenbelastung in heute noch gesperrten Gebieten um Fukushima.<\/p>\n<h3><strong>Internationale Abstimmung fehlt<\/strong><\/h3>\n<p>Daniel B\u00fcchel, Vizedirektor des Bundesamtes f\u00fcr Energie (BFE) und Programmleiter von EnergieSchweiz, gab einen \u00dcberblick \u00fcber die aktuelle Energiesituation und kurz- und l\u00e4ngerfristige Massnahmen f\u00fcr die Bew\u00e4ltigung einer Strom- und Gasmangellage. Die Herausforderung in Europa sei, so B\u00fcchel, dass sich zwar alle L\u00e4nder gleichzeitig in der Energiewende befinden, aber sich dabei untereinander nicht abstimmen. Abschliessend ging B\u00fcchel auf Energiethemen ein, die KMU der MEM-Branche betreffen, und zeigte auf, in welchen Bereichen der Bund die Betriebe bei der Umsetzung von Energiesparmassnahmen unterst\u00fctzt.<\/p>\n<p>Umrahmt wurde der Business Day von zahlreichen Ausstellern, die ihre neuesten Entwicklungen pr\u00e4sentierten, vorab zum Thema Energie. Die anwesenden Unternehmer nutzten die Gelegenheit, sich untereinander auszutauschen und den Referenten kritische Fragen zu stellen.<\/p>\n<p><em>Quelle und weitere Informationen: <a href=\"http:\/\/www.swissmechanic.ch\">Swissmechanic<\/a><\/em><\/p>\n","protected":false},"excerpt":{"rendered":"<p>Swissmechanic, der Arbeitgeberverband der KMU in der Maschinen-, Elektro- und Metall-Industrie, ging am 6. September am traditionellen Business Day vertieft aufs topaktuelle Thema \u00abENERGIE \u2013 Geht der Schweiz der Strom aus?\u00bb ein. Hochkar\u00e4tige Fachleute \u2013 erfahrene Koryph\u00e4en auf ihrem Gebiet \u2013 nahmen das Thema Energie und Umwelt aus ihrem ganz spezifischen Blickwinkel unter die Lupe. [&hellip;]<\/p>\n","protected":false},"author":4,"featured_media":0,"comment_status":"closed","ping_status":"closed","sticky":false,"template":"","format":"standard","meta":{"_acf_changed":false,"_yoast_wpseo_focuskw":"Business Day","_yoast_wpseo_metadesc":"Erwartet uns im Winter eine Mangellage? Droht ein Blackout? Mit diesen und anderen Fragen besch\u00e4ftigte sich der Swissmechanic Business Day.","articlekey":"","footnotes":""},"categories":[580],"tags":[3363,193,503],"class_list":["post-16877","post","type-post","status-publish","format-standard","hentry","category-sustainability","tag-energiekrise","tag-fachkongressfachmesse","tag-verbaende"],"acf":[],"yoast_head":"<!-- This site is optimized with the Yoast SEO plugin v27.4 - https:\/\/yoast.com\/product\/yoast-seo-wordpress\/ -->\n<title>Business Day Swissmechanic 2022: L\u00f6sungswege gefragt, nicht Schlagw\u00f6rter - Organisator<\/title>\n<meta name=\"description\" content=\"Erwartet uns im Winter eine Mangellage? Droht ein Blackout? Mit diesen und anderen Fragen besch\u00e4ftigte sich der Swissmechanic Business Day.\" \/>\n<meta name=\"robots\" content=\"index, follow, max-snippet:-1, max-image-preview:large, max-video-preview:-1\" \/>\n<link rel=\"canonical\" href=\"https:\/\/www.organisator.ch\/de\/sustainability\/2022-09-09\/business-day-swissmechanic-2022-loesungswege-gefragt-nicht-schlagwoerter\/\" \/>\n<meta property=\"og:locale\" content=\"de_DE\" \/>\n<meta property=\"og:type\" content=\"article\" \/>\n<meta property=\"og:title\" content=\"Business Day Swissmechanic 2022: L\u00f6sungswege gefragt, nicht Schlagw\u00f6rter\" \/>\n<meta property=\"og:description\" content=\"Erwartet uns im Winter eine Mangellage? Droht ein Blackout? Mit diesen und anderen Fragen besch\u00e4ftigte sich der Swissmechanic Business Day.\" \/>\n<meta property=\"og:url\" content=\"https:\/\/www.organisator.ch\/de\/sustainability\/2022-09-09\/business-day-swissmechanic-2022-loesungswege-gefragt-nicht-schlagwoerter\/\" \/>\n<meta property=\"og:site_name\" content=\"Organisator\" \/>\n<meta property=\"article:publisher\" content=\"https:\/\/www.facebook.com\/OrganisatorFachmagazin\" \/>\n<meta property=\"article:published_time\" content=\"2022-09-09T11:53:26+00:00\" \/>\n<meta property=\"og:image\" content=\"https:\/\/www.organisator.ch\/wp-content\/uploads\/2022\/09\/Business-Day-Swissmechanic-2022-Losungswege-gefragt-nicht-Schlagworter-1_Organisator.jpg\" \/>\n\t<meta property=\"og:image:width\" content=\"680\" \/>\n\t<meta property=\"og:image:height\" content=\"453\" \/>\n\t<meta property=\"og:image:type\" content=\"image\/jpeg\" \/>\n<meta name=\"author\" content=\"thomas.berner\" \/>\n<meta name=\"twitter:card\" content=\"summary_large_image\" \/>\n<meta name=\"twitter:title\" content=\"Business Day #Swissmechanic 2022: #L\u00f6sungswege gefragt, nicht #Schlagw\u00f6rter\" \/>\n<meta name=\"twitter:description\" content=\"Erwartet uns im Winter eine #Mangellage? Droht ein #Blackout? Mit diesen und anderen Fragen besch\u00e4ftigte sich der #Swissmechanic Business Day.\" \/>\n<meta name=\"twitter:image\" content=\"https:\/\/www.organisator.ch\/wp-content\/uploads\/2022\/09\/Business-Day-Swissmechanic-2022-Losungswege-gefragt-nicht-Schlagworter-1_Organisator.jpg\" \/>\n<script type=\"application\/ld+json\" class=\"yoast-schema-graph\">{\"@context\":\"https:\\\/\\\/schema.org\",\"@graph\":[{\"@type\":\"Article\",\"@id\":\"https:\\\/\\\/www.organisator.ch\\\/sustainability\\\/2022-09-09\\\/business-day-swissmechanic-2022-loesungswege-gefragt-nicht-schlagwoerter\\\/#article\",\"isPartOf\":{\"@id\":\"https:\\\/\\\/www.organisator.ch\\\/sustainability\\\/2022-09-09\\\/business-day-swissmechanic-2022-loesungswege-gefragt-nicht-schlagwoerter\\\/\"},\"author\":{\"name\":\"thomas.berner\",\"@id\":\"https:\\\/\\\/www.organisator.ch\\\/#\\\/schema\\\/person\\\/6f650f90b2842cd4c0cc334b4e36f67e\"},\"headline\":\"Business Day Swissmechanic 2022: L\u00f6sungswege gefragt, nicht Schlagw\u00f6rter\",\"datePublished\":\"2022-09-09T11:53:26+00:00\",\"mainEntityOfPage\":{\"@id\":\"https:\\\/\\\/www.organisator.ch\\\/sustainability\\\/2022-09-09\\\/business-day-swissmechanic-2022-loesungswege-gefragt-nicht-schlagwoerter\\\/\"},\"wordCount\":836,\"publisher\":{\"@id\":\"https:\\\/\\\/www.organisator.ch\\\/#organization\"},\"image\":{\"@id\":\"https:\\\/\\\/www.organisator.ch\\\/sustainability\\\/2022-09-09\\\/business-day-swissmechanic-2022-loesungswege-gefragt-nicht-schlagwoerter\\\/#primaryimage\"},\"thumbnailUrl\":\"https:\\\/\\\/www.organisator.ch\\\/wp-content\\\/uploads\\\/2022\\\/09\\\/Business-Day-Swissmechanic-2022-Losungswege-gefragt-nicht-Schlagworter-1_Organisator.jpg\",\"keywords\":[\"Energiekrise\",\"Fachkongress\\\/Fachmesse\",\"Verb\u00e4nde\"],\"articleSection\":[\"SUSTAINABILITY\"],\"inLanguage\":\"de\"},{\"@type\":\"WebPage\",\"@id\":\"https:\\\/\\\/www.organisator.ch\\\/sustainability\\\/2022-09-09\\\/business-day-swissmechanic-2022-loesungswege-gefragt-nicht-schlagwoerter\\\/\",\"url\":\"https:\\\/\\\/www.organisator.ch\\\/sustainability\\\/2022-09-09\\\/business-day-swissmechanic-2022-loesungswege-gefragt-nicht-schlagwoerter\\\/\",\"name\":\"Business Day Swissmechanic 2022: L\u00f6sungswege gefragt, nicht Schlagw\u00f6rter - Organisator\",\"isPartOf\":{\"@id\":\"https:\\\/\\\/www.organisator.ch\\\/#website\"},\"primaryImageOfPage\":{\"@id\":\"https:\\\/\\\/www.organisator.ch\\\/sustainability\\\/2022-09-09\\\/business-day-swissmechanic-2022-loesungswege-gefragt-nicht-schlagwoerter\\\/#primaryimage\"},\"image\":{\"@id\":\"https:\\\/\\\/www.organisator.ch\\\/sustainability\\\/2022-09-09\\\/business-day-swissmechanic-2022-loesungswege-gefragt-nicht-schlagwoerter\\\/#primaryimage\"},\"thumbnailUrl\":\"https:\\\/\\\/www.organisator.ch\\\/wp-content\\\/uploads\\\/2022\\\/09\\\/Business-Day-Swissmechanic-2022-Losungswege-gefragt-nicht-Schlagworter-1_Organisator.jpg\",\"datePublished\":\"2022-09-09T11:53:26+00:00\",\"description\":\"Erwartet uns im Winter eine Mangellage? Droht ein Blackout? Mit diesen und anderen Fragen besch\u00e4ftigte sich der Swissmechanic Business Day.\",\"breadcrumb\":{\"@id\":\"https:\\\/\\\/www.organisator.ch\\\/sustainability\\\/2022-09-09\\\/business-day-swissmechanic-2022-loesungswege-gefragt-nicht-schlagwoerter\\\/#breadcrumb\"},\"inLanguage\":\"de\",\"potentialAction\":[{\"@type\":\"ReadAction\",\"target\":[\"https:\\\/\\\/www.organisator.ch\\\/sustainability\\\/2022-09-09\\\/business-day-swissmechanic-2022-loesungswege-gefragt-nicht-schlagwoerter\\\/\"]}]},{\"@type\":\"ImageObject\",\"inLanguage\":\"de\",\"@id\":\"https:\\\/\\\/www.organisator.ch\\\/sustainability\\\/2022-09-09\\\/business-day-swissmechanic-2022-loesungswege-gefragt-nicht-schlagwoerter\\\/#primaryimage\",\"url\":\"https:\\\/\\\/www.organisator.ch\\\/wp-content\\\/uploads\\\/2022\\\/09\\\/Business-Day-Swissmechanic-2022-Losungswege-gefragt-nicht-Schlagworter-1_Organisator.jpg\",\"contentUrl\":\"https:\\\/\\\/www.organisator.ch\\\/wp-content\\\/uploads\\\/2022\\\/09\\\/Business-Day-Swissmechanic-2022-Losungswege-gefragt-nicht-Schlagworter-1_Organisator.jpg\"},{\"@type\":\"BreadcrumbList\",\"@id\":\"https:\\\/\\\/www.organisator.ch\\\/sustainability\\\/2022-09-09\\\/business-day-swissmechanic-2022-loesungswege-gefragt-nicht-schlagwoerter\\\/#breadcrumb\",\"itemListElement\":[{\"@type\":\"ListItem\",\"position\":1,\"name\":\"Home\",\"item\":\"https:\\\/\\\/www.organisator.ch\\\/\"},{\"@type\":\"ListItem\",\"position\":2,\"name\":\"Business Day Swissmechanic 2022: L\u00f6sungswege gefragt, nicht Schlagw\u00f6rter\"}]},{\"@type\":\"WebSite\",\"@id\":\"https:\\\/\\\/www.organisator.ch\\\/#website\",\"url\":\"https:\\\/\\\/www.organisator.ch\\\/\",\"name\":\"Organisator\",\"description\":\"Kompetent. Praxisnah. Der ORGANISATOR bereitet in 10 Ausgaben pro Jahr die wesentlichen Themen f\u00fcr F\u00fchrungskr\u00e4fte von KMU auf.\",\"publisher\":{\"@id\":\"https:\\\/\\\/www.organisator.ch\\\/#organization\"},\"potentialAction\":[{\"@type\":\"SearchAction\",\"target\":{\"@type\":\"EntryPoint\",\"urlTemplate\":\"https:\\\/\\\/www.organisator.ch\\\/?s={search_term_string}\"},\"query-input\":{\"@type\":\"PropertyValueSpecification\",\"valueRequired\":true,\"valueName\":\"search_term_string\"}}],\"inLanguage\":\"de\"},{\"@type\":\"Organization\",\"@id\":\"https:\\\/\\\/www.organisator.ch\\\/#organization\",\"name\":\"Organisator\",\"url\":\"https:\\\/\\\/www.organisator.ch\\\/\",\"logo\":{\"@type\":\"ImageObject\",\"inLanguage\":\"de\",\"@id\":\"https:\\\/\\\/www.organisator.ch\\\/#\\\/schema\\\/logo\\\/image\\\/\",\"url\":\"https:\\\/\\\/www.organisator.ch\\\/wp-content\\\/uploads\\\/2022\\\/01\\\/Logo_Organisator_Website.png\",\"contentUrl\":\"https:\\\/\\\/www.organisator.ch\\\/wp-content\\\/uploads\\\/2022\\\/01\\\/Logo_Organisator_Website.png\",\"width\":800,\"height\":77,\"caption\":\"Organisator\"},\"image\":{\"@id\":\"https:\\\/\\\/www.organisator.ch\\\/#\\\/schema\\\/logo\\\/image\\\/\"},\"sameAs\":[\"https:\\\/\\\/www.facebook.com\\\/OrganisatorFachmagazin\",\"https:\\\/\\\/www.linkedin.com\\\/showcase\\\/organisator-das-magazin-fr-kmu\",\"https:\\\/\\\/www.xing.com\\\/news\\\/pages\\\/organisator-ch-695\",\"https:\\\/\\\/www.youtube.com\\\/channel\\\/UCGP2Sq0iWaZwT3BdIAQFYpw\"]},{\"@type\":\"Person\",\"@id\":\"https:\\\/\\\/www.organisator.ch\\\/#\\\/schema\\\/person\\\/6f650f90b2842cd4c0cc334b4e36f67e\",\"name\":\"thomas.berner\",\"image\":{\"@type\":\"ImageObject\",\"inLanguage\":\"de\",\"@id\":\"https:\\\/\\\/secure.gravatar.com\\\/avatar\\\/ac5001d2a36cb6c6cd3e50789007ffca834b477b74a2144564522e944eabff61?s=96&d=mm&r=g\",\"url\":\"https:\\\/\\\/secure.gravatar.com\\\/avatar\\\/ac5001d2a36cb6c6cd3e50789007ffca834b477b74a2144564522e944eabff61?s=96&d=mm&r=g\",\"contentUrl\":\"https:\\\/\\\/secure.gravatar.com\\\/avatar\\\/ac5001d2a36cb6c6cd3e50789007ffca834b477b74a2144564522e944eabff61?s=96&d=mm&r=g\",\"caption\":\"thomas.berner\"},\"url\":\"https:\\\/\\\/www.organisator.ch\\\/de\\\/author\\\/thomas-berner\\\/\"}]}<\/script>\n<!-- \/ Yoast SEO plugin. -->","yoast_head_json":{"title":"Business Day Swissmechanic 2022: L\u00f6sungswege gefragt, nicht Schlagw\u00f6rter - Organisator","description":"Erwartet uns im Winter eine Mangellage? Droht ein Blackout? Mit diesen und anderen Fragen besch\u00e4ftigte sich der Swissmechanic Business Day.","robots":{"index":"index","follow":"follow","max-snippet":"max-snippet:-1","max-image-preview":"max-image-preview:large","max-video-preview":"max-video-preview:-1"},"canonical":"https:\/\/www.organisator.ch\/de\/sustainability\/2022-09-09\/business-day-swissmechanic-2022-loesungswege-gefragt-nicht-schlagwoerter\/","og_locale":"de_DE","og_type":"article","og_title":"Business Day Swissmechanic 2022: L\u00f6sungswege gefragt, nicht Schlagw\u00f6rter","og_description":"Erwartet uns im Winter eine Mangellage? Droht ein Blackout? Mit diesen und anderen Fragen besch\u00e4ftigte sich der Swissmechanic Business Day.","og_url":"https:\/\/www.organisator.ch\/de\/sustainability\/2022-09-09\/business-day-swissmechanic-2022-loesungswege-gefragt-nicht-schlagwoerter\/","og_site_name":"Organisator","article_publisher":"https:\/\/www.facebook.com\/OrganisatorFachmagazin","article_published_time":"2022-09-09T11:53:26+00:00","og_image":[{"width":680,"height":453,"url":"https:\/\/www.organisator.ch\/wp-content\/uploads\/2022\/09\/Business-Day-Swissmechanic-2022-Losungswege-gefragt-nicht-Schlagworter-1_Organisator.jpg","type":"image\/jpeg"}],"author":"thomas.berner","twitter_card":"summary_large_image","twitter_title":"Business Day #Swissmechanic 2022: #L\u00f6sungswege gefragt, nicht #Schlagw\u00f6rter","twitter_description":"Erwartet uns im Winter eine #Mangellage? Droht ein #Blackout? Mit diesen und anderen Fragen besch\u00e4ftigte sich der #Swissmechanic Business Day.","twitter_image":"https:\/\/www.organisator.ch\/wp-content\/uploads\/2022\/09\/Business-Day-Swissmechanic-2022-Losungswege-gefragt-nicht-Schlagworter-1_Organisator.jpg","schema":{"@context":"https:\/\/schema.org","@graph":[{"@type":"Article","@id":"https:\/\/www.organisator.ch\/sustainability\/2022-09-09\/business-day-swissmechanic-2022-loesungswege-gefragt-nicht-schlagwoerter\/#article","isPartOf":{"@id":"https:\/\/www.organisator.ch\/sustainability\/2022-09-09\/business-day-swissmechanic-2022-loesungswege-gefragt-nicht-schlagwoerter\/"},"author":{"name":"thomas.berner","@id":"https:\/\/www.organisator.ch\/#\/schema\/person\/6f650f90b2842cd4c0cc334b4e36f67e"},"headline":"Business Day Swissmechanic 2022: L\u00f6sungswege gefragt, nicht Schlagw\u00f6rter","datePublished":"2022-09-09T11:53:26+00:00","mainEntityOfPage":{"@id":"https:\/\/www.organisator.ch\/sustainability\/2022-09-09\/business-day-swissmechanic-2022-loesungswege-gefragt-nicht-schlagwoerter\/"},"wordCount":836,"publisher":{"@id":"https:\/\/www.organisator.ch\/#organization"},"image":{"@id":"https:\/\/www.organisator.ch\/sustainability\/2022-09-09\/business-day-swissmechanic-2022-loesungswege-gefragt-nicht-schlagwoerter\/#primaryimage"},"thumbnailUrl":"https:\/\/www.organisator.ch\/wp-content\/uploads\/2022\/09\/Business-Day-Swissmechanic-2022-Losungswege-gefragt-nicht-Schlagworter-1_Organisator.jpg","keywords":["Energiekrise","Fachkongress\/Fachmesse","Verb\u00e4nde"],"articleSection":["SUSTAINABILITY"],"inLanguage":"de"},{"@type":"WebPage","@id":"https:\/\/www.organisator.ch\/sustainability\/2022-09-09\/business-day-swissmechanic-2022-loesungswege-gefragt-nicht-schlagwoerter\/","url":"https:\/\/www.organisator.ch\/sustainability\/2022-09-09\/business-day-swissmechanic-2022-loesungswege-gefragt-nicht-schlagwoerter\/","name":"Business Day Swissmechanic 2022: L\u00f6sungswege gefragt, nicht Schlagw\u00f6rter - Organisator","isPartOf":{"@id":"https:\/\/www.organisator.ch\/#website"},"primaryImageOfPage":{"@id":"https:\/\/www.organisator.ch\/sustainability\/2022-09-09\/business-day-swissmechanic-2022-loesungswege-gefragt-nicht-schlagwoerter\/#primaryimage"},"image":{"@id":"https:\/\/www.organisator.ch\/sustainability\/2022-09-09\/business-day-swissmechanic-2022-loesungswege-gefragt-nicht-schlagwoerter\/#primaryimage"},"thumbnailUrl":"https:\/\/www.organisator.ch\/wp-content\/uploads\/2022\/09\/Business-Day-Swissmechanic-2022-Losungswege-gefragt-nicht-Schlagworter-1_Organisator.jpg","datePublished":"2022-09-09T11:53:26+00:00","description":"Erwartet uns im Winter eine Mangellage? Droht ein Blackout? Mit diesen und anderen Fragen besch\u00e4ftigte sich der Swissmechanic Business Day.","breadcrumb":{"@id":"https:\/\/www.organisator.ch\/sustainability\/2022-09-09\/business-day-swissmechanic-2022-loesungswege-gefragt-nicht-schlagwoerter\/#breadcrumb"},"inLanguage":"de","potentialAction":[{"@type":"ReadAction","target":["https:\/\/www.organisator.ch\/sustainability\/2022-09-09\/business-day-swissmechanic-2022-loesungswege-gefragt-nicht-schlagwoerter\/"]}]},{"@type":"ImageObject","inLanguage":"de","@id":"https:\/\/www.organisator.ch\/sustainability\/2022-09-09\/business-day-swissmechanic-2022-loesungswege-gefragt-nicht-schlagwoerter\/#primaryimage","url":"https:\/\/www.organisator.ch\/wp-content\/uploads\/2022\/09\/Business-Day-Swissmechanic-2022-Losungswege-gefragt-nicht-Schlagworter-1_Organisator.jpg","contentUrl":"https:\/\/www.organisator.ch\/wp-content\/uploads\/2022\/09\/Business-Day-Swissmechanic-2022-Losungswege-gefragt-nicht-Schlagworter-1_Organisator.jpg"},{"@type":"BreadcrumbList","@id":"https:\/\/www.organisator.ch\/sustainability\/2022-09-09\/business-day-swissmechanic-2022-loesungswege-gefragt-nicht-schlagwoerter\/#breadcrumb","itemListElement":[{"@type":"ListItem","position":1,"name":"Home","item":"https:\/\/www.organisator.ch\/"},{"@type":"ListItem","position":2,"name":"Business Day Swissmechanic 2022: L\u00f6sungswege gefragt, nicht Schlagw\u00f6rter"}]},{"@type":"WebSite","@id":"https:\/\/www.organisator.ch\/#website","url":"https:\/\/www.organisator.ch\/","name":"Organisator","description":"Kompetent. Praxisnah. Der ORGANISATOR bereitet in 10 Ausgaben pro Jahr die wesentlichen Themen f\u00fcr F\u00fchrungskr\u00e4fte von KMU auf.","publisher":{"@id":"https:\/\/www.organisator.ch\/#organization"},"potentialAction":[{"@type":"SearchAction","target":{"@type":"EntryPoint","urlTemplate":"https:\/\/www.organisator.ch\/?s={search_term_string}"},"query-input":{"@type":"PropertyValueSpecification","valueRequired":true,"valueName":"search_term_string"}}],"inLanguage":"de"},{"@type":"Organization","@id":"https:\/\/www.organisator.ch\/#organization","name":"Organisator","url":"https:\/\/www.organisator.ch\/","logo":{"@type":"ImageObject","inLanguage":"de","@id":"https:\/\/www.organisator.ch\/#\/schema\/logo\/image\/","url":"https:\/\/www.organisator.ch\/wp-content\/uploads\/2022\/01\/Logo_Organisator_Website.png","contentUrl":"https:\/\/www.organisator.ch\/wp-content\/uploads\/2022\/01\/Logo_Organisator_Website.png","width":800,"height":77,"caption":"Organisator"},"image":{"@id":"https:\/\/www.organisator.ch\/#\/schema\/logo\/image\/"},"sameAs":["https:\/\/www.facebook.com\/OrganisatorFachmagazin","https:\/\/www.linkedin.com\/showcase\/organisator-das-magazin-fr-kmu","https:\/\/www.xing.com\/news\/pages\/organisator-ch-695","https:\/\/www.youtube.com\/channel\/UCGP2Sq0iWaZwT3BdIAQFYpw"]},{"@type":"Person","@id":"https:\/\/www.organisator.ch\/#\/schema\/person\/6f650f90b2842cd4c0cc334b4e36f67e","name":"thomas.berner","image":{"@type":"ImageObject","inLanguage":"de","@id":"https:\/\/secure.gravatar.com\/avatar\/ac5001d2a36cb6c6cd3e50789007ffca834b477b74a2144564522e944eabff61?s=96&d=mm&r=g","url":"https:\/\/secure.gravatar.com\/avatar\/ac5001d2a36cb6c6cd3e50789007ffca834b477b74a2144564522e944eabff61?s=96&d=mm&r=g","contentUrl":"https:\/\/secure.gravatar.com\/avatar\/ac5001d2a36cb6c6cd3e50789007ffca834b477b74a2144564522e944eabff61?s=96&d=mm&r=g","caption":"thomas.berner"},"url":"https:\/\/www.organisator.ch\/de\/author\/thomas-berner\/"}]}},"_links":{"self":[{"href":"https:\/\/www.organisator.ch\/de\/wp-json\/wp\/v2\/posts\/16877","targetHints":{"allow":["GET"]}}],"collection":[{"href":"https:\/\/www.organisator.ch\/de\/wp-json\/wp\/v2\/posts"}],"about":[{"href":"https:\/\/www.organisator.ch\/de\/wp-json\/wp\/v2\/types\/post"}],"author":[{"embeddable":true,"href":"https:\/\/www.organisator.ch\/de\/wp-json\/wp\/v2\/users\/4"}],"replies":[{"embeddable":true,"href":"https:\/\/www.organisator.ch\/de\/wp-json\/wp\/v2\/comments?post=16877"}],"version-history":[{"count":4,"href":"https:\/\/www.organisator.ch\/de\/wp-json\/wp\/v2\/posts\/16877\/revisions"}],"predecessor-version":[{"id":16911,"href":"https:\/\/www.organisator.ch\/de\/wp-json\/wp\/v2\/posts\/16877\/revisions\/16911"}],"wp:attachment":[{"href":"https:\/\/www.organisator.ch\/de\/wp-json\/wp\/v2\/media?parent=16877"}],"wp:term":[{"taxonomy":"category","embeddable":true,"href":"https:\/\/www.organisator.ch\/de\/wp-json\/wp\/v2\/categories?post=16877"},{"taxonomy":"post_tag","embeddable":true,"href":"https:\/\/www.organisator.ch\/de\/wp-json\/wp\/v2\/tags?post=16877"}],"curies":[{"name":"wp","href":"https:\/\/api.w.org\/{rel}","templated":true}]}}