{"id":1692,"date":"2017-03-29T11:39:31","date_gmt":"2017-03-29T09:39:31","guid":{"rendered":"https:\/\/www.organisator.ch\/?p=1692"},"modified":"2017-03-29T11:39:31","modified_gmt":"2017-03-29T09:39:31","slug":"fmh-statistik-zeigt-viele-aerzte-sind-im-pensionsalter","status":"publish","type":"post","link":"https:\/\/www.organisator.ch\/de\/allgemein\/2017-03-29\/fmh-statistik-zeigt-viele-aerzte-sind-im-pensionsalter\/","title":{"rendered":"FMH Statistik zeigt: viele \u00c4rzte sind im Pensionsalter"},"content":{"rendered":"<figure id=\"attachment_1693\" aria-describedby=\"caption-attachment-1693\" style=\"width: 680px\" class=\"wp-caption alignnone\"><img loading=\"lazy\" decoding=\"async\" class=\"size-medium wp-image-1693\" src=\"https:\/\/www.organisator.ch\/wp-content\/uploads\/2017\/03\/FMH_Statistik-viel-Aerzte-sind-im-Pensionsalter-org-organisator.jpg\" alt=\"\" width=\"680\" height=\"454\" srcset=\"https:\/\/www.organisator.ch\/wp-content\/uploads\/2017\/03\/FMH_Statistik-viel-Aerzte-sind-im-Pensionsalter-org-organisator.jpg 1000w, https:\/\/www.organisator.ch\/wp-content\/uploads\/2017\/03\/FMH_Statistik-viel-Aerzte-sind-im-Pensionsalter-org-organisator-680x454.jpg 680w, https:\/\/www.organisator.ch\/wp-content\/uploads\/2017\/03\/FMH_Statistik-viel-Aerzte-sind-im-Pensionsalter-org-organisator-768x512.jpg 768w, https:\/\/www.organisator.ch\/wp-content\/uploads\/2017\/03\/FMH_Statistik-viel-Aerzte-sind-im-Pensionsalter-org-organisator-16x12.jpg 16w, https:\/\/www.organisator.ch\/wp-content\/uploads\/2017\/03\/FMH_Statistik-viel-Aerzte-sind-im-Pensionsalter-org-organisator-262x175.jpg 262w, https:\/\/www.organisator.ch\/wp-content\/uploads\/2017\/03\/FMH_Statistik-viel-Aerzte-sind-im-Pensionsalter-org-organisator-525x350.jpg 525w, https:\/\/www.organisator.ch\/wp-content\/uploads\/2017\/03\/FMH_Statistik-viel-Aerzte-sind-im-Pensionsalter-org-organisator-920x614.jpg 920w, https:\/\/www.organisator.ch\/wp-content\/uploads\/2017\/03\/FMH_Statistik-viel-Aerzte-sind-im-Pensionsalter-org-organisator-300x200.jpg 300w\" sizes=\"auto, (max-width: 680px) 100vw, 680px\" \/><figcaption id=\"caption-attachment-1693\" class=\"wp-caption-text\">Gem\u00e4ss der FMH-Statistik von 2016 arbeiten \u00c4rzte und \u00c4rztinnen im ambulanten Bereich je l\u00e4nger je mehr \u00fcber das Pensionsalter hinaus. (Bild: depositphotos)<\/figcaption><\/figure>\n<p>Die FMH-Statistik unterstreicht: Im Jahr 2016 waren gesamthaft 36\u2018175 \u00c4rztinnen und \u00c4rzte hierzulande berufst\u00e4tig. Zwar machen die M\u00e4nner mit 58,7 Prozent nach wie vor die Mehrheit der \u00c4rzteschaft aus. Aber der Anteil der Frauen ist seit 2010 um 37,9 Prozent angewachsen.<\/p>\n<p>Eine Mehrheit von 51,1 Prozent der \u00c4rztinnen und \u00c4rzte arbeitet im ambulanten Sektor \u2013 47,3 Prozent sind im station\u00e4ren Sektor t\u00e4tig. 23 Prozent der \u00c4rztinnen und \u00c4rzte haben einen Facharzttitel in Allgemeiner Innerer Medizin, gefolgt von Psychiatrie und Psychotherapie (10,1 Prozent) sowie Kinder- und Jugendmedizin (4,9 Prozent).<\/p>\n<p><strong>\u00c4rzte im Pensionierungsalter <\/strong><\/p>\n<p>Das Durchschnittsalter der \u00c4rzte in der Schweiz lag 2016 bei 49,2 Jahren, wobei \u00c4rzte im ambulanten Sektor (54,6 Jahre) im Schnitt \u00fcber zehn Jahre \u00e4lter sind als ihre Kollegen im station\u00e4ren Bereich(43,2 Jahre). Dies ist insbesondere darauf zur\u00fcckzuf\u00fchren, dass die Weiterbildung bis zur Erlangung des Facharzttitels vorwiegend in Spit\u00e4lern stattfindet.<\/p>\n<p>Werden die Assistenz\u00e4rzte aus der Betrachtung des Durchschnittsalters ausgeklammert, so steigt das durchschnittliche Alter der im station\u00e4ren Sektor t\u00e4tigen \u00c4rzte auf 46,0 Jahre an.<\/p>\n<p>Im Vergleich zum Jahr 2008 zeigt sich, dass ambulant t\u00e4tige Grundversorger im Jahr 2016 deutlich \u00f6fter \u00fcber das Pensionierungsalter hinaus berufst\u00e4tig waren. Dies kann verschiedene Ursachen haben: Erstens d\u00fcrfte die Nachfolgeplanung f\u00fcr eine Praxis weiterhin schwierig sein, zweitens m\u00f6chten die \u00c4rzte aber auch unabh\u00e4ngig der Nachfolgeplanung \u00fcber das Pensionierungsalter hinaus arbeiten.<\/p>\n<p><strong>Ausl\u00e4nderanteil steigt weiter an<\/strong><\/p>\n<p>Im Jahr 2016 haben 11\u2018900 der berufst\u00e4tigen \u00c4rztinnen und \u00c4rzte in der Schweiz ein ausl\u00e4ndisches \u00c4rztediplom. Dies entspricht einem Anteil von 32,9 Prozent an der gesamten \u00c4rzteschaft. Im station\u00e4ren Bereich betr\u00e4gt der Anteil 38,4 Prozent. Die meisten berufst\u00e4tigen ausl\u00e4ndischen \u00c4rzte stammen aus den umliegenden L\u00e4ndern: Deutschland (53,6 Prozent), \u00d6sterreich (10,8 Prozent), Italien (9,6 Prozent) und Frankreich (3,0 Prozent).<\/p>\n<p>Ein Blick auf die Weiterbildung zeigt, dass 44,2 Prozent der \u00c4rztinnen und \u00c4rzte, die im Jahr 2016 einen eidgen\u00f6ssischen Facharzttitel erworben haben, \u00fcber ein ausl\u00e4ndisches Arztdiplom verf\u00fcgen.<\/p>\n<p><em>Weitere Informationen zur\u00a0 &#8222;FMH-\u00c4rztestatistik 2016&#8220; finden Sie unter diesem <a href=\"https:\/\/contens30.fmh.ch\/fmh\/_files\/pdf18\/FMH-rztestatistik_20162.pdf\">Link <\/a>\u00a0<\/em><\/p>\n","protected":false},"excerpt":{"rendered":"<p>Die FMH-Statistik unterstreicht: Im Jahr 2016 waren gesamthaft 36\u2018175 \u00c4rztinnen und \u00c4rzte hierzulande berufst\u00e4tig. Zwar machen die M\u00e4nner mit 58,7 Prozent nach wie vor die Mehrheit der \u00c4rzteschaft aus. Aber der Anteil der Frauen ist seit 2010 um 37,9 Prozent angewachsen. Eine Mehrheit von 51,1 Prozent der \u00c4rztinnen und \u00c4rzte arbeitet im ambulanten Sektor \u2013 [&hellip;]<\/p>\n","protected":false},"author":5,"featured_media":1693,"comment_status":"open","ping_status":"open","sticky":false,"template":"","format":"standard","meta":{"_acf_changed":false,"_yoast_wpseo_focuskw":"FMH Statistik","_yoast_wpseo_metadesc":"Gem\u00e4ss der FMH-Statistik von 2016 arbeiten \u00c4rzte und \u00c4rztinnen im ambulanten Bereich je l\u00e4nger je mehr \u00fcber das Pensionsalter hinaus.","articlekey":"","footnotes":""},"categories":[1],"tags":[215,376,452],"class_list":["post-1692","post","type-post","status-publish","format-standard","has-post-thumbnail","hentry","category-allgemein","tag-fmh","tag-pensionsalter","tag-statistik"],"acf":[],"yoast_head":"<!-- This site is optimized with the Yoast SEO plugin v27.4 - https:\/\/yoast.com\/product\/yoast-seo-wordpress\/ -->\n<title>FMH Statistik zeigt: viele \u00c4rzte sind im Pensionsalter - Organisator<\/title>\n<meta name=\"description\" content=\"Gem\u00e4ss der FMH-Statistik von 2016 arbeiten \u00c4rzte und \u00c4rztinnen im ambulanten Bereich je l\u00e4nger je mehr \u00fcber das Pensionsalter hinaus.\" \/>\n<meta name=\"robots\" content=\"index, follow, max-snippet:-1, max-image-preview:large, max-video-preview:-1\" \/>\n<link rel=\"canonical\" href=\"https:\/\/www.organisator.ch\/de\/allgemein\/2017-03-29\/fmh-statistik-zeigt-viele-aerzte-sind-im-pensionsalter\/\" \/>\n<meta property=\"og:locale\" content=\"de_DE\" \/>\n<meta property=\"og:type\" content=\"article\" \/>\n<meta property=\"og:title\" content=\"FMH Statistik zeigt: viele \u00c4rzte sind im Pensionsalter - Organisator\" \/>\n<meta property=\"og:description\" content=\"Gem\u00e4ss der FMH-Statistik von 2016 arbeiten \u00c4rzte und \u00c4rztinnen im ambulanten Bereich je l\u00e4nger je mehr \u00fcber das Pensionsalter hinaus.\" \/>\n<meta property=\"og:url\" content=\"https:\/\/www.organisator.ch\/de\/allgemein\/2017-03-29\/fmh-statistik-zeigt-viele-aerzte-sind-im-pensionsalter\/\" \/>\n<meta property=\"og:site_name\" content=\"Organisator\" \/>\n<meta property=\"article:publisher\" content=\"https:\/\/www.facebook.com\/OrganisatorFachmagazin\" \/>\n<meta property=\"article:published_time\" content=\"2017-03-29T09:39:31+00:00\" \/>\n<meta property=\"og:image\" content=\"https:\/\/www.organisator.ch\/wp-content\/uploads\/2017\/03\/FMH_Statistik-viel-Aerzte-sind-im-Pensionsalter-org-organisator.jpg\" \/>\n\t<meta property=\"og:image:width\" content=\"1000\" \/>\n\t<meta property=\"og:image:height\" content=\"667\" \/>\n\t<meta property=\"og:image:type\" content=\"image\/jpeg\" \/>\n<meta name=\"author\" content=\"michael.merz\" \/>\n<meta name=\"twitter:card\" content=\"summary_large_image\" \/>\n<script type=\"application\/ld+json\" class=\"yoast-schema-graph\">{\"@context\":\"https:\\\/\\\/schema.org\",\"@graph\":[{\"@type\":\"Article\",\"@id\":\"https:\\\/\\\/www.organisator.ch\\\/fr\\\/general\\\/2017-03-29\\\/fmh-statistik-zeigt-viele-aerzte-sind-im-pensionsalter\\\/#article\",\"isPartOf\":{\"@id\":\"https:\\\/\\\/www.organisator.ch\\\/fr\\\/general\\\/2017-03-29\\\/fmh-statistik-zeigt-viele-aerzte-sind-im-pensionsalter\\\/\"},\"author\":{\"name\":\"michael.merz\",\"@id\":\"https:\\\/\\\/www.organisator.ch\\\/#\\\/schema\\\/person\\\/134708ca9321c57b0362cceb7948ffbd\"},\"headline\":\"FMH Statistik zeigt: viele \u00c4rzte sind im Pensionsalter\",\"datePublished\":\"2017-03-29T09:39:31+00:00\",\"mainEntityOfPage\":{\"@id\":\"https:\\\/\\\/www.organisator.ch\\\/fr\\\/general\\\/2017-03-29\\\/fmh-statistik-zeigt-viele-aerzte-sind-im-pensionsalter\\\/\"},\"wordCount\":354,\"commentCount\":0,\"publisher\":{\"@id\":\"https:\\\/\\\/www.organisator.ch\\\/#organization\"},\"image\":{\"@id\":\"https:\\\/\\\/www.organisator.ch\\\/fr\\\/general\\\/2017-03-29\\\/fmh-statistik-zeigt-viele-aerzte-sind-im-pensionsalter\\\/#primaryimage\"},\"thumbnailUrl\":\"https:\\\/\\\/www.organisator.ch\\\/wp-content\\\/uploads\\\/2017\\\/03\\\/FMH_Statistik-viel-Aerzte-sind-im-Pensionsalter-org-organisator.jpg\",\"keywords\":[\"FMH\",\"Pensionsalter\",\"Statistik\"],\"inLanguage\":\"de\"},{\"@type\":\"WebPage\",\"@id\":\"https:\\\/\\\/www.organisator.ch\\\/fr\\\/general\\\/2017-03-29\\\/fmh-statistik-zeigt-viele-aerzte-sind-im-pensionsalter\\\/\",\"url\":\"https:\\\/\\\/www.organisator.ch\\\/fr\\\/general\\\/2017-03-29\\\/fmh-statistik-zeigt-viele-aerzte-sind-im-pensionsalter\\\/\",\"name\":\"FMH Statistik zeigt: viele \u00c4rzte sind im Pensionsalter - Organisator\",\"isPartOf\":{\"@id\":\"https:\\\/\\\/www.organisator.ch\\\/#website\"},\"primaryImageOfPage\":{\"@id\":\"https:\\\/\\\/www.organisator.ch\\\/fr\\\/general\\\/2017-03-29\\\/fmh-statistik-zeigt-viele-aerzte-sind-im-pensionsalter\\\/#primaryimage\"},\"image\":{\"@id\":\"https:\\\/\\\/www.organisator.ch\\\/fr\\\/general\\\/2017-03-29\\\/fmh-statistik-zeigt-viele-aerzte-sind-im-pensionsalter\\\/#primaryimage\"},\"thumbnailUrl\":\"https:\\\/\\\/www.organisator.ch\\\/wp-content\\\/uploads\\\/2017\\\/03\\\/FMH_Statistik-viel-Aerzte-sind-im-Pensionsalter-org-organisator.jpg\",\"datePublished\":\"2017-03-29T09:39:31+00:00\",\"description\":\"Gem\u00e4ss der FMH-Statistik von 2016 arbeiten \u00c4rzte und \u00c4rztinnen im ambulanten Bereich je l\u00e4nger je mehr \u00fcber das Pensionsalter hinaus.\",\"breadcrumb\":{\"@id\":\"https:\\\/\\\/www.organisator.ch\\\/fr\\\/general\\\/2017-03-29\\\/fmh-statistik-zeigt-viele-aerzte-sind-im-pensionsalter\\\/#breadcrumb\"},\"inLanguage\":\"de\",\"potentialAction\":[{\"@type\":\"ReadAction\",\"target\":[\"https:\\\/\\\/www.organisator.ch\\\/fr\\\/general\\\/2017-03-29\\\/fmh-statistik-zeigt-viele-aerzte-sind-im-pensionsalter\\\/\"]}]},{\"@type\":\"ImageObject\",\"inLanguage\":\"de\",\"@id\":\"https:\\\/\\\/www.organisator.ch\\\/fr\\\/general\\\/2017-03-29\\\/fmh-statistik-zeigt-viele-aerzte-sind-im-pensionsalter\\\/#primaryimage\",\"url\":\"https:\\\/\\\/www.organisator.ch\\\/wp-content\\\/uploads\\\/2017\\\/03\\\/FMH_Statistik-viel-Aerzte-sind-im-Pensionsalter-org-organisator.jpg\",\"contentUrl\":\"https:\\\/\\\/www.organisator.ch\\\/wp-content\\\/uploads\\\/2017\\\/03\\\/FMH_Statistik-viel-Aerzte-sind-im-Pensionsalter-org-organisator.jpg\",\"width\":1000,\"height\":667,\"caption\":\"Gem\u00e4ss der FMH-Statistik von 2016 arbeiten \u00c4rzte und \u00c4rztinnen im ambulanten Bereich je l\u00e4nger je mehr \u00fcber das Pensionsalter hinaus. (Bild: depositphotos)\"},{\"@type\":\"BreadcrumbList\",\"@id\":\"https:\\\/\\\/www.organisator.ch\\\/fr\\\/general\\\/2017-03-29\\\/fmh-statistik-zeigt-viele-aerzte-sind-im-pensionsalter\\\/#breadcrumb\",\"itemListElement\":[{\"@type\":\"ListItem\",\"position\":1,\"name\":\"Home\",\"item\":\"https:\\\/\\\/www.organisator.ch\\\/\"},{\"@type\":\"ListItem\",\"position\":2,\"name\":\"FMH Statistik zeigt: viele \u00c4rzte sind im Pensionsalter\"}]},{\"@type\":\"WebSite\",\"@id\":\"https:\\\/\\\/www.organisator.ch\\\/#website\",\"url\":\"https:\\\/\\\/www.organisator.ch\\\/\",\"name\":\"Organisator\",\"description\":\"Kompetent. Praxisnah. Der ORGANISATOR bereitet in 10 Ausgaben pro Jahr die wesentlichen Themen f\u00fcr F\u00fchrungskr\u00e4fte von KMU auf.\",\"publisher\":{\"@id\":\"https:\\\/\\\/www.organisator.ch\\\/#organization\"},\"potentialAction\":[{\"@type\":\"SearchAction\",\"target\":{\"@type\":\"EntryPoint\",\"urlTemplate\":\"https:\\\/\\\/www.organisator.ch\\\/?s={search_term_string}\"},\"query-input\":{\"@type\":\"PropertyValueSpecification\",\"valueRequired\":true,\"valueName\":\"search_term_string\"}}],\"inLanguage\":\"de\"},{\"@type\":\"Organization\",\"@id\":\"https:\\\/\\\/www.organisator.ch\\\/#organization\",\"name\":\"Organisator\",\"url\":\"https:\\\/\\\/www.organisator.ch\\\/\",\"logo\":{\"@type\":\"ImageObject\",\"inLanguage\":\"de\",\"@id\":\"https:\\\/\\\/www.organisator.ch\\\/#\\\/schema\\\/logo\\\/image\\\/\",\"url\":\"https:\\\/\\\/www.organisator.ch\\\/wp-content\\\/uploads\\\/2022\\\/01\\\/Logo_Organisator_Website.png\",\"contentUrl\":\"https:\\\/\\\/www.organisator.ch\\\/wp-content\\\/uploads\\\/2022\\\/01\\\/Logo_Organisator_Website.png\",\"width\":800,\"height\":77,\"caption\":\"Organisator\"},\"image\":{\"@id\":\"https:\\\/\\\/www.organisator.ch\\\/#\\\/schema\\\/logo\\\/image\\\/\"},\"sameAs\":[\"https:\\\/\\\/www.facebook.com\\\/OrganisatorFachmagazin\",\"https:\\\/\\\/www.linkedin.com\\\/showcase\\\/organisator-das-magazin-fr-kmu\",\"https:\\\/\\\/www.xing.com\\\/news\\\/pages\\\/organisator-ch-695\",\"https:\\\/\\\/www.youtube.com\\\/channel\\\/UCGP2Sq0iWaZwT3BdIAQFYpw\"]},{\"@type\":\"Person\",\"@id\":\"https:\\\/\\\/www.organisator.ch\\\/#\\\/schema\\\/person\\\/134708ca9321c57b0362cceb7948ffbd\",\"name\":\"michael.merz\",\"image\":{\"@type\":\"ImageObject\",\"inLanguage\":\"de\",\"@id\":\"https:\\\/\\\/secure.gravatar.com\\\/avatar\\\/?s=96&d=mm&r=g\",\"url\":\"https:\\\/\\\/secure.gravatar.com\\\/avatar\\\/?s=96&d=mm&r=g\",\"contentUrl\":\"https:\\\/\\\/secure.gravatar.com\\\/avatar\\\/?s=96&d=mm&r=g\",\"caption\":\"michael.merz\"},\"url\":\"https:\\\/\\\/www.organisator.ch\\\/de\\\/author\\\/michael-merz\\\/\"}]}<\/script>\n<!-- \/ Yoast SEO plugin. -->","yoast_head_json":{"title":"FMH Statistik zeigt: viele \u00c4rzte sind im Pensionsalter - Organisator","description":"Gem\u00e4ss der FMH-Statistik von 2016 arbeiten \u00c4rzte und \u00c4rztinnen im ambulanten Bereich je l\u00e4nger je mehr \u00fcber das Pensionsalter hinaus.","robots":{"index":"index","follow":"follow","max-snippet":"max-snippet:-1","max-image-preview":"max-image-preview:large","max-video-preview":"max-video-preview:-1"},"canonical":"https:\/\/www.organisator.ch\/de\/allgemein\/2017-03-29\/fmh-statistik-zeigt-viele-aerzte-sind-im-pensionsalter\/","og_locale":"de_DE","og_type":"article","og_title":"FMH Statistik zeigt: viele \u00c4rzte sind im Pensionsalter - Organisator","og_description":"Gem\u00e4ss der FMH-Statistik von 2016 arbeiten \u00c4rzte und \u00c4rztinnen im ambulanten Bereich je l\u00e4nger je mehr \u00fcber das Pensionsalter hinaus.","og_url":"https:\/\/www.organisator.ch\/de\/allgemein\/2017-03-29\/fmh-statistik-zeigt-viele-aerzte-sind-im-pensionsalter\/","og_site_name":"Organisator","article_publisher":"https:\/\/www.facebook.com\/OrganisatorFachmagazin","article_published_time":"2017-03-29T09:39:31+00:00","og_image":[{"width":1000,"height":667,"url":"https:\/\/www.organisator.ch\/wp-content\/uploads\/2017\/03\/FMH_Statistik-viel-Aerzte-sind-im-Pensionsalter-org-organisator.jpg","type":"image\/jpeg"}],"author":"michael.merz","twitter_card":"summary_large_image","schema":{"@context":"https:\/\/schema.org","@graph":[{"@type":"Article","@id":"https:\/\/www.organisator.ch\/fr\/general\/2017-03-29\/fmh-statistik-zeigt-viele-aerzte-sind-im-pensionsalter\/#article","isPartOf":{"@id":"https:\/\/www.organisator.ch\/fr\/general\/2017-03-29\/fmh-statistik-zeigt-viele-aerzte-sind-im-pensionsalter\/"},"author":{"name":"michael.merz","@id":"https:\/\/www.organisator.ch\/#\/schema\/person\/134708ca9321c57b0362cceb7948ffbd"},"headline":"FMH Statistik zeigt: viele \u00c4rzte sind im Pensionsalter","datePublished":"2017-03-29T09:39:31+00:00","mainEntityOfPage":{"@id":"https:\/\/www.organisator.ch\/fr\/general\/2017-03-29\/fmh-statistik-zeigt-viele-aerzte-sind-im-pensionsalter\/"},"wordCount":354,"commentCount":0,"publisher":{"@id":"https:\/\/www.organisator.ch\/#organization"},"image":{"@id":"https:\/\/www.organisator.ch\/fr\/general\/2017-03-29\/fmh-statistik-zeigt-viele-aerzte-sind-im-pensionsalter\/#primaryimage"},"thumbnailUrl":"https:\/\/www.organisator.ch\/wp-content\/uploads\/2017\/03\/FMH_Statistik-viel-Aerzte-sind-im-Pensionsalter-org-organisator.jpg","keywords":["FMH","Pensionsalter","Statistik"],"inLanguage":"de"},{"@type":"WebPage","@id":"https:\/\/www.organisator.ch\/fr\/general\/2017-03-29\/fmh-statistik-zeigt-viele-aerzte-sind-im-pensionsalter\/","url":"https:\/\/www.organisator.ch\/fr\/general\/2017-03-29\/fmh-statistik-zeigt-viele-aerzte-sind-im-pensionsalter\/","name":"FMH Statistik zeigt: viele \u00c4rzte sind im Pensionsalter - Organisator","isPartOf":{"@id":"https:\/\/www.organisator.ch\/#website"},"primaryImageOfPage":{"@id":"https:\/\/www.organisator.ch\/fr\/general\/2017-03-29\/fmh-statistik-zeigt-viele-aerzte-sind-im-pensionsalter\/#primaryimage"},"image":{"@id":"https:\/\/www.organisator.ch\/fr\/general\/2017-03-29\/fmh-statistik-zeigt-viele-aerzte-sind-im-pensionsalter\/#primaryimage"},"thumbnailUrl":"https:\/\/www.organisator.ch\/wp-content\/uploads\/2017\/03\/FMH_Statistik-viel-Aerzte-sind-im-Pensionsalter-org-organisator.jpg","datePublished":"2017-03-29T09:39:31+00:00","description":"Gem\u00e4ss der FMH-Statistik von 2016 arbeiten \u00c4rzte und \u00c4rztinnen im ambulanten Bereich je l\u00e4nger je mehr \u00fcber das Pensionsalter hinaus.","breadcrumb":{"@id":"https:\/\/www.organisator.ch\/fr\/general\/2017-03-29\/fmh-statistik-zeigt-viele-aerzte-sind-im-pensionsalter\/#breadcrumb"},"inLanguage":"de","potentialAction":[{"@type":"ReadAction","target":["https:\/\/www.organisator.ch\/fr\/general\/2017-03-29\/fmh-statistik-zeigt-viele-aerzte-sind-im-pensionsalter\/"]}]},{"@type":"ImageObject","inLanguage":"de","@id":"https:\/\/www.organisator.ch\/fr\/general\/2017-03-29\/fmh-statistik-zeigt-viele-aerzte-sind-im-pensionsalter\/#primaryimage","url":"https:\/\/www.organisator.ch\/wp-content\/uploads\/2017\/03\/FMH_Statistik-viel-Aerzte-sind-im-Pensionsalter-org-organisator.jpg","contentUrl":"https:\/\/www.organisator.ch\/wp-content\/uploads\/2017\/03\/FMH_Statistik-viel-Aerzte-sind-im-Pensionsalter-org-organisator.jpg","width":1000,"height":667,"caption":"Gem\u00e4ss der FMH-Statistik von 2016 arbeiten \u00c4rzte und \u00c4rztinnen im ambulanten Bereich je l\u00e4nger je mehr \u00fcber das Pensionsalter hinaus. (Bild: depositphotos)"},{"@type":"BreadcrumbList","@id":"https:\/\/www.organisator.ch\/fr\/general\/2017-03-29\/fmh-statistik-zeigt-viele-aerzte-sind-im-pensionsalter\/#breadcrumb","itemListElement":[{"@type":"ListItem","position":1,"name":"Home","item":"https:\/\/www.organisator.ch\/"},{"@type":"ListItem","position":2,"name":"FMH Statistik zeigt: viele \u00c4rzte sind im Pensionsalter"}]},{"@type":"WebSite","@id":"https:\/\/www.organisator.ch\/#website","url":"https:\/\/www.organisator.ch\/","name":"Organisator","description":"Kompetent. Praxisnah. Der ORGANISATOR bereitet in 10 Ausgaben pro Jahr die wesentlichen Themen f\u00fcr F\u00fchrungskr\u00e4fte von KMU auf.","publisher":{"@id":"https:\/\/www.organisator.ch\/#organization"},"potentialAction":[{"@type":"SearchAction","target":{"@type":"EntryPoint","urlTemplate":"https:\/\/www.organisator.ch\/?s={search_term_string}"},"query-input":{"@type":"PropertyValueSpecification","valueRequired":true,"valueName":"search_term_string"}}],"inLanguage":"de"},{"@type":"Organization","@id":"https:\/\/www.organisator.ch\/#organization","name":"Organisator","url":"https:\/\/www.organisator.ch\/","logo":{"@type":"ImageObject","inLanguage":"de","@id":"https:\/\/www.organisator.ch\/#\/schema\/logo\/image\/","url":"https:\/\/www.organisator.ch\/wp-content\/uploads\/2022\/01\/Logo_Organisator_Website.png","contentUrl":"https:\/\/www.organisator.ch\/wp-content\/uploads\/2022\/01\/Logo_Organisator_Website.png","width":800,"height":77,"caption":"Organisator"},"image":{"@id":"https:\/\/www.organisator.ch\/#\/schema\/logo\/image\/"},"sameAs":["https:\/\/www.facebook.com\/OrganisatorFachmagazin","https:\/\/www.linkedin.com\/showcase\/organisator-das-magazin-fr-kmu","https:\/\/www.xing.com\/news\/pages\/organisator-ch-695","https:\/\/www.youtube.com\/channel\/UCGP2Sq0iWaZwT3BdIAQFYpw"]},{"@type":"Person","@id":"https:\/\/www.organisator.ch\/#\/schema\/person\/134708ca9321c57b0362cceb7948ffbd","name":"michael.merz","image":{"@type":"ImageObject","inLanguage":"de","@id":"https:\/\/secure.gravatar.com\/avatar\/?s=96&d=mm&r=g","url":"https:\/\/secure.gravatar.com\/avatar\/?s=96&d=mm&r=g","contentUrl":"https:\/\/secure.gravatar.com\/avatar\/?s=96&d=mm&r=g","caption":"michael.merz"},"url":"https:\/\/www.organisator.ch\/de\/author\/michael-merz\/"}]}},"_links":{"self":[{"href":"https:\/\/www.organisator.ch\/de\/wp-json\/wp\/v2\/posts\/1692","targetHints":{"allow":["GET"]}}],"collection":[{"href":"https:\/\/www.organisator.ch\/de\/wp-json\/wp\/v2\/posts"}],"about":[{"href":"https:\/\/www.organisator.ch\/de\/wp-json\/wp\/v2\/types\/post"}],"author":[{"embeddable":true,"href":"https:\/\/www.organisator.ch\/de\/wp-json\/wp\/v2\/users\/5"}],"replies":[{"embeddable":true,"href":"https:\/\/www.organisator.ch\/de\/wp-json\/wp\/v2\/comments?post=1692"}],"version-history":[{"count":0,"href":"https:\/\/www.organisator.ch\/de\/wp-json\/wp\/v2\/posts\/1692\/revisions"}],"wp:featuredmedia":[{"embeddable":true,"href":"https:\/\/www.organisator.ch\/de\/wp-json\/wp\/v2\/media\/1693"}],"wp:attachment":[{"href":"https:\/\/www.organisator.ch\/de\/wp-json\/wp\/v2\/media?parent=1692"}],"wp:term":[{"taxonomy":"category","embeddable":true,"href":"https:\/\/www.organisator.ch\/de\/wp-json\/wp\/v2\/categories?post=1692"},{"taxonomy":"post_tag","embeddable":true,"href":"https:\/\/www.organisator.ch\/de\/wp-json\/wp\/v2\/tags?post=1692"}],"curies":[{"name":"wp","href":"https:\/\/api.w.org\/{rel}","templated":true}]}}