{"id":16952,"date":"2022-09-16T08:11:54","date_gmt":"2022-09-16T06:11:54","guid":{"rendered":"https:\/\/www.organisator.ch\/?p=16952"},"modified":"2022-09-26T08:19:54","modified_gmt":"2022-09-26T06:19:54","slug":"cyborgs-smartphones-und-new-work-bullshit-am-ostschweizer-personaltag","status":"publish","type":"post","link":"https:\/\/www.organisator.ch\/de\/human-resources\/2022-09-16\/cyborgs-smartphones-und-new-work-bullshit-am-ostschweizer-personaltag\/","title":{"rendered":"Cyborgs, Smartphones und New Work Bullshit am Ostschweizer Personaltag"},"content":{"rendered":"<figure id=\"attachment_16953\" aria-describedby=\"caption-attachment-16953\" style=\"width: 680px\" class=\"wp-caption alignnone\"><img loading=\"lazy\" decoding=\"async\" class=\"size-full wp-image-16953\" src=\"https:\/\/www.organisator.ch\/wp-content\/uploads\/2022\/09\/Cyborgs-Smartphones-und-New-Work-Bullshit-am-Ostschweizer-Personaltag_Organisator.jpg\" alt=\"\" width=\"680\" height=\"441\" srcset=\"https:\/\/www.organisator.ch\/wp-content\/uploads\/2022\/09\/Cyborgs-Smartphones-und-New-Work-Bullshit-am-Ostschweizer-Personaltag_Organisator.jpg 680w, https:\/\/www.organisator.ch\/wp-content\/uploads\/2022\/09\/Cyborgs-Smartphones-und-New-Work-Bullshit-am-Ostschweizer-Personaltag_Organisator-18x12.jpg 18w, https:\/\/www.organisator.ch\/wp-content\/uploads\/2022\/09\/Cyborgs-Smartphones-und-New-Work-Bullshit-am-Ostschweizer-Personaltag_Organisator-270x175.jpg 270w, https:\/\/www.organisator.ch\/wp-content\/uploads\/2022\/09\/Cyborgs-Smartphones-und-New-Work-Bullshit-am-Ostschweizer-Personaltag_Organisator-540x350.jpg 540w, https:\/\/www.organisator.ch\/wp-content\/uploads\/2022\/09\/Cyborgs-Smartphones-und-New-Work-Bullshit-am-Ostschweizer-Personaltag_Organisator-300x195.jpg 300w\" sizes=\"auto, (max-width: 680px) 100vw, 680px\" \/><figcaption id=\"caption-attachment-16953\" class=\"wp-caption-text\">Kein &#8222;New Work Bullshit&#8220;, sondern Realit\u00e4t: Sarah Genner hielt am Ostschweizer Personaltag fest, dass uns das Smartphone zu Cyborgs mache. (Bild: Ostschweizer Personaltag)<\/figcaption><\/figure>\n<p>Die Corona-Pandemie hat die Arbeitswelten innert kurzer Zeit auf den Kopf gestellt. Was fr\u00fcher undenkbar war, ist heute selbstverst\u00e4ndlich. Ein Teil der Arbeitnehmenden bleibt zuhause, das Homeoffice erhielt eine v\u00f6llig neue Dimension. Wie nachhaltig ist der rasant angestossene Wandel? Und was davon muss man als New Work Bullshit abtun? 230 Teilnehmende erhielten am Ostschweizer Personaltag vom 15. September 2022 Gedankenanst\u00f6sse zu diesen Fragen. Der Ostschweizer Personaltag ist eine der bedeutendsten Personalfachtagungen in der Ostschweiz. Ziel ist es, Personalfachleute, HR-Spezialisten und Personalverantwortliche sowie F\u00fchrungskr\u00e4fte von KMU zusammen zu bringen und aktuelle Fragen zu thematisieren.<\/p>\n<h3><strong>HR in die Gesch\u00e4ftsf\u00fchrung<\/strong><\/h3>\n<p>Stefan Camenzind, Partner und CEO der Evolution Design in Z\u00fcrich, ging den Ver\u00e4nderungen des Arbeitsumfelds als Folge der Pandemie nach. Das Homeoffice hat sich gem\u00e4ss seinen Untersuchungen gut etabliert, der Einzelne als auch das Team profitieren davon. \u00abJedoch leidet der Teamspirit darunter\u00bb, so Camenzind. Aus seiner Sicht ist es wichtig, dass Human Resources in der Gesch\u00e4ftsf\u00fchrung vertreten ist. Die Z\u00fcrcher Medienwissenschafterin, Dozentin und Autorin Sarah Genner sagte: \u00abDas Smartphone macht uns zu Cyborgs. Es funktioniert fast wie ein neues Sinnesorgan\u00bb. Trotz \u00abdigitalem Sand\u00bb braucht es gen\u00fcgend Zeit f\u00fcr das normale Leben in einer Zeit, in welcher die Technologie nahe an den Menschen heranger\u00fcckt ist.<\/p>\n<p>Elke Thamm, Global Head of Personel Development beim Technologieunternehmen B\u00fchler zeigte auf, dass sie als Unternehmen vom Virus nicht nur \u00fcberrascht wurden, sich in der Umsetzung auf neue Arbeitsformen gleich auch selbst \u00fcberrascht h\u00e4tten. Der zwischenmenschliche Austausch d\u00fcrfe trotz digitalem Fortschritt nicht vernachl\u00e4ssigt werden.<\/p>\n<h3>Viel &#8222;New Work Bullshit&#8220;<\/h3>\n<p>Pointierte Botschaften zur neuen Arbeitswelt lieferte auch Carlos Frischmuth, Managing Director der internationalen Personalberatung Hays. Der Autor des Buches \u00abNew Work Bullshit\u00bb ist der \u00dcberzeugung, dass Transformation bei der richtigen Einstellung und Neugier voraussehbar und keine \u00dcberraschung ist. Dabei zerpfl\u00fcckte er nicht wenige Ausw\u00fcchse, welche der Hype um New Work mit sich bringt: Etwa sei der Wunsch, selbst\u00e4ndiger arbeiten zu wollen, l\u00e4ngst nicht bei allen Arbeitnehmenden vorhanden. Und auch agile Methoden seien so neu nicht: Vielfach handle es einfach um eine &#8222;Agilisierung&#8220; des guten alten Wasserfall-Modells, so Frischmuth. Was heute aber immer mehr z\u00e4hlt, seien F\u00fchrung, Kultur und Kommunikation. Und vor allem letzteres betrachtet er als eine Schl\u00fcsselaufgabe.<\/p>\n<p><a href=\"http:\/\/www.personaltag.ch\"><em>www.personaltag.ch<\/em><\/a><\/p>\n","protected":false},"excerpt":{"rendered":"<p>Die Corona-Pandemie hat die Arbeitswelten innert kurzer Zeit auf den Kopf gestellt. Was fr\u00fcher undenkbar war, ist heute selbstverst\u00e4ndlich. Ein Teil der Arbeitnehmenden bleibt zuhause, das Homeoffice erhielt eine v\u00f6llig neue Dimension. Wie nachhaltig ist der rasant angestossene Wandel? Und was davon muss man als New Work Bullshit abtun? 230 Teilnehmende erhielten am Ostschweizer Personaltag [&hellip;]<\/p>\n","protected":false},"author":4,"featured_media":16953,"comment_status":"closed","ping_status":"closed","sticky":false,"template":"","format":"standard","meta":{"_acf_changed":false,"_yoast_wpseo_focuskw":"New Work Bullshit","_yoast_wpseo_metadesc":"18. Ostschweizer Personaltag: Wie gestalten Menschen die Zukunft der Arbeit? Wie sehen neue Arbeitswelten aus? Was ist New Work Bullshit?","articlekey":"","footnotes":""},"categories":[579],"tags":[193,254,335],"class_list":["post-16952","post","type-post","status-publish","format-standard","has-post-thumbnail","hentry","category-human-resources","tag-fachkongressfachmesse","tag-hrm","tag-management-und-unternehmensfuehrung"],"acf":[],"yoast_head":"<!-- This site is optimized with the Yoast SEO plugin v27.5 - https:\/\/yoast.com\/product\/yoast-seo-wordpress\/ -->\n<title>Cyborgs, Smartphones und New Work Bullshit am Ostschweizer Personaltag - Organisator<\/title>\n<meta name=\"description\" content=\"18. Ostschweizer Personaltag: Wie gestalten Menschen die Zukunft der Arbeit? Wie sehen neue Arbeitswelten aus? Was ist New Work Bullshit?\" \/>\n<meta name=\"robots\" content=\"index, follow, max-snippet:-1, max-image-preview:large, max-video-preview:-1\" \/>\n<link rel=\"canonical\" href=\"https:\/\/www.organisator.ch\/de\/human-resources\/2022-09-16\/cyborgs-smartphones-und-new-work-bullshit-am-ostschweizer-personaltag\/\" \/>\n<meta property=\"og:locale\" content=\"de_DE\" \/>\n<meta property=\"og:type\" content=\"article\" \/>\n<meta property=\"og:title\" content=\"Cyborgs, Smartphones und New Work Bullshit am Ostschweizer Personaltag\" \/>\n<meta property=\"og:description\" content=\"18. Ostschweizer Personaltag: Wie gestalten Menschen die Zukunft der Arbeit? Wie sehen neue Arbeitswelten aus? Was ist New Work Bullshit?\" \/>\n<meta property=\"og:url\" content=\"https:\/\/www.organisator.ch\/de\/human-resources\/2022-09-16\/cyborgs-smartphones-und-new-work-bullshit-am-ostschweizer-personaltag\/\" \/>\n<meta property=\"og:site_name\" content=\"Organisator\" \/>\n<meta property=\"article:publisher\" content=\"https:\/\/www.facebook.com\/OrganisatorFachmagazin\" \/>\n<meta property=\"article:published_time\" content=\"2022-09-16T06:11:54+00:00\" \/>\n<meta property=\"article:modified_time\" content=\"2022-09-26T06:19:54+00:00\" \/>\n<meta property=\"og:image\" content=\"https:\/\/www.organisator.ch\/wp-content\/uploads\/2022\/09\/Cyborgs-Smartphones-und-New-Work-Bullshit-am-Ostschweizer-Personaltag_Organisator.jpg\" \/>\n\t<meta property=\"og:image:width\" content=\"680\" \/>\n\t<meta property=\"og:image:height\" content=\"441\" \/>\n\t<meta property=\"og:image:type\" content=\"image\/jpeg\" \/>\n<meta name=\"author\" content=\"thomas.berner\" \/>\n<meta name=\"twitter:card\" content=\"summary_large_image\" \/>\n<meta name=\"twitter:title\" content=\"#Cyborgs, #Smartphones und #NewWorkBullshit am #Ostschweizer #Personaltag\" \/>\n<meta name=\"twitter:description\" content=\"18. #Ostschweizer Personaltag: Wie gestalten Menschen die Zukunft der Arbeit? Wie sehen neue Arbeitswelten aus? Was ist #NewWorkBullshit?\" \/>\n<meta name=\"twitter:image\" content=\"https:\/\/www.organisator.ch\/wp-content\/uploads\/2022\/09\/Cyborgs-Smartphones-und-New-Work-Bullshit-am-Ostschweizer-Personaltag_Organisator.jpg\" \/>\n<script type=\"application\/ld+json\" class=\"yoast-schema-graph\">{\"@context\":\"https:\\\/\\\/schema.org\",\"@graph\":[{\"@type\":\"Article\",\"@id\":\"https:\\\/\\\/www.organisator.ch\\\/human-resources\\\/2022-09-16\\\/cyborgs-smartphones-und-new-work-bullshit-am-ostschweizer-personaltag\\\/#article\",\"isPartOf\":{\"@id\":\"https:\\\/\\\/www.organisator.ch\\\/human-resources\\\/2022-09-16\\\/cyborgs-smartphones-und-new-work-bullshit-am-ostschweizer-personaltag\\\/\"},\"author\":{\"name\":\"thomas.berner\",\"@id\":\"https:\\\/\\\/www.organisator.ch\\\/#\\\/schema\\\/person\\\/6f650f90b2842cd4c0cc334b4e36f67e\"},\"headline\":\"Cyborgs, Smartphones und New Work Bullshit am Ostschweizer Personaltag\",\"datePublished\":\"2022-09-16T06:11:54+00:00\",\"dateModified\":\"2022-09-26T06:19:54+00:00\",\"mainEntityOfPage\":{\"@id\":\"https:\\\/\\\/www.organisator.ch\\\/human-resources\\\/2022-09-16\\\/cyborgs-smartphones-und-new-work-bullshit-am-ostschweizer-personaltag\\\/\"},\"wordCount\":425,\"publisher\":{\"@id\":\"https:\\\/\\\/www.organisator.ch\\\/#organization\"},\"image\":{\"@id\":\"https:\\\/\\\/www.organisator.ch\\\/human-resources\\\/2022-09-16\\\/cyborgs-smartphones-und-new-work-bullshit-am-ostschweizer-personaltag\\\/#primaryimage\"},\"thumbnailUrl\":\"https:\\\/\\\/www.organisator.ch\\\/wp-content\\\/uploads\\\/2022\\\/09\\\/Cyborgs-Smartphones-und-New-Work-Bullshit-am-Ostschweizer-Personaltag_Organisator.jpg\",\"keywords\":[\"Fachkongress\\\/Fachmesse\",\"HRM\",\"Management und Unternehmensf\u00fchrung\"],\"articleSection\":[\"HUMAN RESOURCES\"],\"inLanguage\":\"de\"},{\"@type\":\"WebPage\",\"@id\":\"https:\\\/\\\/www.organisator.ch\\\/human-resources\\\/2022-09-16\\\/cyborgs-smartphones-und-new-work-bullshit-am-ostschweizer-personaltag\\\/\",\"url\":\"https:\\\/\\\/www.organisator.ch\\\/human-resources\\\/2022-09-16\\\/cyborgs-smartphones-und-new-work-bullshit-am-ostschweizer-personaltag\\\/\",\"name\":\"Cyborgs, Smartphones und New Work Bullshit am Ostschweizer Personaltag - Organisator\",\"isPartOf\":{\"@id\":\"https:\\\/\\\/www.organisator.ch\\\/#website\"},\"primaryImageOfPage\":{\"@id\":\"https:\\\/\\\/www.organisator.ch\\\/human-resources\\\/2022-09-16\\\/cyborgs-smartphones-und-new-work-bullshit-am-ostschweizer-personaltag\\\/#primaryimage\"},\"image\":{\"@id\":\"https:\\\/\\\/www.organisator.ch\\\/human-resources\\\/2022-09-16\\\/cyborgs-smartphones-und-new-work-bullshit-am-ostschweizer-personaltag\\\/#primaryimage\"},\"thumbnailUrl\":\"https:\\\/\\\/www.organisator.ch\\\/wp-content\\\/uploads\\\/2022\\\/09\\\/Cyborgs-Smartphones-und-New-Work-Bullshit-am-Ostschweizer-Personaltag_Organisator.jpg\",\"datePublished\":\"2022-09-16T06:11:54+00:00\",\"dateModified\":\"2022-09-26T06:19:54+00:00\",\"description\":\"18. Ostschweizer Personaltag: Wie gestalten Menschen die Zukunft der Arbeit? Wie sehen neue Arbeitswelten aus? Was ist New Work Bullshit?\",\"breadcrumb\":{\"@id\":\"https:\\\/\\\/www.organisator.ch\\\/human-resources\\\/2022-09-16\\\/cyborgs-smartphones-und-new-work-bullshit-am-ostschweizer-personaltag\\\/#breadcrumb\"},\"inLanguage\":\"de\",\"potentialAction\":[{\"@type\":\"ReadAction\",\"target\":[\"https:\\\/\\\/www.organisator.ch\\\/human-resources\\\/2022-09-16\\\/cyborgs-smartphones-und-new-work-bullshit-am-ostschweizer-personaltag\\\/\"]}]},{\"@type\":\"ImageObject\",\"inLanguage\":\"de\",\"@id\":\"https:\\\/\\\/www.organisator.ch\\\/human-resources\\\/2022-09-16\\\/cyborgs-smartphones-und-new-work-bullshit-am-ostschweizer-personaltag\\\/#primaryimage\",\"url\":\"https:\\\/\\\/www.organisator.ch\\\/wp-content\\\/uploads\\\/2022\\\/09\\\/Cyborgs-Smartphones-und-New-Work-Bullshit-am-Ostschweizer-Personaltag_Organisator.jpg\",\"contentUrl\":\"https:\\\/\\\/www.organisator.ch\\\/wp-content\\\/uploads\\\/2022\\\/09\\\/Cyborgs-Smartphones-und-New-Work-Bullshit-am-Ostschweizer-Personaltag_Organisator.jpg\",\"width\":680,\"height\":441,\"caption\":\"Sarah Genner hielt am Ostschweizer Personaltag fest, dass uns das Smartphone uns zu Cyborgs mache. (Bild: Ostschweizer Personaltag)\"},{\"@type\":\"BreadcrumbList\",\"@id\":\"https:\\\/\\\/www.organisator.ch\\\/human-resources\\\/2022-09-16\\\/cyborgs-smartphones-und-new-work-bullshit-am-ostschweizer-personaltag\\\/#breadcrumb\",\"itemListElement\":[{\"@type\":\"ListItem\",\"position\":1,\"name\":\"Home\",\"item\":\"https:\\\/\\\/www.organisator.ch\\\/\"},{\"@type\":\"ListItem\",\"position\":2,\"name\":\"Cyborgs, Smartphones und New Work Bullshit am Ostschweizer Personaltag\"}]},{\"@type\":\"WebSite\",\"@id\":\"https:\\\/\\\/www.organisator.ch\\\/#website\",\"url\":\"https:\\\/\\\/www.organisator.ch\\\/\",\"name\":\"Organisator\",\"description\":\"Kompetent. Praxisnah. Der ORGANISATOR bereitet in 10 Ausgaben pro Jahr die wesentlichen Themen f\u00fcr F\u00fchrungskr\u00e4fte von KMU auf.\",\"publisher\":{\"@id\":\"https:\\\/\\\/www.organisator.ch\\\/#organization\"},\"potentialAction\":[{\"@type\":\"SearchAction\",\"target\":{\"@type\":\"EntryPoint\",\"urlTemplate\":\"https:\\\/\\\/www.organisator.ch\\\/?s={search_term_string}\"},\"query-input\":{\"@type\":\"PropertyValueSpecification\",\"valueRequired\":true,\"valueName\":\"search_term_string\"}}],\"inLanguage\":\"de\"},{\"@type\":\"Organization\",\"@id\":\"https:\\\/\\\/www.organisator.ch\\\/#organization\",\"name\":\"Organisator\",\"url\":\"https:\\\/\\\/www.organisator.ch\\\/\",\"logo\":{\"@type\":\"ImageObject\",\"inLanguage\":\"de\",\"@id\":\"https:\\\/\\\/www.organisator.ch\\\/#\\\/schema\\\/logo\\\/image\\\/\",\"url\":\"https:\\\/\\\/www.organisator.ch\\\/wp-content\\\/uploads\\\/2022\\\/01\\\/Logo_Organisator_Website.png\",\"contentUrl\":\"https:\\\/\\\/www.organisator.ch\\\/wp-content\\\/uploads\\\/2022\\\/01\\\/Logo_Organisator_Website.png\",\"width\":800,\"height\":77,\"caption\":\"Organisator\"},\"image\":{\"@id\":\"https:\\\/\\\/www.organisator.ch\\\/#\\\/schema\\\/logo\\\/image\\\/\"},\"sameAs\":[\"https:\\\/\\\/www.facebook.com\\\/OrganisatorFachmagazin\",\"https:\\\/\\\/www.linkedin.com\\\/showcase\\\/organisator-das-magazin-fr-kmu\",\"https:\\\/\\\/www.xing.com\\\/news\\\/pages\\\/organisator-ch-695\",\"https:\\\/\\\/www.youtube.com\\\/channel\\\/UCGP2Sq0iWaZwT3BdIAQFYpw\"]},{\"@type\":\"Person\",\"@id\":\"https:\\\/\\\/www.organisator.ch\\\/#\\\/schema\\\/person\\\/6f650f90b2842cd4c0cc334b4e36f67e\",\"name\":\"thomas.berner\",\"image\":{\"@type\":\"ImageObject\",\"inLanguage\":\"de\",\"@id\":\"https:\\\/\\\/secure.gravatar.com\\\/avatar\\\/ac5001d2a36cb6c6cd3e50789007ffca834b477b74a2144564522e944eabff61?s=96&d=mm&r=g\",\"url\":\"https:\\\/\\\/secure.gravatar.com\\\/avatar\\\/ac5001d2a36cb6c6cd3e50789007ffca834b477b74a2144564522e944eabff61?s=96&d=mm&r=g\",\"contentUrl\":\"https:\\\/\\\/secure.gravatar.com\\\/avatar\\\/ac5001d2a36cb6c6cd3e50789007ffca834b477b74a2144564522e944eabff61?s=96&d=mm&r=g\",\"caption\":\"thomas.berner\"},\"url\":\"https:\\\/\\\/www.organisator.ch\\\/de\\\/author\\\/thomas-berner\\\/\"}]}<\/script>\n<!-- \/ Yoast SEO plugin. -->","yoast_head_json":{"title":"Cyborgs, Smartphones und New Work Bullshit am Ostschweizer Personaltag - Organisator","description":"18. Ostschweizer Personaltag: Wie gestalten Menschen die Zukunft der Arbeit? Wie sehen neue Arbeitswelten aus? Was ist New Work Bullshit?","robots":{"index":"index","follow":"follow","max-snippet":"max-snippet:-1","max-image-preview":"max-image-preview:large","max-video-preview":"max-video-preview:-1"},"canonical":"https:\/\/www.organisator.ch\/de\/human-resources\/2022-09-16\/cyborgs-smartphones-und-new-work-bullshit-am-ostschweizer-personaltag\/","og_locale":"de_DE","og_type":"article","og_title":"Cyborgs, Smartphones und New Work Bullshit am Ostschweizer Personaltag","og_description":"18. Ostschweizer Personaltag: Wie gestalten Menschen die Zukunft der Arbeit? Wie sehen neue Arbeitswelten aus? Was ist New Work Bullshit?","og_url":"https:\/\/www.organisator.ch\/de\/human-resources\/2022-09-16\/cyborgs-smartphones-und-new-work-bullshit-am-ostschweizer-personaltag\/","og_site_name":"Organisator","article_publisher":"https:\/\/www.facebook.com\/OrganisatorFachmagazin","article_published_time":"2022-09-16T06:11:54+00:00","article_modified_time":"2022-09-26T06:19:54+00:00","og_image":[{"width":680,"height":441,"url":"https:\/\/www.organisator.ch\/wp-content\/uploads\/2022\/09\/Cyborgs-Smartphones-und-New-Work-Bullshit-am-Ostschweizer-Personaltag_Organisator.jpg","type":"image\/jpeg"}],"author":"thomas.berner","twitter_card":"summary_large_image","twitter_title":"#Cyborgs, #Smartphones und #NewWorkBullshit am #Ostschweizer #Personaltag","twitter_description":"18. #Ostschweizer Personaltag: Wie gestalten Menschen die Zukunft der Arbeit? Wie sehen neue Arbeitswelten aus? Was ist #NewWorkBullshit?","twitter_image":"https:\/\/www.organisator.ch\/wp-content\/uploads\/2022\/09\/Cyborgs-Smartphones-und-New-Work-Bullshit-am-Ostschweizer-Personaltag_Organisator.jpg","schema":{"@context":"https:\/\/schema.org","@graph":[{"@type":"Article","@id":"https:\/\/www.organisator.ch\/human-resources\/2022-09-16\/cyborgs-smartphones-und-new-work-bullshit-am-ostschweizer-personaltag\/#article","isPartOf":{"@id":"https:\/\/www.organisator.ch\/human-resources\/2022-09-16\/cyborgs-smartphones-und-new-work-bullshit-am-ostschweizer-personaltag\/"},"author":{"name":"thomas.berner","@id":"https:\/\/www.organisator.ch\/#\/schema\/person\/6f650f90b2842cd4c0cc334b4e36f67e"},"headline":"Cyborgs, Smartphones und New Work Bullshit am Ostschweizer Personaltag","datePublished":"2022-09-16T06:11:54+00:00","dateModified":"2022-09-26T06:19:54+00:00","mainEntityOfPage":{"@id":"https:\/\/www.organisator.ch\/human-resources\/2022-09-16\/cyborgs-smartphones-und-new-work-bullshit-am-ostschweizer-personaltag\/"},"wordCount":425,"publisher":{"@id":"https:\/\/www.organisator.ch\/#organization"},"image":{"@id":"https:\/\/www.organisator.ch\/human-resources\/2022-09-16\/cyborgs-smartphones-und-new-work-bullshit-am-ostschweizer-personaltag\/#primaryimage"},"thumbnailUrl":"https:\/\/www.organisator.ch\/wp-content\/uploads\/2022\/09\/Cyborgs-Smartphones-und-New-Work-Bullshit-am-Ostschweizer-Personaltag_Organisator.jpg","keywords":["Fachkongress\/Fachmesse","HRM","Management und Unternehmensf\u00fchrung"],"articleSection":["HUMAN RESOURCES"],"inLanguage":"de"},{"@type":"WebPage","@id":"https:\/\/www.organisator.ch\/human-resources\/2022-09-16\/cyborgs-smartphones-und-new-work-bullshit-am-ostschweizer-personaltag\/","url":"https:\/\/www.organisator.ch\/human-resources\/2022-09-16\/cyborgs-smartphones-und-new-work-bullshit-am-ostschweizer-personaltag\/","name":"Cyborgs, Smartphones und New Work Bullshit am Ostschweizer Personaltag - Organisator","isPartOf":{"@id":"https:\/\/www.organisator.ch\/#website"},"primaryImageOfPage":{"@id":"https:\/\/www.organisator.ch\/human-resources\/2022-09-16\/cyborgs-smartphones-und-new-work-bullshit-am-ostschweizer-personaltag\/#primaryimage"},"image":{"@id":"https:\/\/www.organisator.ch\/human-resources\/2022-09-16\/cyborgs-smartphones-und-new-work-bullshit-am-ostschweizer-personaltag\/#primaryimage"},"thumbnailUrl":"https:\/\/www.organisator.ch\/wp-content\/uploads\/2022\/09\/Cyborgs-Smartphones-und-New-Work-Bullshit-am-Ostschweizer-Personaltag_Organisator.jpg","datePublished":"2022-09-16T06:11:54+00:00","dateModified":"2022-09-26T06:19:54+00:00","description":"18. Ostschweizer Personaltag: Wie gestalten Menschen die Zukunft der Arbeit? Wie sehen neue Arbeitswelten aus? Was ist New Work Bullshit?","breadcrumb":{"@id":"https:\/\/www.organisator.ch\/human-resources\/2022-09-16\/cyborgs-smartphones-und-new-work-bullshit-am-ostschweizer-personaltag\/#breadcrumb"},"inLanguage":"de","potentialAction":[{"@type":"ReadAction","target":["https:\/\/www.organisator.ch\/human-resources\/2022-09-16\/cyborgs-smartphones-und-new-work-bullshit-am-ostschweizer-personaltag\/"]}]},{"@type":"ImageObject","inLanguage":"de","@id":"https:\/\/www.organisator.ch\/human-resources\/2022-09-16\/cyborgs-smartphones-und-new-work-bullshit-am-ostschweizer-personaltag\/#primaryimage","url":"https:\/\/www.organisator.ch\/wp-content\/uploads\/2022\/09\/Cyborgs-Smartphones-und-New-Work-Bullshit-am-Ostschweizer-Personaltag_Organisator.jpg","contentUrl":"https:\/\/www.organisator.ch\/wp-content\/uploads\/2022\/09\/Cyborgs-Smartphones-und-New-Work-Bullshit-am-Ostschweizer-Personaltag_Organisator.jpg","width":680,"height":441,"caption":"Sarah Genner hielt am Ostschweizer Personaltag fest, dass uns das Smartphone uns zu Cyborgs mache. (Bild: Ostschweizer Personaltag)"},{"@type":"BreadcrumbList","@id":"https:\/\/www.organisator.ch\/human-resources\/2022-09-16\/cyborgs-smartphones-und-new-work-bullshit-am-ostschweizer-personaltag\/#breadcrumb","itemListElement":[{"@type":"ListItem","position":1,"name":"Home","item":"https:\/\/www.organisator.ch\/"},{"@type":"ListItem","position":2,"name":"Cyborgs, Smartphones und New Work Bullshit am Ostschweizer Personaltag"}]},{"@type":"WebSite","@id":"https:\/\/www.organisator.ch\/#website","url":"https:\/\/www.organisator.ch\/","name":"Organisator","description":"Kompetent. Praxisnah. Der ORGANISATOR bereitet in 10 Ausgaben pro Jahr die wesentlichen Themen f\u00fcr F\u00fchrungskr\u00e4fte von KMU auf.","publisher":{"@id":"https:\/\/www.organisator.ch\/#organization"},"potentialAction":[{"@type":"SearchAction","target":{"@type":"EntryPoint","urlTemplate":"https:\/\/www.organisator.ch\/?s={search_term_string}"},"query-input":{"@type":"PropertyValueSpecification","valueRequired":true,"valueName":"search_term_string"}}],"inLanguage":"de"},{"@type":"Organization","@id":"https:\/\/www.organisator.ch\/#organization","name":"Organisator","url":"https:\/\/www.organisator.ch\/","logo":{"@type":"ImageObject","inLanguage":"de","@id":"https:\/\/www.organisator.ch\/#\/schema\/logo\/image\/","url":"https:\/\/www.organisator.ch\/wp-content\/uploads\/2022\/01\/Logo_Organisator_Website.png","contentUrl":"https:\/\/www.organisator.ch\/wp-content\/uploads\/2022\/01\/Logo_Organisator_Website.png","width":800,"height":77,"caption":"Organisator"},"image":{"@id":"https:\/\/www.organisator.ch\/#\/schema\/logo\/image\/"},"sameAs":["https:\/\/www.facebook.com\/OrganisatorFachmagazin","https:\/\/www.linkedin.com\/showcase\/organisator-das-magazin-fr-kmu","https:\/\/www.xing.com\/news\/pages\/organisator-ch-695","https:\/\/www.youtube.com\/channel\/UCGP2Sq0iWaZwT3BdIAQFYpw"]},{"@type":"Person","@id":"https:\/\/www.organisator.ch\/#\/schema\/person\/6f650f90b2842cd4c0cc334b4e36f67e","name":"thomas.berner","image":{"@type":"ImageObject","inLanguage":"de","@id":"https:\/\/secure.gravatar.com\/avatar\/ac5001d2a36cb6c6cd3e50789007ffca834b477b74a2144564522e944eabff61?s=96&d=mm&r=g","url":"https:\/\/secure.gravatar.com\/avatar\/ac5001d2a36cb6c6cd3e50789007ffca834b477b74a2144564522e944eabff61?s=96&d=mm&r=g","contentUrl":"https:\/\/secure.gravatar.com\/avatar\/ac5001d2a36cb6c6cd3e50789007ffca834b477b74a2144564522e944eabff61?s=96&d=mm&r=g","caption":"thomas.berner"},"url":"https:\/\/www.organisator.ch\/de\/author\/thomas-berner\/"}]}},"_links":{"self":[{"href":"https:\/\/www.organisator.ch\/de\/wp-json\/wp\/v2\/posts\/16952","targetHints":{"allow":["GET"]}}],"collection":[{"href":"https:\/\/www.organisator.ch\/de\/wp-json\/wp\/v2\/posts"}],"about":[{"href":"https:\/\/www.organisator.ch\/de\/wp-json\/wp\/v2\/types\/post"}],"author":[{"embeddable":true,"href":"https:\/\/www.organisator.ch\/de\/wp-json\/wp\/v2\/users\/4"}],"replies":[{"embeddable":true,"href":"https:\/\/www.organisator.ch\/de\/wp-json\/wp\/v2\/comments?post=16952"}],"version-history":[{"count":1,"href":"https:\/\/www.organisator.ch\/de\/wp-json\/wp\/v2\/posts\/16952\/revisions"}],"predecessor-version":[{"id":16954,"href":"https:\/\/www.organisator.ch\/de\/wp-json\/wp\/v2\/posts\/16952\/revisions\/16954"}],"wp:featuredmedia":[{"embeddable":true,"href":"https:\/\/www.organisator.ch\/de\/wp-json\/wp\/v2\/media\/16953"}],"wp:attachment":[{"href":"https:\/\/www.organisator.ch\/de\/wp-json\/wp\/v2\/media?parent=16952"}],"wp:term":[{"taxonomy":"category","embeddable":true,"href":"https:\/\/www.organisator.ch\/de\/wp-json\/wp\/v2\/categories?post=16952"},{"taxonomy":"post_tag","embeddable":true,"href":"https:\/\/www.organisator.ch\/de\/wp-json\/wp\/v2\/tags?post=16952"}],"curies":[{"name":"wp","href":"https:\/\/api.w.org\/{rel}","templated":true}]}}