{"id":16988,"date":"2022-09-20T17:00:03","date_gmt":"2022-09-20T15:00:03","guid":{"rendered":"https:\/\/www.werbewoche.ch\/?p=186592"},"modified":"2024-11-21T11:23:09","modified_gmt":"2024-11-21T10:23:09","slug":"wandel-als-konstante-franke-praesentiert-neue-markenidentitaet","status":"publish","type":"post","link":"https:\/\/www.organisator.ch\/de\/marketing\/2022-09-20\/wandel-als-konstante-franke-praesentiert-neue-markenidentitaet\/","title":{"rendered":"Wandel als Konstante: Franke pr\u00e4sentiert neue Markenidentit\u00e4t"},"content":{"rendered":"<p><img class=\"alignnone wp-image-186602 size-full\" src=\"https:\/\/www.werbewoche.ch\/wp-content\/uploads\/2022\/09\/Home_HS.png\" alt=\"Franke Markenauftritt\" width=\"1300\" height=\"874\" \/>\u00abDie einzige Konstante ist der Wandel\u00bb \u2013 f\u00fcr Franke steht diese Markenphilosophie daf\u00fcr, auf intelligente Weise neue Wege zu finden, sich dem st\u00e4ndigen Wandel zu stellen \u2013 gemeinsam mit Kunden und Partnern. Das Unternehmen will hierf\u00fcr langj\u00e4hrige Ingenieurskunst mit moderner Technologie und funktioneller \u00c4sthetik sowie mit integrierten Services und innovativen L\u00f6sungen verbinden.<\/p>\r\n<p><a href=\"https:\/\/www.werbewoche.ch\/de\/marketing\/marken\/2022-09-20\/wandel-als-konstante-franke-praesentiert-neue-markenidentitaet\/attachment\/franke_cover_catalogue_2023_\/\"><img class=\"attachment-full size-full\" src=\"https:\/\/www.werbewoche.ch\/wp-content\/uploads\/2022\/09\/FRANKE_COVER_CATALOGUE_2023_-scaled.jpg\" alt=\"\" width=\"707\" height=\"1000\" \/><\/a> <a href=\"https:\/\/www.werbewoche.ch\/de\/marketing\/marken\/2022-09-20\/wandel-als-konstante-franke-praesentiert-neue-markenidentitaet\/attachment\/mythos\/\"><img class=\"attachment-full size-full\" src=\"https:\/\/www.werbewoche.ch\/wp-content\/uploads\/2022\/09\/mythos-scaled.jpg\" alt=\"\" width=\"707\" height=\"1000\" \/><\/a> <a href=\"https:\/\/www.werbewoche.ch\/de\/marketing\/marken\/2022-09-20\/wandel-als-konstante-franke-praesentiert-neue-markenidentitaet\/attachment\/vertical-pro-hoods\/\"><img class=\"attachment-full size-full\" src=\"https:\/\/www.werbewoche.ch\/wp-content\/uploads\/2022\/09\/vertical-pro-hoods-scaled.jpg\" alt=\"\" width=\"707\" height=\"1000\" \/><\/a><\/p>\r\n<h3><strong>Tradition trifft k\u00fchnen Geist<\/strong><\/h3>\r\n<p>Um diesen Markenpurpose stringent durch alle Unternehmensbereiche zu verfolgen, erarbeitete Franke einen Markenauftritt, der ab dem 13. September sukzessive auf allen Plattformen, wie z.B. auf der aktualisierten Website, und in der gesamten Marketingkommunikation sichtbar sein wird. Die Rolle des Designs besteht dabei darin, die neu entwickelte Markenpositionierung mittels visueller Identit\u00e4t auszudr\u00fccken.<\/p>\r\n<p>Getreu dem Prinzip \u00abzuverl\u00e4ssig und inspirierend\u00bb wird das k\u00fcnftige Design dynamisch, flexibel und zeitgem\u00e4ss sowie in klaren Farben, Linien und Symbolen umgesetzt. Das modernisierte Franke Logo erscheint unter Beibehaltung seiner Urspr\u00fcnge in der aktivierenden Farbe \u00abVibrant Red\u00bb, eine Weiterentwicklung der bestehenden Markenfarbe \u2013 f\u00fcr mehr Pr\u00e4zision und Anpassungsf\u00e4higkeit.<\/p>\r\n<p>Besonders auff\u00e4llig: Das flexible Layout mit der neuen dynamischen Schriftart \u00abAntarctica\u00bb sprengt die Grenzen der Formate und soll so die Botschaft des st\u00e4ndigen Wandels besonders deutlich vermitteln. Ebenso erm\u00f6glicht es verschiedene Kombinationen von Designelementen, die subtil oder plakativ, pr\u00e4zise oder dynamisch, elegant oder emotional sein k\u00f6nnen; je nach dem, um welchen Kommunikationskanal es sich handelt.<\/p>","protected":false},"excerpt":{"rendered":"<p>\u00abDie einzige Konstante ist der Wandel\u00bb \u2013 f\u00fcr Franke steht diese Markenphilosophie daf\u00fcr, auf intelligente Weise neue Wege zu finden, sich dem st\u00e4ndigen Wandel zu stellen \u2013 gemeinsam mit Kunden und Partnern. Das Unternehmen will hierf\u00fcr langj\u00e4hrige Ingenieurskunst mit moderner Technologie und funktioneller \u00c4sthetik sowie mit integrierten Services und innovativen L\u00f6sungen verbinden. Tradition trifft k\u00fchnen [\u2026]<\/p>\n","protected":false},"author":8,"featured_media":0,"comment_status":"closed","ping_status":"closed","sticky":false,"template":"","format":"standard","meta":{"_acf_changed":false,"_yoast_wpseo_focuskw":"Franke Markenauftritt","_yoast_wpseo_metadesc":"Franke pr\u00e4sentiert neuen Markenauftritt: Tradition trifft k\u00fchnen Geist. Dynamisches Design und innovative L\u00f6sungen im Fokus.","articlekey":"","footnotes":""},"categories":[29],"tags":[3392,3393],"class_list":["post-16988","post","type-post","status-publish","format-standard","hentry","category-marketing","tag-corporate-identity","tag-franke"],"acf":[],"yoast_head":"<!-- This site is optimized with the Yoast SEO plugin v27.4 - https:\/\/yoast.com\/product\/yoast-seo-wordpress\/ -->\n<title>Wandel als Konstante: Franke pr\u00e4sentiert neue Markenidentit\u00e4t - Organisator<\/title>\n<meta name=\"description\" content=\"Franke pr\u00e4sentiert neuen Markenauftritt: Tradition trifft k\u00fchnen Geist. Dynamisches Design und innovative L\u00f6sungen im Fokus.\" \/>\n<meta name=\"robots\" content=\"index, follow, max-snippet:-1, max-image-preview:large, max-video-preview:-1\" \/>\n<link rel=\"canonical\" href=\"https:\/\/www.organisator.ch\/de\/marketing\/2022-09-20\/wandel-als-konstante-franke-praesentiert-neue-markenidentitaet\/\" \/>\n<meta property=\"og:locale\" content=\"de_DE\" \/>\n<meta property=\"og:type\" content=\"article\" \/>\n<meta property=\"og:title\" content=\"Wandel als Konstante: Franke pr\u00e4sentiert neue Markenidentit\u00e4t - Organisator\" \/>\n<meta property=\"og:description\" content=\"Franke pr\u00e4sentiert neuen Markenauftritt: Tradition trifft k\u00fchnen Geist. Dynamisches Design und innovative L\u00f6sungen im Fokus.\" \/>\n<meta property=\"og:url\" content=\"https:\/\/www.organisator.ch\/de\/marketing\/2022-09-20\/wandel-als-konstante-franke-praesentiert-neue-markenidentitaet\/\" \/>\n<meta property=\"og:site_name\" content=\"Organisator\" \/>\n<meta property=\"article:publisher\" content=\"https:\/\/www.facebook.com\/OrganisatorFachmagazin\" \/>\n<meta property=\"article:published_time\" content=\"2022-09-20T15:00:03+00:00\" \/>\n<meta property=\"article:modified_time\" content=\"2024-11-21T10:23:09+00:00\" \/>\n<meta name=\"author\" content=\"galledia\" \/>\n<meta name=\"twitter:card\" content=\"summary_large_image\" \/>\n<meta name=\"twitter:creator\" content=\"@admin\" \/>\n<script type=\"application\/ld+json\" class=\"yoast-schema-graph\">{\"@context\":\"https:\\\/\\\/schema.org\",\"@graph\":[{\"@type\":\"Article\",\"@id\":\"https:\\\/\\\/www.organisator.ch\\\/marketing\\\/2022-09-20\\\/wandel-als-konstante-franke-praesentiert-neue-markenidentitaet\\\/#article\",\"isPartOf\":{\"@id\":\"https:\\\/\\\/www.organisator.ch\\\/marketing\\\/2022-09-20\\\/wandel-als-konstante-franke-praesentiert-neue-markenidentitaet\\\/\"},\"author\":{\"name\":\"galledia\",\"@id\":\"https:\\\/\\\/www.organisator.ch\\\/#\\\/schema\\\/person\\\/4e51799071cd2dd1232ac003643ef5f0\"},\"headline\":\"Wandel als Konstante: Franke pr\u00e4sentiert neue Markenidentit\u00e4t\",\"datePublished\":\"2022-09-20T15:00:03+00:00\",\"dateModified\":\"2024-11-21T10:23:09+00:00\",\"mainEntityOfPage\":{\"@id\":\"https:\\\/\\\/www.organisator.ch\\\/marketing\\\/2022-09-20\\\/wandel-als-konstante-franke-praesentiert-neue-markenidentitaet\\\/\"},\"wordCount\":237,\"publisher\":{\"@id\":\"https:\\\/\\\/www.organisator.ch\\\/#organization\"},\"image\":{\"@id\":\"https:\\\/\\\/www.organisator.ch\\\/marketing\\\/2022-09-20\\\/wandel-als-konstante-franke-praesentiert-neue-markenidentitaet\\\/#primaryimage\"},\"thumbnailUrl\":\"https:\\\/\\\/www.werbewoche.ch\\\/wp-content\\\/uploads\\\/2022\\\/09\\\/Home_HS.png\",\"keywords\":[\"Corporate Identity\",\"Franke\"],\"articleSection\":[\"MARKETING\"],\"inLanguage\":\"de\"},{\"@type\":\"WebPage\",\"@id\":\"https:\\\/\\\/www.organisator.ch\\\/marketing\\\/2022-09-20\\\/wandel-als-konstante-franke-praesentiert-neue-markenidentitaet\\\/\",\"url\":\"https:\\\/\\\/www.organisator.ch\\\/marketing\\\/2022-09-20\\\/wandel-als-konstante-franke-praesentiert-neue-markenidentitaet\\\/\",\"name\":\"Wandel als Konstante: Franke pr\u00e4sentiert neue Markenidentit\u00e4t - Organisator\",\"isPartOf\":{\"@id\":\"https:\\\/\\\/www.organisator.ch\\\/#website\"},\"primaryImageOfPage\":{\"@id\":\"https:\\\/\\\/www.organisator.ch\\\/marketing\\\/2022-09-20\\\/wandel-als-konstante-franke-praesentiert-neue-markenidentitaet\\\/#primaryimage\"},\"image\":{\"@id\":\"https:\\\/\\\/www.organisator.ch\\\/marketing\\\/2022-09-20\\\/wandel-als-konstante-franke-praesentiert-neue-markenidentitaet\\\/#primaryimage\"},\"thumbnailUrl\":\"https:\\\/\\\/www.werbewoche.ch\\\/wp-content\\\/uploads\\\/2022\\\/09\\\/Home_HS.png\",\"datePublished\":\"2022-09-20T15:00:03+00:00\",\"dateModified\":\"2024-11-21T10:23:09+00:00\",\"description\":\"Franke pr\u00e4sentiert neuen Markenauftritt: Tradition trifft k\u00fchnen Geist. Dynamisches Design und innovative L\u00f6sungen im Fokus.\",\"breadcrumb\":{\"@id\":\"https:\\\/\\\/www.organisator.ch\\\/marketing\\\/2022-09-20\\\/wandel-als-konstante-franke-praesentiert-neue-markenidentitaet\\\/#breadcrumb\"},\"inLanguage\":\"de\",\"potentialAction\":[{\"@type\":\"ReadAction\",\"target\":[\"https:\\\/\\\/www.organisator.ch\\\/marketing\\\/2022-09-20\\\/wandel-als-konstante-franke-praesentiert-neue-markenidentitaet\\\/\"]}]},{\"@type\":\"ImageObject\",\"inLanguage\":\"de\",\"@id\":\"https:\\\/\\\/www.organisator.ch\\\/marketing\\\/2022-09-20\\\/wandel-als-konstante-franke-praesentiert-neue-markenidentitaet\\\/#primaryimage\",\"url\":\"https:\\\/\\\/www.werbewoche.ch\\\/wp-content\\\/uploads\\\/2022\\\/09\\\/Home_HS.png\",\"contentUrl\":\"https:\\\/\\\/www.werbewoche.ch\\\/wp-content\\\/uploads\\\/2022\\\/09\\\/Home_HS.png\"},{\"@type\":\"BreadcrumbList\",\"@id\":\"https:\\\/\\\/www.organisator.ch\\\/marketing\\\/2022-09-20\\\/wandel-als-konstante-franke-praesentiert-neue-markenidentitaet\\\/#breadcrumb\",\"itemListElement\":[{\"@type\":\"ListItem\",\"position\":1,\"name\":\"Home\",\"item\":\"https:\\\/\\\/www.organisator.ch\\\/\"},{\"@type\":\"ListItem\",\"position\":2,\"name\":\"Wandel als Konstante: Franke pr\u00e4sentiert neue Markenidentit\u00e4t\"}]},{\"@type\":\"WebSite\",\"@id\":\"https:\\\/\\\/www.organisator.ch\\\/#website\",\"url\":\"https:\\\/\\\/www.organisator.ch\\\/\",\"name\":\"Organisator\",\"description\":\"Kompetent. Praxisnah. Der ORGANISATOR bereitet in 10 Ausgaben pro Jahr die wesentlichen Themen f\u00fcr F\u00fchrungskr\u00e4fte von KMU auf.\",\"publisher\":{\"@id\":\"https:\\\/\\\/www.organisator.ch\\\/#organization\"},\"potentialAction\":[{\"@type\":\"SearchAction\",\"target\":{\"@type\":\"EntryPoint\",\"urlTemplate\":\"https:\\\/\\\/www.organisator.ch\\\/?s={search_term_string}\"},\"query-input\":{\"@type\":\"PropertyValueSpecification\",\"valueRequired\":true,\"valueName\":\"search_term_string\"}}],\"inLanguage\":\"de\"},{\"@type\":\"Organization\",\"@id\":\"https:\\\/\\\/www.organisator.ch\\\/#organization\",\"name\":\"Organisator\",\"url\":\"https:\\\/\\\/www.organisator.ch\\\/\",\"logo\":{\"@type\":\"ImageObject\",\"inLanguage\":\"de\",\"@id\":\"https:\\\/\\\/www.organisator.ch\\\/#\\\/schema\\\/logo\\\/image\\\/\",\"url\":\"https:\\\/\\\/www.organisator.ch\\\/wp-content\\\/uploads\\\/2022\\\/01\\\/Logo_Organisator_Website.png\",\"contentUrl\":\"https:\\\/\\\/www.organisator.ch\\\/wp-content\\\/uploads\\\/2022\\\/01\\\/Logo_Organisator_Website.png\",\"width\":800,\"height\":77,\"caption\":\"Organisator\"},\"image\":{\"@id\":\"https:\\\/\\\/www.organisator.ch\\\/#\\\/schema\\\/logo\\\/image\\\/\"},\"sameAs\":[\"https:\\\/\\\/www.facebook.com\\\/OrganisatorFachmagazin\",\"https:\\\/\\\/www.linkedin.com\\\/showcase\\\/organisator-das-magazin-fr-kmu\",\"https:\\\/\\\/www.xing.com\\\/news\\\/pages\\\/organisator-ch-695\",\"https:\\\/\\\/www.youtube.com\\\/channel\\\/UCGP2Sq0iWaZwT3BdIAQFYpw\"]},{\"@type\":\"Person\",\"@id\":\"https:\\\/\\\/www.organisator.ch\\\/#\\\/schema\\\/person\\\/4e51799071cd2dd1232ac003643ef5f0\",\"name\":\"galledia\",\"image\":{\"@type\":\"ImageObject\",\"inLanguage\":\"de\",\"@id\":\"https:\\\/\\\/secure.gravatar.com\\\/avatar\\\/78a7f90c01fc2bfc875782a0d4922b37cde2cf184ce347b91316d23cd7f69a36?s=96&d=mm&r=g\",\"url\":\"https:\\\/\\\/secure.gravatar.com\\\/avatar\\\/78a7f90c01fc2bfc875782a0d4922b37cde2cf184ce347b91316d23cd7f69a36?s=96&d=mm&r=g\",\"contentUrl\":\"https:\\\/\\\/secure.gravatar.com\\\/avatar\\\/78a7f90c01fc2bfc875782a0d4922b37cde2cf184ce347b91316d23cd7f69a36?s=96&d=mm&r=g\",\"caption\":\"galledia\"},\"sameAs\":[\"https:\\\/\\\/x.com\\\/admin\"],\"url\":\"https:\\\/\\\/www.organisator.ch\\\/de\\\/author\\\/galledia\\\/\"}]}<\/script>\n<!-- \/ Yoast SEO plugin. -->","yoast_head_json":{"title":"Wandel als Konstante: Franke pr\u00e4sentiert neue Markenidentit\u00e4t - Organisator","description":"Franke pr\u00e4sentiert neuen Markenauftritt: Tradition trifft k\u00fchnen Geist. Dynamisches Design und innovative L\u00f6sungen im Fokus.","robots":{"index":"index","follow":"follow","max-snippet":"max-snippet:-1","max-image-preview":"max-image-preview:large","max-video-preview":"max-video-preview:-1"},"canonical":"https:\/\/www.organisator.ch\/de\/marketing\/2022-09-20\/wandel-als-konstante-franke-praesentiert-neue-markenidentitaet\/","og_locale":"de_DE","og_type":"article","og_title":"Wandel als Konstante: Franke pr\u00e4sentiert neue Markenidentit\u00e4t - Organisator","og_description":"Franke pr\u00e4sentiert neuen Markenauftritt: Tradition trifft k\u00fchnen Geist. Dynamisches Design und innovative L\u00f6sungen im Fokus.","og_url":"https:\/\/www.organisator.ch\/de\/marketing\/2022-09-20\/wandel-als-konstante-franke-praesentiert-neue-markenidentitaet\/","og_site_name":"Organisator","article_publisher":"https:\/\/www.facebook.com\/OrganisatorFachmagazin","article_published_time":"2022-09-20T15:00:03+00:00","article_modified_time":"2024-11-21T10:23:09+00:00","author":"galledia","twitter_card":"summary_large_image","twitter_creator":"@admin","schema":{"@context":"https:\/\/schema.org","@graph":[{"@type":"Article","@id":"https:\/\/www.organisator.ch\/marketing\/2022-09-20\/wandel-als-konstante-franke-praesentiert-neue-markenidentitaet\/#article","isPartOf":{"@id":"https:\/\/www.organisator.ch\/marketing\/2022-09-20\/wandel-als-konstante-franke-praesentiert-neue-markenidentitaet\/"},"author":{"name":"galledia","@id":"https:\/\/www.organisator.ch\/#\/schema\/person\/4e51799071cd2dd1232ac003643ef5f0"},"headline":"Wandel als Konstante: Franke pr\u00e4sentiert neue Markenidentit\u00e4t","datePublished":"2022-09-20T15:00:03+00:00","dateModified":"2024-11-21T10:23:09+00:00","mainEntityOfPage":{"@id":"https:\/\/www.organisator.ch\/marketing\/2022-09-20\/wandel-als-konstante-franke-praesentiert-neue-markenidentitaet\/"},"wordCount":237,"publisher":{"@id":"https:\/\/www.organisator.ch\/#organization"},"image":{"@id":"https:\/\/www.organisator.ch\/marketing\/2022-09-20\/wandel-als-konstante-franke-praesentiert-neue-markenidentitaet\/#primaryimage"},"thumbnailUrl":"https:\/\/www.werbewoche.ch\/wp-content\/uploads\/2022\/09\/Home_HS.png","keywords":["Corporate Identity","Franke"],"articleSection":["MARKETING"],"inLanguage":"de"},{"@type":"WebPage","@id":"https:\/\/www.organisator.ch\/marketing\/2022-09-20\/wandel-als-konstante-franke-praesentiert-neue-markenidentitaet\/","url":"https:\/\/www.organisator.ch\/marketing\/2022-09-20\/wandel-als-konstante-franke-praesentiert-neue-markenidentitaet\/","name":"Wandel als Konstante: Franke pr\u00e4sentiert neue Markenidentit\u00e4t - Organisator","isPartOf":{"@id":"https:\/\/www.organisator.ch\/#website"},"primaryImageOfPage":{"@id":"https:\/\/www.organisator.ch\/marketing\/2022-09-20\/wandel-als-konstante-franke-praesentiert-neue-markenidentitaet\/#primaryimage"},"image":{"@id":"https:\/\/www.organisator.ch\/marketing\/2022-09-20\/wandel-als-konstante-franke-praesentiert-neue-markenidentitaet\/#primaryimage"},"thumbnailUrl":"https:\/\/www.werbewoche.ch\/wp-content\/uploads\/2022\/09\/Home_HS.png","datePublished":"2022-09-20T15:00:03+00:00","dateModified":"2024-11-21T10:23:09+00:00","description":"Franke pr\u00e4sentiert neuen Markenauftritt: Tradition trifft k\u00fchnen Geist. Dynamisches Design und innovative L\u00f6sungen im Fokus.","breadcrumb":{"@id":"https:\/\/www.organisator.ch\/marketing\/2022-09-20\/wandel-als-konstante-franke-praesentiert-neue-markenidentitaet\/#breadcrumb"},"inLanguage":"de","potentialAction":[{"@type":"ReadAction","target":["https:\/\/www.organisator.ch\/marketing\/2022-09-20\/wandel-als-konstante-franke-praesentiert-neue-markenidentitaet\/"]}]},{"@type":"ImageObject","inLanguage":"de","@id":"https:\/\/www.organisator.ch\/marketing\/2022-09-20\/wandel-als-konstante-franke-praesentiert-neue-markenidentitaet\/#primaryimage","url":"https:\/\/www.werbewoche.ch\/wp-content\/uploads\/2022\/09\/Home_HS.png","contentUrl":"https:\/\/www.werbewoche.ch\/wp-content\/uploads\/2022\/09\/Home_HS.png"},{"@type":"BreadcrumbList","@id":"https:\/\/www.organisator.ch\/marketing\/2022-09-20\/wandel-als-konstante-franke-praesentiert-neue-markenidentitaet\/#breadcrumb","itemListElement":[{"@type":"ListItem","position":1,"name":"Home","item":"https:\/\/www.organisator.ch\/"},{"@type":"ListItem","position":2,"name":"Wandel als Konstante: Franke pr\u00e4sentiert neue Markenidentit\u00e4t"}]},{"@type":"WebSite","@id":"https:\/\/www.organisator.ch\/#website","url":"https:\/\/www.organisator.ch\/","name":"Organisator","description":"Kompetent. Praxisnah. Der ORGANISATOR bereitet in 10 Ausgaben pro Jahr die wesentlichen Themen f\u00fcr F\u00fchrungskr\u00e4fte von KMU auf.","publisher":{"@id":"https:\/\/www.organisator.ch\/#organization"},"potentialAction":[{"@type":"SearchAction","target":{"@type":"EntryPoint","urlTemplate":"https:\/\/www.organisator.ch\/?s={search_term_string}"},"query-input":{"@type":"PropertyValueSpecification","valueRequired":true,"valueName":"search_term_string"}}],"inLanguage":"de"},{"@type":"Organization","@id":"https:\/\/www.organisator.ch\/#organization","name":"Organisator","url":"https:\/\/www.organisator.ch\/","logo":{"@type":"ImageObject","inLanguage":"de","@id":"https:\/\/www.organisator.ch\/#\/schema\/logo\/image\/","url":"https:\/\/www.organisator.ch\/wp-content\/uploads\/2022\/01\/Logo_Organisator_Website.png","contentUrl":"https:\/\/www.organisator.ch\/wp-content\/uploads\/2022\/01\/Logo_Organisator_Website.png","width":800,"height":77,"caption":"Organisator"},"image":{"@id":"https:\/\/www.organisator.ch\/#\/schema\/logo\/image\/"},"sameAs":["https:\/\/www.facebook.com\/OrganisatorFachmagazin","https:\/\/www.linkedin.com\/showcase\/organisator-das-magazin-fr-kmu","https:\/\/www.xing.com\/news\/pages\/organisator-ch-695","https:\/\/www.youtube.com\/channel\/UCGP2Sq0iWaZwT3BdIAQFYpw"]},{"@type":"Person","@id":"https:\/\/www.organisator.ch\/#\/schema\/person\/4e51799071cd2dd1232ac003643ef5f0","name":"galledia","image":{"@type":"ImageObject","inLanguage":"de","@id":"https:\/\/secure.gravatar.com\/avatar\/78a7f90c01fc2bfc875782a0d4922b37cde2cf184ce347b91316d23cd7f69a36?s=96&d=mm&r=g","url":"https:\/\/secure.gravatar.com\/avatar\/78a7f90c01fc2bfc875782a0d4922b37cde2cf184ce347b91316d23cd7f69a36?s=96&d=mm&r=g","contentUrl":"https:\/\/secure.gravatar.com\/avatar\/78a7f90c01fc2bfc875782a0d4922b37cde2cf184ce347b91316d23cd7f69a36?s=96&d=mm&r=g","caption":"galledia"},"sameAs":["https:\/\/x.com\/admin"],"url":"https:\/\/www.organisator.ch\/de\/author\/galledia\/"}]}},"_links":{"self":[{"href":"https:\/\/www.organisator.ch\/de\/wp-json\/wp\/v2\/posts\/16988","targetHints":{"allow":["GET"]}}],"collection":[{"href":"https:\/\/www.organisator.ch\/de\/wp-json\/wp\/v2\/posts"}],"about":[{"href":"https:\/\/www.organisator.ch\/de\/wp-json\/wp\/v2\/types\/post"}],"author":[{"embeddable":true,"href":"https:\/\/www.organisator.ch\/de\/wp-json\/wp\/v2\/users\/8"}],"replies":[{"embeddable":true,"href":"https:\/\/www.organisator.ch\/de\/wp-json\/wp\/v2\/comments?post=16988"}],"version-history":[{"count":2,"href":"https:\/\/www.organisator.ch\/de\/wp-json\/wp\/v2\/posts\/16988\/revisions"}],"predecessor-version":[{"id":33788,"href":"https:\/\/www.organisator.ch\/de\/wp-json\/wp\/v2\/posts\/16988\/revisions\/33788"}],"wp:attachment":[{"href":"https:\/\/www.organisator.ch\/de\/wp-json\/wp\/v2\/media?parent=16988"}],"wp:term":[{"taxonomy":"category","embeddable":true,"href":"https:\/\/www.organisator.ch\/de\/wp-json\/wp\/v2\/categories?post=16988"},{"taxonomy":"post_tag","embeddable":true,"href":"https:\/\/www.organisator.ch\/de\/wp-json\/wp\/v2\/tags?post=16988"}],"curies":[{"name":"wp","href":"https:\/\/api.w.org\/{rel}","templated":true}]}}