{"id":16992,"date":"2022-09-21T08:42:03","date_gmt":"2022-09-21T06:42:03","guid":{"rendered":"https:\/\/www.organisator.ch\/?p=16992"},"modified":"2022-10-12T09:32:38","modified_gmt":"2022-10-12T07:32:38","slug":"kyburz-switzerland-ist-gewinner-des-prix-svc-wirtschaftsraum-zuerich-2022","status":"publish","type":"post","link":"https:\/\/www.organisator.ch\/de\/management\/2022-09-21\/kyburz-switzerland-ist-gewinner-des-prix-svc-wirtschaftsraum-zuerich-2022\/","title":{"rendered":"Kyburz Switzerland ist Gewinner des Prix SVC Wirtschaftsraum Z\u00fcrich 2022"},"content":{"rendered":"<figure id=\"attachment_16993\" aria-describedby=\"caption-attachment-16993\" style=\"width: 680px\" class=\"wp-caption alignnone\"><img loading=\"lazy\" decoding=\"async\" class=\"size-full wp-image-16993\" src=\"https:\/\/www.organisator.ch\/wp-content\/uploads\/2022\/09\/Kyburz-Switzerland-ist-Gewinner-des-Prix-SVC-Wirtschaftsraum-Zurich-2022-1_Organisator.jpg\" alt=\"\" width=\"680\" height=\"452\" srcset=\"https:\/\/www.organisator.ch\/wp-content\/uploads\/2022\/09\/Kyburz-Switzerland-ist-Gewinner-des-Prix-SVC-Wirtschaftsraum-Zurich-2022-1_Organisator.jpg 680w, https:\/\/www.organisator.ch\/wp-content\/uploads\/2022\/09\/Kyburz-Switzerland-ist-Gewinner-des-Prix-SVC-Wirtschaftsraum-Zurich-2022-1_Organisator-18x12.jpg 18w, https:\/\/www.organisator.ch\/wp-content\/uploads\/2022\/09\/Kyburz-Switzerland-ist-Gewinner-des-Prix-SVC-Wirtschaftsraum-Zurich-2022-1_Organisator-263x175.jpg 263w, https:\/\/www.organisator.ch\/wp-content\/uploads\/2022\/09\/Kyburz-Switzerland-ist-Gewinner-des-Prix-SVC-Wirtschaftsraum-Zurich-2022-1_Organisator-527x350.jpg 527w, https:\/\/www.organisator.ch\/wp-content\/uploads\/2022\/09\/Kyburz-Switzerland-ist-Gewinner-des-Prix-SVC-Wirtschaftsraum-Zurich-2022-1_Organisator-300x199.jpg 300w\" sizes=\"auto, (max-width: 680px) 100vw, 680px\" \/><figcaption id=\"caption-attachment-16993\" class=\"wp-caption-text\">Martin Kyburz, Gesch\u00e4ftsf\u00fchrer und Inhaber von Kyburz Switzerland freut sich \u00fcber den Gewinn des Prix SVC Wirtschaftsraums Z\u00fcrich. SVC-Pr\u00e4sident Andreas Gerber applaudiert. (Bild: Thomas Berner)<\/figcaption><\/figure>\n<p>Kyburz Switzerland aus Freienstein ist seit mehr als 30 Jahren internationaler Leader f\u00fcr hochwertige Mobilit\u00e4ts- und Transportl\u00f6sungen. Was im Gr\u00fcndungsjahr 1991 mit der Konstruktion von Solarmobilen begann, hat sich inzwischen zur Produktion von qualitativ hochstehenden Elektrofahrzeuge f\u00fcr Zustell- und Industriebetriebe entwickelt. Die hauseigene Telematik-L\u00f6sung minimiert die administrativen Abl\u00e4ufe und verbessert die Wirtschaftlichkeit grosser Flotten. Nicht mehr wegzudenken aus unserem Strassenbild sind beispielsweise die gelben 3-Rad Elektromobile der Schweizerischen Post. Auch Zustelldienste in Australien, Finnland oder Island setzen inzwischen auf die Fahrzeuge von Kyburz. Ebenfalls ist das Kyburz Recyclingverfahren f\u00fcr Lithium-Ion Batterien das wohl effizienteste weltweit: Nach Angaben von Gesch\u00e4ftsf\u00fchrer und Inhaber Martin Kyburz k\u00f6nnen 91 Prozent der in einer Batterie verbauten Wertstoffe zur\u00fcckgewonnen werden. Das Nachhaltigkeitskonzept der Kyburz-Fahrzeuge ist beeindruckend: Nach acht Betriebsjahren werden die Zustellfahrzeuge zur\u00fcckgezogen, komplett \u00fcberholt und k\u00f6nnen dann quasi neuwertig wieder in Verkehr gesetzt werden.<\/p>\n<h3><strong>Martin Kyburz: &#8222;Hey Team, das ist Euer Preis&#8220;<\/strong><\/h3>\n<p>Daniel L\u00e4ubli, Jurypr\u00e4sident des Prix SVC Wirtschaftsraum Z\u00fcrich und Senior Partner von McKinsey &amp; Company Z\u00fcrich w\u00fcrdigte den Gewinner des ersten Preises in seiner Laudatio. Die Wachstumsgeschichte, die das Unternehmen national und international hingelegt hat, sei beeindruckend \u2013 sie waren der Zeit schon seit ihrer Gr\u00fcndung voraus. \u00abDer Sieg ist vor allem eine Auszeichnung daf\u00fcr, dass das Team der Kyburz Switzerland aus leidenschaftlichen und erfahrenen T\u00fcftlerinnen und T\u00fcftlern besteht \u2013 immer auf der Suche nach der L\u00f6sung des n\u00e4chsten grossen Problems.\u00bb Aktuell widmen sie sich nichts Geringerem als der Herstellung von neuen Batterien aus dem wiedergewonnenen Rohmaterial des Recyclingverfahrens.<\/p>\n<p>In seiner Dankesrede stellte Martin Kyburz sein Team in den Mittelpunkt: &#8222;Hey Team, das ist Euer Preis&#8220;, rief er den anwesenden Kolleginnen und Kollegen zu. Er sieht den Gewinn der Troph\u00e4e als Lohn f\u00fcr die t\u00e4glich eingesetzte Leidenschaft, innovativ zu sein und Arbeitspl\u00e4tze zu schaffen.<\/p>\n<h3><strong>Neben Kyburz Switzerland vier weitere Unternehmen geehrt<\/strong><\/h3>\n<p>Platz zwei ging an die G. Bopp &amp; Co. AG aus Z\u00fcrich, die seit Jahrzehnten eine der weltweit f\u00fchrenden Herstellerinnen von Metallgeweben f\u00fcr anspruchsvolle und vielf\u00e4ltige Anwendungen ist. Ging es bei der Gr\u00fcndung des Unternehmens 1881 noch darum, qualitativ hochwertige, stabile und zuverl\u00e4ssige Siebe und Gitter herzustellen, so sind die Gewebe heute oft wichtige Bauteile in hochkomplexen Prozessen in der Industrie oder in der Forschung und Entwicklung. Mit Stolz verwies David Rolny, Mitglied des Verwaltungsrats des Unternehmens, darauf, dass auch die NASA zu den Kunden geh\u00f6rt und Produkte von G. Bopp &amp; Co. in den Apollo-Missionen auf dem Mond zum Einsatz kamen.<\/p>\n<figure id=\"attachment_16994\" aria-describedby=\"caption-attachment-16994\" style=\"width: 680px\" class=\"wp-caption alignnone\"><img loading=\"lazy\" decoding=\"async\" class=\"size-full wp-image-16994\" src=\"https:\/\/www.organisator.ch\/wp-content\/uploads\/2022\/09\/Kyburz-Switzerland-ist-Gewinner-des-Prix-SVC-Wirtschaftsraum-Zurich-2022-3_Organisator.jpg\" alt=\"\" width=\"680\" height=\"452\" srcset=\"https:\/\/www.organisator.ch\/wp-content\/uploads\/2022\/09\/Kyburz-Switzerland-ist-Gewinner-des-Prix-SVC-Wirtschaftsraum-Zurich-2022-3_Organisator.jpg 680w, https:\/\/www.organisator.ch\/wp-content\/uploads\/2022\/09\/Kyburz-Switzerland-ist-Gewinner-des-Prix-SVC-Wirtschaftsraum-Zurich-2022-3_Organisator-18x12.jpg 18w, https:\/\/www.organisator.ch\/wp-content\/uploads\/2022\/09\/Kyburz-Switzerland-ist-Gewinner-des-Prix-SVC-Wirtschaftsraum-Zurich-2022-3_Organisator-263x175.jpg 263w, https:\/\/www.organisator.ch\/wp-content\/uploads\/2022\/09\/Kyburz-Switzerland-ist-Gewinner-des-Prix-SVC-Wirtschaftsraum-Zurich-2022-3_Organisator-527x350.jpg 527w, https:\/\/www.organisator.ch\/wp-content\/uploads\/2022\/09\/Kyburz-Switzerland-ist-Gewinner-des-Prix-SVC-Wirtschaftsraum-Zurich-2022-3_Organisator-300x199.jpg 300w\" sizes=\"auto, (max-width: 680px) 100vw, 680px\" \/><figcaption id=\"caption-attachment-16994\" class=\"wp-caption-text\">Gespanntes Warten auf die Rangverk\u00fcndigung (v.l.n.r.): Guy Petignat (Falu AG), David Rolny (G. Bopp &amp; Co. AG), Martin Kyburz (Kyburz Switzerland AG), Nils Planzer (Planzer Transport AG) und Marco Hirsbrunner (South Pole). (Bild: Thomas Berner)<\/figcaption><\/figure>\n<p>Platz drei belegte die Planzer Transport AG, die seit 1966 eine Aktiengesellschaft in Familienbesitz ist. Ganz nach dem Motto \u00abAlles aus einer Hand\u00bb profitiert die Kundschaft von diversen Dienstleistungen und Gesamtl\u00f6sungen rund um die Logistik \u2013 von Lagerlogistik \u00fcber St\u00fcckguttransporte bis zum Paketservice. Ein besonderer Schwerpunkt wird auf das Thema Nachhaltigkeit gesetzt. So legen \u00fcber 60% der Sendungen den Grossteil der Transportstrecke umweltfreundlich mit der Bahn zur\u00fcck. Die weiteren Preistr\u00e4ger des Abends sind die Falu AG aus R\u00fcti, der f\u00fchrende Hersteller von Anlagen zur Produktion und Verpackung von Wattest\u00e4bchen und Wattepads sowie South Pole aus Z\u00fcrich, Projektentwicklerin von nahezu 1\u2019000 Klimaschutzprojekten und eine f\u00fchrende Anbieterin von Klimaschutzl\u00f6sungen.<\/p>\n<h3><strong>Juryprozess, Grussbotschaft der Regierung und Wirtschaftspanel<\/strong><\/h3>\n<p>Der Swiss Venture Club (SVC) zeichnet mit dem Prix SVC Wirtschaftsraum Z\u00fcrich erfolgreiche Klein- und Mittelunternehmen (KMU) der Region aus. In einem mehrstufigen Verfahren hatte die 20-k\u00f6pfige Expertenjury im Vorfeld die f\u00fcnf Finalisten-Unternehmen nominiert und w\u00e4hrend einer Juryreise besucht. Nach klar definierten Kriterien wurde aus allen nominierten Unternehmen die Siegerfirma erkoren.<\/p>\n<p>Der feierliche und spannende Anlass, den Nik Hartmann erneut mit Witz und Sachverstand moderierte, fand mit rund 1400 Teilnehmenden im Kongresshaus Z\u00fcrich statt. Frau Regierungsr\u00e4tin Carmen Walker Sp\u00e4h \u00fcberbrachte die Grussbotschaft und betonte, dass die innovativen Entwicklungen der KMU das R\u00fcckgrat der Z\u00fcrcher Wirtschaft darstellen w\u00fcrden. Es sei deshalb von elementarer Bedeutung, beim Thema Innovation f\u00fchrend zu sein. Dies schaffe Arbeitspl\u00e4tze und Wohlstand. Im Wirtschaftspanel zum Thema \u00abKrise, Krieg und Klimawandel \u2013 Die Schweizer Wirtschaft kann nichts ersch\u00fcttern? Oder?\u00bb gaben Daniela Bosshardt-Hengartner, Unternehmensberaterin und Verwaltungsr\u00e4tin, Anita Buchli, Director ZHAW entrepreneurship, Andreas Gerber, SVC Pr\u00e4sident und Leiter Firmenkunden, Credit Suisse (Schweiz) AG sowie Valentin Vogt, Pr\u00e4sident Schweizerischer Arbeitgeberverband Einblicke in aktuelle Herausforderungen und L\u00f6sungsans\u00e4tze der Schweizer Wirtschaft.<\/p>\n<p>Einen grossen Erfolg verzeichnete ebenfalls die am Nachmittag durchgef\u00fchrte Podiumsdiskussion mit Ancillo Canepa (Pr\u00e4sident FC Z\u00fcrich) und Marinko Jurendic (Sportchef FC Z\u00fcrich) \u00fcber Strategien, Emotionen und Herzblut bei der F\u00fchrung des FCZ durch die H\u00f6hen und Tiefen des sportlichen Erfolgs.<\/p>\n<p><em>Quelle und weitere Informationen: <a href=\"http:\/\/www.svc.swiss\">www.svc.swiss<\/a><\/em><\/p>\n","protected":false},"excerpt":{"rendered":"<p>Kyburz Switzerland aus Freienstein ist seit mehr als 30 Jahren internationaler Leader f\u00fcr hochwertige Mobilit\u00e4ts- und Transportl\u00f6sungen. Was im Gr\u00fcndungsjahr 1991 mit der Konstruktion von Solarmobilen begann, hat sich inzwischen zur Produktion von qualitativ hochstehenden Elektrofahrzeuge f\u00fcr Zustell- und Industriebetriebe entwickelt. Die hauseigene Telematik-L\u00f6sung minimiert die administrativen Abl\u00e4ufe und verbessert die Wirtschaftlichkeit grosser Flotten. Nicht [&hellip;]<\/p>\n","protected":false},"author":4,"featured_media":16993,"comment_status":"closed","ping_status":"closed","sticky":false,"template":"","format":"standard","meta":{"_acf_changed":false,"_yoast_wpseo_focuskw":"Kyburz Switzerland","_yoast_wpseo_metadesc":"Kyburz Switzerland AG aus Freienstein ist die Siegerin des Prix SVC Wirtschaftsraum Z\u00fcrich 2022. Der Preis wurde am 20. September verliehen.","articlekey":"","footnotes":""},"categories":[28],"tags":[66,390,492],"class_list":["post-16992","post","type-post","status-publish","format-standard","has-post-thumbnail","hentry","category-management","tag-awards","tag-prix-svc","tag-unternehmen"],"acf":[],"yoast_head":"<!-- This site is optimized with the Yoast SEO plugin v27.4 - https:\/\/yoast.com\/product\/yoast-seo-wordpress\/ -->\n<title>Kyburz Switzerland ist Gewinner des Prix SVC Wirtschaftsraum Z\u00fcrich 2022 - Organisator<\/title>\n<meta name=\"description\" content=\"Kyburz Switzerland AG aus Freienstein ist die Siegerin des Prix SVC Wirtschaftsraum Z\u00fcrich 2022. Der Preis wurde am 20. September verliehen.\" \/>\n<meta name=\"robots\" content=\"index, follow, max-snippet:-1, max-image-preview:large, max-video-preview:-1\" \/>\n<link rel=\"canonical\" href=\"https:\/\/www.organisator.ch\/de\/management\/2022-09-21\/kyburz-switzerland-ist-gewinner-des-prix-svc-wirtschaftsraum-zuerich-2022\/\" \/>\n<meta property=\"og:locale\" content=\"de_DE\" \/>\n<meta property=\"og:type\" content=\"article\" \/>\n<meta property=\"og:title\" content=\"Kyburz Switzerland ist Gewinner des Prix SVC Wirtschaftsraum Z\u00fcrich 2022\" \/>\n<meta property=\"og:description\" content=\"Kyburz Switzerland AG aus Freienstein ist die Siegerin des Prix SVC Wirtschaftsraum Z\u00fcrich 2022. Der Preis wurde am 20. September verliehen.\" \/>\n<meta property=\"og:url\" content=\"https:\/\/www.organisator.ch\/de\/management\/2022-09-21\/kyburz-switzerland-ist-gewinner-des-prix-svc-wirtschaftsraum-zuerich-2022\/\" \/>\n<meta property=\"og:site_name\" content=\"Organisator\" \/>\n<meta property=\"article:publisher\" content=\"https:\/\/www.facebook.com\/OrganisatorFachmagazin\" \/>\n<meta property=\"article:published_time\" content=\"2022-09-21T06:42:03+00:00\" \/>\n<meta property=\"article:modified_time\" content=\"2022-10-12T07:32:38+00:00\" \/>\n<meta property=\"og:image\" content=\"https:\/\/www.organisator.ch\/wp-content\/uploads\/2022\/09\/Kyburz-Switzerland-ist-Gewinner-des-Prix-SVC-Wirtschaftsraum-Zurich-2022-1_Organisator.jpg\" \/>\n\t<meta property=\"og:image:width\" content=\"680\" \/>\n\t<meta property=\"og:image:height\" content=\"452\" \/>\n\t<meta property=\"og:image:type\" content=\"image\/jpeg\" \/>\n<meta name=\"author\" content=\"thomas.berner\" \/>\n<meta name=\"twitter:card\" content=\"summary_large_image\" \/>\n<meta name=\"twitter:title\" content=\"#Kyburz Switzerland ist Gewinner des Prix #SVC Wirtschaftsraum Z\u00fcrich 2022\" \/>\n<meta name=\"twitter:description\" content=\"#Kyburz Switzerland AG aus #Freienstein ist die Siegerin des Prix #SVC Wirtschaftsraum Z\u00fcrich 2022. Der Preis wurde am 20. September verliehen.\" \/>\n<meta name=\"twitter:image\" content=\"https:\/\/www.organisator.ch\/wp-content\/uploads\/2022\/09\/Kyburz-Switzerland-ist-Gewinner-des-Prix-SVC-Wirtschaftsraum-Zurich-2022-1_Organisator.jpg\" \/>\n<script type=\"application\/ld+json\" class=\"yoast-schema-graph\">{\"@context\":\"https:\\\/\\\/schema.org\",\"@graph\":[{\"@type\":\"Article\",\"@id\":\"https:\\\/\\\/www.organisator.ch\\\/management\\\/2022-09-21\\\/kyburz-switzerland-ist-gewinner-des-prix-svc-wirtschaftsraum-zuerich-2022\\\/#article\",\"isPartOf\":{\"@id\":\"https:\\\/\\\/www.organisator.ch\\\/management\\\/2022-09-21\\\/kyburz-switzerland-ist-gewinner-des-prix-svc-wirtschaftsraum-zuerich-2022\\\/\"},\"author\":{\"name\":\"thomas.berner\",\"@id\":\"https:\\\/\\\/www.organisator.ch\\\/#\\\/schema\\\/person\\\/6f650f90b2842cd4c0cc334b4e36f67e\"},\"headline\":\"Kyburz Switzerland ist Gewinner des Prix SVC Wirtschaftsraum Z\u00fcrich 2022\",\"datePublished\":\"2022-09-21T06:42:03+00:00\",\"dateModified\":\"2022-10-12T07:32:38+00:00\",\"mainEntityOfPage\":{\"@id\":\"https:\\\/\\\/www.organisator.ch\\\/management\\\/2022-09-21\\\/kyburz-switzerland-ist-gewinner-des-prix-svc-wirtschaftsraum-zuerich-2022\\\/\"},\"wordCount\":877,\"publisher\":{\"@id\":\"https:\\\/\\\/www.organisator.ch\\\/#organization\"},\"image\":{\"@id\":\"https:\\\/\\\/www.organisator.ch\\\/management\\\/2022-09-21\\\/kyburz-switzerland-ist-gewinner-des-prix-svc-wirtschaftsraum-zuerich-2022\\\/#primaryimage\"},\"thumbnailUrl\":\"https:\\\/\\\/www.organisator.ch\\\/wp-content\\\/uploads\\\/2022\\\/09\\\/Kyburz-Switzerland-ist-Gewinner-des-Prix-SVC-Wirtschaftsraum-Zurich-2022-1_Organisator.jpg\",\"keywords\":[\"Awards\",\"Prix SVC\",\"Unternehmen\"],\"articleSection\":[\"MANAGEMENT\"],\"inLanguage\":\"de\"},{\"@type\":\"WebPage\",\"@id\":\"https:\\\/\\\/www.organisator.ch\\\/management\\\/2022-09-21\\\/kyburz-switzerland-ist-gewinner-des-prix-svc-wirtschaftsraum-zuerich-2022\\\/\",\"url\":\"https:\\\/\\\/www.organisator.ch\\\/management\\\/2022-09-21\\\/kyburz-switzerland-ist-gewinner-des-prix-svc-wirtschaftsraum-zuerich-2022\\\/\",\"name\":\"Kyburz Switzerland ist Gewinner des Prix SVC Wirtschaftsraum Z\u00fcrich 2022 - Organisator\",\"isPartOf\":{\"@id\":\"https:\\\/\\\/www.organisator.ch\\\/#website\"},\"primaryImageOfPage\":{\"@id\":\"https:\\\/\\\/www.organisator.ch\\\/management\\\/2022-09-21\\\/kyburz-switzerland-ist-gewinner-des-prix-svc-wirtschaftsraum-zuerich-2022\\\/#primaryimage\"},\"image\":{\"@id\":\"https:\\\/\\\/www.organisator.ch\\\/management\\\/2022-09-21\\\/kyburz-switzerland-ist-gewinner-des-prix-svc-wirtschaftsraum-zuerich-2022\\\/#primaryimage\"},\"thumbnailUrl\":\"https:\\\/\\\/www.organisator.ch\\\/wp-content\\\/uploads\\\/2022\\\/09\\\/Kyburz-Switzerland-ist-Gewinner-des-Prix-SVC-Wirtschaftsraum-Zurich-2022-1_Organisator.jpg\",\"datePublished\":\"2022-09-21T06:42:03+00:00\",\"dateModified\":\"2022-10-12T07:32:38+00:00\",\"description\":\"Kyburz Switzerland AG aus Freienstein ist die Siegerin des Prix SVC Wirtschaftsraum Z\u00fcrich 2022. Der Preis wurde am 20. September verliehen.\",\"breadcrumb\":{\"@id\":\"https:\\\/\\\/www.organisator.ch\\\/management\\\/2022-09-21\\\/kyburz-switzerland-ist-gewinner-des-prix-svc-wirtschaftsraum-zuerich-2022\\\/#breadcrumb\"},\"inLanguage\":\"de\",\"potentialAction\":[{\"@type\":\"ReadAction\",\"target\":[\"https:\\\/\\\/www.organisator.ch\\\/management\\\/2022-09-21\\\/kyburz-switzerland-ist-gewinner-des-prix-svc-wirtschaftsraum-zuerich-2022\\\/\"]}]},{\"@type\":\"ImageObject\",\"inLanguage\":\"de\",\"@id\":\"https:\\\/\\\/www.organisator.ch\\\/management\\\/2022-09-21\\\/kyburz-switzerland-ist-gewinner-des-prix-svc-wirtschaftsraum-zuerich-2022\\\/#primaryimage\",\"url\":\"https:\\\/\\\/www.organisator.ch\\\/wp-content\\\/uploads\\\/2022\\\/09\\\/Kyburz-Switzerland-ist-Gewinner-des-Prix-SVC-Wirtschaftsraum-Zurich-2022-1_Organisator.jpg\",\"contentUrl\":\"https:\\\/\\\/www.organisator.ch\\\/wp-content\\\/uploads\\\/2022\\\/09\\\/Kyburz-Switzerland-ist-Gewinner-des-Prix-SVC-Wirtschaftsraum-Zurich-2022-1_Organisator.jpg\",\"width\":680,\"height\":452,\"caption\":\"Martin Kyburz, Gesch\u00e4ftsf\u00fchrer und Inhaber von Kyburz Switzerland freut sich \u00fcber den Gewinn des Prix SVC Wirtschaftsraums Z\u00fcrich. (Bild: Thomas Berner)\"},{\"@type\":\"BreadcrumbList\",\"@id\":\"https:\\\/\\\/www.organisator.ch\\\/management\\\/2022-09-21\\\/kyburz-switzerland-ist-gewinner-des-prix-svc-wirtschaftsraum-zuerich-2022\\\/#breadcrumb\",\"itemListElement\":[{\"@type\":\"ListItem\",\"position\":1,\"name\":\"Home\",\"item\":\"https:\\\/\\\/www.organisator.ch\\\/\"},{\"@type\":\"ListItem\",\"position\":2,\"name\":\"Kyburz Switzerland ist Gewinner des Prix SVC Wirtschaftsraum Z\u00fcrich 2022\"}]},{\"@type\":\"WebSite\",\"@id\":\"https:\\\/\\\/www.organisator.ch\\\/#website\",\"url\":\"https:\\\/\\\/www.organisator.ch\\\/\",\"name\":\"Organisator\",\"description\":\"Kompetent. Praxisnah. Der ORGANISATOR bereitet in 10 Ausgaben pro Jahr die wesentlichen Themen f\u00fcr F\u00fchrungskr\u00e4fte von KMU auf.\",\"publisher\":{\"@id\":\"https:\\\/\\\/www.organisator.ch\\\/#organization\"},\"potentialAction\":[{\"@type\":\"SearchAction\",\"target\":{\"@type\":\"EntryPoint\",\"urlTemplate\":\"https:\\\/\\\/www.organisator.ch\\\/?s={search_term_string}\"},\"query-input\":{\"@type\":\"PropertyValueSpecification\",\"valueRequired\":true,\"valueName\":\"search_term_string\"}}],\"inLanguage\":\"de\"},{\"@type\":\"Organization\",\"@id\":\"https:\\\/\\\/www.organisator.ch\\\/#organization\",\"name\":\"Organisator\",\"url\":\"https:\\\/\\\/www.organisator.ch\\\/\",\"logo\":{\"@type\":\"ImageObject\",\"inLanguage\":\"de\",\"@id\":\"https:\\\/\\\/www.organisator.ch\\\/#\\\/schema\\\/logo\\\/image\\\/\",\"url\":\"https:\\\/\\\/www.organisator.ch\\\/wp-content\\\/uploads\\\/2022\\\/01\\\/Logo_Organisator_Website.png\",\"contentUrl\":\"https:\\\/\\\/www.organisator.ch\\\/wp-content\\\/uploads\\\/2022\\\/01\\\/Logo_Organisator_Website.png\",\"width\":800,\"height\":77,\"caption\":\"Organisator\"},\"image\":{\"@id\":\"https:\\\/\\\/www.organisator.ch\\\/#\\\/schema\\\/logo\\\/image\\\/\"},\"sameAs\":[\"https:\\\/\\\/www.facebook.com\\\/OrganisatorFachmagazin\",\"https:\\\/\\\/www.linkedin.com\\\/showcase\\\/organisator-das-magazin-fr-kmu\",\"https:\\\/\\\/www.xing.com\\\/news\\\/pages\\\/organisator-ch-695\",\"https:\\\/\\\/www.youtube.com\\\/channel\\\/UCGP2Sq0iWaZwT3BdIAQFYpw\"]},{\"@type\":\"Person\",\"@id\":\"https:\\\/\\\/www.organisator.ch\\\/#\\\/schema\\\/person\\\/6f650f90b2842cd4c0cc334b4e36f67e\",\"name\":\"thomas.berner\",\"image\":{\"@type\":\"ImageObject\",\"inLanguage\":\"de\",\"@id\":\"https:\\\/\\\/secure.gravatar.com\\\/avatar\\\/ac5001d2a36cb6c6cd3e50789007ffca834b477b74a2144564522e944eabff61?s=96&d=mm&r=g\",\"url\":\"https:\\\/\\\/secure.gravatar.com\\\/avatar\\\/ac5001d2a36cb6c6cd3e50789007ffca834b477b74a2144564522e944eabff61?s=96&d=mm&r=g\",\"contentUrl\":\"https:\\\/\\\/secure.gravatar.com\\\/avatar\\\/ac5001d2a36cb6c6cd3e50789007ffca834b477b74a2144564522e944eabff61?s=96&d=mm&r=g\",\"caption\":\"thomas.berner\"},\"url\":\"https:\\\/\\\/www.organisator.ch\\\/de\\\/author\\\/thomas-berner\\\/\"}]}<\/script>\n<!-- \/ Yoast SEO plugin. -->","yoast_head_json":{"title":"Kyburz Switzerland ist Gewinner des Prix SVC Wirtschaftsraum Z\u00fcrich 2022 - Organisator","description":"Kyburz Switzerland AG aus Freienstein ist die Siegerin des Prix SVC Wirtschaftsraum Z\u00fcrich 2022. Der Preis wurde am 20. September verliehen.","robots":{"index":"index","follow":"follow","max-snippet":"max-snippet:-1","max-image-preview":"max-image-preview:large","max-video-preview":"max-video-preview:-1"},"canonical":"https:\/\/www.organisator.ch\/de\/management\/2022-09-21\/kyburz-switzerland-ist-gewinner-des-prix-svc-wirtschaftsraum-zuerich-2022\/","og_locale":"de_DE","og_type":"article","og_title":"Kyburz Switzerland ist Gewinner des Prix SVC Wirtschaftsraum Z\u00fcrich 2022","og_description":"Kyburz Switzerland AG aus Freienstein ist die Siegerin des Prix SVC Wirtschaftsraum Z\u00fcrich 2022. Der Preis wurde am 20. September verliehen.","og_url":"https:\/\/www.organisator.ch\/de\/management\/2022-09-21\/kyburz-switzerland-ist-gewinner-des-prix-svc-wirtschaftsraum-zuerich-2022\/","og_site_name":"Organisator","article_publisher":"https:\/\/www.facebook.com\/OrganisatorFachmagazin","article_published_time":"2022-09-21T06:42:03+00:00","article_modified_time":"2022-10-12T07:32:38+00:00","og_image":[{"width":680,"height":452,"url":"https:\/\/www.organisator.ch\/wp-content\/uploads\/2022\/09\/Kyburz-Switzerland-ist-Gewinner-des-Prix-SVC-Wirtschaftsraum-Zurich-2022-1_Organisator.jpg","type":"image\/jpeg"}],"author":"thomas.berner","twitter_card":"summary_large_image","twitter_title":"#Kyburz Switzerland ist Gewinner des Prix #SVC Wirtschaftsraum Z\u00fcrich 2022","twitter_description":"#Kyburz Switzerland AG aus #Freienstein ist die Siegerin des Prix #SVC Wirtschaftsraum Z\u00fcrich 2022. Der Preis wurde am 20. September verliehen.","twitter_image":"https:\/\/www.organisator.ch\/wp-content\/uploads\/2022\/09\/Kyburz-Switzerland-ist-Gewinner-des-Prix-SVC-Wirtschaftsraum-Zurich-2022-1_Organisator.jpg","schema":{"@context":"https:\/\/schema.org","@graph":[{"@type":"Article","@id":"https:\/\/www.organisator.ch\/management\/2022-09-21\/kyburz-switzerland-ist-gewinner-des-prix-svc-wirtschaftsraum-zuerich-2022\/#article","isPartOf":{"@id":"https:\/\/www.organisator.ch\/management\/2022-09-21\/kyburz-switzerland-ist-gewinner-des-prix-svc-wirtschaftsraum-zuerich-2022\/"},"author":{"name":"thomas.berner","@id":"https:\/\/www.organisator.ch\/#\/schema\/person\/6f650f90b2842cd4c0cc334b4e36f67e"},"headline":"Kyburz Switzerland ist Gewinner des Prix SVC Wirtschaftsraum Z\u00fcrich 2022","datePublished":"2022-09-21T06:42:03+00:00","dateModified":"2022-10-12T07:32:38+00:00","mainEntityOfPage":{"@id":"https:\/\/www.organisator.ch\/management\/2022-09-21\/kyburz-switzerland-ist-gewinner-des-prix-svc-wirtschaftsraum-zuerich-2022\/"},"wordCount":877,"publisher":{"@id":"https:\/\/www.organisator.ch\/#organization"},"image":{"@id":"https:\/\/www.organisator.ch\/management\/2022-09-21\/kyburz-switzerland-ist-gewinner-des-prix-svc-wirtschaftsraum-zuerich-2022\/#primaryimage"},"thumbnailUrl":"https:\/\/www.organisator.ch\/wp-content\/uploads\/2022\/09\/Kyburz-Switzerland-ist-Gewinner-des-Prix-SVC-Wirtschaftsraum-Zurich-2022-1_Organisator.jpg","keywords":["Awards","Prix SVC","Unternehmen"],"articleSection":["MANAGEMENT"],"inLanguage":"de"},{"@type":"WebPage","@id":"https:\/\/www.organisator.ch\/management\/2022-09-21\/kyburz-switzerland-ist-gewinner-des-prix-svc-wirtschaftsraum-zuerich-2022\/","url":"https:\/\/www.organisator.ch\/management\/2022-09-21\/kyburz-switzerland-ist-gewinner-des-prix-svc-wirtschaftsraum-zuerich-2022\/","name":"Kyburz Switzerland ist Gewinner des Prix SVC Wirtschaftsraum Z\u00fcrich 2022 - Organisator","isPartOf":{"@id":"https:\/\/www.organisator.ch\/#website"},"primaryImageOfPage":{"@id":"https:\/\/www.organisator.ch\/management\/2022-09-21\/kyburz-switzerland-ist-gewinner-des-prix-svc-wirtschaftsraum-zuerich-2022\/#primaryimage"},"image":{"@id":"https:\/\/www.organisator.ch\/management\/2022-09-21\/kyburz-switzerland-ist-gewinner-des-prix-svc-wirtschaftsraum-zuerich-2022\/#primaryimage"},"thumbnailUrl":"https:\/\/www.organisator.ch\/wp-content\/uploads\/2022\/09\/Kyburz-Switzerland-ist-Gewinner-des-Prix-SVC-Wirtschaftsraum-Zurich-2022-1_Organisator.jpg","datePublished":"2022-09-21T06:42:03+00:00","dateModified":"2022-10-12T07:32:38+00:00","description":"Kyburz Switzerland AG aus Freienstein ist die Siegerin des Prix SVC Wirtschaftsraum Z\u00fcrich 2022. Der Preis wurde am 20. September verliehen.","breadcrumb":{"@id":"https:\/\/www.organisator.ch\/management\/2022-09-21\/kyburz-switzerland-ist-gewinner-des-prix-svc-wirtschaftsraum-zuerich-2022\/#breadcrumb"},"inLanguage":"de","potentialAction":[{"@type":"ReadAction","target":["https:\/\/www.organisator.ch\/management\/2022-09-21\/kyburz-switzerland-ist-gewinner-des-prix-svc-wirtschaftsraum-zuerich-2022\/"]}]},{"@type":"ImageObject","inLanguage":"de","@id":"https:\/\/www.organisator.ch\/management\/2022-09-21\/kyburz-switzerland-ist-gewinner-des-prix-svc-wirtschaftsraum-zuerich-2022\/#primaryimage","url":"https:\/\/www.organisator.ch\/wp-content\/uploads\/2022\/09\/Kyburz-Switzerland-ist-Gewinner-des-Prix-SVC-Wirtschaftsraum-Zurich-2022-1_Organisator.jpg","contentUrl":"https:\/\/www.organisator.ch\/wp-content\/uploads\/2022\/09\/Kyburz-Switzerland-ist-Gewinner-des-Prix-SVC-Wirtschaftsraum-Zurich-2022-1_Organisator.jpg","width":680,"height":452,"caption":"Martin Kyburz, Gesch\u00e4ftsf\u00fchrer und Inhaber von Kyburz Switzerland freut sich \u00fcber den Gewinn des Prix SVC Wirtschaftsraums Z\u00fcrich. (Bild: Thomas Berner)"},{"@type":"BreadcrumbList","@id":"https:\/\/www.organisator.ch\/management\/2022-09-21\/kyburz-switzerland-ist-gewinner-des-prix-svc-wirtschaftsraum-zuerich-2022\/#breadcrumb","itemListElement":[{"@type":"ListItem","position":1,"name":"Home","item":"https:\/\/www.organisator.ch\/"},{"@type":"ListItem","position":2,"name":"Kyburz Switzerland ist Gewinner des Prix SVC Wirtschaftsraum Z\u00fcrich 2022"}]},{"@type":"WebSite","@id":"https:\/\/www.organisator.ch\/#website","url":"https:\/\/www.organisator.ch\/","name":"Organisator","description":"Kompetent. Praxisnah. Der ORGANISATOR bereitet in 10 Ausgaben pro Jahr die wesentlichen Themen f\u00fcr F\u00fchrungskr\u00e4fte von KMU auf.","publisher":{"@id":"https:\/\/www.organisator.ch\/#organization"},"potentialAction":[{"@type":"SearchAction","target":{"@type":"EntryPoint","urlTemplate":"https:\/\/www.organisator.ch\/?s={search_term_string}"},"query-input":{"@type":"PropertyValueSpecification","valueRequired":true,"valueName":"search_term_string"}}],"inLanguage":"de"},{"@type":"Organization","@id":"https:\/\/www.organisator.ch\/#organization","name":"Organisator","url":"https:\/\/www.organisator.ch\/","logo":{"@type":"ImageObject","inLanguage":"de","@id":"https:\/\/www.organisator.ch\/#\/schema\/logo\/image\/","url":"https:\/\/www.organisator.ch\/wp-content\/uploads\/2022\/01\/Logo_Organisator_Website.png","contentUrl":"https:\/\/www.organisator.ch\/wp-content\/uploads\/2022\/01\/Logo_Organisator_Website.png","width":800,"height":77,"caption":"Organisator"},"image":{"@id":"https:\/\/www.organisator.ch\/#\/schema\/logo\/image\/"},"sameAs":["https:\/\/www.facebook.com\/OrganisatorFachmagazin","https:\/\/www.linkedin.com\/showcase\/organisator-das-magazin-fr-kmu","https:\/\/www.xing.com\/news\/pages\/organisator-ch-695","https:\/\/www.youtube.com\/channel\/UCGP2Sq0iWaZwT3BdIAQFYpw"]},{"@type":"Person","@id":"https:\/\/www.organisator.ch\/#\/schema\/person\/6f650f90b2842cd4c0cc334b4e36f67e","name":"thomas.berner","image":{"@type":"ImageObject","inLanguage":"de","@id":"https:\/\/secure.gravatar.com\/avatar\/ac5001d2a36cb6c6cd3e50789007ffca834b477b74a2144564522e944eabff61?s=96&d=mm&r=g","url":"https:\/\/secure.gravatar.com\/avatar\/ac5001d2a36cb6c6cd3e50789007ffca834b477b74a2144564522e944eabff61?s=96&d=mm&r=g","contentUrl":"https:\/\/secure.gravatar.com\/avatar\/ac5001d2a36cb6c6cd3e50789007ffca834b477b74a2144564522e944eabff61?s=96&d=mm&r=g","caption":"thomas.berner"},"url":"https:\/\/www.organisator.ch\/de\/author\/thomas-berner\/"}]}},"_links":{"self":[{"href":"https:\/\/www.organisator.ch\/de\/wp-json\/wp\/v2\/posts\/16992","targetHints":{"allow":["GET"]}}],"collection":[{"href":"https:\/\/www.organisator.ch\/de\/wp-json\/wp\/v2\/posts"}],"about":[{"href":"https:\/\/www.organisator.ch\/de\/wp-json\/wp\/v2\/types\/post"}],"author":[{"embeddable":true,"href":"https:\/\/www.organisator.ch\/de\/wp-json\/wp\/v2\/users\/4"}],"replies":[{"embeddable":true,"href":"https:\/\/www.organisator.ch\/de\/wp-json\/wp\/v2\/comments?post=16992"}],"version-history":[{"count":3,"href":"https:\/\/www.organisator.ch\/de\/wp-json\/wp\/v2\/posts\/16992\/revisions"}],"predecessor-version":[{"id":16997,"href":"https:\/\/www.organisator.ch\/de\/wp-json\/wp\/v2\/posts\/16992\/revisions\/16997"}],"wp:featuredmedia":[{"embeddable":true,"href":"https:\/\/www.organisator.ch\/de\/wp-json\/wp\/v2\/media\/16993"}],"wp:attachment":[{"href":"https:\/\/www.organisator.ch\/de\/wp-json\/wp\/v2\/media?parent=16992"}],"wp:term":[{"taxonomy":"category","embeddable":true,"href":"https:\/\/www.organisator.ch\/de\/wp-json\/wp\/v2\/categories?post=16992"},{"taxonomy":"post_tag","embeddable":true,"href":"https:\/\/www.organisator.ch\/de\/wp-json\/wp\/v2\/tags?post=16992"}],"curies":[{"name":"wp","href":"https:\/\/api.w.org\/{rel}","templated":true}]}}