{"id":16998,"date":"2022-09-21T09:17:46","date_gmt":"2022-09-21T07:17:46","guid":{"rendered":"https:\/\/www.organisator.ch\/?p=16998"},"modified":"2022-09-21T09:19:26","modified_gmt":"2022-09-21T07:19:26","slug":"woran-strategische-kommunikation-scheitert","status":"publish","type":"post","link":"https:\/\/www.organisator.ch\/de\/management\/2022-09-21\/woran-strategische-kommunikation-scheitert\/","title":{"rendered":"Woran strategische Kommunikation scheitert"},"content":{"rendered":"<figure id=\"attachment_16999\" aria-describedby=\"caption-attachment-16999\" style=\"width: 680px\" class=\"wp-caption alignnone\"><img loading=\"lazy\" decoding=\"async\" class=\"size-full wp-image-16999\" src=\"https:\/\/www.organisator.ch\/wp-content\/uploads\/2022\/09\/Woran-strategische-Kommunikation-scheitert_Organisator.jpg\" alt=\"\" width=\"680\" height=\"437\" srcset=\"https:\/\/www.organisator.ch\/wp-content\/uploads\/2022\/09\/Woran-strategische-Kommunikation-scheitert_Organisator.jpg 680w, https:\/\/www.organisator.ch\/wp-content\/uploads\/2022\/09\/Woran-strategische-Kommunikation-scheitert_Organisator-18x12.jpg 18w, https:\/\/www.organisator.ch\/wp-content\/uploads\/2022\/09\/Woran-strategische-Kommunikation-scheitert_Organisator-272x175.jpg 272w, https:\/\/www.organisator.ch\/wp-content\/uploads\/2022\/09\/Woran-strategische-Kommunikation-scheitert_Organisator-545x350.jpg 545w, https:\/\/www.organisator.ch\/wp-content\/uploads\/2022\/09\/Woran-strategische-Kommunikation-scheitert_Organisator-300x193.jpg 300w\" sizes=\"auto, (max-width: 680px) 100vw, 680px\" \/><figcaption id=\"caption-attachment-16999\" class=\"wp-caption-text\">Strategische Kommunikation: Nur die H\u00e4lfte der Unternehmen arbeitet in ihrer Kommunikation mit einer klar definierten Strategie. Zumeist hapert es an personellen Ressourcen, fehlendem Budget oder an Abteilungsgrenzen. (Bild: obs\/news aktuell (Schweiz) AG)<\/figcaption><\/figure>\n<p>Im Februar 2022 wurde im Auftrag von Faktenkontor und news aktuell unter 255 Kommunikationsprofis aus Unternehmen, Organisationen und PR-Agenturen in Deutschland und der Schweiz durchgef\u00fchrt. Die Ergebnisse zeigen, dass viele Unternehmen f\u00fcr ihre Kommunikationsarbeit keine feste und \u00fcbergeordnete Strategie verankert haben: Genau 50 Prozent setzen aktuell auf definierte Vorgaben und Massnahmen, 45 Prozent hingegen nicht. Letzteres liegt laut den Befragten PR-Profis vor allem daran, dass keine Ressourcen f\u00fcr die Erstellung einer Strategie zur Verf\u00fcgung stehen (42 Prozent) oder dass eine Kommunikationsstrategie schlichtweg nicht gebraucht wird (35 Prozent). F\u00fcr g\u00e4nzlich unn\u00f6tig erachten allerdings nur 3 Prozent der Befragten dieses Vorgehen. Immerhin 6 Prozent erarbeiten aktuell strategische Massnahmen.<\/p>\n<h3>Strategische Kommunikation: Es scheitert an personellen Ressourcen und Budget<\/h3>\n<p>Liegt eine Kommunikationsstrategie vor, dann hakt es bei der Umsetzung vor allem aufgrund eines Mangels an personellen Ressourcen (54 Prozent) oder an Budget (35 Prozent). Auch Grenzen zwischen Abteilungen erschweren PR-Profis eine ganzheitliche Umsetzung (30 Prozent). F\u00fcr knapp ein Viertel der Befragten wurzeln die Probleme dagegen etwas tiefer: 24 Prozent geben an, dass sich die festgelegten Ziele und Massnahmen gar nicht messen lassen. Etwa jeder sechste PR-Schaffende sieht auch die Verzettelung bei Massnahmen als grosse Herausforderung (16 Prozent). Strukturell scheint es hingegen weniger Probleme zu geben: Nur 12 Prozent beklagen fehlendes Controlling beziehungsweise zu unklare Zust\u00e4ndigkeiten.<\/p>\n<h3>Ziele der Kommunikationsstrategie: Vertrauen und Reputation<\/h3>\n<p>Ganz eindeutig sind hingegen die Ziele und Vorstellungen, die Unternehmen an eine \u00fcbergeordnete Kommunikationsstrategie kn\u00fcpfen: An oberster Stelle steht die Absicht, Vertrauen zu schaffen und Reputation aufzubauen (67 Prozent). Nicht viel weniger wichtig ist die St\u00e4rkung der Bekanntheit der Marke, eines Produkts oder einer Dienstleistung (59 Prozent). Mit einigem Abstand folgt f\u00fcr die Befragten der Vorsatz, die Bekanntheit des Unternehmens zu steigern (34 Prozent). Konkrete wirtschaftliche Ziele landen erst auf dem vierten Platz: F\u00fcr 32 Prozent ist die Unterst\u00fctzung des Vertriebs mit Blick auf die Absatzsteigerung ein wichtiger Zweck.<\/p>\n<h3>Die Ergebnisse auf einen Blick<\/h3>\n<p>Gibt es in Ihrem Unternehmen eine \u00fcbergeordnete, konkret verschriftlichte Kommunikationsstrategie?<\/p>\n<ul>\n<li>Ja 50%<\/li>\n<li>Nein 45%<\/li>\n<li>Weiss nicht 4%<\/li>\n<\/ul>\n<p>Gr\u00fcnde f\u00fcr fehlende Kommunikationsstrategie<\/p>\n<ul>\n<li>Bisher noch nicht die Ressourcen, um diese zu erstellen 42%<\/li>\n<li>Wird nicht gebraucht 35%<\/li>\n<li>Kein Wissen, wie das Thema angegangen werden soll 10%<\/li>\n<li>Wir arbeiten dran 6%<\/li>\n<li>Wird flexibel gehandhabt \/ angepasst 3%<\/li>\n<li>Wird f\u00fcr unn\u00f6tig gehalten \/ nicht angestossen 3%<\/li>\n<\/ul>\n<p>H\u00fcrden bei der Umsetzung<\/p>\n<ul>\n<li>Fehlende personelle Ressourcen 54%<\/li>\n<li>Fehlendes Budget 35%<\/li>\n<li>Abteilungsgrenzen verhindern ganzheitliche Umsetzung 30%<\/li>\n<li>Definition von nicht messbaren Zielen und Massnahmen 24%<\/li>\n<li>Verzettelung bei den Massnahmen 16%<\/li>\n<li>Fehlendes Controlling 12%<\/li>\n<li>Keine klaren Zust\u00e4ndigkeiten und Verantwortlichkeiten 12%<\/li>\n<li>Interne Zielgruppen nicht ber\u00fccksichtigt 11%<\/li>\n<li>Kommunikationsstrategie nicht klar ans Team vermittelt 9%<\/li>\n<li>Fehlende Unterst\u00fctzung des Managements 9%<\/li>\n<li>Ziele, Zielgruppen und Botschaften unklar formuliert 8%<\/li>\n<li>Inhalte werden nicht kanalgerecht aufgesetzt 6%<\/li>\n<li>Keine konkreten Massnahmen abgeleitet 5%<\/li>\n<li>Themenentwicklung geht an Zielgruppen vorbei 4%<\/li>\n<\/ul>\n<p>Die 5 wichtigsten Ziele der Kommunikationsstrategie<\/p>\n<ul>\n<li>Vertrauen schaffen und Reputation aufbauen 67%<\/li>\n<li>Bekanntheit der Marke \/Produkte \/ Dienstleistungen erh\u00f6hen 59%<\/li>\n<li>Bekanntheit des Unternehmens erh\u00f6hen 34%<\/li>\n<li>Vertrieb unterst\u00fctzen und Absatz erh\u00f6hen 32%<\/li>\n<li>Kunden binden 23%<\/li>\n<\/ul>\n<p><em>Quelle: PR-Trendmonitor von <a href=\"http:\/\/www.newsaktuell.ch\">news aktuell<\/a> und Faktenkontor<\/em><\/p>\n","protected":false},"excerpt":{"rendered":"<p>Im Februar 2022 wurde im Auftrag von Faktenkontor und news aktuell unter 255 Kommunikationsprofis aus Unternehmen, Organisationen und PR-Agenturen in Deutschland und der Schweiz durchgef\u00fchrt. Die Ergebnisse zeigen, dass viele Unternehmen f\u00fcr ihre Kommunikationsarbeit keine feste und \u00fcbergeordnete Strategie verankert haben: Genau 50 Prozent setzen aktuell auf definierte Vorgaben und Massnahmen, 45 Prozent hingegen nicht. [&hellip;]<\/p>\n","protected":false},"author":4,"featured_media":16999,"comment_status":"closed","ping_status":"closed","sticky":false,"template":"","format":"standard","meta":{"_acf_changed":false,"_yoast_wpseo_focuskw":"strategische Kommunikation","_yoast_wpseo_metadesc":"Fehlende Strategische Kommunikation: Nur die H\u00e4lfte der Unternehmen hat ihre Kommunikation klar definiert. Oft mangelt es an Ressourcen.","articlekey":"","footnotes":""},"categories":[28],"tags":[308,458,487],"class_list":["post-16998","post","type-post","status-publish","format-standard","has-post-thumbnail","hentry","category-management","tag-kommunikation","tag-strategie","tag-umfrage"],"acf":[],"yoast_head":"<!-- This site is optimized with the Yoast SEO plugin v27.4 - https:\/\/yoast.com\/product\/yoast-seo-wordpress\/ -->\n<title>Woran strategische Kommunikation scheitert - Organisator<\/title>\n<meta name=\"description\" content=\"Fehlende Strategische Kommunikation: Nur die H\u00e4lfte der Unternehmen hat ihre Kommunikation klar definiert. Oft mangelt es an Ressourcen.\" \/>\n<meta name=\"robots\" content=\"index, follow, max-snippet:-1, max-image-preview:large, max-video-preview:-1\" \/>\n<link rel=\"canonical\" href=\"https:\/\/www.organisator.ch\/de\/management\/2022-09-21\/woran-strategische-kommunikation-scheitert\/\" \/>\n<meta property=\"og:locale\" content=\"de_DE\" \/>\n<meta property=\"og:type\" content=\"article\" \/>\n<meta property=\"og:title\" content=\"Woran strategische Kommunikation scheitert\" \/>\n<meta property=\"og:description\" content=\"Fehlende strategische Kommunikation: Nur die H\u00e4lfte der Unternehmen hat ihre Kommunikation klar definiert. Oft mangelt es an Ressourcen.\" \/>\n<meta property=\"og:url\" content=\"https:\/\/www.organisator.ch\/de\/management\/2022-09-21\/woran-strategische-kommunikation-scheitert\/\" \/>\n<meta property=\"og:site_name\" content=\"Organisator\" \/>\n<meta property=\"article:publisher\" content=\"https:\/\/www.facebook.com\/OrganisatorFachmagazin\" \/>\n<meta property=\"article:published_time\" content=\"2022-09-21T07:17:46+00:00\" \/>\n<meta property=\"article:modified_time\" content=\"2022-09-21T07:19:26+00:00\" \/>\n<meta property=\"og:image\" content=\"https:\/\/www.organisator.ch\/wp-content\/uploads\/2022\/09\/Woran-strategische-Kommunikation-scheitert_Organisator.jpg\" \/>\n\t<meta property=\"og:image:width\" content=\"680\" \/>\n\t<meta property=\"og:image:height\" content=\"437\" \/>\n\t<meta property=\"og:image:type\" content=\"image\/jpeg\" \/>\n<meta name=\"author\" content=\"thomas.berner\" \/>\n<meta name=\"twitter:card\" content=\"summary_large_image\" \/>\n<meta name=\"twitter:title\" content=\"Woran strategische #Kommunikation scheitert\" \/>\n<meta name=\"twitter:description\" content=\"Fehlende strategische #Kommunikation: Nur die H\u00e4lfte der Unternehmen hat ihre #Kommunikation klar definiert. Oft mangelt es an #Ressourcen.\" \/>\n<meta name=\"twitter:image\" content=\"https:\/\/www.organisator.ch\/wp-content\/uploads\/2022\/09\/Woran-strategische-Kommunikation-scheitert_Organisator.jpg\" \/>\n<script type=\"application\/ld+json\" class=\"yoast-schema-graph\">{\"@context\":\"https:\\\/\\\/schema.org\",\"@graph\":[{\"@type\":\"Article\",\"@id\":\"https:\\\/\\\/www.organisator.ch\\\/management\\\/2022-09-21\\\/woran-strategische-kommunikation-scheitert\\\/#article\",\"isPartOf\":{\"@id\":\"https:\\\/\\\/www.organisator.ch\\\/management\\\/2022-09-21\\\/woran-strategische-kommunikation-scheitert\\\/\"},\"author\":{\"name\":\"thomas.berner\",\"@id\":\"https:\\\/\\\/www.organisator.ch\\\/#\\\/schema\\\/person\\\/6f650f90b2842cd4c0cc334b4e36f67e\"},\"headline\":\"Woran strategische Kommunikation scheitert\",\"datePublished\":\"2022-09-21T07:17:46+00:00\",\"dateModified\":\"2022-09-21T07:19:26+00:00\",\"mainEntityOfPage\":{\"@id\":\"https:\\\/\\\/www.organisator.ch\\\/management\\\/2022-09-21\\\/woran-strategische-kommunikation-scheitert\\\/\"},\"wordCount\":514,\"publisher\":{\"@id\":\"https:\\\/\\\/www.organisator.ch\\\/#organization\"},\"image\":{\"@id\":\"https:\\\/\\\/www.organisator.ch\\\/management\\\/2022-09-21\\\/woran-strategische-kommunikation-scheitert\\\/#primaryimage\"},\"thumbnailUrl\":\"https:\\\/\\\/www.organisator.ch\\\/wp-content\\\/uploads\\\/2022\\\/09\\\/Woran-strategische-Kommunikation-scheitert_Organisator.jpg\",\"keywords\":[\"Kommunikation\",\"Strategie\",\"Umfrage\"],\"articleSection\":[\"MANAGEMENT\"],\"inLanguage\":\"de\"},{\"@type\":\"WebPage\",\"@id\":\"https:\\\/\\\/www.organisator.ch\\\/management\\\/2022-09-21\\\/woran-strategische-kommunikation-scheitert\\\/\",\"url\":\"https:\\\/\\\/www.organisator.ch\\\/management\\\/2022-09-21\\\/woran-strategische-kommunikation-scheitert\\\/\",\"name\":\"Woran strategische Kommunikation scheitert - Organisator\",\"isPartOf\":{\"@id\":\"https:\\\/\\\/www.organisator.ch\\\/#website\"},\"primaryImageOfPage\":{\"@id\":\"https:\\\/\\\/www.organisator.ch\\\/management\\\/2022-09-21\\\/woran-strategische-kommunikation-scheitert\\\/#primaryimage\"},\"image\":{\"@id\":\"https:\\\/\\\/www.organisator.ch\\\/management\\\/2022-09-21\\\/woran-strategische-kommunikation-scheitert\\\/#primaryimage\"},\"thumbnailUrl\":\"https:\\\/\\\/www.organisator.ch\\\/wp-content\\\/uploads\\\/2022\\\/09\\\/Woran-strategische-Kommunikation-scheitert_Organisator.jpg\",\"datePublished\":\"2022-09-21T07:17:46+00:00\",\"dateModified\":\"2022-09-21T07:19:26+00:00\",\"description\":\"Fehlende Strategische Kommunikation: Nur die H\u00e4lfte der Unternehmen hat ihre Kommunikation klar definiert. Oft mangelt es an Ressourcen.\",\"breadcrumb\":{\"@id\":\"https:\\\/\\\/www.organisator.ch\\\/management\\\/2022-09-21\\\/woran-strategische-kommunikation-scheitert\\\/#breadcrumb\"},\"inLanguage\":\"de\",\"potentialAction\":[{\"@type\":\"ReadAction\",\"target\":[\"https:\\\/\\\/www.organisator.ch\\\/management\\\/2022-09-21\\\/woran-strategische-kommunikation-scheitert\\\/\"]}]},{\"@type\":\"ImageObject\",\"inLanguage\":\"de\",\"@id\":\"https:\\\/\\\/www.organisator.ch\\\/management\\\/2022-09-21\\\/woran-strategische-kommunikation-scheitert\\\/#primaryimage\",\"url\":\"https:\\\/\\\/www.organisator.ch\\\/wp-content\\\/uploads\\\/2022\\\/09\\\/Woran-strategische-Kommunikation-scheitert_Organisator.jpg\",\"contentUrl\":\"https:\\\/\\\/www.organisator.ch\\\/wp-content\\\/uploads\\\/2022\\\/09\\\/Woran-strategische-Kommunikation-scheitert_Organisator.jpg\",\"width\":680,\"height\":437,\"caption\":\"Nur die H\u00e4lfte der Unternehmen arbeitet in ihrer Kommunikation mit einer klar definierten Strategie. Zumeist hapert es an personellen Ressourcen, fehlendem Budget oder an Abteilungsgrenzen. Zu diesem Ergebnis kommt der PR-Trendmonitor von news aktuell und Faktenkontor, an dem 255 Kommunikationsprofis aus Deutschland und der Schweiz teilgenommen haben. (Bild: obs\\\/news aktuell (Schweiz) AG)\"},{\"@type\":\"BreadcrumbList\",\"@id\":\"https:\\\/\\\/www.organisator.ch\\\/management\\\/2022-09-21\\\/woran-strategische-kommunikation-scheitert\\\/#breadcrumb\",\"itemListElement\":[{\"@type\":\"ListItem\",\"position\":1,\"name\":\"Home\",\"item\":\"https:\\\/\\\/www.organisator.ch\\\/\"},{\"@type\":\"ListItem\",\"position\":2,\"name\":\"Woran strategische Kommunikation scheitert\"}]},{\"@type\":\"WebSite\",\"@id\":\"https:\\\/\\\/www.organisator.ch\\\/#website\",\"url\":\"https:\\\/\\\/www.organisator.ch\\\/\",\"name\":\"Organisator\",\"description\":\"Kompetent. Praxisnah. Der ORGANISATOR bereitet in 10 Ausgaben pro Jahr die wesentlichen Themen f\u00fcr F\u00fchrungskr\u00e4fte von KMU auf.\",\"publisher\":{\"@id\":\"https:\\\/\\\/www.organisator.ch\\\/#organization\"},\"potentialAction\":[{\"@type\":\"SearchAction\",\"target\":{\"@type\":\"EntryPoint\",\"urlTemplate\":\"https:\\\/\\\/www.organisator.ch\\\/?s={search_term_string}\"},\"query-input\":{\"@type\":\"PropertyValueSpecification\",\"valueRequired\":true,\"valueName\":\"search_term_string\"}}],\"inLanguage\":\"de\"},{\"@type\":\"Organization\",\"@id\":\"https:\\\/\\\/www.organisator.ch\\\/#organization\",\"name\":\"Organisator\",\"url\":\"https:\\\/\\\/www.organisator.ch\\\/\",\"logo\":{\"@type\":\"ImageObject\",\"inLanguage\":\"de\",\"@id\":\"https:\\\/\\\/www.organisator.ch\\\/#\\\/schema\\\/logo\\\/image\\\/\",\"url\":\"https:\\\/\\\/www.organisator.ch\\\/wp-content\\\/uploads\\\/2022\\\/01\\\/Logo_Organisator_Website.png\",\"contentUrl\":\"https:\\\/\\\/www.organisator.ch\\\/wp-content\\\/uploads\\\/2022\\\/01\\\/Logo_Organisator_Website.png\",\"width\":800,\"height\":77,\"caption\":\"Organisator\"},\"image\":{\"@id\":\"https:\\\/\\\/www.organisator.ch\\\/#\\\/schema\\\/logo\\\/image\\\/\"},\"sameAs\":[\"https:\\\/\\\/www.facebook.com\\\/OrganisatorFachmagazin\",\"https:\\\/\\\/www.linkedin.com\\\/showcase\\\/organisator-das-magazin-fr-kmu\",\"https:\\\/\\\/www.xing.com\\\/news\\\/pages\\\/organisator-ch-695\",\"https:\\\/\\\/www.youtube.com\\\/channel\\\/UCGP2Sq0iWaZwT3BdIAQFYpw\"]},{\"@type\":\"Person\",\"@id\":\"https:\\\/\\\/www.organisator.ch\\\/#\\\/schema\\\/person\\\/6f650f90b2842cd4c0cc334b4e36f67e\",\"name\":\"thomas.berner\",\"image\":{\"@type\":\"ImageObject\",\"inLanguage\":\"de\",\"@id\":\"https:\\\/\\\/secure.gravatar.com\\\/avatar\\\/ac5001d2a36cb6c6cd3e50789007ffca834b477b74a2144564522e944eabff61?s=96&d=mm&r=g\",\"url\":\"https:\\\/\\\/secure.gravatar.com\\\/avatar\\\/ac5001d2a36cb6c6cd3e50789007ffca834b477b74a2144564522e944eabff61?s=96&d=mm&r=g\",\"contentUrl\":\"https:\\\/\\\/secure.gravatar.com\\\/avatar\\\/ac5001d2a36cb6c6cd3e50789007ffca834b477b74a2144564522e944eabff61?s=96&d=mm&r=g\",\"caption\":\"thomas.berner\"},\"url\":\"https:\\\/\\\/www.organisator.ch\\\/de\\\/author\\\/thomas-berner\\\/\"}]}<\/script>\n<!-- \/ Yoast SEO plugin. -->","yoast_head_json":{"title":"Woran strategische Kommunikation scheitert - Organisator","description":"Fehlende Strategische Kommunikation: Nur die H\u00e4lfte der Unternehmen hat ihre Kommunikation klar definiert. Oft mangelt es an Ressourcen.","robots":{"index":"index","follow":"follow","max-snippet":"max-snippet:-1","max-image-preview":"max-image-preview:large","max-video-preview":"max-video-preview:-1"},"canonical":"https:\/\/www.organisator.ch\/de\/management\/2022-09-21\/woran-strategische-kommunikation-scheitert\/","og_locale":"de_DE","og_type":"article","og_title":"Woran strategische Kommunikation scheitert","og_description":"Fehlende strategische Kommunikation: Nur die H\u00e4lfte der Unternehmen hat ihre Kommunikation klar definiert. Oft mangelt es an Ressourcen.","og_url":"https:\/\/www.organisator.ch\/de\/management\/2022-09-21\/woran-strategische-kommunikation-scheitert\/","og_site_name":"Organisator","article_publisher":"https:\/\/www.facebook.com\/OrganisatorFachmagazin","article_published_time":"2022-09-21T07:17:46+00:00","article_modified_time":"2022-09-21T07:19:26+00:00","og_image":[{"width":680,"height":437,"url":"https:\/\/www.organisator.ch\/wp-content\/uploads\/2022\/09\/Woran-strategische-Kommunikation-scheitert_Organisator.jpg","type":"image\/jpeg"}],"author":"thomas.berner","twitter_card":"summary_large_image","twitter_title":"Woran strategische #Kommunikation scheitert","twitter_description":"Fehlende strategische #Kommunikation: Nur die H\u00e4lfte der Unternehmen hat ihre #Kommunikation klar definiert. Oft mangelt es an #Ressourcen.","twitter_image":"https:\/\/www.organisator.ch\/wp-content\/uploads\/2022\/09\/Woran-strategische-Kommunikation-scheitert_Organisator.jpg","schema":{"@context":"https:\/\/schema.org","@graph":[{"@type":"Article","@id":"https:\/\/www.organisator.ch\/management\/2022-09-21\/woran-strategische-kommunikation-scheitert\/#article","isPartOf":{"@id":"https:\/\/www.organisator.ch\/management\/2022-09-21\/woran-strategische-kommunikation-scheitert\/"},"author":{"name":"thomas.berner","@id":"https:\/\/www.organisator.ch\/#\/schema\/person\/6f650f90b2842cd4c0cc334b4e36f67e"},"headline":"Woran strategische Kommunikation scheitert","datePublished":"2022-09-21T07:17:46+00:00","dateModified":"2022-09-21T07:19:26+00:00","mainEntityOfPage":{"@id":"https:\/\/www.organisator.ch\/management\/2022-09-21\/woran-strategische-kommunikation-scheitert\/"},"wordCount":514,"publisher":{"@id":"https:\/\/www.organisator.ch\/#organization"},"image":{"@id":"https:\/\/www.organisator.ch\/management\/2022-09-21\/woran-strategische-kommunikation-scheitert\/#primaryimage"},"thumbnailUrl":"https:\/\/www.organisator.ch\/wp-content\/uploads\/2022\/09\/Woran-strategische-Kommunikation-scheitert_Organisator.jpg","keywords":["Kommunikation","Strategie","Umfrage"],"articleSection":["MANAGEMENT"],"inLanguage":"de"},{"@type":"WebPage","@id":"https:\/\/www.organisator.ch\/management\/2022-09-21\/woran-strategische-kommunikation-scheitert\/","url":"https:\/\/www.organisator.ch\/management\/2022-09-21\/woran-strategische-kommunikation-scheitert\/","name":"Woran strategische Kommunikation scheitert - Organisator","isPartOf":{"@id":"https:\/\/www.organisator.ch\/#website"},"primaryImageOfPage":{"@id":"https:\/\/www.organisator.ch\/management\/2022-09-21\/woran-strategische-kommunikation-scheitert\/#primaryimage"},"image":{"@id":"https:\/\/www.organisator.ch\/management\/2022-09-21\/woran-strategische-kommunikation-scheitert\/#primaryimage"},"thumbnailUrl":"https:\/\/www.organisator.ch\/wp-content\/uploads\/2022\/09\/Woran-strategische-Kommunikation-scheitert_Organisator.jpg","datePublished":"2022-09-21T07:17:46+00:00","dateModified":"2022-09-21T07:19:26+00:00","description":"Fehlende Strategische Kommunikation: Nur die H\u00e4lfte der Unternehmen hat ihre Kommunikation klar definiert. Oft mangelt es an Ressourcen.","breadcrumb":{"@id":"https:\/\/www.organisator.ch\/management\/2022-09-21\/woran-strategische-kommunikation-scheitert\/#breadcrumb"},"inLanguage":"de","potentialAction":[{"@type":"ReadAction","target":["https:\/\/www.organisator.ch\/management\/2022-09-21\/woran-strategische-kommunikation-scheitert\/"]}]},{"@type":"ImageObject","inLanguage":"de","@id":"https:\/\/www.organisator.ch\/management\/2022-09-21\/woran-strategische-kommunikation-scheitert\/#primaryimage","url":"https:\/\/www.organisator.ch\/wp-content\/uploads\/2022\/09\/Woran-strategische-Kommunikation-scheitert_Organisator.jpg","contentUrl":"https:\/\/www.organisator.ch\/wp-content\/uploads\/2022\/09\/Woran-strategische-Kommunikation-scheitert_Organisator.jpg","width":680,"height":437,"caption":"Nur die H\u00e4lfte der Unternehmen arbeitet in ihrer Kommunikation mit einer klar definierten Strategie. Zumeist hapert es an personellen Ressourcen, fehlendem Budget oder an Abteilungsgrenzen. Zu diesem Ergebnis kommt der PR-Trendmonitor von news aktuell und Faktenkontor, an dem 255 Kommunikationsprofis aus Deutschland und der Schweiz teilgenommen haben. (Bild: obs\/news aktuell (Schweiz) AG)"},{"@type":"BreadcrumbList","@id":"https:\/\/www.organisator.ch\/management\/2022-09-21\/woran-strategische-kommunikation-scheitert\/#breadcrumb","itemListElement":[{"@type":"ListItem","position":1,"name":"Home","item":"https:\/\/www.organisator.ch\/"},{"@type":"ListItem","position":2,"name":"Woran strategische Kommunikation scheitert"}]},{"@type":"WebSite","@id":"https:\/\/www.organisator.ch\/#website","url":"https:\/\/www.organisator.ch\/","name":"Organisator","description":"Kompetent. Praxisnah. Der ORGANISATOR bereitet in 10 Ausgaben pro Jahr die wesentlichen Themen f\u00fcr F\u00fchrungskr\u00e4fte von KMU auf.","publisher":{"@id":"https:\/\/www.organisator.ch\/#organization"},"potentialAction":[{"@type":"SearchAction","target":{"@type":"EntryPoint","urlTemplate":"https:\/\/www.organisator.ch\/?s={search_term_string}"},"query-input":{"@type":"PropertyValueSpecification","valueRequired":true,"valueName":"search_term_string"}}],"inLanguage":"de"},{"@type":"Organization","@id":"https:\/\/www.organisator.ch\/#organization","name":"Organisator","url":"https:\/\/www.organisator.ch\/","logo":{"@type":"ImageObject","inLanguage":"de","@id":"https:\/\/www.organisator.ch\/#\/schema\/logo\/image\/","url":"https:\/\/www.organisator.ch\/wp-content\/uploads\/2022\/01\/Logo_Organisator_Website.png","contentUrl":"https:\/\/www.organisator.ch\/wp-content\/uploads\/2022\/01\/Logo_Organisator_Website.png","width":800,"height":77,"caption":"Organisator"},"image":{"@id":"https:\/\/www.organisator.ch\/#\/schema\/logo\/image\/"},"sameAs":["https:\/\/www.facebook.com\/OrganisatorFachmagazin","https:\/\/www.linkedin.com\/showcase\/organisator-das-magazin-fr-kmu","https:\/\/www.xing.com\/news\/pages\/organisator-ch-695","https:\/\/www.youtube.com\/channel\/UCGP2Sq0iWaZwT3BdIAQFYpw"]},{"@type":"Person","@id":"https:\/\/www.organisator.ch\/#\/schema\/person\/6f650f90b2842cd4c0cc334b4e36f67e","name":"thomas.berner","image":{"@type":"ImageObject","inLanguage":"de","@id":"https:\/\/secure.gravatar.com\/avatar\/ac5001d2a36cb6c6cd3e50789007ffca834b477b74a2144564522e944eabff61?s=96&d=mm&r=g","url":"https:\/\/secure.gravatar.com\/avatar\/ac5001d2a36cb6c6cd3e50789007ffca834b477b74a2144564522e944eabff61?s=96&d=mm&r=g","contentUrl":"https:\/\/secure.gravatar.com\/avatar\/ac5001d2a36cb6c6cd3e50789007ffca834b477b74a2144564522e944eabff61?s=96&d=mm&r=g","caption":"thomas.berner"},"url":"https:\/\/www.organisator.ch\/de\/author\/thomas-berner\/"}]}},"_links":{"self":[{"href":"https:\/\/www.organisator.ch\/de\/wp-json\/wp\/v2\/posts\/16998","targetHints":{"allow":["GET"]}}],"collection":[{"href":"https:\/\/www.organisator.ch\/de\/wp-json\/wp\/v2\/posts"}],"about":[{"href":"https:\/\/www.organisator.ch\/de\/wp-json\/wp\/v2\/types\/post"}],"author":[{"embeddable":true,"href":"https:\/\/www.organisator.ch\/de\/wp-json\/wp\/v2\/users\/4"}],"replies":[{"embeddable":true,"href":"https:\/\/www.organisator.ch\/de\/wp-json\/wp\/v2\/comments?post=16998"}],"version-history":[{"count":1,"href":"https:\/\/www.organisator.ch\/de\/wp-json\/wp\/v2\/posts\/16998\/revisions"}],"predecessor-version":[{"id":17000,"href":"https:\/\/www.organisator.ch\/de\/wp-json\/wp\/v2\/posts\/16998\/revisions\/17000"}],"wp:featuredmedia":[{"embeddable":true,"href":"https:\/\/www.organisator.ch\/de\/wp-json\/wp\/v2\/media\/16999"}],"wp:attachment":[{"href":"https:\/\/www.organisator.ch\/de\/wp-json\/wp\/v2\/media?parent=16998"}],"wp:term":[{"taxonomy":"category","embeddable":true,"href":"https:\/\/www.organisator.ch\/de\/wp-json\/wp\/v2\/categories?post=16998"},{"taxonomy":"post_tag","embeddable":true,"href":"https:\/\/www.organisator.ch\/de\/wp-json\/wp\/v2\/tags?post=16998"}],"curies":[{"name":"wp","href":"https:\/\/api.w.org\/{rel}","templated":true}]}}