{"id":17001,"date":"2022-09-21T13:32:22","date_gmt":"2022-09-21T11:32:22","guid":{"rendered":"https:\/\/www.organisator.ch\/?p=17001"},"modified":"2022-09-21T13:32:22","modified_gmt":"2022-09-21T11:32:22","slug":"neue-lifestyles-erhoehen-vorsorgeluecken","status":"publish","type":"post","link":"https:\/\/www.organisator.ch\/de\/management\/finanzen_recht\/2022-09-21\/neue-lifestyles-erhoehen-vorsorgeluecken\/","title":{"rendered":"Neue Lifestyles erh\u00f6hen Vorsorgel\u00fccken"},"content":{"rendered":"<figure id=\"attachment_17002\" aria-describedby=\"caption-attachment-17002\" style=\"width: 680px\" class=\"wp-caption alignnone\"><img loading=\"lazy\" decoding=\"async\" class=\"size-full wp-image-17002\" src=\"https:\/\/www.organisator.ch\/wp-content\/uploads\/2022\/09\/Neue-Lifestyles-erhohen-Vorsorgelucken_Organisator.jpg\" alt=\"\" width=\"680\" height=\"450\" srcset=\"https:\/\/www.organisator.ch\/wp-content\/uploads\/2022\/09\/Neue-Lifestyles-erhohen-Vorsorgelucken_Organisator.jpg 680w, https:\/\/www.organisator.ch\/wp-content\/uploads\/2022\/09\/Neue-Lifestyles-erhohen-Vorsorgelucken_Organisator-18x12.jpg 18w, https:\/\/www.organisator.ch\/wp-content\/uploads\/2022\/09\/Neue-Lifestyles-erhohen-Vorsorgelucken_Organisator-264x175.jpg 264w, https:\/\/www.organisator.ch\/wp-content\/uploads\/2022\/09\/Neue-Lifestyles-erhohen-Vorsorgelucken_Organisator-529x350.jpg 529w, https:\/\/www.organisator.ch\/wp-content\/uploads\/2022\/09\/Neue-Lifestyles-erhohen-Vorsorgelucken_Organisator-300x199.jpg 300w\" sizes=\"auto, (max-width: 680px) 100vw, 680px\" \/><figcaption id=\"caption-attachment-17002\" class=\"wp-caption-text\">Jung, stylisch und flexibel arbeitend: Um Vorsorgel\u00fccken zu vermeiden, braucht es individuelle Sparl\u00f6sungen. (Bild: Pixabay.com)<\/figcaption><\/figure>\n<p>Es ist allgemein bekannt, dass f\u00fcr Schweizerinnen und Schweizer die Vorsorgeleistungen der 1. und 2. S\u00e4ule nicht ausreichen werden, um den Lebensstandard im Rentenalter zu halten. Da hilft die 3. S\u00e4ule f\u00fcr garantiertes Sparen oder mit Investitionen in Anlagefonds. Doch diese lassen sich nicht beliebig an die aktuelle Lebenssituation anpassen. Fakt ist jedoch, dass wir unser Leben immer weniger bis zum Rentenanlter im gleichen Stil f\u00fchren. Mit einer modularen Vorsorgel\u00f6sung verspricht nun die Groupe Mutuel, einfach und flexibel den individuellen Lebensabend zu planen und Vorsorgel\u00fccken abzufedern.<\/p>\n<p>Um ihre Kunden beim Sparen optimal zu begleiten, hat die Groupe Mutuel deshalb ein neues Produkt erarbeitet, mit dem diese ihre Anlagepl\u00e4ne unkompliziert an die Entwicklung der eigenen Renditeziele anpassen k\u00f6nnen. So ist bei Vertragsabschluss einer 3. S\u00e4ule nichts in Stein gemeisselt. Wenn z. B. junge Berufst\u00e4tige ihren Versicherungsvertrag mit garantiertem Sparen begonnen haben, k\u00f6nnen sie je nach beruflicher Entwicklung sp\u00e4ter durchaus ein h\u00f6heres Risiko eingehen und in eine L\u00f6sung mit h\u00f6heren Renditeaussichten investieren. Versicherte haben so die freie Kontrolle \u00fcber die Verteilung ihrer Pr\u00e4mien. Auch k\u00f6nnen diese zus\u00e4tzliche Risiko-Deckungen f\u00fcr die eigene Situation nach Mass w\u00e4hlen. Z. B. Ein Todesfallkapital, eine Rente oder die Pr\u00e4mienbefreiung bei Erwerbsunf\u00e4higkeit. Zus\u00e4tzliche Einzahlungen, Pr\u00e4mienzahlungen f\u00fcr h\u00f6chstens drei Jahre aussetzen und in den letzten Vertragsjahren das in Fondsanteile investierte Kapital in ein garantiertes Sparguthaben umwandeln, f\u00fchrt die Groupe Mutuel als weitere Vorteile auf, die f\u00fcr eine grosse Flexibilit\u00e4t und Sicherheit stehen.<\/p>\n<p><em>Weitere Informationen: <a href=\"http:\/\/www.groupemutuel.ch\">Groupe Mutuel<\/a><\/em><\/p>\n","protected":false},"excerpt":{"rendered":"<p>Es ist allgemein bekannt, dass f\u00fcr Schweizerinnen und Schweizer die Vorsorgeleistungen der 1. und 2. S\u00e4ule nicht ausreichen werden, um den Lebensstandard im Rentenalter zu halten. Da hilft die 3. S\u00e4ule f\u00fcr garantiertes Sparen oder mit Investitionen in Anlagefonds. Doch diese lassen sich nicht beliebig an die aktuelle Lebenssituation anpassen. Fakt ist jedoch, dass wir [&hellip;]<\/p>\n","protected":false},"author":4,"featured_media":17002,"comment_status":"closed","ping_status":"closed","sticky":false,"template":"","format":"standard","meta":{"_acf_changed":false,"_yoast_wpseo_focuskw":"Vorsorgel\u00fccken","_yoast_wpseo_metadesc":"Die Vorsorge ganz individuell zu planen ist f\u00fcr viele m\u00fchselig. Insbesondere junge Menschen verdr\u00e4ngen dies oft. Es drohen Vorsorgel\u00fccken.","articlekey":"","footnotes":""},"categories":[24],"tags":[2932,393],"class_list":["post-17001","post","type-post","status-publish","format-standard","has-post-thumbnail","hentry","category-finanzen_recht","tag-altersvorsorge","tag-produkte"],"acf":[],"yoast_head":"<!-- This site is optimized with the Yoast SEO plugin v27.5 - https:\/\/yoast.com\/product\/yoast-seo-wordpress\/ -->\n<title>Neue Lifestyles erh\u00f6hen Vorsorgel\u00fccken - Organisator<\/title>\n<meta name=\"description\" content=\"Die Vorsorge ganz individuell zu planen ist f\u00fcr viele m\u00fchselig. Insbesondere junge Menschen verdr\u00e4ngen dies oft. Es drohen Vorsorgel\u00fccken.\" \/>\n<meta name=\"robots\" content=\"index, follow, max-snippet:-1, max-image-preview:large, max-video-preview:-1\" \/>\n<link rel=\"canonical\" href=\"https:\/\/www.organisator.ch\/de\/management\/finanzen_recht\/2022-09-21\/neue-lifestyles-erhoehen-vorsorgeluecken\/\" \/>\n<meta property=\"og:locale\" content=\"de_DE\" \/>\n<meta property=\"og:type\" content=\"article\" \/>\n<meta property=\"og:title\" content=\"Neue Lifestyles erh\u00f6hen Vorsorgel\u00fccken\" \/>\n<meta property=\"og:description\" content=\"Die Vorsorge ganz individuell zu planen ist f\u00fcr viele m\u00fchselig. Insbesondere junge Menschen verdr\u00e4ngen dies oft. Es drohen Vorsorgel\u00fccken.\" \/>\n<meta property=\"og:url\" content=\"https:\/\/www.organisator.ch\/de\/management\/finanzen_recht\/2022-09-21\/neue-lifestyles-erhoehen-vorsorgeluecken\/\" \/>\n<meta property=\"og:site_name\" content=\"Organisator\" \/>\n<meta property=\"article:publisher\" content=\"https:\/\/www.facebook.com\/OrganisatorFachmagazin\" \/>\n<meta property=\"article:published_time\" content=\"2022-09-21T11:32:22+00:00\" \/>\n<meta property=\"og:image\" content=\"https:\/\/www.organisator.ch\/wp-content\/uploads\/2022\/09\/Neue-Lifestyles-erhohen-Vorsorgelucken_Organisator.jpg\" \/>\n\t<meta property=\"og:image:width\" content=\"680\" \/>\n\t<meta property=\"og:image:height\" content=\"450\" \/>\n\t<meta property=\"og:image:type\" content=\"image\/jpeg\" \/>\n<meta name=\"author\" content=\"thomas.berner\" \/>\n<meta name=\"twitter:card\" content=\"summary_large_image\" \/>\n<meta name=\"twitter:title\" content=\"Neue #Lifestyles erh\u00f6hen #Vorsorgel\u00fccken\" \/>\n<meta name=\"twitter:description\" content=\"Die #Vorsorge ganz individuell zu planen ist f\u00fcr viele m\u00fchselig. Insbesondere junge Menschen verdr\u00e4ngen dies oft. Es drohen #Vorsorgel\u00fccken.\" \/>\n<meta name=\"twitter:image\" content=\"https:\/\/www.organisator.ch\/wp-content\/uploads\/2022\/09\/Neue-Lifestyles-erhohen-Vorsorgelucken_Organisator.jpg\" \/>\n<script type=\"application\/ld+json\" class=\"yoast-schema-graph\">{\"@context\":\"https:\\\/\\\/schema.org\",\"@graph\":[{\"@type\":\"Article\",\"@id\":\"https:\\\/\\\/www.organisator.ch\\\/management\\\/finanzen_recht\\\/2022-09-21\\\/neue-lifestyles-erhoehen-vorsorgeluecken\\\/#article\",\"isPartOf\":{\"@id\":\"https:\\\/\\\/www.organisator.ch\\\/management\\\/finanzen_recht\\\/2022-09-21\\\/neue-lifestyles-erhoehen-vorsorgeluecken\\\/\"},\"author\":{\"name\":\"thomas.berner\",\"@id\":\"https:\\\/\\\/www.organisator.ch\\\/#\\\/schema\\\/person\\\/6f650f90b2842cd4c0cc334b4e36f67e\"},\"headline\":\"Neue Lifestyles erh\u00f6hen Vorsorgel\u00fccken\",\"datePublished\":\"2022-09-21T11:32:22+00:00\",\"mainEntityOfPage\":{\"@id\":\"https:\\\/\\\/www.organisator.ch\\\/management\\\/finanzen_recht\\\/2022-09-21\\\/neue-lifestyles-erhoehen-vorsorgeluecken\\\/\"},\"wordCount\":294,\"publisher\":{\"@id\":\"https:\\\/\\\/www.organisator.ch\\\/#organization\"},\"image\":{\"@id\":\"https:\\\/\\\/www.organisator.ch\\\/management\\\/finanzen_recht\\\/2022-09-21\\\/neue-lifestyles-erhoehen-vorsorgeluecken\\\/#primaryimage\"},\"thumbnailUrl\":\"https:\\\/\\\/www.organisator.ch\\\/wp-content\\\/uploads\\\/2022\\\/09\\\/Neue-Lifestyles-erhohen-Vorsorgelucken_Organisator.jpg\",\"keywords\":[\"Altersvorsorge\",\"Produkte\"],\"articleSection\":[\"FINANZEN\\\/RECHT\"],\"inLanguage\":\"de\"},{\"@type\":\"WebPage\",\"@id\":\"https:\\\/\\\/www.organisator.ch\\\/management\\\/finanzen_recht\\\/2022-09-21\\\/neue-lifestyles-erhoehen-vorsorgeluecken\\\/\",\"url\":\"https:\\\/\\\/www.organisator.ch\\\/management\\\/finanzen_recht\\\/2022-09-21\\\/neue-lifestyles-erhoehen-vorsorgeluecken\\\/\",\"name\":\"Neue Lifestyles erh\u00f6hen Vorsorgel\u00fccken - Organisator\",\"isPartOf\":{\"@id\":\"https:\\\/\\\/www.organisator.ch\\\/#website\"},\"primaryImageOfPage\":{\"@id\":\"https:\\\/\\\/www.organisator.ch\\\/management\\\/finanzen_recht\\\/2022-09-21\\\/neue-lifestyles-erhoehen-vorsorgeluecken\\\/#primaryimage\"},\"image\":{\"@id\":\"https:\\\/\\\/www.organisator.ch\\\/management\\\/finanzen_recht\\\/2022-09-21\\\/neue-lifestyles-erhoehen-vorsorgeluecken\\\/#primaryimage\"},\"thumbnailUrl\":\"https:\\\/\\\/www.organisator.ch\\\/wp-content\\\/uploads\\\/2022\\\/09\\\/Neue-Lifestyles-erhohen-Vorsorgelucken_Organisator.jpg\",\"datePublished\":\"2022-09-21T11:32:22+00:00\",\"description\":\"Die Vorsorge ganz individuell zu planen ist f\u00fcr viele m\u00fchselig. Insbesondere junge Menschen verdr\u00e4ngen dies oft. Es drohen Vorsorgel\u00fccken.\",\"breadcrumb\":{\"@id\":\"https:\\\/\\\/www.organisator.ch\\\/management\\\/finanzen_recht\\\/2022-09-21\\\/neue-lifestyles-erhoehen-vorsorgeluecken\\\/#breadcrumb\"},\"inLanguage\":\"de\",\"potentialAction\":[{\"@type\":\"ReadAction\",\"target\":[\"https:\\\/\\\/www.organisator.ch\\\/management\\\/finanzen_recht\\\/2022-09-21\\\/neue-lifestyles-erhoehen-vorsorgeluecken\\\/\"]}]},{\"@type\":\"ImageObject\",\"inLanguage\":\"de\",\"@id\":\"https:\\\/\\\/www.organisator.ch\\\/management\\\/finanzen_recht\\\/2022-09-21\\\/neue-lifestyles-erhoehen-vorsorgeluecken\\\/#primaryimage\",\"url\":\"https:\\\/\\\/www.organisator.ch\\\/wp-content\\\/uploads\\\/2022\\\/09\\\/Neue-Lifestyles-erhohen-Vorsorgelucken_Organisator.jpg\",\"contentUrl\":\"https:\\\/\\\/www.organisator.ch\\\/wp-content\\\/uploads\\\/2022\\\/09\\\/Neue-Lifestyles-erhohen-Vorsorgelucken_Organisator.jpg\",\"width\":680,\"height\":450,\"caption\":\"Jung, stylisch und flexibel arbeitend: Um Vorsorgel\u00fccken zu vermeiden, braucht es individuelle Sparl\u00f6sungen. (Bild: Pixabay.com)\"},{\"@type\":\"BreadcrumbList\",\"@id\":\"https:\\\/\\\/www.organisator.ch\\\/management\\\/finanzen_recht\\\/2022-09-21\\\/neue-lifestyles-erhoehen-vorsorgeluecken\\\/#breadcrumb\",\"itemListElement\":[{\"@type\":\"ListItem\",\"position\":1,\"name\":\"Home\",\"item\":\"https:\\\/\\\/www.organisator.ch\\\/\"},{\"@type\":\"ListItem\",\"position\":2,\"name\":\"Neue Lifestyles erh\u00f6hen Vorsorgel\u00fccken\"}]},{\"@type\":\"WebSite\",\"@id\":\"https:\\\/\\\/www.organisator.ch\\\/#website\",\"url\":\"https:\\\/\\\/www.organisator.ch\\\/\",\"name\":\"Organisator\",\"description\":\"Kompetent. Praxisnah. Der ORGANISATOR bereitet in 10 Ausgaben pro Jahr die wesentlichen Themen f\u00fcr F\u00fchrungskr\u00e4fte von KMU auf.\",\"publisher\":{\"@id\":\"https:\\\/\\\/www.organisator.ch\\\/#organization\"},\"potentialAction\":[{\"@type\":\"SearchAction\",\"target\":{\"@type\":\"EntryPoint\",\"urlTemplate\":\"https:\\\/\\\/www.organisator.ch\\\/?s={search_term_string}\"},\"query-input\":{\"@type\":\"PropertyValueSpecification\",\"valueRequired\":true,\"valueName\":\"search_term_string\"}}],\"inLanguage\":\"de\"},{\"@type\":\"Organization\",\"@id\":\"https:\\\/\\\/www.organisator.ch\\\/#organization\",\"name\":\"Organisator\",\"url\":\"https:\\\/\\\/www.organisator.ch\\\/\",\"logo\":{\"@type\":\"ImageObject\",\"inLanguage\":\"de\",\"@id\":\"https:\\\/\\\/www.organisator.ch\\\/#\\\/schema\\\/logo\\\/image\\\/\",\"url\":\"https:\\\/\\\/www.organisator.ch\\\/wp-content\\\/uploads\\\/2022\\\/01\\\/Logo_Organisator_Website.png\",\"contentUrl\":\"https:\\\/\\\/www.organisator.ch\\\/wp-content\\\/uploads\\\/2022\\\/01\\\/Logo_Organisator_Website.png\",\"width\":800,\"height\":77,\"caption\":\"Organisator\"},\"image\":{\"@id\":\"https:\\\/\\\/www.organisator.ch\\\/#\\\/schema\\\/logo\\\/image\\\/\"},\"sameAs\":[\"https:\\\/\\\/www.facebook.com\\\/OrganisatorFachmagazin\",\"https:\\\/\\\/www.linkedin.com\\\/showcase\\\/organisator-das-magazin-fr-kmu\",\"https:\\\/\\\/www.xing.com\\\/news\\\/pages\\\/organisator-ch-695\",\"https:\\\/\\\/www.youtube.com\\\/channel\\\/UCGP2Sq0iWaZwT3BdIAQFYpw\"]},{\"@type\":\"Person\",\"@id\":\"https:\\\/\\\/www.organisator.ch\\\/#\\\/schema\\\/person\\\/6f650f90b2842cd4c0cc334b4e36f67e\",\"name\":\"thomas.berner\",\"image\":{\"@type\":\"ImageObject\",\"inLanguage\":\"de\",\"@id\":\"https:\\\/\\\/secure.gravatar.com\\\/avatar\\\/ac5001d2a36cb6c6cd3e50789007ffca834b477b74a2144564522e944eabff61?s=96&d=mm&r=g\",\"url\":\"https:\\\/\\\/secure.gravatar.com\\\/avatar\\\/ac5001d2a36cb6c6cd3e50789007ffca834b477b74a2144564522e944eabff61?s=96&d=mm&r=g\",\"contentUrl\":\"https:\\\/\\\/secure.gravatar.com\\\/avatar\\\/ac5001d2a36cb6c6cd3e50789007ffca834b477b74a2144564522e944eabff61?s=96&d=mm&r=g\",\"caption\":\"thomas.berner\"},\"url\":\"https:\\\/\\\/www.organisator.ch\\\/de\\\/author\\\/thomas-berner\\\/\"}]}<\/script>\n<!-- \/ Yoast SEO plugin. -->","yoast_head_json":{"title":"Neue Lifestyles erh\u00f6hen Vorsorgel\u00fccken - Organisator","description":"Die Vorsorge ganz individuell zu planen ist f\u00fcr viele m\u00fchselig. Insbesondere junge Menschen verdr\u00e4ngen dies oft. Es drohen Vorsorgel\u00fccken.","robots":{"index":"index","follow":"follow","max-snippet":"max-snippet:-1","max-image-preview":"max-image-preview:large","max-video-preview":"max-video-preview:-1"},"canonical":"https:\/\/www.organisator.ch\/de\/management\/finanzen_recht\/2022-09-21\/neue-lifestyles-erhoehen-vorsorgeluecken\/","og_locale":"de_DE","og_type":"article","og_title":"Neue Lifestyles erh\u00f6hen Vorsorgel\u00fccken","og_description":"Die Vorsorge ganz individuell zu planen ist f\u00fcr viele m\u00fchselig. Insbesondere junge Menschen verdr\u00e4ngen dies oft. Es drohen Vorsorgel\u00fccken.","og_url":"https:\/\/www.organisator.ch\/de\/management\/finanzen_recht\/2022-09-21\/neue-lifestyles-erhoehen-vorsorgeluecken\/","og_site_name":"Organisator","article_publisher":"https:\/\/www.facebook.com\/OrganisatorFachmagazin","article_published_time":"2022-09-21T11:32:22+00:00","og_image":[{"width":680,"height":450,"url":"https:\/\/www.organisator.ch\/wp-content\/uploads\/2022\/09\/Neue-Lifestyles-erhohen-Vorsorgelucken_Organisator.jpg","type":"image\/jpeg"}],"author":"thomas.berner","twitter_card":"summary_large_image","twitter_title":"Neue #Lifestyles erh\u00f6hen #Vorsorgel\u00fccken","twitter_description":"Die #Vorsorge ganz individuell zu planen ist f\u00fcr viele m\u00fchselig. Insbesondere junge Menschen verdr\u00e4ngen dies oft. Es drohen #Vorsorgel\u00fccken.","twitter_image":"https:\/\/www.organisator.ch\/wp-content\/uploads\/2022\/09\/Neue-Lifestyles-erhohen-Vorsorgelucken_Organisator.jpg","schema":{"@context":"https:\/\/schema.org","@graph":[{"@type":"Article","@id":"https:\/\/www.organisator.ch\/management\/finanzen_recht\/2022-09-21\/neue-lifestyles-erhoehen-vorsorgeluecken\/#article","isPartOf":{"@id":"https:\/\/www.organisator.ch\/management\/finanzen_recht\/2022-09-21\/neue-lifestyles-erhoehen-vorsorgeluecken\/"},"author":{"name":"thomas.berner","@id":"https:\/\/www.organisator.ch\/#\/schema\/person\/6f650f90b2842cd4c0cc334b4e36f67e"},"headline":"Neue Lifestyles erh\u00f6hen Vorsorgel\u00fccken","datePublished":"2022-09-21T11:32:22+00:00","mainEntityOfPage":{"@id":"https:\/\/www.organisator.ch\/management\/finanzen_recht\/2022-09-21\/neue-lifestyles-erhoehen-vorsorgeluecken\/"},"wordCount":294,"publisher":{"@id":"https:\/\/www.organisator.ch\/#organization"},"image":{"@id":"https:\/\/www.organisator.ch\/management\/finanzen_recht\/2022-09-21\/neue-lifestyles-erhoehen-vorsorgeluecken\/#primaryimage"},"thumbnailUrl":"https:\/\/www.organisator.ch\/wp-content\/uploads\/2022\/09\/Neue-Lifestyles-erhohen-Vorsorgelucken_Organisator.jpg","keywords":["Altersvorsorge","Produkte"],"articleSection":["FINANZEN\/RECHT"],"inLanguage":"de"},{"@type":"WebPage","@id":"https:\/\/www.organisator.ch\/management\/finanzen_recht\/2022-09-21\/neue-lifestyles-erhoehen-vorsorgeluecken\/","url":"https:\/\/www.organisator.ch\/management\/finanzen_recht\/2022-09-21\/neue-lifestyles-erhoehen-vorsorgeluecken\/","name":"Neue Lifestyles erh\u00f6hen Vorsorgel\u00fccken - Organisator","isPartOf":{"@id":"https:\/\/www.organisator.ch\/#website"},"primaryImageOfPage":{"@id":"https:\/\/www.organisator.ch\/management\/finanzen_recht\/2022-09-21\/neue-lifestyles-erhoehen-vorsorgeluecken\/#primaryimage"},"image":{"@id":"https:\/\/www.organisator.ch\/management\/finanzen_recht\/2022-09-21\/neue-lifestyles-erhoehen-vorsorgeluecken\/#primaryimage"},"thumbnailUrl":"https:\/\/www.organisator.ch\/wp-content\/uploads\/2022\/09\/Neue-Lifestyles-erhohen-Vorsorgelucken_Organisator.jpg","datePublished":"2022-09-21T11:32:22+00:00","description":"Die Vorsorge ganz individuell zu planen ist f\u00fcr viele m\u00fchselig. Insbesondere junge Menschen verdr\u00e4ngen dies oft. Es drohen Vorsorgel\u00fccken.","breadcrumb":{"@id":"https:\/\/www.organisator.ch\/management\/finanzen_recht\/2022-09-21\/neue-lifestyles-erhoehen-vorsorgeluecken\/#breadcrumb"},"inLanguage":"de","potentialAction":[{"@type":"ReadAction","target":["https:\/\/www.organisator.ch\/management\/finanzen_recht\/2022-09-21\/neue-lifestyles-erhoehen-vorsorgeluecken\/"]}]},{"@type":"ImageObject","inLanguage":"de","@id":"https:\/\/www.organisator.ch\/management\/finanzen_recht\/2022-09-21\/neue-lifestyles-erhoehen-vorsorgeluecken\/#primaryimage","url":"https:\/\/www.organisator.ch\/wp-content\/uploads\/2022\/09\/Neue-Lifestyles-erhohen-Vorsorgelucken_Organisator.jpg","contentUrl":"https:\/\/www.organisator.ch\/wp-content\/uploads\/2022\/09\/Neue-Lifestyles-erhohen-Vorsorgelucken_Organisator.jpg","width":680,"height":450,"caption":"Jung, stylisch und flexibel arbeitend: Um Vorsorgel\u00fccken zu vermeiden, braucht es individuelle Sparl\u00f6sungen. (Bild: Pixabay.com)"},{"@type":"BreadcrumbList","@id":"https:\/\/www.organisator.ch\/management\/finanzen_recht\/2022-09-21\/neue-lifestyles-erhoehen-vorsorgeluecken\/#breadcrumb","itemListElement":[{"@type":"ListItem","position":1,"name":"Home","item":"https:\/\/www.organisator.ch\/"},{"@type":"ListItem","position":2,"name":"Neue Lifestyles erh\u00f6hen Vorsorgel\u00fccken"}]},{"@type":"WebSite","@id":"https:\/\/www.organisator.ch\/#website","url":"https:\/\/www.organisator.ch\/","name":"Organisator","description":"Kompetent. Praxisnah. Der ORGANISATOR bereitet in 10 Ausgaben pro Jahr die wesentlichen Themen f\u00fcr F\u00fchrungskr\u00e4fte von KMU auf.","publisher":{"@id":"https:\/\/www.organisator.ch\/#organization"},"potentialAction":[{"@type":"SearchAction","target":{"@type":"EntryPoint","urlTemplate":"https:\/\/www.organisator.ch\/?s={search_term_string}"},"query-input":{"@type":"PropertyValueSpecification","valueRequired":true,"valueName":"search_term_string"}}],"inLanguage":"de"},{"@type":"Organization","@id":"https:\/\/www.organisator.ch\/#organization","name":"Organisator","url":"https:\/\/www.organisator.ch\/","logo":{"@type":"ImageObject","inLanguage":"de","@id":"https:\/\/www.organisator.ch\/#\/schema\/logo\/image\/","url":"https:\/\/www.organisator.ch\/wp-content\/uploads\/2022\/01\/Logo_Organisator_Website.png","contentUrl":"https:\/\/www.organisator.ch\/wp-content\/uploads\/2022\/01\/Logo_Organisator_Website.png","width":800,"height":77,"caption":"Organisator"},"image":{"@id":"https:\/\/www.organisator.ch\/#\/schema\/logo\/image\/"},"sameAs":["https:\/\/www.facebook.com\/OrganisatorFachmagazin","https:\/\/www.linkedin.com\/showcase\/organisator-das-magazin-fr-kmu","https:\/\/www.xing.com\/news\/pages\/organisator-ch-695","https:\/\/www.youtube.com\/channel\/UCGP2Sq0iWaZwT3BdIAQFYpw"]},{"@type":"Person","@id":"https:\/\/www.organisator.ch\/#\/schema\/person\/6f650f90b2842cd4c0cc334b4e36f67e","name":"thomas.berner","image":{"@type":"ImageObject","inLanguage":"de","@id":"https:\/\/secure.gravatar.com\/avatar\/ac5001d2a36cb6c6cd3e50789007ffca834b477b74a2144564522e944eabff61?s=96&d=mm&r=g","url":"https:\/\/secure.gravatar.com\/avatar\/ac5001d2a36cb6c6cd3e50789007ffca834b477b74a2144564522e944eabff61?s=96&d=mm&r=g","contentUrl":"https:\/\/secure.gravatar.com\/avatar\/ac5001d2a36cb6c6cd3e50789007ffca834b477b74a2144564522e944eabff61?s=96&d=mm&r=g","caption":"thomas.berner"},"url":"https:\/\/www.organisator.ch\/de\/author\/thomas-berner\/"}]}},"_links":{"self":[{"href":"https:\/\/www.organisator.ch\/de\/wp-json\/wp\/v2\/posts\/17001","targetHints":{"allow":["GET"]}}],"collection":[{"href":"https:\/\/www.organisator.ch\/de\/wp-json\/wp\/v2\/posts"}],"about":[{"href":"https:\/\/www.organisator.ch\/de\/wp-json\/wp\/v2\/types\/post"}],"author":[{"embeddable":true,"href":"https:\/\/www.organisator.ch\/de\/wp-json\/wp\/v2\/users\/4"}],"replies":[{"embeddable":true,"href":"https:\/\/www.organisator.ch\/de\/wp-json\/wp\/v2\/comments?post=17001"}],"version-history":[{"count":1,"href":"https:\/\/www.organisator.ch\/de\/wp-json\/wp\/v2\/posts\/17001\/revisions"}],"predecessor-version":[{"id":17003,"href":"https:\/\/www.organisator.ch\/de\/wp-json\/wp\/v2\/posts\/17001\/revisions\/17003"}],"wp:featuredmedia":[{"embeddable":true,"href":"https:\/\/www.organisator.ch\/de\/wp-json\/wp\/v2\/media\/17002"}],"wp:attachment":[{"href":"https:\/\/www.organisator.ch\/de\/wp-json\/wp\/v2\/media?parent=17001"}],"wp:term":[{"taxonomy":"category","embeddable":true,"href":"https:\/\/www.organisator.ch\/de\/wp-json\/wp\/v2\/categories?post=17001"},{"taxonomy":"post_tag","embeddable":true,"href":"https:\/\/www.organisator.ch\/de\/wp-json\/wp\/v2\/tags?post=17001"}],"curies":[{"name":"wp","href":"https:\/\/api.w.org\/{rel}","templated":true}]}}