{"id":1705,"date":"2017-03-30T17:44:28","date_gmt":"2017-03-30T15:44:28","guid":{"rendered":"https:\/\/www.organisator.ch\/?p=1705"},"modified":"2017-03-30T17:44:28","modified_gmt":"2017-03-30T15:44:28","slug":"1705-2","status":"publish","type":"post","link":"https:\/\/www.organisator.ch\/de\/allgemein\/2017-03-30\/1705-2\/","title":{"rendered":"Neuer Gesch\u00e4ftsf\u00fchrer beim Eink\u00e4uferverband procure.ch"},"content":{"rendered":"<figure id=\"attachment_1706\" aria-describedby=\"caption-attachment-1706\" style=\"width: 680px\" class=\"wp-caption alignnone\"><img loading=\"lazy\" decoding=\"async\" class=\"size-medium wp-image-1706\" src=\"https:\/\/www.organisator.ch\/wp-content\/uploads\/2017\/03\/Neuer-Gescha\u0308ftsfu\u0308hrer-beim-Einka\u0308uferverband-procure-org-organisator.jpg\" alt=\"\" width=\"680\" height=\"478\" srcset=\"https:\/\/www.organisator.ch\/wp-content\/uploads\/2017\/03\/Neuer-Gescha\u0308ftsfu\u0308hrer-beim-Einka\u0308uferverband-procure-org-organisator.jpg 1417w, https:\/\/www.organisator.ch\/wp-content\/uploads\/2017\/03\/Neuer-Gescha\u0308ftsfu\u0308hrer-beim-Einka\u0308uferverband-procure-org-organisator-680x478.jpg 680w, https:\/\/www.organisator.ch\/wp-content\/uploads\/2017\/03\/Neuer-Gescha\u0308ftsfu\u0308hrer-beim-Einka\u0308uferverband-procure-org-organisator-1024x720.jpg 1024w, https:\/\/www.organisator.ch\/wp-content\/uploads\/2017\/03\/Neuer-Gescha\u0308ftsfu\u0308hrer-beim-Einka\u0308uferverband-procure-org-organisator-768x540.jpg 768w, https:\/\/www.organisator.ch\/wp-content\/uploads\/2017\/03\/Neuer-Gescha\u0308ftsfu\u0308hrer-beim-Einka\u0308uferverband-procure-org-organisator-16x12.jpg 16w, https:\/\/www.organisator.ch\/wp-content\/uploads\/2017\/03\/Neuer-Gescha\u0308ftsfu\u0308hrer-beim-Einka\u0308uferverband-procure-org-organisator-249x175.jpg 249w, https:\/\/www.organisator.ch\/wp-content\/uploads\/2017\/03\/Neuer-Gescha\u0308ftsfu\u0308hrer-beim-Einka\u0308uferverband-procure-org-organisator-497x350.jpg 497w, https:\/\/www.organisator.ch\/wp-content\/uploads\/2017\/03\/Neuer-Gescha\u0308ftsfu\u0308hrer-beim-Einka\u0308uferverband-procure-org-organisator-1137x800.jpg 1137w, https:\/\/www.organisator.ch\/wp-content\/uploads\/2017\/03\/Neuer-Gescha\u0308ftsfu\u0308hrer-beim-Einka\u0308uferverband-procure-org-organisator-920x647.jpg 920w, https:\/\/www.organisator.ch\/wp-content\/uploads\/2017\/03\/Neuer-Gescha\u0308ftsfu\u0308hrer-beim-Einka\u0308uferverband-procure-org-organisator-1400x985.jpg 1400w, https:\/\/www.organisator.ch\/wp-content\/uploads\/2017\/03\/Neuer-Gescha\u0308ftsfu\u0308hrer-beim-Einka\u0308uferverband-procure-org-organisator-300x211.jpg 300w\" sizes=\"auto, (max-width: 680px) 100vw, 680px\" \/><figcaption id=\"caption-attachment-1706\" class=\"wp-caption-text\">Andreas Kyburz, ab 1. Juni 2017 Gesch\u00e4ftsf\u00fchrer von procure.ch (Bild: zVg)<\/figcaption><\/figure>\n<p>Andreas Kyburz \u00fcbernimmt als neuer Gesch\u00e4ftsf\u00fchrer den Fachverband in einer einzigartigen Position und freut sich auf seine neue Funktion. Sein Ziel ist, den gut funktionierenden Verband geordnet weiterzuf\u00fchren und die Attraktivit\u00e4t aus Sicht der Mitglieder und Kunden zu st\u00e4rken. Das bedeutet unter anderem, fachliche Trends und deren Auswirkungen zu erkennen und in praxisorientierte Bildungsangebote und Mitgliederservices einzubinden.<\/p>\n<p>Nach seinem Abschluss als Betriebs\u00f6konom HWV in Olten, arbeitete Andreas Kyburz w\u00e4hrend zw\u00f6lf Jahren bei der M\u00f6bel Pfister AG, mehrere Jahre als Produktmanager, zuletzt als Leiter Logistik, Organisation &amp; Informatik. Danach wechselte er als Leiter Einkauf und Logistik in die Papierbranche und wurde dort 2014 zum Gesch\u00e4ftsf\u00fchrer berufen.<\/p>\n<p>Andreas Kyburz arbeitete sich seit November 2016 als designierter Gesch\u00e4ftsf\u00fchrer ein. Die Stab\u00fcbergabe erfolgt an der Generalversammlung vom 18. Mai 2017 im Hotel Bellevue in Bern. Offiziell tr\u00e4gt Kyburz ab 1. Juni 2017 zusammen mit seinem Team die Verantwortung f\u00fcr die Verbandsaktivit\u00e4ten.<\/p>\n<p>Die im Verbandnetzwerk elementaren menschlichen Beziehungen liegen ihm dabei am Herzen. \u201eF\u00fcr procure.ch ist es entscheidend, die Vordenker- und Vorreiterrolle auszubauen. Wir leben vom gegenseitigen Austausch und wir wollen weitere Mitglieder gewinnen, die sich einbringen und uns so den n\u00f6tigen Vorsprung sichern\u201c.<\/p>\n<p>Die im Verbandnetzwerk elementaren menschlichen Beziehungen liegen ihm dabei am Herzen. \u201eF\u00fcr procure.ch ist es entscheidend, die Vordenker- und Vorreiterrolle auszubauen. Wir leben vom gegenseitigen Austausch und wir wollen weitere Mitglieder gewinnen, die sich einbringen und uns so den n\u00f6tigen Vorsprung sichern\u201c.<\/p>\n<p><a href=\"http:\/\/www.procure.ch\">\u00a0www.procure.ch<\/a><\/p>\n","protected":false},"excerpt":{"rendered":"<p>Andreas Kyburz \u00fcbernimmt als neuer Gesch\u00e4ftsf\u00fchrer den Fachverband in einer einzigartigen Position und freut sich auf seine neue Funktion. Sein Ziel ist, den gut funktionierenden Verband geordnet weiterzuf\u00fchren und die Attraktivit\u00e4t aus Sicht der Mitglieder und Kunden zu st\u00e4rken. Das bedeutet unter anderem, fachliche Trends und deren Auswirkungen zu erkennen und in praxisorientierte Bildungsangebote und [&hellip;]<\/p>\n","protected":false},"author":5,"featured_media":1706,"comment_status":"open","ping_status":"open","sticky":false,"template":"","format":"standard","meta":{"_acf_changed":false,"_yoast_wpseo_focuskw":"Neuer Gesch\u00e4ftsf\u00fchrer","_yoast_wpseo_metadesc":"Andreas Kyburz wird ab 1. Juni 2017 neuer Gesch\u00e4ftsf\u00fchrer des Fachverbands \u201eprocure.ch\u201c f\u00fcr Einkauf und Supply Management.","articlekey":"","footnotes":""},"categories":[1],"tags":[],"class_list":["post-1705","post","type-post","status-publish","format-standard","has-post-thumbnail","hentry","category-allgemein"],"acf":[],"yoast_head":"<!-- This site is optimized with the Yoast SEO plugin v27.5 - https:\/\/yoast.com\/product\/yoast-seo-wordpress\/ -->\n<title>Neuer Gesch\u00e4ftsf\u00fchrer beim Eink\u00e4uferverband procure.ch - Organisator<\/title>\n<meta name=\"description\" content=\"Andreas Kyburz wird ab 1. Juni 2017 neuer Gesch\u00e4ftsf\u00fchrer des Fachverbands \u201eprocure.ch\u201c f\u00fcr Einkauf und Supply Management.\" \/>\n<meta name=\"robots\" content=\"index, follow, max-snippet:-1, max-image-preview:large, max-video-preview:-1\" \/>\n<link rel=\"canonical\" href=\"https:\/\/www.organisator.ch\/de\/allgemein\/2017-03-30\/1705-2\/\" \/>\n<meta property=\"og:locale\" content=\"de_DE\" \/>\n<meta property=\"og:type\" content=\"article\" \/>\n<meta property=\"og:title\" content=\"Neuer Gesch\u00e4ftsf\u00fchrer beim Eink\u00e4uferverband procure.ch - Organisator\" \/>\n<meta property=\"og:description\" content=\"Andreas Kyburz wird ab 1. Juni 2017 neuer Gesch\u00e4ftsf\u00fchrer des Fachverbands \u201eprocure.ch\u201c f\u00fcr Einkauf und Supply Management.\" \/>\n<meta property=\"og:url\" content=\"https:\/\/www.organisator.ch\/de\/allgemein\/2017-03-30\/1705-2\/\" \/>\n<meta property=\"og:site_name\" content=\"Organisator\" \/>\n<meta property=\"article:publisher\" content=\"https:\/\/www.facebook.com\/OrganisatorFachmagazin\" \/>\n<meta property=\"article:published_time\" content=\"2017-03-30T15:44:28+00:00\" \/>\n<meta property=\"og:image\" content=\"https:\/\/www.organisator.ch\/wp-content\/uploads\/2017\/03\/Neuer-Gescha\u0308ftsfu\u0308hrer-beim-Einka\u0308uferverband-procure-org-organisator.jpg\" \/>\n\t<meta property=\"og:image:width\" content=\"1417\" \/>\n\t<meta property=\"og:image:height\" content=\"997\" \/>\n\t<meta property=\"og:image:type\" content=\"image\/jpeg\" \/>\n<meta name=\"author\" content=\"michael.merz\" \/>\n<meta name=\"twitter:card\" content=\"summary_large_image\" \/>\n<script type=\"application\/ld+json\" class=\"yoast-schema-graph\">{\"@context\":\"https:\\\/\\\/schema.org\",\"@graph\":[{\"@type\":\"Article\",\"@id\":\"https:\\\/\\\/www.organisator.ch\\\/fr\\\/general\\\/2017-03-30\\\/1705-2\\\/#article\",\"isPartOf\":{\"@id\":\"https:\\\/\\\/www.organisator.ch\\\/fr\\\/general\\\/2017-03-30\\\/1705-2\\\/\"},\"author\":{\"name\":\"michael.merz\",\"@id\":\"https:\\\/\\\/www.organisator.ch\\\/#\\\/schema\\\/person\\\/134708ca9321c57b0362cceb7948ffbd\"},\"headline\":\"Neuer Gesch\u00e4ftsf\u00fchrer beim Eink\u00e4uferverband procure.ch\",\"datePublished\":\"2017-03-30T15:44:28+00:00\",\"mainEntityOfPage\":{\"@id\":\"https:\\\/\\\/www.organisator.ch\\\/fr\\\/general\\\/2017-03-30\\\/1705-2\\\/\"},\"wordCount\":279,\"commentCount\":0,\"publisher\":{\"@id\":\"https:\\\/\\\/www.organisator.ch\\\/#organization\"},\"image\":{\"@id\":\"https:\\\/\\\/www.organisator.ch\\\/fr\\\/general\\\/2017-03-30\\\/1705-2\\\/#primaryimage\"},\"thumbnailUrl\":\"https:\\\/\\\/www.organisator.ch\\\/wp-content\\\/uploads\\\/2017\\\/03\\\/Neuer-Gescha\u0308ftsfu\u0308hrer-beim-Einka\u0308uferverband-procure-org-organisator.jpg\",\"inLanguage\":\"de\"},{\"@type\":\"WebPage\",\"@id\":\"https:\\\/\\\/www.organisator.ch\\\/fr\\\/general\\\/2017-03-30\\\/1705-2\\\/\",\"url\":\"https:\\\/\\\/www.organisator.ch\\\/fr\\\/general\\\/2017-03-30\\\/1705-2\\\/\",\"name\":\"Neuer Gesch\u00e4ftsf\u00fchrer beim Eink\u00e4uferverband procure.ch - Organisator\",\"isPartOf\":{\"@id\":\"https:\\\/\\\/www.organisator.ch\\\/#website\"},\"primaryImageOfPage\":{\"@id\":\"https:\\\/\\\/www.organisator.ch\\\/fr\\\/general\\\/2017-03-30\\\/1705-2\\\/#primaryimage\"},\"image\":{\"@id\":\"https:\\\/\\\/www.organisator.ch\\\/fr\\\/general\\\/2017-03-30\\\/1705-2\\\/#primaryimage\"},\"thumbnailUrl\":\"https:\\\/\\\/www.organisator.ch\\\/wp-content\\\/uploads\\\/2017\\\/03\\\/Neuer-Gescha\u0308ftsfu\u0308hrer-beim-Einka\u0308uferverband-procure-org-organisator.jpg\",\"datePublished\":\"2017-03-30T15:44:28+00:00\",\"description\":\"Andreas Kyburz wird ab 1. Juni 2017 neuer Gesch\u00e4ftsf\u00fchrer des Fachverbands \u201eprocure.ch\u201c f\u00fcr Einkauf und Supply Management.\",\"breadcrumb\":{\"@id\":\"https:\\\/\\\/www.organisator.ch\\\/fr\\\/general\\\/2017-03-30\\\/1705-2\\\/#breadcrumb\"},\"inLanguage\":\"de\",\"potentialAction\":[{\"@type\":\"ReadAction\",\"target\":[\"https:\\\/\\\/www.organisator.ch\\\/fr\\\/general\\\/2017-03-30\\\/1705-2\\\/\"]}]},{\"@type\":\"ImageObject\",\"inLanguage\":\"de\",\"@id\":\"https:\\\/\\\/www.organisator.ch\\\/fr\\\/general\\\/2017-03-30\\\/1705-2\\\/#primaryimage\",\"url\":\"https:\\\/\\\/www.organisator.ch\\\/wp-content\\\/uploads\\\/2017\\\/03\\\/Neuer-Gescha\u0308ftsfu\u0308hrer-beim-Einka\u0308uferverband-procure-org-organisator.jpg\",\"contentUrl\":\"https:\\\/\\\/www.organisator.ch\\\/wp-content\\\/uploads\\\/2017\\\/03\\\/Neuer-Gescha\u0308ftsfu\u0308hrer-beim-Einka\u0308uferverband-procure-org-organisator.jpg\",\"width\":1417,\"height\":997,\"caption\":\"Andreas Kyburz, ab 1. Juni 2017 Gesch\u00e4ftsf\u00fchrer von procure.ch\"},{\"@type\":\"BreadcrumbList\",\"@id\":\"https:\\\/\\\/www.organisator.ch\\\/fr\\\/general\\\/2017-03-30\\\/1705-2\\\/#breadcrumb\",\"itemListElement\":[{\"@type\":\"ListItem\",\"position\":1,\"name\":\"Home\",\"item\":\"https:\\\/\\\/www.organisator.ch\\\/\"},{\"@type\":\"ListItem\",\"position\":2,\"name\":\"Neuer Gesch\u00e4ftsf\u00fchrer beim Eink\u00e4uferverband procure.ch\"}]},{\"@type\":\"WebSite\",\"@id\":\"https:\\\/\\\/www.organisator.ch\\\/#website\",\"url\":\"https:\\\/\\\/www.organisator.ch\\\/\",\"name\":\"Organisator\",\"description\":\"Kompetent. Praxisnah. Der ORGANISATOR bereitet in 10 Ausgaben pro Jahr die wesentlichen Themen f\u00fcr F\u00fchrungskr\u00e4fte von KMU auf.\",\"publisher\":{\"@id\":\"https:\\\/\\\/www.organisator.ch\\\/#organization\"},\"potentialAction\":[{\"@type\":\"SearchAction\",\"target\":{\"@type\":\"EntryPoint\",\"urlTemplate\":\"https:\\\/\\\/www.organisator.ch\\\/?s={search_term_string}\"},\"query-input\":{\"@type\":\"PropertyValueSpecification\",\"valueRequired\":true,\"valueName\":\"search_term_string\"}}],\"inLanguage\":\"de\"},{\"@type\":\"Organization\",\"@id\":\"https:\\\/\\\/www.organisator.ch\\\/#organization\",\"name\":\"Organisator\",\"url\":\"https:\\\/\\\/www.organisator.ch\\\/\",\"logo\":{\"@type\":\"ImageObject\",\"inLanguage\":\"de\",\"@id\":\"https:\\\/\\\/www.organisator.ch\\\/#\\\/schema\\\/logo\\\/image\\\/\",\"url\":\"https:\\\/\\\/www.organisator.ch\\\/wp-content\\\/uploads\\\/2022\\\/01\\\/Logo_Organisator_Website.png\",\"contentUrl\":\"https:\\\/\\\/www.organisator.ch\\\/wp-content\\\/uploads\\\/2022\\\/01\\\/Logo_Organisator_Website.png\",\"width\":800,\"height\":77,\"caption\":\"Organisator\"},\"image\":{\"@id\":\"https:\\\/\\\/www.organisator.ch\\\/#\\\/schema\\\/logo\\\/image\\\/\"},\"sameAs\":[\"https:\\\/\\\/www.facebook.com\\\/OrganisatorFachmagazin\",\"https:\\\/\\\/www.linkedin.com\\\/showcase\\\/organisator-das-magazin-fr-kmu\",\"https:\\\/\\\/www.xing.com\\\/news\\\/pages\\\/organisator-ch-695\",\"https:\\\/\\\/www.youtube.com\\\/channel\\\/UCGP2Sq0iWaZwT3BdIAQFYpw\"]},{\"@type\":\"Person\",\"@id\":\"https:\\\/\\\/www.organisator.ch\\\/#\\\/schema\\\/person\\\/134708ca9321c57b0362cceb7948ffbd\",\"name\":\"michael.merz\",\"image\":{\"@type\":\"ImageObject\",\"inLanguage\":\"de\",\"@id\":\"https:\\\/\\\/secure.gravatar.com\\\/avatar\\\/?s=96&d=mm&r=g\",\"url\":\"https:\\\/\\\/secure.gravatar.com\\\/avatar\\\/?s=96&d=mm&r=g\",\"contentUrl\":\"https:\\\/\\\/secure.gravatar.com\\\/avatar\\\/?s=96&d=mm&r=g\",\"caption\":\"michael.merz\"},\"url\":\"https:\\\/\\\/www.organisator.ch\\\/de\\\/author\\\/michael-merz\\\/\"}]}<\/script>\n<!-- \/ Yoast SEO plugin. -->","yoast_head_json":{"title":"Neuer Gesch\u00e4ftsf\u00fchrer beim Eink\u00e4uferverband procure.ch - Organisator","description":"Andreas Kyburz wird ab 1. Juni 2017 neuer Gesch\u00e4ftsf\u00fchrer des Fachverbands \u201eprocure.ch\u201c f\u00fcr Einkauf und Supply Management.","robots":{"index":"index","follow":"follow","max-snippet":"max-snippet:-1","max-image-preview":"max-image-preview:large","max-video-preview":"max-video-preview:-1"},"canonical":"https:\/\/www.organisator.ch\/de\/allgemein\/2017-03-30\/1705-2\/","og_locale":"de_DE","og_type":"article","og_title":"Neuer Gesch\u00e4ftsf\u00fchrer beim Eink\u00e4uferverband procure.ch - Organisator","og_description":"Andreas Kyburz wird ab 1. Juni 2017 neuer Gesch\u00e4ftsf\u00fchrer des Fachverbands \u201eprocure.ch\u201c f\u00fcr Einkauf und Supply Management.","og_url":"https:\/\/www.organisator.ch\/de\/allgemein\/2017-03-30\/1705-2\/","og_site_name":"Organisator","article_publisher":"https:\/\/www.facebook.com\/OrganisatorFachmagazin","article_published_time":"2017-03-30T15:44:28+00:00","og_image":[{"width":1417,"height":997,"url":"https:\/\/www.organisator.ch\/wp-content\/uploads\/2017\/03\/Neuer-Gescha\u0308ftsfu\u0308hrer-beim-Einka\u0308uferverband-procure-org-organisator.jpg","type":"image\/jpeg"}],"author":"michael.merz","twitter_card":"summary_large_image","schema":{"@context":"https:\/\/schema.org","@graph":[{"@type":"Article","@id":"https:\/\/www.organisator.ch\/fr\/general\/2017-03-30\/1705-2\/#article","isPartOf":{"@id":"https:\/\/www.organisator.ch\/fr\/general\/2017-03-30\/1705-2\/"},"author":{"name":"michael.merz","@id":"https:\/\/www.organisator.ch\/#\/schema\/person\/134708ca9321c57b0362cceb7948ffbd"},"headline":"Neuer Gesch\u00e4ftsf\u00fchrer beim Eink\u00e4uferverband procure.ch","datePublished":"2017-03-30T15:44:28+00:00","mainEntityOfPage":{"@id":"https:\/\/www.organisator.ch\/fr\/general\/2017-03-30\/1705-2\/"},"wordCount":279,"commentCount":0,"publisher":{"@id":"https:\/\/www.organisator.ch\/#organization"},"image":{"@id":"https:\/\/www.organisator.ch\/fr\/general\/2017-03-30\/1705-2\/#primaryimage"},"thumbnailUrl":"https:\/\/www.organisator.ch\/wp-content\/uploads\/2017\/03\/Neuer-Gescha\u0308ftsfu\u0308hrer-beim-Einka\u0308uferverband-procure-org-organisator.jpg","inLanguage":"de"},{"@type":"WebPage","@id":"https:\/\/www.organisator.ch\/fr\/general\/2017-03-30\/1705-2\/","url":"https:\/\/www.organisator.ch\/fr\/general\/2017-03-30\/1705-2\/","name":"Neuer Gesch\u00e4ftsf\u00fchrer beim Eink\u00e4uferverband procure.ch - Organisator","isPartOf":{"@id":"https:\/\/www.organisator.ch\/#website"},"primaryImageOfPage":{"@id":"https:\/\/www.organisator.ch\/fr\/general\/2017-03-30\/1705-2\/#primaryimage"},"image":{"@id":"https:\/\/www.organisator.ch\/fr\/general\/2017-03-30\/1705-2\/#primaryimage"},"thumbnailUrl":"https:\/\/www.organisator.ch\/wp-content\/uploads\/2017\/03\/Neuer-Gescha\u0308ftsfu\u0308hrer-beim-Einka\u0308uferverband-procure-org-organisator.jpg","datePublished":"2017-03-30T15:44:28+00:00","description":"Andreas Kyburz wird ab 1. Juni 2017 neuer Gesch\u00e4ftsf\u00fchrer des Fachverbands \u201eprocure.ch\u201c f\u00fcr Einkauf und Supply Management.","breadcrumb":{"@id":"https:\/\/www.organisator.ch\/fr\/general\/2017-03-30\/1705-2\/#breadcrumb"},"inLanguage":"de","potentialAction":[{"@type":"ReadAction","target":["https:\/\/www.organisator.ch\/fr\/general\/2017-03-30\/1705-2\/"]}]},{"@type":"ImageObject","inLanguage":"de","@id":"https:\/\/www.organisator.ch\/fr\/general\/2017-03-30\/1705-2\/#primaryimage","url":"https:\/\/www.organisator.ch\/wp-content\/uploads\/2017\/03\/Neuer-Gescha\u0308ftsfu\u0308hrer-beim-Einka\u0308uferverband-procure-org-organisator.jpg","contentUrl":"https:\/\/www.organisator.ch\/wp-content\/uploads\/2017\/03\/Neuer-Gescha\u0308ftsfu\u0308hrer-beim-Einka\u0308uferverband-procure-org-organisator.jpg","width":1417,"height":997,"caption":"Andreas Kyburz, ab 1. Juni 2017 Gesch\u00e4ftsf\u00fchrer von procure.ch"},{"@type":"BreadcrumbList","@id":"https:\/\/www.organisator.ch\/fr\/general\/2017-03-30\/1705-2\/#breadcrumb","itemListElement":[{"@type":"ListItem","position":1,"name":"Home","item":"https:\/\/www.organisator.ch\/"},{"@type":"ListItem","position":2,"name":"Neuer Gesch\u00e4ftsf\u00fchrer beim Eink\u00e4uferverband procure.ch"}]},{"@type":"WebSite","@id":"https:\/\/www.organisator.ch\/#website","url":"https:\/\/www.organisator.ch\/","name":"Organisator","description":"Kompetent. Praxisnah. Der ORGANISATOR bereitet in 10 Ausgaben pro Jahr die wesentlichen Themen f\u00fcr F\u00fchrungskr\u00e4fte von KMU auf.","publisher":{"@id":"https:\/\/www.organisator.ch\/#organization"},"potentialAction":[{"@type":"SearchAction","target":{"@type":"EntryPoint","urlTemplate":"https:\/\/www.organisator.ch\/?s={search_term_string}"},"query-input":{"@type":"PropertyValueSpecification","valueRequired":true,"valueName":"search_term_string"}}],"inLanguage":"de"},{"@type":"Organization","@id":"https:\/\/www.organisator.ch\/#organization","name":"Organisator","url":"https:\/\/www.organisator.ch\/","logo":{"@type":"ImageObject","inLanguage":"de","@id":"https:\/\/www.organisator.ch\/#\/schema\/logo\/image\/","url":"https:\/\/www.organisator.ch\/wp-content\/uploads\/2022\/01\/Logo_Organisator_Website.png","contentUrl":"https:\/\/www.organisator.ch\/wp-content\/uploads\/2022\/01\/Logo_Organisator_Website.png","width":800,"height":77,"caption":"Organisator"},"image":{"@id":"https:\/\/www.organisator.ch\/#\/schema\/logo\/image\/"},"sameAs":["https:\/\/www.facebook.com\/OrganisatorFachmagazin","https:\/\/www.linkedin.com\/showcase\/organisator-das-magazin-fr-kmu","https:\/\/www.xing.com\/news\/pages\/organisator-ch-695","https:\/\/www.youtube.com\/channel\/UCGP2Sq0iWaZwT3BdIAQFYpw"]},{"@type":"Person","@id":"https:\/\/www.organisator.ch\/#\/schema\/person\/134708ca9321c57b0362cceb7948ffbd","name":"michael.merz","image":{"@type":"ImageObject","inLanguage":"de","@id":"https:\/\/secure.gravatar.com\/avatar\/?s=96&d=mm&r=g","url":"https:\/\/secure.gravatar.com\/avatar\/?s=96&d=mm&r=g","contentUrl":"https:\/\/secure.gravatar.com\/avatar\/?s=96&d=mm&r=g","caption":"michael.merz"},"url":"https:\/\/www.organisator.ch\/de\/author\/michael-merz\/"}]}},"_links":{"self":[{"href":"https:\/\/www.organisator.ch\/de\/wp-json\/wp\/v2\/posts\/1705","targetHints":{"allow":["GET"]}}],"collection":[{"href":"https:\/\/www.organisator.ch\/de\/wp-json\/wp\/v2\/posts"}],"about":[{"href":"https:\/\/www.organisator.ch\/de\/wp-json\/wp\/v2\/types\/post"}],"author":[{"embeddable":true,"href":"https:\/\/www.organisator.ch\/de\/wp-json\/wp\/v2\/users\/5"}],"replies":[{"embeddable":true,"href":"https:\/\/www.organisator.ch\/de\/wp-json\/wp\/v2\/comments?post=1705"}],"version-history":[{"count":0,"href":"https:\/\/www.organisator.ch\/de\/wp-json\/wp\/v2\/posts\/1705\/revisions"}],"wp:featuredmedia":[{"embeddable":true,"href":"https:\/\/www.organisator.ch\/de\/wp-json\/wp\/v2\/media\/1706"}],"wp:attachment":[{"href":"https:\/\/www.organisator.ch\/de\/wp-json\/wp\/v2\/media?parent=1705"}],"wp:term":[{"taxonomy":"category","embeddable":true,"href":"https:\/\/www.organisator.ch\/de\/wp-json\/wp\/v2\/categories?post=1705"},{"taxonomy":"post_tag","embeddable":true,"href":"https:\/\/www.organisator.ch\/de\/wp-json\/wp\/v2\/tags?post=1705"}],"curies":[{"name":"wp","href":"https:\/\/api.w.org\/{rel}","templated":true}]}}