{"id":17069,"date":"2022-09-26T16:19:42","date_gmt":"2022-09-26T14:19:42","guid":{"rendered":"https:\/\/www.organisator.ch\/?p=17069"},"modified":"2022-09-26T16:19:42","modified_gmt":"2022-09-26T14:19:42","slug":"werkplatz-schweiz-energie-wird-zur-zusaetzlichen-belastungsprobe","status":"publish","type":"post","link":"https:\/\/www.organisator.ch\/de\/operational-excellence\/2022-09-26\/werkplatz-schweiz-energie-wird-zur-zusaetzlichen-belastungsprobe\/","title":{"rendered":"Werkplatz Schweiz: Energie wird zur zus\u00e4tzlichen Belastungsprobe"},"content":{"rendered":"<figure id=\"attachment_17070\" aria-describedby=\"caption-attachment-17070\" style=\"width: 680px\" class=\"wp-caption alignnone\"><img loading=\"lazy\" decoding=\"async\" class=\"size-full wp-image-17070\" src=\"https:\/\/www.organisator.ch\/wp-content\/uploads\/2022\/09\/Werkplatz-Schweiz-Energie-wird-zur-zusatzlichen-Belastungsprobe_Organisator.jpg\" alt=\"\" width=\"680\" height=\"453\" srcset=\"https:\/\/www.organisator.ch\/wp-content\/uploads\/2022\/09\/Werkplatz-Schweiz-Energie-wird-zur-zusatzlichen-Belastungsprobe_Organisator.jpg 680w, https:\/\/www.organisator.ch\/wp-content\/uploads\/2022\/09\/Werkplatz-Schweiz-Energie-wird-zur-zusatzlichen-Belastungsprobe_Organisator-18x12.jpg 18w, https:\/\/www.organisator.ch\/wp-content\/uploads\/2022\/09\/Werkplatz-Schweiz-Energie-wird-zur-zusatzlichen-Belastungsprobe_Organisator-263x175.jpg 263w, https:\/\/www.organisator.ch\/wp-content\/uploads\/2022\/09\/Werkplatz-Schweiz-Energie-wird-zur-zusatzlichen-Belastungsprobe_Organisator-525x350.jpg 525w, https:\/\/www.organisator.ch\/wp-content\/uploads\/2022\/09\/Werkplatz-Schweiz-Energie-wird-zur-zusatzlichen-Belastungsprobe_Organisator-300x200.jpg 300w\" sizes=\"auto, (max-width: 680px) 100vw, 680px\" \/><figcaption id=\"caption-attachment-17070\" class=\"wp-caption-text\">Drohende Mangellagen bei Strom und anderen Energietr\u00e4gern bringen den Werkplatz Schweiz in existenzielle Schwierigkeiten. (Bild: Pixabay.com)<\/figcaption><\/figure>\n<p>Wie der Sauerstoff zum Atmen geh\u00f6rt die Energie zum Lebenselixier einer produzierenden Industrie. Die jahrzehntelange Preisstabilit\u00e4t und Versorgungssicherheit in der Energiebereitstellung sind durch die j\u00fcngste Entwicklung massiv in Mitleidenschaft gezogen worden. Eine aktuelle Umfrage von Swissmechanic zeigt, dass die starken Preiserh\u00f6hungen und die sich abzeichnende Energiemangel\u00adlage f\u00fcr viele Betriebe eine existenzielle Bedrohung darstellt.<\/p>\n<h3><strong>Situation f\u00fcr Werkplatz Schweiz kritisch<\/strong><\/h3>\n<p>\u00dcber 160 Swissmechanic-Betriebe aus allen Regionen der Schweiz haben sich zu den Auswirkungen der Entwicklung der Hauptenergietr\u00e4ger Strom und Gas ge\u00e4ussert. Bei der Energiebeschaffung dominieren massive Preiserh\u00f6hungen. F\u00fcr gut zwei F\u00fcnftel der KMU sind es mindestens 50 Prozent. Einige Unternehmen berichten sogar von Preiserh\u00f6hungen von \u00fcber 500 Prozent, in gewissen F\u00e4llen werden sogar Erh\u00f6hungen des Stromtarifs von bis zu 1600 Prozent gemeldet.<\/p>\n<p>60 Prozent der befragten Unternehmen haben zwar langfristige Vertr\u00e4ge mit Energieversorgern abgeschlossen.\u00a0Viele dieser Vertr\u00e4ge laufen jedoch derzeit aus oder werden Ende des Jahres auslaufen.\u00a0Damit wird sich die Beschaffung weiter verteuern. \u00abDie Situation ist kritisch. Wir k\u00f6nnen diese Preise nicht an den Markt weitergeben\u00bb, weiss J\u00fcrg Zwahlen, Inhaber der Birchmeier Spr\u00fchtechnik AG. \u00abSchweizer Industrieunternehmen haben auf ausl\u00e4ndischen M\u00e4rkten durch den st\u00e4ndig aufwertenden Franken schon eine enorm schwierige Wettbewerbsposition. Jetzt kommen noch exorbitant steigende Stromkosten dazu. Ein weiterer Standortvorteil l\u00f6st sich auf.\u00bb<\/p>\n<h3><strong>Abschaltungen bedrohen Existenz<\/strong><\/h3>\n<p>Eine weitere Bedrohung d\u00fcrfte aus einer Energiemangellage erwachsen. Die Unterbrechung der Energieversorgung f\u00fcr die Dauer von vier Stunden pro Tag \u00fcber einen l\u00e4ngeren Zeitraum w\u00fcrde die Existenz ihres Unternehmens gef\u00e4hrden, best\u00e4tigen mehr als zwei Drittel der befragten Swiss\u00admechanic-Betriebe. Damit w\u00fcrden sie zum R\u00fcckzug aus dem Markt gezwungen.<\/p>\n<p>F\u00fcr Swissmechanic hat die kurzfristige Sicherstellung der Strom- und Gasversorgung oberste Priorit\u00e4t. \u00abVerbote, Beschr\u00e4nkungen und Kontingentierungen, wie sie derzeit von der Politik angedacht und geplant werden, d\u00fcrfen nicht beziehungsweise nur im \u00e4ussersten Notfall und unter Einbezug der Wirtschaft\/Unternehmen umgesetzt werden, und dann auch nur zeitlich befristet\u00bb, unterstreicht Verbandsdirektor J\u00fcrg Marti. Er weist zudem auf die Gefahr eines schleichenden Ausbaus des Staatsapparates hin, im Schlepptau von Meldepflichten, Kontroll- und Sanktionierungsmassnahmen.<\/p>\n<h3><strong>Forderung: \u00dcberteuerte Netznutzung anpassen<\/strong><\/h3>\n<p>Zur Entsch\u00e4rfung der Versorgungslage erwartet Swissmechanic freiwillige Sparbem\u00fchungen von Unternehmen wie von Privathaushalten. Sollten diese nicht ausreichen, unterst\u00fctzt der Verband den Vorschlag des Schweizerischen Gewerbeverbandes, wonach Wertsch\u00f6pfungsketten und Branchen mit der wirtschaftlichen Landesversorgung Energiespar-Vereinbarungen eingehen, mit selbst erarbeiteten Pl\u00e4nen.<\/p>\n<p>Weiter sieht Swissmechanic in den Netzkosten und Abgaben an die Gemeinwesen einen Hebel gegen die steigenden Strompreise und fordert, dass der Bundesrat die \u00fcberteuerte Netznutzung anpasst.<\/p>\n<p>Eine zuverl\u00e4ssige und bezahlbare Energieversorgung ist seit weit \u00fcber hundert Jahren die Basis f\u00fcr den Werkplatz Schweiz. Swissmechanic fordert vom Bundesrat und Parlament eine verl\u00e4ssliche Energiepolitik, die kurz-, mittel- und langfristig solide Stromproduktionskapazit\u00e4ten schafft.<\/p>\n<p><em>Quelle: <a href=\"http:\/\/www.swissmechanic.ch\">Swissmechanic<\/a><\/em><\/p>\n","protected":false},"excerpt":{"rendered":"<p>Wie der Sauerstoff zum Atmen geh\u00f6rt die Energie zum Lebenselixier einer produzierenden Industrie. Die jahrzehntelange Preisstabilit\u00e4t und Versorgungssicherheit in der Energiebereitstellung sind durch die j\u00fcngste Entwicklung massiv in Mitleidenschaft gezogen worden. Eine aktuelle Umfrage von Swissmechanic zeigt, dass die starken Preiserh\u00f6hungen und die sich abzeichnende Energiemangel\u00adlage f\u00fcr viele Betriebe eine existenzielle Bedrohung darstellt. Situation f\u00fcr [&hellip;]<\/p>\n","protected":false},"author":4,"featured_media":17070,"comment_status":"closed","ping_status":"closed","sticky":false,"template":"","format":"standard","meta":{"_acf_changed":false,"_yoast_wpseo_focuskw":"Werkplatz Schweiz","_yoast_wpseo_metadesc":"Werkplatz Schweiz in Gefahr: Die aktuelle Situation im Strom- und Gasmarkt bedroht die KMU der Maschinen-, Metall- und Elektroindustrie.","articlekey":"","footnotes":""},"categories":[582],"tags":[584,3415,3414,503],"class_list":["post-17069","post","type-post","status-publish","format-standard","has-post-thumbnail","hentry","category-operational-excellence","tag-energie","tag-mangellage","tag-swissmechanic","tag-verbaende"],"acf":[],"yoast_head":"<!-- This site is optimized with the Yoast SEO plugin v27.5 - https:\/\/yoast.com\/product\/yoast-seo-wordpress\/ -->\n<title>Werkplatz Schweiz: Energie wird zur zus\u00e4tzlichen Belastungsprobe - Organisator<\/title>\n<meta name=\"description\" content=\"Werkplatz Schweiz in Gefahr: Die aktuelle Situation im Strom- und Gasmarkt bedroht die KMU der Maschinen-, Metall- und Elektroindustrie.\" \/>\n<meta name=\"robots\" content=\"index, follow, max-snippet:-1, max-image-preview:large, max-video-preview:-1\" \/>\n<link rel=\"canonical\" href=\"https:\/\/www.organisator.ch\/de\/operational-excellence\/2022-09-26\/werkplatz-schweiz-energie-wird-zur-zusaetzlichen-belastungsprobe\/\" \/>\n<meta property=\"og:locale\" content=\"de_DE\" \/>\n<meta property=\"og:type\" content=\"article\" \/>\n<meta property=\"og:title\" content=\"Werkplatz Schweiz: Energie wird zur zus\u00e4tzlichen Belastungsprobe\" \/>\n<meta property=\"og:description\" content=\"Werkplatz Schweiz in Gefahr: Die aktuelle Situation im Strom- und Gasmarkt bedroht die KMU der Maschinen-, Metall- und Elektroindustrie.\" \/>\n<meta property=\"og:url\" content=\"https:\/\/www.organisator.ch\/de\/operational-excellence\/2022-09-26\/werkplatz-schweiz-energie-wird-zur-zusaetzlichen-belastungsprobe\/\" \/>\n<meta property=\"og:site_name\" content=\"Organisator\" \/>\n<meta property=\"article:publisher\" content=\"https:\/\/www.facebook.com\/OrganisatorFachmagazin\" \/>\n<meta property=\"article:published_time\" content=\"2022-09-26T14:19:42+00:00\" \/>\n<meta property=\"og:image\" content=\"https:\/\/www.organisator.ch\/wp-content\/uploads\/2022\/09\/Werkplatz-Schweiz-Energie-wird-zur-zusatzlichen-Belastungsprobe_Organisator.jpg\" \/>\n\t<meta property=\"og:image:width\" content=\"680\" \/>\n\t<meta property=\"og:image:height\" content=\"453\" \/>\n\t<meta property=\"og:image:type\" content=\"image\/jpeg\" \/>\n<meta name=\"author\" content=\"thomas.berner\" \/>\n<meta name=\"twitter:card\" content=\"summary_large_image\" \/>\n<meta name=\"twitter:title\" content=\"#Werkplatz Schweiz: #Energie wird zur zus\u00e4tzlichen #Belastungsprobe\" \/>\n<meta name=\"twitter:description\" content=\"#Werkplatz Schweiz in #Gefahr: Die aktuelle Situation im Strom- und #Gasmarkt bedroht die #KMU der Maschinen-, Metall- und Elektroindustrie.\" \/>\n<meta name=\"twitter:image\" content=\"https:\/\/www.organisator.ch\/wp-content\/uploads\/2022\/09\/Werkplatz-Schweiz-Energie-wird-zur-zusatzlichen-Belastungsprobe_Organisator.jpg\" \/>\n<script type=\"application\/ld+json\" class=\"yoast-schema-graph\">{\"@context\":\"https:\\\/\\\/schema.org\",\"@graph\":[{\"@type\":\"Article\",\"@id\":\"https:\\\/\\\/www.organisator.ch\\\/operational-excellence\\\/2022-09-26\\\/werkplatz-schweiz-energie-wird-zur-zusaetzlichen-belastungsprobe\\\/#article\",\"isPartOf\":{\"@id\":\"https:\\\/\\\/www.organisator.ch\\\/operational-excellence\\\/2022-09-26\\\/werkplatz-schweiz-energie-wird-zur-zusaetzlichen-belastungsprobe\\\/\"},\"author\":{\"name\":\"thomas.berner\",\"@id\":\"https:\\\/\\\/www.organisator.ch\\\/#\\\/schema\\\/person\\\/6f650f90b2842cd4c0cc334b4e36f67e\"},\"headline\":\"Werkplatz Schweiz: Energie wird zur zus\u00e4tzlichen Belastungsprobe\",\"datePublished\":\"2022-09-26T14:19:42+00:00\",\"mainEntityOfPage\":{\"@id\":\"https:\\\/\\\/www.organisator.ch\\\/operational-excellence\\\/2022-09-26\\\/werkplatz-schweiz-energie-wird-zur-zusaetzlichen-belastungsprobe\\\/\"},\"wordCount\":502,\"publisher\":{\"@id\":\"https:\\\/\\\/www.organisator.ch\\\/#organization\"},\"image\":{\"@id\":\"https:\\\/\\\/www.organisator.ch\\\/operational-excellence\\\/2022-09-26\\\/werkplatz-schweiz-energie-wird-zur-zusaetzlichen-belastungsprobe\\\/#primaryimage\"},\"thumbnailUrl\":\"https:\\\/\\\/www.organisator.ch\\\/wp-content\\\/uploads\\\/2022\\\/09\\\/Werkplatz-Schweiz-Energie-wird-zur-zusatzlichen-Belastungsprobe_Organisator.jpg\",\"keywords\":[\"ENERGIE\",\"Mangellage\",\"Swissmechanic\",\"Verb\u00e4nde\"],\"articleSection\":[\"OPERATIONAL EXCELLENCE\"],\"inLanguage\":\"de\"},{\"@type\":\"WebPage\",\"@id\":\"https:\\\/\\\/www.organisator.ch\\\/operational-excellence\\\/2022-09-26\\\/werkplatz-schweiz-energie-wird-zur-zusaetzlichen-belastungsprobe\\\/\",\"url\":\"https:\\\/\\\/www.organisator.ch\\\/operational-excellence\\\/2022-09-26\\\/werkplatz-schweiz-energie-wird-zur-zusaetzlichen-belastungsprobe\\\/\",\"name\":\"Werkplatz Schweiz: Energie wird zur zus\u00e4tzlichen Belastungsprobe - Organisator\",\"isPartOf\":{\"@id\":\"https:\\\/\\\/www.organisator.ch\\\/#website\"},\"primaryImageOfPage\":{\"@id\":\"https:\\\/\\\/www.organisator.ch\\\/operational-excellence\\\/2022-09-26\\\/werkplatz-schweiz-energie-wird-zur-zusaetzlichen-belastungsprobe\\\/#primaryimage\"},\"image\":{\"@id\":\"https:\\\/\\\/www.organisator.ch\\\/operational-excellence\\\/2022-09-26\\\/werkplatz-schweiz-energie-wird-zur-zusaetzlichen-belastungsprobe\\\/#primaryimage\"},\"thumbnailUrl\":\"https:\\\/\\\/www.organisator.ch\\\/wp-content\\\/uploads\\\/2022\\\/09\\\/Werkplatz-Schweiz-Energie-wird-zur-zusatzlichen-Belastungsprobe_Organisator.jpg\",\"datePublished\":\"2022-09-26T14:19:42+00:00\",\"description\":\"Werkplatz Schweiz in Gefahr: Die aktuelle Situation im Strom- und Gasmarkt bedroht die KMU der Maschinen-, Metall- und Elektroindustrie.\",\"breadcrumb\":{\"@id\":\"https:\\\/\\\/www.organisator.ch\\\/operational-excellence\\\/2022-09-26\\\/werkplatz-schweiz-energie-wird-zur-zusaetzlichen-belastungsprobe\\\/#breadcrumb\"},\"inLanguage\":\"de\",\"potentialAction\":[{\"@type\":\"ReadAction\",\"target\":[\"https:\\\/\\\/www.organisator.ch\\\/operational-excellence\\\/2022-09-26\\\/werkplatz-schweiz-energie-wird-zur-zusaetzlichen-belastungsprobe\\\/\"]}]},{\"@type\":\"ImageObject\",\"inLanguage\":\"de\",\"@id\":\"https:\\\/\\\/www.organisator.ch\\\/operational-excellence\\\/2022-09-26\\\/werkplatz-schweiz-energie-wird-zur-zusaetzlichen-belastungsprobe\\\/#primaryimage\",\"url\":\"https:\\\/\\\/www.organisator.ch\\\/wp-content\\\/uploads\\\/2022\\\/09\\\/Werkplatz-Schweiz-Energie-wird-zur-zusatzlichen-Belastungsprobe_Organisator.jpg\",\"contentUrl\":\"https:\\\/\\\/www.organisator.ch\\\/wp-content\\\/uploads\\\/2022\\\/09\\\/Werkplatz-Schweiz-Energie-wird-zur-zusatzlichen-Belastungsprobe_Organisator.jpg\",\"width\":680,\"height\":453,\"caption\":\"Drohende Mangellagen bei Strom und anderen Energietr\u00e4gern bringen den Werkplatz Schweiz in existenzielle Schwierigkeiten. (Bild: Pixabay.com)\"},{\"@type\":\"BreadcrumbList\",\"@id\":\"https:\\\/\\\/www.organisator.ch\\\/operational-excellence\\\/2022-09-26\\\/werkplatz-schweiz-energie-wird-zur-zusaetzlichen-belastungsprobe\\\/#breadcrumb\",\"itemListElement\":[{\"@type\":\"ListItem\",\"position\":1,\"name\":\"Home\",\"item\":\"https:\\\/\\\/www.organisator.ch\\\/\"},{\"@type\":\"ListItem\",\"position\":2,\"name\":\"Werkplatz Schweiz: Energie wird zur zus\u00e4tzlichen Belastungsprobe\"}]},{\"@type\":\"WebSite\",\"@id\":\"https:\\\/\\\/www.organisator.ch\\\/#website\",\"url\":\"https:\\\/\\\/www.organisator.ch\\\/\",\"name\":\"Organisator\",\"description\":\"Kompetent. Praxisnah. Der ORGANISATOR bereitet in 10 Ausgaben pro Jahr die wesentlichen Themen f\u00fcr F\u00fchrungskr\u00e4fte von KMU auf.\",\"publisher\":{\"@id\":\"https:\\\/\\\/www.organisator.ch\\\/#organization\"},\"potentialAction\":[{\"@type\":\"SearchAction\",\"target\":{\"@type\":\"EntryPoint\",\"urlTemplate\":\"https:\\\/\\\/www.organisator.ch\\\/?s={search_term_string}\"},\"query-input\":{\"@type\":\"PropertyValueSpecification\",\"valueRequired\":true,\"valueName\":\"search_term_string\"}}],\"inLanguage\":\"de\"},{\"@type\":\"Organization\",\"@id\":\"https:\\\/\\\/www.organisator.ch\\\/#organization\",\"name\":\"Organisator\",\"url\":\"https:\\\/\\\/www.organisator.ch\\\/\",\"logo\":{\"@type\":\"ImageObject\",\"inLanguage\":\"de\",\"@id\":\"https:\\\/\\\/www.organisator.ch\\\/#\\\/schema\\\/logo\\\/image\\\/\",\"url\":\"https:\\\/\\\/www.organisator.ch\\\/wp-content\\\/uploads\\\/2022\\\/01\\\/Logo_Organisator_Website.png\",\"contentUrl\":\"https:\\\/\\\/www.organisator.ch\\\/wp-content\\\/uploads\\\/2022\\\/01\\\/Logo_Organisator_Website.png\",\"width\":800,\"height\":77,\"caption\":\"Organisator\"},\"image\":{\"@id\":\"https:\\\/\\\/www.organisator.ch\\\/#\\\/schema\\\/logo\\\/image\\\/\"},\"sameAs\":[\"https:\\\/\\\/www.facebook.com\\\/OrganisatorFachmagazin\",\"https:\\\/\\\/www.linkedin.com\\\/showcase\\\/organisator-das-magazin-fr-kmu\",\"https:\\\/\\\/www.xing.com\\\/news\\\/pages\\\/organisator-ch-695\",\"https:\\\/\\\/www.youtube.com\\\/channel\\\/UCGP2Sq0iWaZwT3BdIAQFYpw\"]},{\"@type\":\"Person\",\"@id\":\"https:\\\/\\\/www.organisator.ch\\\/#\\\/schema\\\/person\\\/6f650f90b2842cd4c0cc334b4e36f67e\",\"name\":\"thomas.berner\",\"image\":{\"@type\":\"ImageObject\",\"inLanguage\":\"de\",\"@id\":\"https:\\\/\\\/secure.gravatar.com\\\/avatar\\\/ac5001d2a36cb6c6cd3e50789007ffca834b477b74a2144564522e944eabff61?s=96&d=mm&r=g\",\"url\":\"https:\\\/\\\/secure.gravatar.com\\\/avatar\\\/ac5001d2a36cb6c6cd3e50789007ffca834b477b74a2144564522e944eabff61?s=96&d=mm&r=g\",\"contentUrl\":\"https:\\\/\\\/secure.gravatar.com\\\/avatar\\\/ac5001d2a36cb6c6cd3e50789007ffca834b477b74a2144564522e944eabff61?s=96&d=mm&r=g\",\"caption\":\"thomas.berner\"},\"url\":\"https:\\\/\\\/www.organisator.ch\\\/de\\\/author\\\/thomas-berner\\\/\"}]}<\/script>\n<!-- \/ Yoast SEO plugin. -->","yoast_head_json":{"title":"Werkplatz Schweiz: Energie wird zur zus\u00e4tzlichen Belastungsprobe - Organisator","description":"Werkplatz Schweiz in Gefahr: Die aktuelle Situation im Strom- und Gasmarkt bedroht die KMU der Maschinen-, Metall- und Elektroindustrie.","robots":{"index":"index","follow":"follow","max-snippet":"max-snippet:-1","max-image-preview":"max-image-preview:large","max-video-preview":"max-video-preview:-1"},"canonical":"https:\/\/www.organisator.ch\/de\/operational-excellence\/2022-09-26\/werkplatz-schweiz-energie-wird-zur-zusaetzlichen-belastungsprobe\/","og_locale":"de_DE","og_type":"article","og_title":"Werkplatz Schweiz: Energie wird zur zus\u00e4tzlichen Belastungsprobe","og_description":"Werkplatz Schweiz in Gefahr: Die aktuelle Situation im Strom- und Gasmarkt bedroht die KMU der Maschinen-, Metall- und Elektroindustrie.","og_url":"https:\/\/www.organisator.ch\/de\/operational-excellence\/2022-09-26\/werkplatz-schweiz-energie-wird-zur-zusaetzlichen-belastungsprobe\/","og_site_name":"Organisator","article_publisher":"https:\/\/www.facebook.com\/OrganisatorFachmagazin","article_published_time":"2022-09-26T14:19:42+00:00","og_image":[{"width":680,"height":453,"url":"https:\/\/www.organisator.ch\/wp-content\/uploads\/2022\/09\/Werkplatz-Schweiz-Energie-wird-zur-zusatzlichen-Belastungsprobe_Organisator.jpg","type":"image\/jpeg"}],"author":"thomas.berner","twitter_card":"summary_large_image","twitter_title":"#Werkplatz Schweiz: #Energie wird zur zus\u00e4tzlichen #Belastungsprobe","twitter_description":"#Werkplatz Schweiz in #Gefahr: Die aktuelle Situation im Strom- und #Gasmarkt bedroht die #KMU der Maschinen-, Metall- und Elektroindustrie.","twitter_image":"https:\/\/www.organisator.ch\/wp-content\/uploads\/2022\/09\/Werkplatz-Schweiz-Energie-wird-zur-zusatzlichen-Belastungsprobe_Organisator.jpg","schema":{"@context":"https:\/\/schema.org","@graph":[{"@type":"Article","@id":"https:\/\/www.organisator.ch\/operational-excellence\/2022-09-26\/werkplatz-schweiz-energie-wird-zur-zusaetzlichen-belastungsprobe\/#article","isPartOf":{"@id":"https:\/\/www.organisator.ch\/operational-excellence\/2022-09-26\/werkplatz-schweiz-energie-wird-zur-zusaetzlichen-belastungsprobe\/"},"author":{"name":"thomas.berner","@id":"https:\/\/www.organisator.ch\/#\/schema\/person\/6f650f90b2842cd4c0cc334b4e36f67e"},"headline":"Werkplatz Schweiz: Energie wird zur zus\u00e4tzlichen Belastungsprobe","datePublished":"2022-09-26T14:19:42+00:00","mainEntityOfPage":{"@id":"https:\/\/www.organisator.ch\/operational-excellence\/2022-09-26\/werkplatz-schweiz-energie-wird-zur-zusaetzlichen-belastungsprobe\/"},"wordCount":502,"publisher":{"@id":"https:\/\/www.organisator.ch\/#organization"},"image":{"@id":"https:\/\/www.organisator.ch\/operational-excellence\/2022-09-26\/werkplatz-schweiz-energie-wird-zur-zusaetzlichen-belastungsprobe\/#primaryimage"},"thumbnailUrl":"https:\/\/www.organisator.ch\/wp-content\/uploads\/2022\/09\/Werkplatz-Schweiz-Energie-wird-zur-zusatzlichen-Belastungsprobe_Organisator.jpg","keywords":["ENERGIE","Mangellage","Swissmechanic","Verb\u00e4nde"],"articleSection":["OPERATIONAL EXCELLENCE"],"inLanguage":"de"},{"@type":"WebPage","@id":"https:\/\/www.organisator.ch\/operational-excellence\/2022-09-26\/werkplatz-schweiz-energie-wird-zur-zusaetzlichen-belastungsprobe\/","url":"https:\/\/www.organisator.ch\/operational-excellence\/2022-09-26\/werkplatz-schweiz-energie-wird-zur-zusaetzlichen-belastungsprobe\/","name":"Werkplatz Schweiz: Energie wird zur zus\u00e4tzlichen Belastungsprobe - Organisator","isPartOf":{"@id":"https:\/\/www.organisator.ch\/#website"},"primaryImageOfPage":{"@id":"https:\/\/www.organisator.ch\/operational-excellence\/2022-09-26\/werkplatz-schweiz-energie-wird-zur-zusaetzlichen-belastungsprobe\/#primaryimage"},"image":{"@id":"https:\/\/www.organisator.ch\/operational-excellence\/2022-09-26\/werkplatz-schweiz-energie-wird-zur-zusaetzlichen-belastungsprobe\/#primaryimage"},"thumbnailUrl":"https:\/\/www.organisator.ch\/wp-content\/uploads\/2022\/09\/Werkplatz-Schweiz-Energie-wird-zur-zusatzlichen-Belastungsprobe_Organisator.jpg","datePublished":"2022-09-26T14:19:42+00:00","description":"Werkplatz Schweiz in Gefahr: Die aktuelle Situation im Strom- und Gasmarkt bedroht die KMU der Maschinen-, Metall- und Elektroindustrie.","breadcrumb":{"@id":"https:\/\/www.organisator.ch\/operational-excellence\/2022-09-26\/werkplatz-schweiz-energie-wird-zur-zusaetzlichen-belastungsprobe\/#breadcrumb"},"inLanguage":"de","potentialAction":[{"@type":"ReadAction","target":["https:\/\/www.organisator.ch\/operational-excellence\/2022-09-26\/werkplatz-schweiz-energie-wird-zur-zusaetzlichen-belastungsprobe\/"]}]},{"@type":"ImageObject","inLanguage":"de","@id":"https:\/\/www.organisator.ch\/operational-excellence\/2022-09-26\/werkplatz-schweiz-energie-wird-zur-zusaetzlichen-belastungsprobe\/#primaryimage","url":"https:\/\/www.organisator.ch\/wp-content\/uploads\/2022\/09\/Werkplatz-Schweiz-Energie-wird-zur-zusatzlichen-Belastungsprobe_Organisator.jpg","contentUrl":"https:\/\/www.organisator.ch\/wp-content\/uploads\/2022\/09\/Werkplatz-Schweiz-Energie-wird-zur-zusatzlichen-Belastungsprobe_Organisator.jpg","width":680,"height":453,"caption":"Drohende Mangellagen bei Strom und anderen Energietr\u00e4gern bringen den Werkplatz Schweiz in existenzielle Schwierigkeiten. (Bild: Pixabay.com)"},{"@type":"BreadcrumbList","@id":"https:\/\/www.organisator.ch\/operational-excellence\/2022-09-26\/werkplatz-schweiz-energie-wird-zur-zusaetzlichen-belastungsprobe\/#breadcrumb","itemListElement":[{"@type":"ListItem","position":1,"name":"Home","item":"https:\/\/www.organisator.ch\/"},{"@type":"ListItem","position":2,"name":"Werkplatz Schweiz: Energie wird zur zus\u00e4tzlichen Belastungsprobe"}]},{"@type":"WebSite","@id":"https:\/\/www.organisator.ch\/#website","url":"https:\/\/www.organisator.ch\/","name":"Organisator","description":"Kompetent. Praxisnah. Der ORGANISATOR bereitet in 10 Ausgaben pro Jahr die wesentlichen Themen f\u00fcr F\u00fchrungskr\u00e4fte von KMU auf.","publisher":{"@id":"https:\/\/www.organisator.ch\/#organization"},"potentialAction":[{"@type":"SearchAction","target":{"@type":"EntryPoint","urlTemplate":"https:\/\/www.organisator.ch\/?s={search_term_string}"},"query-input":{"@type":"PropertyValueSpecification","valueRequired":true,"valueName":"search_term_string"}}],"inLanguage":"de"},{"@type":"Organization","@id":"https:\/\/www.organisator.ch\/#organization","name":"Organisator","url":"https:\/\/www.organisator.ch\/","logo":{"@type":"ImageObject","inLanguage":"de","@id":"https:\/\/www.organisator.ch\/#\/schema\/logo\/image\/","url":"https:\/\/www.organisator.ch\/wp-content\/uploads\/2022\/01\/Logo_Organisator_Website.png","contentUrl":"https:\/\/www.organisator.ch\/wp-content\/uploads\/2022\/01\/Logo_Organisator_Website.png","width":800,"height":77,"caption":"Organisator"},"image":{"@id":"https:\/\/www.organisator.ch\/#\/schema\/logo\/image\/"},"sameAs":["https:\/\/www.facebook.com\/OrganisatorFachmagazin","https:\/\/www.linkedin.com\/showcase\/organisator-das-magazin-fr-kmu","https:\/\/www.xing.com\/news\/pages\/organisator-ch-695","https:\/\/www.youtube.com\/channel\/UCGP2Sq0iWaZwT3BdIAQFYpw"]},{"@type":"Person","@id":"https:\/\/www.organisator.ch\/#\/schema\/person\/6f650f90b2842cd4c0cc334b4e36f67e","name":"thomas.berner","image":{"@type":"ImageObject","inLanguage":"de","@id":"https:\/\/secure.gravatar.com\/avatar\/ac5001d2a36cb6c6cd3e50789007ffca834b477b74a2144564522e944eabff61?s=96&d=mm&r=g","url":"https:\/\/secure.gravatar.com\/avatar\/ac5001d2a36cb6c6cd3e50789007ffca834b477b74a2144564522e944eabff61?s=96&d=mm&r=g","contentUrl":"https:\/\/secure.gravatar.com\/avatar\/ac5001d2a36cb6c6cd3e50789007ffca834b477b74a2144564522e944eabff61?s=96&d=mm&r=g","caption":"thomas.berner"},"url":"https:\/\/www.organisator.ch\/de\/author\/thomas-berner\/"}]}},"_links":{"self":[{"href":"https:\/\/www.organisator.ch\/de\/wp-json\/wp\/v2\/posts\/17069","targetHints":{"allow":["GET"]}}],"collection":[{"href":"https:\/\/www.organisator.ch\/de\/wp-json\/wp\/v2\/posts"}],"about":[{"href":"https:\/\/www.organisator.ch\/de\/wp-json\/wp\/v2\/types\/post"}],"author":[{"embeddable":true,"href":"https:\/\/www.organisator.ch\/de\/wp-json\/wp\/v2\/users\/4"}],"replies":[{"embeddable":true,"href":"https:\/\/www.organisator.ch\/de\/wp-json\/wp\/v2\/comments?post=17069"}],"version-history":[{"count":1,"href":"https:\/\/www.organisator.ch\/de\/wp-json\/wp\/v2\/posts\/17069\/revisions"}],"predecessor-version":[{"id":17071,"href":"https:\/\/www.organisator.ch\/de\/wp-json\/wp\/v2\/posts\/17069\/revisions\/17071"}],"wp:featuredmedia":[{"embeddable":true,"href":"https:\/\/www.organisator.ch\/de\/wp-json\/wp\/v2\/media\/17070"}],"wp:attachment":[{"href":"https:\/\/www.organisator.ch\/de\/wp-json\/wp\/v2\/media?parent=17069"}],"wp:term":[{"taxonomy":"category","embeddable":true,"href":"https:\/\/www.organisator.ch\/de\/wp-json\/wp\/v2\/categories?post=17069"},{"taxonomy":"post_tag","embeddable":true,"href":"https:\/\/www.organisator.ch\/de\/wp-json\/wp\/v2\/tags?post=17069"}],"curies":[{"name":"wp","href":"https:\/\/api.w.org\/{rel}","templated":true}]}}