{"id":17094,"date":"2022-09-28T09:18:23","date_gmt":"2022-09-28T07:18:23","guid":{"rendered":"https:\/\/www.m-q.ch\/?p=16933"},"modified":"2024-11-21T08:17:22","modified_gmt":"2024-11-21T07:17:22","slug":"starter-kit-fur-digitale-verantwortung-lanciert","status":"publish","type":"post","link":"https:\/\/www.organisator.ch\/de\/operational-excellence\/2022-09-28\/starter-kit-fur-digitale-verantwortung-lanciert\/","title":{"rendered":"Starter Kit f\u00fcr digitale Verantwortung lanciert"},"content":{"rendered":"<figure id=\"attachment_16934\" class=\"wp-caption alignnone\" style=\"width: 680px\" aria-describedby=\"caption-attachment-16934\"><img class=\"alignnone wp-image-16934 size-full\" src=\"https:\/\/www.m-q.ch\/wp-content\/uploads\/2022\/09\/Starter-Kit-fuer-digitale-Verantwortung-lanciert_MQ.jpg\" alt=\"Digitale Verantwortung\" width=\"680\" height=\"371\" \/>\r\n<figcaption id=\"caption-attachment-16934\" class=\"wp-caption-text\">Auf dem Weg zu mehr digitaler Verantwortung: Ein Starter Kit von SDI und IMD erleichtert den Einstieg. (Bild: SDI \/ IMD)<\/figcaption>\r\n<\/figure>\r\n<p>Angesichts des Tempos der technologischen Entwicklung und der raschen \u00dcbernahme verschiedener digitaler Technologien in grossem Massstab hat der Diskurs \u00fcber digitale Verantwortung und Nachhaltung nur langsam aufgeholt. Dies spiegelt sich auch in einem vorherrschenden Innovationsparadigma wider, das schnelle Entwicklungszyklen f\u00f6rdert. Die negativen Seiten dieses Paradigmas werden jedoch immer deutlicher: Angeheizt durch verschiedene Skandale w\u00e4chst das Bewusstsein der Kunden und der Aufsichtsbeh\u00f6rden und das Vertrauen in digitale Dienstleistungen geht zunehmend verloren. Die digitale Verantwortung der Unternehmen k\u00f6nnte sich so von einer Nische zu einem Wettbewerbsvorteil entwickeln.<\/p>\r\n<h3>Digitale Verantwortung der Unternehmen: von der Herausforderung zur Chance<\/h3>\r\n<p>\u201eDas Starter Kit wurde als Leitfaden erstellt, um die H\u00fcrden f\u00fcr Organisationen zu senken, sich mit wichtigen Fragen zur digitalen Verantwortung auseinanderzusetzen. Im Sinne der Umsetzung von Prinzipien in die Praxis dient die Plattform als einfacher Einstiegspunkt f\u00fcr die Implementierung konkreter L\u00f6sungen\u201c, sagt Niniane Paeffgen, <a href=\"https:\/\/www.m-q.ch\/de\/swiss-digital-initiative-sdi-mit-neuer-geschaeftsfuehrung\/\">Gesch\u00e4ftsf\u00fchrerin der Swiss Digital Initiative<\/a>.<\/p>\r\n<p>Mit dem Corporate Digital Responsibility Starter Kit geben die Swiss Digital Initiative und das Institute for Management Development Organisationen das n\u00f6tige Wissen und die Werkzeuge an die Hand, um den Dialog \u00fcber verantwortungsvolle digitale Praktiken zu beginnen und Richtlinien zu erstellen, die im Kontext ihrer spezifischen<br \/>\r\nOrganisationsstrukturen Sinn machen. Die kostenlose Ressource ist so konzipiert, dass sie f\u00fcr alle Organisationsstrukturen und -gr\u00f6ssen geeignet ist und nur minimale finanzielle und personelle Ressourcen erfordert. Unsere komprimierte Forschung und unser ausf\u00fchrlicher Bericht erm\u00f6glichen es Organisationen, den Wert verantwortungsvoller digitaler Praktiken zu erkennen, L\u00f6sungen f\u00fcr gemeinsame Herausforderungen zu finden und schliesslich dort anzufangen, wo sie sind, mit den Ressourcen, die sie bereits haben. \u201eWenn sie effektiv gehandhabt wird, kann die digitale Verantwortung Organisationen vor Bedrohungen sch\u00fctzen und es ihnen erm\u00f6glichen, sich in der Wahrnehmung der Verbraucher zu differenzieren. Der Schl\u00fcssel ist, einfach loszulegen\u201c, erkl\u00e4rt Professor Michael Wade vom Institute for Management Development.<\/p>\r\n<h3>Starter Kit senkt Eintrittsschwelle<\/h3>\r\n<p>Das Starter Kit zeigt, dass das Thema Corporate Digital Responsibility zwar zun\u00e4chst als sehr aufw\u00e4ndig erscheinen mag, dass aber jede Organisation damit beginnen kann. Gemeinsame Herausforderungen k\u00f6nnen angegangen werden, indem man von den Erfahrungen anderer Organisationen lernt, und erste Schritte k\u00f6nnen jederzeit unternommen werden, wobei eine wachsende Zahl zus\u00e4tzlicher Ressourcen zur Verf\u00fcgung steht, die die Organisationen nutzen k\u00f6nnen. Angesichts der Bedeutung, die die \u00dcbernahme digitaler Verantwortung f\u00fcr nachhaltige Innovation hat, senkt das Starter Kit die H\u00fcrden f\u00fcr die \u00dcbernahme digitaler Verantwortung von Unternehmen.<\/p>\r\n<p><em>Hier geht es zum Starter Kit: <a href=\"https:\/\/cdr-starterkit.ch\/\">https:\/\/cdr-starterkit.ch\/<\/a><\/em><\/p>\n<p class=\"syndicated-attribution\">Dieser Beitrag erschien urspr\u00fcnglich auf m-q.ch - <a href=\"https:\/\/www.m-q.ch\/de\/starter-kit-fuer-digitale-verantwortung-lanciert\/\" target=\"_blank\">https:\/\/www.m-q.ch\/de\/starter-kit-fuer-digitale-verantwortung-lanciert\/<\/a><\/p>","protected":false},"excerpt":{"rendered":"<p>Angesichts des Tempos der technologischen Entwicklung und der raschen \u00dcbernahme verschiedener digitaler Technologien in grossem Massstab hat der Diskurs \u00fcber digitale Verantwortung und Nachhaltung nur langsam aufgeholt. Dies spiegelt sich auch in einem vorherrschenden Innovationsparadigma wider, das schnelle Entwicklungszyklen f\u00f6rdert. Die negativen Seiten dieses Paradigmas werden jedoch immer deutlicher: Angeheizt durch verschiedene Skandale w\u00e4chst das [\u2026]<\/p>\n","protected":false},"author":8,"featured_media":0,"comment_status":"closed","ping_status":"closed","sticky":false,"template":"","format":"standard","meta":{"_acf_changed":false,"_yoast_wpseo_focuskw":"Digitale Verantwortung","_yoast_wpseo_metadesc":"SDI und IMD bieten Starter Kit f\u00fcr digitale Verantwortung. Einfache Implementierung konkreter L\u00f6sungen f\u00fcr Unternehmen jeder Gr\u00f6\u00dfe.","articlekey":"","footnotes":""},"categories":[582],"tags":[3424],"class_list":["post-17094","post","type-post","status-publish","format-standard","hentry","category-operational-excellence","tag-digitale-verantwortung"],"acf":[],"yoast_head":"<!-- This site is optimized with the Yoast SEO plugin v27.5 - https:\/\/yoast.com\/product\/yoast-seo-wordpress\/ -->\n<title>Starter Kit f\u00fcr digitale Verantwortung lanciert - Organisator<\/title>\n<meta name=\"description\" content=\"SDI und IMD bieten Starter Kit f\u00fcr digitale Verantwortung. Einfache Implementierung konkreter L\u00f6sungen f\u00fcr Unternehmen jeder Gr\u00f6\u00dfe.\" \/>\n<meta name=\"robots\" content=\"index, follow, max-snippet:-1, max-image-preview:large, max-video-preview:-1\" \/>\n<link rel=\"canonical\" href=\"https:\/\/www.organisator.ch\/de\/operational-excellence\/2022-09-28\/starter-kit-fur-digitale-verantwortung-lanciert\/\" \/>\n<meta property=\"og:locale\" content=\"de_DE\" \/>\n<meta property=\"og:type\" content=\"article\" \/>\n<meta property=\"og:title\" content=\"Starter Kit f\u00fcr digitale Verantwortung lanciert - Organisator\" \/>\n<meta property=\"og:description\" content=\"SDI und IMD bieten Starter Kit f\u00fcr digitale Verantwortung. Einfache Implementierung konkreter L\u00f6sungen f\u00fcr Unternehmen jeder Gr\u00f6\u00dfe.\" \/>\n<meta property=\"og:url\" content=\"https:\/\/www.organisator.ch\/de\/operational-excellence\/2022-09-28\/starter-kit-fur-digitale-verantwortung-lanciert\/\" \/>\n<meta property=\"og:site_name\" content=\"Organisator\" \/>\n<meta property=\"article:publisher\" content=\"https:\/\/www.facebook.com\/OrganisatorFachmagazin\" \/>\n<meta property=\"article:published_time\" content=\"2022-09-28T07:18:23+00:00\" \/>\n<meta property=\"article:modified_time\" content=\"2024-11-21T07:17:22+00:00\" \/>\n<meta name=\"author\" content=\"galledia\" \/>\n<meta name=\"twitter:card\" content=\"summary_large_image\" \/>\n<meta name=\"twitter:creator\" content=\"@admin\" \/>\n<script type=\"application\/ld+json\" class=\"yoast-schema-graph\">{\"@context\":\"https:\\\/\\\/schema.org\",\"@graph\":[{\"@type\":\"Article\",\"@id\":\"https:\\\/\\\/www.organisator.ch\\\/operational-excellence\\\/2022-09-28\\\/starter-kit-fur-digitale-verantwortung-lanciert\\\/#article\",\"isPartOf\":{\"@id\":\"https:\\\/\\\/www.organisator.ch\\\/operational-excellence\\\/2022-09-28\\\/starter-kit-fur-digitale-verantwortung-lanciert\\\/\"},\"author\":{\"name\":\"galledia\",\"@id\":\"https:\\\/\\\/www.organisator.ch\\\/#\\\/schema\\\/person\\\/4e51799071cd2dd1232ac003643ef5f0\"},\"headline\":\"Starter Kit f\u00fcr digitale Verantwortung lanciert\",\"datePublished\":\"2022-09-28T07:18:23+00:00\",\"dateModified\":\"2024-11-21T07:17:22+00:00\",\"mainEntityOfPage\":{\"@id\":\"https:\\\/\\\/www.organisator.ch\\\/operational-excellence\\\/2022-09-28\\\/starter-kit-fur-digitale-verantwortung-lanciert\\\/\"},\"wordCount\":446,\"publisher\":{\"@id\":\"https:\\\/\\\/www.organisator.ch\\\/#organization\"},\"image\":{\"@id\":\"https:\\\/\\\/www.organisator.ch\\\/operational-excellence\\\/2022-09-28\\\/starter-kit-fur-digitale-verantwortung-lanciert\\\/#primaryimage\"},\"thumbnailUrl\":\"https:\\\/\\\/www.m-q.ch\\\/wp-content\\\/uploads\\\/2022\\\/09\\\/Starter-Kit-fuer-digitale-Verantwortung-lanciert_MQ.jpg\",\"keywords\":[\"Digitale Verantwortung\"],\"articleSection\":[\"OPERATIONAL EXCELLENCE\"],\"inLanguage\":\"de\"},{\"@type\":\"WebPage\",\"@id\":\"https:\\\/\\\/www.organisator.ch\\\/operational-excellence\\\/2022-09-28\\\/starter-kit-fur-digitale-verantwortung-lanciert\\\/\",\"url\":\"https:\\\/\\\/www.organisator.ch\\\/operational-excellence\\\/2022-09-28\\\/starter-kit-fur-digitale-verantwortung-lanciert\\\/\",\"name\":\"Starter Kit f\u00fcr digitale Verantwortung lanciert - Organisator\",\"isPartOf\":{\"@id\":\"https:\\\/\\\/www.organisator.ch\\\/#website\"},\"primaryImageOfPage\":{\"@id\":\"https:\\\/\\\/www.organisator.ch\\\/operational-excellence\\\/2022-09-28\\\/starter-kit-fur-digitale-verantwortung-lanciert\\\/#primaryimage\"},\"image\":{\"@id\":\"https:\\\/\\\/www.organisator.ch\\\/operational-excellence\\\/2022-09-28\\\/starter-kit-fur-digitale-verantwortung-lanciert\\\/#primaryimage\"},\"thumbnailUrl\":\"https:\\\/\\\/www.m-q.ch\\\/wp-content\\\/uploads\\\/2022\\\/09\\\/Starter-Kit-fuer-digitale-Verantwortung-lanciert_MQ.jpg\",\"datePublished\":\"2022-09-28T07:18:23+00:00\",\"dateModified\":\"2024-11-21T07:17:22+00:00\",\"description\":\"SDI und IMD bieten Starter Kit f\u00fcr digitale Verantwortung. Einfache Implementierung konkreter L\u00f6sungen f\u00fcr Unternehmen jeder Gr\u00f6\u00dfe.\",\"breadcrumb\":{\"@id\":\"https:\\\/\\\/www.organisator.ch\\\/operational-excellence\\\/2022-09-28\\\/starter-kit-fur-digitale-verantwortung-lanciert\\\/#breadcrumb\"},\"inLanguage\":\"de\",\"potentialAction\":[{\"@type\":\"ReadAction\",\"target\":[\"https:\\\/\\\/www.organisator.ch\\\/operational-excellence\\\/2022-09-28\\\/starter-kit-fur-digitale-verantwortung-lanciert\\\/\"]}]},{\"@type\":\"ImageObject\",\"inLanguage\":\"de\",\"@id\":\"https:\\\/\\\/www.organisator.ch\\\/operational-excellence\\\/2022-09-28\\\/starter-kit-fur-digitale-verantwortung-lanciert\\\/#primaryimage\",\"url\":\"https:\\\/\\\/www.m-q.ch\\\/wp-content\\\/uploads\\\/2022\\\/09\\\/Starter-Kit-fuer-digitale-Verantwortung-lanciert_MQ.jpg\",\"contentUrl\":\"https:\\\/\\\/www.m-q.ch\\\/wp-content\\\/uploads\\\/2022\\\/09\\\/Starter-Kit-fuer-digitale-Verantwortung-lanciert_MQ.jpg\"},{\"@type\":\"BreadcrumbList\",\"@id\":\"https:\\\/\\\/www.organisator.ch\\\/operational-excellence\\\/2022-09-28\\\/starter-kit-fur-digitale-verantwortung-lanciert\\\/#breadcrumb\",\"itemListElement\":[{\"@type\":\"ListItem\",\"position\":1,\"name\":\"Home\",\"item\":\"https:\\\/\\\/www.organisator.ch\\\/\"},{\"@type\":\"ListItem\",\"position\":2,\"name\":\"Starter Kit f\u00fcr digitale Verantwortung lanciert\"}]},{\"@type\":\"WebSite\",\"@id\":\"https:\\\/\\\/www.organisator.ch\\\/#website\",\"url\":\"https:\\\/\\\/www.organisator.ch\\\/\",\"name\":\"Organisator\",\"description\":\"Kompetent. Praxisnah. Der ORGANISATOR bereitet in 10 Ausgaben pro Jahr die wesentlichen Themen f\u00fcr F\u00fchrungskr\u00e4fte von KMU auf.\",\"publisher\":{\"@id\":\"https:\\\/\\\/www.organisator.ch\\\/#organization\"},\"potentialAction\":[{\"@type\":\"SearchAction\",\"target\":{\"@type\":\"EntryPoint\",\"urlTemplate\":\"https:\\\/\\\/www.organisator.ch\\\/?s={search_term_string}\"},\"query-input\":{\"@type\":\"PropertyValueSpecification\",\"valueRequired\":true,\"valueName\":\"search_term_string\"}}],\"inLanguage\":\"de\"},{\"@type\":\"Organization\",\"@id\":\"https:\\\/\\\/www.organisator.ch\\\/#organization\",\"name\":\"Organisator\",\"url\":\"https:\\\/\\\/www.organisator.ch\\\/\",\"logo\":{\"@type\":\"ImageObject\",\"inLanguage\":\"de\",\"@id\":\"https:\\\/\\\/www.organisator.ch\\\/#\\\/schema\\\/logo\\\/image\\\/\",\"url\":\"https:\\\/\\\/www.organisator.ch\\\/wp-content\\\/uploads\\\/2022\\\/01\\\/Logo_Organisator_Website.png\",\"contentUrl\":\"https:\\\/\\\/www.organisator.ch\\\/wp-content\\\/uploads\\\/2022\\\/01\\\/Logo_Organisator_Website.png\",\"width\":800,\"height\":77,\"caption\":\"Organisator\"},\"image\":{\"@id\":\"https:\\\/\\\/www.organisator.ch\\\/#\\\/schema\\\/logo\\\/image\\\/\"},\"sameAs\":[\"https:\\\/\\\/www.facebook.com\\\/OrganisatorFachmagazin\",\"https:\\\/\\\/www.linkedin.com\\\/showcase\\\/organisator-das-magazin-fr-kmu\",\"https:\\\/\\\/www.xing.com\\\/news\\\/pages\\\/organisator-ch-695\",\"https:\\\/\\\/www.youtube.com\\\/channel\\\/UCGP2Sq0iWaZwT3BdIAQFYpw\"]},{\"@type\":\"Person\",\"@id\":\"https:\\\/\\\/www.organisator.ch\\\/#\\\/schema\\\/person\\\/4e51799071cd2dd1232ac003643ef5f0\",\"name\":\"galledia\",\"image\":{\"@type\":\"ImageObject\",\"inLanguage\":\"de\",\"@id\":\"https:\\\/\\\/secure.gravatar.com\\\/avatar\\\/78a7f90c01fc2bfc875782a0d4922b37cde2cf184ce347b91316d23cd7f69a36?s=96&d=mm&r=g\",\"url\":\"https:\\\/\\\/secure.gravatar.com\\\/avatar\\\/78a7f90c01fc2bfc875782a0d4922b37cde2cf184ce347b91316d23cd7f69a36?s=96&d=mm&r=g\",\"contentUrl\":\"https:\\\/\\\/secure.gravatar.com\\\/avatar\\\/78a7f90c01fc2bfc875782a0d4922b37cde2cf184ce347b91316d23cd7f69a36?s=96&d=mm&r=g\",\"caption\":\"galledia\"},\"sameAs\":[\"https:\\\/\\\/x.com\\\/admin\"],\"url\":\"https:\\\/\\\/www.organisator.ch\\\/de\\\/author\\\/galledia\\\/\"}]}<\/script>\n<!-- \/ Yoast SEO plugin. -->","yoast_head_json":{"title":"Starter Kit f\u00fcr digitale Verantwortung lanciert - Organisator","description":"SDI und IMD bieten Starter Kit f\u00fcr digitale Verantwortung. Einfache Implementierung konkreter L\u00f6sungen f\u00fcr Unternehmen jeder Gr\u00f6\u00dfe.","robots":{"index":"index","follow":"follow","max-snippet":"max-snippet:-1","max-image-preview":"max-image-preview:large","max-video-preview":"max-video-preview:-1"},"canonical":"https:\/\/www.organisator.ch\/de\/operational-excellence\/2022-09-28\/starter-kit-fur-digitale-verantwortung-lanciert\/","og_locale":"de_DE","og_type":"article","og_title":"Starter Kit f\u00fcr digitale Verantwortung lanciert - Organisator","og_description":"SDI und IMD bieten Starter Kit f\u00fcr digitale Verantwortung. Einfache Implementierung konkreter L\u00f6sungen f\u00fcr Unternehmen jeder Gr\u00f6\u00dfe.","og_url":"https:\/\/www.organisator.ch\/de\/operational-excellence\/2022-09-28\/starter-kit-fur-digitale-verantwortung-lanciert\/","og_site_name":"Organisator","article_publisher":"https:\/\/www.facebook.com\/OrganisatorFachmagazin","article_published_time":"2022-09-28T07:18:23+00:00","article_modified_time":"2024-11-21T07:17:22+00:00","author":"galledia","twitter_card":"summary_large_image","twitter_creator":"@admin","schema":{"@context":"https:\/\/schema.org","@graph":[{"@type":"Article","@id":"https:\/\/www.organisator.ch\/operational-excellence\/2022-09-28\/starter-kit-fur-digitale-verantwortung-lanciert\/#article","isPartOf":{"@id":"https:\/\/www.organisator.ch\/operational-excellence\/2022-09-28\/starter-kit-fur-digitale-verantwortung-lanciert\/"},"author":{"name":"galledia","@id":"https:\/\/www.organisator.ch\/#\/schema\/person\/4e51799071cd2dd1232ac003643ef5f0"},"headline":"Starter Kit f\u00fcr digitale Verantwortung lanciert","datePublished":"2022-09-28T07:18:23+00:00","dateModified":"2024-11-21T07:17:22+00:00","mainEntityOfPage":{"@id":"https:\/\/www.organisator.ch\/operational-excellence\/2022-09-28\/starter-kit-fur-digitale-verantwortung-lanciert\/"},"wordCount":446,"publisher":{"@id":"https:\/\/www.organisator.ch\/#organization"},"image":{"@id":"https:\/\/www.organisator.ch\/operational-excellence\/2022-09-28\/starter-kit-fur-digitale-verantwortung-lanciert\/#primaryimage"},"thumbnailUrl":"https:\/\/www.m-q.ch\/wp-content\/uploads\/2022\/09\/Starter-Kit-fuer-digitale-Verantwortung-lanciert_MQ.jpg","keywords":["Digitale Verantwortung"],"articleSection":["OPERATIONAL EXCELLENCE"],"inLanguage":"de"},{"@type":"WebPage","@id":"https:\/\/www.organisator.ch\/operational-excellence\/2022-09-28\/starter-kit-fur-digitale-verantwortung-lanciert\/","url":"https:\/\/www.organisator.ch\/operational-excellence\/2022-09-28\/starter-kit-fur-digitale-verantwortung-lanciert\/","name":"Starter Kit f\u00fcr digitale Verantwortung lanciert - Organisator","isPartOf":{"@id":"https:\/\/www.organisator.ch\/#website"},"primaryImageOfPage":{"@id":"https:\/\/www.organisator.ch\/operational-excellence\/2022-09-28\/starter-kit-fur-digitale-verantwortung-lanciert\/#primaryimage"},"image":{"@id":"https:\/\/www.organisator.ch\/operational-excellence\/2022-09-28\/starter-kit-fur-digitale-verantwortung-lanciert\/#primaryimage"},"thumbnailUrl":"https:\/\/www.m-q.ch\/wp-content\/uploads\/2022\/09\/Starter-Kit-fuer-digitale-Verantwortung-lanciert_MQ.jpg","datePublished":"2022-09-28T07:18:23+00:00","dateModified":"2024-11-21T07:17:22+00:00","description":"SDI und IMD bieten Starter Kit f\u00fcr digitale Verantwortung. Einfache Implementierung konkreter L\u00f6sungen f\u00fcr Unternehmen jeder Gr\u00f6\u00dfe.","breadcrumb":{"@id":"https:\/\/www.organisator.ch\/operational-excellence\/2022-09-28\/starter-kit-fur-digitale-verantwortung-lanciert\/#breadcrumb"},"inLanguage":"de","potentialAction":[{"@type":"ReadAction","target":["https:\/\/www.organisator.ch\/operational-excellence\/2022-09-28\/starter-kit-fur-digitale-verantwortung-lanciert\/"]}]},{"@type":"ImageObject","inLanguage":"de","@id":"https:\/\/www.organisator.ch\/operational-excellence\/2022-09-28\/starter-kit-fur-digitale-verantwortung-lanciert\/#primaryimage","url":"https:\/\/www.m-q.ch\/wp-content\/uploads\/2022\/09\/Starter-Kit-fuer-digitale-Verantwortung-lanciert_MQ.jpg","contentUrl":"https:\/\/www.m-q.ch\/wp-content\/uploads\/2022\/09\/Starter-Kit-fuer-digitale-Verantwortung-lanciert_MQ.jpg"},{"@type":"BreadcrumbList","@id":"https:\/\/www.organisator.ch\/operational-excellence\/2022-09-28\/starter-kit-fur-digitale-verantwortung-lanciert\/#breadcrumb","itemListElement":[{"@type":"ListItem","position":1,"name":"Home","item":"https:\/\/www.organisator.ch\/"},{"@type":"ListItem","position":2,"name":"Starter Kit f\u00fcr digitale Verantwortung lanciert"}]},{"@type":"WebSite","@id":"https:\/\/www.organisator.ch\/#website","url":"https:\/\/www.organisator.ch\/","name":"Organisator","description":"Kompetent. Praxisnah. Der ORGANISATOR bereitet in 10 Ausgaben pro Jahr die wesentlichen Themen f\u00fcr F\u00fchrungskr\u00e4fte von KMU auf.","publisher":{"@id":"https:\/\/www.organisator.ch\/#organization"},"potentialAction":[{"@type":"SearchAction","target":{"@type":"EntryPoint","urlTemplate":"https:\/\/www.organisator.ch\/?s={search_term_string}"},"query-input":{"@type":"PropertyValueSpecification","valueRequired":true,"valueName":"search_term_string"}}],"inLanguage":"de"},{"@type":"Organization","@id":"https:\/\/www.organisator.ch\/#organization","name":"Organisator","url":"https:\/\/www.organisator.ch\/","logo":{"@type":"ImageObject","inLanguage":"de","@id":"https:\/\/www.organisator.ch\/#\/schema\/logo\/image\/","url":"https:\/\/www.organisator.ch\/wp-content\/uploads\/2022\/01\/Logo_Organisator_Website.png","contentUrl":"https:\/\/www.organisator.ch\/wp-content\/uploads\/2022\/01\/Logo_Organisator_Website.png","width":800,"height":77,"caption":"Organisator"},"image":{"@id":"https:\/\/www.organisator.ch\/#\/schema\/logo\/image\/"},"sameAs":["https:\/\/www.facebook.com\/OrganisatorFachmagazin","https:\/\/www.linkedin.com\/showcase\/organisator-das-magazin-fr-kmu","https:\/\/www.xing.com\/news\/pages\/organisator-ch-695","https:\/\/www.youtube.com\/channel\/UCGP2Sq0iWaZwT3BdIAQFYpw"]},{"@type":"Person","@id":"https:\/\/www.organisator.ch\/#\/schema\/person\/4e51799071cd2dd1232ac003643ef5f0","name":"galledia","image":{"@type":"ImageObject","inLanguage":"de","@id":"https:\/\/secure.gravatar.com\/avatar\/78a7f90c01fc2bfc875782a0d4922b37cde2cf184ce347b91316d23cd7f69a36?s=96&d=mm&r=g","url":"https:\/\/secure.gravatar.com\/avatar\/78a7f90c01fc2bfc875782a0d4922b37cde2cf184ce347b91316d23cd7f69a36?s=96&d=mm&r=g","contentUrl":"https:\/\/secure.gravatar.com\/avatar\/78a7f90c01fc2bfc875782a0d4922b37cde2cf184ce347b91316d23cd7f69a36?s=96&d=mm&r=g","caption":"galledia"},"sameAs":["https:\/\/x.com\/admin"],"url":"https:\/\/www.organisator.ch\/de\/author\/galledia\/"}]}},"_links":{"self":[{"href":"https:\/\/www.organisator.ch\/de\/wp-json\/wp\/v2\/posts\/17094","targetHints":{"allow":["GET"]}}],"collection":[{"href":"https:\/\/www.organisator.ch\/de\/wp-json\/wp\/v2\/posts"}],"about":[{"href":"https:\/\/www.organisator.ch\/de\/wp-json\/wp\/v2\/types\/post"}],"author":[{"embeddable":true,"href":"https:\/\/www.organisator.ch\/de\/wp-json\/wp\/v2\/users\/8"}],"replies":[{"embeddable":true,"href":"https:\/\/www.organisator.ch\/de\/wp-json\/wp\/v2\/comments?post=17094"}],"version-history":[{"count":4,"href":"https:\/\/www.organisator.ch\/de\/wp-json\/wp\/v2\/posts\/17094\/revisions"}],"predecessor-version":[{"id":33758,"href":"https:\/\/www.organisator.ch\/de\/wp-json\/wp\/v2\/posts\/17094\/revisions\/33758"}],"wp:attachment":[{"href":"https:\/\/www.organisator.ch\/de\/wp-json\/wp\/v2\/media?parent=17094"}],"wp:term":[{"taxonomy":"category","embeddable":true,"href":"https:\/\/www.organisator.ch\/de\/wp-json\/wp\/v2\/categories?post=17094"},{"taxonomy":"post_tag","embeddable":true,"href":"https:\/\/www.organisator.ch\/de\/wp-json\/wp\/v2\/tags?post=17094"}],"curies":[{"name":"wp","href":"https:\/\/api.w.org\/{rel}","templated":true}]}}