{"id":17107,"date":"2022-09-29T06:41:05","date_gmt":"2022-09-29T04:41:05","guid":{"rendered":"https:\/\/www.organisator.ch\/?p=17107"},"modified":"2022-09-28T16:58:59","modified_gmt":"2022-09-28T14:58:59","slug":"hybride-messen-belasten-klima-weniger","status":"publish","type":"post","link":"https:\/\/www.organisator.ch\/de\/marketing\/2022-09-29\/hybride-messen-belasten-klima-weniger\/","title":{"rendered":"Hybride Messen belasten Klima weniger"},"content":{"rendered":"<figure id=\"attachment_17108\" aria-describedby=\"caption-attachment-17108\" style=\"width: 680px\" class=\"wp-caption alignnone\"><img loading=\"lazy\" decoding=\"async\" class=\"size-full wp-image-17108\" src=\"https:\/\/www.organisator.ch\/wp-content\/uploads\/2022\/09\/Hybride-Messen-belasten-Klima-weniger_Organisator.jpg\" alt=\"\" width=\"680\" height=\"370\" srcset=\"https:\/\/www.organisator.ch\/wp-content\/uploads\/2022\/09\/Hybride-Messen-belasten-Klima-weniger_Organisator.jpg 680w, https:\/\/www.organisator.ch\/wp-content\/uploads\/2022\/09\/Hybride-Messen-belasten-Klima-weniger_Organisator-18x10.jpg 18w, https:\/\/www.organisator.ch\/wp-content\/uploads\/2022\/09\/Hybride-Messen-belasten-Klima-weniger_Organisator-322x175.jpg 322w, https:\/\/www.organisator.ch\/wp-content\/uploads\/2022\/09\/Hybride-Messen-belasten-Klima-weniger_Organisator-643x350.jpg 643w, https:\/\/www.organisator.ch\/wp-content\/uploads\/2022\/09\/Hybride-Messen-belasten-Klima-weniger_Organisator-300x163.jpg 300w\" sizes=\"auto, (max-width: 680px) 100vw, 680px\" \/><figcaption id=\"caption-attachment-17108\" class=\"wp-caption-text\">Konventionelle Fachmessen sind CO2-Schleudern, besagt eine Studie. Hybride Messen schonen das Klima mehr. (Bild: Depositphotos.com)<\/figcaption><\/figure>\n<p>Messen sind f\u00fcr viele Anbieter und deren Kunden eine attraktive Plattform f\u00fcr den Wissensaustausch und den pers\u00f6nlichen Kontakt. Die Business-Events verschaffen eine Art Rundumblick, was in entsprechenden Branchen auf dem Markt ist und welche Neuigkeiten es gibt \u2013 im Hinblick auch auf Preis, Qualit\u00e4t und Innovation. Insbesondere auf Industriemessen werden oft erkl\u00e4rungsbed\u00fcrftige und komplexe Produkte pr\u00e4sentiert. Die Aussteller haben die M\u00f6glichkeit, bei den Branchentreffs zu networken oder die Konkurrenz zu beobachten. Ein Messebesuch ist oftmals aber auch mit touristischen Aktivit\u00e4ten verbunden \u2013 so profitieren die Messestandorte in wirtschaftlicher Hinsicht.<\/p>\n<p>Dabei sind Messen aber auch mit einem enormen Aufwand verbunden, vor allem f\u00fcr die Aussteller und insbesondere dann, wenn es sich um internationale Messen handelt. Der Transport der Produkte ist logistisch und rechtlich aufw\u00e4ndig und geht mit hohen Kosten einher, denen ein unklarer Ertrag gegen\u00fcbersteht. Wof\u00fcr bislang weniger Bewusstsein herrscht: Grossveranstaltungen wie internationale Messen haben einen enormen \u00f6kologischen Fussabdruck. Und auch regionale Messen verursachen immer wieder ein erh\u00f6htes Verkehrsaufkommen, Verkehrsprobleme und Staus.<\/p>\n<h3><strong>Studie entlarvt Messen als CO2-Schleudern<\/strong><\/h3>\n<p>In der Studie \u00abMessewirtschaft \u2013 Epochenwechsel oder \u201aback to normal\u2018?\u00bb entlarven die Hochschule Macromedia K\u00f6ln und der B2B-Plattformbetreiber Visable internationale Messen als wahre CO2-Schleudern. Zwar w\u00fcrden viele Messebetreiber alles tun, um nachhaltig zu sein (z.B. mit Solarpanels zur Energieversorgung etc.), aber das Problem liege im hohen Reiseaufkommen, das sie mit sich bringen. Am Beispiel der prominenten Internationalen Funkausstellung (IFA) in Berlin zeigt sich: \u00abDer CO2-Abdruck der IFA ist enorm. Es ist, als w\u00fcrde Berlin f\u00fcr die Dauer der Messe um die Gr\u00f6sse Frankfurts anwachsen. So rechnet man offiziell nicht, aber es verdeutlicht das Problem\u00bb, so Studienautorin Prof. Dr. Mareike M\u00fcller. Gleichzeitig ist es ein Problem, f\u00fcr das kein Bewusstsein herrscht und offenbar wenig politischer Wille, etwas zu ver\u00e4ndern: denn klare Regeln zur CO2-Bilanzierung f\u00fcr Messen w\u00fcrden fehlen. Visable-CEO Peter F. Schmid sagt als Mitinitiator der Studie dazu: \u00abDas Veranstalten von Messen und der damit verbundene Reiseverkehr der internationalen Besucher verursachen riesige Mengen CO2. Aber niemand packt das Thema an. Das k\u00f6nnen wir uns nicht leisten, wenn wir es mit dem Klimaschutz ernst meinen.\u00bb<\/p>\n<h3><strong>Digitale Messen bieten neue M\u00f6glichkeiten<\/strong><\/h3>\n<p>Doch Messen k\u00f6nnten genauso gut digital abgewickelt werden und in virtuellen R\u00e4umen stattfinden. Geeignete digitale Pr\u00e4sentationen k\u00f6nnen Produkte und Produktdetails sogar noch genauer abbilden, inklusive 3D-Animationen oder per Augmented Reality sogar direkt massstabsgetreu in der Produktionshalle. Der Ausseller kann Fragen der Kunden mithilfe von Chatbots oder pers\u00f6nlich beantworten. W\u00e4hrend der Corona-Lockdowns war die Umstellung auf digitale Vertriebsl\u00f6sungen vielfach auch notwendig. So ist w\u00e4hrend der Pandemie bei dem Unternehmen Visable, das die Plattformen wlw (ehemals \u00abWer liefert Was\u00bb) und europages betreibt, die Zahl der gelisteten Unternehmen auf 3 Millionen angestiegen.<\/p>\n<h3><strong>Haptik und pers\u00f6nlicher Kontakt fehlen<\/strong><\/h3>\n<p>Rein virtuelle Messen ersetzen einstweilen aber nur einen kleinen Teil der Pr\u00e4senzmessen. Und Besuchermagnete sind sie keine. Sie generieren nur einen Bruchteil des Zulaufs ihrer physischen Pendants. Eine Umfrage von Visable ergab, dass 69 Prozent der Befragten das professionelle Networking, das Kennenlernen neuer Kunden oder soziale Aspekte vermissen w\u00fcrden. Und schliesslich wollen die Kunden die Produkte, an denen sie so speziell interessiert sind, sehen, ausprobieren, erleben und testen. Da es sich bei Messekunden meistens um eine spezielle Klientel handelt, haben sie auch ein Interesse daran, sich untereinander zu treffen und kennenzulernen.<\/p>\n<p>Bem\u00e4ngelt wird bei virtuellen Messen das Fehlen eines einheitlichen Modells, in dem Inhalte bereitgestellt werden k\u00f6nnen, ohne dass jedes Mal die Auseinandersetzung mit einem neuen System notwendig ist. Vielfach fehle der Wille bei den Messebetreibern selbst, nach neuen und einheitlichen L\u00f6sungen Ausschau zu halten \u2013 sowie bei der Politik, f\u00fcr einheitliche Rahmenbedingungen zu sorgen. Einstweilen scheinen virtuelle Messen noch zu wenig zugkr\u00e4ftig. Aber ein Wandel d\u00fcrfte sich abzeichnen \u2013 zumal j\u00fcngst auch noch die stark gestiegenen Energie- und Treibstoffpreise hinzukommen.<\/p>\n<h3><strong>Hybride Messen als Zukunftsmodell<\/strong><\/h3>\n<p>Die aktuelle Macromedia-Studie sieht in virtuellen oder hybriden Messen denn auch einen m\u00f6glichen Weg Richtung Nachhaltigkeit. Visable-CEO Peter F. Schmid ist allerdings irritiert von der Zur\u00fcckhaltung der Messeveranstalter, was den \u00dcbergang in ein digitales Zeitalter angeht: \u00abHaben denn noch nicht gen\u00fcgend Branchen den digitalen Wandel verschlafen? Gerade Messen sind doch Orte, an denen Informationsvermittlung und Kommunikation im Mittelpunkt stehen \u2013 und beides \u00e4ndert sich gerade massiv durch die Digitalisierung. Wer glaubt denn ernsthaft, dass das zutiefst analoge Messemodell aus dem Mittelalter sich da nicht anpassen m\u00fcsste? Das ist ja auch eine enorme Chance f\u00fcr die Messebetreiber.\u00bb<\/p>\n<p><em>Quelle: <a href=\"http:\/\/www.visable.com\">Visable<\/a><\/em><\/p>\n","protected":false},"excerpt":{"rendered":"<p>Messen sind f\u00fcr viele Anbieter und deren Kunden eine attraktive Plattform f\u00fcr den Wissensaustausch und den pers\u00f6nlichen Kontakt. Die Business-Events verschaffen eine Art Rundumblick, was in entsprechenden Branchen auf dem Markt ist und welche Neuigkeiten es gibt \u2013 im Hinblick auch auf Preis, Qualit\u00e4t und Innovation. Insbesondere auf Industriemessen werden oft erkl\u00e4rungsbed\u00fcrftige und komplexe Produkte [&hellip;]<\/p>\n","protected":false},"author":4,"featured_media":17108,"comment_status":"closed","ping_status":"closed","sticky":false,"template":"","format":"standard","meta":{"_acf_changed":false,"_yoast_wpseo_focuskw":"Hybride Messen","_yoast_wpseo_metadesc":"Im Zuge der Klimakrise stellt sich die Frage, wie weit traditionelle Messekonzepte noch zeitgem\u00e4ss sind. Sind hybride Messen die Alternative?","articlekey":"","footnotes":""},"categories":[29],"tags":[156,193,2799],"class_list":["post-17107","post","type-post","status-publish","format-standard","has-post-thumbnail","hentry","category-marketing","tag-digitalisierung","tag-fachkongressfachmesse","tag-messen-und-events"],"acf":[],"yoast_head":"<!-- This site is optimized with the Yoast SEO plugin v27.5 - https:\/\/yoast.com\/product\/yoast-seo-wordpress\/ -->\n<title>Hybride Messen belasten Klima weniger - Organisator<\/title>\n<meta name=\"description\" content=\"Im Zuge der Klimakrise stellt sich die Frage, wie weit traditionelle Messekonzepte noch zeitgem\u00e4ss sind. Sind hybride Messen die Alternative?\" \/>\n<meta name=\"robots\" content=\"index, follow, max-snippet:-1, max-image-preview:large, max-video-preview:-1\" \/>\n<link rel=\"canonical\" href=\"https:\/\/www.organisator.ch\/de\/marketing\/2022-09-29\/hybride-messen-belasten-klima-weniger\/\" \/>\n<meta property=\"og:locale\" content=\"de_DE\" \/>\n<meta property=\"og:type\" content=\"article\" \/>\n<meta property=\"og:title\" content=\"Hybride Messen belasten Klima weniger\" \/>\n<meta property=\"og:description\" content=\"Im Zuge der Klimakrise stellt sich die Frage, wie weit traditionelle Messekonzepte noch zeitgem\u00e4ss sind. Sind hybride Messen die Alternative?\" \/>\n<meta property=\"og:url\" content=\"https:\/\/www.organisator.ch\/de\/marketing\/2022-09-29\/hybride-messen-belasten-klima-weniger\/\" \/>\n<meta property=\"og:site_name\" content=\"Organisator\" \/>\n<meta property=\"article:publisher\" content=\"https:\/\/www.facebook.com\/OrganisatorFachmagazin\" \/>\n<meta property=\"article:published_time\" content=\"2022-09-29T04:41:05+00:00\" \/>\n<meta property=\"og:image\" content=\"https:\/\/www.organisator.ch\/wp-content\/uploads\/2022\/09\/Hybride-Messen-belasten-Klima-weniger_Organisator.jpg\" \/>\n\t<meta property=\"og:image:width\" content=\"680\" \/>\n\t<meta property=\"og:image:height\" content=\"370\" \/>\n\t<meta property=\"og:image:type\" content=\"image\/jpeg\" \/>\n<meta name=\"author\" content=\"thomas.berner\" \/>\n<meta name=\"twitter:card\" content=\"summary_large_image\" \/>\n<meta name=\"twitter:title\" content=\"Hybride #Messen belasten #Klima weniger\" \/>\n<meta name=\"twitter:description\" content=\"Im Zuge der #Klimakrise stellt sich die Frage, wie weit traditionelle #Messekonzepte noch zeitgem\u00e4ss sind. Sind hybride Messen die #Alternative?\" \/>\n<meta name=\"twitter:image\" content=\"https:\/\/www.organisator.ch\/wp-content\/uploads\/2022\/09\/Hybride-Messen-belasten-Klima-weniger_Organisator.jpg\" \/>\n<script type=\"application\/ld+json\" class=\"yoast-schema-graph\">{\"@context\":\"https:\\\/\\\/schema.org\",\"@graph\":[{\"@type\":\"Article\",\"@id\":\"https:\\\/\\\/www.organisator.ch\\\/marketing\\\/2022-09-29\\\/hybride-messen-belasten-klima-weniger\\\/#article\",\"isPartOf\":{\"@id\":\"https:\\\/\\\/www.organisator.ch\\\/marketing\\\/2022-09-29\\\/hybride-messen-belasten-klima-weniger\\\/\"},\"author\":{\"name\":\"thomas.berner\",\"@id\":\"https:\\\/\\\/www.organisator.ch\\\/#\\\/schema\\\/person\\\/6f650f90b2842cd4c0cc334b4e36f67e\"},\"headline\":\"Hybride Messen belasten Klima weniger\",\"datePublished\":\"2022-09-29T04:41:05+00:00\",\"mainEntityOfPage\":{\"@id\":\"https:\\\/\\\/www.organisator.ch\\\/marketing\\\/2022-09-29\\\/hybride-messen-belasten-klima-weniger\\\/\"},\"wordCount\":787,\"publisher\":{\"@id\":\"https:\\\/\\\/www.organisator.ch\\\/#organization\"},\"image\":{\"@id\":\"https:\\\/\\\/www.organisator.ch\\\/marketing\\\/2022-09-29\\\/hybride-messen-belasten-klima-weniger\\\/#primaryimage\"},\"thumbnailUrl\":\"https:\\\/\\\/www.organisator.ch\\\/wp-content\\\/uploads\\\/2022\\\/09\\\/Hybride-Messen-belasten-Klima-weniger_Organisator.jpg\",\"keywords\":[\"Digitalisierung\",\"Fachkongress\\\/Fachmesse\",\"Messen und Events\"],\"articleSection\":[\"MARKETING\"],\"inLanguage\":\"de\"},{\"@type\":\"WebPage\",\"@id\":\"https:\\\/\\\/www.organisator.ch\\\/marketing\\\/2022-09-29\\\/hybride-messen-belasten-klima-weniger\\\/\",\"url\":\"https:\\\/\\\/www.organisator.ch\\\/marketing\\\/2022-09-29\\\/hybride-messen-belasten-klima-weniger\\\/\",\"name\":\"Hybride Messen belasten Klima weniger - Organisator\",\"isPartOf\":{\"@id\":\"https:\\\/\\\/www.organisator.ch\\\/#website\"},\"primaryImageOfPage\":{\"@id\":\"https:\\\/\\\/www.organisator.ch\\\/marketing\\\/2022-09-29\\\/hybride-messen-belasten-klima-weniger\\\/#primaryimage\"},\"image\":{\"@id\":\"https:\\\/\\\/www.organisator.ch\\\/marketing\\\/2022-09-29\\\/hybride-messen-belasten-klima-weniger\\\/#primaryimage\"},\"thumbnailUrl\":\"https:\\\/\\\/www.organisator.ch\\\/wp-content\\\/uploads\\\/2022\\\/09\\\/Hybride-Messen-belasten-Klima-weniger_Organisator.jpg\",\"datePublished\":\"2022-09-29T04:41:05+00:00\",\"description\":\"Im Zuge der Klimakrise stellt sich die Frage, wie weit traditionelle Messekonzepte noch zeitgem\u00e4ss sind. Sind hybride Messen die Alternative?\",\"breadcrumb\":{\"@id\":\"https:\\\/\\\/www.organisator.ch\\\/marketing\\\/2022-09-29\\\/hybride-messen-belasten-klima-weniger\\\/#breadcrumb\"},\"inLanguage\":\"de\",\"potentialAction\":[{\"@type\":\"ReadAction\",\"target\":[\"https:\\\/\\\/www.organisator.ch\\\/marketing\\\/2022-09-29\\\/hybride-messen-belasten-klima-weniger\\\/\"]}]},{\"@type\":\"ImageObject\",\"inLanguage\":\"de\",\"@id\":\"https:\\\/\\\/www.organisator.ch\\\/marketing\\\/2022-09-29\\\/hybride-messen-belasten-klima-weniger\\\/#primaryimage\",\"url\":\"https:\\\/\\\/www.organisator.ch\\\/wp-content\\\/uploads\\\/2022\\\/09\\\/Hybride-Messen-belasten-Klima-weniger_Organisator.jpg\",\"contentUrl\":\"https:\\\/\\\/www.organisator.ch\\\/wp-content\\\/uploads\\\/2022\\\/09\\\/Hybride-Messen-belasten-Klima-weniger_Organisator.jpg\",\"width\":680,\"height\":370,\"caption\":\"Konventionelle Fachmessen sind CO2-Schleudern, besagt eine Studie. Hybride Messen schonen das Klima mehr. (Bild: Depositphotos.com)\"},{\"@type\":\"BreadcrumbList\",\"@id\":\"https:\\\/\\\/www.organisator.ch\\\/marketing\\\/2022-09-29\\\/hybride-messen-belasten-klima-weniger\\\/#breadcrumb\",\"itemListElement\":[{\"@type\":\"ListItem\",\"position\":1,\"name\":\"Home\",\"item\":\"https:\\\/\\\/www.organisator.ch\\\/\"},{\"@type\":\"ListItem\",\"position\":2,\"name\":\"Hybride Messen belasten Klima weniger\"}]},{\"@type\":\"WebSite\",\"@id\":\"https:\\\/\\\/www.organisator.ch\\\/#website\",\"url\":\"https:\\\/\\\/www.organisator.ch\\\/\",\"name\":\"Organisator\",\"description\":\"Kompetent. Praxisnah. Der ORGANISATOR bereitet in 10 Ausgaben pro Jahr die wesentlichen Themen f\u00fcr F\u00fchrungskr\u00e4fte von KMU auf.\",\"publisher\":{\"@id\":\"https:\\\/\\\/www.organisator.ch\\\/#organization\"},\"potentialAction\":[{\"@type\":\"SearchAction\",\"target\":{\"@type\":\"EntryPoint\",\"urlTemplate\":\"https:\\\/\\\/www.organisator.ch\\\/?s={search_term_string}\"},\"query-input\":{\"@type\":\"PropertyValueSpecification\",\"valueRequired\":true,\"valueName\":\"search_term_string\"}}],\"inLanguage\":\"de\"},{\"@type\":\"Organization\",\"@id\":\"https:\\\/\\\/www.organisator.ch\\\/#organization\",\"name\":\"Organisator\",\"url\":\"https:\\\/\\\/www.organisator.ch\\\/\",\"logo\":{\"@type\":\"ImageObject\",\"inLanguage\":\"de\",\"@id\":\"https:\\\/\\\/www.organisator.ch\\\/#\\\/schema\\\/logo\\\/image\\\/\",\"url\":\"https:\\\/\\\/www.organisator.ch\\\/wp-content\\\/uploads\\\/2022\\\/01\\\/Logo_Organisator_Website.png\",\"contentUrl\":\"https:\\\/\\\/www.organisator.ch\\\/wp-content\\\/uploads\\\/2022\\\/01\\\/Logo_Organisator_Website.png\",\"width\":800,\"height\":77,\"caption\":\"Organisator\"},\"image\":{\"@id\":\"https:\\\/\\\/www.organisator.ch\\\/#\\\/schema\\\/logo\\\/image\\\/\"},\"sameAs\":[\"https:\\\/\\\/www.facebook.com\\\/OrganisatorFachmagazin\",\"https:\\\/\\\/www.linkedin.com\\\/showcase\\\/organisator-das-magazin-fr-kmu\",\"https:\\\/\\\/www.xing.com\\\/news\\\/pages\\\/organisator-ch-695\",\"https:\\\/\\\/www.youtube.com\\\/channel\\\/UCGP2Sq0iWaZwT3BdIAQFYpw\"]},{\"@type\":\"Person\",\"@id\":\"https:\\\/\\\/www.organisator.ch\\\/#\\\/schema\\\/person\\\/6f650f90b2842cd4c0cc334b4e36f67e\",\"name\":\"thomas.berner\",\"image\":{\"@type\":\"ImageObject\",\"inLanguage\":\"de\",\"@id\":\"https:\\\/\\\/secure.gravatar.com\\\/avatar\\\/ac5001d2a36cb6c6cd3e50789007ffca834b477b74a2144564522e944eabff61?s=96&d=mm&r=g\",\"url\":\"https:\\\/\\\/secure.gravatar.com\\\/avatar\\\/ac5001d2a36cb6c6cd3e50789007ffca834b477b74a2144564522e944eabff61?s=96&d=mm&r=g\",\"contentUrl\":\"https:\\\/\\\/secure.gravatar.com\\\/avatar\\\/ac5001d2a36cb6c6cd3e50789007ffca834b477b74a2144564522e944eabff61?s=96&d=mm&r=g\",\"caption\":\"thomas.berner\"},\"url\":\"https:\\\/\\\/www.organisator.ch\\\/de\\\/author\\\/thomas-berner\\\/\"}]}<\/script>\n<!-- \/ Yoast SEO plugin. -->","yoast_head_json":{"title":"Hybride Messen belasten Klima weniger - Organisator","description":"Im Zuge der Klimakrise stellt sich die Frage, wie weit traditionelle Messekonzepte noch zeitgem\u00e4ss sind. Sind hybride Messen die Alternative?","robots":{"index":"index","follow":"follow","max-snippet":"max-snippet:-1","max-image-preview":"max-image-preview:large","max-video-preview":"max-video-preview:-1"},"canonical":"https:\/\/www.organisator.ch\/de\/marketing\/2022-09-29\/hybride-messen-belasten-klima-weniger\/","og_locale":"de_DE","og_type":"article","og_title":"Hybride Messen belasten Klima weniger","og_description":"Im Zuge der Klimakrise stellt sich die Frage, wie weit traditionelle Messekonzepte noch zeitgem\u00e4ss sind. Sind hybride Messen die Alternative?","og_url":"https:\/\/www.organisator.ch\/de\/marketing\/2022-09-29\/hybride-messen-belasten-klima-weniger\/","og_site_name":"Organisator","article_publisher":"https:\/\/www.facebook.com\/OrganisatorFachmagazin","article_published_time":"2022-09-29T04:41:05+00:00","og_image":[{"width":680,"height":370,"url":"https:\/\/www.organisator.ch\/wp-content\/uploads\/2022\/09\/Hybride-Messen-belasten-Klima-weniger_Organisator.jpg","type":"image\/jpeg"}],"author":"thomas.berner","twitter_card":"summary_large_image","twitter_title":"Hybride #Messen belasten #Klima weniger","twitter_description":"Im Zuge der #Klimakrise stellt sich die Frage, wie weit traditionelle #Messekonzepte noch zeitgem\u00e4ss sind. Sind hybride Messen die #Alternative?","twitter_image":"https:\/\/www.organisator.ch\/wp-content\/uploads\/2022\/09\/Hybride-Messen-belasten-Klima-weniger_Organisator.jpg","schema":{"@context":"https:\/\/schema.org","@graph":[{"@type":"Article","@id":"https:\/\/www.organisator.ch\/marketing\/2022-09-29\/hybride-messen-belasten-klima-weniger\/#article","isPartOf":{"@id":"https:\/\/www.organisator.ch\/marketing\/2022-09-29\/hybride-messen-belasten-klima-weniger\/"},"author":{"name":"thomas.berner","@id":"https:\/\/www.organisator.ch\/#\/schema\/person\/6f650f90b2842cd4c0cc334b4e36f67e"},"headline":"Hybride Messen belasten Klima weniger","datePublished":"2022-09-29T04:41:05+00:00","mainEntityOfPage":{"@id":"https:\/\/www.organisator.ch\/marketing\/2022-09-29\/hybride-messen-belasten-klima-weniger\/"},"wordCount":787,"publisher":{"@id":"https:\/\/www.organisator.ch\/#organization"},"image":{"@id":"https:\/\/www.organisator.ch\/marketing\/2022-09-29\/hybride-messen-belasten-klima-weniger\/#primaryimage"},"thumbnailUrl":"https:\/\/www.organisator.ch\/wp-content\/uploads\/2022\/09\/Hybride-Messen-belasten-Klima-weniger_Organisator.jpg","keywords":["Digitalisierung","Fachkongress\/Fachmesse","Messen und Events"],"articleSection":["MARKETING"],"inLanguage":"de"},{"@type":"WebPage","@id":"https:\/\/www.organisator.ch\/marketing\/2022-09-29\/hybride-messen-belasten-klima-weniger\/","url":"https:\/\/www.organisator.ch\/marketing\/2022-09-29\/hybride-messen-belasten-klima-weniger\/","name":"Hybride Messen belasten Klima weniger - Organisator","isPartOf":{"@id":"https:\/\/www.organisator.ch\/#website"},"primaryImageOfPage":{"@id":"https:\/\/www.organisator.ch\/marketing\/2022-09-29\/hybride-messen-belasten-klima-weniger\/#primaryimage"},"image":{"@id":"https:\/\/www.organisator.ch\/marketing\/2022-09-29\/hybride-messen-belasten-klima-weniger\/#primaryimage"},"thumbnailUrl":"https:\/\/www.organisator.ch\/wp-content\/uploads\/2022\/09\/Hybride-Messen-belasten-Klima-weniger_Organisator.jpg","datePublished":"2022-09-29T04:41:05+00:00","description":"Im Zuge der Klimakrise stellt sich die Frage, wie weit traditionelle Messekonzepte noch zeitgem\u00e4ss sind. Sind hybride Messen die Alternative?","breadcrumb":{"@id":"https:\/\/www.organisator.ch\/marketing\/2022-09-29\/hybride-messen-belasten-klima-weniger\/#breadcrumb"},"inLanguage":"de","potentialAction":[{"@type":"ReadAction","target":["https:\/\/www.organisator.ch\/marketing\/2022-09-29\/hybride-messen-belasten-klima-weniger\/"]}]},{"@type":"ImageObject","inLanguage":"de","@id":"https:\/\/www.organisator.ch\/marketing\/2022-09-29\/hybride-messen-belasten-klima-weniger\/#primaryimage","url":"https:\/\/www.organisator.ch\/wp-content\/uploads\/2022\/09\/Hybride-Messen-belasten-Klima-weniger_Organisator.jpg","contentUrl":"https:\/\/www.organisator.ch\/wp-content\/uploads\/2022\/09\/Hybride-Messen-belasten-Klima-weniger_Organisator.jpg","width":680,"height":370,"caption":"Konventionelle Fachmessen sind CO2-Schleudern, besagt eine Studie. Hybride Messen schonen das Klima mehr. (Bild: Depositphotos.com)"},{"@type":"BreadcrumbList","@id":"https:\/\/www.organisator.ch\/marketing\/2022-09-29\/hybride-messen-belasten-klima-weniger\/#breadcrumb","itemListElement":[{"@type":"ListItem","position":1,"name":"Home","item":"https:\/\/www.organisator.ch\/"},{"@type":"ListItem","position":2,"name":"Hybride Messen belasten Klima weniger"}]},{"@type":"WebSite","@id":"https:\/\/www.organisator.ch\/#website","url":"https:\/\/www.organisator.ch\/","name":"Organisator","description":"Kompetent. Praxisnah. Der ORGANISATOR bereitet in 10 Ausgaben pro Jahr die wesentlichen Themen f\u00fcr F\u00fchrungskr\u00e4fte von KMU auf.","publisher":{"@id":"https:\/\/www.organisator.ch\/#organization"},"potentialAction":[{"@type":"SearchAction","target":{"@type":"EntryPoint","urlTemplate":"https:\/\/www.organisator.ch\/?s={search_term_string}"},"query-input":{"@type":"PropertyValueSpecification","valueRequired":true,"valueName":"search_term_string"}}],"inLanguage":"de"},{"@type":"Organization","@id":"https:\/\/www.organisator.ch\/#organization","name":"Organisator","url":"https:\/\/www.organisator.ch\/","logo":{"@type":"ImageObject","inLanguage":"de","@id":"https:\/\/www.organisator.ch\/#\/schema\/logo\/image\/","url":"https:\/\/www.organisator.ch\/wp-content\/uploads\/2022\/01\/Logo_Organisator_Website.png","contentUrl":"https:\/\/www.organisator.ch\/wp-content\/uploads\/2022\/01\/Logo_Organisator_Website.png","width":800,"height":77,"caption":"Organisator"},"image":{"@id":"https:\/\/www.organisator.ch\/#\/schema\/logo\/image\/"},"sameAs":["https:\/\/www.facebook.com\/OrganisatorFachmagazin","https:\/\/www.linkedin.com\/showcase\/organisator-das-magazin-fr-kmu","https:\/\/www.xing.com\/news\/pages\/organisator-ch-695","https:\/\/www.youtube.com\/channel\/UCGP2Sq0iWaZwT3BdIAQFYpw"]},{"@type":"Person","@id":"https:\/\/www.organisator.ch\/#\/schema\/person\/6f650f90b2842cd4c0cc334b4e36f67e","name":"thomas.berner","image":{"@type":"ImageObject","inLanguage":"de","@id":"https:\/\/secure.gravatar.com\/avatar\/ac5001d2a36cb6c6cd3e50789007ffca834b477b74a2144564522e944eabff61?s=96&d=mm&r=g","url":"https:\/\/secure.gravatar.com\/avatar\/ac5001d2a36cb6c6cd3e50789007ffca834b477b74a2144564522e944eabff61?s=96&d=mm&r=g","contentUrl":"https:\/\/secure.gravatar.com\/avatar\/ac5001d2a36cb6c6cd3e50789007ffca834b477b74a2144564522e944eabff61?s=96&d=mm&r=g","caption":"thomas.berner"},"url":"https:\/\/www.organisator.ch\/de\/author\/thomas-berner\/"}]}},"_links":{"self":[{"href":"https:\/\/www.organisator.ch\/de\/wp-json\/wp\/v2\/posts\/17107","targetHints":{"allow":["GET"]}}],"collection":[{"href":"https:\/\/www.organisator.ch\/de\/wp-json\/wp\/v2\/posts"}],"about":[{"href":"https:\/\/www.organisator.ch\/de\/wp-json\/wp\/v2\/types\/post"}],"author":[{"embeddable":true,"href":"https:\/\/www.organisator.ch\/de\/wp-json\/wp\/v2\/users\/4"}],"replies":[{"embeddable":true,"href":"https:\/\/www.organisator.ch\/de\/wp-json\/wp\/v2\/comments?post=17107"}],"version-history":[{"count":1,"href":"https:\/\/www.organisator.ch\/de\/wp-json\/wp\/v2\/posts\/17107\/revisions"}],"predecessor-version":[{"id":17109,"href":"https:\/\/www.organisator.ch\/de\/wp-json\/wp\/v2\/posts\/17107\/revisions\/17109"}],"wp:featuredmedia":[{"embeddable":true,"href":"https:\/\/www.organisator.ch\/de\/wp-json\/wp\/v2\/media\/17108"}],"wp:attachment":[{"href":"https:\/\/www.organisator.ch\/de\/wp-json\/wp\/v2\/media?parent=17107"}],"wp:term":[{"taxonomy":"category","embeddable":true,"href":"https:\/\/www.organisator.ch\/de\/wp-json\/wp\/v2\/categories?post=17107"},{"taxonomy":"post_tag","embeddable":true,"href":"https:\/\/www.organisator.ch\/de\/wp-json\/wp\/v2\/tags?post=17107"}],"curies":[{"name":"wp","href":"https:\/\/api.w.org\/{rel}","templated":true}]}}