{"id":17117,"date":"2022-09-30T08:10:14","date_gmt":"2022-09-30T06:10:14","guid":{"rendered":"https:\/\/www.organisator.ch\/?p=17117"},"modified":"2022-09-30T08:10:14","modified_gmt":"2022-09-30T06:10:14","slug":"wirtschaftspruefungs-und-beratungsbranche-und-die-wirtschaftlichen-herausforderungen","status":"publish","type":"post","link":"https:\/\/www.organisator.ch\/de\/management\/2022-09-30\/wirtschaftspruefungs-und-beratungsbranche-und-die-wirtschaftlichen-herausforderungen\/","title":{"rendered":"Wirtschaftspr\u00fcfungs- und Beratungsbranche und die wirtschaftlichen Herausforderungen"},"content":{"rendered":"<figure id=\"attachment_17121\" aria-describedby=\"caption-attachment-17121\" style=\"width: 680px\" class=\"wp-caption alignnone\"><img loading=\"lazy\" decoding=\"async\" class=\"size-medium wp-image-17121\" src=\"https:\/\/www.organisator.ch\/wp-content\/uploads\/2022\/09\/Wirtschaftspruefungs-und-Beratungsbranche-und-die-wirtschaftlichen-Herausforderungen_Organisator-680x402.jpg\" alt=\"\" width=\"680\" height=\"402\" srcset=\"https:\/\/www.organisator.ch\/wp-content\/uploads\/2022\/09\/Wirtschaftspruefungs-und-Beratungsbranche-und-die-wirtschaftlichen-Herausforderungen_Organisator-680x402.jpg 680w, https:\/\/www.organisator.ch\/wp-content\/uploads\/2022\/09\/Wirtschaftspruefungs-und-Beratungsbranche-und-die-wirtschaftlichen-Herausforderungen_Organisator-1024x606.jpg 1024w, https:\/\/www.organisator.ch\/wp-content\/uploads\/2022\/09\/Wirtschaftspruefungs-und-Beratungsbranche-und-die-wirtschaftlichen-Herausforderungen_Organisator-768x454.jpg 768w, https:\/\/www.organisator.ch\/wp-content\/uploads\/2022\/09\/Wirtschaftspruefungs-und-Beratungsbranche-und-die-wirtschaftlichen-Herausforderungen_Organisator-18x12.jpg 18w, https:\/\/www.organisator.ch\/wp-content\/uploads\/2022\/09\/Wirtschaftspruefungs-und-Beratungsbranche-und-die-wirtschaftlichen-Herausforderungen_Organisator-296x175.jpg 296w, https:\/\/www.organisator.ch\/wp-content\/uploads\/2022\/09\/Wirtschaftspruefungs-und-Beratungsbranche-und-die-wirtschaftlichen-Herausforderungen_Organisator-592x350.jpg 592w, https:\/\/www.organisator.ch\/wp-content\/uploads\/2022\/09\/Wirtschaftspruefungs-und-Beratungsbranche-und-die-wirtschaftlichen-Herausforderungen_Organisator-920x544.jpg 920w, https:\/\/www.organisator.ch\/wp-content\/uploads\/2022\/09\/Wirtschaftspruefungs-und-Beratungsbranche-und-die-wirtschaftlichen-Herausforderungen_Organisator-300x177.jpg 300w, https:\/\/www.organisator.ch\/wp-content\/uploads\/2022\/09\/Wirtschaftspruefungs-und-Beratungsbranche-und-die-wirtschaftlichen-Herausforderungen_Organisator.jpg 1305w\" sizes=\"auto, (max-width: 680px) 100vw, 680px\" \/><figcaption id=\"caption-attachment-17121\" class=\"wp-caption-text\">Hauptherausforderungen f\u00fcr die Wirtschaftspr\u00fcfungs- und Beratungsbranche. (Bild: EXPERTsuisse)<\/figcaption><\/figure>\n<p>Bundesrat Ueli Maurer sprach in seiner Grussbotschaft an die Wirtschaftspr\u00fcfungs- und Beratungsbranche \u00fcber die unumg\u00e4ngliche Notwendigkeit der OECD-Steuerreform und deren Umsetzung in der Schweiz, zudem pr\u00e4sentierte er eine Auslegeordnung der aktuellen finanzpolitischen Herausforderungen des Bundes. Die Bundesparlamentarier Judith Bellaiche und Erich Ettlin betonten in einem Podiumsgespr\u00e4ch, dass Inflation, Energiekrise und generell die Entwicklung der Bundesfinanzen uns weiter intensiv besch\u00e4ftigen werden. Sie wiesen auch darauf hin, dass auch bez\u00fcglich Digitalisierung und neuen Arbeitsformen die Schweiz gefordert ist, den Anschluss nicht zu verlieren. Alle Vertreter aus Bundesbern waren sich zudem einig, dass f\u00fcr einen starken Schweizer Wirtschaftsstandort das Steuersystem eine wichtige Rolle spielt.<\/p>\n<h3>Verrechnungssteuerreform gescheitert &#8211; Reformen hinsichtlich der OECD-Mindeststeuer zwingend<\/h3>\n<p>Die nicht erfolgreiche Abstimmung zur Teilabschaffung der Verrechnungssteuer vom 25. September 2022 wurde als eine verpasste Chance zur St\u00e4rkung des Schweizer Wirtschaftsstandorts im Vergleich zum Ausland bezeichnet. Eine nochmalige Abstimmungsniederlage \u2013 bei dem viel gewichtigeren Thema der internationalen Steuerkompatibilit\u00e4t bei m\u00f6glichst grosser Schweizer Standortattraktivit\u00e4t \u2013 k\u00f6nne sich die Schweiz nicht leisten, so der Tenor an der Veranstaltung. EXPERTsuisse-Fachbereichspr\u00e4sident Steuern, Daniel Gentsch, brachte es wie folgt auf den Punkt: \u00abEs gibt viele Steueranliegen im Raum, jetzt gilt es mit Blick auf Standortattraktivit\u00e4t, Mehrheitsf\u00e4higkeit und Finanzierbarkeit die Priorit\u00e4ten richtig zu setzen.\u00bb<\/p>\n<h3>Nachhaltigkeitsentwicklungen betreffen Unternehmen wie auch Wirtschaftspr\u00fcfungs- und Beratungsbranche<\/h3>\n<p>Prof. Thomas Berndt wies auf die internationalen Entwicklungen hin und f\u00fchrte aus, dass das Thema der Nachhaltigkeit in Berichterstattung und Pr\u00fcfung zunehmend auch die Schweizer Wirtschaft erreichen wird. EXPERTsuisse-Fachbereichspr\u00e4sident Wirtschaftspr\u00fcfung, Alessandro Miolo, zeigte in der Paneldiskussion auf, dass neben multinationalen Unternehmen mit den verschiedenen Aspekten der Lieferketten, auch Schweizer KMU sich \u00fcber die n\u00e4chsten Jahre intensiv mit diesem Thema besch\u00e4ftigen werden. Thomas Koller, Fachbereichspr\u00e4sident Wirtschaftsberatung und Treuhand, sah dies als grosse Chance auch f\u00fcr kleine und mittelgrosse Mitgliedunternehmen von EXPERTsuisse, hier eine wichtige Multiplikatoren-Rolle wahrzunehmen. Dabei d\u00fcrfte die an der Jahrestagung bekanntgegebene Branchenpartnerschaft mit <a href=\"https:\/\/kmu-nachhaltigkeit.ch\/de\/\">\u00abDigitaler KMU Checkup Nachhaltigkeit\u00bb<\/a> (by tfy-consult) unterst\u00fctzend beitragen.<\/p>\n<h3>Fachkr\u00e4ftegewinnung und Dienstleistungsqualit\u00e4t erfordern Multidisziplinarit\u00e4t<\/h3>\n<p>Verbandspr\u00e4sident Peter Ritter zeigte auf, dass alle Gr\u00f6ssenklassen von Mitgliedunternehmen relevante Ums\u00e4tze in den Fachgebieten \u00abAudit &amp; Assurance\u00bb, \u00abTax &amp; Legal\u00bb sowie \u00abConsulting &amp; Business Services\u00bb erzielen: \u00abBeratung ist f\u00fcr alle Gr\u00f6ssenklassen heute bereits ein wichtiges Gesch\u00e4ftsfeld, welches wir als Verband verst\u00e4rkt unterst\u00fctzen m\u00f6chten\u00bb. Marius Klauser, Direktor und VR-Delegierter von EXPERTsuisse, erg\u00e4nzte: \u00abGenerell zeigt sich, dass das Zusammenspiel verschiedener Disziplinen eine notwendige Bedingung ist f\u00fcr hohe Qualit\u00e4t in Pr\u00fcfungs- und Beratungsmandaten und dar\u00fcber hinaus ein wichtiger Aspekt der Arbeitgeberattraktivit\u00e4t, wenn es darum geht neue Leute zu gewinnen.\u00bb Top-Absolventen in Wirtschaftspr\u00fcfung, Steuern und Treuhand standen auch auf der B\u00fchne der Jahrestagung im Rahmen der Verleihung des Newcomer-Awards.<\/p>\n<h3>Integration von ASCO in EXPERTsuisse per 1. Januar 2023<\/h3>\n<p>Der Schweizer Verband der Managementberater ASCO wird per 1. Januar 2023 vollst\u00e4ndig in EXPERTsuisse integriert. Marius Klauser zeigte auf, wie die so genannte \u00abTransformation 2025\u00bb \u2013 bis zum 100-j\u00e4hrigen Jubil\u00e4um von des Verbands und dar\u00fcber hinaus \u2013 aussehen wird. Um die grossen Trends der Digitalisierung und Nachhaltigkeit als Branche und f\u00fcr die Wirtschaft optimal nutzen zu k\u00f6nnen, braucht es erg\u00e4nzende Kompetenzen. \u00abDa kundenorientierte Beratung und ganzheitliche F\u00fchrung dabei an Bedeutung gewinnen, ist die Integration von ASCO in EXPERTsuisse ein wichtiger Schritt in der Verbandsentwicklung\u00bb, sagt Marius Klauser. Aus der bisherigen Kooperation mit ASCO wird eine vollst\u00e4ndige Integration, womit Beraterinnen und Berater von EXPERTsuisse und von ASCO Mitgliedunternehmen eine Integrations- und Weiterbildungsplattform bei EXPERTsuisse (Consulting &amp; Business Services) erhalten und sich schweizweit als Berufsstand st\u00e4rken k\u00f6nnen.<\/p>\n<p>Neben der Integration von ASCO geht EXPERTsuisse zudem eine Kooperation mit dem <a href=\"https:\/\/www.organisator.ch\/de\/management\/2022-09-09\/schweizer-dachverband-fuer-unternehmensnachfolge-offiziell-vorgestellt\/\">Schweizer Dachverband f\u00fcr Unternehmensnachfolge (CHDU)<\/a> ein, bei der es um die Bildung und Zertifizierung von Kompetenzen im Bereich der ganzheitlichen Nachfolgeberatung geht. Dadurch wird das Beratungs-\u00d6kosystem weiter gest\u00e4rkt, wie die Verb\u00e4nde mitteilen.<\/p>\n<p><em>Quelle: <a href=\"http:\/\/www.expertsuisse.ch\">EXPERTsuisse<\/a><\/em><\/p>\n","protected":false},"excerpt":{"rendered":"<p>Bundesrat Ueli Maurer sprach in seiner Grussbotschaft an die Wirtschaftspr\u00fcfungs- und Beratungsbranche \u00fcber die unumg\u00e4ngliche Notwendigkeit der OECD-Steuerreform und deren Umsetzung in der Schweiz, zudem pr\u00e4sentierte er eine Auslegeordnung der aktuellen finanzpolitischen Herausforderungen des Bundes. Die Bundesparlamentarier Judith Bellaiche und Erich Ettlin betonten in einem Podiumsgespr\u00e4ch, dass Inflation, Energiekrise und generell die Entwicklung der Bundesfinanzen [&hellip;]<\/p>\n","protected":false},"author":4,"featured_media":17121,"comment_status":"closed","ping_status":"closed","sticky":false,"template":"","format":"standard","meta":{"_acf_changed":false,"_yoast_wpseo_focuskw":"Wirtschaftspr\u00fcfungs- und Beratungsbranche","_yoast_wpseo_metadesc":"Rund 600 Teilnehmende aus der Wirtschaftspr\u00fcfungs- und Beratungsbranche trafen sich an der EXPERTsuisse Jahrestagung in Bern.","articlekey":"","footnotes":""},"categories":[28],"tags":[202,335,503,532],"class_list":["post-17117","post","type-post","status-publish","format-standard","has-post-thumbnail","hentry","category-management","tag-finanzenrecht","tag-management-und-unternehmensfuehrung","tag-verbaende","tag-wirtschaftspruefung"],"acf":[],"yoast_head":"<!-- This site is optimized with the Yoast SEO plugin v27.5 - https:\/\/yoast.com\/product\/yoast-seo-wordpress\/ -->\n<title>Wirtschaftspr\u00fcfungs- und Beratungsbranche und die wirtschaftlichen Herausforderungen - Organisator<\/title>\n<meta name=\"description\" content=\"Rund 600 Teilnehmende aus der Wirtschaftspr\u00fcfungs- und Beratungsbranche trafen sich an der EXPERTsuisse Jahrestagung in Bern.\" \/>\n<meta name=\"robots\" content=\"index, follow, max-snippet:-1, max-image-preview:large, max-video-preview:-1\" \/>\n<link rel=\"canonical\" href=\"https:\/\/www.organisator.ch\/de\/management\/2022-09-30\/wirtschaftspruefungs-und-beratungsbranche-und-die-wirtschaftlichen-herausforderungen\/\" \/>\n<meta property=\"og:locale\" content=\"de_DE\" \/>\n<meta property=\"og:type\" content=\"article\" \/>\n<meta property=\"og:title\" content=\"Wirtschaftspr\u00fcfungs- und Beratungsbranche und die wirtschaftlichen Herausforderungen\" \/>\n<meta property=\"og:description\" content=\"Rund 600 Teilnehmende aus der Wirtschaftspr\u00fcfungs- und Beratungsbranche trafen sich an der EXPERTsuisse Jahrestagung in Bern.\" \/>\n<meta property=\"og:url\" content=\"https:\/\/www.organisator.ch\/de\/management\/2022-09-30\/wirtschaftspruefungs-und-beratungsbranche-und-die-wirtschaftlichen-herausforderungen\/\" \/>\n<meta property=\"og:site_name\" content=\"Organisator\" \/>\n<meta property=\"article:publisher\" content=\"https:\/\/www.facebook.com\/OrganisatorFachmagazin\" \/>\n<meta property=\"article:published_time\" content=\"2022-09-30T06:10:14+00:00\" \/>\n<meta property=\"og:image\" content=\"https:\/\/www.organisator.ch\/wp-content\/uploads\/2022\/09\/Wirtschaftspruefungs-und-Beratungsbranche-und-die-wirtschaftlichen-Herausforderungen_Organisator.jpg\" \/>\n\t<meta property=\"og:image:width\" content=\"1305\" \/>\n\t<meta property=\"og:image:height\" content=\"772\" \/>\n\t<meta property=\"og:image:type\" content=\"image\/jpeg\" \/>\n<meta name=\"author\" content=\"thomas.berner\" \/>\n<meta name=\"twitter:card\" content=\"summary_large_image\" \/>\n<meta name=\"twitter:title\" content=\"#Wirtschaftspr\u00fcfungs- und #Beratungsbranche und die wirtschaftlichen Herausforderungen\" \/>\n<meta name=\"twitter:description\" content=\"Rund 600 Teilnehmende aus der #Wirtschaftspr\u00fcfungs- und #Beratungsbranche trafen sich an der #EXPERTsuisse Jahrestagung in Bern.\" \/>\n<meta name=\"twitter:image\" content=\"https:\/\/www.organisator.ch\/wp-content\/uploads\/2022\/09\/Wirtschaftspruefungs-und-Beratungsbranche-und-die-wirtschaftlichen-Herausforderungen_Organisator.jpg\" \/>\n<script type=\"application\/ld+json\" class=\"yoast-schema-graph\">{\"@context\":\"https:\\\/\\\/schema.org\",\"@graph\":[{\"@type\":\"Article\",\"@id\":\"https:\\\/\\\/www.organisator.ch\\\/management\\\/2022-09-30\\\/wirtschaftspruefungs-und-beratungsbranche-und-die-wirtschaftlichen-herausforderungen\\\/#article\",\"isPartOf\":{\"@id\":\"https:\\\/\\\/www.organisator.ch\\\/management\\\/2022-09-30\\\/wirtschaftspruefungs-und-beratungsbranche-und-die-wirtschaftlichen-herausforderungen\\\/\"},\"author\":{\"name\":\"thomas.berner\",\"@id\":\"https:\\\/\\\/www.organisator.ch\\\/#\\\/schema\\\/person\\\/6f650f90b2842cd4c0cc334b4e36f67e\"},\"headline\":\"Wirtschaftspr\u00fcfungs- und Beratungsbranche und die wirtschaftlichen Herausforderungen\",\"datePublished\":\"2022-09-30T06:10:14+00:00\",\"mainEntityOfPage\":{\"@id\":\"https:\\\/\\\/www.organisator.ch\\\/management\\\/2022-09-30\\\/wirtschaftspruefungs-und-beratungsbranche-und-die-wirtschaftlichen-herausforderungen\\\/\"},\"wordCount\":675,\"publisher\":{\"@id\":\"https:\\\/\\\/www.organisator.ch\\\/#organization\"},\"image\":{\"@id\":\"https:\\\/\\\/www.organisator.ch\\\/management\\\/2022-09-30\\\/wirtschaftspruefungs-und-beratungsbranche-und-die-wirtschaftlichen-herausforderungen\\\/#primaryimage\"},\"thumbnailUrl\":\"https:\\\/\\\/www.organisator.ch\\\/wp-content\\\/uploads\\\/2022\\\/09\\\/Wirtschaftspruefungs-und-Beratungsbranche-und-die-wirtschaftlichen-Herausforderungen_Organisator.jpg\",\"keywords\":[\"Finanzen\\\/Recht\",\"Management und Unternehmensf\u00fchrung\",\"Verb\u00e4nde\",\"Wirtschaftspr\u00fcfung\"],\"articleSection\":[\"MANAGEMENT\"],\"inLanguage\":\"de\"},{\"@type\":\"WebPage\",\"@id\":\"https:\\\/\\\/www.organisator.ch\\\/management\\\/2022-09-30\\\/wirtschaftspruefungs-und-beratungsbranche-und-die-wirtschaftlichen-herausforderungen\\\/\",\"url\":\"https:\\\/\\\/www.organisator.ch\\\/management\\\/2022-09-30\\\/wirtschaftspruefungs-und-beratungsbranche-und-die-wirtschaftlichen-herausforderungen\\\/\",\"name\":\"Wirtschaftspr\u00fcfungs- und Beratungsbranche und die wirtschaftlichen Herausforderungen - Organisator\",\"isPartOf\":{\"@id\":\"https:\\\/\\\/www.organisator.ch\\\/#website\"},\"primaryImageOfPage\":{\"@id\":\"https:\\\/\\\/www.organisator.ch\\\/management\\\/2022-09-30\\\/wirtschaftspruefungs-und-beratungsbranche-und-die-wirtschaftlichen-herausforderungen\\\/#primaryimage\"},\"image\":{\"@id\":\"https:\\\/\\\/www.organisator.ch\\\/management\\\/2022-09-30\\\/wirtschaftspruefungs-und-beratungsbranche-und-die-wirtschaftlichen-herausforderungen\\\/#primaryimage\"},\"thumbnailUrl\":\"https:\\\/\\\/www.organisator.ch\\\/wp-content\\\/uploads\\\/2022\\\/09\\\/Wirtschaftspruefungs-und-Beratungsbranche-und-die-wirtschaftlichen-Herausforderungen_Organisator.jpg\",\"datePublished\":\"2022-09-30T06:10:14+00:00\",\"description\":\"Rund 600 Teilnehmende aus der Wirtschaftspr\u00fcfungs- und Beratungsbranche trafen sich an der EXPERTsuisse Jahrestagung in Bern.\",\"breadcrumb\":{\"@id\":\"https:\\\/\\\/www.organisator.ch\\\/management\\\/2022-09-30\\\/wirtschaftspruefungs-und-beratungsbranche-und-die-wirtschaftlichen-herausforderungen\\\/#breadcrumb\"},\"inLanguage\":\"de\",\"potentialAction\":[{\"@type\":\"ReadAction\",\"target\":[\"https:\\\/\\\/www.organisator.ch\\\/management\\\/2022-09-30\\\/wirtschaftspruefungs-und-beratungsbranche-und-die-wirtschaftlichen-herausforderungen\\\/\"]}]},{\"@type\":\"ImageObject\",\"inLanguage\":\"de\",\"@id\":\"https:\\\/\\\/www.organisator.ch\\\/management\\\/2022-09-30\\\/wirtschaftspruefungs-und-beratungsbranche-und-die-wirtschaftlichen-herausforderungen\\\/#primaryimage\",\"url\":\"https:\\\/\\\/www.organisator.ch\\\/wp-content\\\/uploads\\\/2022\\\/09\\\/Wirtschaftspruefungs-und-Beratungsbranche-und-die-wirtschaftlichen-Herausforderungen_Organisator.jpg\",\"contentUrl\":\"https:\\\/\\\/www.organisator.ch\\\/wp-content\\\/uploads\\\/2022\\\/09\\\/Wirtschaftspruefungs-und-Beratungsbranche-und-die-wirtschaftlichen-Herausforderungen_Organisator.jpg\",\"width\":1305,\"height\":772,\"caption\":\"Hauptherausforderungen f\u00fcr die Wirtschaftspr\u00fcfungs- und Beratungsbranche. (Bild: EXPERTsuisse)\"},{\"@type\":\"BreadcrumbList\",\"@id\":\"https:\\\/\\\/www.organisator.ch\\\/management\\\/2022-09-30\\\/wirtschaftspruefungs-und-beratungsbranche-und-die-wirtschaftlichen-herausforderungen\\\/#breadcrumb\",\"itemListElement\":[{\"@type\":\"ListItem\",\"position\":1,\"name\":\"Home\",\"item\":\"https:\\\/\\\/www.organisator.ch\\\/\"},{\"@type\":\"ListItem\",\"position\":2,\"name\":\"Wirtschaftspr\u00fcfungs- und Beratungsbranche und die wirtschaftlichen Herausforderungen\"}]},{\"@type\":\"WebSite\",\"@id\":\"https:\\\/\\\/www.organisator.ch\\\/#website\",\"url\":\"https:\\\/\\\/www.organisator.ch\\\/\",\"name\":\"Organisator\",\"description\":\"Kompetent. Praxisnah. Der ORGANISATOR bereitet in 10 Ausgaben pro Jahr die wesentlichen Themen f\u00fcr F\u00fchrungskr\u00e4fte von KMU auf.\",\"publisher\":{\"@id\":\"https:\\\/\\\/www.organisator.ch\\\/#organization\"},\"potentialAction\":[{\"@type\":\"SearchAction\",\"target\":{\"@type\":\"EntryPoint\",\"urlTemplate\":\"https:\\\/\\\/www.organisator.ch\\\/?s={search_term_string}\"},\"query-input\":{\"@type\":\"PropertyValueSpecification\",\"valueRequired\":true,\"valueName\":\"search_term_string\"}}],\"inLanguage\":\"de\"},{\"@type\":\"Organization\",\"@id\":\"https:\\\/\\\/www.organisator.ch\\\/#organization\",\"name\":\"Organisator\",\"url\":\"https:\\\/\\\/www.organisator.ch\\\/\",\"logo\":{\"@type\":\"ImageObject\",\"inLanguage\":\"de\",\"@id\":\"https:\\\/\\\/www.organisator.ch\\\/#\\\/schema\\\/logo\\\/image\\\/\",\"url\":\"https:\\\/\\\/www.organisator.ch\\\/wp-content\\\/uploads\\\/2022\\\/01\\\/Logo_Organisator_Website.png\",\"contentUrl\":\"https:\\\/\\\/www.organisator.ch\\\/wp-content\\\/uploads\\\/2022\\\/01\\\/Logo_Organisator_Website.png\",\"width\":800,\"height\":77,\"caption\":\"Organisator\"},\"image\":{\"@id\":\"https:\\\/\\\/www.organisator.ch\\\/#\\\/schema\\\/logo\\\/image\\\/\"},\"sameAs\":[\"https:\\\/\\\/www.facebook.com\\\/OrganisatorFachmagazin\",\"https:\\\/\\\/www.linkedin.com\\\/showcase\\\/organisator-das-magazin-fr-kmu\",\"https:\\\/\\\/www.xing.com\\\/news\\\/pages\\\/organisator-ch-695\",\"https:\\\/\\\/www.youtube.com\\\/channel\\\/UCGP2Sq0iWaZwT3BdIAQFYpw\"]},{\"@type\":\"Person\",\"@id\":\"https:\\\/\\\/www.organisator.ch\\\/#\\\/schema\\\/person\\\/6f650f90b2842cd4c0cc334b4e36f67e\",\"name\":\"thomas.berner\",\"image\":{\"@type\":\"ImageObject\",\"inLanguage\":\"de\",\"@id\":\"https:\\\/\\\/secure.gravatar.com\\\/avatar\\\/ac5001d2a36cb6c6cd3e50789007ffca834b477b74a2144564522e944eabff61?s=96&d=mm&r=g\",\"url\":\"https:\\\/\\\/secure.gravatar.com\\\/avatar\\\/ac5001d2a36cb6c6cd3e50789007ffca834b477b74a2144564522e944eabff61?s=96&d=mm&r=g\",\"contentUrl\":\"https:\\\/\\\/secure.gravatar.com\\\/avatar\\\/ac5001d2a36cb6c6cd3e50789007ffca834b477b74a2144564522e944eabff61?s=96&d=mm&r=g\",\"caption\":\"thomas.berner\"},\"url\":\"https:\\\/\\\/www.organisator.ch\\\/de\\\/author\\\/thomas-berner\\\/\"}]}<\/script>\n<!-- \/ Yoast SEO plugin. -->","yoast_head_json":{"title":"Wirtschaftspr\u00fcfungs- und Beratungsbranche und die wirtschaftlichen Herausforderungen - Organisator","description":"Rund 600 Teilnehmende aus der Wirtschaftspr\u00fcfungs- und Beratungsbranche trafen sich an der EXPERTsuisse Jahrestagung in Bern.","robots":{"index":"index","follow":"follow","max-snippet":"max-snippet:-1","max-image-preview":"max-image-preview:large","max-video-preview":"max-video-preview:-1"},"canonical":"https:\/\/www.organisator.ch\/de\/management\/2022-09-30\/wirtschaftspruefungs-und-beratungsbranche-und-die-wirtschaftlichen-herausforderungen\/","og_locale":"de_DE","og_type":"article","og_title":"Wirtschaftspr\u00fcfungs- und Beratungsbranche und die wirtschaftlichen Herausforderungen","og_description":"Rund 600 Teilnehmende aus der Wirtschaftspr\u00fcfungs- und Beratungsbranche trafen sich an der EXPERTsuisse Jahrestagung in Bern.","og_url":"https:\/\/www.organisator.ch\/de\/management\/2022-09-30\/wirtschaftspruefungs-und-beratungsbranche-und-die-wirtschaftlichen-herausforderungen\/","og_site_name":"Organisator","article_publisher":"https:\/\/www.facebook.com\/OrganisatorFachmagazin","article_published_time":"2022-09-30T06:10:14+00:00","og_image":[{"width":1305,"height":772,"url":"https:\/\/www.organisator.ch\/wp-content\/uploads\/2022\/09\/Wirtschaftspruefungs-und-Beratungsbranche-und-die-wirtschaftlichen-Herausforderungen_Organisator.jpg","type":"image\/jpeg"}],"author":"thomas.berner","twitter_card":"summary_large_image","twitter_title":"#Wirtschaftspr\u00fcfungs- und #Beratungsbranche und die wirtschaftlichen Herausforderungen","twitter_description":"Rund 600 Teilnehmende aus der #Wirtschaftspr\u00fcfungs- und #Beratungsbranche trafen sich an der #EXPERTsuisse Jahrestagung in Bern.","twitter_image":"https:\/\/www.organisator.ch\/wp-content\/uploads\/2022\/09\/Wirtschaftspruefungs-und-Beratungsbranche-und-die-wirtschaftlichen-Herausforderungen_Organisator.jpg","schema":{"@context":"https:\/\/schema.org","@graph":[{"@type":"Article","@id":"https:\/\/www.organisator.ch\/management\/2022-09-30\/wirtschaftspruefungs-und-beratungsbranche-und-die-wirtschaftlichen-herausforderungen\/#article","isPartOf":{"@id":"https:\/\/www.organisator.ch\/management\/2022-09-30\/wirtschaftspruefungs-und-beratungsbranche-und-die-wirtschaftlichen-herausforderungen\/"},"author":{"name":"thomas.berner","@id":"https:\/\/www.organisator.ch\/#\/schema\/person\/6f650f90b2842cd4c0cc334b4e36f67e"},"headline":"Wirtschaftspr\u00fcfungs- und Beratungsbranche und die wirtschaftlichen Herausforderungen","datePublished":"2022-09-30T06:10:14+00:00","mainEntityOfPage":{"@id":"https:\/\/www.organisator.ch\/management\/2022-09-30\/wirtschaftspruefungs-und-beratungsbranche-und-die-wirtschaftlichen-herausforderungen\/"},"wordCount":675,"publisher":{"@id":"https:\/\/www.organisator.ch\/#organization"},"image":{"@id":"https:\/\/www.organisator.ch\/management\/2022-09-30\/wirtschaftspruefungs-und-beratungsbranche-und-die-wirtschaftlichen-herausforderungen\/#primaryimage"},"thumbnailUrl":"https:\/\/www.organisator.ch\/wp-content\/uploads\/2022\/09\/Wirtschaftspruefungs-und-Beratungsbranche-und-die-wirtschaftlichen-Herausforderungen_Organisator.jpg","keywords":["Finanzen\/Recht","Management und Unternehmensf\u00fchrung","Verb\u00e4nde","Wirtschaftspr\u00fcfung"],"articleSection":["MANAGEMENT"],"inLanguage":"de"},{"@type":"WebPage","@id":"https:\/\/www.organisator.ch\/management\/2022-09-30\/wirtschaftspruefungs-und-beratungsbranche-und-die-wirtschaftlichen-herausforderungen\/","url":"https:\/\/www.organisator.ch\/management\/2022-09-30\/wirtschaftspruefungs-und-beratungsbranche-und-die-wirtschaftlichen-herausforderungen\/","name":"Wirtschaftspr\u00fcfungs- und Beratungsbranche und die wirtschaftlichen Herausforderungen - Organisator","isPartOf":{"@id":"https:\/\/www.organisator.ch\/#website"},"primaryImageOfPage":{"@id":"https:\/\/www.organisator.ch\/management\/2022-09-30\/wirtschaftspruefungs-und-beratungsbranche-und-die-wirtschaftlichen-herausforderungen\/#primaryimage"},"image":{"@id":"https:\/\/www.organisator.ch\/management\/2022-09-30\/wirtschaftspruefungs-und-beratungsbranche-und-die-wirtschaftlichen-herausforderungen\/#primaryimage"},"thumbnailUrl":"https:\/\/www.organisator.ch\/wp-content\/uploads\/2022\/09\/Wirtschaftspruefungs-und-Beratungsbranche-und-die-wirtschaftlichen-Herausforderungen_Organisator.jpg","datePublished":"2022-09-30T06:10:14+00:00","description":"Rund 600 Teilnehmende aus der Wirtschaftspr\u00fcfungs- und Beratungsbranche trafen sich an der EXPERTsuisse Jahrestagung in Bern.","breadcrumb":{"@id":"https:\/\/www.organisator.ch\/management\/2022-09-30\/wirtschaftspruefungs-und-beratungsbranche-und-die-wirtschaftlichen-herausforderungen\/#breadcrumb"},"inLanguage":"de","potentialAction":[{"@type":"ReadAction","target":["https:\/\/www.organisator.ch\/management\/2022-09-30\/wirtschaftspruefungs-und-beratungsbranche-und-die-wirtschaftlichen-herausforderungen\/"]}]},{"@type":"ImageObject","inLanguage":"de","@id":"https:\/\/www.organisator.ch\/management\/2022-09-30\/wirtschaftspruefungs-und-beratungsbranche-und-die-wirtschaftlichen-herausforderungen\/#primaryimage","url":"https:\/\/www.organisator.ch\/wp-content\/uploads\/2022\/09\/Wirtschaftspruefungs-und-Beratungsbranche-und-die-wirtschaftlichen-Herausforderungen_Organisator.jpg","contentUrl":"https:\/\/www.organisator.ch\/wp-content\/uploads\/2022\/09\/Wirtschaftspruefungs-und-Beratungsbranche-und-die-wirtschaftlichen-Herausforderungen_Organisator.jpg","width":1305,"height":772,"caption":"Hauptherausforderungen f\u00fcr die Wirtschaftspr\u00fcfungs- und Beratungsbranche. (Bild: EXPERTsuisse)"},{"@type":"BreadcrumbList","@id":"https:\/\/www.organisator.ch\/management\/2022-09-30\/wirtschaftspruefungs-und-beratungsbranche-und-die-wirtschaftlichen-herausforderungen\/#breadcrumb","itemListElement":[{"@type":"ListItem","position":1,"name":"Home","item":"https:\/\/www.organisator.ch\/"},{"@type":"ListItem","position":2,"name":"Wirtschaftspr\u00fcfungs- und Beratungsbranche und die wirtschaftlichen Herausforderungen"}]},{"@type":"WebSite","@id":"https:\/\/www.organisator.ch\/#website","url":"https:\/\/www.organisator.ch\/","name":"Organisator","description":"Kompetent. Praxisnah. Der ORGANISATOR bereitet in 10 Ausgaben pro Jahr die wesentlichen Themen f\u00fcr F\u00fchrungskr\u00e4fte von KMU auf.","publisher":{"@id":"https:\/\/www.organisator.ch\/#organization"},"potentialAction":[{"@type":"SearchAction","target":{"@type":"EntryPoint","urlTemplate":"https:\/\/www.organisator.ch\/?s={search_term_string}"},"query-input":{"@type":"PropertyValueSpecification","valueRequired":true,"valueName":"search_term_string"}}],"inLanguage":"de"},{"@type":"Organization","@id":"https:\/\/www.organisator.ch\/#organization","name":"Organisator","url":"https:\/\/www.organisator.ch\/","logo":{"@type":"ImageObject","inLanguage":"de","@id":"https:\/\/www.organisator.ch\/#\/schema\/logo\/image\/","url":"https:\/\/www.organisator.ch\/wp-content\/uploads\/2022\/01\/Logo_Organisator_Website.png","contentUrl":"https:\/\/www.organisator.ch\/wp-content\/uploads\/2022\/01\/Logo_Organisator_Website.png","width":800,"height":77,"caption":"Organisator"},"image":{"@id":"https:\/\/www.organisator.ch\/#\/schema\/logo\/image\/"},"sameAs":["https:\/\/www.facebook.com\/OrganisatorFachmagazin","https:\/\/www.linkedin.com\/showcase\/organisator-das-magazin-fr-kmu","https:\/\/www.xing.com\/news\/pages\/organisator-ch-695","https:\/\/www.youtube.com\/channel\/UCGP2Sq0iWaZwT3BdIAQFYpw"]},{"@type":"Person","@id":"https:\/\/www.organisator.ch\/#\/schema\/person\/6f650f90b2842cd4c0cc334b4e36f67e","name":"thomas.berner","image":{"@type":"ImageObject","inLanguage":"de","@id":"https:\/\/secure.gravatar.com\/avatar\/ac5001d2a36cb6c6cd3e50789007ffca834b477b74a2144564522e944eabff61?s=96&d=mm&r=g","url":"https:\/\/secure.gravatar.com\/avatar\/ac5001d2a36cb6c6cd3e50789007ffca834b477b74a2144564522e944eabff61?s=96&d=mm&r=g","contentUrl":"https:\/\/secure.gravatar.com\/avatar\/ac5001d2a36cb6c6cd3e50789007ffca834b477b74a2144564522e944eabff61?s=96&d=mm&r=g","caption":"thomas.berner"},"url":"https:\/\/www.organisator.ch\/de\/author\/thomas-berner\/"}]}},"_links":{"self":[{"href":"https:\/\/www.organisator.ch\/de\/wp-json\/wp\/v2\/posts\/17117","targetHints":{"allow":["GET"]}}],"collection":[{"href":"https:\/\/www.organisator.ch\/de\/wp-json\/wp\/v2\/posts"}],"about":[{"href":"https:\/\/www.organisator.ch\/de\/wp-json\/wp\/v2\/types\/post"}],"author":[{"embeddable":true,"href":"https:\/\/www.organisator.ch\/de\/wp-json\/wp\/v2\/users\/4"}],"replies":[{"embeddable":true,"href":"https:\/\/www.organisator.ch\/de\/wp-json\/wp\/v2\/comments?post=17117"}],"version-history":[{"count":2,"href":"https:\/\/www.organisator.ch\/de\/wp-json\/wp\/v2\/posts\/17117\/revisions"}],"predecessor-version":[{"id":17122,"href":"https:\/\/www.organisator.ch\/de\/wp-json\/wp\/v2\/posts\/17117\/revisions\/17122"}],"wp:featuredmedia":[{"embeddable":true,"href":"https:\/\/www.organisator.ch\/de\/wp-json\/wp\/v2\/media\/17121"}],"wp:attachment":[{"href":"https:\/\/www.organisator.ch\/de\/wp-json\/wp\/v2\/media?parent=17117"}],"wp:term":[{"taxonomy":"category","embeddable":true,"href":"https:\/\/www.organisator.ch\/de\/wp-json\/wp\/v2\/categories?post=17117"},{"taxonomy":"post_tag","embeddable":true,"href":"https:\/\/www.organisator.ch\/de\/wp-json\/wp\/v2\/tags?post=17117"}],"curies":[{"name":"wp","href":"https:\/\/api.w.org\/{rel}","templated":true}]}}