{"id":1713,"date":"2018-05-29T17:11:03","date_gmt":"2018-05-29T15:11:03","guid":{"rendered":"https:\/\/www.umweltperspektiven.ch\/?p=1713"},"modified":"2022-02-09T11:10:54","modified_gmt":"2022-02-09T10:10:54","slug":"gefaehrlicher-einheitsmix-bei-blaualgen-in-seen","status":"publish","type":"post","link":"https:\/\/www.organisator.ch\/de\/sustainability\/2018-05-29\/gefaehrlicher-einheitsmix-bei-blaualgen-in-seen\/","title":{"rendered":"Gef\u00e4hrlicher Einheitsmix bei Blaualgen in Seen"},"content":{"rendered":"<figure id=\"attachment_1714\" aria-describedby=\"caption-attachment-1714\" style=\"width: 680px\" class=\"wp-caption alignnone\"><img loading=\"lazy\" decoding=\"async\" class=\"size-medium wp-image-1714\" src=\"\/\/www.umweltperspektiven.ch\/wp-content\/uploads\/2018\/05\/Blaualgen-up_Umwelperspektiven.jpg\" alt=\"\" width=\"680\" height=\"453\" \/><figcaption id=\"caption-attachment-1714\" class=\"wp-caption-text\">Eine Untersuchung der EAWAG sieht gef\u00e4hrliches Potential durch Blaualgen in Schweizer Gew\u00e4ssern. (Bild: zVg)<\/figcaption><\/figure>\n<p>Baualgen, oder fachlich korrekt Cyanobakterien, sind anpassungsf\u00e4hige Organismen. Sie geh\u00f6ren im See zur untersten Stufe des Nahrungsnetzes. Noch vor rund 100 Jahren lebte in jedem See eine eigene, charakteristische Vielfalt von ihnen. Eine heute von Forscherinnen und Forschern aus der Schweiz und Frankreich in der Zeitschrift Nature &#8211; Ecology and Evolution ver\u00f6ffentlichte Studie zeigt nun, dass diese Unterschiede von See zu See immer kleiner werden \u2013 vom Bodensee bis zum Genfersee, vom Hallwilersee bis zum Lago Maggiore.<\/p>\n<p><strong>Sedimentkerne aus 10 Seen<\/strong><br \/>\nAus 10 Seen haben die Wissenschaftler Sedimentkerne entnommen, in den datierbaren Ablagerungen der letzten 100 Jahre das Erbgut (DNA) der Blaualgen analysiert und die Daten statistisch ausgewertet. So konnten sie verfolgen, wie die Zahl der genetisch differenzierbaren \u00abArten\u00bb zwar in einigen Seen gestiegen ist, die Zusammensetzung \u00fcber alle Seen betrachtet aber immer uniformer wird. Der Anteil seltener, nur in wenigen Seen angetroffener Arten und Artengruppen geht seit 1950 zur\u00fcck, der Anteil h\u00e4ufiger Arten hat sich vervierfacht.<\/p>\n<p><strong>Klimawandel und \u00dcberd\u00fcngung als Hauptgr\u00fcnde<\/strong><\/p>\n<p>Die Studie deckt zwei Hauptgr\u00fcnde auf f\u00fcr diesen Trend: steigende Temperaturen und die \u00dcberd\u00fcngung vieler Seen in den 1960er und 1970er Jahren. Die h\u00f6heren Temperaturen f\u00fchren zu l\u00e4nger anhaltenden Phasen, in denen die Seen nicht durchmischt werden weil warmes, leichteres Oberfl\u00e4chenwasser nicht in die Tiefe sinkt. Davon hat zum Beispiel im Z\u00fcrichsee die Burgunderblutalge Planktothrix rubescens profitiert. Sie ist bei den Wasserversorgern nicht beliebt, denn sie kann rote Algenteppiche bilden \u2013 daher der Name \u2013 und ist potentiell toxisch. \u00abGenerell scheinen diejenigen Arten zu den Profiteuren zu geh\u00f6ren, die ihre vertikale Position im See aktiv beeinflussen und auch mit weniger Licht leben k\u00f6nnen\u00bb, sagt Marie-Eve Monchamp, die Erstautorin der Studie, \u00abund genau unter diesen Arten sind viele toxisch.\u00bb Nebst der Burgunderblutalge geh\u00f6ren auch Microcystis-Arten und die invasive Art Dolichospermum lemmermannii dazu. Letztere war bisher vor allem von Seen n\u00f6rdlich der Alpen bekannt, macht sich nun aber auch im S\u00fcden breit.<\/p>\n<p><strong>Kaum Trendwende trotz Umweltver\u00e4nderungen<\/strong><br \/>\nInteressant ist, dass der Trend zur Gleichf\u00f6rmigkeit weitergeht trotz des R\u00fcckganges der hohen Phosphorwerte ab Mitte der 1970er Jahre. Die Autorinnen und Autoren f\u00fchren das unter anderem darauf zur\u00fcck, dass generell die Umweltbedingungen von See zu See immer weniger variieren. Auch seien die Temperaturdifferenzen zwischen den Seen s\u00fcdlich und n\u00f6rdlich der Alpen geringer 1\/2 Eawag: Das Wasserforschungsinstitut des ETH-Bereichs geworden. Und schliesslich seien die Konzentrationen von Stickstoff, dem zweiten wichtigen N\u00e4hrstoff, seit den 1970er Jahren nahezu unver\u00e4ndert hoch geblieben.<\/p>\n<p><em>Diese Studie entstand im Rahmen des Projektes \u00abThe impact of cyanobacterial blooms triggered by nutrient pollution on aquatic environments in the context of climate change\u00bb, das vom Schweizerischen Nationalfonds SNF unterst\u00fctzt wurde (Nr. 142165) .<\/em><\/p>\n<p><a href=\"\/\/www.eawag.ch\">www.eawag.ch<\/a><\/p>\n","protected":false},"excerpt":{"rendered":"<p>Baualgen, oder fachlich korrekt Cyanobakterien, sind anpassungsf\u00e4hige Organismen. Sie geh\u00f6ren im See zur untersten Stufe des Nahrungsnetzes. Noch vor rund 100 Jahren lebte in jedem See eine eigene, charakteristische Vielfalt von ihnen. Eine heute von Forscherinnen und Forschern aus der Schweiz und Frankreich in der Zeitschrift Nature &#8211; Ecology and Evolution ver\u00f6ffentlichte Studie zeigt nun, [&hellip;]<\/p>\n","protected":false},"author":5,"featured_media":9554,"comment_status":"open","ping_status":"open","sticky":false,"template":"","format":"standard","meta":{"_acf_changed":false,"_yoast_wpseo_focuskw":"Blaualgen","_yoast_wpseo_metadesc":"Die Zusammensetzung der Blaualgen in den Seen am Alpenrand wird seit fast 100 Jahren immer gleichf\u00f6rmiger. Profiteure der Klimaerw\u00e4rmung und des zeitweiligen N\u00e4hrstoff\u00fcberangebots sind dabei vor allem Arten, die sich sehr schnell an Ver\u00e4nderungen anpassen k\u00f6nnen und potentiell giftig sind.","articlekey":"","footnotes":""},"categories":[580],"tags":[767,853,600],"class_list":["post-1713","post","type-post","status-publish","format-standard","has-post-thumbnail","hentry","category-sustainability","tag-bakterien","tag-blaualgen","tag-wasser"],"acf":[],"yoast_head":"<!-- This site is optimized with the Yoast SEO plugin v27.5 - https:\/\/yoast.com\/product\/yoast-seo-wordpress\/ -->\n<title>Gef\u00e4hrlicher Einheitsmix bei Blaualgen in Seen - Organisator<\/title>\n<meta name=\"description\" content=\"Die Zusammensetzung der Blaualgen in den Seen am Alpenrand wird seit fast 100 Jahren immer gleichf\u00f6rmiger. Profiteure der Klimaerw\u00e4rmung und des zeitweiligen N\u00e4hrstoff\u00fcberangebots sind dabei vor allem Arten, die sich sehr schnell an Ver\u00e4nderungen anpassen k\u00f6nnen und potentiell giftig sind.\" \/>\n<meta name=\"robots\" content=\"index, follow, max-snippet:-1, max-image-preview:large, max-video-preview:-1\" \/>\n<link rel=\"canonical\" href=\"https:\/\/www.organisator.ch\/de\/sustainability\/2018-05-29\/gefaehrlicher-einheitsmix-bei-blaualgen-in-seen\/\" \/>\n<meta property=\"og:locale\" content=\"de_DE\" \/>\n<meta property=\"og:type\" content=\"article\" \/>\n<meta property=\"og:title\" content=\"Gef\u00e4hrlicher Einheitsmix bei Blaualgen in Seen - Organisator\" \/>\n<meta property=\"og:description\" content=\"Die Zusammensetzung der Blaualgen in den Seen am Alpenrand wird seit fast 100 Jahren immer gleichf\u00f6rmiger. Profiteure der Klimaerw\u00e4rmung und des zeitweiligen N\u00e4hrstoff\u00fcberangebots sind dabei vor allem Arten, die sich sehr schnell an Ver\u00e4nderungen anpassen k\u00f6nnen und potentiell giftig sind.\" \/>\n<meta property=\"og:url\" content=\"https:\/\/www.organisator.ch\/de\/sustainability\/2018-05-29\/gefaehrlicher-einheitsmix-bei-blaualgen-in-seen\/\" \/>\n<meta property=\"og:site_name\" content=\"Organisator\" \/>\n<meta property=\"article:publisher\" content=\"https:\/\/www.facebook.com\/OrganisatorFachmagazin\" \/>\n<meta property=\"article:published_time\" content=\"2018-05-29T15:11:03+00:00\" \/>\n<meta property=\"article:modified_time\" content=\"2022-02-09T10:10:54+00:00\" \/>\n<meta property=\"og:image\" content=\"https:\/\/www.organisator.ch\/wp-content\/uploads\/2018\/05\/Blaualgen-up_Umwelperspektiven.jpg\" \/>\n\t<meta property=\"og:image:width\" content=\"1800\" \/>\n\t<meta property=\"og:image:height\" content=\"1200\" \/>\n\t<meta property=\"og:image:type\" content=\"image\/jpeg\" \/>\n<meta name=\"author\" content=\"michael.merz\" \/>\n<meta name=\"twitter:card\" content=\"summary_large_image\" \/>\n<script type=\"application\/ld+json\" class=\"yoast-schema-graph\">{\"@context\":\"https:\\\/\\\/schema.org\",\"@graph\":[{\"@type\":\"Article\",\"@id\":\"https:\\\/\\\/www.organisator.ch\\\/sustainability\\\/2018-05-29\\\/gefaehrlicher-einheitsmix-bei-blaualgen-in-seen\\\/#article\",\"isPartOf\":{\"@id\":\"https:\\\/\\\/www.organisator.ch\\\/sustainability\\\/2018-05-29\\\/gefaehrlicher-einheitsmix-bei-blaualgen-in-seen\\\/\"},\"author\":{\"name\":\"michael.merz\",\"@id\":\"https:\\\/\\\/www.organisator.ch\\\/#\\\/schema\\\/person\\\/134708ca9321c57b0362cceb7948ffbd\"},\"headline\":\"Gef\u00e4hrlicher Einheitsmix bei Blaualgen in Seen\",\"datePublished\":\"2018-05-29T15:11:03+00:00\",\"dateModified\":\"2022-02-09T10:10:54+00:00\",\"mainEntityOfPage\":{\"@id\":\"https:\\\/\\\/www.organisator.ch\\\/sustainability\\\/2018-05-29\\\/gefaehrlicher-einheitsmix-bei-blaualgen-in-seen\\\/\"},\"wordCount\":482,\"commentCount\":0,\"publisher\":{\"@id\":\"https:\\\/\\\/www.organisator.ch\\\/#organization\"},\"image\":{\"@id\":\"https:\\\/\\\/www.organisator.ch\\\/sustainability\\\/2018-05-29\\\/gefaehrlicher-einheitsmix-bei-blaualgen-in-seen\\\/#primaryimage\"},\"thumbnailUrl\":\"https:\\\/\\\/www.organisator.ch\\\/wp-content\\\/uploads\\\/2018\\\/05\\\/Blaualgen-up_Umwelperspektiven.jpg\",\"keywords\":[\"Bakterien\",\"Blaualgen\",\"WASSER\"],\"articleSection\":[\"SUSTAINABILITY\"],\"inLanguage\":\"de\"},{\"@type\":\"WebPage\",\"@id\":\"https:\\\/\\\/www.organisator.ch\\\/sustainability\\\/2018-05-29\\\/gefaehrlicher-einheitsmix-bei-blaualgen-in-seen\\\/\",\"url\":\"https:\\\/\\\/www.organisator.ch\\\/sustainability\\\/2018-05-29\\\/gefaehrlicher-einheitsmix-bei-blaualgen-in-seen\\\/\",\"name\":\"Gef\u00e4hrlicher Einheitsmix bei Blaualgen in Seen - Organisator\",\"isPartOf\":{\"@id\":\"https:\\\/\\\/www.organisator.ch\\\/#website\"},\"primaryImageOfPage\":{\"@id\":\"https:\\\/\\\/www.organisator.ch\\\/sustainability\\\/2018-05-29\\\/gefaehrlicher-einheitsmix-bei-blaualgen-in-seen\\\/#primaryimage\"},\"image\":{\"@id\":\"https:\\\/\\\/www.organisator.ch\\\/sustainability\\\/2018-05-29\\\/gefaehrlicher-einheitsmix-bei-blaualgen-in-seen\\\/#primaryimage\"},\"thumbnailUrl\":\"https:\\\/\\\/www.organisator.ch\\\/wp-content\\\/uploads\\\/2018\\\/05\\\/Blaualgen-up_Umwelperspektiven.jpg\",\"datePublished\":\"2018-05-29T15:11:03+00:00\",\"dateModified\":\"2022-02-09T10:10:54+00:00\",\"description\":\"Die Zusammensetzung der Blaualgen in den Seen am Alpenrand wird seit fast 100 Jahren immer gleichf\u00f6rmiger. Profiteure der Klimaerw\u00e4rmung und des zeitweiligen N\u00e4hrstoff\u00fcberangebots sind dabei vor allem Arten, die sich sehr schnell an Ver\u00e4nderungen anpassen k\u00f6nnen und potentiell giftig sind.\",\"breadcrumb\":{\"@id\":\"https:\\\/\\\/www.organisator.ch\\\/sustainability\\\/2018-05-29\\\/gefaehrlicher-einheitsmix-bei-blaualgen-in-seen\\\/#breadcrumb\"},\"inLanguage\":\"de\",\"potentialAction\":[{\"@type\":\"ReadAction\",\"target\":[\"https:\\\/\\\/www.organisator.ch\\\/sustainability\\\/2018-05-29\\\/gefaehrlicher-einheitsmix-bei-blaualgen-in-seen\\\/\"]}]},{\"@type\":\"ImageObject\",\"inLanguage\":\"de\",\"@id\":\"https:\\\/\\\/www.organisator.ch\\\/sustainability\\\/2018-05-29\\\/gefaehrlicher-einheitsmix-bei-blaualgen-in-seen\\\/#primaryimage\",\"url\":\"https:\\\/\\\/www.organisator.ch\\\/wp-content\\\/uploads\\\/2018\\\/05\\\/Blaualgen-up_Umwelperspektiven.jpg\",\"contentUrl\":\"https:\\\/\\\/www.organisator.ch\\\/wp-content\\\/uploads\\\/2018\\\/05\\\/Blaualgen-up_Umwelperspektiven.jpg\",\"width\":1800,\"height\":1200,\"caption\":\"Eine Untersuchung der EAWAG sieht gef\u00e4hrliches Potential bei Blaualgen in Schweizer Gew\u00e4ssern. (Bild: zVg)\"},{\"@type\":\"BreadcrumbList\",\"@id\":\"https:\\\/\\\/www.organisator.ch\\\/sustainability\\\/2018-05-29\\\/gefaehrlicher-einheitsmix-bei-blaualgen-in-seen\\\/#breadcrumb\",\"itemListElement\":[{\"@type\":\"ListItem\",\"position\":1,\"name\":\"Home\",\"item\":\"https:\\\/\\\/www.organisator.ch\\\/\"},{\"@type\":\"ListItem\",\"position\":2,\"name\":\"Gef\u00e4hrlicher Einheitsmix bei Blaualgen in Seen\"}]},{\"@type\":\"WebSite\",\"@id\":\"https:\\\/\\\/www.organisator.ch\\\/#website\",\"url\":\"https:\\\/\\\/www.organisator.ch\\\/\",\"name\":\"Organisator\",\"description\":\"Kompetent. Praxisnah. Der ORGANISATOR bereitet in 10 Ausgaben pro Jahr die wesentlichen Themen f\u00fcr F\u00fchrungskr\u00e4fte von KMU auf.\",\"publisher\":{\"@id\":\"https:\\\/\\\/www.organisator.ch\\\/#organization\"},\"potentialAction\":[{\"@type\":\"SearchAction\",\"target\":{\"@type\":\"EntryPoint\",\"urlTemplate\":\"https:\\\/\\\/www.organisator.ch\\\/?s={search_term_string}\"},\"query-input\":{\"@type\":\"PropertyValueSpecification\",\"valueRequired\":true,\"valueName\":\"search_term_string\"}}],\"inLanguage\":\"de\"},{\"@type\":\"Organization\",\"@id\":\"https:\\\/\\\/www.organisator.ch\\\/#organization\",\"name\":\"Organisator\",\"url\":\"https:\\\/\\\/www.organisator.ch\\\/\",\"logo\":{\"@type\":\"ImageObject\",\"inLanguage\":\"de\",\"@id\":\"https:\\\/\\\/www.organisator.ch\\\/#\\\/schema\\\/logo\\\/image\\\/\",\"url\":\"https:\\\/\\\/www.organisator.ch\\\/wp-content\\\/uploads\\\/2022\\\/01\\\/Logo_Organisator_Website.png\",\"contentUrl\":\"https:\\\/\\\/www.organisator.ch\\\/wp-content\\\/uploads\\\/2022\\\/01\\\/Logo_Organisator_Website.png\",\"width\":800,\"height\":77,\"caption\":\"Organisator\"},\"image\":{\"@id\":\"https:\\\/\\\/www.organisator.ch\\\/#\\\/schema\\\/logo\\\/image\\\/\"},\"sameAs\":[\"https:\\\/\\\/www.facebook.com\\\/OrganisatorFachmagazin\",\"https:\\\/\\\/www.linkedin.com\\\/showcase\\\/organisator-das-magazin-fr-kmu\",\"https:\\\/\\\/www.xing.com\\\/news\\\/pages\\\/organisator-ch-695\",\"https:\\\/\\\/www.youtube.com\\\/channel\\\/UCGP2Sq0iWaZwT3BdIAQFYpw\"]},{\"@type\":\"Person\",\"@id\":\"https:\\\/\\\/www.organisator.ch\\\/#\\\/schema\\\/person\\\/134708ca9321c57b0362cceb7948ffbd\",\"name\":\"michael.merz\",\"image\":{\"@type\":\"ImageObject\",\"inLanguage\":\"de\",\"@id\":\"https:\\\/\\\/secure.gravatar.com\\\/avatar\\\/?s=96&d=mm&r=g\",\"url\":\"https:\\\/\\\/secure.gravatar.com\\\/avatar\\\/?s=96&d=mm&r=g\",\"contentUrl\":\"https:\\\/\\\/secure.gravatar.com\\\/avatar\\\/?s=96&d=mm&r=g\",\"caption\":\"michael.merz\"},\"url\":\"https:\\\/\\\/www.organisator.ch\\\/de\\\/author\\\/michael-merz\\\/\"}]}<\/script>\n<!-- \/ Yoast SEO plugin. -->","yoast_head_json":{"title":"Gef\u00e4hrlicher Einheitsmix bei Blaualgen in Seen - Organisator","description":"Die Zusammensetzung der Blaualgen in den Seen am Alpenrand wird seit fast 100 Jahren immer gleichf\u00f6rmiger. Profiteure der Klimaerw\u00e4rmung und des zeitweiligen N\u00e4hrstoff\u00fcberangebots sind dabei vor allem Arten, die sich sehr schnell an Ver\u00e4nderungen anpassen k\u00f6nnen und potentiell giftig sind.","robots":{"index":"index","follow":"follow","max-snippet":"max-snippet:-1","max-image-preview":"max-image-preview:large","max-video-preview":"max-video-preview:-1"},"canonical":"https:\/\/www.organisator.ch\/de\/sustainability\/2018-05-29\/gefaehrlicher-einheitsmix-bei-blaualgen-in-seen\/","og_locale":"de_DE","og_type":"article","og_title":"Gef\u00e4hrlicher Einheitsmix bei Blaualgen in Seen - Organisator","og_description":"Die Zusammensetzung der Blaualgen in den Seen am Alpenrand wird seit fast 100 Jahren immer gleichf\u00f6rmiger. Profiteure der Klimaerw\u00e4rmung und des zeitweiligen N\u00e4hrstoff\u00fcberangebots sind dabei vor allem Arten, die sich sehr schnell an Ver\u00e4nderungen anpassen k\u00f6nnen und potentiell giftig sind.","og_url":"https:\/\/www.organisator.ch\/de\/sustainability\/2018-05-29\/gefaehrlicher-einheitsmix-bei-blaualgen-in-seen\/","og_site_name":"Organisator","article_publisher":"https:\/\/www.facebook.com\/OrganisatorFachmagazin","article_published_time":"2018-05-29T15:11:03+00:00","article_modified_time":"2022-02-09T10:10:54+00:00","og_image":[{"width":1800,"height":1200,"url":"https:\/\/www.organisator.ch\/wp-content\/uploads\/2018\/05\/Blaualgen-up_Umwelperspektiven.jpg","type":"image\/jpeg"}],"author":"michael.merz","twitter_card":"summary_large_image","schema":{"@context":"https:\/\/schema.org","@graph":[{"@type":"Article","@id":"https:\/\/www.organisator.ch\/sustainability\/2018-05-29\/gefaehrlicher-einheitsmix-bei-blaualgen-in-seen\/#article","isPartOf":{"@id":"https:\/\/www.organisator.ch\/sustainability\/2018-05-29\/gefaehrlicher-einheitsmix-bei-blaualgen-in-seen\/"},"author":{"name":"michael.merz","@id":"https:\/\/www.organisator.ch\/#\/schema\/person\/134708ca9321c57b0362cceb7948ffbd"},"headline":"Gef\u00e4hrlicher Einheitsmix bei Blaualgen in Seen","datePublished":"2018-05-29T15:11:03+00:00","dateModified":"2022-02-09T10:10:54+00:00","mainEntityOfPage":{"@id":"https:\/\/www.organisator.ch\/sustainability\/2018-05-29\/gefaehrlicher-einheitsmix-bei-blaualgen-in-seen\/"},"wordCount":482,"commentCount":0,"publisher":{"@id":"https:\/\/www.organisator.ch\/#organization"},"image":{"@id":"https:\/\/www.organisator.ch\/sustainability\/2018-05-29\/gefaehrlicher-einheitsmix-bei-blaualgen-in-seen\/#primaryimage"},"thumbnailUrl":"https:\/\/www.organisator.ch\/wp-content\/uploads\/2018\/05\/Blaualgen-up_Umwelperspektiven.jpg","keywords":["Bakterien","Blaualgen","WASSER"],"articleSection":["SUSTAINABILITY"],"inLanguage":"de"},{"@type":"WebPage","@id":"https:\/\/www.organisator.ch\/sustainability\/2018-05-29\/gefaehrlicher-einheitsmix-bei-blaualgen-in-seen\/","url":"https:\/\/www.organisator.ch\/sustainability\/2018-05-29\/gefaehrlicher-einheitsmix-bei-blaualgen-in-seen\/","name":"Gef\u00e4hrlicher Einheitsmix bei Blaualgen in Seen - Organisator","isPartOf":{"@id":"https:\/\/www.organisator.ch\/#website"},"primaryImageOfPage":{"@id":"https:\/\/www.organisator.ch\/sustainability\/2018-05-29\/gefaehrlicher-einheitsmix-bei-blaualgen-in-seen\/#primaryimage"},"image":{"@id":"https:\/\/www.organisator.ch\/sustainability\/2018-05-29\/gefaehrlicher-einheitsmix-bei-blaualgen-in-seen\/#primaryimage"},"thumbnailUrl":"https:\/\/www.organisator.ch\/wp-content\/uploads\/2018\/05\/Blaualgen-up_Umwelperspektiven.jpg","datePublished":"2018-05-29T15:11:03+00:00","dateModified":"2022-02-09T10:10:54+00:00","description":"Die Zusammensetzung der Blaualgen in den Seen am Alpenrand wird seit fast 100 Jahren immer gleichf\u00f6rmiger. Profiteure der Klimaerw\u00e4rmung und des zeitweiligen N\u00e4hrstoff\u00fcberangebots sind dabei vor allem Arten, die sich sehr schnell an Ver\u00e4nderungen anpassen k\u00f6nnen und potentiell giftig sind.","breadcrumb":{"@id":"https:\/\/www.organisator.ch\/sustainability\/2018-05-29\/gefaehrlicher-einheitsmix-bei-blaualgen-in-seen\/#breadcrumb"},"inLanguage":"de","potentialAction":[{"@type":"ReadAction","target":["https:\/\/www.organisator.ch\/sustainability\/2018-05-29\/gefaehrlicher-einheitsmix-bei-blaualgen-in-seen\/"]}]},{"@type":"ImageObject","inLanguage":"de","@id":"https:\/\/www.organisator.ch\/sustainability\/2018-05-29\/gefaehrlicher-einheitsmix-bei-blaualgen-in-seen\/#primaryimage","url":"https:\/\/www.organisator.ch\/wp-content\/uploads\/2018\/05\/Blaualgen-up_Umwelperspektiven.jpg","contentUrl":"https:\/\/www.organisator.ch\/wp-content\/uploads\/2018\/05\/Blaualgen-up_Umwelperspektiven.jpg","width":1800,"height":1200,"caption":"Eine Untersuchung der EAWAG sieht gef\u00e4hrliches Potential bei Blaualgen in Schweizer Gew\u00e4ssern. (Bild: zVg)"},{"@type":"BreadcrumbList","@id":"https:\/\/www.organisator.ch\/sustainability\/2018-05-29\/gefaehrlicher-einheitsmix-bei-blaualgen-in-seen\/#breadcrumb","itemListElement":[{"@type":"ListItem","position":1,"name":"Home","item":"https:\/\/www.organisator.ch\/"},{"@type":"ListItem","position":2,"name":"Gef\u00e4hrlicher Einheitsmix bei Blaualgen in Seen"}]},{"@type":"WebSite","@id":"https:\/\/www.organisator.ch\/#website","url":"https:\/\/www.organisator.ch\/","name":"Organisator","description":"Kompetent. Praxisnah. Der ORGANISATOR bereitet in 10 Ausgaben pro Jahr die wesentlichen Themen f\u00fcr F\u00fchrungskr\u00e4fte von KMU auf.","publisher":{"@id":"https:\/\/www.organisator.ch\/#organization"},"potentialAction":[{"@type":"SearchAction","target":{"@type":"EntryPoint","urlTemplate":"https:\/\/www.organisator.ch\/?s={search_term_string}"},"query-input":{"@type":"PropertyValueSpecification","valueRequired":true,"valueName":"search_term_string"}}],"inLanguage":"de"},{"@type":"Organization","@id":"https:\/\/www.organisator.ch\/#organization","name":"Organisator","url":"https:\/\/www.organisator.ch\/","logo":{"@type":"ImageObject","inLanguage":"de","@id":"https:\/\/www.organisator.ch\/#\/schema\/logo\/image\/","url":"https:\/\/www.organisator.ch\/wp-content\/uploads\/2022\/01\/Logo_Organisator_Website.png","contentUrl":"https:\/\/www.organisator.ch\/wp-content\/uploads\/2022\/01\/Logo_Organisator_Website.png","width":800,"height":77,"caption":"Organisator"},"image":{"@id":"https:\/\/www.organisator.ch\/#\/schema\/logo\/image\/"},"sameAs":["https:\/\/www.facebook.com\/OrganisatorFachmagazin","https:\/\/www.linkedin.com\/showcase\/organisator-das-magazin-fr-kmu","https:\/\/www.xing.com\/news\/pages\/organisator-ch-695","https:\/\/www.youtube.com\/channel\/UCGP2Sq0iWaZwT3BdIAQFYpw"]},{"@type":"Person","@id":"https:\/\/www.organisator.ch\/#\/schema\/person\/134708ca9321c57b0362cceb7948ffbd","name":"michael.merz","image":{"@type":"ImageObject","inLanguage":"de","@id":"https:\/\/secure.gravatar.com\/avatar\/?s=96&d=mm&r=g","url":"https:\/\/secure.gravatar.com\/avatar\/?s=96&d=mm&r=g","contentUrl":"https:\/\/secure.gravatar.com\/avatar\/?s=96&d=mm&r=g","caption":"michael.merz"},"url":"https:\/\/www.organisator.ch\/de\/author\/michael-merz\/"}]}},"_links":{"self":[{"href":"https:\/\/www.organisator.ch\/de\/wp-json\/wp\/v2\/posts\/1713","targetHints":{"allow":["GET"]}}],"collection":[{"href":"https:\/\/www.organisator.ch\/de\/wp-json\/wp\/v2\/posts"}],"about":[{"href":"https:\/\/www.organisator.ch\/de\/wp-json\/wp\/v2\/types\/post"}],"author":[{"embeddable":true,"href":"https:\/\/www.organisator.ch\/de\/wp-json\/wp\/v2\/users\/5"}],"replies":[{"embeddable":true,"href":"https:\/\/www.organisator.ch\/de\/wp-json\/wp\/v2\/comments?post=1713"}],"version-history":[{"count":1,"href":"https:\/\/www.organisator.ch\/de\/wp-json\/wp\/v2\/posts\/1713\/revisions"}],"predecessor-version":[{"id":11031,"href":"https:\/\/www.organisator.ch\/de\/wp-json\/wp\/v2\/posts\/1713\/revisions\/11031"}],"wp:featuredmedia":[{"embeddable":true,"href":"https:\/\/www.organisator.ch\/de\/wp-json\/wp\/v2\/media\/9554"}],"wp:attachment":[{"href":"https:\/\/www.organisator.ch\/de\/wp-json\/wp\/v2\/media?parent=1713"}],"wp:term":[{"taxonomy":"category","embeddable":true,"href":"https:\/\/www.organisator.ch\/de\/wp-json\/wp\/v2\/categories?post=1713"},{"taxonomy":"post_tag","embeddable":true,"href":"https:\/\/www.organisator.ch\/de\/wp-json\/wp\/v2\/tags?post=1713"}],"curies":[{"name":"wp","href":"https:\/\/api.w.org\/{rel}","templated":true}]}}