{"id":17132,"date":"2022-09-30T13:38:33","date_gmt":"2022-09-30T11:38:33","guid":{"rendered":"https:\/\/www.werbewoche.ch\/?p=187423"},"modified":"2024-11-21T07:53:07","modified_gmt":"2024-11-21T06:53:07","slug":"thjnk-zuerich-und-loved-realisieren-rebranding-fuer-ochsner-sport","status":"publish","type":"post","link":"https:\/\/www.organisator.ch\/de\/marketing\/2022-09-30\/thjnk-zuerich-und-loved-realisieren-rebranding-fuer-ochsner-sport\/","title":{"rendered":"Thjnk Z\u00fcrich und Loved realisieren Rebranding f\u00fcr Ochsner Sport"},"content":{"rendered":"<p><img class=\"aligncenter wp-image-187425 size-full\" src=\"https:\/\/www.werbewoche.ch\/wp-content\/uploads\/2022\/09\/OSP-Rebranding-Logo.jpg\" alt=\"Ochsner Sport\" width=\"1200\" height=\"675\" \/>Seit 2019 setzt Ochsner Sport den Fokus verst\u00e4rkt auf Performance und Sportkompetenz. Der Sportfachh\u00e4ndler hat seinen Markenauftritt seither konstant weiterentwickelt. Das Unternehmen positioniert sich dabei unter dem Gedanken von \u00abAccessible Aspiration\u00bb und richtet Angebot und Service vermehrt auf Menschen aus, die selbst Sport auf einem h\u00f6heren Level machen oder machen wollen.<\/p>\r\n<p>Um den Anspr\u00fcchen dieser Sportler:innen entgegenzukommen, wird auf Ski, Run &amp; Train, Outdoor und Bike gesetzt. In diesen vier Fokussportarten hat Ochsner Sport eigenen Angaben zufolge das beste Angebot, und auch die Kompetenzen laufend ausgebaut.<\/p>\r\n<p>Im Bereich Running gibt es beispielsweise ein ganzes Universum, das man L\u00e4ufer:innen anbietet. Von der dynamischen Laufanalyse, \u00fcber Running-Gruppen um Europameister Viktor R\u00f6thlin, Running-Veranstaltungen und Marathons bis hin zur eigenen Running-App \u00abRuntime\u00bb mit einem einzigartigen Podcast, der nur abspielt, wenn man selbst rennt.<\/p>\r\n<p><\/p>\r\n<p>Der Claim \u00abDie Schweiz ist unser Sportplatz\u00bb ist fest in der DNA des Unternehmens verankert und wurde mit verschiedenen Kampagnen zementiert und immer wieder neu dramatisiert. Jetzt hat Ochsner Sport in Zusammenarbeit mit der Agentur Loved aus der Thjnk-Gruppe und Thjnk Z\u00fcrich ein neues Logo entwickelt. Das Rebranding sei gem\u00e4ss Unternehmen der n\u00e4chste konsequente Schritt zur Strategie \u00abPerformance und Sportkompetenz\u00bb.<\/p>\r\n<p>Das neue Logo soll Performance und ein souver\u00e4nes, kraftvolles Selbstbewusstsein widerspiegeln. Transportiert durch die sehr klare und geometrische Typografie \u00abGalano Grotesque\u00bb in mutigem Bold gesetzt. Sportlichkeit, Performance, Geschwindigkeit und Wettbewerb kommen durch das bewegte Digit ins Spiel, das an eine Stoppuhr aus dem Sport und Bewegung im Allgemeinen erinnert.<\/p>\r\n<p>Das neue Logo wird ab Freitag stufenweise ausgerollt. Zuerst sieht man es in allen Filialen an \u00fcber 80 Standorten in der ganzen Schweiz.<img class=\"aligncenter size-full wp-image-187424\" src=\"https:\/\/www.werbewoche.ch\/wp-content\/uploads\/2022\/09\/OSP-Rebranding-U%CC%88bersicht.jpg\" alt=\"\" width=\"1200\" height=\"675\" \/><\/p>\r\n<hr \/>\r\n<p><strong>Verantwortlich bei Ochsner Sport:<\/strong> Marco Greco (Leiter Marketing), Patrizia Fiechter (Teamleiterin Kl. Kommunikation), Patrick K\u00e4ser (Teamleiter Content &amp; Social Media), Andreas (Z\u00fcger, Kl. Kommunikation &amp; PR), Nathalie Brunner (Kl. Kommunikation), Jan Schmitter (Content &amp; Social Media), Janina Stettler (Content &amp; Social Media), Tavi Venzin (Content &amp; Social Media). <strong>Verantwortlich bei Thjnk Z\u00fcrich:<\/strong> Alexander Jaggy, Pablo Schencke (GF Kreation), Gordon Nemitz (GF Strategie), Andrea Bison (GF Beratung), Lukas Amgwerd (Creative Direction), Lukas Frischknecht (Art Direction), Marie Vuilleumier, Andrea H\u00e4fliger (Beratung). <strong>Verantwortlich bei Loved:<\/strong> Maik Beimdieck (Executive Creative Director), Nicolai Diekmann (Art Direction), Valentina v. Cramm (Account Director), Lilli Oldag (Account Manager).<\/p>","protected":false},"excerpt":{"rendered":"<p>Seit 2019 setzt Ochsner Sport den Fokus verst\u00e4rkt auf Performance und Sportkompetenz. Der Sportfachh\u00e4ndler hat seinen Markenauftritt seither konstant weiterentwickelt. Das Unternehmen positioniert sich dabei unter dem Gedanken von \u00abAccessible Aspiration\u00bb und richtet Angebot und Service vermehrt auf Menschen aus, die selbst Sport auf einem h\u00f6heren Level machen oder machen wollen. Um den Anspr\u00fcchen dieser [\u2026]<\/p>\n","protected":false},"author":8,"featured_media":0,"comment_status":"closed","ping_status":"closed","sticky":false,"template":"","format":"standard","meta":{"_acf_changed":false,"_yoast_wpseo_focuskw":"Ochsner Sport","_yoast_wpseo_metadesc":"Ochsner Sport pr\u00e4sentiert neues Logo: Performance und Sportkompetenz im Fokus. Rollout in \u00fcber 80 Filialen in der Schweiz.","articlekey":"","footnotes":""},"categories":[29],"tags":[3426],"class_list":["post-17132","post","type-post","status-publish","format-standard","hentry","category-marketing","tag-ochsner-sport"],"acf":[],"yoast_head":"<!-- This site is optimized with the Yoast SEO plugin v27.5 - https:\/\/yoast.com\/product\/yoast-seo-wordpress\/ -->\n<title>Thjnk Z\u00fcrich und Loved realisieren Rebranding f\u00fcr Ochsner Sport - Organisator<\/title>\n<meta name=\"description\" content=\"Ochsner Sport pr\u00e4sentiert neues Logo: Performance und Sportkompetenz im Fokus. Rollout in \u00fcber 80 Filialen in der Schweiz.\" \/>\n<meta name=\"robots\" content=\"index, follow, max-snippet:-1, max-image-preview:large, max-video-preview:-1\" \/>\n<link rel=\"canonical\" href=\"https:\/\/www.organisator.ch\/de\/marketing\/2022-09-30\/thjnk-zuerich-und-loved-realisieren-rebranding-fuer-ochsner-sport\/\" \/>\n<meta property=\"og:locale\" content=\"de_DE\" \/>\n<meta property=\"og:type\" content=\"article\" \/>\n<meta property=\"og:title\" content=\"Thjnk Z\u00fcrich und Loved realisieren Rebranding f\u00fcr Ochsner Sport - Organisator\" \/>\n<meta property=\"og:description\" content=\"Ochsner Sport pr\u00e4sentiert neues Logo: Performance und Sportkompetenz im Fokus. Rollout in \u00fcber 80 Filialen in der Schweiz.\" \/>\n<meta property=\"og:url\" content=\"https:\/\/www.organisator.ch\/de\/marketing\/2022-09-30\/thjnk-zuerich-und-loved-realisieren-rebranding-fuer-ochsner-sport\/\" \/>\n<meta property=\"og:site_name\" content=\"Organisator\" \/>\n<meta property=\"article:publisher\" content=\"https:\/\/www.facebook.com\/OrganisatorFachmagazin\" \/>\n<meta property=\"article:published_time\" content=\"2022-09-30T11:38:33+00:00\" \/>\n<meta property=\"article:modified_time\" content=\"2024-11-21T06:53:07+00:00\" \/>\n<meta name=\"author\" content=\"galledia\" \/>\n<meta name=\"twitter:card\" content=\"summary_large_image\" \/>\n<meta name=\"twitter:creator\" content=\"@admin\" \/>\n<script type=\"application\/ld+json\" class=\"yoast-schema-graph\">{\"@context\":\"https:\\\/\\\/schema.org\",\"@graph\":[{\"@type\":\"Article\",\"@id\":\"https:\\\/\\\/www.organisator.ch\\\/marketing\\\/2022-09-30\\\/thjnk-zuerich-und-loved-realisieren-rebranding-fuer-ochsner-sport\\\/#article\",\"isPartOf\":{\"@id\":\"https:\\\/\\\/www.organisator.ch\\\/marketing\\\/2022-09-30\\\/thjnk-zuerich-und-loved-realisieren-rebranding-fuer-ochsner-sport\\\/\"},\"author\":{\"name\":\"galledia\",\"@id\":\"https:\\\/\\\/www.organisator.ch\\\/#\\\/schema\\\/person\\\/4e51799071cd2dd1232ac003643ef5f0\"},\"headline\":\"Thjnk Z\u00fcrich und Loved realisieren Rebranding f\u00fcr Ochsner Sport\",\"datePublished\":\"2022-09-30T11:38:33+00:00\",\"dateModified\":\"2024-11-21T06:53:07+00:00\",\"mainEntityOfPage\":{\"@id\":\"https:\\\/\\\/www.organisator.ch\\\/marketing\\\/2022-09-30\\\/thjnk-zuerich-und-loved-realisieren-rebranding-fuer-ochsner-sport\\\/\"},\"wordCount\":386,\"publisher\":{\"@id\":\"https:\\\/\\\/www.organisator.ch\\\/#organization\"},\"image\":{\"@id\":\"https:\\\/\\\/www.organisator.ch\\\/marketing\\\/2022-09-30\\\/thjnk-zuerich-und-loved-realisieren-rebranding-fuer-ochsner-sport\\\/#primaryimage\"},\"thumbnailUrl\":\"https:\\\/\\\/www.werbewoche.ch\\\/wp-content\\\/uploads\\\/2022\\\/09\\\/OSP-Rebranding-Logo.jpg\",\"keywords\":[\"Ochsner Sport\"],\"articleSection\":[\"MARKETING\"],\"inLanguage\":\"de\"},{\"@type\":\"WebPage\",\"@id\":\"https:\\\/\\\/www.organisator.ch\\\/marketing\\\/2022-09-30\\\/thjnk-zuerich-und-loved-realisieren-rebranding-fuer-ochsner-sport\\\/\",\"url\":\"https:\\\/\\\/www.organisator.ch\\\/marketing\\\/2022-09-30\\\/thjnk-zuerich-und-loved-realisieren-rebranding-fuer-ochsner-sport\\\/\",\"name\":\"Thjnk Z\u00fcrich und Loved realisieren Rebranding f\u00fcr Ochsner Sport - Organisator\",\"isPartOf\":{\"@id\":\"https:\\\/\\\/www.organisator.ch\\\/#website\"},\"primaryImageOfPage\":{\"@id\":\"https:\\\/\\\/www.organisator.ch\\\/marketing\\\/2022-09-30\\\/thjnk-zuerich-und-loved-realisieren-rebranding-fuer-ochsner-sport\\\/#primaryimage\"},\"image\":{\"@id\":\"https:\\\/\\\/www.organisator.ch\\\/marketing\\\/2022-09-30\\\/thjnk-zuerich-und-loved-realisieren-rebranding-fuer-ochsner-sport\\\/#primaryimage\"},\"thumbnailUrl\":\"https:\\\/\\\/www.werbewoche.ch\\\/wp-content\\\/uploads\\\/2022\\\/09\\\/OSP-Rebranding-Logo.jpg\",\"datePublished\":\"2022-09-30T11:38:33+00:00\",\"dateModified\":\"2024-11-21T06:53:07+00:00\",\"description\":\"Ochsner Sport pr\u00e4sentiert neues Logo: Performance und Sportkompetenz im Fokus. Rollout in \u00fcber 80 Filialen in der Schweiz.\",\"breadcrumb\":{\"@id\":\"https:\\\/\\\/www.organisator.ch\\\/marketing\\\/2022-09-30\\\/thjnk-zuerich-und-loved-realisieren-rebranding-fuer-ochsner-sport\\\/#breadcrumb\"},\"inLanguage\":\"de\",\"potentialAction\":[{\"@type\":\"ReadAction\",\"target\":[\"https:\\\/\\\/www.organisator.ch\\\/marketing\\\/2022-09-30\\\/thjnk-zuerich-und-loved-realisieren-rebranding-fuer-ochsner-sport\\\/\"]}]},{\"@type\":\"ImageObject\",\"inLanguage\":\"de\",\"@id\":\"https:\\\/\\\/www.organisator.ch\\\/marketing\\\/2022-09-30\\\/thjnk-zuerich-und-loved-realisieren-rebranding-fuer-ochsner-sport\\\/#primaryimage\",\"url\":\"https:\\\/\\\/www.werbewoche.ch\\\/wp-content\\\/uploads\\\/2022\\\/09\\\/OSP-Rebranding-Logo.jpg\",\"contentUrl\":\"https:\\\/\\\/www.werbewoche.ch\\\/wp-content\\\/uploads\\\/2022\\\/09\\\/OSP-Rebranding-Logo.jpg\"},{\"@type\":\"BreadcrumbList\",\"@id\":\"https:\\\/\\\/www.organisator.ch\\\/marketing\\\/2022-09-30\\\/thjnk-zuerich-und-loved-realisieren-rebranding-fuer-ochsner-sport\\\/#breadcrumb\",\"itemListElement\":[{\"@type\":\"ListItem\",\"position\":1,\"name\":\"Home\",\"item\":\"https:\\\/\\\/www.organisator.ch\\\/\"},{\"@type\":\"ListItem\",\"position\":2,\"name\":\"Thjnk Z\u00fcrich und Loved realisieren Rebranding f\u00fcr Ochsner Sport\"}]},{\"@type\":\"WebSite\",\"@id\":\"https:\\\/\\\/www.organisator.ch\\\/#website\",\"url\":\"https:\\\/\\\/www.organisator.ch\\\/\",\"name\":\"Organisator\",\"description\":\"Kompetent. Praxisnah. Der ORGANISATOR bereitet in 10 Ausgaben pro Jahr die wesentlichen Themen f\u00fcr F\u00fchrungskr\u00e4fte von KMU auf.\",\"publisher\":{\"@id\":\"https:\\\/\\\/www.organisator.ch\\\/#organization\"},\"potentialAction\":[{\"@type\":\"SearchAction\",\"target\":{\"@type\":\"EntryPoint\",\"urlTemplate\":\"https:\\\/\\\/www.organisator.ch\\\/?s={search_term_string}\"},\"query-input\":{\"@type\":\"PropertyValueSpecification\",\"valueRequired\":true,\"valueName\":\"search_term_string\"}}],\"inLanguage\":\"de\"},{\"@type\":\"Organization\",\"@id\":\"https:\\\/\\\/www.organisator.ch\\\/#organization\",\"name\":\"Organisator\",\"url\":\"https:\\\/\\\/www.organisator.ch\\\/\",\"logo\":{\"@type\":\"ImageObject\",\"inLanguage\":\"de\",\"@id\":\"https:\\\/\\\/www.organisator.ch\\\/#\\\/schema\\\/logo\\\/image\\\/\",\"url\":\"https:\\\/\\\/www.organisator.ch\\\/wp-content\\\/uploads\\\/2022\\\/01\\\/Logo_Organisator_Website.png\",\"contentUrl\":\"https:\\\/\\\/www.organisator.ch\\\/wp-content\\\/uploads\\\/2022\\\/01\\\/Logo_Organisator_Website.png\",\"width\":800,\"height\":77,\"caption\":\"Organisator\"},\"image\":{\"@id\":\"https:\\\/\\\/www.organisator.ch\\\/#\\\/schema\\\/logo\\\/image\\\/\"},\"sameAs\":[\"https:\\\/\\\/www.facebook.com\\\/OrganisatorFachmagazin\",\"https:\\\/\\\/www.linkedin.com\\\/showcase\\\/organisator-das-magazin-fr-kmu\",\"https:\\\/\\\/www.xing.com\\\/news\\\/pages\\\/organisator-ch-695\",\"https:\\\/\\\/www.youtube.com\\\/channel\\\/UCGP2Sq0iWaZwT3BdIAQFYpw\"]},{\"@type\":\"Person\",\"@id\":\"https:\\\/\\\/www.organisator.ch\\\/#\\\/schema\\\/person\\\/4e51799071cd2dd1232ac003643ef5f0\",\"name\":\"galledia\",\"image\":{\"@type\":\"ImageObject\",\"inLanguage\":\"de\",\"@id\":\"https:\\\/\\\/secure.gravatar.com\\\/avatar\\\/78a7f90c01fc2bfc875782a0d4922b37cde2cf184ce347b91316d23cd7f69a36?s=96&d=mm&r=g\",\"url\":\"https:\\\/\\\/secure.gravatar.com\\\/avatar\\\/78a7f90c01fc2bfc875782a0d4922b37cde2cf184ce347b91316d23cd7f69a36?s=96&d=mm&r=g\",\"contentUrl\":\"https:\\\/\\\/secure.gravatar.com\\\/avatar\\\/78a7f90c01fc2bfc875782a0d4922b37cde2cf184ce347b91316d23cd7f69a36?s=96&d=mm&r=g\",\"caption\":\"galledia\"},\"sameAs\":[\"https:\\\/\\\/x.com\\\/admin\"],\"url\":\"https:\\\/\\\/www.organisator.ch\\\/de\\\/author\\\/galledia\\\/\"}]}<\/script>\n<!-- \/ Yoast SEO plugin. -->","yoast_head_json":{"title":"Thjnk Z\u00fcrich und Loved realisieren Rebranding f\u00fcr Ochsner Sport - Organisator","description":"Ochsner Sport pr\u00e4sentiert neues Logo: Performance und Sportkompetenz im Fokus. Rollout in \u00fcber 80 Filialen in der Schweiz.","robots":{"index":"index","follow":"follow","max-snippet":"max-snippet:-1","max-image-preview":"max-image-preview:large","max-video-preview":"max-video-preview:-1"},"canonical":"https:\/\/www.organisator.ch\/de\/marketing\/2022-09-30\/thjnk-zuerich-und-loved-realisieren-rebranding-fuer-ochsner-sport\/","og_locale":"de_DE","og_type":"article","og_title":"Thjnk Z\u00fcrich und Loved realisieren Rebranding f\u00fcr Ochsner Sport - Organisator","og_description":"Ochsner Sport pr\u00e4sentiert neues Logo: Performance und Sportkompetenz im Fokus. Rollout in \u00fcber 80 Filialen in der Schweiz.","og_url":"https:\/\/www.organisator.ch\/de\/marketing\/2022-09-30\/thjnk-zuerich-und-loved-realisieren-rebranding-fuer-ochsner-sport\/","og_site_name":"Organisator","article_publisher":"https:\/\/www.facebook.com\/OrganisatorFachmagazin","article_published_time":"2022-09-30T11:38:33+00:00","article_modified_time":"2024-11-21T06:53:07+00:00","author":"galledia","twitter_card":"summary_large_image","twitter_creator":"@admin","schema":{"@context":"https:\/\/schema.org","@graph":[{"@type":"Article","@id":"https:\/\/www.organisator.ch\/marketing\/2022-09-30\/thjnk-zuerich-und-loved-realisieren-rebranding-fuer-ochsner-sport\/#article","isPartOf":{"@id":"https:\/\/www.organisator.ch\/marketing\/2022-09-30\/thjnk-zuerich-und-loved-realisieren-rebranding-fuer-ochsner-sport\/"},"author":{"name":"galledia","@id":"https:\/\/www.organisator.ch\/#\/schema\/person\/4e51799071cd2dd1232ac003643ef5f0"},"headline":"Thjnk Z\u00fcrich und Loved realisieren Rebranding f\u00fcr Ochsner Sport","datePublished":"2022-09-30T11:38:33+00:00","dateModified":"2024-11-21T06:53:07+00:00","mainEntityOfPage":{"@id":"https:\/\/www.organisator.ch\/marketing\/2022-09-30\/thjnk-zuerich-und-loved-realisieren-rebranding-fuer-ochsner-sport\/"},"wordCount":386,"publisher":{"@id":"https:\/\/www.organisator.ch\/#organization"},"image":{"@id":"https:\/\/www.organisator.ch\/marketing\/2022-09-30\/thjnk-zuerich-und-loved-realisieren-rebranding-fuer-ochsner-sport\/#primaryimage"},"thumbnailUrl":"https:\/\/www.werbewoche.ch\/wp-content\/uploads\/2022\/09\/OSP-Rebranding-Logo.jpg","keywords":["Ochsner Sport"],"articleSection":["MARKETING"],"inLanguage":"de"},{"@type":"WebPage","@id":"https:\/\/www.organisator.ch\/marketing\/2022-09-30\/thjnk-zuerich-und-loved-realisieren-rebranding-fuer-ochsner-sport\/","url":"https:\/\/www.organisator.ch\/marketing\/2022-09-30\/thjnk-zuerich-und-loved-realisieren-rebranding-fuer-ochsner-sport\/","name":"Thjnk Z\u00fcrich und Loved realisieren Rebranding f\u00fcr Ochsner Sport - Organisator","isPartOf":{"@id":"https:\/\/www.organisator.ch\/#website"},"primaryImageOfPage":{"@id":"https:\/\/www.organisator.ch\/marketing\/2022-09-30\/thjnk-zuerich-und-loved-realisieren-rebranding-fuer-ochsner-sport\/#primaryimage"},"image":{"@id":"https:\/\/www.organisator.ch\/marketing\/2022-09-30\/thjnk-zuerich-und-loved-realisieren-rebranding-fuer-ochsner-sport\/#primaryimage"},"thumbnailUrl":"https:\/\/www.werbewoche.ch\/wp-content\/uploads\/2022\/09\/OSP-Rebranding-Logo.jpg","datePublished":"2022-09-30T11:38:33+00:00","dateModified":"2024-11-21T06:53:07+00:00","description":"Ochsner Sport pr\u00e4sentiert neues Logo: Performance und Sportkompetenz im Fokus. Rollout in \u00fcber 80 Filialen in der Schweiz.","breadcrumb":{"@id":"https:\/\/www.organisator.ch\/marketing\/2022-09-30\/thjnk-zuerich-und-loved-realisieren-rebranding-fuer-ochsner-sport\/#breadcrumb"},"inLanguage":"de","potentialAction":[{"@type":"ReadAction","target":["https:\/\/www.organisator.ch\/marketing\/2022-09-30\/thjnk-zuerich-und-loved-realisieren-rebranding-fuer-ochsner-sport\/"]}]},{"@type":"ImageObject","inLanguage":"de","@id":"https:\/\/www.organisator.ch\/marketing\/2022-09-30\/thjnk-zuerich-und-loved-realisieren-rebranding-fuer-ochsner-sport\/#primaryimage","url":"https:\/\/www.werbewoche.ch\/wp-content\/uploads\/2022\/09\/OSP-Rebranding-Logo.jpg","contentUrl":"https:\/\/www.werbewoche.ch\/wp-content\/uploads\/2022\/09\/OSP-Rebranding-Logo.jpg"},{"@type":"BreadcrumbList","@id":"https:\/\/www.organisator.ch\/marketing\/2022-09-30\/thjnk-zuerich-und-loved-realisieren-rebranding-fuer-ochsner-sport\/#breadcrumb","itemListElement":[{"@type":"ListItem","position":1,"name":"Home","item":"https:\/\/www.organisator.ch\/"},{"@type":"ListItem","position":2,"name":"Thjnk Z\u00fcrich und Loved realisieren Rebranding f\u00fcr Ochsner Sport"}]},{"@type":"WebSite","@id":"https:\/\/www.organisator.ch\/#website","url":"https:\/\/www.organisator.ch\/","name":"Organisator","description":"Kompetent. Praxisnah. Der ORGANISATOR bereitet in 10 Ausgaben pro Jahr die wesentlichen Themen f\u00fcr F\u00fchrungskr\u00e4fte von KMU auf.","publisher":{"@id":"https:\/\/www.organisator.ch\/#organization"},"potentialAction":[{"@type":"SearchAction","target":{"@type":"EntryPoint","urlTemplate":"https:\/\/www.organisator.ch\/?s={search_term_string}"},"query-input":{"@type":"PropertyValueSpecification","valueRequired":true,"valueName":"search_term_string"}}],"inLanguage":"de"},{"@type":"Organization","@id":"https:\/\/www.organisator.ch\/#organization","name":"Organisator","url":"https:\/\/www.organisator.ch\/","logo":{"@type":"ImageObject","inLanguage":"de","@id":"https:\/\/www.organisator.ch\/#\/schema\/logo\/image\/","url":"https:\/\/www.organisator.ch\/wp-content\/uploads\/2022\/01\/Logo_Organisator_Website.png","contentUrl":"https:\/\/www.organisator.ch\/wp-content\/uploads\/2022\/01\/Logo_Organisator_Website.png","width":800,"height":77,"caption":"Organisator"},"image":{"@id":"https:\/\/www.organisator.ch\/#\/schema\/logo\/image\/"},"sameAs":["https:\/\/www.facebook.com\/OrganisatorFachmagazin","https:\/\/www.linkedin.com\/showcase\/organisator-das-magazin-fr-kmu","https:\/\/www.xing.com\/news\/pages\/organisator-ch-695","https:\/\/www.youtube.com\/channel\/UCGP2Sq0iWaZwT3BdIAQFYpw"]},{"@type":"Person","@id":"https:\/\/www.organisator.ch\/#\/schema\/person\/4e51799071cd2dd1232ac003643ef5f0","name":"galledia","image":{"@type":"ImageObject","inLanguage":"de","@id":"https:\/\/secure.gravatar.com\/avatar\/78a7f90c01fc2bfc875782a0d4922b37cde2cf184ce347b91316d23cd7f69a36?s=96&d=mm&r=g","url":"https:\/\/secure.gravatar.com\/avatar\/78a7f90c01fc2bfc875782a0d4922b37cde2cf184ce347b91316d23cd7f69a36?s=96&d=mm&r=g","contentUrl":"https:\/\/secure.gravatar.com\/avatar\/78a7f90c01fc2bfc875782a0d4922b37cde2cf184ce347b91316d23cd7f69a36?s=96&d=mm&r=g","caption":"galledia"},"sameAs":["https:\/\/x.com\/admin"],"url":"https:\/\/www.organisator.ch\/de\/author\/galledia\/"}]}},"_links":{"self":[{"href":"https:\/\/www.organisator.ch\/de\/wp-json\/wp\/v2\/posts\/17132","targetHints":{"allow":["GET"]}}],"collection":[{"href":"https:\/\/www.organisator.ch\/de\/wp-json\/wp\/v2\/posts"}],"about":[{"href":"https:\/\/www.organisator.ch\/de\/wp-json\/wp\/v2\/types\/post"}],"author":[{"embeddable":true,"href":"https:\/\/www.organisator.ch\/de\/wp-json\/wp\/v2\/users\/8"}],"replies":[{"embeddable":true,"href":"https:\/\/www.organisator.ch\/de\/wp-json\/wp\/v2\/comments?post=17132"}],"version-history":[{"count":3,"href":"https:\/\/www.organisator.ch\/de\/wp-json\/wp\/v2\/posts\/17132\/revisions"}],"predecessor-version":[{"id":33750,"href":"https:\/\/www.organisator.ch\/de\/wp-json\/wp\/v2\/posts\/17132\/revisions\/33750"}],"wp:attachment":[{"href":"https:\/\/www.organisator.ch\/de\/wp-json\/wp\/v2\/media?parent=17132"}],"wp:term":[{"taxonomy":"category","embeddable":true,"href":"https:\/\/www.organisator.ch\/de\/wp-json\/wp\/v2\/categories?post=17132"},{"taxonomy":"post_tag","embeddable":true,"href":"https:\/\/www.organisator.ch\/de\/wp-json\/wp\/v2\/tags?post=17132"}],"curies":[{"name":"wp","href":"https:\/\/api.w.org\/{rel}","templated":true}]}}