{"id":17134,"date":"2022-10-03T08:01:15","date_gmt":"2022-10-03T06:01:15","guid":{"rendered":"https:\/\/www.organisator.ch\/?p=17134"},"modified":"2022-10-03T08:01:15","modified_gmt":"2022-10-03T06:01:15","slug":"schweizweit-erster-master-in-logistik-und-supply-chain-management-lanciert","status":"publish","type":"post","link":"https:\/\/www.organisator.ch\/de\/weiterbildung\/2022-10-03\/schweizweit-erster-master-in-logistik-und-supply-chain-management-lanciert\/","title":{"rendered":"Schweizweit erster Master in Logistik und Supply Chain Management lanciert"},"content":{"rendered":"<figure id=\"attachment_17135\" aria-describedby=\"caption-attachment-17135\" style=\"width: 680px\" class=\"wp-caption alignnone\"><img loading=\"lazy\" decoding=\"async\" class=\"size-full wp-image-17135\" src=\"https:\/\/www.organisator.ch\/wp-content\/uploads\/2022\/10\/Schweizweit-erster-Master-in-Logistik-und-Supply-Chain-Management-lanciert_Organisator.jpg\" alt=\"\" width=\"680\" height=\"453\" srcset=\"https:\/\/www.organisator.ch\/wp-content\/uploads\/2022\/10\/Schweizweit-erster-Master-in-Logistik-und-Supply-Chain-Management-lanciert_Organisator.jpg 680w, https:\/\/www.organisator.ch\/wp-content\/uploads\/2022\/10\/Schweizweit-erster-Master-in-Logistik-und-Supply-Chain-Management-lanciert_Organisator-18x12.jpg 18w, https:\/\/www.organisator.ch\/wp-content\/uploads\/2022\/10\/Schweizweit-erster-Master-in-Logistik-und-Supply-Chain-Management-lanciert_Organisator-263x175.jpg 263w, https:\/\/www.organisator.ch\/wp-content\/uploads\/2022\/10\/Schweizweit-erster-Master-in-Logistik-und-Supply-Chain-Management-lanciert_Organisator-525x350.jpg 525w, https:\/\/www.organisator.ch\/wp-content\/uploads\/2022\/10\/Schweizweit-erster-Master-in-Logistik-und-Supply-Chain-Management-lanciert_Organisator-300x200.jpg 300w\" sizes=\"auto, (max-width: 680px) 100vw, 680px\" \/><figcaption id=\"caption-attachment-17135\" class=\"wp-caption-text\">Die Hochschule Luzern lanciert den schweizweit ersten Master in Logistik und Supply Chain Management. (Bild: Hochschule Luzern)<\/figcaption><\/figure>\n<p>Das neu bestellte Fahrrad wird erst in einem Jahr geliefert? Die Jalousien k\u00f6nnen nicht repariert werden, weil Ersatzteile fehlen? Im Quartierladen sind die Regale leer? Die Logistik von Waren und Ressourcen beruht auf Lieferketten, die in den letzten Jahrzehnten immer komplexer und dadurch verletzlicher geworden sind. F\u00fcr Unternehmen ist es heute zentral, auf funktionierende Lieferketten setzen zu k\u00f6nnen. \u00abEs erstaunt deshalb nicht, dass die meisten Firmen viel in eine intakte Logistik und ein effizientes Supply Chain Management investieren\u00bb, sagt Ilja B\u00e4umler, Leiter des neuen Studiengangs \u00abMaster in Logistik &amp; Supply Chain Management\u00bb, der ab dem Herbstsemester 2023 an der Hochschule Luzern angeboten wird. Das neue Masterstudienprogramm befasst sich explizit mit den gegenw\u00e4rtigen und zuk\u00fcnftigen Herausforderungen der weltweiten G\u00fcter-, Informations- und Finanzfl\u00fcsse.<\/p>\n<h3>Logistik als Erfolgsfaktor<\/h3>\n<p>Die Herausforderungen mit der Logistik und den Lieferketten beeintr\u00e4chtigen verschiedene Gesch\u00e4ftsbereiche. Sie fallen sowohl in Unternehmen der Logistikbranche selbst als auch in Unternehmen anderer Branchen an. \u00abEs gibt mittlerweile kaum einen Wirtschaftszweig, der sich nicht mit den Implikationen weltweiter Waren- und Informationsfl\u00fcsse besch\u00e4ftigen muss\u00bb, so B\u00e4umler. F\u00fcr den Studiengangleiter ist deshalb klar: \u00abUnternehmen k\u00f6nnen sich durch funktionierendes Supply Chain Management und eine gute Logistik von ihren Mitbewerbern abheben. Sie konkurrieren nicht mehr nur \u00fcber die Qualit\u00e4t ihrer Produkte und Dienstleistungen, sondern insbesondere auch \u00fcber ihre Lieferketten.\u00bb<\/p>\n<h3>Master in Logistik und Supply Chain Management gegen den Fachkr\u00e4ftemangel<\/h3>\n<p>Damit sich Unternehmen entsprechend aufstellen k\u00f6nnen, sind Fachkr\u00e4fte gefragt. Logistik-Profis sind jedoch Mangelware, weiss Ilja B\u00e4umler aus Gespr\u00e4chen mit Praxispartnern. \u00abDas Studium im neuen Logistik-Master bef\u00e4higt die Studierenden, anspruchsvolle Fach- und Managementfunktionen in Branchen zu \u00fcbernehmen, in denen es heute besonders schwierig ist, qualifizierte Fachpersonen zu finden\u00bb, sagt der Studiengangleiter. Das Masterprogramm ist thematisch breit ausgerichtet. Neben klassischen Logistik- und Supply-Chain-Management-Themen vertiefen sich die Studierenden auch in den Bereichen Informatik und Digitalisierung, angewandte Psychologie, Data Science sowie Digital Leadership. B\u00e4umler ist sich sicher: \u00abDaraus resultiert f\u00fcr die Absolventen und Absolventinnen eine besonders hohe Qualifizierung in unterschiedlichen Berufszweigen.\u00bb Konkret k\u00f6nnten Studierende im Master in Logistik &amp; Supply Chain Management sp\u00e4ter beispielsweise eine Stelle in einer Logistik-Abteilung in einem Grosskonzern besetzen, in einem KMU als Contract Logistics Manager arbeiten oder selbstst\u00e4ndig als Unternehmensberaterin oder Unternehmensberater t\u00e4tig sein.<\/p>\n<h3>Flexibles Studium mit Praxisn\u00e4he<\/h3>\n<p>Um die Studierenden m\u00f6glichst gut auf reale Herausforderungen aus der Wirtschaft vorzubereiten, ist das Masterprogramm praxisorientiert aufgebaut. In verschiedenen Projektarbeiten vertiefen die Studierenden ihr Wissen anhand von realen Problemstellungen aus vielf\u00e4ltigen Anwendungsbereichen und in Zusammenarbeit mit Praxispartnern. So wird der Studiengang in Kooperation mit dem Logistikum Schweiz und dem Logistikum Ober\u00f6sterreich durchgef\u00fchrt. Jedes Semester besuchen die Studierenden eine Blockwoche im Innovation Lab in Altdorf UR, wo sie mit sogenannten \u00abemerging technologies\u00bb (z. B. Collaborative Robotics, Internet der Dinge, Augmented Reality, etc.) arbeiten k\u00f6nnen. \u00abUnsere Dozierenden verf\u00fcgen sowohl \u00fcber fundierte wissenschaftliche Kenntnisse als auch \u00fcber aktuelle Praxiserfahrung\u00bb, so B\u00e4umler.<\/p>\n<p>Das Masterprogramm ist bewusst als Teilzeitstudium ausgelegt. Ilja B\u00e4umler: \u00abWir wollen es den Studentinnen und Studenten erm\u00f6glichen, neben dem Studium auch im beruflichen Umfeld weiter t\u00e4tig zu bleiben und ihre Praxiserfahrungen in den Unterricht einbringen zu k\u00f6nnen.\u00bb Studienstart ist im Herbstsemester 2023. Die Studienzeit betr\u00e4gt vier Semester Teilzeit, eine parallele Berufst\u00e4tigkeit ist m\u00f6glich.<\/p>\n<p><em>Quelle: <a href=\"http:\/\/www.hslu.ch\">www.hslu.ch<\/a><\/em><\/p>\n","protected":false},"excerpt":{"rendered":"<p>Das neu bestellte Fahrrad wird erst in einem Jahr geliefert? Die Jalousien k\u00f6nnen nicht repariert werden, weil Ersatzteile fehlen? Im Quartierladen sind die Regale leer? Die Logistik von Waren und Ressourcen beruht auf Lieferketten, die in den letzten Jahrzehnten immer komplexer und dadurch verletzlicher geworden sind. F\u00fcr Unternehmen ist es heute zentral, auf funktionierende Lieferketten [&hellip;]<\/p>\n","protected":false},"author":4,"featured_media":0,"comment_status":"closed","ping_status":"closed","sticky":false,"template":"","format":"standard","meta":{"_acf_changed":false,"_yoast_wpseo_focuskw":"Master in Logistik","_yoast_wpseo_metadesc":"Der neue Master in Logistik & Supply Chain Management der Hochschule Luzern bildet ab Herbst 2023 sehnlichst erwartete Fachkr\u00e4fte aus.","articlekey":"","footnotes":""},"categories":[30],"tags":[62,192,194,328],"class_list":["post-17134","post","type-post","status-publish","format-standard","hentry","category-weiterbildung","tag-aus-weiterbildung","tag-fachhochschulen","tag-fachkraeftemangel","tag-logistik"],"acf":[],"yoast_head":"<!-- This site is optimized with the Yoast SEO plugin v27.4 - https:\/\/yoast.com\/product\/yoast-seo-wordpress\/ -->\n<title>Schweizweit erster Master in Logistik und Supply Chain Management lanciert - Organisator<\/title>\n<meta name=\"description\" content=\"Der neue Master in Logistik &amp; Supply Chain Management der Hochschule Luzern bildet ab Herbst 2023 sehnlichst erwartete Fachkr\u00e4fte aus.\" \/>\n<meta name=\"robots\" content=\"index, follow, max-snippet:-1, max-image-preview:large, max-video-preview:-1\" \/>\n<link rel=\"canonical\" href=\"https:\/\/www.organisator.ch\/de\/weiterbildung\/2022-10-03\/schweizweit-erster-master-in-logistik-und-supply-chain-management-lanciert\/\" \/>\n<meta property=\"og:locale\" content=\"de_DE\" \/>\n<meta property=\"og:type\" content=\"article\" \/>\n<meta property=\"og:title\" content=\"Schweizweit erster Master in Logistik und Supply Chain Management lanciert\" \/>\n<meta property=\"og:description\" content=\"Der neue Master in Logistik &amp; Supply Chain Management der Hochschule Luzern bildet ab Herbst 2023 sehnlichst erwartete Fachkr\u00e4fte aus.\" \/>\n<meta property=\"og:url\" content=\"https:\/\/www.organisator.ch\/de\/weiterbildung\/2022-10-03\/schweizweit-erster-master-in-logistik-und-supply-chain-management-lanciert\/\" \/>\n<meta property=\"og:site_name\" content=\"Organisator\" \/>\n<meta property=\"article:publisher\" content=\"https:\/\/www.facebook.com\/OrganisatorFachmagazin\" \/>\n<meta property=\"article:published_time\" content=\"2022-10-03T06:01:15+00:00\" \/>\n<meta property=\"og:image\" content=\"https:\/\/www.organisator.ch\/wp-content\/uploads\/2022\/10\/Schweizweit-erster-Master-in-Logistik-und-Supply-Chain-Management-lanciert_Organisator.jpg\" \/>\n\t<meta property=\"og:image:width\" content=\"680\" \/>\n\t<meta property=\"og:image:height\" content=\"453\" \/>\n\t<meta property=\"og:image:type\" content=\"image\/jpeg\" \/>\n<meta name=\"author\" content=\"thomas.berner\" \/>\n<meta name=\"twitter:card\" content=\"summary_large_image\" \/>\n<meta name=\"twitter:title\" content=\"Schweizweit erster #Master in #Logistik und Supply Chain Management lanciert\" \/>\n<meta name=\"twitter:description\" content=\"Der neue #Master in #Logistik &amp; Supply Chain Management der #Hochschule #Luzern bildet ab Herbst 2023 sehnlichst erwartete #Fachkr\u00e4fte aus.\" \/>\n<meta name=\"twitter:image\" content=\"https:\/\/www.organisator.ch\/wp-content\/uploads\/2022\/10\/Schweizweit-erster-Master-in-Logistik-und-Supply-Chain-Management-lanciert_Organisator.jpg\" \/>\n<script type=\"application\/ld+json\" class=\"yoast-schema-graph\">{\"@context\":\"https:\\\/\\\/schema.org\",\"@graph\":[{\"@type\":\"Article\",\"@id\":\"https:\\\/\\\/www.organisator.ch\\\/weiterbildung\\\/2022-10-03\\\/schweizweit-erster-master-in-logistik-und-supply-chain-management-lanciert\\\/#article\",\"isPartOf\":{\"@id\":\"https:\\\/\\\/www.organisator.ch\\\/weiterbildung\\\/2022-10-03\\\/schweizweit-erster-master-in-logistik-und-supply-chain-management-lanciert\\\/\"},\"author\":{\"name\":\"thomas.berner\",\"@id\":\"https:\\\/\\\/www.organisator.ch\\\/#\\\/schema\\\/person\\\/6f650f90b2842cd4c0cc334b4e36f67e\"},\"headline\":\"Schweizweit erster Master in Logistik und Supply Chain Management lanciert\",\"datePublished\":\"2022-10-03T06:01:15+00:00\",\"mainEntityOfPage\":{\"@id\":\"https:\\\/\\\/www.organisator.ch\\\/weiterbildung\\\/2022-10-03\\\/schweizweit-erster-master-in-logistik-und-supply-chain-management-lanciert\\\/\"},\"wordCount\":589,\"publisher\":{\"@id\":\"https:\\\/\\\/www.organisator.ch\\\/#organization\"},\"image\":{\"@id\":\"https:\\\/\\\/www.organisator.ch\\\/weiterbildung\\\/2022-10-03\\\/schweizweit-erster-master-in-logistik-und-supply-chain-management-lanciert\\\/#primaryimage\"},\"thumbnailUrl\":\"https:\\\/\\\/www.organisator.ch\\\/wp-content\\\/uploads\\\/2022\\\/10\\\/Schweizweit-erster-Master-in-Logistik-und-Supply-Chain-Management-lanciert_Organisator.jpg\",\"keywords\":[\"Aus-\\\/Weiterbildung\",\"Fachhochschulen\",\"Fachkr\u00e4ftemangel\",\"Logistik\"],\"articleSection\":[\"WEITERBILDUNG\"],\"inLanguage\":\"de\"},{\"@type\":\"WebPage\",\"@id\":\"https:\\\/\\\/www.organisator.ch\\\/weiterbildung\\\/2022-10-03\\\/schweizweit-erster-master-in-logistik-und-supply-chain-management-lanciert\\\/\",\"url\":\"https:\\\/\\\/www.organisator.ch\\\/weiterbildung\\\/2022-10-03\\\/schweizweit-erster-master-in-logistik-und-supply-chain-management-lanciert\\\/\",\"name\":\"Schweizweit erster Master in Logistik und Supply Chain Management lanciert - Organisator\",\"isPartOf\":{\"@id\":\"https:\\\/\\\/www.organisator.ch\\\/#website\"},\"primaryImageOfPage\":{\"@id\":\"https:\\\/\\\/www.organisator.ch\\\/weiterbildung\\\/2022-10-03\\\/schweizweit-erster-master-in-logistik-und-supply-chain-management-lanciert\\\/#primaryimage\"},\"image\":{\"@id\":\"https:\\\/\\\/www.organisator.ch\\\/weiterbildung\\\/2022-10-03\\\/schweizweit-erster-master-in-logistik-und-supply-chain-management-lanciert\\\/#primaryimage\"},\"thumbnailUrl\":\"https:\\\/\\\/www.organisator.ch\\\/wp-content\\\/uploads\\\/2022\\\/10\\\/Schweizweit-erster-Master-in-Logistik-und-Supply-Chain-Management-lanciert_Organisator.jpg\",\"datePublished\":\"2022-10-03T06:01:15+00:00\",\"description\":\"Der neue Master in Logistik & Supply Chain Management der Hochschule Luzern bildet ab Herbst 2023 sehnlichst erwartete Fachkr\u00e4fte aus.\",\"breadcrumb\":{\"@id\":\"https:\\\/\\\/www.organisator.ch\\\/weiterbildung\\\/2022-10-03\\\/schweizweit-erster-master-in-logistik-und-supply-chain-management-lanciert\\\/#breadcrumb\"},\"inLanguage\":\"de\",\"potentialAction\":[{\"@type\":\"ReadAction\",\"target\":[\"https:\\\/\\\/www.organisator.ch\\\/weiterbildung\\\/2022-10-03\\\/schweizweit-erster-master-in-logistik-und-supply-chain-management-lanciert\\\/\"]}]},{\"@type\":\"ImageObject\",\"inLanguage\":\"de\",\"@id\":\"https:\\\/\\\/www.organisator.ch\\\/weiterbildung\\\/2022-10-03\\\/schweizweit-erster-master-in-logistik-und-supply-chain-management-lanciert\\\/#primaryimage\",\"url\":\"https:\\\/\\\/www.organisator.ch\\\/wp-content\\\/uploads\\\/2022\\\/10\\\/Schweizweit-erster-Master-in-Logistik-und-Supply-Chain-Management-lanciert_Organisator.jpg\",\"contentUrl\":\"https:\\\/\\\/www.organisator.ch\\\/wp-content\\\/uploads\\\/2022\\\/10\\\/Schweizweit-erster-Master-in-Logistik-und-Supply-Chain-Management-lanciert_Organisator.jpg\"},{\"@type\":\"BreadcrumbList\",\"@id\":\"https:\\\/\\\/www.organisator.ch\\\/weiterbildung\\\/2022-10-03\\\/schweizweit-erster-master-in-logistik-und-supply-chain-management-lanciert\\\/#breadcrumb\",\"itemListElement\":[{\"@type\":\"ListItem\",\"position\":1,\"name\":\"Home\",\"item\":\"https:\\\/\\\/www.organisator.ch\\\/\"},{\"@type\":\"ListItem\",\"position\":2,\"name\":\"Schweizweit erster Master in Logistik und Supply Chain Management lanciert\"}]},{\"@type\":\"WebSite\",\"@id\":\"https:\\\/\\\/www.organisator.ch\\\/#website\",\"url\":\"https:\\\/\\\/www.organisator.ch\\\/\",\"name\":\"Organisator\",\"description\":\"Kompetent. Praxisnah. Der ORGANISATOR bereitet in 10 Ausgaben pro Jahr die wesentlichen Themen f\u00fcr F\u00fchrungskr\u00e4fte von KMU auf.\",\"publisher\":{\"@id\":\"https:\\\/\\\/www.organisator.ch\\\/#organization\"},\"potentialAction\":[{\"@type\":\"SearchAction\",\"target\":{\"@type\":\"EntryPoint\",\"urlTemplate\":\"https:\\\/\\\/www.organisator.ch\\\/?s={search_term_string}\"},\"query-input\":{\"@type\":\"PropertyValueSpecification\",\"valueRequired\":true,\"valueName\":\"search_term_string\"}}],\"inLanguage\":\"de\"},{\"@type\":\"Organization\",\"@id\":\"https:\\\/\\\/www.organisator.ch\\\/#organization\",\"name\":\"Organisator\",\"url\":\"https:\\\/\\\/www.organisator.ch\\\/\",\"logo\":{\"@type\":\"ImageObject\",\"inLanguage\":\"de\",\"@id\":\"https:\\\/\\\/www.organisator.ch\\\/#\\\/schema\\\/logo\\\/image\\\/\",\"url\":\"https:\\\/\\\/www.organisator.ch\\\/wp-content\\\/uploads\\\/2022\\\/01\\\/Logo_Organisator_Website.png\",\"contentUrl\":\"https:\\\/\\\/www.organisator.ch\\\/wp-content\\\/uploads\\\/2022\\\/01\\\/Logo_Organisator_Website.png\",\"width\":800,\"height\":77,\"caption\":\"Organisator\"},\"image\":{\"@id\":\"https:\\\/\\\/www.organisator.ch\\\/#\\\/schema\\\/logo\\\/image\\\/\"},\"sameAs\":[\"https:\\\/\\\/www.facebook.com\\\/OrganisatorFachmagazin\",\"https:\\\/\\\/www.linkedin.com\\\/showcase\\\/organisator-das-magazin-fr-kmu\",\"https:\\\/\\\/www.xing.com\\\/news\\\/pages\\\/organisator-ch-695\",\"https:\\\/\\\/www.youtube.com\\\/channel\\\/UCGP2Sq0iWaZwT3BdIAQFYpw\"]},{\"@type\":\"Person\",\"@id\":\"https:\\\/\\\/www.organisator.ch\\\/#\\\/schema\\\/person\\\/6f650f90b2842cd4c0cc334b4e36f67e\",\"name\":\"thomas.berner\",\"image\":{\"@type\":\"ImageObject\",\"inLanguage\":\"de\",\"@id\":\"https:\\\/\\\/secure.gravatar.com\\\/avatar\\\/ac5001d2a36cb6c6cd3e50789007ffca834b477b74a2144564522e944eabff61?s=96&d=mm&r=g\",\"url\":\"https:\\\/\\\/secure.gravatar.com\\\/avatar\\\/ac5001d2a36cb6c6cd3e50789007ffca834b477b74a2144564522e944eabff61?s=96&d=mm&r=g\",\"contentUrl\":\"https:\\\/\\\/secure.gravatar.com\\\/avatar\\\/ac5001d2a36cb6c6cd3e50789007ffca834b477b74a2144564522e944eabff61?s=96&d=mm&r=g\",\"caption\":\"thomas.berner\"},\"url\":\"https:\\\/\\\/www.organisator.ch\\\/de\\\/author\\\/thomas-berner\\\/\"}]}<\/script>\n<!-- \/ Yoast SEO plugin. -->","yoast_head_json":{"title":"Schweizweit erster Master in Logistik und Supply Chain Management lanciert - Organisator","description":"Der neue Master in Logistik & Supply Chain Management der Hochschule Luzern bildet ab Herbst 2023 sehnlichst erwartete Fachkr\u00e4fte aus.","robots":{"index":"index","follow":"follow","max-snippet":"max-snippet:-1","max-image-preview":"max-image-preview:large","max-video-preview":"max-video-preview:-1"},"canonical":"https:\/\/www.organisator.ch\/de\/weiterbildung\/2022-10-03\/schweizweit-erster-master-in-logistik-und-supply-chain-management-lanciert\/","og_locale":"de_DE","og_type":"article","og_title":"Schweizweit erster Master in Logistik und Supply Chain Management lanciert","og_description":"Der neue Master in Logistik & Supply Chain Management der Hochschule Luzern bildet ab Herbst 2023 sehnlichst erwartete Fachkr\u00e4fte aus.","og_url":"https:\/\/www.organisator.ch\/de\/weiterbildung\/2022-10-03\/schweizweit-erster-master-in-logistik-und-supply-chain-management-lanciert\/","og_site_name":"Organisator","article_publisher":"https:\/\/www.facebook.com\/OrganisatorFachmagazin","article_published_time":"2022-10-03T06:01:15+00:00","og_image":[{"width":680,"height":453,"url":"https:\/\/www.organisator.ch\/wp-content\/uploads\/2022\/10\/Schweizweit-erster-Master-in-Logistik-und-Supply-Chain-Management-lanciert_Organisator.jpg","type":"image\/jpeg"}],"author":"thomas.berner","twitter_card":"summary_large_image","twitter_title":"Schweizweit erster #Master in #Logistik und Supply Chain Management lanciert","twitter_description":"Der neue #Master in #Logistik & Supply Chain Management der #Hochschule #Luzern bildet ab Herbst 2023 sehnlichst erwartete #Fachkr\u00e4fte aus.","twitter_image":"https:\/\/www.organisator.ch\/wp-content\/uploads\/2022\/10\/Schweizweit-erster-Master-in-Logistik-und-Supply-Chain-Management-lanciert_Organisator.jpg","schema":{"@context":"https:\/\/schema.org","@graph":[{"@type":"Article","@id":"https:\/\/www.organisator.ch\/weiterbildung\/2022-10-03\/schweizweit-erster-master-in-logistik-und-supply-chain-management-lanciert\/#article","isPartOf":{"@id":"https:\/\/www.organisator.ch\/weiterbildung\/2022-10-03\/schweizweit-erster-master-in-logistik-und-supply-chain-management-lanciert\/"},"author":{"name":"thomas.berner","@id":"https:\/\/www.organisator.ch\/#\/schema\/person\/6f650f90b2842cd4c0cc334b4e36f67e"},"headline":"Schweizweit erster Master in Logistik und Supply Chain Management lanciert","datePublished":"2022-10-03T06:01:15+00:00","mainEntityOfPage":{"@id":"https:\/\/www.organisator.ch\/weiterbildung\/2022-10-03\/schweizweit-erster-master-in-logistik-und-supply-chain-management-lanciert\/"},"wordCount":589,"publisher":{"@id":"https:\/\/www.organisator.ch\/#organization"},"image":{"@id":"https:\/\/www.organisator.ch\/weiterbildung\/2022-10-03\/schweizweit-erster-master-in-logistik-und-supply-chain-management-lanciert\/#primaryimage"},"thumbnailUrl":"https:\/\/www.organisator.ch\/wp-content\/uploads\/2022\/10\/Schweizweit-erster-Master-in-Logistik-und-Supply-Chain-Management-lanciert_Organisator.jpg","keywords":["Aus-\/Weiterbildung","Fachhochschulen","Fachkr\u00e4ftemangel","Logistik"],"articleSection":["WEITERBILDUNG"],"inLanguage":"de"},{"@type":"WebPage","@id":"https:\/\/www.organisator.ch\/weiterbildung\/2022-10-03\/schweizweit-erster-master-in-logistik-und-supply-chain-management-lanciert\/","url":"https:\/\/www.organisator.ch\/weiterbildung\/2022-10-03\/schweizweit-erster-master-in-logistik-und-supply-chain-management-lanciert\/","name":"Schweizweit erster Master in Logistik und Supply Chain Management lanciert - Organisator","isPartOf":{"@id":"https:\/\/www.organisator.ch\/#website"},"primaryImageOfPage":{"@id":"https:\/\/www.organisator.ch\/weiterbildung\/2022-10-03\/schweizweit-erster-master-in-logistik-und-supply-chain-management-lanciert\/#primaryimage"},"image":{"@id":"https:\/\/www.organisator.ch\/weiterbildung\/2022-10-03\/schweizweit-erster-master-in-logistik-und-supply-chain-management-lanciert\/#primaryimage"},"thumbnailUrl":"https:\/\/www.organisator.ch\/wp-content\/uploads\/2022\/10\/Schweizweit-erster-Master-in-Logistik-und-Supply-Chain-Management-lanciert_Organisator.jpg","datePublished":"2022-10-03T06:01:15+00:00","description":"Der neue Master in Logistik & Supply Chain Management der Hochschule Luzern bildet ab Herbst 2023 sehnlichst erwartete Fachkr\u00e4fte aus.","breadcrumb":{"@id":"https:\/\/www.organisator.ch\/weiterbildung\/2022-10-03\/schweizweit-erster-master-in-logistik-und-supply-chain-management-lanciert\/#breadcrumb"},"inLanguage":"de","potentialAction":[{"@type":"ReadAction","target":["https:\/\/www.organisator.ch\/weiterbildung\/2022-10-03\/schweizweit-erster-master-in-logistik-und-supply-chain-management-lanciert\/"]}]},{"@type":"ImageObject","inLanguage":"de","@id":"https:\/\/www.organisator.ch\/weiterbildung\/2022-10-03\/schweizweit-erster-master-in-logistik-und-supply-chain-management-lanciert\/#primaryimage","url":"https:\/\/www.organisator.ch\/wp-content\/uploads\/2022\/10\/Schweizweit-erster-Master-in-Logistik-und-Supply-Chain-Management-lanciert_Organisator.jpg","contentUrl":"https:\/\/www.organisator.ch\/wp-content\/uploads\/2022\/10\/Schweizweit-erster-Master-in-Logistik-und-Supply-Chain-Management-lanciert_Organisator.jpg"},{"@type":"BreadcrumbList","@id":"https:\/\/www.organisator.ch\/weiterbildung\/2022-10-03\/schweizweit-erster-master-in-logistik-und-supply-chain-management-lanciert\/#breadcrumb","itemListElement":[{"@type":"ListItem","position":1,"name":"Home","item":"https:\/\/www.organisator.ch\/"},{"@type":"ListItem","position":2,"name":"Schweizweit erster Master in Logistik und Supply Chain Management lanciert"}]},{"@type":"WebSite","@id":"https:\/\/www.organisator.ch\/#website","url":"https:\/\/www.organisator.ch\/","name":"Organisator","description":"Kompetent. Praxisnah. Der ORGANISATOR bereitet in 10 Ausgaben pro Jahr die wesentlichen Themen f\u00fcr F\u00fchrungskr\u00e4fte von KMU auf.","publisher":{"@id":"https:\/\/www.organisator.ch\/#organization"},"potentialAction":[{"@type":"SearchAction","target":{"@type":"EntryPoint","urlTemplate":"https:\/\/www.organisator.ch\/?s={search_term_string}"},"query-input":{"@type":"PropertyValueSpecification","valueRequired":true,"valueName":"search_term_string"}}],"inLanguage":"de"},{"@type":"Organization","@id":"https:\/\/www.organisator.ch\/#organization","name":"Organisator","url":"https:\/\/www.organisator.ch\/","logo":{"@type":"ImageObject","inLanguage":"de","@id":"https:\/\/www.organisator.ch\/#\/schema\/logo\/image\/","url":"https:\/\/www.organisator.ch\/wp-content\/uploads\/2022\/01\/Logo_Organisator_Website.png","contentUrl":"https:\/\/www.organisator.ch\/wp-content\/uploads\/2022\/01\/Logo_Organisator_Website.png","width":800,"height":77,"caption":"Organisator"},"image":{"@id":"https:\/\/www.organisator.ch\/#\/schema\/logo\/image\/"},"sameAs":["https:\/\/www.facebook.com\/OrganisatorFachmagazin","https:\/\/www.linkedin.com\/showcase\/organisator-das-magazin-fr-kmu","https:\/\/www.xing.com\/news\/pages\/organisator-ch-695","https:\/\/www.youtube.com\/channel\/UCGP2Sq0iWaZwT3BdIAQFYpw"]},{"@type":"Person","@id":"https:\/\/www.organisator.ch\/#\/schema\/person\/6f650f90b2842cd4c0cc334b4e36f67e","name":"thomas.berner","image":{"@type":"ImageObject","inLanguage":"de","@id":"https:\/\/secure.gravatar.com\/avatar\/ac5001d2a36cb6c6cd3e50789007ffca834b477b74a2144564522e944eabff61?s=96&d=mm&r=g","url":"https:\/\/secure.gravatar.com\/avatar\/ac5001d2a36cb6c6cd3e50789007ffca834b477b74a2144564522e944eabff61?s=96&d=mm&r=g","contentUrl":"https:\/\/secure.gravatar.com\/avatar\/ac5001d2a36cb6c6cd3e50789007ffca834b477b74a2144564522e944eabff61?s=96&d=mm&r=g","caption":"thomas.berner"},"url":"https:\/\/www.organisator.ch\/de\/author\/thomas-berner\/"}]}},"_links":{"self":[{"href":"https:\/\/www.organisator.ch\/de\/wp-json\/wp\/v2\/posts\/17134","targetHints":{"allow":["GET"]}}],"collection":[{"href":"https:\/\/www.organisator.ch\/de\/wp-json\/wp\/v2\/posts"}],"about":[{"href":"https:\/\/www.organisator.ch\/de\/wp-json\/wp\/v2\/types\/post"}],"author":[{"embeddable":true,"href":"https:\/\/www.organisator.ch\/de\/wp-json\/wp\/v2\/users\/4"}],"replies":[{"embeddable":true,"href":"https:\/\/www.organisator.ch\/de\/wp-json\/wp\/v2\/comments?post=17134"}],"version-history":[{"count":1,"href":"https:\/\/www.organisator.ch\/de\/wp-json\/wp\/v2\/posts\/17134\/revisions"}],"predecessor-version":[{"id":17136,"href":"https:\/\/www.organisator.ch\/de\/wp-json\/wp\/v2\/posts\/17134\/revisions\/17136"}],"wp:attachment":[{"href":"https:\/\/www.organisator.ch\/de\/wp-json\/wp\/v2\/media?parent=17134"}],"wp:term":[{"taxonomy":"category","embeddable":true,"href":"https:\/\/www.organisator.ch\/de\/wp-json\/wp\/v2\/categories?post=17134"},{"taxonomy":"post_tag","embeddable":true,"href":"https:\/\/www.organisator.ch\/de\/wp-json\/wp\/v2\/tags?post=17134"}],"curies":[{"name":"wp","href":"https:\/\/api.w.org\/{rel}","templated":true}]}}