{"id":17138,"date":"2022-10-03T09:45:54","date_gmt":"2022-10-03T07:45:54","guid":{"rendered":"https:\/\/www.werbewoche.ch\/?p=187465"},"modified":"2024-11-21T07:51:28","modified_gmt":"2024-11-21T06:51:28","slug":"sunrise-ist-neu-sponsor-von-swiss-paralympic","status":"publish","type":"post","link":"https:\/\/www.organisator.ch\/de\/marketing\/2022-10-03\/sunrise-ist-neu-sponsor-von-swiss-paralympic\/","title":{"rendered":"Sunrise ist neu Sponsor von Swiss Paralympic"},"content":{"rendered":"<p>&nbsp;<\/p>\r\n<figure id=\"attachment_187466\" class=\"wp-caption alignnone\" style=\"width: 768px\" aria-describedby=\"caption-attachment-187466\"><img class=\"alignnone wp-image-187466 size-large\" src=\"https:\/\/www.werbewoche.ch\/wp-content\/uploads\/2022\/10\/Online_SwissParalympic-1024x683.jpeg\" alt=\"Sunrise Swiss Paralympic\" width=\"768\" height=\"512\" \/>\r\n<figcaption id=\"caption-attachment-187466\" class=\"wp-caption-text\">Sunrise ist neu Sponsor und \u00abSupplier\u00bb der Stiftung Swiss Paralympic.<\/figcaption>\r\n<\/figure>\r\n<p>Swiss Paralympic organisiert und finanziert die Teilnahme der Schweizer Behindertenspitzensportler*innen an Paralympics, Europa- und Weltmeisterschaften gr\u00f6sstenteils mit Sponsoren- und Spendergeldern. Neu finanziert Sunrise als \u00abSupplier\u00bb die Wettkampfausr\u00fcstung der Para-Skifahrerinnen und -fahrer bis nach den Winterspielen in Cortina 2026.<\/p>\r\n<p>\u00abSwiss Paralympic passt nicht nur bestens zu unserem Markenversprechen \u2018Dream Big. Do Big.\u2019 sondern auch zu unserer Unternehmenskultur. Vielfalt, Gleichstellung und Inklusion sind Teil unserer DNA. Wir wollen Menschen inspirieren und unterst\u00fctzen, von Grossem zu tr\u00e4umen und Grosses zu tun. Die Paralympic Athletinnen -athleten sind f\u00fcr uns alle ein grosses Vorbild und wir sind sehr stolz, sie zu unterst\u00fctzen\u00bb, sagt Andr\u00e9 Krause, CEO von Sunrise.<\/p>\r\n<p><img class=\"alignnone wp-image-187467 size-full\" src=\"https:\/\/www.werbewoche.ch\/wp-content\/uploads\/2022\/10\/Online_SwissParalympic_2-scaled.jpeg\" alt=\"\" width=\"1300\" height=\"866\" \/><\/p>\r\n<p>\u00abDas Motto von Sunrise soll auch unseren Athletinnen und -athleten einen zus\u00e4tzlichen Motivationsschub f\u00fcr die kommende Saison geben. Wir freuen uns, dass wir mit Sunrise einen Supplier gefunden haben, der unsere Werte \u2018Diversit\u00e4t und Inklusion\u2019 teilt\u00bb, sagt die Generalsekret\u00e4rin von Swiss Paralympic, Conchita J\u00e4ger.<\/p>\r\n<h3>Langfristiges Engagement f\u00fcr gesamten Schneesport<\/h3>\r\n<p>Das langfristige und breit ausgelegte Engagement von Sunrise f\u00fcr Swiss-Ski verfolgt das Ziel, den gesamten Schneesport (von den Schweizer Weltcupveranstaltungen, dem Nachwuchs- und Breitensport bis hin zur F\u00f6rderung in den verschiedenen Regionen) nachhaltig zu unterst\u00fctzen. Auch die Swiss-Ski und Swiss Paralympic-Athletinnen und -athleten profitieren von dieser Partnerschaft. Ab der Saison 2022\/23 werden zw\u00f6lf Nachwuchshoffnungen \u2013 so genannte\u00a0Rising Stars\u00a0von\u00a0Swiss-Ski und Swiss Paralympic\u00a0\u2013 mit Kopfsponsoring, Schulungen usw. unterst\u00fctzt.<\/p>\r\n<p>Die Baslerin Ellen Walther, die nach einem schweren Snowboardunfall nicht aufgegeben hat und heute als Paralympic-Athletin am Start internationaler SBX- und Banked Slalom-Rennen steht, sowie der Berner Para-Snowboarder Aron Fahrni werden k\u00fcnftig mit dem Sunrise Rising Stars-Programm unterst\u00fctzt.<\/p>","protected":false},"excerpt":{"rendered":"<p>\u00a0 Swiss Paralympic organisiert und finanziert die Teilnahme der Schweizer Behindertenspitzensportler*innen an Paralympics, Europa- und Weltmeisterschaften gr\u00f6sstenteils mit Sponsoren- und Spendergeldern. Neu finanziert Sunrise als \u00abSupplier\u00bb die Wettkampfausr\u00fcstung der Para-Skifahrerinnen und -fahrer bis nach den Winterspielen in Cortina 2026. \u00abSwiss Paralympic passt nicht nur bestens zu unserem Markenversprechen \u2018Dream Big. Do Big.\u2019 sondern auch zu [\u2026]<\/p>\n","protected":false},"author":8,"featured_media":0,"comment_status":"closed","ping_status":"closed","sticky":false,"template":"","format":"standard","meta":{"_acf_changed":false,"_yoast_wpseo_focuskw":"Sunrise Swiss Paralympic","_yoast_wpseo_metadesc":"Sunrise unterst\u00fctzt Swiss Paralympic als Sponsor. Finanzierung der Para-Skifahrer bis 2026. F\u00f6rderung von Vielfalt und Inklusion.","articlekey":"","footnotes":""},"categories":[29],"tags":[3427,3428],"class_list":["post-17138","post","type-post","status-publish","format-standard","hentry","category-marketing","tag-paralympics","tag-ski"],"acf":[],"yoast_head":"<!-- This site is optimized with the Yoast SEO plugin v27.5 - https:\/\/yoast.com\/product\/yoast-seo-wordpress\/ -->\n<title>Sunrise ist neu Sponsor von Swiss Paralympic - Organisator<\/title>\n<meta name=\"description\" content=\"Sunrise unterst\u00fctzt Swiss Paralympic als Sponsor. Finanzierung der Para-Skifahrer bis 2026. F\u00f6rderung von Vielfalt und Inklusion.\" \/>\n<meta name=\"robots\" content=\"index, follow, max-snippet:-1, max-image-preview:large, max-video-preview:-1\" \/>\n<link rel=\"canonical\" href=\"https:\/\/www.organisator.ch\/de\/marketing\/2022-10-03\/sunrise-ist-neu-sponsor-von-swiss-paralympic\/\" \/>\n<meta property=\"og:locale\" content=\"de_DE\" \/>\n<meta property=\"og:type\" content=\"article\" \/>\n<meta property=\"og:title\" content=\"Sunrise ist neu Sponsor von Swiss Paralympic - Organisator\" \/>\n<meta property=\"og:description\" content=\"Sunrise unterst\u00fctzt Swiss Paralympic als Sponsor. Finanzierung der Para-Skifahrer bis 2026. F\u00f6rderung von Vielfalt und Inklusion.\" \/>\n<meta property=\"og:url\" content=\"https:\/\/www.organisator.ch\/de\/marketing\/2022-10-03\/sunrise-ist-neu-sponsor-von-swiss-paralympic\/\" \/>\n<meta property=\"og:site_name\" content=\"Organisator\" \/>\n<meta property=\"article:publisher\" content=\"https:\/\/www.facebook.com\/OrganisatorFachmagazin\" \/>\n<meta property=\"article:published_time\" content=\"2022-10-03T07:45:54+00:00\" \/>\n<meta property=\"article:modified_time\" content=\"2024-11-21T06:51:28+00:00\" \/>\n<meta name=\"author\" content=\"galledia\" \/>\n<meta name=\"twitter:card\" content=\"summary_large_image\" \/>\n<meta name=\"twitter:creator\" content=\"@admin\" \/>\n<script type=\"application\/ld+json\" class=\"yoast-schema-graph\">{\"@context\":\"https:\\\/\\\/schema.org\",\"@graph\":[{\"@type\":\"Article\",\"@id\":\"https:\\\/\\\/www.organisator.ch\\\/marketing\\\/2022-10-03\\\/sunrise-ist-neu-sponsor-von-swiss-paralympic\\\/#article\",\"isPartOf\":{\"@id\":\"https:\\\/\\\/www.organisator.ch\\\/marketing\\\/2022-10-03\\\/sunrise-ist-neu-sponsor-von-swiss-paralympic\\\/\"},\"author\":{\"name\":\"galledia\",\"@id\":\"https:\\\/\\\/www.organisator.ch\\\/#\\\/schema\\\/person\\\/4e51799071cd2dd1232ac003643ef5f0\"},\"headline\":\"Sunrise ist neu Sponsor von Swiss Paralympic\",\"datePublished\":\"2022-10-03T07:45:54+00:00\",\"dateModified\":\"2024-11-21T06:51:28+00:00\",\"mainEntityOfPage\":{\"@id\":\"https:\\\/\\\/www.organisator.ch\\\/marketing\\\/2022-10-03\\\/sunrise-ist-neu-sponsor-von-swiss-paralympic\\\/\"},\"wordCount\":294,\"publisher\":{\"@id\":\"https:\\\/\\\/www.organisator.ch\\\/#organization\"},\"image\":{\"@id\":\"https:\\\/\\\/www.organisator.ch\\\/marketing\\\/2022-10-03\\\/sunrise-ist-neu-sponsor-von-swiss-paralympic\\\/#primaryimage\"},\"thumbnailUrl\":\"https:\\\/\\\/www.werbewoche.ch\\\/wp-content\\\/uploads\\\/2022\\\/10\\\/Online_SwissParalympic-1024x683.jpeg\",\"keywords\":[\"paralympics\",\"Ski\"],\"articleSection\":[\"MARKETING\"],\"inLanguage\":\"de\"},{\"@type\":\"WebPage\",\"@id\":\"https:\\\/\\\/www.organisator.ch\\\/marketing\\\/2022-10-03\\\/sunrise-ist-neu-sponsor-von-swiss-paralympic\\\/\",\"url\":\"https:\\\/\\\/www.organisator.ch\\\/marketing\\\/2022-10-03\\\/sunrise-ist-neu-sponsor-von-swiss-paralympic\\\/\",\"name\":\"Sunrise ist neu Sponsor von Swiss Paralympic - Organisator\",\"isPartOf\":{\"@id\":\"https:\\\/\\\/www.organisator.ch\\\/#website\"},\"primaryImageOfPage\":{\"@id\":\"https:\\\/\\\/www.organisator.ch\\\/marketing\\\/2022-10-03\\\/sunrise-ist-neu-sponsor-von-swiss-paralympic\\\/#primaryimage\"},\"image\":{\"@id\":\"https:\\\/\\\/www.organisator.ch\\\/marketing\\\/2022-10-03\\\/sunrise-ist-neu-sponsor-von-swiss-paralympic\\\/#primaryimage\"},\"thumbnailUrl\":\"https:\\\/\\\/www.werbewoche.ch\\\/wp-content\\\/uploads\\\/2022\\\/10\\\/Online_SwissParalympic-1024x683.jpeg\",\"datePublished\":\"2022-10-03T07:45:54+00:00\",\"dateModified\":\"2024-11-21T06:51:28+00:00\",\"description\":\"Sunrise unterst\u00fctzt Swiss Paralympic als Sponsor. Finanzierung der Para-Skifahrer bis 2026. F\u00f6rderung von Vielfalt und Inklusion.\",\"breadcrumb\":{\"@id\":\"https:\\\/\\\/www.organisator.ch\\\/marketing\\\/2022-10-03\\\/sunrise-ist-neu-sponsor-von-swiss-paralympic\\\/#breadcrumb\"},\"inLanguage\":\"de\",\"potentialAction\":[{\"@type\":\"ReadAction\",\"target\":[\"https:\\\/\\\/www.organisator.ch\\\/marketing\\\/2022-10-03\\\/sunrise-ist-neu-sponsor-von-swiss-paralympic\\\/\"]}]},{\"@type\":\"ImageObject\",\"inLanguage\":\"de\",\"@id\":\"https:\\\/\\\/www.organisator.ch\\\/marketing\\\/2022-10-03\\\/sunrise-ist-neu-sponsor-von-swiss-paralympic\\\/#primaryimage\",\"url\":\"https:\\\/\\\/www.werbewoche.ch\\\/wp-content\\\/uploads\\\/2022\\\/10\\\/Online_SwissParalympic-1024x683.jpeg\",\"contentUrl\":\"https:\\\/\\\/www.werbewoche.ch\\\/wp-content\\\/uploads\\\/2022\\\/10\\\/Online_SwissParalympic-1024x683.jpeg\"},{\"@type\":\"BreadcrumbList\",\"@id\":\"https:\\\/\\\/www.organisator.ch\\\/marketing\\\/2022-10-03\\\/sunrise-ist-neu-sponsor-von-swiss-paralympic\\\/#breadcrumb\",\"itemListElement\":[{\"@type\":\"ListItem\",\"position\":1,\"name\":\"Home\",\"item\":\"https:\\\/\\\/www.organisator.ch\\\/\"},{\"@type\":\"ListItem\",\"position\":2,\"name\":\"Sunrise ist neu Sponsor von Swiss Paralympic\"}]},{\"@type\":\"WebSite\",\"@id\":\"https:\\\/\\\/www.organisator.ch\\\/#website\",\"url\":\"https:\\\/\\\/www.organisator.ch\\\/\",\"name\":\"Organisator\",\"description\":\"Kompetent. Praxisnah. Der ORGANISATOR bereitet in 10 Ausgaben pro Jahr die wesentlichen Themen f\u00fcr F\u00fchrungskr\u00e4fte von KMU auf.\",\"publisher\":{\"@id\":\"https:\\\/\\\/www.organisator.ch\\\/#organization\"},\"potentialAction\":[{\"@type\":\"SearchAction\",\"target\":{\"@type\":\"EntryPoint\",\"urlTemplate\":\"https:\\\/\\\/www.organisator.ch\\\/?s={search_term_string}\"},\"query-input\":{\"@type\":\"PropertyValueSpecification\",\"valueRequired\":true,\"valueName\":\"search_term_string\"}}],\"inLanguage\":\"de\"},{\"@type\":\"Organization\",\"@id\":\"https:\\\/\\\/www.organisator.ch\\\/#organization\",\"name\":\"Organisator\",\"url\":\"https:\\\/\\\/www.organisator.ch\\\/\",\"logo\":{\"@type\":\"ImageObject\",\"inLanguage\":\"de\",\"@id\":\"https:\\\/\\\/www.organisator.ch\\\/#\\\/schema\\\/logo\\\/image\\\/\",\"url\":\"https:\\\/\\\/www.organisator.ch\\\/wp-content\\\/uploads\\\/2022\\\/01\\\/Logo_Organisator_Website.png\",\"contentUrl\":\"https:\\\/\\\/www.organisator.ch\\\/wp-content\\\/uploads\\\/2022\\\/01\\\/Logo_Organisator_Website.png\",\"width\":800,\"height\":77,\"caption\":\"Organisator\"},\"image\":{\"@id\":\"https:\\\/\\\/www.organisator.ch\\\/#\\\/schema\\\/logo\\\/image\\\/\"},\"sameAs\":[\"https:\\\/\\\/www.facebook.com\\\/OrganisatorFachmagazin\",\"https:\\\/\\\/www.linkedin.com\\\/showcase\\\/organisator-das-magazin-fr-kmu\",\"https:\\\/\\\/www.xing.com\\\/news\\\/pages\\\/organisator-ch-695\",\"https:\\\/\\\/www.youtube.com\\\/channel\\\/UCGP2Sq0iWaZwT3BdIAQFYpw\"]},{\"@type\":\"Person\",\"@id\":\"https:\\\/\\\/www.organisator.ch\\\/#\\\/schema\\\/person\\\/4e51799071cd2dd1232ac003643ef5f0\",\"name\":\"galledia\",\"image\":{\"@type\":\"ImageObject\",\"inLanguage\":\"de\",\"@id\":\"https:\\\/\\\/secure.gravatar.com\\\/avatar\\\/78a7f90c01fc2bfc875782a0d4922b37cde2cf184ce347b91316d23cd7f69a36?s=96&d=mm&r=g\",\"url\":\"https:\\\/\\\/secure.gravatar.com\\\/avatar\\\/78a7f90c01fc2bfc875782a0d4922b37cde2cf184ce347b91316d23cd7f69a36?s=96&d=mm&r=g\",\"contentUrl\":\"https:\\\/\\\/secure.gravatar.com\\\/avatar\\\/78a7f90c01fc2bfc875782a0d4922b37cde2cf184ce347b91316d23cd7f69a36?s=96&d=mm&r=g\",\"caption\":\"galledia\"},\"sameAs\":[\"https:\\\/\\\/x.com\\\/admin\"],\"url\":\"https:\\\/\\\/www.organisator.ch\\\/de\\\/author\\\/galledia\\\/\"}]}<\/script>\n<!-- \/ Yoast SEO plugin. -->","yoast_head_json":{"title":"Sunrise ist neu Sponsor von Swiss Paralympic - Organisator","description":"Sunrise unterst\u00fctzt Swiss Paralympic als Sponsor. Finanzierung der Para-Skifahrer bis 2026. F\u00f6rderung von Vielfalt und Inklusion.","robots":{"index":"index","follow":"follow","max-snippet":"max-snippet:-1","max-image-preview":"max-image-preview:large","max-video-preview":"max-video-preview:-1"},"canonical":"https:\/\/www.organisator.ch\/de\/marketing\/2022-10-03\/sunrise-ist-neu-sponsor-von-swiss-paralympic\/","og_locale":"de_DE","og_type":"article","og_title":"Sunrise ist neu Sponsor von Swiss Paralympic - Organisator","og_description":"Sunrise unterst\u00fctzt Swiss Paralympic als Sponsor. Finanzierung der Para-Skifahrer bis 2026. F\u00f6rderung von Vielfalt und Inklusion.","og_url":"https:\/\/www.organisator.ch\/de\/marketing\/2022-10-03\/sunrise-ist-neu-sponsor-von-swiss-paralympic\/","og_site_name":"Organisator","article_publisher":"https:\/\/www.facebook.com\/OrganisatorFachmagazin","article_published_time":"2022-10-03T07:45:54+00:00","article_modified_time":"2024-11-21T06:51:28+00:00","author":"galledia","twitter_card":"summary_large_image","twitter_creator":"@admin","schema":{"@context":"https:\/\/schema.org","@graph":[{"@type":"Article","@id":"https:\/\/www.organisator.ch\/marketing\/2022-10-03\/sunrise-ist-neu-sponsor-von-swiss-paralympic\/#article","isPartOf":{"@id":"https:\/\/www.organisator.ch\/marketing\/2022-10-03\/sunrise-ist-neu-sponsor-von-swiss-paralympic\/"},"author":{"name":"galledia","@id":"https:\/\/www.organisator.ch\/#\/schema\/person\/4e51799071cd2dd1232ac003643ef5f0"},"headline":"Sunrise ist neu Sponsor von Swiss Paralympic","datePublished":"2022-10-03T07:45:54+00:00","dateModified":"2024-11-21T06:51:28+00:00","mainEntityOfPage":{"@id":"https:\/\/www.organisator.ch\/marketing\/2022-10-03\/sunrise-ist-neu-sponsor-von-swiss-paralympic\/"},"wordCount":294,"publisher":{"@id":"https:\/\/www.organisator.ch\/#organization"},"image":{"@id":"https:\/\/www.organisator.ch\/marketing\/2022-10-03\/sunrise-ist-neu-sponsor-von-swiss-paralympic\/#primaryimage"},"thumbnailUrl":"https:\/\/www.werbewoche.ch\/wp-content\/uploads\/2022\/10\/Online_SwissParalympic-1024x683.jpeg","keywords":["paralympics","Ski"],"articleSection":["MARKETING"],"inLanguage":"de"},{"@type":"WebPage","@id":"https:\/\/www.organisator.ch\/marketing\/2022-10-03\/sunrise-ist-neu-sponsor-von-swiss-paralympic\/","url":"https:\/\/www.organisator.ch\/marketing\/2022-10-03\/sunrise-ist-neu-sponsor-von-swiss-paralympic\/","name":"Sunrise ist neu Sponsor von Swiss Paralympic - Organisator","isPartOf":{"@id":"https:\/\/www.organisator.ch\/#website"},"primaryImageOfPage":{"@id":"https:\/\/www.organisator.ch\/marketing\/2022-10-03\/sunrise-ist-neu-sponsor-von-swiss-paralympic\/#primaryimage"},"image":{"@id":"https:\/\/www.organisator.ch\/marketing\/2022-10-03\/sunrise-ist-neu-sponsor-von-swiss-paralympic\/#primaryimage"},"thumbnailUrl":"https:\/\/www.werbewoche.ch\/wp-content\/uploads\/2022\/10\/Online_SwissParalympic-1024x683.jpeg","datePublished":"2022-10-03T07:45:54+00:00","dateModified":"2024-11-21T06:51:28+00:00","description":"Sunrise unterst\u00fctzt Swiss Paralympic als Sponsor. Finanzierung der Para-Skifahrer bis 2026. F\u00f6rderung von Vielfalt und Inklusion.","breadcrumb":{"@id":"https:\/\/www.organisator.ch\/marketing\/2022-10-03\/sunrise-ist-neu-sponsor-von-swiss-paralympic\/#breadcrumb"},"inLanguage":"de","potentialAction":[{"@type":"ReadAction","target":["https:\/\/www.organisator.ch\/marketing\/2022-10-03\/sunrise-ist-neu-sponsor-von-swiss-paralympic\/"]}]},{"@type":"ImageObject","inLanguage":"de","@id":"https:\/\/www.organisator.ch\/marketing\/2022-10-03\/sunrise-ist-neu-sponsor-von-swiss-paralympic\/#primaryimage","url":"https:\/\/www.werbewoche.ch\/wp-content\/uploads\/2022\/10\/Online_SwissParalympic-1024x683.jpeg","contentUrl":"https:\/\/www.werbewoche.ch\/wp-content\/uploads\/2022\/10\/Online_SwissParalympic-1024x683.jpeg"},{"@type":"BreadcrumbList","@id":"https:\/\/www.organisator.ch\/marketing\/2022-10-03\/sunrise-ist-neu-sponsor-von-swiss-paralympic\/#breadcrumb","itemListElement":[{"@type":"ListItem","position":1,"name":"Home","item":"https:\/\/www.organisator.ch\/"},{"@type":"ListItem","position":2,"name":"Sunrise ist neu Sponsor von Swiss Paralympic"}]},{"@type":"WebSite","@id":"https:\/\/www.organisator.ch\/#website","url":"https:\/\/www.organisator.ch\/","name":"Organisator","description":"Kompetent. Praxisnah. Der ORGANISATOR bereitet in 10 Ausgaben pro Jahr die wesentlichen Themen f\u00fcr F\u00fchrungskr\u00e4fte von KMU auf.","publisher":{"@id":"https:\/\/www.organisator.ch\/#organization"},"potentialAction":[{"@type":"SearchAction","target":{"@type":"EntryPoint","urlTemplate":"https:\/\/www.organisator.ch\/?s={search_term_string}"},"query-input":{"@type":"PropertyValueSpecification","valueRequired":true,"valueName":"search_term_string"}}],"inLanguage":"de"},{"@type":"Organization","@id":"https:\/\/www.organisator.ch\/#organization","name":"Organisator","url":"https:\/\/www.organisator.ch\/","logo":{"@type":"ImageObject","inLanguage":"de","@id":"https:\/\/www.organisator.ch\/#\/schema\/logo\/image\/","url":"https:\/\/www.organisator.ch\/wp-content\/uploads\/2022\/01\/Logo_Organisator_Website.png","contentUrl":"https:\/\/www.organisator.ch\/wp-content\/uploads\/2022\/01\/Logo_Organisator_Website.png","width":800,"height":77,"caption":"Organisator"},"image":{"@id":"https:\/\/www.organisator.ch\/#\/schema\/logo\/image\/"},"sameAs":["https:\/\/www.facebook.com\/OrganisatorFachmagazin","https:\/\/www.linkedin.com\/showcase\/organisator-das-magazin-fr-kmu","https:\/\/www.xing.com\/news\/pages\/organisator-ch-695","https:\/\/www.youtube.com\/channel\/UCGP2Sq0iWaZwT3BdIAQFYpw"]},{"@type":"Person","@id":"https:\/\/www.organisator.ch\/#\/schema\/person\/4e51799071cd2dd1232ac003643ef5f0","name":"galledia","image":{"@type":"ImageObject","inLanguage":"de","@id":"https:\/\/secure.gravatar.com\/avatar\/78a7f90c01fc2bfc875782a0d4922b37cde2cf184ce347b91316d23cd7f69a36?s=96&d=mm&r=g","url":"https:\/\/secure.gravatar.com\/avatar\/78a7f90c01fc2bfc875782a0d4922b37cde2cf184ce347b91316d23cd7f69a36?s=96&d=mm&r=g","contentUrl":"https:\/\/secure.gravatar.com\/avatar\/78a7f90c01fc2bfc875782a0d4922b37cde2cf184ce347b91316d23cd7f69a36?s=96&d=mm&r=g","caption":"galledia"},"sameAs":["https:\/\/x.com\/admin"],"url":"https:\/\/www.organisator.ch\/de\/author\/galledia\/"}]}},"_links":{"self":[{"href":"https:\/\/www.organisator.ch\/de\/wp-json\/wp\/v2\/posts\/17138","targetHints":{"allow":["GET"]}}],"collection":[{"href":"https:\/\/www.organisator.ch\/de\/wp-json\/wp\/v2\/posts"}],"about":[{"href":"https:\/\/www.organisator.ch\/de\/wp-json\/wp\/v2\/types\/post"}],"author":[{"embeddable":true,"href":"https:\/\/www.organisator.ch\/de\/wp-json\/wp\/v2\/users\/8"}],"replies":[{"embeddable":true,"href":"https:\/\/www.organisator.ch\/de\/wp-json\/wp\/v2\/comments?post=17138"}],"version-history":[{"count":3,"href":"https:\/\/www.organisator.ch\/de\/wp-json\/wp\/v2\/posts\/17138\/revisions"}],"predecessor-version":[{"id":33748,"href":"https:\/\/www.organisator.ch\/de\/wp-json\/wp\/v2\/posts\/17138\/revisions\/33748"}],"wp:attachment":[{"href":"https:\/\/www.organisator.ch\/de\/wp-json\/wp\/v2\/media?parent=17138"}],"wp:term":[{"taxonomy":"category","embeddable":true,"href":"https:\/\/www.organisator.ch\/de\/wp-json\/wp\/v2\/categories?post=17138"},{"taxonomy":"post_tag","embeddable":true,"href":"https:\/\/www.organisator.ch\/de\/wp-json\/wp\/v2\/tags?post=17138"}],"curies":[{"name":"wp","href":"https:\/\/api.w.org\/{rel}","templated":true}]}}