{"id":1717,"date":"2018-06-12T16:49:13","date_gmt":"2018-06-12T14:49:13","guid":{"rendered":"https:\/\/www.umweltperspektiven.ch\/?p=1717"},"modified":"2022-02-09T11:06:54","modified_gmt":"2022-02-09T10:06:54","slug":"klimastiftung-schweiz-unterstuetzt-kmu","status":"publish","type":"post","link":"https:\/\/www.organisator.ch\/de\/sustainability\/2018-06-12\/klimastiftung-schweiz-unterstuetzt-kmu\/","title":{"rendered":"Klimastiftung Schweiz unterst\u00fctzt KMU"},"content":{"rendered":"<figure id=\"attachment_1718\" aria-describedby=\"caption-attachment-1718\" style=\"width: 680px\" class=\"wp-caption alignnone\"><img loading=\"lazy\" decoding=\"async\" class=\"size-medium wp-image-1718\" src=\"\/\/www.umweltperspektiven.ch\/wp-content\/uploads\/2018\/06\/KlimastiftungSchweiz-unterst\u00fctzt-KMU_UP_Umwelt_Perspektiven.jpeg\" alt=\"\" width=\"680\" height=\"383\" \/><figcaption id=\"caption-attachment-1718\" class=\"wp-caption-text\">Seit Januar 2008 verlangt das CO2-Gesetz eine Abgabe auf Brennstoffe. Ein Teil der Abgaben fliesst zur\u00fcck an die Wirtschaft. (Bild: Klimastiftung Schweiz)<\/figcaption><\/figure>\n<p>\u00dcber 1400 KMU haben in den letzten 10 Jahren den Unterst\u00fctzungsgeldern der Klimasiftung Schweiz profitiert. Mit 420\u2019000 Franken unterst\u00fctzt nun die Stiftung weitere Unternehmen. So unterst\u00fctzt die Stiftung neu Projekte zur besseren Steuerung von Heizungen oder zur Vermeidung von Einweg-Geschirr. Diese und drei weitere Innovationen sollen die Schweiz klimafreundlicher machen. Auch drei grosse Projekte zum Energiesparen im eigenen Betrieb konnte der Stiftungsrat bewilligen. Dabei geht es insbesondere um Verbesserungen bei W\u00e4rme und Isolation in mittelgrossen Betrieben.<\/p>\n<p>Bei der Stiftungsratssitzung der Klimastiftung Schweiz in Winterthur wurde es einmal mehr sichtbar: Klimaschutz betrifft fast alle Lebensbereiche.<\/p>\n<p><strong>Zehn Jahre Klimastiftung Schweiz\u00a0<\/strong><\/p>\n<p>Die Klimastiftung Schweiz hat mit ihrem Engagement das Ziel, sowohl den Klimaschutz als auch die KMU in der Schweiz und in Liechtenstein zu unterst\u00fctzen. Sie wurde kurz nach der Einf\u00fchrung der CO2-Lenkungsabgabe gegr\u00fcndet und wird dieses Jahr zusammen mit der Abgabe zehn Jahre alt. 27 grosse Dienstleister wie Banken, Versicherungen und Berater spenden der Stiftung Geld, das sie durch die R\u00fcckerstattung der CO2-Abgabe erhalten. Stiftungs- und Beirat bestehen aus Fach- und F\u00fchrungspersonen aus den Partnerfirmen.<\/p>\n<p><strong>Einfache Antragsprozesse auch f\u00fcr kleine KMU\u00a0<\/strong><\/p>\n<p>Das Geld \u2013 bis jetzt 18 Millionen Franken \u2013 vergibt die Stiftung gr\u00f6sstenteils an KMU, die Produkte im Bereich des Klimaschutzes entwickeln und solche, die im eigenen Betrieb Energie sparen. Die meisten Projekte bewegen sich im Rahmen der standardisierten F\u00f6rdermassnahmen der Stiftung. Diese Antr\u00e4ge werden online gestellt und innert einem Monat durch die Gesch\u00e4ftsstelle beantwortet. \u00dcber Innovationen und gr\u00f6ssere oder aussergew\u00f6hnliche Projekte entscheidet der Stiftungsrat in seiner halbj\u00e4hrlichen Sitzung. \u00abAls unabh\u00e4ngige Stiftung k\u00f6nnen wir unsere Antragsprozesse einfach und unb\u00fcrokratisch gestalten und so auch kleine KMU effizient f\u00f6rdern\u00bb, sagt Vincent Eckert, Gesch\u00e4ftsf\u00fchrer der Stiftung.<\/p>\n<p>Neben den Projekten unterst\u00fctzt die Stiftung auch Unternehmen, die mit dem Bund eine freiwillige Zielvereinbarung zum Energiesparen eingehen. Seit 2017 engagiert sich die Klimastiftung Schweiz zudem f\u00fcr die Verj\u00fcngung bestimmter Waldst\u00fccke, damit diese weiterhin CO2 aufnehmen k\u00f6nnen. Dabei arbeitet sie mit Wald Schweiz und der Konferenz der Kantonsf\u00f6rster zusammen.<\/p>\n<p><a href=\"\/\/www.klimastiftung.ch\">http:\/\/www.klimastiftung.ch<\/a><\/p>\n<p>&nbsp;<\/p>\n<p>&nbsp;<\/p>\n","protected":false},"excerpt":{"rendered":"<p>\u00dcber 1400 KMU haben in den letzten 10 Jahren den Unterst\u00fctzungsgeldern der Klimasiftung Schweiz profitiert. Mit 420\u2019000 Franken unterst\u00fctzt nun die Stiftung weitere Unternehmen. So unterst\u00fctzt die Stiftung neu Projekte zur besseren Steuerung von Heizungen oder zur Vermeidung von Einweg-Geschirr. Diese und drei weitere Innovationen sollen die Schweiz klimafreundlicher machen. Auch drei grosse Projekte zum [&hellip;]<\/p>\n","protected":false},"author":5,"featured_media":1718,"comment_status":"open","ping_status":"open","sticky":false,"template":"","format":"standard","meta":{"_acf_changed":false,"_yoast_wpseo_focuskw":"Klimastiftung Schweiz","_yoast_wpseo_metadesc":"Die Klimastiftung Schweiz unterst\u00fctzt acht gr\u00f6ssere Klimaschutz-Projekte von kleinen und mittleren Unternehmen (KMU) und blickt gleichzeitig auf Projekte der letzten zehn Jahre zur\u00fcck.","articlekey":"","footnotes":""},"categories":[580],"tags":[1520,301],"class_list":["post-1717","post","type-post","status-publish","format-standard","has-post-thumbnail","hentry","category-sustainability","tag-klimaprojekte","tag-kmu"],"acf":[],"yoast_head":"<!-- This site is optimized with the Yoast SEO plugin v27.5 - https:\/\/yoast.com\/product\/yoast-seo-wordpress\/ -->\n<title>Klimastiftung Schweiz unterst\u00fctzt KMU - Organisator<\/title>\n<meta name=\"description\" content=\"Die Klimastiftung Schweiz unterst\u00fctzt acht gr\u00f6ssere Klimaschutz-Projekte von kleinen und mittleren Unternehmen (KMU) und blickt gleichzeitig auf Projekte der letzten zehn Jahre zur\u00fcck.\" \/>\n<meta name=\"robots\" content=\"index, follow, max-snippet:-1, max-image-preview:large, max-video-preview:-1\" \/>\n<link rel=\"canonical\" href=\"https:\/\/www.organisator.ch\/de\/sustainability\/2018-06-12\/klimastiftung-schweiz-unterstuetzt-kmu\/\" \/>\n<meta property=\"og:locale\" content=\"de_DE\" \/>\n<meta property=\"og:type\" content=\"article\" \/>\n<meta property=\"og:title\" content=\"Klimastiftung Schweiz unterst\u00fctzt KMU - Organisator\" \/>\n<meta property=\"og:description\" content=\"Die Klimastiftung Schweiz unterst\u00fctzt acht gr\u00f6ssere Klimaschutz-Projekte von kleinen und mittleren Unternehmen (KMU) und blickt gleichzeitig auf Projekte der letzten zehn Jahre zur\u00fcck.\" \/>\n<meta property=\"og:url\" content=\"https:\/\/www.organisator.ch\/de\/sustainability\/2018-06-12\/klimastiftung-schweiz-unterstuetzt-kmu\/\" \/>\n<meta property=\"og:site_name\" content=\"Organisator\" \/>\n<meta property=\"article:publisher\" content=\"https:\/\/www.facebook.com\/OrganisatorFachmagazin\" \/>\n<meta property=\"article:published_time\" content=\"2018-06-12T14:49:13+00:00\" \/>\n<meta property=\"article:modified_time\" content=\"2022-02-09T10:06:54+00:00\" \/>\n<meta property=\"og:image\" content=\"https:\/\/www.organisator.ch\/wp-content\/uploads\/2018\/06\/KlimastiftungSchweiz-unterstuetzt-KMU_UP_Umwelt_Perspektiven.jpeg\" \/>\n\t<meta property=\"og:image:width\" content=\"1200\" \/>\n\t<meta property=\"og:image:height\" content=\"675\" \/>\n\t<meta property=\"og:image:type\" content=\"image\/jpeg\" \/>\n<meta name=\"author\" content=\"michael.merz\" \/>\n<meta name=\"twitter:card\" content=\"summary_large_image\" \/>\n<script type=\"application\/ld+json\" class=\"yoast-schema-graph\">{\"@context\":\"https:\\\/\\\/schema.org\",\"@graph\":[{\"@type\":\"Article\",\"@id\":\"https:\\\/\\\/www.organisator.ch\\\/sustainability\\\/2018-06-12\\\/klimastiftung-schweiz-unterstuetzt-kmu\\\/#article\",\"isPartOf\":{\"@id\":\"https:\\\/\\\/www.organisator.ch\\\/sustainability\\\/2018-06-12\\\/klimastiftung-schweiz-unterstuetzt-kmu\\\/\"},\"author\":{\"name\":\"michael.merz\",\"@id\":\"https:\\\/\\\/www.organisator.ch\\\/#\\\/schema\\\/person\\\/134708ca9321c57b0362cceb7948ffbd\"},\"headline\":\"Klimastiftung Schweiz unterst\u00fctzt KMU\",\"datePublished\":\"2018-06-12T14:49:13+00:00\",\"dateModified\":\"2022-02-09T10:06:54+00:00\",\"mainEntityOfPage\":{\"@id\":\"https:\\\/\\\/www.organisator.ch\\\/sustainability\\\/2018-06-12\\\/klimastiftung-schweiz-unterstuetzt-kmu\\\/\"},\"wordCount\":385,\"commentCount\":0,\"publisher\":{\"@id\":\"https:\\\/\\\/www.organisator.ch\\\/#organization\"},\"image\":{\"@id\":\"https:\\\/\\\/www.organisator.ch\\\/sustainability\\\/2018-06-12\\\/klimastiftung-schweiz-unterstuetzt-kmu\\\/#primaryimage\"},\"thumbnailUrl\":\"https:\\\/\\\/www.organisator.ch\\\/wp-content\\\/uploads\\\/2018\\\/06\\\/KlimastiftungSchweiz-unterstuetzt-KMU_UP_Umwelt_Perspektiven.jpeg\",\"keywords\":[\"Klimaprojekte\",\"KMU\"],\"articleSection\":[\"SUSTAINABILITY\"],\"inLanguage\":\"de\"},{\"@type\":\"WebPage\",\"@id\":\"https:\\\/\\\/www.organisator.ch\\\/sustainability\\\/2018-06-12\\\/klimastiftung-schweiz-unterstuetzt-kmu\\\/\",\"url\":\"https:\\\/\\\/www.organisator.ch\\\/sustainability\\\/2018-06-12\\\/klimastiftung-schweiz-unterstuetzt-kmu\\\/\",\"name\":\"Klimastiftung Schweiz unterst\u00fctzt KMU - Organisator\",\"isPartOf\":{\"@id\":\"https:\\\/\\\/www.organisator.ch\\\/#website\"},\"primaryImageOfPage\":{\"@id\":\"https:\\\/\\\/www.organisator.ch\\\/sustainability\\\/2018-06-12\\\/klimastiftung-schweiz-unterstuetzt-kmu\\\/#primaryimage\"},\"image\":{\"@id\":\"https:\\\/\\\/www.organisator.ch\\\/sustainability\\\/2018-06-12\\\/klimastiftung-schweiz-unterstuetzt-kmu\\\/#primaryimage\"},\"thumbnailUrl\":\"https:\\\/\\\/www.organisator.ch\\\/wp-content\\\/uploads\\\/2018\\\/06\\\/KlimastiftungSchweiz-unterstuetzt-KMU_UP_Umwelt_Perspektiven.jpeg\",\"datePublished\":\"2018-06-12T14:49:13+00:00\",\"dateModified\":\"2022-02-09T10:06:54+00:00\",\"description\":\"Die Klimastiftung Schweiz unterst\u00fctzt acht gr\u00f6ssere Klimaschutz-Projekte von kleinen und mittleren Unternehmen (KMU) und blickt gleichzeitig auf Projekte der letzten zehn Jahre zur\u00fcck.\",\"breadcrumb\":{\"@id\":\"https:\\\/\\\/www.organisator.ch\\\/sustainability\\\/2018-06-12\\\/klimastiftung-schweiz-unterstuetzt-kmu\\\/#breadcrumb\"},\"inLanguage\":\"de\",\"potentialAction\":[{\"@type\":\"ReadAction\",\"target\":[\"https:\\\/\\\/www.organisator.ch\\\/sustainability\\\/2018-06-12\\\/klimastiftung-schweiz-unterstuetzt-kmu\\\/\"]}]},{\"@type\":\"ImageObject\",\"inLanguage\":\"de\",\"@id\":\"https:\\\/\\\/www.organisator.ch\\\/sustainability\\\/2018-06-12\\\/klimastiftung-schweiz-unterstuetzt-kmu\\\/#primaryimage\",\"url\":\"https:\\\/\\\/www.organisator.ch\\\/wp-content\\\/uploads\\\/2018\\\/06\\\/KlimastiftungSchweiz-unterstuetzt-KMU_UP_Umwelt_Perspektiven.jpeg\",\"contentUrl\":\"https:\\\/\\\/www.organisator.ch\\\/wp-content\\\/uploads\\\/2018\\\/06\\\/KlimastiftungSchweiz-unterstuetzt-KMU_UP_Umwelt_Perspektiven.jpeg\",\"width\":1200,\"height\":675,\"caption\":\"Seit Januar 2008 verlangt das CO2-Gesetz eine Abgabe auf Brennstoffe. Ein Teil der Abgaben fliesst zur\u00fcck an die Wirtschaft. (Bild: Klimastiftung Schweiz)\"},{\"@type\":\"BreadcrumbList\",\"@id\":\"https:\\\/\\\/www.organisator.ch\\\/sustainability\\\/2018-06-12\\\/klimastiftung-schweiz-unterstuetzt-kmu\\\/#breadcrumb\",\"itemListElement\":[{\"@type\":\"ListItem\",\"position\":1,\"name\":\"Home\",\"item\":\"https:\\\/\\\/www.organisator.ch\\\/\"},{\"@type\":\"ListItem\",\"position\":2,\"name\":\"Klimastiftung Schweiz unterst\u00fctzt KMU\"}]},{\"@type\":\"WebSite\",\"@id\":\"https:\\\/\\\/www.organisator.ch\\\/#website\",\"url\":\"https:\\\/\\\/www.organisator.ch\\\/\",\"name\":\"Organisator\",\"description\":\"Kompetent. Praxisnah. Der ORGANISATOR bereitet in 10 Ausgaben pro Jahr die wesentlichen Themen f\u00fcr F\u00fchrungskr\u00e4fte von KMU auf.\",\"publisher\":{\"@id\":\"https:\\\/\\\/www.organisator.ch\\\/#organization\"},\"potentialAction\":[{\"@type\":\"SearchAction\",\"target\":{\"@type\":\"EntryPoint\",\"urlTemplate\":\"https:\\\/\\\/www.organisator.ch\\\/?s={search_term_string}\"},\"query-input\":{\"@type\":\"PropertyValueSpecification\",\"valueRequired\":true,\"valueName\":\"search_term_string\"}}],\"inLanguage\":\"de\"},{\"@type\":\"Organization\",\"@id\":\"https:\\\/\\\/www.organisator.ch\\\/#organization\",\"name\":\"Organisator\",\"url\":\"https:\\\/\\\/www.organisator.ch\\\/\",\"logo\":{\"@type\":\"ImageObject\",\"inLanguage\":\"de\",\"@id\":\"https:\\\/\\\/www.organisator.ch\\\/#\\\/schema\\\/logo\\\/image\\\/\",\"url\":\"https:\\\/\\\/www.organisator.ch\\\/wp-content\\\/uploads\\\/2022\\\/01\\\/Logo_Organisator_Website.png\",\"contentUrl\":\"https:\\\/\\\/www.organisator.ch\\\/wp-content\\\/uploads\\\/2022\\\/01\\\/Logo_Organisator_Website.png\",\"width\":800,\"height\":77,\"caption\":\"Organisator\"},\"image\":{\"@id\":\"https:\\\/\\\/www.organisator.ch\\\/#\\\/schema\\\/logo\\\/image\\\/\"},\"sameAs\":[\"https:\\\/\\\/www.facebook.com\\\/OrganisatorFachmagazin\",\"https:\\\/\\\/www.linkedin.com\\\/showcase\\\/organisator-das-magazin-fr-kmu\",\"https:\\\/\\\/www.xing.com\\\/news\\\/pages\\\/organisator-ch-695\",\"https:\\\/\\\/www.youtube.com\\\/channel\\\/UCGP2Sq0iWaZwT3BdIAQFYpw\"]},{\"@type\":\"Person\",\"@id\":\"https:\\\/\\\/www.organisator.ch\\\/#\\\/schema\\\/person\\\/134708ca9321c57b0362cceb7948ffbd\",\"name\":\"michael.merz\",\"image\":{\"@type\":\"ImageObject\",\"inLanguage\":\"de\",\"@id\":\"https:\\\/\\\/secure.gravatar.com\\\/avatar\\\/?s=96&d=mm&r=g\",\"url\":\"https:\\\/\\\/secure.gravatar.com\\\/avatar\\\/?s=96&d=mm&r=g\",\"contentUrl\":\"https:\\\/\\\/secure.gravatar.com\\\/avatar\\\/?s=96&d=mm&r=g\",\"caption\":\"michael.merz\"},\"url\":\"https:\\\/\\\/www.organisator.ch\\\/de\\\/author\\\/michael-merz\\\/\"}]}<\/script>\n<!-- \/ Yoast SEO plugin. -->","yoast_head_json":{"title":"Klimastiftung Schweiz unterst\u00fctzt KMU - Organisator","description":"Die Klimastiftung Schweiz unterst\u00fctzt acht gr\u00f6ssere Klimaschutz-Projekte von kleinen und mittleren Unternehmen (KMU) und blickt gleichzeitig auf Projekte der letzten zehn Jahre zur\u00fcck.","robots":{"index":"index","follow":"follow","max-snippet":"max-snippet:-1","max-image-preview":"max-image-preview:large","max-video-preview":"max-video-preview:-1"},"canonical":"https:\/\/www.organisator.ch\/de\/sustainability\/2018-06-12\/klimastiftung-schweiz-unterstuetzt-kmu\/","og_locale":"de_DE","og_type":"article","og_title":"Klimastiftung Schweiz unterst\u00fctzt KMU - Organisator","og_description":"Die Klimastiftung Schweiz unterst\u00fctzt acht gr\u00f6ssere Klimaschutz-Projekte von kleinen und mittleren Unternehmen (KMU) und blickt gleichzeitig auf Projekte der letzten zehn Jahre zur\u00fcck.","og_url":"https:\/\/www.organisator.ch\/de\/sustainability\/2018-06-12\/klimastiftung-schweiz-unterstuetzt-kmu\/","og_site_name":"Organisator","article_publisher":"https:\/\/www.facebook.com\/OrganisatorFachmagazin","article_published_time":"2018-06-12T14:49:13+00:00","article_modified_time":"2022-02-09T10:06:54+00:00","og_image":[{"width":1200,"height":675,"url":"https:\/\/www.organisator.ch\/wp-content\/uploads\/2018\/06\/KlimastiftungSchweiz-unterstuetzt-KMU_UP_Umwelt_Perspektiven.jpeg","type":"image\/jpeg"}],"author":"michael.merz","twitter_card":"summary_large_image","schema":{"@context":"https:\/\/schema.org","@graph":[{"@type":"Article","@id":"https:\/\/www.organisator.ch\/sustainability\/2018-06-12\/klimastiftung-schweiz-unterstuetzt-kmu\/#article","isPartOf":{"@id":"https:\/\/www.organisator.ch\/sustainability\/2018-06-12\/klimastiftung-schweiz-unterstuetzt-kmu\/"},"author":{"name":"michael.merz","@id":"https:\/\/www.organisator.ch\/#\/schema\/person\/134708ca9321c57b0362cceb7948ffbd"},"headline":"Klimastiftung Schweiz unterst\u00fctzt KMU","datePublished":"2018-06-12T14:49:13+00:00","dateModified":"2022-02-09T10:06:54+00:00","mainEntityOfPage":{"@id":"https:\/\/www.organisator.ch\/sustainability\/2018-06-12\/klimastiftung-schweiz-unterstuetzt-kmu\/"},"wordCount":385,"commentCount":0,"publisher":{"@id":"https:\/\/www.organisator.ch\/#organization"},"image":{"@id":"https:\/\/www.organisator.ch\/sustainability\/2018-06-12\/klimastiftung-schweiz-unterstuetzt-kmu\/#primaryimage"},"thumbnailUrl":"https:\/\/www.organisator.ch\/wp-content\/uploads\/2018\/06\/KlimastiftungSchweiz-unterstuetzt-KMU_UP_Umwelt_Perspektiven.jpeg","keywords":["Klimaprojekte","KMU"],"articleSection":["SUSTAINABILITY"],"inLanguage":"de"},{"@type":"WebPage","@id":"https:\/\/www.organisator.ch\/sustainability\/2018-06-12\/klimastiftung-schweiz-unterstuetzt-kmu\/","url":"https:\/\/www.organisator.ch\/sustainability\/2018-06-12\/klimastiftung-schweiz-unterstuetzt-kmu\/","name":"Klimastiftung Schweiz unterst\u00fctzt KMU - Organisator","isPartOf":{"@id":"https:\/\/www.organisator.ch\/#website"},"primaryImageOfPage":{"@id":"https:\/\/www.organisator.ch\/sustainability\/2018-06-12\/klimastiftung-schweiz-unterstuetzt-kmu\/#primaryimage"},"image":{"@id":"https:\/\/www.organisator.ch\/sustainability\/2018-06-12\/klimastiftung-schweiz-unterstuetzt-kmu\/#primaryimage"},"thumbnailUrl":"https:\/\/www.organisator.ch\/wp-content\/uploads\/2018\/06\/KlimastiftungSchweiz-unterstuetzt-KMU_UP_Umwelt_Perspektiven.jpeg","datePublished":"2018-06-12T14:49:13+00:00","dateModified":"2022-02-09T10:06:54+00:00","description":"Die Klimastiftung Schweiz unterst\u00fctzt acht gr\u00f6ssere Klimaschutz-Projekte von kleinen und mittleren Unternehmen (KMU) und blickt gleichzeitig auf Projekte der letzten zehn Jahre zur\u00fcck.","breadcrumb":{"@id":"https:\/\/www.organisator.ch\/sustainability\/2018-06-12\/klimastiftung-schweiz-unterstuetzt-kmu\/#breadcrumb"},"inLanguage":"de","potentialAction":[{"@type":"ReadAction","target":["https:\/\/www.organisator.ch\/sustainability\/2018-06-12\/klimastiftung-schweiz-unterstuetzt-kmu\/"]}]},{"@type":"ImageObject","inLanguage":"de","@id":"https:\/\/www.organisator.ch\/sustainability\/2018-06-12\/klimastiftung-schweiz-unterstuetzt-kmu\/#primaryimage","url":"https:\/\/www.organisator.ch\/wp-content\/uploads\/2018\/06\/KlimastiftungSchweiz-unterstuetzt-KMU_UP_Umwelt_Perspektiven.jpeg","contentUrl":"https:\/\/www.organisator.ch\/wp-content\/uploads\/2018\/06\/KlimastiftungSchweiz-unterstuetzt-KMU_UP_Umwelt_Perspektiven.jpeg","width":1200,"height":675,"caption":"Seit Januar 2008 verlangt das CO2-Gesetz eine Abgabe auf Brennstoffe. Ein Teil der Abgaben fliesst zur\u00fcck an die Wirtschaft. (Bild: Klimastiftung Schweiz)"},{"@type":"BreadcrumbList","@id":"https:\/\/www.organisator.ch\/sustainability\/2018-06-12\/klimastiftung-schweiz-unterstuetzt-kmu\/#breadcrumb","itemListElement":[{"@type":"ListItem","position":1,"name":"Home","item":"https:\/\/www.organisator.ch\/"},{"@type":"ListItem","position":2,"name":"Klimastiftung Schweiz unterst\u00fctzt KMU"}]},{"@type":"WebSite","@id":"https:\/\/www.organisator.ch\/#website","url":"https:\/\/www.organisator.ch\/","name":"Organisator","description":"Kompetent. Praxisnah. Der ORGANISATOR bereitet in 10 Ausgaben pro Jahr die wesentlichen Themen f\u00fcr F\u00fchrungskr\u00e4fte von KMU auf.","publisher":{"@id":"https:\/\/www.organisator.ch\/#organization"},"potentialAction":[{"@type":"SearchAction","target":{"@type":"EntryPoint","urlTemplate":"https:\/\/www.organisator.ch\/?s={search_term_string}"},"query-input":{"@type":"PropertyValueSpecification","valueRequired":true,"valueName":"search_term_string"}}],"inLanguage":"de"},{"@type":"Organization","@id":"https:\/\/www.organisator.ch\/#organization","name":"Organisator","url":"https:\/\/www.organisator.ch\/","logo":{"@type":"ImageObject","inLanguage":"de","@id":"https:\/\/www.organisator.ch\/#\/schema\/logo\/image\/","url":"https:\/\/www.organisator.ch\/wp-content\/uploads\/2022\/01\/Logo_Organisator_Website.png","contentUrl":"https:\/\/www.organisator.ch\/wp-content\/uploads\/2022\/01\/Logo_Organisator_Website.png","width":800,"height":77,"caption":"Organisator"},"image":{"@id":"https:\/\/www.organisator.ch\/#\/schema\/logo\/image\/"},"sameAs":["https:\/\/www.facebook.com\/OrganisatorFachmagazin","https:\/\/www.linkedin.com\/showcase\/organisator-das-magazin-fr-kmu","https:\/\/www.xing.com\/news\/pages\/organisator-ch-695","https:\/\/www.youtube.com\/channel\/UCGP2Sq0iWaZwT3BdIAQFYpw"]},{"@type":"Person","@id":"https:\/\/www.organisator.ch\/#\/schema\/person\/134708ca9321c57b0362cceb7948ffbd","name":"michael.merz","image":{"@type":"ImageObject","inLanguage":"de","@id":"https:\/\/secure.gravatar.com\/avatar\/?s=96&d=mm&r=g","url":"https:\/\/secure.gravatar.com\/avatar\/?s=96&d=mm&r=g","contentUrl":"https:\/\/secure.gravatar.com\/avatar\/?s=96&d=mm&r=g","caption":"michael.merz"},"url":"https:\/\/www.organisator.ch\/de\/author\/michael-merz\/"}]}},"_links":{"self":[{"href":"https:\/\/www.organisator.ch\/de\/wp-json\/wp\/v2\/posts\/1717","targetHints":{"allow":["GET"]}}],"collection":[{"href":"https:\/\/www.organisator.ch\/de\/wp-json\/wp\/v2\/posts"}],"about":[{"href":"https:\/\/www.organisator.ch\/de\/wp-json\/wp\/v2\/types\/post"}],"author":[{"embeddable":true,"href":"https:\/\/www.organisator.ch\/de\/wp-json\/wp\/v2\/users\/5"}],"replies":[{"embeddable":true,"href":"https:\/\/www.organisator.ch\/de\/wp-json\/wp\/v2\/comments?post=1717"}],"version-history":[{"count":1,"href":"https:\/\/www.organisator.ch\/de\/wp-json\/wp\/v2\/posts\/1717\/revisions"}],"predecessor-version":[{"id":10712,"href":"https:\/\/www.organisator.ch\/de\/wp-json\/wp\/v2\/posts\/1717\/revisions\/10712"}],"wp:featuredmedia":[{"embeddable":true,"href":"https:\/\/www.organisator.ch\/de\/wp-json\/wp\/v2\/media\/1718"}],"wp:attachment":[{"href":"https:\/\/www.organisator.ch\/de\/wp-json\/wp\/v2\/media?parent=1717"}],"wp:term":[{"taxonomy":"category","embeddable":true,"href":"https:\/\/www.organisator.ch\/de\/wp-json\/wp\/v2\/categories?post=1717"},{"taxonomy":"post_tag","embeddable":true,"href":"https:\/\/www.organisator.ch\/de\/wp-json\/wp\/v2\/tags?post=1717"}],"curies":[{"name":"wp","href":"https:\/\/api.w.org\/{rel}","templated":true}]}}