{"id":17188,"date":"2022-10-07T08:26:11","date_gmt":"2022-10-07T06:26:11","guid":{"rendered":"https:\/\/www.organisator.ch\/?p=17188"},"modified":"2022-10-07T08:26:11","modified_gmt":"2022-10-07T06:26:11","slug":"schweizer-digitaltage-2022-nachwuchsfoerderung-diversitaet-und-nachhaltigkeit-im-fokus","status":"publish","type":"post","link":"https:\/\/www.organisator.ch\/de\/allgemein\/2022-10-07\/schweizer-digitaltage-2022-nachwuchsfoerderung-diversitaet-und-nachhaltigkeit-im-fokus\/","title":{"rendered":"Schweizer Digitaltage 2022: Nachwuchsf\u00f6rderung, Diversit\u00e4t und Nachhaltigkeit im Fokus"},"content":{"rendered":"<figure id=\"attachment_17189\" aria-describedby=\"caption-attachment-17189\" style=\"width: 680px\" class=\"wp-caption alignnone\"><img loading=\"lazy\" decoding=\"async\" class=\"size-full wp-image-17189\" src=\"https:\/\/www.organisator.ch\/wp-content\/uploads\/2022\/10\/Schweizer-Digitaltage-2022-Nachwuchsfoerderung-Diversitaet-und-Nachhaltigkeit-im-Fokus_Organisator.jpg\" alt=\"\" width=\"680\" height=\"454\" srcset=\"https:\/\/www.organisator.ch\/wp-content\/uploads\/2022\/10\/Schweizer-Digitaltage-2022-Nachwuchsfoerderung-Diversitaet-und-Nachhaltigkeit-im-Fokus_Organisator.jpg 680w, https:\/\/www.organisator.ch\/wp-content\/uploads\/2022\/10\/Schweizer-Digitaltage-2022-Nachwuchsfoerderung-Diversitaet-und-Nachhaltigkeit-im-Fokus_Organisator-18x12.jpg 18w, https:\/\/www.organisator.ch\/wp-content\/uploads\/2022\/10\/Schweizer-Digitaltage-2022-Nachwuchsfoerderung-Diversitaet-und-Nachhaltigkeit-im-Fokus_Organisator-262x175.jpg 262w, https:\/\/www.organisator.ch\/wp-content\/uploads\/2022\/10\/Schweizer-Digitaltage-2022-Nachwuchsfoerderung-Diversitaet-und-Nachhaltigkeit-im-Fokus_Organisator-524x350.jpg 524w, https:\/\/www.organisator.ch\/wp-content\/uploads\/2022\/10\/Schweizer-Digitaltage-2022-Nachwuchsfoerderung-Diversitaet-und-Nachhaltigkeit-im-Fokus_Organisator-300x200.jpg 300w\" sizes=\"auto, (max-width: 680px) 100vw, 680px\" \/><figcaption id=\"caption-attachment-17189\" class=\"wp-caption-text\">Die Schweizer Digitaltage 2022 r\u00fccken den Nachwuchs, Frauen und Nachhaltigkeit in den Fokus. (Bild: Flickr \/ digitalswitzerland)<\/figcaption><\/figure>\n<p>Bei den drei Hauptformaten der Schweizer Digitaltage 2022 dreht sich alles darum, die Weichen f\u00fcr die digitale Zukunft zu stellen. Eine proaktive Haltung gegen\u00fcber aktuellen und kommenden Herausforderungen ist essenziell, um die Position der Schweiz als f\u00fchrenden Digitalstandort zu sichern. Diana Engetschwiler, Deputy Managing Director von digitalswitzerland sagt dazu: \u201eDie Hauptformate sollen Bev\u00f6lkerung, Wirtschaft und Politik f\u00fcr die digitale Herausforderungen in Sachen Nachhaltigkeit, Diversit\u00e4t und Talentf\u00f6rderung sensibilisieren. Denn diese Themen sind wichtig f\u00fcr den Erhalt der Schweiz \u2013 nicht nur als Wirtschaftsstandort, sondern als Lebensraum.\u201d<\/p>\n<h3><strong><a href=\"https:\/\/digitalswitzerland.us11.list-manage.com\/track\/click?u=d4b782bbe405abb13733138ef&amp;id=c24e6acdd5&amp;e=2bd38ebf8b\">NextGen<\/a> \u2013 Begeisterung f\u00fcr Digitalisierung wecken<\/strong><\/h3>\n<p>Die NextGen-Veranstaltungsreihe erm\u00f6glicht es Schulklassen, Digitalisierungsthemen spielerisch zu entdecken und die damit verbundenen Zukunftskompetenzen zu reflektieren. Kinder im Alter von 10 bis 15 Jahren lernen so neue Technologien und Methoden kennen und werden darin ermutigt, unsere digitale Zukunft mitgestalten zu wollen. An den Standorten Biel, Liestal, Z\u00fcrich, Lausanne und Lugano haben bisher bereits 144 Sch\u00fclerinnen und Sch\u00fcler am NextGen-Format teilgenommen und sich unter anderem mit Sensor- und Robotics-L\u00f6sungen auseinandergesetzt. Auf diese Weise erfuhren die Workshopteilnehmenden der n\u00e4chsten Generation beispielsweise, wie ein Distanzsensor funktioniert und programmierten mit dem erworbenen Wissen eine Parkhilfe f\u00fcr Autos.<\/p>\n<p>Prof. Dr. Ren\u00e9 H\u00fcsler, Direktor Departement Informatik und stellvertretender Rektor Hochschule Luzern: \u201eDie Hochschule Luzern unterst\u00fctzt das NextGen-Format, damit den Jugendlichen das Potenzial der Digitalisierung aufgezeigt wird und sich diese mit den notwendigen Zukunftskompetenzen befassen. Dem Fachkr\u00e4ftemangel kann nur mit einem fr\u00fchen Einbezug der \u2018Next Generation\u2019 begegnet werden. Dieses Hauptformat der Digitaltage 2022 passt sehr gut zu unseren vielf\u00e4ltigen Aktivit\u00e4ten f\u00fcr Jugendliche im MINT-Bereich.\u201d<\/p>\n<h3><strong><a href=\"https:\/\/digitalswitzerland.us11.list-manage.com\/track\/click?u=d4b782bbe405abb13733138ef&amp;id=a3fa88bb21&amp;e=2bd38ebf8b\">#<\/a><a href=\"https:\/\/digitalswitzerland.us11.list-manage.com\/track\/click?u=d4b782bbe405abb13733138ef&amp;id=afaabbffdd&amp;e=2bd38ebf8b\">herHACK<\/a> \u2013 Schweizer Digitaltage 2022 mit Hackathon von und f\u00fcr Frauen<\/strong><\/h3>\n<p>Die Veranstaltung mit Symbolcharakter soll Frauen ermutigen, eine berufliche Laufbahn in der Technologiebranche einzuschlagen. Nach der Premiere im letzten Jahr steht die F\u00f6rderung von Frauen in technischen Berufen bereits zum zweiten Mal im Vordergrund der Digitaltage. Das Angebot richtet sich an Frauen unterschiedlichen Alters und Ausbildungsstandes, ohne spezifische Vorkenntnisse im Programmieren, um das Bewusstsein und die Begeisterung f\u00fcr Technik zu wecken. Frauen sind in der Tech-Branche noch stark unterrepr\u00e4sentiert. Dies muss sich schnellstm\u00f6glich \u00e4ndern. Auch in diesem Jahr arbeiten Frauen in Teams an L\u00f6sungen f\u00fcr gesellschaftliche Herausforderungen, die zur Umsetzung der Sustainable Development Goals (SDGs) der UN-Agenda 2030 beitragen. Seit dem Startschuss am 15. September in Basel haben bereits 4 Workshops stattgefunden. Bisherige digitale L\u00f6sungen drehen sich um Themen wie Geschlechtergleichstellung am Arbeitsplatz, saubere Energieerzeugung und Klimaschutzideen f\u00fcr Schweizer KMU.<\/p>\n<h3><strong><a href=\"https:\/\/digitalswitzerland.us11.list-manage.com\/track\/click?u=d4b782bbe405abb13733138ef&amp;id=f96be9c65d&amp;e=2bd38ebf8b\">GreenTech<\/a> \u2013 digitale L\u00f6sungen mit nachhaltiger Wirkung<\/strong><\/h3>\n<p>L\u00f6sungen, die es uns erm\u00f6glichen, nachhaltiger zu leben, zu arbeiten und zu produzieren, sind gefragter denn je. Beim GreenTech Startup Battle stellen insgesamt 20 Jungunternehmen besonders nachhaltige Projektideen vor, die nat\u00fcrliche Ressourcen erhalten und sch\u00fctzen. F\u00fcnf der sieben Finalisten stehen nach f\u00fcnfw\u00f6chiger Laufzeit bereits fest: Aus der Hauptstadtregion mobileup, aus der Nordwestschweiz myFeld, aus dem Grossraum Z\u00fcrich viboo, resilio aus der Romandie und Hive Power aus dem Tessin. <a href=\"https:\/\/digitalswitzerland.us11.list-manage.com\/track\/click?u=d4b782bbe405abb13733138ef&amp;id=20a359b5e9&amp;e=2bd38ebf8b\">mobileup<\/a> f\u00fchrt Angebot und Nachfrage f\u00fcr gebrauchte elektronische Ger\u00e4te zusammen, <a href=\"https:\/\/digitalswitzerland.us11.list-manage.com\/track\/click?u=d4b782bbe405abb13733138ef&amp;id=bc5e1c0fca&amp;e=2bd38ebf8b\">MyFeld<\/a> ist der erste Online-Garten der Schweiz, <a href=\"https:\/\/digitalswitzerland.us11.list-manage.com\/track\/click?u=d4b782bbe405abb13733138ef&amp;id=a2edc5c4f0&amp;e=2bd38ebf8b\">viboo<\/a> bietet selbstlernende pr\u00e4diktive Steuerung als Cloud-Service f\u00fcr Hersteller von Heiz- und K\u00fchlanlagen, <a href=\"https:\/\/digitalswitzerland.us11.list-manage.com\/track\/click?u=d4b782bbe405abb13733138ef&amp;id=7f1161ec5f&amp;e=2bd38ebf8b\">resilio<\/a> begleitet Unternehmen bei ihrer nachhaltigen digitalen Transformation und <a href=\"https:\/\/digitalswitzerland.us11.list-manage.com\/track\/click?u=d4b782bbe405abb13733138ef&amp;id=98a589defc&amp;e=2bd38ebf8b\">Hive Power<\/a> \u00fcberzeugte die Jury mit innovativen L\u00f6sungen f\u00fcr intelligente Stromnetze. Das Finale findet am 27. Oktober in Zug statt. Zu gewinnen gibt es CHF 10&#8217;000 Preisgeld, 25&#8217;000 AWS Credits und 1 Jahr Venture Services oder einen Coworking Space.<\/p>\n<p><em>Quelle: digitalswitzerland<\/em><\/p>\n","protected":false},"excerpt":{"rendered":"<p>Bei den drei Hauptformaten der Schweizer Digitaltage 2022 dreht sich alles darum, die Weichen f\u00fcr die digitale Zukunft zu stellen. Eine proaktive Haltung gegen\u00fcber aktuellen und kommenden Herausforderungen ist essenziell, um die Position der Schweiz als f\u00fchrenden Digitalstandort zu sichern. Diana Engetschwiler, Deputy Managing Director von digitalswitzerland sagt dazu: \u201eDie Hauptformate sollen Bev\u00f6lkerung, Wirtschaft und [&hellip;]<\/p>\n","protected":false},"author":4,"featured_media":0,"comment_status":"closed","ping_status":"closed","sticky":false,"template":"","format":"standard","meta":{"_acf_changed":false,"_yoast_wpseo_focuskw":"Schweizer Digitaltage 2022","_yoast_wpseo_metadesc":"Welche Kompetenzen sind f\u00fcr die digitale Zukunft wichtig? Mit dieser und anderen Fragen besch\u00e4ftigen sich die Schweizer Digitaltage 2022.","articlekey":"","footnotes":""},"categories":[1,30],"tags":[62,156,159,358],"class_list":["post-17188","post","type-post","status-publish","format-standard","hentry","category-allgemein","category-weiterbildung","tag-aus-weiterbildung","tag-digitalisierung","tag-diversity","tag-nachhaltige-wirtschaft"],"acf":[],"yoast_head":"<!-- This site is optimized with the Yoast SEO plugin v27.4 - https:\/\/yoast.com\/product\/yoast-seo-wordpress\/ -->\n<title>Schweizer Digitaltage 2022: Nachwuchsf\u00f6rderung, Diversit\u00e4t und Nachhaltigkeit im Fokus - Organisator<\/title>\n<meta name=\"description\" content=\"Welche Kompetenzen sind f\u00fcr die digitale Zukunft wichtig? Mit dieser und anderen Fragen besch\u00e4ftigen sich die Schweizer Digitaltage 2022.\" \/>\n<meta name=\"robots\" content=\"index, follow, max-snippet:-1, max-image-preview:large, max-video-preview:-1\" \/>\n<link rel=\"canonical\" href=\"https:\/\/www.organisator.ch\/de\/allgemein\/2022-10-07\/schweizer-digitaltage-2022-nachwuchsfoerderung-diversitaet-und-nachhaltigkeit-im-fokus\/\" \/>\n<meta property=\"og:locale\" content=\"de_DE\" \/>\n<meta property=\"og:type\" content=\"article\" \/>\n<meta property=\"og:title\" content=\"Schweizer Digitaltage 2022: Nachwuchsf\u00f6rderung, Diversit\u00e4t und Nachhaltigkeit im Fokus\" \/>\n<meta property=\"og:description\" content=\"Welche Kompetenzen sind f\u00fcr die digitale Zukunft wichtig? Mit dieser und anderen Fragen besch\u00e4ftigen sich die Schweizer Digitaltage 2022.\" \/>\n<meta property=\"og:url\" content=\"https:\/\/www.organisator.ch\/de\/allgemein\/2022-10-07\/schweizer-digitaltage-2022-nachwuchsfoerderung-diversitaet-und-nachhaltigkeit-im-fokus\/\" \/>\n<meta property=\"og:site_name\" content=\"Organisator\" \/>\n<meta property=\"article:publisher\" content=\"https:\/\/www.facebook.com\/OrganisatorFachmagazin\" \/>\n<meta property=\"article:published_time\" content=\"2022-10-07T06:26:11+00:00\" \/>\n<meta property=\"og:image\" content=\"https:\/\/www.organisator.ch\/wp-content\/uploads\/2022\/10\/Schweizer-Digitaltage-2022-Nachwuchsfoerderung-Diversitaet-und-Nachhaltigkeit-im-Fokus_Organisator.jpg\" \/>\n\t<meta property=\"og:image:width\" content=\"680\" \/>\n\t<meta property=\"og:image:height\" content=\"454\" \/>\n\t<meta property=\"og:image:type\" content=\"image\/jpeg\" \/>\n<meta name=\"author\" content=\"thomas.berner\" \/>\n<meta name=\"twitter:card\" content=\"summary_large_image\" \/>\n<meta name=\"twitter:title\" content=\"Schweizer #Digitaltage 2022: #Nachwuchsf\u00f6rderung, #Diversit\u00e4t und #Nachhaltigkeit im Fokus\" \/>\n<meta name=\"twitter:description\" content=\"Welche #Kompetenzen sind f\u00fcr die digitale Zukunft wichtig? Mit dieser und anderen Fragen besch\u00e4ftigen sich die Schweizer #Digitaltage 2022.\" \/>\n<meta name=\"twitter:image\" content=\"https:\/\/www.organisator.ch\/wp-content\/uploads\/2022\/10\/Schweizer-Digitaltage-2022-Nachwuchsfoerderung-Diversitaet-und-Nachhaltigkeit-im-Fokus_Organisator.jpg\" \/>\n<script type=\"application\/ld+json\" class=\"yoast-schema-graph\">{\"@context\":\"https:\\\/\\\/schema.org\",\"@graph\":[{\"@type\":\"Article\",\"@id\":\"https:\\\/\\\/www.organisator.ch\\\/allgemein\\\/2022-10-07\\\/schweizer-digitaltage-2022-nachwuchsfoerderung-diversitaet-und-nachhaltigkeit-im-fokus\\\/#article\",\"isPartOf\":{\"@id\":\"https:\\\/\\\/www.organisator.ch\\\/allgemein\\\/2022-10-07\\\/schweizer-digitaltage-2022-nachwuchsfoerderung-diversitaet-und-nachhaltigkeit-im-fokus\\\/\"},\"author\":{\"name\":\"thomas.berner\",\"@id\":\"https:\\\/\\\/www.organisator.ch\\\/#\\\/schema\\\/person\\\/6f650f90b2842cd4c0cc334b4e36f67e\"},\"headline\":\"Schweizer Digitaltage 2022: Nachwuchsf\u00f6rderung, Diversit\u00e4t und Nachhaltigkeit im Fokus\",\"datePublished\":\"2022-10-07T06:26:11+00:00\",\"mainEntityOfPage\":{\"@id\":\"https:\\\/\\\/www.organisator.ch\\\/allgemein\\\/2022-10-07\\\/schweizer-digitaltage-2022-nachwuchsfoerderung-diversitaet-und-nachhaltigkeit-im-fokus\\\/\"},\"wordCount\":608,\"publisher\":{\"@id\":\"https:\\\/\\\/www.organisator.ch\\\/#organization\"},\"image\":{\"@id\":\"https:\\\/\\\/www.organisator.ch\\\/allgemein\\\/2022-10-07\\\/schweizer-digitaltage-2022-nachwuchsfoerderung-diversitaet-und-nachhaltigkeit-im-fokus\\\/#primaryimage\"},\"thumbnailUrl\":\"https:\\\/\\\/www.organisator.ch\\\/wp-content\\\/uploads\\\/2022\\\/10\\\/Schweizer-Digitaltage-2022-Nachwuchsfoerderung-Diversitaet-und-Nachhaltigkeit-im-Fokus_Organisator.jpg\",\"keywords\":[\"Aus-\\\/Weiterbildung\",\"Digitalisierung\",\"Diversity\",\"Nachhaltige Wirtschaft\"],\"articleSection\":{\"1\":\"WEITERBILDUNG\"},\"inLanguage\":\"de\"},{\"@type\":\"WebPage\",\"@id\":\"https:\\\/\\\/www.organisator.ch\\\/allgemein\\\/2022-10-07\\\/schweizer-digitaltage-2022-nachwuchsfoerderung-diversitaet-und-nachhaltigkeit-im-fokus\\\/\",\"url\":\"https:\\\/\\\/www.organisator.ch\\\/allgemein\\\/2022-10-07\\\/schweizer-digitaltage-2022-nachwuchsfoerderung-diversitaet-und-nachhaltigkeit-im-fokus\\\/\",\"name\":\"Schweizer Digitaltage 2022: Nachwuchsf\u00f6rderung, Diversit\u00e4t und Nachhaltigkeit im Fokus - Organisator\",\"isPartOf\":{\"@id\":\"https:\\\/\\\/www.organisator.ch\\\/#website\"},\"primaryImageOfPage\":{\"@id\":\"https:\\\/\\\/www.organisator.ch\\\/allgemein\\\/2022-10-07\\\/schweizer-digitaltage-2022-nachwuchsfoerderung-diversitaet-und-nachhaltigkeit-im-fokus\\\/#primaryimage\"},\"image\":{\"@id\":\"https:\\\/\\\/www.organisator.ch\\\/allgemein\\\/2022-10-07\\\/schweizer-digitaltage-2022-nachwuchsfoerderung-diversitaet-und-nachhaltigkeit-im-fokus\\\/#primaryimage\"},\"thumbnailUrl\":\"https:\\\/\\\/www.organisator.ch\\\/wp-content\\\/uploads\\\/2022\\\/10\\\/Schweizer-Digitaltage-2022-Nachwuchsfoerderung-Diversitaet-und-Nachhaltigkeit-im-Fokus_Organisator.jpg\",\"datePublished\":\"2022-10-07T06:26:11+00:00\",\"description\":\"Welche Kompetenzen sind f\u00fcr die digitale Zukunft wichtig? Mit dieser und anderen Fragen besch\u00e4ftigen sich die Schweizer Digitaltage 2022.\",\"breadcrumb\":{\"@id\":\"https:\\\/\\\/www.organisator.ch\\\/allgemein\\\/2022-10-07\\\/schweizer-digitaltage-2022-nachwuchsfoerderung-diversitaet-und-nachhaltigkeit-im-fokus\\\/#breadcrumb\"},\"inLanguage\":\"de\",\"potentialAction\":[{\"@type\":\"ReadAction\",\"target\":[\"https:\\\/\\\/www.organisator.ch\\\/allgemein\\\/2022-10-07\\\/schweizer-digitaltage-2022-nachwuchsfoerderung-diversitaet-und-nachhaltigkeit-im-fokus\\\/\"]}]},{\"@type\":\"ImageObject\",\"inLanguage\":\"de\",\"@id\":\"https:\\\/\\\/www.organisator.ch\\\/allgemein\\\/2022-10-07\\\/schweizer-digitaltage-2022-nachwuchsfoerderung-diversitaet-und-nachhaltigkeit-im-fokus\\\/#primaryimage\",\"url\":\"https:\\\/\\\/www.organisator.ch\\\/wp-content\\\/uploads\\\/2022\\\/10\\\/Schweizer-Digitaltage-2022-Nachwuchsfoerderung-Diversitaet-und-Nachhaltigkeit-im-Fokus_Organisator.jpg\",\"contentUrl\":\"https:\\\/\\\/www.organisator.ch\\\/wp-content\\\/uploads\\\/2022\\\/10\\\/Schweizer-Digitaltage-2022-Nachwuchsfoerderung-Diversitaet-und-Nachhaltigkeit-im-Fokus_Organisator.jpg\"},{\"@type\":\"BreadcrumbList\",\"@id\":\"https:\\\/\\\/www.organisator.ch\\\/allgemein\\\/2022-10-07\\\/schweizer-digitaltage-2022-nachwuchsfoerderung-diversitaet-und-nachhaltigkeit-im-fokus\\\/#breadcrumb\",\"itemListElement\":[{\"@type\":\"ListItem\",\"position\":1,\"name\":\"Home\",\"item\":\"https:\\\/\\\/www.organisator.ch\\\/\"},{\"@type\":\"ListItem\",\"position\":2,\"name\":\"Schweizer Digitaltage 2022: Nachwuchsf\u00f6rderung, Diversit\u00e4t und Nachhaltigkeit im Fokus\"}]},{\"@type\":\"WebSite\",\"@id\":\"https:\\\/\\\/www.organisator.ch\\\/#website\",\"url\":\"https:\\\/\\\/www.organisator.ch\\\/\",\"name\":\"Organisator\",\"description\":\"Kompetent. Praxisnah. Der ORGANISATOR bereitet in 10 Ausgaben pro Jahr die wesentlichen Themen f\u00fcr F\u00fchrungskr\u00e4fte von KMU auf.\",\"publisher\":{\"@id\":\"https:\\\/\\\/www.organisator.ch\\\/#organization\"},\"potentialAction\":[{\"@type\":\"SearchAction\",\"target\":{\"@type\":\"EntryPoint\",\"urlTemplate\":\"https:\\\/\\\/www.organisator.ch\\\/?s={search_term_string}\"},\"query-input\":{\"@type\":\"PropertyValueSpecification\",\"valueRequired\":true,\"valueName\":\"search_term_string\"}}],\"inLanguage\":\"de\"},{\"@type\":\"Organization\",\"@id\":\"https:\\\/\\\/www.organisator.ch\\\/#organization\",\"name\":\"Organisator\",\"url\":\"https:\\\/\\\/www.organisator.ch\\\/\",\"logo\":{\"@type\":\"ImageObject\",\"inLanguage\":\"de\",\"@id\":\"https:\\\/\\\/www.organisator.ch\\\/#\\\/schema\\\/logo\\\/image\\\/\",\"url\":\"https:\\\/\\\/www.organisator.ch\\\/wp-content\\\/uploads\\\/2022\\\/01\\\/Logo_Organisator_Website.png\",\"contentUrl\":\"https:\\\/\\\/www.organisator.ch\\\/wp-content\\\/uploads\\\/2022\\\/01\\\/Logo_Organisator_Website.png\",\"width\":800,\"height\":77,\"caption\":\"Organisator\"},\"image\":{\"@id\":\"https:\\\/\\\/www.organisator.ch\\\/#\\\/schema\\\/logo\\\/image\\\/\"},\"sameAs\":[\"https:\\\/\\\/www.facebook.com\\\/OrganisatorFachmagazin\",\"https:\\\/\\\/www.linkedin.com\\\/showcase\\\/organisator-das-magazin-fr-kmu\",\"https:\\\/\\\/www.xing.com\\\/news\\\/pages\\\/organisator-ch-695\",\"https:\\\/\\\/www.youtube.com\\\/channel\\\/UCGP2Sq0iWaZwT3BdIAQFYpw\"]},{\"@type\":\"Person\",\"@id\":\"https:\\\/\\\/www.organisator.ch\\\/#\\\/schema\\\/person\\\/6f650f90b2842cd4c0cc334b4e36f67e\",\"name\":\"thomas.berner\",\"image\":{\"@type\":\"ImageObject\",\"inLanguage\":\"de\",\"@id\":\"https:\\\/\\\/secure.gravatar.com\\\/avatar\\\/ac5001d2a36cb6c6cd3e50789007ffca834b477b74a2144564522e944eabff61?s=96&d=mm&r=g\",\"url\":\"https:\\\/\\\/secure.gravatar.com\\\/avatar\\\/ac5001d2a36cb6c6cd3e50789007ffca834b477b74a2144564522e944eabff61?s=96&d=mm&r=g\",\"contentUrl\":\"https:\\\/\\\/secure.gravatar.com\\\/avatar\\\/ac5001d2a36cb6c6cd3e50789007ffca834b477b74a2144564522e944eabff61?s=96&d=mm&r=g\",\"caption\":\"thomas.berner\"},\"url\":\"https:\\\/\\\/www.organisator.ch\\\/de\\\/author\\\/thomas-berner\\\/\"}]}<\/script>\n<!-- \/ Yoast SEO plugin. -->","yoast_head_json":{"title":"Schweizer Digitaltage 2022: Nachwuchsf\u00f6rderung, Diversit\u00e4t und Nachhaltigkeit im Fokus - Organisator","description":"Welche Kompetenzen sind f\u00fcr die digitale Zukunft wichtig? Mit dieser und anderen Fragen besch\u00e4ftigen sich die Schweizer Digitaltage 2022.","robots":{"index":"index","follow":"follow","max-snippet":"max-snippet:-1","max-image-preview":"max-image-preview:large","max-video-preview":"max-video-preview:-1"},"canonical":"https:\/\/www.organisator.ch\/de\/allgemein\/2022-10-07\/schweizer-digitaltage-2022-nachwuchsfoerderung-diversitaet-und-nachhaltigkeit-im-fokus\/","og_locale":"de_DE","og_type":"article","og_title":"Schweizer Digitaltage 2022: Nachwuchsf\u00f6rderung, Diversit\u00e4t und Nachhaltigkeit im Fokus","og_description":"Welche Kompetenzen sind f\u00fcr die digitale Zukunft wichtig? Mit dieser und anderen Fragen besch\u00e4ftigen sich die Schweizer Digitaltage 2022.","og_url":"https:\/\/www.organisator.ch\/de\/allgemein\/2022-10-07\/schweizer-digitaltage-2022-nachwuchsfoerderung-diversitaet-und-nachhaltigkeit-im-fokus\/","og_site_name":"Organisator","article_publisher":"https:\/\/www.facebook.com\/OrganisatorFachmagazin","article_published_time":"2022-10-07T06:26:11+00:00","og_image":[{"width":680,"height":454,"url":"https:\/\/www.organisator.ch\/wp-content\/uploads\/2022\/10\/Schweizer-Digitaltage-2022-Nachwuchsfoerderung-Diversitaet-und-Nachhaltigkeit-im-Fokus_Organisator.jpg","type":"image\/jpeg"}],"author":"thomas.berner","twitter_card":"summary_large_image","twitter_title":"Schweizer #Digitaltage 2022: #Nachwuchsf\u00f6rderung, #Diversit\u00e4t und #Nachhaltigkeit im Fokus","twitter_description":"Welche #Kompetenzen sind f\u00fcr die digitale Zukunft wichtig? Mit dieser und anderen Fragen besch\u00e4ftigen sich die Schweizer #Digitaltage 2022.","twitter_image":"https:\/\/www.organisator.ch\/wp-content\/uploads\/2022\/10\/Schweizer-Digitaltage-2022-Nachwuchsfoerderung-Diversitaet-und-Nachhaltigkeit-im-Fokus_Organisator.jpg","schema":{"@context":"https:\/\/schema.org","@graph":[{"@type":"Article","@id":"https:\/\/www.organisator.ch\/allgemein\/2022-10-07\/schweizer-digitaltage-2022-nachwuchsfoerderung-diversitaet-und-nachhaltigkeit-im-fokus\/#article","isPartOf":{"@id":"https:\/\/www.organisator.ch\/allgemein\/2022-10-07\/schweizer-digitaltage-2022-nachwuchsfoerderung-diversitaet-und-nachhaltigkeit-im-fokus\/"},"author":{"name":"thomas.berner","@id":"https:\/\/www.organisator.ch\/#\/schema\/person\/6f650f90b2842cd4c0cc334b4e36f67e"},"headline":"Schweizer Digitaltage 2022: Nachwuchsf\u00f6rderung, Diversit\u00e4t und Nachhaltigkeit im Fokus","datePublished":"2022-10-07T06:26:11+00:00","mainEntityOfPage":{"@id":"https:\/\/www.organisator.ch\/allgemein\/2022-10-07\/schweizer-digitaltage-2022-nachwuchsfoerderung-diversitaet-und-nachhaltigkeit-im-fokus\/"},"wordCount":608,"publisher":{"@id":"https:\/\/www.organisator.ch\/#organization"},"image":{"@id":"https:\/\/www.organisator.ch\/allgemein\/2022-10-07\/schweizer-digitaltage-2022-nachwuchsfoerderung-diversitaet-und-nachhaltigkeit-im-fokus\/#primaryimage"},"thumbnailUrl":"https:\/\/www.organisator.ch\/wp-content\/uploads\/2022\/10\/Schweizer-Digitaltage-2022-Nachwuchsfoerderung-Diversitaet-und-Nachhaltigkeit-im-Fokus_Organisator.jpg","keywords":["Aus-\/Weiterbildung","Digitalisierung","Diversity","Nachhaltige Wirtschaft"],"articleSection":{"1":"WEITERBILDUNG"},"inLanguage":"de"},{"@type":"WebPage","@id":"https:\/\/www.organisator.ch\/allgemein\/2022-10-07\/schweizer-digitaltage-2022-nachwuchsfoerderung-diversitaet-und-nachhaltigkeit-im-fokus\/","url":"https:\/\/www.organisator.ch\/allgemein\/2022-10-07\/schweizer-digitaltage-2022-nachwuchsfoerderung-diversitaet-und-nachhaltigkeit-im-fokus\/","name":"Schweizer Digitaltage 2022: Nachwuchsf\u00f6rderung, Diversit\u00e4t und Nachhaltigkeit im Fokus - Organisator","isPartOf":{"@id":"https:\/\/www.organisator.ch\/#website"},"primaryImageOfPage":{"@id":"https:\/\/www.organisator.ch\/allgemein\/2022-10-07\/schweizer-digitaltage-2022-nachwuchsfoerderung-diversitaet-und-nachhaltigkeit-im-fokus\/#primaryimage"},"image":{"@id":"https:\/\/www.organisator.ch\/allgemein\/2022-10-07\/schweizer-digitaltage-2022-nachwuchsfoerderung-diversitaet-und-nachhaltigkeit-im-fokus\/#primaryimage"},"thumbnailUrl":"https:\/\/www.organisator.ch\/wp-content\/uploads\/2022\/10\/Schweizer-Digitaltage-2022-Nachwuchsfoerderung-Diversitaet-und-Nachhaltigkeit-im-Fokus_Organisator.jpg","datePublished":"2022-10-07T06:26:11+00:00","description":"Welche Kompetenzen sind f\u00fcr die digitale Zukunft wichtig? Mit dieser und anderen Fragen besch\u00e4ftigen sich die Schweizer Digitaltage 2022.","breadcrumb":{"@id":"https:\/\/www.organisator.ch\/allgemein\/2022-10-07\/schweizer-digitaltage-2022-nachwuchsfoerderung-diversitaet-und-nachhaltigkeit-im-fokus\/#breadcrumb"},"inLanguage":"de","potentialAction":[{"@type":"ReadAction","target":["https:\/\/www.organisator.ch\/allgemein\/2022-10-07\/schweizer-digitaltage-2022-nachwuchsfoerderung-diversitaet-und-nachhaltigkeit-im-fokus\/"]}]},{"@type":"ImageObject","inLanguage":"de","@id":"https:\/\/www.organisator.ch\/allgemein\/2022-10-07\/schweizer-digitaltage-2022-nachwuchsfoerderung-diversitaet-und-nachhaltigkeit-im-fokus\/#primaryimage","url":"https:\/\/www.organisator.ch\/wp-content\/uploads\/2022\/10\/Schweizer-Digitaltage-2022-Nachwuchsfoerderung-Diversitaet-und-Nachhaltigkeit-im-Fokus_Organisator.jpg","contentUrl":"https:\/\/www.organisator.ch\/wp-content\/uploads\/2022\/10\/Schweizer-Digitaltage-2022-Nachwuchsfoerderung-Diversitaet-und-Nachhaltigkeit-im-Fokus_Organisator.jpg"},{"@type":"BreadcrumbList","@id":"https:\/\/www.organisator.ch\/allgemein\/2022-10-07\/schweizer-digitaltage-2022-nachwuchsfoerderung-diversitaet-und-nachhaltigkeit-im-fokus\/#breadcrumb","itemListElement":[{"@type":"ListItem","position":1,"name":"Home","item":"https:\/\/www.organisator.ch\/"},{"@type":"ListItem","position":2,"name":"Schweizer Digitaltage 2022: Nachwuchsf\u00f6rderung, Diversit\u00e4t und Nachhaltigkeit im Fokus"}]},{"@type":"WebSite","@id":"https:\/\/www.organisator.ch\/#website","url":"https:\/\/www.organisator.ch\/","name":"Organisator","description":"Kompetent. Praxisnah. Der ORGANISATOR bereitet in 10 Ausgaben pro Jahr die wesentlichen Themen f\u00fcr F\u00fchrungskr\u00e4fte von KMU auf.","publisher":{"@id":"https:\/\/www.organisator.ch\/#organization"},"potentialAction":[{"@type":"SearchAction","target":{"@type":"EntryPoint","urlTemplate":"https:\/\/www.organisator.ch\/?s={search_term_string}"},"query-input":{"@type":"PropertyValueSpecification","valueRequired":true,"valueName":"search_term_string"}}],"inLanguage":"de"},{"@type":"Organization","@id":"https:\/\/www.organisator.ch\/#organization","name":"Organisator","url":"https:\/\/www.organisator.ch\/","logo":{"@type":"ImageObject","inLanguage":"de","@id":"https:\/\/www.organisator.ch\/#\/schema\/logo\/image\/","url":"https:\/\/www.organisator.ch\/wp-content\/uploads\/2022\/01\/Logo_Organisator_Website.png","contentUrl":"https:\/\/www.organisator.ch\/wp-content\/uploads\/2022\/01\/Logo_Organisator_Website.png","width":800,"height":77,"caption":"Organisator"},"image":{"@id":"https:\/\/www.organisator.ch\/#\/schema\/logo\/image\/"},"sameAs":["https:\/\/www.facebook.com\/OrganisatorFachmagazin","https:\/\/www.linkedin.com\/showcase\/organisator-das-magazin-fr-kmu","https:\/\/www.xing.com\/news\/pages\/organisator-ch-695","https:\/\/www.youtube.com\/channel\/UCGP2Sq0iWaZwT3BdIAQFYpw"]},{"@type":"Person","@id":"https:\/\/www.organisator.ch\/#\/schema\/person\/6f650f90b2842cd4c0cc334b4e36f67e","name":"thomas.berner","image":{"@type":"ImageObject","inLanguage":"de","@id":"https:\/\/secure.gravatar.com\/avatar\/ac5001d2a36cb6c6cd3e50789007ffca834b477b74a2144564522e944eabff61?s=96&d=mm&r=g","url":"https:\/\/secure.gravatar.com\/avatar\/ac5001d2a36cb6c6cd3e50789007ffca834b477b74a2144564522e944eabff61?s=96&d=mm&r=g","contentUrl":"https:\/\/secure.gravatar.com\/avatar\/ac5001d2a36cb6c6cd3e50789007ffca834b477b74a2144564522e944eabff61?s=96&d=mm&r=g","caption":"thomas.berner"},"url":"https:\/\/www.organisator.ch\/de\/author\/thomas-berner\/"}]}},"_links":{"self":[{"href":"https:\/\/www.organisator.ch\/de\/wp-json\/wp\/v2\/posts\/17188","targetHints":{"allow":["GET"]}}],"collection":[{"href":"https:\/\/www.organisator.ch\/de\/wp-json\/wp\/v2\/posts"}],"about":[{"href":"https:\/\/www.organisator.ch\/de\/wp-json\/wp\/v2\/types\/post"}],"author":[{"embeddable":true,"href":"https:\/\/www.organisator.ch\/de\/wp-json\/wp\/v2\/users\/4"}],"replies":[{"embeddable":true,"href":"https:\/\/www.organisator.ch\/de\/wp-json\/wp\/v2\/comments?post=17188"}],"version-history":[{"count":1,"href":"https:\/\/www.organisator.ch\/de\/wp-json\/wp\/v2\/posts\/17188\/revisions"}],"predecessor-version":[{"id":17190,"href":"https:\/\/www.organisator.ch\/de\/wp-json\/wp\/v2\/posts\/17188\/revisions\/17190"}],"wp:attachment":[{"href":"https:\/\/www.organisator.ch\/de\/wp-json\/wp\/v2\/media?parent=17188"}],"wp:term":[{"taxonomy":"category","embeddable":true,"href":"https:\/\/www.organisator.ch\/de\/wp-json\/wp\/v2\/categories?post=17188"},{"taxonomy":"post_tag","embeddable":true,"href":"https:\/\/www.organisator.ch\/de\/wp-json\/wp\/v2\/tags?post=17188"}],"curies":[{"name":"wp","href":"https:\/\/api.w.org\/{rel}","templated":true}]}}