{"id":1721,"date":"2018-06-13T15:57:04","date_gmt":"2018-06-13T13:57:04","guid":{"rendered":"https:\/\/www.umweltperspektiven.ch\/?p=1721"},"modified":"2022-02-09T11:06:19","modified_gmt":"2022-02-09T10:06:19","slug":"leise-windenergie-neue-technik-aus-der-tierwelt-uebernommen","status":"publish","type":"post","link":"https:\/\/www.organisator.ch\/de\/sustainability\/2018-06-13\/leise-windenergie-neue-technik-aus-der-tierwelt-uebernommen\/","title":{"rendered":"Leise Windenergie: neue Technik aus der Tierwelt \u00fcbernommen"},"content":{"rendered":"<figure id=\"attachment_1722\" aria-describedby=\"caption-attachment-1722\" style=\"width: 680px\" class=\"wp-caption alignnone\"><img loading=\"lazy\" decoding=\"async\" class=\"size-medium wp-image-1722\" src=\"\/\/www.umweltperspektiven.ch\/wp-content\/uploads\/2018\/06\/Windenergie-neue-Technik-aus-der-Tierwelt-\u00fcbernommen-UP-umweltperspektiven.jpg\" alt=\"\" width=\"680\" height=\"494\" \/><figcaption id=\"caption-attachment-1722\" class=\"wp-caption-text\">Den Fl\u00fcgel von V\u00f6geln abgeschaut sind die Fl\u00fcgel von Windenergieanlagen jetzt standardm\u00e4ssig \u201egefiedert, sprich mit K\u00e4mmen versehen. (Bild: CC0 Creative Commons)<\/figcaption><\/figure>\n<p>Leise Windenergie war immer ein Politikum. Bisher gab es im Windenergie-Bereich immer wieder technische Hindernisse in der Entwicklung. Wenn der Wind an der Hinterkante der Fl\u00fcgel von Windenergieanlagen \u201eabreisst\u201c, entstanden Windturbulenzen, die trotz Einhaltung der L\u00e4rmschutzverordnung bei st\u00e4rkeren Winden st\u00f6rende Ger\u00e4usche verursachen.<\/p>\n<p>Hersteller haben dieses Problem schon vor einiger Zeit erkannt und forschten auf verschiedenen Ebenen, um es zu beheben. Daraus hervorgegangen ist u. a. eine Art \u201eGefieder\u201c, sprich K\u00e4mme, die den Fl\u00fcgeln von V\u00f6geln abgeschaut wurden. <strong>\u00a0<\/strong>\u201eDie Abnahme der Ger\u00e4usche betr\u00e4gt durchschnittlich 3 Dezibel. Bei einer Strasse w\u00e4re das vergleichbar mit einer Halbierung des Strassenverkehrs\u201c, erkl\u00e4rt Xavier Falourd, Akustiker bei der Prona SA, der die Messungen durchf\u00fchrte.<\/p>\n<p><strong>Wie eine Halbierung des Verkehrs<br \/>\n<\/strong>Messungen an den beiden Anlagen in St. Brais im Berner Jura vor und nach der Nachr\u00fcstung im Juli 2017 haben gezeigt, dass auch mit einer Nachr\u00fcstung eine deutliche Verbesserung erzielt wird:<\/p>\n<p>\u201eDie Ger\u00e4uschmessungen vor und nach Anbringung der K\u00e4mme haben ergeben, dass sich die L\u00e4rmbelastung um 2 bis 4 Dezibel verringert hat\u201c, erkl\u00e4rt Xavier Falourd. \u201eDas sind durchschnittlich 3 Dezibel bei einem Windaufkommen von \u00fcber sechs Metern pro Sekunde auf der H\u00f6he der Gondel\u201c, f\u00fchrt der Fachmann f\u00fcr Akustik weiter aus. Bei einem niedrigeren Windaufkommen sind Windenergieanlagen kaum h\u00f6rbar.<\/p>\n<p>Doch selbst bei starken Winden ist es jederzeit m\u00f6glich, unter den Anlagen im normalen Plauderton ein Gespr\u00e4ch zu f\u00fchren.<\/p>\n<p><strong>Wissenschaftlich belegt<br \/>\n<\/strong>Die Anlagen in St. Brais erf\u00fcllten schon bei der Inbetriebnahme 2009 die strengen Anforderungen der L\u00e4rmschutzverordnung. Aufgrund der besonderen topografischen Lage waren sie im Dorf bei starken Winden aber trotzdem h\u00f6rbar. Aus R\u00fccksicht auf die Bev\u00f6lkerung reduzierte die Eigent\u00fcmerin, die B\u00fcrgerbeteiligungsgesellschaft ADEV Windkraft AG, jedoch die Leistung der Anlagen nachts.<\/p>\n<p>\u201eWir sind sehr erfreut, dass wir endlich eine L\u00f6sung f\u00fcr alle Beteiligten gefunden haben und dass die deutliche Verbesserung mit den wissenschaftlichen Messungen von Prona SA nachgewiesen werden konnte!\u201c, erkl\u00e4rt Andreas Appenzeller, Vorsitzender der Gesch\u00e4ftsleitung der ADEV Windkraft AG. Die Anlagen k\u00f6nnen jetzt rund um die Uhr ohne Einschr\u00e4nkung Strom produzieren und sind insbesondere bei starken Winden nun noch leiser.<\/p>\n<p><em>Mehr \u00fcber die Vereinigung zur F\u00f6rderung der Windenergie und deren Projekte finden Sie unter <\/em><a href=\"\/\/www.suisse-eole.ch\"><em>http:\/\/www.suisse-eole.ch<\/em><\/a><\/p>\n<p>&nbsp;<\/p>\n<figure id=\"attachment_1725\" aria-describedby=\"caption-attachment-1725\" style=\"width: 680px\" class=\"wp-caption alignnone\"><img loading=\"lazy\" decoding=\"async\" class=\"size-medium wp-image-1725\" src=\"\/\/www.umweltperspektiven.ch\/wp-content\/uploads\/2018\/06\/Mont_Crosin_Copyright_Reto-Rigassi.jpg\" alt=\"\" width=\"680\" height=\"453\" \/><figcaption id=\"caption-attachment-1725\" class=\"wp-caption-text\">Im Bild ein Fl\u00fcgel einer der neuen Windenergieanlagen auf dem Mont Juvent. \u00c4ltere Anlagen k\u00f6nnen mit solchen K\u00e4mmen nachger\u00fcstet werden. (Bild: Reto Rigassi)<\/figcaption><\/figure>\n<p>&nbsp;<\/p>\n<p>&nbsp;<\/p>\n<p><strong><br \/>\n<\/strong><\/p>\n<p>&nbsp;<\/p>\n<p>&nbsp;<\/p>\n<p>&nbsp;<\/p>\n","protected":false},"excerpt":{"rendered":"<p>Leise Windenergie war immer ein Politikum. Bisher gab es im Windenergie-Bereich immer wieder technische Hindernisse in der Entwicklung. Wenn der Wind an der Hinterkante der Fl\u00fcgel von Windenergieanlagen \u201eabreisst\u201c, entstanden Windturbulenzen, die trotz Einhaltung der L\u00e4rmschutzverordnung bei st\u00e4rkeren Winden st\u00f6rende Ger\u00e4usche verursachen. Hersteller haben dieses Problem schon vor einiger Zeit erkannt und forschten auf verschiedenen [&hellip;]<\/p>\n","protected":false},"author":5,"featured_media":1722,"comment_status":"open","ping_status":"open","sticky":false,"template":"","format":"standard","meta":{"_acf_changed":false,"_yoast_wpseo_focuskw":"Windenergie","_yoast_wpseo_metadesc":"Und pl\u00f6tzlich spricht man von leiser Windenergie: Dabei bezieht man sich auf die Tier-, genauer gesagt auf die Vogelwelt.","articlekey":"","footnotes":""},"categories":[580],"tags":[691,1417,2569],"class_list":["post-1721","post","type-post","status-publish","format-standard","has-post-thumbnail","hentry","category-sustainability","tag-akustik","tag-innovationsforschung","tag-windenergie"],"acf":[],"yoast_head":"<!-- This site is optimized with the Yoast SEO plugin v27.4 - https:\/\/yoast.com\/product\/yoast-seo-wordpress\/ -->\n<title>Leise Windenergie: neue Technik aus der Tierwelt \u00fcbernommen - Organisator<\/title>\n<meta name=\"description\" content=\"Und pl\u00f6tzlich spricht man von leiser Windenergie: Dabei bezieht man sich auf die Tier-, genauer gesagt auf die Vogelwelt.\" \/>\n<meta name=\"robots\" content=\"index, follow, max-snippet:-1, max-image-preview:large, max-video-preview:-1\" \/>\n<link rel=\"canonical\" href=\"https:\/\/www.organisator.ch\/de\/sustainability\/2018-06-13\/leise-windenergie-neue-technik-aus-der-tierwelt-uebernommen\/\" \/>\n<meta property=\"og:locale\" content=\"de_DE\" \/>\n<meta property=\"og:type\" content=\"article\" \/>\n<meta property=\"og:title\" content=\"Leise Windenergie: neue Technik aus der Tierwelt \u00fcbernommen - Organisator\" \/>\n<meta property=\"og:description\" content=\"Und pl\u00f6tzlich spricht man von leiser Windenergie: Dabei bezieht man sich auf die Tier-, genauer gesagt auf die Vogelwelt.\" \/>\n<meta property=\"og:url\" content=\"https:\/\/www.organisator.ch\/de\/sustainability\/2018-06-13\/leise-windenergie-neue-technik-aus-der-tierwelt-uebernommen\/\" \/>\n<meta property=\"og:site_name\" content=\"Organisator\" \/>\n<meta property=\"article:publisher\" content=\"https:\/\/www.facebook.com\/OrganisatorFachmagazin\" \/>\n<meta property=\"article:published_time\" content=\"2018-06-13T13:57:04+00:00\" \/>\n<meta property=\"article:modified_time\" content=\"2022-02-09T10:06:19+00:00\" \/>\n<meta property=\"og:image\" content=\"https:\/\/www.organisator.ch\/wp-content\/uploads\/2018\/06\/Windenergie-neue-Technik-aus-der-Tierwelt-uebernommen-UP-umweltperspektiven.jpg\" \/>\n\t<meta property=\"og:image:width\" content=\"1827\" \/>\n\t<meta property=\"og:image:height\" content=\"1328\" \/>\n\t<meta property=\"og:image:type\" content=\"image\/jpeg\" \/>\n<meta name=\"author\" content=\"michael.merz\" \/>\n<meta name=\"twitter:card\" content=\"summary_large_image\" \/>\n<script type=\"application\/ld+json\" class=\"yoast-schema-graph\">{\"@context\":\"https:\\\/\\\/schema.org\",\"@graph\":[{\"@type\":\"Article\",\"@id\":\"https:\\\/\\\/www.organisator.ch\\\/sustainability\\\/2018-06-13\\\/leise-windenergie-neue-technik-aus-der-tierwelt-uebernommen\\\/#article\",\"isPartOf\":{\"@id\":\"https:\\\/\\\/www.organisator.ch\\\/sustainability\\\/2018-06-13\\\/leise-windenergie-neue-technik-aus-der-tierwelt-uebernommen\\\/\"},\"author\":{\"name\":\"michael.merz\",\"@id\":\"https:\\\/\\\/www.organisator.ch\\\/#\\\/schema\\\/person\\\/134708ca9321c57b0362cceb7948ffbd\"},\"headline\":\"Leise Windenergie: neue Technik aus der Tierwelt \u00fcbernommen\",\"datePublished\":\"2018-06-13T13:57:04+00:00\",\"dateModified\":\"2022-02-09T10:06:19+00:00\",\"mainEntityOfPage\":{\"@id\":\"https:\\\/\\\/www.organisator.ch\\\/sustainability\\\/2018-06-13\\\/leise-windenergie-neue-technik-aus-der-tierwelt-uebernommen\\\/\"},\"wordCount\":466,\"commentCount\":0,\"publisher\":{\"@id\":\"https:\\\/\\\/www.organisator.ch\\\/#organization\"},\"image\":{\"@id\":\"https:\\\/\\\/www.organisator.ch\\\/sustainability\\\/2018-06-13\\\/leise-windenergie-neue-technik-aus-der-tierwelt-uebernommen\\\/#primaryimage\"},\"thumbnailUrl\":\"https:\\\/\\\/www.organisator.ch\\\/wp-content\\\/uploads\\\/2018\\\/06\\\/Windenergie-neue-Technik-aus-der-Tierwelt-uebernommen-UP-umweltperspektiven.jpg\",\"keywords\":[\"Akustik\",\"Innovationsforschung\",\"Windenergie\"],\"articleSection\":[\"SUSTAINABILITY\"],\"inLanguage\":\"de\"},{\"@type\":\"WebPage\",\"@id\":\"https:\\\/\\\/www.organisator.ch\\\/sustainability\\\/2018-06-13\\\/leise-windenergie-neue-technik-aus-der-tierwelt-uebernommen\\\/\",\"url\":\"https:\\\/\\\/www.organisator.ch\\\/sustainability\\\/2018-06-13\\\/leise-windenergie-neue-technik-aus-der-tierwelt-uebernommen\\\/\",\"name\":\"Leise Windenergie: neue Technik aus der Tierwelt \u00fcbernommen - Organisator\",\"isPartOf\":{\"@id\":\"https:\\\/\\\/www.organisator.ch\\\/#website\"},\"primaryImageOfPage\":{\"@id\":\"https:\\\/\\\/www.organisator.ch\\\/sustainability\\\/2018-06-13\\\/leise-windenergie-neue-technik-aus-der-tierwelt-uebernommen\\\/#primaryimage\"},\"image\":{\"@id\":\"https:\\\/\\\/www.organisator.ch\\\/sustainability\\\/2018-06-13\\\/leise-windenergie-neue-technik-aus-der-tierwelt-uebernommen\\\/#primaryimage\"},\"thumbnailUrl\":\"https:\\\/\\\/www.organisator.ch\\\/wp-content\\\/uploads\\\/2018\\\/06\\\/Windenergie-neue-Technik-aus-der-Tierwelt-uebernommen-UP-umweltperspektiven.jpg\",\"datePublished\":\"2018-06-13T13:57:04+00:00\",\"dateModified\":\"2022-02-09T10:06:19+00:00\",\"description\":\"Und pl\u00f6tzlich spricht man von leiser Windenergie: Dabei bezieht man sich auf die Tier-, genauer gesagt auf die Vogelwelt.\",\"breadcrumb\":{\"@id\":\"https:\\\/\\\/www.organisator.ch\\\/sustainability\\\/2018-06-13\\\/leise-windenergie-neue-technik-aus-der-tierwelt-uebernommen\\\/#breadcrumb\"},\"inLanguage\":\"de\",\"potentialAction\":[{\"@type\":\"ReadAction\",\"target\":[\"https:\\\/\\\/www.organisator.ch\\\/sustainability\\\/2018-06-13\\\/leise-windenergie-neue-technik-aus-der-tierwelt-uebernommen\\\/\"]}]},{\"@type\":\"ImageObject\",\"inLanguage\":\"de\",\"@id\":\"https:\\\/\\\/www.organisator.ch\\\/sustainability\\\/2018-06-13\\\/leise-windenergie-neue-technik-aus-der-tierwelt-uebernommen\\\/#primaryimage\",\"url\":\"https:\\\/\\\/www.organisator.ch\\\/wp-content\\\/uploads\\\/2018\\\/06\\\/Windenergie-neue-Technik-aus-der-Tierwelt-uebernommen-UP-umweltperspektiven.jpg\",\"contentUrl\":\"https:\\\/\\\/www.organisator.ch\\\/wp-content\\\/uploads\\\/2018\\\/06\\\/Windenergie-neue-Technik-aus-der-Tierwelt-uebernommen-UP-umweltperspektiven.jpg\",\"width\":1827,\"height\":1328,\"caption\":\"Den Fl\u00fcgel von V\u00f6geln abgeschaut sind die Fl\u00fcgel von Windenergieanlagen jetzt standardm\u00e4ssig \u201egefiedert, sprich mit K\u00e4mmen versehen. (Bild: CC0 Creative Commons)\"},{\"@type\":\"BreadcrumbList\",\"@id\":\"https:\\\/\\\/www.organisator.ch\\\/sustainability\\\/2018-06-13\\\/leise-windenergie-neue-technik-aus-der-tierwelt-uebernommen\\\/#breadcrumb\",\"itemListElement\":[{\"@type\":\"ListItem\",\"position\":1,\"name\":\"Home\",\"item\":\"https:\\\/\\\/www.organisator.ch\\\/\"},{\"@type\":\"ListItem\",\"position\":2,\"name\":\"Leise Windenergie: neue Technik aus der Tierwelt \u00fcbernommen\"}]},{\"@type\":\"WebSite\",\"@id\":\"https:\\\/\\\/www.organisator.ch\\\/#website\",\"url\":\"https:\\\/\\\/www.organisator.ch\\\/\",\"name\":\"Organisator\",\"description\":\"Kompetent. Praxisnah. Der ORGANISATOR bereitet in 10 Ausgaben pro Jahr die wesentlichen Themen f\u00fcr F\u00fchrungskr\u00e4fte von KMU auf.\",\"publisher\":{\"@id\":\"https:\\\/\\\/www.organisator.ch\\\/#organization\"},\"potentialAction\":[{\"@type\":\"SearchAction\",\"target\":{\"@type\":\"EntryPoint\",\"urlTemplate\":\"https:\\\/\\\/www.organisator.ch\\\/?s={search_term_string}\"},\"query-input\":{\"@type\":\"PropertyValueSpecification\",\"valueRequired\":true,\"valueName\":\"search_term_string\"}}],\"inLanguage\":\"de\"},{\"@type\":\"Organization\",\"@id\":\"https:\\\/\\\/www.organisator.ch\\\/#organization\",\"name\":\"Organisator\",\"url\":\"https:\\\/\\\/www.organisator.ch\\\/\",\"logo\":{\"@type\":\"ImageObject\",\"inLanguage\":\"de\",\"@id\":\"https:\\\/\\\/www.organisator.ch\\\/#\\\/schema\\\/logo\\\/image\\\/\",\"url\":\"https:\\\/\\\/www.organisator.ch\\\/wp-content\\\/uploads\\\/2022\\\/01\\\/Logo_Organisator_Website.png\",\"contentUrl\":\"https:\\\/\\\/www.organisator.ch\\\/wp-content\\\/uploads\\\/2022\\\/01\\\/Logo_Organisator_Website.png\",\"width\":800,\"height\":77,\"caption\":\"Organisator\"},\"image\":{\"@id\":\"https:\\\/\\\/www.organisator.ch\\\/#\\\/schema\\\/logo\\\/image\\\/\"},\"sameAs\":[\"https:\\\/\\\/www.facebook.com\\\/OrganisatorFachmagazin\",\"https:\\\/\\\/www.linkedin.com\\\/showcase\\\/organisator-das-magazin-fr-kmu\",\"https:\\\/\\\/www.xing.com\\\/news\\\/pages\\\/organisator-ch-695\",\"https:\\\/\\\/www.youtube.com\\\/channel\\\/UCGP2Sq0iWaZwT3BdIAQFYpw\"]},{\"@type\":\"Person\",\"@id\":\"https:\\\/\\\/www.organisator.ch\\\/#\\\/schema\\\/person\\\/134708ca9321c57b0362cceb7948ffbd\",\"name\":\"michael.merz\",\"image\":{\"@type\":\"ImageObject\",\"inLanguage\":\"de\",\"@id\":\"https:\\\/\\\/secure.gravatar.com\\\/avatar\\\/?s=96&d=mm&r=g\",\"url\":\"https:\\\/\\\/secure.gravatar.com\\\/avatar\\\/?s=96&d=mm&r=g\",\"contentUrl\":\"https:\\\/\\\/secure.gravatar.com\\\/avatar\\\/?s=96&d=mm&r=g\",\"caption\":\"michael.merz\"},\"url\":\"https:\\\/\\\/www.organisator.ch\\\/de\\\/author\\\/michael-merz\\\/\"}]}<\/script>\n<!-- \/ Yoast SEO plugin. -->","yoast_head_json":{"title":"Leise Windenergie: neue Technik aus der Tierwelt \u00fcbernommen - Organisator","description":"Und pl\u00f6tzlich spricht man von leiser Windenergie: Dabei bezieht man sich auf die Tier-, genauer gesagt auf die Vogelwelt.","robots":{"index":"index","follow":"follow","max-snippet":"max-snippet:-1","max-image-preview":"max-image-preview:large","max-video-preview":"max-video-preview:-1"},"canonical":"https:\/\/www.organisator.ch\/de\/sustainability\/2018-06-13\/leise-windenergie-neue-technik-aus-der-tierwelt-uebernommen\/","og_locale":"de_DE","og_type":"article","og_title":"Leise Windenergie: neue Technik aus der Tierwelt \u00fcbernommen - Organisator","og_description":"Und pl\u00f6tzlich spricht man von leiser Windenergie: Dabei bezieht man sich auf die Tier-, genauer gesagt auf die Vogelwelt.","og_url":"https:\/\/www.organisator.ch\/de\/sustainability\/2018-06-13\/leise-windenergie-neue-technik-aus-der-tierwelt-uebernommen\/","og_site_name":"Organisator","article_publisher":"https:\/\/www.facebook.com\/OrganisatorFachmagazin","article_published_time":"2018-06-13T13:57:04+00:00","article_modified_time":"2022-02-09T10:06:19+00:00","og_image":[{"width":1827,"height":1328,"url":"https:\/\/www.organisator.ch\/wp-content\/uploads\/2018\/06\/Windenergie-neue-Technik-aus-der-Tierwelt-uebernommen-UP-umweltperspektiven.jpg","type":"image\/jpeg"}],"author":"michael.merz","twitter_card":"summary_large_image","schema":{"@context":"https:\/\/schema.org","@graph":[{"@type":"Article","@id":"https:\/\/www.organisator.ch\/sustainability\/2018-06-13\/leise-windenergie-neue-technik-aus-der-tierwelt-uebernommen\/#article","isPartOf":{"@id":"https:\/\/www.organisator.ch\/sustainability\/2018-06-13\/leise-windenergie-neue-technik-aus-der-tierwelt-uebernommen\/"},"author":{"name":"michael.merz","@id":"https:\/\/www.organisator.ch\/#\/schema\/person\/134708ca9321c57b0362cceb7948ffbd"},"headline":"Leise Windenergie: neue Technik aus der Tierwelt \u00fcbernommen","datePublished":"2018-06-13T13:57:04+00:00","dateModified":"2022-02-09T10:06:19+00:00","mainEntityOfPage":{"@id":"https:\/\/www.organisator.ch\/sustainability\/2018-06-13\/leise-windenergie-neue-technik-aus-der-tierwelt-uebernommen\/"},"wordCount":466,"commentCount":0,"publisher":{"@id":"https:\/\/www.organisator.ch\/#organization"},"image":{"@id":"https:\/\/www.organisator.ch\/sustainability\/2018-06-13\/leise-windenergie-neue-technik-aus-der-tierwelt-uebernommen\/#primaryimage"},"thumbnailUrl":"https:\/\/www.organisator.ch\/wp-content\/uploads\/2018\/06\/Windenergie-neue-Technik-aus-der-Tierwelt-uebernommen-UP-umweltperspektiven.jpg","keywords":["Akustik","Innovationsforschung","Windenergie"],"articleSection":["SUSTAINABILITY"],"inLanguage":"de"},{"@type":"WebPage","@id":"https:\/\/www.organisator.ch\/sustainability\/2018-06-13\/leise-windenergie-neue-technik-aus-der-tierwelt-uebernommen\/","url":"https:\/\/www.organisator.ch\/sustainability\/2018-06-13\/leise-windenergie-neue-technik-aus-der-tierwelt-uebernommen\/","name":"Leise Windenergie: neue Technik aus der Tierwelt \u00fcbernommen - Organisator","isPartOf":{"@id":"https:\/\/www.organisator.ch\/#website"},"primaryImageOfPage":{"@id":"https:\/\/www.organisator.ch\/sustainability\/2018-06-13\/leise-windenergie-neue-technik-aus-der-tierwelt-uebernommen\/#primaryimage"},"image":{"@id":"https:\/\/www.organisator.ch\/sustainability\/2018-06-13\/leise-windenergie-neue-technik-aus-der-tierwelt-uebernommen\/#primaryimage"},"thumbnailUrl":"https:\/\/www.organisator.ch\/wp-content\/uploads\/2018\/06\/Windenergie-neue-Technik-aus-der-Tierwelt-uebernommen-UP-umweltperspektiven.jpg","datePublished":"2018-06-13T13:57:04+00:00","dateModified":"2022-02-09T10:06:19+00:00","description":"Und pl\u00f6tzlich spricht man von leiser Windenergie: Dabei bezieht man sich auf die Tier-, genauer gesagt auf die Vogelwelt.","breadcrumb":{"@id":"https:\/\/www.organisator.ch\/sustainability\/2018-06-13\/leise-windenergie-neue-technik-aus-der-tierwelt-uebernommen\/#breadcrumb"},"inLanguage":"de","potentialAction":[{"@type":"ReadAction","target":["https:\/\/www.organisator.ch\/sustainability\/2018-06-13\/leise-windenergie-neue-technik-aus-der-tierwelt-uebernommen\/"]}]},{"@type":"ImageObject","inLanguage":"de","@id":"https:\/\/www.organisator.ch\/sustainability\/2018-06-13\/leise-windenergie-neue-technik-aus-der-tierwelt-uebernommen\/#primaryimage","url":"https:\/\/www.organisator.ch\/wp-content\/uploads\/2018\/06\/Windenergie-neue-Technik-aus-der-Tierwelt-uebernommen-UP-umweltperspektiven.jpg","contentUrl":"https:\/\/www.organisator.ch\/wp-content\/uploads\/2018\/06\/Windenergie-neue-Technik-aus-der-Tierwelt-uebernommen-UP-umweltperspektiven.jpg","width":1827,"height":1328,"caption":"Den Fl\u00fcgel von V\u00f6geln abgeschaut sind die Fl\u00fcgel von Windenergieanlagen jetzt standardm\u00e4ssig \u201egefiedert, sprich mit K\u00e4mmen versehen. (Bild: CC0 Creative Commons)"},{"@type":"BreadcrumbList","@id":"https:\/\/www.organisator.ch\/sustainability\/2018-06-13\/leise-windenergie-neue-technik-aus-der-tierwelt-uebernommen\/#breadcrumb","itemListElement":[{"@type":"ListItem","position":1,"name":"Home","item":"https:\/\/www.organisator.ch\/"},{"@type":"ListItem","position":2,"name":"Leise Windenergie: neue Technik aus der Tierwelt \u00fcbernommen"}]},{"@type":"WebSite","@id":"https:\/\/www.organisator.ch\/#website","url":"https:\/\/www.organisator.ch\/","name":"Organisator","description":"Kompetent. Praxisnah. Der ORGANISATOR bereitet in 10 Ausgaben pro Jahr die wesentlichen Themen f\u00fcr F\u00fchrungskr\u00e4fte von KMU auf.","publisher":{"@id":"https:\/\/www.organisator.ch\/#organization"},"potentialAction":[{"@type":"SearchAction","target":{"@type":"EntryPoint","urlTemplate":"https:\/\/www.organisator.ch\/?s={search_term_string}"},"query-input":{"@type":"PropertyValueSpecification","valueRequired":true,"valueName":"search_term_string"}}],"inLanguage":"de"},{"@type":"Organization","@id":"https:\/\/www.organisator.ch\/#organization","name":"Organisator","url":"https:\/\/www.organisator.ch\/","logo":{"@type":"ImageObject","inLanguage":"de","@id":"https:\/\/www.organisator.ch\/#\/schema\/logo\/image\/","url":"https:\/\/www.organisator.ch\/wp-content\/uploads\/2022\/01\/Logo_Organisator_Website.png","contentUrl":"https:\/\/www.organisator.ch\/wp-content\/uploads\/2022\/01\/Logo_Organisator_Website.png","width":800,"height":77,"caption":"Organisator"},"image":{"@id":"https:\/\/www.organisator.ch\/#\/schema\/logo\/image\/"},"sameAs":["https:\/\/www.facebook.com\/OrganisatorFachmagazin","https:\/\/www.linkedin.com\/showcase\/organisator-das-magazin-fr-kmu","https:\/\/www.xing.com\/news\/pages\/organisator-ch-695","https:\/\/www.youtube.com\/channel\/UCGP2Sq0iWaZwT3BdIAQFYpw"]},{"@type":"Person","@id":"https:\/\/www.organisator.ch\/#\/schema\/person\/134708ca9321c57b0362cceb7948ffbd","name":"michael.merz","image":{"@type":"ImageObject","inLanguage":"de","@id":"https:\/\/secure.gravatar.com\/avatar\/?s=96&d=mm&r=g","url":"https:\/\/secure.gravatar.com\/avatar\/?s=96&d=mm&r=g","contentUrl":"https:\/\/secure.gravatar.com\/avatar\/?s=96&d=mm&r=g","caption":"michael.merz"},"url":"https:\/\/www.organisator.ch\/de\/author\/michael-merz\/"}]}},"_links":{"self":[{"href":"https:\/\/www.organisator.ch\/de\/wp-json\/wp\/v2\/posts\/1721","targetHints":{"allow":["GET"]}}],"collection":[{"href":"https:\/\/www.organisator.ch\/de\/wp-json\/wp\/v2\/posts"}],"about":[{"href":"https:\/\/www.organisator.ch\/de\/wp-json\/wp\/v2\/types\/post"}],"author":[{"embeddable":true,"href":"https:\/\/www.organisator.ch\/de\/wp-json\/wp\/v2\/users\/5"}],"replies":[{"embeddable":true,"href":"https:\/\/www.organisator.ch\/de\/wp-json\/wp\/v2\/comments?post=1721"}],"version-history":[{"count":1,"href":"https:\/\/www.organisator.ch\/de\/wp-json\/wp\/v2\/posts\/1721\/revisions"}],"predecessor-version":[{"id":10568,"href":"https:\/\/www.organisator.ch\/de\/wp-json\/wp\/v2\/posts\/1721\/revisions\/10568"}],"wp:featuredmedia":[{"embeddable":true,"href":"https:\/\/www.organisator.ch\/de\/wp-json\/wp\/v2\/media\/1722"}],"wp:attachment":[{"href":"https:\/\/www.organisator.ch\/de\/wp-json\/wp\/v2\/media?parent=1721"}],"wp:term":[{"taxonomy":"category","embeddable":true,"href":"https:\/\/www.organisator.ch\/de\/wp-json\/wp\/v2\/categories?post=1721"},{"taxonomy":"post_tag","embeddable":true,"href":"https:\/\/www.organisator.ch\/de\/wp-json\/wp\/v2\/tags?post=1721"}],"curies":[{"name":"wp","href":"https:\/\/api.w.org\/{rel}","templated":true}]}}