{"id":17212,"date":"2022-10-11T10:28:39","date_gmt":"2022-10-11T08:28:39","guid":{"rendered":"https:\/\/www.organisator.ch\/?p=17212"},"modified":"2022-10-11T10:28:39","modified_gmt":"2022-10-11T08:28:39","slug":"drei-von-vier-hr-fachpersonen-wollen-mehr-digitalisierung","status":"publish","type":"post","link":"https:\/\/www.organisator.ch\/de\/human-resources\/2022-10-11\/drei-von-vier-hr-fachpersonen-wollen-mehr-digitalisierung\/","title":{"rendered":"Drei von vier HR-Fachpersonen wollen mehr Digitalisierung"},"content":{"rendered":"<figure id=\"attachment_17213\" aria-describedby=\"caption-attachment-17213\" style=\"width: 680px\" class=\"wp-caption alignnone\"><img loading=\"lazy\" decoding=\"async\" class=\"size-full wp-image-17213\" src=\"https:\/\/www.organisator.ch\/wp-content\/uploads\/2022\/10\/Drei-von-vier-HR-Fachpersonen-wollen-mehr-Digitalisierung-1_Organisator.jpg\" alt=\"\" width=\"680\" height=\"453\" srcset=\"https:\/\/www.organisator.ch\/wp-content\/uploads\/2022\/10\/Drei-von-vier-HR-Fachpersonen-wollen-mehr-Digitalisierung-1_Organisator.jpg 680w, https:\/\/www.organisator.ch\/wp-content\/uploads\/2022\/10\/Drei-von-vier-HR-Fachpersonen-wollen-mehr-Digitalisierung-1_Organisator-18x12.jpg 18w, https:\/\/www.organisator.ch\/wp-content\/uploads\/2022\/10\/Drei-von-vier-HR-Fachpersonen-wollen-mehr-Digitalisierung-1_Organisator-263x175.jpg 263w, https:\/\/www.organisator.ch\/wp-content\/uploads\/2022\/10\/Drei-von-vier-HR-Fachpersonen-wollen-mehr-Digitalisierung-1_Organisator-525x350.jpg 525w, https:\/\/www.organisator.ch\/wp-content\/uploads\/2022\/10\/Drei-von-vier-HR-Fachpersonen-wollen-mehr-Digitalisierung-1_Organisator-300x200.jpg 300w\" sizes=\"auto, (max-width: 680px) 100vw, 680px\" \/><figcaption id=\"caption-attachment-17213\" class=\"wp-caption-text\">Stirnrunzeln bei HR-Fachpersonen: Sie wollen mehr Digitalisierung. (Bild: Unsplash.com)<\/figcaption><\/figure>\n<p>Der Rekrutierungsprozess wird immer aufwendiger, der Kampf um die Fachkr\u00e4fte h\u00e4rter. Die Qualit\u00e4t der Bewerbungen hat in den letzten Jahren deutlich abgenommen \u2013 \u00fcber alle Branchen<br \/>\nhinweg. Monatlich bearbeiten KMU im Durchschnitt 25 Dossiers. Um an diese zu gelangen, reichen die klassischen Wege der Stellenausschreibung schon lange nicht mehr. Trotzdem bewegen sich KMU noch stark in der Komfortzone: Rund 96 % schreiben Stellen \u00fcber ihre eigene Website aus, 74 % \u00fcber nationale Jobportale. Das Potenzial, welches Social Media Recruiting bietet, sch\u00f6pfen KMU nur zu 30 % aus \u2013 und dies obwohl sich rund 9 von 10 der jungen Fachkr\u00e4fte (James-Studie 2020) in den sozialen Medien bewegen. Hier werden noch viele Chancen verpasst, schreiben die Autoren der Studie HRPuls, die professional.ch in Zusammenarbeit mit der ZHAW (Departement Angewandte Psychologie) unter HR-Fachpersonen durchgef\u00fchrt hat. So wird etwa TikTok trotz der stetig steigenden Beliebtheit bei der jungen Generation in der Personalgewinnung am wenigsten eingesetzt. Ganze 99.3 % der KMU profitieren noch nicht von den M\u00f6glichkeiten, die die Plattform in der Rekrutierung bietet.<\/p>\n<figure id=\"attachment_17214\" aria-describedby=\"caption-attachment-17214\" style=\"width: 680px\" class=\"wp-caption alignnone\"><img loading=\"lazy\" decoding=\"async\" class=\"size-full wp-image-17214\" src=\"https:\/\/www.organisator.ch\/wp-content\/uploads\/2022\/10\/Drei-von-vier-HR-Fachpersonen-wollen-mehr-Digitalisierung-2_Organisator.jpg\" alt=\"\" width=\"680\" height=\"383\" srcset=\"https:\/\/www.organisator.ch\/wp-content\/uploads\/2022\/10\/Drei-von-vier-HR-Fachpersonen-wollen-mehr-Digitalisierung-2_Organisator.jpg 680w, https:\/\/www.organisator.ch\/wp-content\/uploads\/2022\/10\/Drei-von-vier-HR-Fachpersonen-wollen-mehr-Digitalisierung-2_Organisator-18x10.jpg 18w, https:\/\/www.organisator.ch\/wp-content\/uploads\/2022\/10\/Drei-von-vier-HR-Fachpersonen-wollen-mehr-Digitalisierung-2_Organisator-311x175.jpg 311w, https:\/\/www.organisator.ch\/wp-content\/uploads\/2022\/10\/Drei-von-vier-HR-Fachpersonen-wollen-mehr-Digitalisierung-2_Organisator-621x350.jpg 621w, https:\/\/www.organisator.ch\/wp-content\/uploads\/2022\/10\/Drei-von-vier-HR-Fachpersonen-wollen-mehr-Digitalisierung-2_Organisator-300x169.jpg 300w\" sizes=\"auto, (max-width: 680px) 100vw, 680px\" \/><figcaption id=\"caption-attachment-17214\" class=\"wp-caption-text\">Diese Kan\u00e4le nutzen HR-Fachpersonen in KMU f\u00fcr die Rekrutierung. (Grafik: professional.ch)<\/figcaption><\/figure>\n<h3>HR-Fachpersonen: Unzufrieden mit dem Stand der Digitalisierung<\/h3>\n<p>HR-Fachpersonen sch\u00e4tzen den Stand ihrer Digitalisierung bei genau 50 % ein. Das bedeutet also, dass KMU erst die H\u00e4lfte des Potenzials ausgesch\u00f6pft haben. Obwohl \u00fcber 85 % der HR-Fachpersonen im Allgemeinen mit ihrer Arbeit zufrieden sind, zeigt sich im Hinblick auf die Digitalisierung ein anderes Bild. 76 % w\u00fcnschen sich mehr oder gar viel mehr Digitalisierung. Diese soll sie in erster Linie entlasten, sodass mehr Zeit f\u00fcr den direkten Kontakt zu den Mitarbeitenden bleibt. Lediglich 18 % geben an, dass sie mit dem Stand der Digitalisierung zufrieden sind.<\/p>\n<h3>Knappes Budget steht der Digitalisierung im Weg<\/h3>\n<p>Doch welche H\u00fcrden stehen dem Fortschritt der Digitalisierung in HR-Abteilungen im Weg? Die Herausforderung liegt beim knappen Budget. Rund 56 % sehen dort die gr\u00f6ssten Probleme. Auf<br \/>\nPlatz zwei mit 47 % liegt dabei die fehlende Zeit, sich mit neuen Tools und Prozessen auseinanderzusetzen. Es f\u00e4llt auf: HR-Abteilungen, die auf mehr internen Support zur\u00fcckgreifen k\u00f6nnen, sind tendenziell weiter in der Digitalisierung ihres HR.<\/p>\n<figure id=\"attachment_17215\" aria-describedby=\"caption-attachment-17215\" style=\"width: 680px\" class=\"wp-caption alignnone\"><img loading=\"lazy\" decoding=\"async\" class=\"size-full wp-image-17215\" src=\"https:\/\/www.organisator.ch\/wp-content\/uploads\/2022\/10\/Drei-von-vier-HR-Fachpersonen-wollen-mehr-Digitalisierung-3_Organisator.jpg\" alt=\"\" width=\"680\" height=\"383\" srcset=\"https:\/\/www.organisator.ch\/wp-content\/uploads\/2022\/10\/Drei-von-vier-HR-Fachpersonen-wollen-mehr-Digitalisierung-3_Organisator.jpg 680w, https:\/\/www.organisator.ch\/wp-content\/uploads\/2022\/10\/Drei-von-vier-HR-Fachpersonen-wollen-mehr-Digitalisierung-3_Organisator-18x10.jpg 18w, https:\/\/www.organisator.ch\/wp-content\/uploads\/2022\/10\/Drei-von-vier-HR-Fachpersonen-wollen-mehr-Digitalisierung-3_Organisator-311x175.jpg 311w, https:\/\/www.organisator.ch\/wp-content\/uploads\/2022\/10\/Drei-von-vier-HR-Fachpersonen-wollen-mehr-Digitalisierung-3_Organisator-621x350.jpg 621w, https:\/\/www.organisator.ch\/wp-content\/uploads\/2022\/10\/Drei-von-vier-HR-Fachpersonen-wollen-mehr-Digitalisierung-3_Organisator-300x169.jpg 300w\" sizes=\"auto, (max-width: 680px) 100vw, 680px\" \/><figcaption id=\"caption-attachment-17215\" class=\"wp-caption-text\">So zufrieden sind HR-Fachpersonen mit dem Stand ihrer Digitalisierung. (Grafik: professional.ch)<\/figcaption><\/figure>\n<h3>Digitalisierung bietet viele Chancen<\/h3>\n<p>Die Studie zeigt: Die Digitalisierung bringt an allen Ecken und Enden Chancen und M\u00f6glichkeiten f\u00fcr das HR in KMU mit sich. Das gr\u00f6sste Potenzial wird jedoch in drei Bereichen gesehen: Social Media Recruiting sowie digitale Personaldossiers und Mitarbeiterbeurteilungen. Dabei sollen die Prozesse m\u00f6glichst kosteng\u00fcnstig, benutzerfreundlich und effizient sein. Effizienz ist dabei ein gutes Stichwort: Was m\u00f6chten die HR-Fachpersonen mit der dadurch gewonnenen Zeit durch die Digitalisierung anfangen? Diese soll in die Personalentwicklung, die Anliegen der Mitarbeitenden sowie die Social Media Pr\u00e4senz investiert werden.<\/p>\n<p>Quelle: HRpuls \u2013 so digital rekrutieren KMU (2022), durchgef\u00fchrt von Michael Burtscher (ZHAW | Departement Angewandte Psychologie) im Auftrag von <a href=\"https:\/\/www.professional.ch\/\">professional.ch<\/a><\/p>\n","protected":false},"excerpt":{"rendered":"<p>Der Rekrutierungsprozess wird immer aufwendiger, der Kampf um die Fachkr\u00e4fte h\u00e4rter. Die Qualit\u00e4t der Bewerbungen hat in den letzten Jahren deutlich abgenommen \u2013 \u00fcber alle Branchen hinweg. Monatlich bearbeiten KMU im Durchschnitt 25 Dossiers. Um an diese zu gelangen, reichen die klassischen Wege der Stellenausschreibung schon lange nicht mehr. Trotzdem bewegen sich KMU noch stark [&hellip;]<\/p>\n","protected":false},"author":4,"featured_media":17213,"comment_status":"closed","ping_status":"closed","sticky":false,"template":"","format":"standard","meta":{"_acf_changed":false,"_yoast_wpseo_focuskw":"HR-Fachpersonen","_yoast_wpseo_metadesc":"In den Bereichen der Rekrutierung und HR-Administration w\u00fcnschen sich HR-Fachpersonen deutlich mehr Digitalisierung, wie eine Studie zeigt.","articlekey":"","footnotes":""},"categories":[579],"tags":[156,3436,254,407,459],"class_list":["post-17212","post","type-post","status-publish","format-standard","has-post-thumbnail","hentry","category-human-resources","tag-digitalisierung","tag-hr-administration","tag-hrm","tag-recruiting","tag-studie"],"acf":[],"yoast_head":"<!-- This site is optimized with the Yoast SEO plugin v27.4 - https:\/\/yoast.com\/product\/yoast-seo-wordpress\/ -->\n<title>Drei von vier HR-Fachpersonen wollen mehr Digitalisierung - Organisator<\/title>\n<meta name=\"description\" content=\"In den Bereichen der Rekrutierung und HR-Administration w\u00fcnschen sich HR-Fachpersonen deutlich mehr Digitalisierung, wie eine Studie zeigt.\" \/>\n<meta name=\"robots\" content=\"index, follow, max-snippet:-1, max-image-preview:large, max-video-preview:-1\" \/>\n<link rel=\"canonical\" href=\"https:\/\/www.organisator.ch\/de\/human-resources\/2022-10-11\/drei-von-vier-hr-fachpersonen-wollen-mehr-digitalisierung\/\" \/>\n<meta property=\"og:locale\" content=\"de_DE\" \/>\n<meta property=\"og:type\" content=\"article\" \/>\n<meta property=\"og:title\" content=\"Drei von vier HR-Fachpersonen wollen mehr Digitalisierung\" \/>\n<meta property=\"og:description\" content=\"In den Bereichen der Rekrutierung und HR-Administration w\u00fcnschen sich HR-Fachpersonen deutlich mehr Digitalisierung, wie eine Studie zeigt.\" \/>\n<meta property=\"og:url\" content=\"https:\/\/www.organisator.ch\/de\/human-resources\/2022-10-11\/drei-von-vier-hr-fachpersonen-wollen-mehr-digitalisierung\/\" \/>\n<meta property=\"og:site_name\" content=\"Organisator\" \/>\n<meta property=\"article:publisher\" content=\"https:\/\/www.facebook.com\/OrganisatorFachmagazin\" \/>\n<meta property=\"article:published_time\" content=\"2022-10-11T08:28:39+00:00\" \/>\n<meta property=\"og:image\" content=\"https:\/\/www.organisator.ch\/wp-content\/uploads\/2022\/10\/Drei-von-vier-HR-Fachpersonen-wollen-mehr-Digitalisierung-1_Organisator.jpg\" \/>\n\t<meta property=\"og:image:width\" content=\"680\" \/>\n\t<meta property=\"og:image:height\" content=\"453\" \/>\n\t<meta property=\"og:image:type\" content=\"image\/jpeg\" \/>\n<meta name=\"author\" content=\"thomas.berner\" \/>\n<meta name=\"twitter:card\" content=\"summary_large_image\" \/>\n<meta name=\"twitter:title\" content=\"Drei von vier #HR-Fachpersonen wollen mehr #Digitalisierung\" \/>\n<meta name=\"twitter:description\" content=\"In den Bereichen der #Rekrutierung und #HR-Administration w\u00fcnschen sich #HR-Fachpersonen deutlich mehr #Digitalisierung, wie eine Studie zeigt.\" \/>\n<meta name=\"twitter:image\" content=\"https:\/\/www.organisator.ch\/wp-content\/uploads\/2022\/10\/Drei-von-vier-HR-Fachpersonen-wollen-mehr-Digitalisierung-1_Organisator.jpg\" \/>\n<script type=\"application\/ld+json\" class=\"yoast-schema-graph\">{\"@context\":\"https:\\\/\\\/schema.org\",\"@graph\":[{\"@type\":\"Article\",\"@id\":\"https:\\\/\\\/www.organisator.ch\\\/human-resources\\\/2022-10-11\\\/drei-von-vier-hr-fachpersonen-wollen-mehr-digitalisierung\\\/#article\",\"isPartOf\":{\"@id\":\"https:\\\/\\\/www.organisator.ch\\\/human-resources\\\/2022-10-11\\\/drei-von-vier-hr-fachpersonen-wollen-mehr-digitalisierung\\\/\"},\"author\":{\"name\":\"thomas.berner\",\"@id\":\"https:\\\/\\\/www.organisator.ch\\\/#\\\/schema\\\/person\\\/6f650f90b2842cd4c0cc334b4e36f67e\"},\"headline\":\"Drei von vier HR-Fachpersonen wollen mehr Digitalisierung\",\"datePublished\":\"2022-10-11T08:28:39+00:00\",\"mainEntityOfPage\":{\"@id\":\"https:\\\/\\\/www.organisator.ch\\\/human-resources\\\/2022-10-11\\\/drei-von-vier-hr-fachpersonen-wollen-mehr-digitalisierung\\\/\"},\"wordCount\":504,\"publisher\":{\"@id\":\"https:\\\/\\\/www.organisator.ch\\\/#organization\"},\"image\":{\"@id\":\"https:\\\/\\\/www.organisator.ch\\\/human-resources\\\/2022-10-11\\\/drei-von-vier-hr-fachpersonen-wollen-mehr-digitalisierung\\\/#primaryimage\"},\"thumbnailUrl\":\"https:\\\/\\\/www.organisator.ch\\\/wp-content\\\/uploads\\\/2022\\\/10\\\/Drei-von-vier-HR-Fachpersonen-wollen-mehr-Digitalisierung-1_Organisator.jpg\",\"keywords\":[\"Digitalisierung\",\"HR-Administration\",\"HRM\",\"Recruiting\",\"Studie\"],\"articleSection\":[\"HUMAN RESOURCES\"],\"inLanguage\":\"de\"},{\"@type\":\"WebPage\",\"@id\":\"https:\\\/\\\/www.organisator.ch\\\/human-resources\\\/2022-10-11\\\/drei-von-vier-hr-fachpersonen-wollen-mehr-digitalisierung\\\/\",\"url\":\"https:\\\/\\\/www.organisator.ch\\\/human-resources\\\/2022-10-11\\\/drei-von-vier-hr-fachpersonen-wollen-mehr-digitalisierung\\\/\",\"name\":\"Drei von vier HR-Fachpersonen wollen mehr Digitalisierung - Organisator\",\"isPartOf\":{\"@id\":\"https:\\\/\\\/www.organisator.ch\\\/#website\"},\"primaryImageOfPage\":{\"@id\":\"https:\\\/\\\/www.organisator.ch\\\/human-resources\\\/2022-10-11\\\/drei-von-vier-hr-fachpersonen-wollen-mehr-digitalisierung\\\/#primaryimage\"},\"image\":{\"@id\":\"https:\\\/\\\/www.organisator.ch\\\/human-resources\\\/2022-10-11\\\/drei-von-vier-hr-fachpersonen-wollen-mehr-digitalisierung\\\/#primaryimage\"},\"thumbnailUrl\":\"https:\\\/\\\/www.organisator.ch\\\/wp-content\\\/uploads\\\/2022\\\/10\\\/Drei-von-vier-HR-Fachpersonen-wollen-mehr-Digitalisierung-1_Organisator.jpg\",\"datePublished\":\"2022-10-11T08:28:39+00:00\",\"description\":\"In den Bereichen der Rekrutierung und HR-Administration w\u00fcnschen sich HR-Fachpersonen deutlich mehr Digitalisierung, wie eine Studie zeigt.\",\"breadcrumb\":{\"@id\":\"https:\\\/\\\/www.organisator.ch\\\/human-resources\\\/2022-10-11\\\/drei-von-vier-hr-fachpersonen-wollen-mehr-digitalisierung\\\/#breadcrumb\"},\"inLanguage\":\"de\",\"potentialAction\":[{\"@type\":\"ReadAction\",\"target\":[\"https:\\\/\\\/www.organisator.ch\\\/human-resources\\\/2022-10-11\\\/drei-von-vier-hr-fachpersonen-wollen-mehr-digitalisierung\\\/\"]}]},{\"@type\":\"ImageObject\",\"inLanguage\":\"de\",\"@id\":\"https:\\\/\\\/www.organisator.ch\\\/human-resources\\\/2022-10-11\\\/drei-von-vier-hr-fachpersonen-wollen-mehr-digitalisierung\\\/#primaryimage\",\"url\":\"https:\\\/\\\/www.organisator.ch\\\/wp-content\\\/uploads\\\/2022\\\/10\\\/Drei-von-vier-HR-Fachpersonen-wollen-mehr-Digitalisierung-1_Organisator.jpg\",\"contentUrl\":\"https:\\\/\\\/www.organisator.ch\\\/wp-content\\\/uploads\\\/2022\\\/10\\\/Drei-von-vier-HR-Fachpersonen-wollen-mehr-Digitalisierung-1_Organisator.jpg\",\"width\":680,\"height\":453,\"caption\":\"Stirnrunzeln bei HR-Fachpersonen: Sie wollen mehr Digitalisierung. (Bild: Unsplash.com)\"},{\"@type\":\"BreadcrumbList\",\"@id\":\"https:\\\/\\\/www.organisator.ch\\\/human-resources\\\/2022-10-11\\\/drei-von-vier-hr-fachpersonen-wollen-mehr-digitalisierung\\\/#breadcrumb\",\"itemListElement\":[{\"@type\":\"ListItem\",\"position\":1,\"name\":\"Home\",\"item\":\"https:\\\/\\\/www.organisator.ch\\\/\"},{\"@type\":\"ListItem\",\"position\":2,\"name\":\"Drei von vier HR-Fachpersonen wollen mehr Digitalisierung\"}]},{\"@type\":\"WebSite\",\"@id\":\"https:\\\/\\\/www.organisator.ch\\\/#website\",\"url\":\"https:\\\/\\\/www.organisator.ch\\\/\",\"name\":\"Organisator\",\"description\":\"Kompetent. Praxisnah. Der ORGANISATOR bereitet in 10 Ausgaben pro Jahr die wesentlichen Themen f\u00fcr F\u00fchrungskr\u00e4fte von KMU auf.\",\"publisher\":{\"@id\":\"https:\\\/\\\/www.organisator.ch\\\/#organization\"},\"potentialAction\":[{\"@type\":\"SearchAction\",\"target\":{\"@type\":\"EntryPoint\",\"urlTemplate\":\"https:\\\/\\\/www.organisator.ch\\\/?s={search_term_string}\"},\"query-input\":{\"@type\":\"PropertyValueSpecification\",\"valueRequired\":true,\"valueName\":\"search_term_string\"}}],\"inLanguage\":\"de\"},{\"@type\":\"Organization\",\"@id\":\"https:\\\/\\\/www.organisator.ch\\\/#organization\",\"name\":\"Organisator\",\"url\":\"https:\\\/\\\/www.organisator.ch\\\/\",\"logo\":{\"@type\":\"ImageObject\",\"inLanguage\":\"de\",\"@id\":\"https:\\\/\\\/www.organisator.ch\\\/#\\\/schema\\\/logo\\\/image\\\/\",\"url\":\"https:\\\/\\\/www.organisator.ch\\\/wp-content\\\/uploads\\\/2022\\\/01\\\/Logo_Organisator_Website.png\",\"contentUrl\":\"https:\\\/\\\/www.organisator.ch\\\/wp-content\\\/uploads\\\/2022\\\/01\\\/Logo_Organisator_Website.png\",\"width\":800,\"height\":77,\"caption\":\"Organisator\"},\"image\":{\"@id\":\"https:\\\/\\\/www.organisator.ch\\\/#\\\/schema\\\/logo\\\/image\\\/\"},\"sameAs\":[\"https:\\\/\\\/www.facebook.com\\\/OrganisatorFachmagazin\",\"https:\\\/\\\/www.linkedin.com\\\/showcase\\\/organisator-das-magazin-fr-kmu\",\"https:\\\/\\\/www.xing.com\\\/news\\\/pages\\\/organisator-ch-695\",\"https:\\\/\\\/www.youtube.com\\\/channel\\\/UCGP2Sq0iWaZwT3BdIAQFYpw\"]},{\"@type\":\"Person\",\"@id\":\"https:\\\/\\\/www.organisator.ch\\\/#\\\/schema\\\/person\\\/6f650f90b2842cd4c0cc334b4e36f67e\",\"name\":\"thomas.berner\",\"image\":{\"@type\":\"ImageObject\",\"inLanguage\":\"de\",\"@id\":\"https:\\\/\\\/secure.gravatar.com\\\/avatar\\\/ac5001d2a36cb6c6cd3e50789007ffca834b477b74a2144564522e944eabff61?s=96&d=mm&r=g\",\"url\":\"https:\\\/\\\/secure.gravatar.com\\\/avatar\\\/ac5001d2a36cb6c6cd3e50789007ffca834b477b74a2144564522e944eabff61?s=96&d=mm&r=g\",\"contentUrl\":\"https:\\\/\\\/secure.gravatar.com\\\/avatar\\\/ac5001d2a36cb6c6cd3e50789007ffca834b477b74a2144564522e944eabff61?s=96&d=mm&r=g\",\"caption\":\"thomas.berner\"},\"url\":\"https:\\\/\\\/www.organisator.ch\\\/de\\\/author\\\/thomas-berner\\\/\"}]}<\/script>\n<!-- \/ Yoast SEO plugin. -->","yoast_head_json":{"title":"Drei von vier HR-Fachpersonen wollen mehr Digitalisierung - Organisator","description":"In den Bereichen der Rekrutierung und HR-Administration w\u00fcnschen sich HR-Fachpersonen deutlich mehr Digitalisierung, wie eine Studie zeigt.","robots":{"index":"index","follow":"follow","max-snippet":"max-snippet:-1","max-image-preview":"max-image-preview:large","max-video-preview":"max-video-preview:-1"},"canonical":"https:\/\/www.organisator.ch\/de\/human-resources\/2022-10-11\/drei-von-vier-hr-fachpersonen-wollen-mehr-digitalisierung\/","og_locale":"de_DE","og_type":"article","og_title":"Drei von vier HR-Fachpersonen wollen mehr Digitalisierung","og_description":"In den Bereichen der Rekrutierung und HR-Administration w\u00fcnschen sich HR-Fachpersonen deutlich mehr Digitalisierung, wie eine Studie zeigt.","og_url":"https:\/\/www.organisator.ch\/de\/human-resources\/2022-10-11\/drei-von-vier-hr-fachpersonen-wollen-mehr-digitalisierung\/","og_site_name":"Organisator","article_publisher":"https:\/\/www.facebook.com\/OrganisatorFachmagazin","article_published_time":"2022-10-11T08:28:39+00:00","og_image":[{"width":680,"height":453,"url":"https:\/\/www.organisator.ch\/wp-content\/uploads\/2022\/10\/Drei-von-vier-HR-Fachpersonen-wollen-mehr-Digitalisierung-1_Organisator.jpg","type":"image\/jpeg"}],"author":"thomas.berner","twitter_card":"summary_large_image","twitter_title":"Drei von vier #HR-Fachpersonen wollen mehr #Digitalisierung","twitter_description":"In den Bereichen der #Rekrutierung und #HR-Administration w\u00fcnschen sich #HR-Fachpersonen deutlich mehr #Digitalisierung, wie eine Studie zeigt.","twitter_image":"https:\/\/www.organisator.ch\/wp-content\/uploads\/2022\/10\/Drei-von-vier-HR-Fachpersonen-wollen-mehr-Digitalisierung-1_Organisator.jpg","schema":{"@context":"https:\/\/schema.org","@graph":[{"@type":"Article","@id":"https:\/\/www.organisator.ch\/human-resources\/2022-10-11\/drei-von-vier-hr-fachpersonen-wollen-mehr-digitalisierung\/#article","isPartOf":{"@id":"https:\/\/www.organisator.ch\/human-resources\/2022-10-11\/drei-von-vier-hr-fachpersonen-wollen-mehr-digitalisierung\/"},"author":{"name":"thomas.berner","@id":"https:\/\/www.organisator.ch\/#\/schema\/person\/6f650f90b2842cd4c0cc334b4e36f67e"},"headline":"Drei von vier HR-Fachpersonen wollen mehr Digitalisierung","datePublished":"2022-10-11T08:28:39+00:00","mainEntityOfPage":{"@id":"https:\/\/www.organisator.ch\/human-resources\/2022-10-11\/drei-von-vier-hr-fachpersonen-wollen-mehr-digitalisierung\/"},"wordCount":504,"publisher":{"@id":"https:\/\/www.organisator.ch\/#organization"},"image":{"@id":"https:\/\/www.organisator.ch\/human-resources\/2022-10-11\/drei-von-vier-hr-fachpersonen-wollen-mehr-digitalisierung\/#primaryimage"},"thumbnailUrl":"https:\/\/www.organisator.ch\/wp-content\/uploads\/2022\/10\/Drei-von-vier-HR-Fachpersonen-wollen-mehr-Digitalisierung-1_Organisator.jpg","keywords":["Digitalisierung","HR-Administration","HRM","Recruiting","Studie"],"articleSection":["HUMAN RESOURCES"],"inLanguage":"de"},{"@type":"WebPage","@id":"https:\/\/www.organisator.ch\/human-resources\/2022-10-11\/drei-von-vier-hr-fachpersonen-wollen-mehr-digitalisierung\/","url":"https:\/\/www.organisator.ch\/human-resources\/2022-10-11\/drei-von-vier-hr-fachpersonen-wollen-mehr-digitalisierung\/","name":"Drei von vier HR-Fachpersonen wollen mehr Digitalisierung - Organisator","isPartOf":{"@id":"https:\/\/www.organisator.ch\/#website"},"primaryImageOfPage":{"@id":"https:\/\/www.organisator.ch\/human-resources\/2022-10-11\/drei-von-vier-hr-fachpersonen-wollen-mehr-digitalisierung\/#primaryimage"},"image":{"@id":"https:\/\/www.organisator.ch\/human-resources\/2022-10-11\/drei-von-vier-hr-fachpersonen-wollen-mehr-digitalisierung\/#primaryimage"},"thumbnailUrl":"https:\/\/www.organisator.ch\/wp-content\/uploads\/2022\/10\/Drei-von-vier-HR-Fachpersonen-wollen-mehr-Digitalisierung-1_Organisator.jpg","datePublished":"2022-10-11T08:28:39+00:00","description":"In den Bereichen der Rekrutierung und HR-Administration w\u00fcnschen sich HR-Fachpersonen deutlich mehr Digitalisierung, wie eine Studie zeigt.","breadcrumb":{"@id":"https:\/\/www.organisator.ch\/human-resources\/2022-10-11\/drei-von-vier-hr-fachpersonen-wollen-mehr-digitalisierung\/#breadcrumb"},"inLanguage":"de","potentialAction":[{"@type":"ReadAction","target":["https:\/\/www.organisator.ch\/human-resources\/2022-10-11\/drei-von-vier-hr-fachpersonen-wollen-mehr-digitalisierung\/"]}]},{"@type":"ImageObject","inLanguage":"de","@id":"https:\/\/www.organisator.ch\/human-resources\/2022-10-11\/drei-von-vier-hr-fachpersonen-wollen-mehr-digitalisierung\/#primaryimage","url":"https:\/\/www.organisator.ch\/wp-content\/uploads\/2022\/10\/Drei-von-vier-HR-Fachpersonen-wollen-mehr-Digitalisierung-1_Organisator.jpg","contentUrl":"https:\/\/www.organisator.ch\/wp-content\/uploads\/2022\/10\/Drei-von-vier-HR-Fachpersonen-wollen-mehr-Digitalisierung-1_Organisator.jpg","width":680,"height":453,"caption":"Stirnrunzeln bei HR-Fachpersonen: Sie wollen mehr Digitalisierung. (Bild: Unsplash.com)"},{"@type":"BreadcrumbList","@id":"https:\/\/www.organisator.ch\/human-resources\/2022-10-11\/drei-von-vier-hr-fachpersonen-wollen-mehr-digitalisierung\/#breadcrumb","itemListElement":[{"@type":"ListItem","position":1,"name":"Home","item":"https:\/\/www.organisator.ch\/"},{"@type":"ListItem","position":2,"name":"Drei von vier HR-Fachpersonen wollen mehr Digitalisierung"}]},{"@type":"WebSite","@id":"https:\/\/www.organisator.ch\/#website","url":"https:\/\/www.organisator.ch\/","name":"Organisator","description":"Kompetent. Praxisnah. Der ORGANISATOR bereitet in 10 Ausgaben pro Jahr die wesentlichen Themen f\u00fcr F\u00fchrungskr\u00e4fte von KMU auf.","publisher":{"@id":"https:\/\/www.organisator.ch\/#organization"},"potentialAction":[{"@type":"SearchAction","target":{"@type":"EntryPoint","urlTemplate":"https:\/\/www.organisator.ch\/?s={search_term_string}"},"query-input":{"@type":"PropertyValueSpecification","valueRequired":true,"valueName":"search_term_string"}}],"inLanguage":"de"},{"@type":"Organization","@id":"https:\/\/www.organisator.ch\/#organization","name":"Organisator","url":"https:\/\/www.organisator.ch\/","logo":{"@type":"ImageObject","inLanguage":"de","@id":"https:\/\/www.organisator.ch\/#\/schema\/logo\/image\/","url":"https:\/\/www.organisator.ch\/wp-content\/uploads\/2022\/01\/Logo_Organisator_Website.png","contentUrl":"https:\/\/www.organisator.ch\/wp-content\/uploads\/2022\/01\/Logo_Organisator_Website.png","width":800,"height":77,"caption":"Organisator"},"image":{"@id":"https:\/\/www.organisator.ch\/#\/schema\/logo\/image\/"},"sameAs":["https:\/\/www.facebook.com\/OrganisatorFachmagazin","https:\/\/www.linkedin.com\/showcase\/organisator-das-magazin-fr-kmu","https:\/\/www.xing.com\/news\/pages\/organisator-ch-695","https:\/\/www.youtube.com\/channel\/UCGP2Sq0iWaZwT3BdIAQFYpw"]},{"@type":"Person","@id":"https:\/\/www.organisator.ch\/#\/schema\/person\/6f650f90b2842cd4c0cc334b4e36f67e","name":"thomas.berner","image":{"@type":"ImageObject","inLanguage":"de","@id":"https:\/\/secure.gravatar.com\/avatar\/ac5001d2a36cb6c6cd3e50789007ffca834b477b74a2144564522e944eabff61?s=96&d=mm&r=g","url":"https:\/\/secure.gravatar.com\/avatar\/ac5001d2a36cb6c6cd3e50789007ffca834b477b74a2144564522e944eabff61?s=96&d=mm&r=g","contentUrl":"https:\/\/secure.gravatar.com\/avatar\/ac5001d2a36cb6c6cd3e50789007ffca834b477b74a2144564522e944eabff61?s=96&d=mm&r=g","caption":"thomas.berner"},"url":"https:\/\/www.organisator.ch\/de\/author\/thomas-berner\/"}]}},"_links":{"self":[{"href":"https:\/\/www.organisator.ch\/de\/wp-json\/wp\/v2\/posts\/17212","targetHints":{"allow":["GET"]}}],"collection":[{"href":"https:\/\/www.organisator.ch\/de\/wp-json\/wp\/v2\/posts"}],"about":[{"href":"https:\/\/www.organisator.ch\/de\/wp-json\/wp\/v2\/types\/post"}],"author":[{"embeddable":true,"href":"https:\/\/www.organisator.ch\/de\/wp-json\/wp\/v2\/users\/4"}],"replies":[{"embeddable":true,"href":"https:\/\/www.organisator.ch\/de\/wp-json\/wp\/v2\/comments?post=17212"}],"version-history":[{"count":1,"href":"https:\/\/www.organisator.ch\/de\/wp-json\/wp\/v2\/posts\/17212\/revisions"}],"predecessor-version":[{"id":17216,"href":"https:\/\/www.organisator.ch\/de\/wp-json\/wp\/v2\/posts\/17212\/revisions\/17216"}],"wp:featuredmedia":[{"embeddable":true,"href":"https:\/\/www.organisator.ch\/de\/wp-json\/wp\/v2\/media\/17213"}],"wp:attachment":[{"href":"https:\/\/www.organisator.ch\/de\/wp-json\/wp\/v2\/media?parent=17212"}],"wp:term":[{"taxonomy":"category","embeddable":true,"href":"https:\/\/www.organisator.ch\/de\/wp-json\/wp\/v2\/categories?post=17212"},{"taxonomy":"post_tag","embeddable":true,"href":"https:\/\/www.organisator.ch\/de\/wp-json\/wp\/v2\/tags?post=17212"}],"curies":[{"name":"wp","href":"https:\/\/api.w.org\/{rel}","templated":true}]}}