{"id":1723,"date":"2017-04-03T11:19:23","date_gmt":"2017-04-03T09:19:23","guid":{"rendered":"https:\/\/www.organisator.ch\/?p=1723"},"modified":"2017-04-03T11:19:23","modified_gmt":"2017-04-03T09:19:23","slug":"situation-fuer-schweizer-start-ups","status":"publish","type":"post","link":"https:\/\/www.organisator.ch\/de\/allgemein\/2017-04-03\/situation-fuer-schweizer-start-ups\/","title":{"rendered":"Situation f\u00fcr Schweizer Start-ups"},"content":{"rendered":"<p>&nbsp;<\/p>\n<figure id=\"attachment_1724\" aria-describedby=\"caption-attachment-1724\" style=\"width: 680px\" class=\"wp-caption alignnone\"><img loading=\"lazy\" decoding=\"async\" class=\"wp-image-1724 size-medium\" src=\"https:\/\/www.organisator.ch\/wp-content\/uploads\/2017\/04\/Depositphotos_denismagil.jpg\" alt=\"\" width=\"680\" height=\"530\" srcset=\"https:\/\/www.organisator.ch\/wp-content\/uploads\/2017\/04\/Depositphotos_denismagil.jpg 2000w, https:\/\/www.organisator.ch\/wp-content\/uploads\/2017\/04\/Depositphotos_denismagil-680x530.jpg 680w, https:\/\/www.organisator.ch\/wp-content\/uploads\/2017\/04\/Depositphotos_denismagil-1024x799.jpg 1024w, https:\/\/www.organisator.ch\/wp-content\/uploads\/2017\/04\/Depositphotos_denismagil-768x599.jpg 768w, https:\/\/www.organisator.ch\/wp-content\/uploads\/2017\/04\/Depositphotos_denismagil-1536x1198.jpg 1536w, https:\/\/www.organisator.ch\/wp-content\/uploads\/2017\/04\/Depositphotos_denismagil-16x12.jpg 16w, https:\/\/www.organisator.ch\/wp-content\/uploads\/2017\/04\/Depositphotos_denismagil-224x175.jpg 224w, https:\/\/www.organisator.ch\/wp-content\/uploads\/2017\/04\/Depositphotos_denismagil-449x350.jpg 449w, https:\/\/www.organisator.ch\/wp-content\/uploads\/2017\/04\/Depositphotos_denismagil-1026x800.jpg 1026w, https:\/\/www.organisator.ch\/wp-content\/uploads\/2017\/04\/Depositphotos_denismagil-920x718.jpg 920w, https:\/\/www.organisator.ch\/wp-content\/uploads\/2017\/04\/Depositphotos_denismagil-1400x1092.jpg 1400w, https:\/\/www.organisator.ch\/wp-content\/uploads\/2017\/04\/Depositphotos_denismagil-1795x1400.jpg 1795w, https:\/\/www.organisator.ch\/wp-content\/uploads\/2017\/04\/Depositphotos_denismagil-300x234.jpg 300w\" sizes=\"auto, (max-width: 680px) 100vw, 680px\" \/><figcaption id=\"caption-attachment-1724\" class=\"wp-caption-text\">Die Rahmenbedingungen in der Schweiz sind gut. Die Herausforderung liegt darin, Unternehmen an der Wirtschaftsdynamik und der technologischen Entwicklung anzupassen. (Bild: Depositphotos_enismagil)<\/figcaption><\/figure>\n<p>Der erste Bericht \u00fcber die Situation f\u00fcr Schweizer Start-ups z\u00e4hlt 120 Seiten und Statistiken. Er zeigt Datengrundlagen zu wachstumsstarken Unternehmen. Diese Daten zeichnen auch im internationalen Vergleich ein positives Bild des Schweizer Start-up-\u00d6kosystems. Die Schweiz z\u00e4hlt zu den L\u00e4ndern mit den besten Rahmenbedingungen f\u00fcr unternehmerische Aktivit\u00e4ten.<\/p>\n<p>Allerdings wird die Gr\u00fcndung eines neuen Unternehmens in der Schweiz weniger als gute Karrierem\u00f6glichkeit wahrgenommen als in anderen innovationsbasierten Volkswirtschaften. Die im internationalen Vergleich leicht tiefere Schweizer Gr\u00fcndungsquote resultiert aus eher wenigen Gr\u00fcndungen aus der Not \u2013 dies u.a. aufgrund der hohen Erwerbsbeteiligung, vergleichsweise geringer Arbeitslosigkeit und guter Verdienstm\u00f6glichkeiten in vielen Berufsgruppen.<\/p>\n<p><strong>Kapitale Herausforderungen <\/strong><\/p>\n<p>Der Bundesrat h\u00e4lt in seinem Bericht fest, dass die Finanzierung f\u00fcr Jungunternehmen eine Herausforderung bleibt. Der Risikokapitalmarkt funktioniert insgesamt, ist aktiv und international stark vernetzt. Beim prozentualen Anteil der Risikokapitalinvestitionen am Bruttoinlandprodukt (BIP) belegt die Schweiz mit 0,044 Prozent im europ\u00e4ischen Vergleich den zweiten Rang hinter Finnland im Jahr 2015, liegt aber deutlich hinter den f\u00fchrenden L\u00e4ndern wie Israel (0,383 Prozent) oder den USA (0,284 Prozent).<\/p>\n<p>Neben den vielf\u00e4ltigen privaten und kantonalen Finanzierungsangeboten bestehen mit dem gewerbeorientierten B\u00fcrgschaftswesen, der Schweizerischen Gesellschaft f\u00fcr Hotelkredit (SGH) und dem Technologiefonds auch auf Bundesebene Angebote f\u00fcr Unternehmen, welche die Aufnahme von Krediten oder Darlehen erleichtern.<\/p>\n<p><strong>Optimierte Trainingsprogramme <\/strong><\/p>\n<p>Die Kommission f\u00fcr Technologie und Innovation KTI f\u00f6rdert mit einem Trainingsprogramm die Unternehmerinnen und Unternehmer von morgen und begleitet junge Firmengr\u00fcnder mit professionellen Coachings. Der Bundesrat sieht deshalb zum heutigen Zeitpunkt keine Notwendigkeit, ein \u00f6ffentliches Finanzierungsprogramm zur Unterst\u00fctzung von Start-ups zu lancieren.<\/p>\n<p><strong>Digitaler &#8222;One-Stop-Shop&#8220;<\/strong><\/p>\n<p>Bis Ende 2017 wird StartBiz durch den \u201eOne-Stop-Shop\u201c abgel\u00f6st, der l\u00e4ngerfristig unter-schiedliche Beh\u00f6rdeng\u00e4nge medienbruchfrei auf bundes-, kantonaler und kommunaler Stufe beinhalten soll. Nach Abschluss des Projekts Ende der Legislaturperiode soll der &#8222;One-Stop-Shop&#8220; laufend ausgebaut werden. Ein solcher &#8222;One-Stop-Shop&#8220; soll f\u00fcr die Unternehmen 24 Stunden, 365 Tage im Jahr verf\u00fcgbar sein und mit einer elektronischen Identit\u00e4t bzw. entsprechenden Zugangsberechtigungen ausgestattet sein.<\/p>\n<p>Zentral ist bei diesem Ansatz, dass er auf den von einzelnen Beh\u00f6rden elektronisch angebotenen Dienstleistungen aufbaut und diese \u00fcber einen virtuellen One-Stop-Shop verbindet.<\/p>\n<p>Der Bundesrat wird auch in Zukunft weitere Verbesserungen pr\u00fcfen, damit die Schweiz die Attraktivit\u00e4t f\u00fcr rasch wachsende Unternehmen und Start-ups bewahren kann.<\/p>\n<p><em>Weitere Daten des Bundesamt f\u00fcr Statistik (BFS) zu den wachstumsstarken Unternehmen, d.h. Start-ups finden Sie unter diesem <a href=\"https:\/\/www.bfs.admin.ch\/bfs\/de\/home\/aktuell\/neue-veroeffentlichungen.assetdetail.2084656.html\">Link<\/a><\/em><\/p>\n<p>&nbsp;<\/p>\n","protected":false},"excerpt":{"rendered":"<p>&nbsp; Der erste Bericht \u00fcber die Situation f\u00fcr Schweizer Start-ups z\u00e4hlt 120 Seiten und Statistiken. Er zeigt Datengrundlagen zu wachstumsstarken Unternehmen. Diese Daten zeichnen auch im internationalen Vergleich ein positives Bild des Schweizer Start-up-\u00d6kosystems. Die Schweiz z\u00e4hlt zu den L\u00e4ndern mit den besten Rahmenbedingungen f\u00fcr unternehmerische Aktivit\u00e4ten. Allerdings wird die Gr\u00fcndung eines neuen Unternehmens in [&hellip;]<\/p>\n","protected":false},"author":5,"featured_media":1724,"comment_status":"open","ping_status":"open","sticky":false,"template":"","format":"standard","meta":{"_acf_changed":false,"_yoast_wpseo_focuskw":"Situation f\u00fcr Schweizer Start-ups","_yoast_wpseo_metadesc":"","articlekey":"","footnotes":""},"categories":[1],"tags":[100,424,450],"class_list":["post-1723","post","type-post","status-publish","format-standard","has-post-thumbnail","hentry","category-allgemein","tag-bundesrat","tag-schweiz","tag-start-ups"],"acf":[],"yoast_head":"<!-- This site is optimized with the Yoast SEO plugin v27.5 - https:\/\/yoast.com\/product\/yoast-seo-wordpress\/ -->\n<title>Situation f\u00fcr Schweizer Start-ups - Organisator<\/title>\n<meta name=\"robots\" content=\"index, follow, max-snippet:-1, max-image-preview:large, max-video-preview:-1\" \/>\n<link rel=\"canonical\" href=\"https:\/\/www.organisator.ch\/de\/allgemein\/2017-04-03\/situation-fuer-schweizer-start-ups\/\" \/>\n<meta property=\"og:locale\" content=\"de_DE\" \/>\n<meta property=\"og:type\" content=\"article\" \/>\n<meta property=\"og:title\" content=\"Situation f\u00fcr Schweizer Start-ups - Organisator\" \/>\n<meta property=\"og:description\" content=\"&nbsp; Der erste Bericht \u00fcber die Situation f\u00fcr Schweizer Start-ups z\u00e4hlt 120 Seiten und Statistiken. Er zeigt Datengrundlagen zu wachstumsstarken Unternehmen. Diese Daten zeichnen auch im internationalen Vergleich ein positives Bild des Schweizer Start-up-\u00d6kosystems. Die Schweiz z\u00e4hlt zu den L\u00e4ndern mit den besten Rahmenbedingungen f\u00fcr unternehmerische Aktivit\u00e4ten. Allerdings wird die Gr\u00fcndung eines neuen Unternehmens in [&hellip;]\" \/>\n<meta property=\"og:url\" content=\"https:\/\/www.organisator.ch\/de\/allgemein\/2017-04-03\/situation-fuer-schweizer-start-ups\/\" \/>\n<meta property=\"og:site_name\" content=\"Organisator\" \/>\n<meta property=\"article:publisher\" content=\"https:\/\/www.facebook.com\/OrganisatorFachmagazin\" \/>\n<meta property=\"article:published_time\" content=\"2017-04-03T09:19:23+00:00\" \/>\n<meta property=\"og:image\" content=\"https:\/\/www.organisator.ch\/wp-content\/uploads\/2017\/04\/Depositphotos_denismagil-1024x799.jpg\" \/>\n\t<meta property=\"og:image:width\" content=\"1024\" \/>\n\t<meta property=\"og:image:height\" content=\"799\" \/>\n\t<meta property=\"og:image:type\" content=\"image\/jpeg\" \/>\n<meta name=\"author\" content=\"michael.merz\" \/>\n<meta name=\"twitter:card\" content=\"summary_large_image\" \/>\n<script type=\"application\/ld+json\" class=\"yoast-schema-graph\">{\"@context\":\"https:\\\/\\\/schema.org\",\"@graph\":[{\"@type\":\"Article\",\"@id\":\"https:\\\/\\\/www.organisator.ch\\\/de\\\/allgemein\\\/2017-04-03\\\/situation-fuer-schweizer-start-ups\\\/#article\",\"isPartOf\":{\"@id\":\"https:\\\/\\\/www.organisator.ch\\\/de\\\/allgemein\\\/2017-04-03\\\/situation-fuer-schweizer-start-ups\\\/\"},\"author\":{\"name\":\"michael.merz\",\"@id\":\"https:\\\/\\\/www.organisator.ch\\\/#\\\/schema\\\/person\\\/134708ca9321c57b0362cceb7948ffbd\"},\"headline\":\"Situation f\u00fcr Schweizer Start-ups\",\"datePublished\":\"2017-04-03T09:19:23+00:00\",\"mainEntityOfPage\":{\"@id\":\"https:\\\/\\\/www.organisator.ch\\\/de\\\/allgemein\\\/2017-04-03\\\/situation-fuer-schweizer-start-ups\\\/\"},\"wordCount\":437,\"commentCount\":0,\"publisher\":{\"@id\":\"https:\\\/\\\/www.organisator.ch\\\/#organization\"},\"image\":{\"@id\":\"https:\\\/\\\/www.organisator.ch\\\/de\\\/allgemein\\\/2017-04-03\\\/situation-fuer-schweizer-start-ups\\\/#primaryimage\"},\"thumbnailUrl\":\"https:\\\/\\\/www.organisator.ch\\\/wp-content\\\/uploads\\\/2017\\\/04\\\/Depositphotos_denismagil.jpg\",\"keywords\":[\"Bundesrat\",\"Schweiz\",\"Start-ups\"],\"inLanguage\":\"de\"},{\"@type\":\"WebPage\",\"@id\":\"https:\\\/\\\/www.organisator.ch\\\/de\\\/allgemein\\\/2017-04-03\\\/situation-fuer-schweizer-start-ups\\\/\",\"url\":\"https:\\\/\\\/www.organisator.ch\\\/de\\\/allgemein\\\/2017-04-03\\\/situation-fuer-schweizer-start-ups\\\/\",\"name\":\"Situation f\u00fcr Schweizer Start-ups - Organisator\",\"isPartOf\":{\"@id\":\"https:\\\/\\\/www.organisator.ch\\\/#website\"},\"primaryImageOfPage\":{\"@id\":\"https:\\\/\\\/www.organisator.ch\\\/de\\\/allgemein\\\/2017-04-03\\\/situation-fuer-schweizer-start-ups\\\/#primaryimage\"},\"image\":{\"@id\":\"https:\\\/\\\/www.organisator.ch\\\/de\\\/allgemein\\\/2017-04-03\\\/situation-fuer-schweizer-start-ups\\\/#primaryimage\"},\"thumbnailUrl\":\"https:\\\/\\\/www.organisator.ch\\\/wp-content\\\/uploads\\\/2017\\\/04\\\/Depositphotos_denismagil.jpg\",\"datePublished\":\"2017-04-03T09:19:23+00:00\",\"breadcrumb\":{\"@id\":\"https:\\\/\\\/www.organisator.ch\\\/de\\\/allgemein\\\/2017-04-03\\\/situation-fuer-schweizer-start-ups\\\/#breadcrumb\"},\"inLanguage\":\"de\",\"potentialAction\":[{\"@type\":\"ReadAction\",\"target\":[\"https:\\\/\\\/www.organisator.ch\\\/de\\\/allgemein\\\/2017-04-03\\\/situation-fuer-schweizer-start-ups\\\/\"]}]},{\"@type\":\"ImageObject\",\"inLanguage\":\"de\",\"@id\":\"https:\\\/\\\/www.organisator.ch\\\/de\\\/allgemein\\\/2017-04-03\\\/situation-fuer-schweizer-start-ups\\\/#primaryimage\",\"url\":\"https:\\\/\\\/www.organisator.ch\\\/wp-content\\\/uploads\\\/2017\\\/04\\\/Depositphotos_denismagil.jpg\",\"contentUrl\":\"https:\\\/\\\/www.organisator.ch\\\/wp-content\\\/uploads\\\/2017\\\/04\\\/Depositphotos_denismagil.jpg\",\"width\":2000,\"height\":1560,\"caption\":\"Die Rahmenbedingungen in der Schweiz sind gut. Die Herausforderung liegt darin, Unternehmen an der Wirtschaftsdynamik und der technologischen Entwicklung anzupassen. (Bild: Depositphotos_enismagil)\"},{\"@type\":\"BreadcrumbList\",\"@id\":\"https:\\\/\\\/www.organisator.ch\\\/de\\\/allgemein\\\/2017-04-03\\\/situation-fuer-schweizer-start-ups\\\/#breadcrumb\",\"itemListElement\":[{\"@type\":\"ListItem\",\"position\":1,\"name\":\"Home\",\"item\":\"https:\\\/\\\/www.organisator.ch\\\/\"},{\"@type\":\"ListItem\",\"position\":2,\"name\":\"Situation f\u00fcr Schweizer Start-ups\"}]},{\"@type\":\"WebSite\",\"@id\":\"https:\\\/\\\/www.organisator.ch\\\/#website\",\"url\":\"https:\\\/\\\/www.organisator.ch\\\/\",\"name\":\"Organisator\",\"description\":\"Kompetent. Praxisnah. Der ORGANISATOR bereitet in 10 Ausgaben pro Jahr die wesentlichen Themen f\u00fcr F\u00fchrungskr\u00e4fte von KMU auf.\",\"publisher\":{\"@id\":\"https:\\\/\\\/www.organisator.ch\\\/#organization\"},\"potentialAction\":[{\"@type\":\"SearchAction\",\"target\":{\"@type\":\"EntryPoint\",\"urlTemplate\":\"https:\\\/\\\/www.organisator.ch\\\/?s={search_term_string}\"},\"query-input\":{\"@type\":\"PropertyValueSpecification\",\"valueRequired\":true,\"valueName\":\"search_term_string\"}}],\"inLanguage\":\"de\"},{\"@type\":\"Organization\",\"@id\":\"https:\\\/\\\/www.organisator.ch\\\/#organization\",\"name\":\"Organisator\",\"url\":\"https:\\\/\\\/www.organisator.ch\\\/\",\"logo\":{\"@type\":\"ImageObject\",\"inLanguage\":\"de\",\"@id\":\"https:\\\/\\\/www.organisator.ch\\\/#\\\/schema\\\/logo\\\/image\\\/\",\"url\":\"https:\\\/\\\/www.organisator.ch\\\/wp-content\\\/uploads\\\/2022\\\/01\\\/Logo_Organisator_Website.png\",\"contentUrl\":\"https:\\\/\\\/www.organisator.ch\\\/wp-content\\\/uploads\\\/2022\\\/01\\\/Logo_Organisator_Website.png\",\"width\":800,\"height\":77,\"caption\":\"Organisator\"},\"image\":{\"@id\":\"https:\\\/\\\/www.organisator.ch\\\/#\\\/schema\\\/logo\\\/image\\\/\"},\"sameAs\":[\"https:\\\/\\\/www.facebook.com\\\/OrganisatorFachmagazin\",\"https:\\\/\\\/www.linkedin.com\\\/showcase\\\/organisator-das-magazin-fr-kmu\",\"https:\\\/\\\/www.xing.com\\\/news\\\/pages\\\/organisator-ch-695\",\"https:\\\/\\\/www.youtube.com\\\/channel\\\/UCGP2Sq0iWaZwT3BdIAQFYpw\"]},{\"@type\":\"Person\",\"@id\":\"https:\\\/\\\/www.organisator.ch\\\/#\\\/schema\\\/person\\\/134708ca9321c57b0362cceb7948ffbd\",\"name\":\"michael.merz\",\"image\":{\"@type\":\"ImageObject\",\"inLanguage\":\"de\",\"@id\":\"https:\\\/\\\/secure.gravatar.com\\\/avatar\\\/?s=96&d=mm&r=g\",\"url\":\"https:\\\/\\\/secure.gravatar.com\\\/avatar\\\/?s=96&d=mm&r=g\",\"contentUrl\":\"https:\\\/\\\/secure.gravatar.com\\\/avatar\\\/?s=96&d=mm&r=g\",\"caption\":\"michael.merz\"},\"url\":\"https:\\\/\\\/www.organisator.ch\\\/de\\\/author\\\/michael-merz\\\/\"}]}<\/script>\n<!-- \/ Yoast SEO plugin. -->","yoast_head_json":{"title":"Situation f\u00fcr Schweizer Start-ups - Organisator","robots":{"index":"index","follow":"follow","max-snippet":"max-snippet:-1","max-image-preview":"max-image-preview:large","max-video-preview":"max-video-preview:-1"},"canonical":"https:\/\/www.organisator.ch\/de\/allgemein\/2017-04-03\/situation-fuer-schweizer-start-ups\/","og_locale":"de_DE","og_type":"article","og_title":"Situation f\u00fcr Schweizer Start-ups - Organisator","og_description":"&nbsp; Der erste Bericht \u00fcber die Situation f\u00fcr Schweizer Start-ups z\u00e4hlt 120 Seiten und Statistiken. Er zeigt Datengrundlagen zu wachstumsstarken Unternehmen. Diese Daten zeichnen auch im internationalen Vergleich ein positives Bild des Schweizer Start-up-\u00d6kosystems. Die Schweiz z\u00e4hlt zu den L\u00e4ndern mit den besten Rahmenbedingungen f\u00fcr unternehmerische Aktivit\u00e4ten. Allerdings wird die Gr\u00fcndung eines neuen Unternehmens in [&hellip;]","og_url":"https:\/\/www.organisator.ch\/de\/allgemein\/2017-04-03\/situation-fuer-schweizer-start-ups\/","og_site_name":"Organisator","article_publisher":"https:\/\/www.facebook.com\/OrganisatorFachmagazin","article_published_time":"2017-04-03T09:19:23+00:00","og_image":[{"width":1024,"height":799,"url":"https:\/\/www.organisator.ch\/wp-content\/uploads\/2017\/04\/Depositphotos_denismagil-1024x799.jpg","type":"image\/jpeg"}],"author":"michael.merz","twitter_card":"summary_large_image","schema":{"@context":"https:\/\/schema.org","@graph":[{"@type":"Article","@id":"https:\/\/www.organisator.ch\/de\/allgemein\/2017-04-03\/situation-fuer-schweizer-start-ups\/#article","isPartOf":{"@id":"https:\/\/www.organisator.ch\/de\/allgemein\/2017-04-03\/situation-fuer-schweizer-start-ups\/"},"author":{"name":"michael.merz","@id":"https:\/\/www.organisator.ch\/#\/schema\/person\/134708ca9321c57b0362cceb7948ffbd"},"headline":"Situation f\u00fcr Schweizer Start-ups","datePublished":"2017-04-03T09:19:23+00:00","mainEntityOfPage":{"@id":"https:\/\/www.organisator.ch\/de\/allgemein\/2017-04-03\/situation-fuer-schweizer-start-ups\/"},"wordCount":437,"commentCount":0,"publisher":{"@id":"https:\/\/www.organisator.ch\/#organization"},"image":{"@id":"https:\/\/www.organisator.ch\/de\/allgemein\/2017-04-03\/situation-fuer-schweizer-start-ups\/#primaryimage"},"thumbnailUrl":"https:\/\/www.organisator.ch\/wp-content\/uploads\/2017\/04\/Depositphotos_denismagil.jpg","keywords":["Bundesrat","Schweiz","Start-ups"],"inLanguage":"de"},{"@type":"WebPage","@id":"https:\/\/www.organisator.ch\/de\/allgemein\/2017-04-03\/situation-fuer-schweizer-start-ups\/","url":"https:\/\/www.organisator.ch\/de\/allgemein\/2017-04-03\/situation-fuer-schweizer-start-ups\/","name":"Situation f\u00fcr Schweizer Start-ups - Organisator","isPartOf":{"@id":"https:\/\/www.organisator.ch\/#website"},"primaryImageOfPage":{"@id":"https:\/\/www.organisator.ch\/de\/allgemein\/2017-04-03\/situation-fuer-schweizer-start-ups\/#primaryimage"},"image":{"@id":"https:\/\/www.organisator.ch\/de\/allgemein\/2017-04-03\/situation-fuer-schweizer-start-ups\/#primaryimage"},"thumbnailUrl":"https:\/\/www.organisator.ch\/wp-content\/uploads\/2017\/04\/Depositphotos_denismagil.jpg","datePublished":"2017-04-03T09:19:23+00:00","breadcrumb":{"@id":"https:\/\/www.organisator.ch\/de\/allgemein\/2017-04-03\/situation-fuer-schweizer-start-ups\/#breadcrumb"},"inLanguage":"de","potentialAction":[{"@type":"ReadAction","target":["https:\/\/www.organisator.ch\/de\/allgemein\/2017-04-03\/situation-fuer-schweizer-start-ups\/"]}]},{"@type":"ImageObject","inLanguage":"de","@id":"https:\/\/www.organisator.ch\/de\/allgemein\/2017-04-03\/situation-fuer-schweizer-start-ups\/#primaryimage","url":"https:\/\/www.organisator.ch\/wp-content\/uploads\/2017\/04\/Depositphotos_denismagil.jpg","contentUrl":"https:\/\/www.organisator.ch\/wp-content\/uploads\/2017\/04\/Depositphotos_denismagil.jpg","width":2000,"height":1560,"caption":"Die Rahmenbedingungen in der Schweiz sind gut. Die Herausforderung liegt darin, Unternehmen an der Wirtschaftsdynamik und der technologischen Entwicklung anzupassen. (Bild: Depositphotos_enismagil)"},{"@type":"BreadcrumbList","@id":"https:\/\/www.organisator.ch\/de\/allgemein\/2017-04-03\/situation-fuer-schweizer-start-ups\/#breadcrumb","itemListElement":[{"@type":"ListItem","position":1,"name":"Home","item":"https:\/\/www.organisator.ch\/"},{"@type":"ListItem","position":2,"name":"Situation f\u00fcr Schweizer Start-ups"}]},{"@type":"WebSite","@id":"https:\/\/www.organisator.ch\/#website","url":"https:\/\/www.organisator.ch\/","name":"Organisator","description":"Kompetent. Praxisnah. Der ORGANISATOR bereitet in 10 Ausgaben pro Jahr die wesentlichen Themen f\u00fcr F\u00fchrungskr\u00e4fte von KMU auf.","publisher":{"@id":"https:\/\/www.organisator.ch\/#organization"},"potentialAction":[{"@type":"SearchAction","target":{"@type":"EntryPoint","urlTemplate":"https:\/\/www.organisator.ch\/?s={search_term_string}"},"query-input":{"@type":"PropertyValueSpecification","valueRequired":true,"valueName":"search_term_string"}}],"inLanguage":"de"},{"@type":"Organization","@id":"https:\/\/www.organisator.ch\/#organization","name":"Organisator","url":"https:\/\/www.organisator.ch\/","logo":{"@type":"ImageObject","inLanguage":"de","@id":"https:\/\/www.organisator.ch\/#\/schema\/logo\/image\/","url":"https:\/\/www.organisator.ch\/wp-content\/uploads\/2022\/01\/Logo_Organisator_Website.png","contentUrl":"https:\/\/www.organisator.ch\/wp-content\/uploads\/2022\/01\/Logo_Organisator_Website.png","width":800,"height":77,"caption":"Organisator"},"image":{"@id":"https:\/\/www.organisator.ch\/#\/schema\/logo\/image\/"},"sameAs":["https:\/\/www.facebook.com\/OrganisatorFachmagazin","https:\/\/www.linkedin.com\/showcase\/organisator-das-magazin-fr-kmu","https:\/\/www.xing.com\/news\/pages\/organisator-ch-695","https:\/\/www.youtube.com\/channel\/UCGP2Sq0iWaZwT3BdIAQFYpw"]},{"@type":"Person","@id":"https:\/\/www.organisator.ch\/#\/schema\/person\/134708ca9321c57b0362cceb7948ffbd","name":"michael.merz","image":{"@type":"ImageObject","inLanguage":"de","@id":"https:\/\/secure.gravatar.com\/avatar\/?s=96&d=mm&r=g","url":"https:\/\/secure.gravatar.com\/avatar\/?s=96&d=mm&r=g","contentUrl":"https:\/\/secure.gravatar.com\/avatar\/?s=96&d=mm&r=g","caption":"michael.merz"},"url":"https:\/\/www.organisator.ch\/de\/author\/michael-merz\/"}]}},"_links":{"self":[{"href":"https:\/\/www.organisator.ch\/de\/wp-json\/wp\/v2\/posts\/1723","targetHints":{"allow":["GET"]}}],"collection":[{"href":"https:\/\/www.organisator.ch\/de\/wp-json\/wp\/v2\/posts"}],"about":[{"href":"https:\/\/www.organisator.ch\/de\/wp-json\/wp\/v2\/types\/post"}],"author":[{"embeddable":true,"href":"https:\/\/www.organisator.ch\/de\/wp-json\/wp\/v2\/users\/5"}],"replies":[{"embeddable":true,"href":"https:\/\/www.organisator.ch\/de\/wp-json\/wp\/v2\/comments?post=1723"}],"version-history":[{"count":0,"href":"https:\/\/www.organisator.ch\/de\/wp-json\/wp\/v2\/posts\/1723\/revisions"}],"wp:featuredmedia":[{"embeddable":true,"href":"https:\/\/www.organisator.ch\/de\/wp-json\/wp\/v2\/media\/1724"}],"wp:attachment":[{"href":"https:\/\/www.organisator.ch\/de\/wp-json\/wp\/v2\/media?parent=1723"}],"wp:term":[{"taxonomy":"category","embeddable":true,"href":"https:\/\/www.organisator.ch\/de\/wp-json\/wp\/v2\/categories?post=1723"},{"taxonomy":"post_tag","embeddable":true,"href":"https:\/\/www.organisator.ch\/de\/wp-json\/wp\/v2\/tags?post=1723"}],"curies":[{"name":"wp","href":"https:\/\/api.w.org\/{rel}","templated":true}]}}