{"id":17248,"date":"2022-10-13T09:25:51","date_gmt":"2022-10-13T07:25:51","guid":{"rendered":"https:\/\/www.organisator.ch\/?p=17248"},"modified":"2022-10-24T11:19:03","modified_gmt":"2022-10-24T09:19:03","slug":"all-dieses-big-und-small-data-zeugs","status":"publish","type":"post","link":"https:\/\/www.organisator.ch\/de\/management\/2022-10-13\/all-dieses-big-und-small-data-zeugs\/","title":{"rendered":"All dieses Big- und Small-Data-Zeugs"},"content":{"rendered":"<figure id=\"attachment_17249\" aria-describedby=\"caption-attachment-17249\" style=\"width: 680px\" class=\"wp-caption alignnone\"><img loading=\"lazy\" decoding=\"async\" class=\"size-full wp-image-17249\" src=\"https:\/\/www.organisator.ch\/wp-content\/uploads\/2022\/10\/All-dieses-Big-und-Small-Data-Zeugs-1_Organisator.jpg\" alt=\"\" width=\"680\" height=\"187\" srcset=\"https:\/\/www.organisator.ch\/wp-content\/uploads\/2022\/10\/All-dieses-Big-und-Small-Data-Zeugs-1_Organisator.jpg 680w, https:\/\/www.organisator.ch\/wp-content\/uploads\/2022\/10\/All-dieses-Big-und-Small-Data-Zeugs-1_Organisator-18x5.jpg 18w, https:\/\/www.organisator.ch\/wp-content\/uploads\/2022\/10\/All-dieses-Big-und-Small-Data-Zeugs-1_Organisator-375x103.jpg 375w, https:\/\/www.organisator.ch\/wp-content\/uploads\/2022\/10\/All-dieses-Big-und-Small-Data-Zeugs-1_Organisator-300x83.jpg 300w\" sizes=\"auto, (max-width: 680px) 100vw, 680px\" \/><figcaption id=\"caption-attachment-17249\" class=\"wp-caption-text\">Berechnungen, Auswertungen, Analysen &#8211; wie sinnvoll sind die tats\u00e4chlich? Mit einem Augenzwinkern n\u00e4hert sich der Experte dem Thema. (Bild: AdobeStock)<\/figcaption><\/figure>\n<p>Das fragt sich auch Hannes. Der 49-j\u00e4hrige studierte Betriebswirt ist Produktionsleiter und Mitglied der Gesch\u00e4ftsleitung eines internationalen Industriekonzerns. Er gew\u00e4hrt einen Einblick, was auf der Management-Etage eigentlich so gedacht und getan wird. \u00dcbrigens: Ein Schmunzeln aufgrund dieser Business-Satire ist durchaus erlaubt\u2026<\/p>\n<p>Korrelationen und Wahrscheinlichkeitsrechnungen, Statistiken und Machbarkeitsarithmetik haben Diskussionen \u00fcber Vor- und Nachteile abgel\u00f6st. Man will nicht einfach aus dem Bauch heraus irgendetwas tun, sondern alles soll eine solide Basis haben. Das w\u00e4re ja noch sch\u00f6ner, wenn man einfach beispielsweise die Wahl der Farbe des neuen Logos einfach so mal nach \u201egef\u00e4llt mir mehr\u201c oder \u201egef\u00e4llt mir weniger\u201c f\u00e4llen w\u00fcrde.<\/p>\n<p>Da dienen heute psychologische Gutachten, die beschreiben, welche Emotionen welche Farben bei wem zu welcher Gelegenheit ausl\u00f6sen. Daten skizzieren, welche der Farben bei den Mitbewerbern, die auch wirklich erfolgreich sind (was in sich auch wieder mit Zahlen fundiert werden kann), am meisten schon vorkommen und man sich dann nicht mehr abheben kann.<\/p>\n<p>Nun hat das Gesch\u00e4ftsleitungsgremium beschlossen, auf diesem Pfad, dessen erfolgreiche Zeit sich selbstverst\u00e4ndlich auch mit einem zehnseitigen Bericht mit je etwa f\u00fcnf Tabellen, 18 Kuchendiagrammen und nachgez\u00e4hlten rund 100 Zahlenangaben beweisen l\u00e4sst, weiterzufahren.<\/p>\n<h3>Vertieften Analysen f\u00fcr Soft-Faktoren<\/h3>\n<p>Hannes darf als Leiter der Produktion, die an sich pr\u00e4destiniert ist, Berechnungen anzustellen, den internen Markt beleuchten und hinterfragen. Produktionstechnisch ist zwar seit langem klar, wie viele IT-Pannen die entsprechende Abteilung pro Tag l\u00f6sen muss, an welchen Wochentagen die Schwerpunkte liegen. Klar ist auch, nach welchen Feiertagen am meisten Krankenabwesenheiten zu verzeichnen sind. Belegt ist ebenfalls schon seit l\u00e4ngerem, wie lange sich der durchschnittliche Besuch in Betriebskantine, Raucherecke und Toiletten hinzieht. Die Auswertung zeigt S\u00e4ulen f\u00fcr Mitarbeiter, Alters- und Hierarchiegruppen separiert.<\/p>\n<p>Hannes ist sich zwar nicht ganz im Klaren, was man mit all dem Big- und Small-Data-Zeugs macht, aber gut ist sicherlich schon, wenn man das alles wei\u00df&#8230; Nun geht es um die Zufriedenheit und die weichen Faktoren. Man soll nicht nur wissen, wie lange die durchschnittlichen Smalltalk-Gespr\u00e4che beim Warten an den Aufz\u00fcgen zum Personalrestaurant dauern, sondern wie zufrieden das Warten vor der Kaffeemaschine gemacht hat, wenn man zuschaut, wie sich die mittlere, dunkle oder helle Mokka-Mischung mit der Milch f\u00fcr den Cappuccino vereinigt.<\/p>\n<figure id=\"attachment_17250\" aria-describedby=\"caption-attachment-17250\" style=\"width: 680px\" class=\"wp-caption alignnone\"><img loading=\"lazy\" decoding=\"async\" class=\"size-full wp-image-17250\" src=\"https:\/\/www.organisator.ch\/wp-content\/uploads\/2022\/10\/All-dieses-Big-und-Small-Data-Zeugs-2_Organisator.jpg\" alt=\"\" width=\"680\" height=\"210\" srcset=\"https:\/\/www.organisator.ch\/wp-content\/uploads\/2022\/10\/All-dieses-Big-und-Small-Data-Zeugs-2_Organisator.jpg 680w, https:\/\/www.organisator.ch\/wp-content\/uploads\/2022\/10\/All-dieses-Big-und-Small-Data-Zeugs-2_Organisator-18x6.jpg 18w, https:\/\/www.organisator.ch\/wp-content\/uploads\/2022\/10\/All-dieses-Big-und-Small-Data-Zeugs-2_Organisator-375x116.jpg 375w, https:\/\/www.organisator.ch\/wp-content\/uploads\/2022\/10\/All-dieses-Big-und-Small-Data-Zeugs-2_Organisator-300x93.jpg 300w\" sizes=\"auto, (max-width: 680px) 100vw, 680px\" \/><figcaption id=\"caption-attachment-17250\" class=\"wp-caption-text\">K\u00f6nnen Bewertungs-Box und Voting-Apparat die Effektivit\u00e4t im Betrieb erh\u00f6hen? Oder zumindest die Zufriedenheit gegen\u00fcber der Kaffee-Qualit\u00e4t? (Bild: AdobeStock)<\/figcaption><\/figure>\n<h3>Jetzt wird gevotet, was das Zeug h\u00e4lt<\/h3>\n<p>Also beginnt Hannes, systematisch Orte zu bezeichnen, wo unmittelbar eine Bewertungs-Box hingestellt werden soll. Die Bewertungsbox \u201eVotix\u201c ist ein selbst produzierter kleiner Voting-Apparat auf einer Dreibeinst\u00fctze und den beliebten, gro\u00dfen Buttons mit den drei Smileys \u201el\u00e4cheln\u201c, \u201eneutral\u201c, \u201ew\u00fctend\u201c. Alternativ wird es auch eine Smartphone-App geben, wo gleiches bewertet werden kann.<\/p>\n<p>Konkret ist somit ist der Vorgang beschrieben: Wer die Kaffeetasse der Maschine wieder entnimmt, wird sofort per App aufgefordert (oder macht es manuell an der Votix), die Zufriedenheit des Kaffeeoutputs zu bewerten. So geht es weiter. Man darf voten, wie sauber die Toiletten empfunden wurden, wie kompetent die IT-Supporter das Problem l\u00f6sten, wie z\u00fcgig die Kollegin am Empfang die Besucher-Karten ausgef\u00fcllt hat, wie zufrieden man mit dem Duft des neuen Reinigungsmittels der Tiefgarage ist, was man von der Anlaufzeit der neuen Klima-Anlage im Sitzungszimmer h\u00e4lt.<\/p>\n<h3>Zwischen Votix, WhatsApp und 4,316 Minuten Toilettengang<\/h3>\n<p>Selbstverst\u00e4ndlich baut Hannes im Prozess und den entsprechenden Steuerungsprogrammen auch noch eine Sicherheitsschlaufe ein. Da jegliche Voting-Stationen den Personal-Badge erkennen, wei\u00df man auch, wer vergessen hat, zu beurteilen. Diese Person erh\u00e4lt demnach eine Stunde nach dem Toilettengang eine WhatsApp und eine E-Mail mit dem Text: \u201eVor kurzen durften wir Sie auf unseren Toiletten begr\u00fc\u00dfen. Ihr Besuch dauerte 4,316 Minuten und der Wasserverbrauch war durchschnittlich. Es freut uns, wenn Sie uns noch beurteilen. Danke, Ihr Hausdienst\u201c.<\/p>\n<p>Hannes ist beruhigt, mit relativ einfachen Mitteln geschafft zu haben, wor\u00fcber man sich schon lange Sorgen macht. Sind die Mitarbeiter tats\u00e4chlich mit den peripheren, internen Dienstleistungen zufrieden? Was die Zahlen dann wirklich aussagen, das herauszufiltern, ist ein Projekt f\u00fcrs n\u00e4chste Jahr und was allf\u00e4llige Folgen davon sind, reicht auch, wenn das bis ins \u00fcbern\u00e4chste Jahr noch reifen kann. Man muss ja nichts \u00fcberst\u00fcrzen, gerade bei solch strategisch wichtigen digitalen Konzepten\u2026<\/p>\n<h3>Fachliches Fazit<\/h3>\n<p>\u201eZ\u00e4hlen und Messen ist die Grundlage der fruchtbarsten, sichersten und genauesten wissenschaftlichen Methoden\u201c, schrieb Hermann von Helmholtz im Jahr 1879. Wer h\u00e4tte gedacht, wie recht der Physiologe und Physiker von einst bekommen wird. In der Zeit, als Thomas A. Edison die erste Gl\u00fchlampe zu leuchten brachte und der Salpeterkrieg in S\u00fcdamerika herrschte, hat er vorweggenommen, was 140 Jahre sp\u00e4ter zum Mantra in Unternehmen geworden ist: Nur was in Zahlen messbar ist, gibt es. Das eigentliche Controllerdenken ist im Sog von Balanced Scorecards und \u00e4hnlichen Aspekten zur Vernunfterkl\u00e4rung geworden. Selbst das, was eigentlich nicht messbar ist, wie \u201eMotivation\u201c oder \u201eZufriedenheit\u201c, wird in eine Skala gequetscht.<\/p>\n<p>Die Sehnsucht nach Objektivit\u00e4t ist das eine, das Verstecken hinter Zahlen ist das andere. Wer schlechte Zahlen liefert, dem muss man nicht erkl\u00e4ren, warum einem sein Einsatz nicht passt. Man l\u00e4sst die Zahlen sprechen und das entbietet den Manager von heute, dass er \u201eselbst\u201c artikulieren sollte, was er als Feedback geben m\u00fcsste. Jegliche Art von Leistungsbeurteilung wird \u00fcber den Leisten des in Zahlen Messbaren geschlagen.<\/p>\n<p>Nun sind weder Zahlen noch das Messen schlecht, aber der Umgang mit dem Gemessenen l\u00e4sst wohl tats\u00e4chlich noch etwas Spielraum zum Besseren. Es fehlt der Referenzpunkt, und dann nimmt man ihn von nebenan und tauft ihn Benchmark. \u201eNicht alles, was z\u00e4hlt, kann gez\u00e4hlt werden, und nicht alles, was gez\u00e4hlt werden kann, z\u00e4hlt.\u201c So formulierte es Albert Einstein.<\/p>\n<p>Als Effekt dieser Messmanie geht das gute Augenma\u00df gerne verloren. Eine so genannte Scheinobjektivit\u00e4t dient h\u00e4ufig als Deckmantel f\u00fcr Subjektivit\u00e4t und klare Erwartungshaltung. Protagoras&#8216; ber\u00fchmter Satz \u201eDer Mensch ist das Mass aller Dinge\u201c gibt uns die Richtung vor. Er setzt den Menschen als Interpret vor die Dinge. Jede Wahrnehmung ist von der Perspektive abh\u00e4ngig.<\/p>\n<p><em><strong>Zum Autor:<\/strong><br \/>\nStefan H\u00e4seli ist Experte f\u00fcr glaubw\u00fcrdige Kommunikation, Keynote-Speaker, Moderator und Autor mehrerer B\u00fccher. Als ausgebildeter Schauspieler mit jahrelanger B\u00fchnenerfahrung schreibt er ganze Abendprogramme selbst. Dazu kommen Engagements in Kinofilmen, TV-Serien, TV-Werbespots und Schulungsfilmen. Er betreibt ein Trainingsunternehmen in der Schweiz. <\/em><em>Hier gibt es ein Video zu seinem neuen Buch und zum dazugeh\u00f6rigen B\u00fchnenprogramm:<\/em><br \/>\n<em><a href=\"https:\/\/vimeo.com\/727264868\/743d56ee23\" target=\"_blank\" rel=\"noopener\">https:\/\/vimeo.com\/727264868\/743d56ee23<\/a><\/em><\/p>\n","protected":false},"excerpt":{"rendered":"<p>Das fragt sich auch Hannes. Der 49-j\u00e4hrige studierte Betriebswirt ist Produktionsleiter und Mitglied der Gesch\u00e4ftsleitung eines internationalen Industriekonzerns. Er gew\u00e4hrt einen Einblick, was auf der Management-Etage eigentlich so gedacht und getan wird. \u00dcbrigens: Ein Schmunzeln aufgrund dieser Business-Satire ist durchaus erlaubt\u2026 Korrelationen und Wahrscheinlichkeitsrechnungen, Statistiken und Machbarkeitsarithmetik haben Diskussionen \u00fcber Vor- und Nachteile abgel\u00f6st. Man [&hellip;]<\/p>\n","protected":false},"author":4,"featured_media":17250,"comment_status":"closed","ping_status":"closed","sticky":false,"template":"","format":"standard","meta":{"_acf_changed":false,"_yoast_wpseo_focuskw":"Small-Data-Zeugs","_yoast_wpseo_metadesc":"All dieses Big- und Small-Data-Zeugs: Ein satirischer Beitrag dar\u00fcber, was passiert, wenn sich im Unternehmen alles nur um Zahlen dreht.","articlekey":"","footnotes":""},"categories":[28],"tags":[80,3443,335],"class_list":["post-17248","post","type-post","status-publish","format-standard","has-post-thumbnail","hentry","category-management","tag-big-data","tag-kpi","tag-management-und-unternehmensfuehrung"],"acf":[],"yoast_head":"<!-- This site is optimized with the Yoast SEO plugin v27.5 - https:\/\/yoast.com\/product\/yoast-seo-wordpress\/ -->\n<title>All dieses Big- und Small-Data-Zeugs - Organisator<\/title>\n<meta name=\"description\" content=\"All dieses Big- und Small-Data-Zeugs: Ein satirischer Beitrag dar\u00fcber, was passiert, wenn sich im Unternehmen alles nur um Zahlen dreht.\" \/>\n<meta name=\"robots\" content=\"index, follow, max-snippet:-1, max-image-preview:large, max-video-preview:-1\" \/>\n<link rel=\"canonical\" href=\"https:\/\/www.organisator.ch\/de\/management\/2022-10-13\/all-dieses-big-und-small-data-zeugs\/\" \/>\n<meta property=\"og:locale\" content=\"de_DE\" \/>\n<meta property=\"og:type\" content=\"article\" \/>\n<meta property=\"og:title\" content=\"All dieses Big- und Small-Data-Zeugs\" \/>\n<meta property=\"og:description\" content=\"All dieses Big- und Small-Data-Zeugs: Ein satirischer Beitrag dar\u00fcber, was passiert, wenn sich im Unternehmen alles nur um Zahlen dreht.\" \/>\n<meta property=\"og:url\" content=\"https:\/\/www.organisator.ch\/de\/management\/2022-10-13\/all-dieses-big-und-small-data-zeugs\/\" \/>\n<meta property=\"og:site_name\" content=\"Organisator\" \/>\n<meta property=\"article:publisher\" content=\"https:\/\/www.facebook.com\/OrganisatorFachmagazin\" \/>\n<meta property=\"article:published_time\" content=\"2022-10-13T07:25:51+00:00\" \/>\n<meta property=\"article:modified_time\" content=\"2022-10-24T09:19:03+00:00\" \/>\n<meta property=\"og:image\" content=\"https:\/\/www.organisator.ch\/wp-content\/uploads\/2022\/10\/All-dieses-Big-und-Small-Data-Zeugs-2_Organisator.jpg\" \/>\n\t<meta property=\"og:image:width\" content=\"680\" \/>\n\t<meta property=\"og:image:height\" content=\"210\" \/>\n\t<meta property=\"og:image:type\" content=\"image\/jpeg\" \/>\n<meta name=\"author\" content=\"thomas.berner\" \/>\n<meta name=\"twitter:card\" content=\"summary_large_image\" \/>\n<meta name=\"twitter:title\" content=\"All dieses #Big- und #Small-Data-Zeugs\" \/>\n<meta name=\"twitter:description\" content=\"All dieses Big- und #Small-Data-Zeugs: Ein satirischer Beitrag dar\u00fcber, was passiert, wenn sich im #Unternehmen alles nur um #Zahlen dreht.\" \/>\n<meta name=\"twitter:image\" content=\"https:\/\/www.organisator.ch\/wp-content\/uploads\/2022\/10\/All-dieses-Big-und-Small-Data-Zeugs-2_Organisator.jpg\" \/>\n<script type=\"application\/ld+json\" class=\"yoast-schema-graph\">{\"@context\":\"https:\\\/\\\/schema.org\",\"@graph\":[{\"@type\":\"Article\",\"@id\":\"https:\\\/\\\/www.organisator.ch\\\/management\\\/2022-10-13\\\/all-dieses-big-und-small-data-zeugs\\\/#article\",\"isPartOf\":{\"@id\":\"https:\\\/\\\/www.organisator.ch\\\/management\\\/2022-10-13\\\/all-dieses-big-und-small-data-zeugs\\\/\"},\"author\":{\"name\":\"thomas.berner\",\"@id\":\"https:\\\/\\\/www.organisator.ch\\\/#\\\/schema\\\/person\\\/6f650f90b2842cd4c0cc334b4e36f67e\"},\"headline\":\"All dieses Big- und Small-Data-Zeugs\",\"datePublished\":\"2022-10-13T07:25:51+00:00\",\"dateModified\":\"2022-10-24T09:19:03+00:00\",\"mainEntityOfPage\":{\"@id\":\"https:\\\/\\\/www.organisator.ch\\\/management\\\/2022-10-13\\\/all-dieses-big-und-small-data-zeugs\\\/\"},\"wordCount\":1120,\"publisher\":{\"@id\":\"https:\\\/\\\/www.organisator.ch\\\/#organization\"},\"image\":{\"@id\":\"https:\\\/\\\/www.organisator.ch\\\/management\\\/2022-10-13\\\/all-dieses-big-und-small-data-zeugs\\\/#primaryimage\"},\"thumbnailUrl\":\"https:\\\/\\\/www.organisator.ch\\\/wp-content\\\/uploads\\\/2022\\\/10\\\/All-dieses-Big-und-Small-Data-Zeugs-2_Organisator.jpg\",\"keywords\":[\"Big Data\",\"KPI\",\"Management und Unternehmensf\u00fchrung\"],\"articleSection\":[\"MANAGEMENT\"],\"inLanguage\":\"de\"},{\"@type\":\"WebPage\",\"@id\":\"https:\\\/\\\/www.organisator.ch\\\/management\\\/2022-10-13\\\/all-dieses-big-und-small-data-zeugs\\\/\",\"url\":\"https:\\\/\\\/www.organisator.ch\\\/management\\\/2022-10-13\\\/all-dieses-big-und-small-data-zeugs\\\/\",\"name\":\"All dieses Big- und Small-Data-Zeugs - Organisator\",\"isPartOf\":{\"@id\":\"https:\\\/\\\/www.organisator.ch\\\/#website\"},\"primaryImageOfPage\":{\"@id\":\"https:\\\/\\\/www.organisator.ch\\\/management\\\/2022-10-13\\\/all-dieses-big-und-small-data-zeugs\\\/#primaryimage\"},\"image\":{\"@id\":\"https:\\\/\\\/www.organisator.ch\\\/management\\\/2022-10-13\\\/all-dieses-big-und-small-data-zeugs\\\/#primaryimage\"},\"thumbnailUrl\":\"https:\\\/\\\/www.organisator.ch\\\/wp-content\\\/uploads\\\/2022\\\/10\\\/All-dieses-Big-und-Small-Data-Zeugs-2_Organisator.jpg\",\"datePublished\":\"2022-10-13T07:25:51+00:00\",\"dateModified\":\"2022-10-24T09:19:03+00:00\",\"description\":\"All dieses Big- und Small-Data-Zeugs: Ein satirischer Beitrag dar\u00fcber, was passiert, wenn sich im Unternehmen alles nur um Zahlen dreht.\",\"breadcrumb\":{\"@id\":\"https:\\\/\\\/www.organisator.ch\\\/management\\\/2022-10-13\\\/all-dieses-big-und-small-data-zeugs\\\/#breadcrumb\"},\"inLanguage\":\"de\",\"potentialAction\":[{\"@type\":\"ReadAction\",\"target\":[\"https:\\\/\\\/www.organisator.ch\\\/management\\\/2022-10-13\\\/all-dieses-big-und-small-data-zeugs\\\/\"]}]},{\"@type\":\"ImageObject\",\"inLanguage\":\"de\",\"@id\":\"https:\\\/\\\/www.organisator.ch\\\/management\\\/2022-10-13\\\/all-dieses-big-und-small-data-zeugs\\\/#primaryimage\",\"url\":\"https:\\\/\\\/www.organisator.ch\\\/wp-content\\\/uploads\\\/2022\\\/10\\\/All-dieses-Big-und-Small-Data-Zeugs-2_Organisator.jpg\",\"contentUrl\":\"https:\\\/\\\/www.organisator.ch\\\/wp-content\\\/uploads\\\/2022\\\/10\\\/All-dieses-Big-und-Small-Data-Zeugs-2_Organisator.jpg\",\"width\":680,\"height\":210,\"caption\":\"K\u00f6nnen Bewertungs-Box und Voting-Apparat die Effektivit\u00e4t im Betrieb erh\u00f6hen? Oder zumindest die Zufriedenheit gegen\u00fcber der Kaffee-Qualit\u00e4t? (Bild: AdobeStock)\"},{\"@type\":\"BreadcrumbList\",\"@id\":\"https:\\\/\\\/www.organisator.ch\\\/management\\\/2022-10-13\\\/all-dieses-big-und-small-data-zeugs\\\/#breadcrumb\",\"itemListElement\":[{\"@type\":\"ListItem\",\"position\":1,\"name\":\"Home\",\"item\":\"https:\\\/\\\/www.organisator.ch\\\/\"},{\"@type\":\"ListItem\",\"position\":2,\"name\":\"All dieses Big- und Small-Data-Zeugs\"}]},{\"@type\":\"WebSite\",\"@id\":\"https:\\\/\\\/www.organisator.ch\\\/#website\",\"url\":\"https:\\\/\\\/www.organisator.ch\\\/\",\"name\":\"Organisator\",\"description\":\"Kompetent. Praxisnah. Der ORGANISATOR bereitet in 10 Ausgaben pro Jahr die wesentlichen Themen f\u00fcr F\u00fchrungskr\u00e4fte von KMU auf.\",\"publisher\":{\"@id\":\"https:\\\/\\\/www.organisator.ch\\\/#organization\"},\"potentialAction\":[{\"@type\":\"SearchAction\",\"target\":{\"@type\":\"EntryPoint\",\"urlTemplate\":\"https:\\\/\\\/www.organisator.ch\\\/?s={search_term_string}\"},\"query-input\":{\"@type\":\"PropertyValueSpecification\",\"valueRequired\":true,\"valueName\":\"search_term_string\"}}],\"inLanguage\":\"de\"},{\"@type\":\"Organization\",\"@id\":\"https:\\\/\\\/www.organisator.ch\\\/#organization\",\"name\":\"Organisator\",\"url\":\"https:\\\/\\\/www.organisator.ch\\\/\",\"logo\":{\"@type\":\"ImageObject\",\"inLanguage\":\"de\",\"@id\":\"https:\\\/\\\/www.organisator.ch\\\/#\\\/schema\\\/logo\\\/image\\\/\",\"url\":\"https:\\\/\\\/www.organisator.ch\\\/wp-content\\\/uploads\\\/2022\\\/01\\\/Logo_Organisator_Website.png\",\"contentUrl\":\"https:\\\/\\\/www.organisator.ch\\\/wp-content\\\/uploads\\\/2022\\\/01\\\/Logo_Organisator_Website.png\",\"width\":800,\"height\":77,\"caption\":\"Organisator\"},\"image\":{\"@id\":\"https:\\\/\\\/www.organisator.ch\\\/#\\\/schema\\\/logo\\\/image\\\/\"},\"sameAs\":[\"https:\\\/\\\/www.facebook.com\\\/OrganisatorFachmagazin\",\"https:\\\/\\\/www.linkedin.com\\\/showcase\\\/organisator-das-magazin-fr-kmu\",\"https:\\\/\\\/www.xing.com\\\/news\\\/pages\\\/organisator-ch-695\",\"https:\\\/\\\/www.youtube.com\\\/channel\\\/UCGP2Sq0iWaZwT3BdIAQFYpw\"]},{\"@type\":\"Person\",\"@id\":\"https:\\\/\\\/www.organisator.ch\\\/#\\\/schema\\\/person\\\/6f650f90b2842cd4c0cc334b4e36f67e\",\"name\":\"thomas.berner\",\"image\":{\"@type\":\"ImageObject\",\"inLanguage\":\"de\",\"@id\":\"https:\\\/\\\/secure.gravatar.com\\\/avatar\\\/ac5001d2a36cb6c6cd3e50789007ffca834b477b74a2144564522e944eabff61?s=96&d=mm&r=g\",\"url\":\"https:\\\/\\\/secure.gravatar.com\\\/avatar\\\/ac5001d2a36cb6c6cd3e50789007ffca834b477b74a2144564522e944eabff61?s=96&d=mm&r=g\",\"contentUrl\":\"https:\\\/\\\/secure.gravatar.com\\\/avatar\\\/ac5001d2a36cb6c6cd3e50789007ffca834b477b74a2144564522e944eabff61?s=96&d=mm&r=g\",\"caption\":\"thomas.berner\"},\"url\":\"https:\\\/\\\/www.organisator.ch\\\/de\\\/author\\\/thomas-berner\\\/\"}]}<\/script>\n<!-- \/ Yoast SEO plugin. -->","yoast_head_json":{"title":"All dieses Big- und Small-Data-Zeugs - Organisator","description":"All dieses Big- und Small-Data-Zeugs: Ein satirischer Beitrag dar\u00fcber, was passiert, wenn sich im Unternehmen alles nur um Zahlen dreht.","robots":{"index":"index","follow":"follow","max-snippet":"max-snippet:-1","max-image-preview":"max-image-preview:large","max-video-preview":"max-video-preview:-1"},"canonical":"https:\/\/www.organisator.ch\/de\/management\/2022-10-13\/all-dieses-big-und-small-data-zeugs\/","og_locale":"de_DE","og_type":"article","og_title":"All dieses Big- und Small-Data-Zeugs","og_description":"All dieses Big- und Small-Data-Zeugs: Ein satirischer Beitrag dar\u00fcber, was passiert, wenn sich im Unternehmen alles nur um Zahlen dreht.","og_url":"https:\/\/www.organisator.ch\/de\/management\/2022-10-13\/all-dieses-big-und-small-data-zeugs\/","og_site_name":"Organisator","article_publisher":"https:\/\/www.facebook.com\/OrganisatorFachmagazin","article_published_time":"2022-10-13T07:25:51+00:00","article_modified_time":"2022-10-24T09:19:03+00:00","og_image":[{"width":680,"height":210,"url":"https:\/\/www.organisator.ch\/wp-content\/uploads\/2022\/10\/All-dieses-Big-und-Small-Data-Zeugs-2_Organisator.jpg","type":"image\/jpeg"}],"author":"thomas.berner","twitter_card":"summary_large_image","twitter_title":"All dieses #Big- und #Small-Data-Zeugs","twitter_description":"All dieses Big- und #Small-Data-Zeugs: Ein satirischer Beitrag dar\u00fcber, was passiert, wenn sich im #Unternehmen alles nur um #Zahlen dreht.","twitter_image":"https:\/\/www.organisator.ch\/wp-content\/uploads\/2022\/10\/All-dieses-Big-und-Small-Data-Zeugs-2_Organisator.jpg","schema":{"@context":"https:\/\/schema.org","@graph":[{"@type":"Article","@id":"https:\/\/www.organisator.ch\/management\/2022-10-13\/all-dieses-big-und-small-data-zeugs\/#article","isPartOf":{"@id":"https:\/\/www.organisator.ch\/management\/2022-10-13\/all-dieses-big-und-small-data-zeugs\/"},"author":{"name":"thomas.berner","@id":"https:\/\/www.organisator.ch\/#\/schema\/person\/6f650f90b2842cd4c0cc334b4e36f67e"},"headline":"All dieses Big- und Small-Data-Zeugs","datePublished":"2022-10-13T07:25:51+00:00","dateModified":"2022-10-24T09:19:03+00:00","mainEntityOfPage":{"@id":"https:\/\/www.organisator.ch\/management\/2022-10-13\/all-dieses-big-und-small-data-zeugs\/"},"wordCount":1120,"publisher":{"@id":"https:\/\/www.organisator.ch\/#organization"},"image":{"@id":"https:\/\/www.organisator.ch\/management\/2022-10-13\/all-dieses-big-und-small-data-zeugs\/#primaryimage"},"thumbnailUrl":"https:\/\/www.organisator.ch\/wp-content\/uploads\/2022\/10\/All-dieses-Big-und-Small-Data-Zeugs-2_Organisator.jpg","keywords":["Big Data","KPI","Management und Unternehmensf\u00fchrung"],"articleSection":["MANAGEMENT"],"inLanguage":"de"},{"@type":"WebPage","@id":"https:\/\/www.organisator.ch\/management\/2022-10-13\/all-dieses-big-und-small-data-zeugs\/","url":"https:\/\/www.organisator.ch\/management\/2022-10-13\/all-dieses-big-und-small-data-zeugs\/","name":"All dieses Big- und Small-Data-Zeugs - Organisator","isPartOf":{"@id":"https:\/\/www.organisator.ch\/#website"},"primaryImageOfPage":{"@id":"https:\/\/www.organisator.ch\/management\/2022-10-13\/all-dieses-big-und-small-data-zeugs\/#primaryimage"},"image":{"@id":"https:\/\/www.organisator.ch\/management\/2022-10-13\/all-dieses-big-und-small-data-zeugs\/#primaryimage"},"thumbnailUrl":"https:\/\/www.organisator.ch\/wp-content\/uploads\/2022\/10\/All-dieses-Big-und-Small-Data-Zeugs-2_Organisator.jpg","datePublished":"2022-10-13T07:25:51+00:00","dateModified":"2022-10-24T09:19:03+00:00","description":"All dieses Big- und Small-Data-Zeugs: Ein satirischer Beitrag dar\u00fcber, was passiert, wenn sich im Unternehmen alles nur um Zahlen dreht.","breadcrumb":{"@id":"https:\/\/www.organisator.ch\/management\/2022-10-13\/all-dieses-big-und-small-data-zeugs\/#breadcrumb"},"inLanguage":"de","potentialAction":[{"@type":"ReadAction","target":["https:\/\/www.organisator.ch\/management\/2022-10-13\/all-dieses-big-und-small-data-zeugs\/"]}]},{"@type":"ImageObject","inLanguage":"de","@id":"https:\/\/www.organisator.ch\/management\/2022-10-13\/all-dieses-big-und-small-data-zeugs\/#primaryimage","url":"https:\/\/www.organisator.ch\/wp-content\/uploads\/2022\/10\/All-dieses-Big-und-Small-Data-Zeugs-2_Organisator.jpg","contentUrl":"https:\/\/www.organisator.ch\/wp-content\/uploads\/2022\/10\/All-dieses-Big-und-Small-Data-Zeugs-2_Organisator.jpg","width":680,"height":210,"caption":"K\u00f6nnen Bewertungs-Box und Voting-Apparat die Effektivit\u00e4t im Betrieb erh\u00f6hen? Oder zumindest die Zufriedenheit gegen\u00fcber der Kaffee-Qualit\u00e4t? (Bild: AdobeStock)"},{"@type":"BreadcrumbList","@id":"https:\/\/www.organisator.ch\/management\/2022-10-13\/all-dieses-big-und-small-data-zeugs\/#breadcrumb","itemListElement":[{"@type":"ListItem","position":1,"name":"Home","item":"https:\/\/www.organisator.ch\/"},{"@type":"ListItem","position":2,"name":"All dieses Big- und Small-Data-Zeugs"}]},{"@type":"WebSite","@id":"https:\/\/www.organisator.ch\/#website","url":"https:\/\/www.organisator.ch\/","name":"Organisator","description":"Kompetent. Praxisnah. Der ORGANISATOR bereitet in 10 Ausgaben pro Jahr die wesentlichen Themen f\u00fcr F\u00fchrungskr\u00e4fte von KMU auf.","publisher":{"@id":"https:\/\/www.organisator.ch\/#organization"},"potentialAction":[{"@type":"SearchAction","target":{"@type":"EntryPoint","urlTemplate":"https:\/\/www.organisator.ch\/?s={search_term_string}"},"query-input":{"@type":"PropertyValueSpecification","valueRequired":true,"valueName":"search_term_string"}}],"inLanguage":"de"},{"@type":"Organization","@id":"https:\/\/www.organisator.ch\/#organization","name":"Organisator","url":"https:\/\/www.organisator.ch\/","logo":{"@type":"ImageObject","inLanguage":"de","@id":"https:\/\/www.organisator.ch\/#\/schema\/logo\/image\/","url":"https:\/\/www.organisator.ch\/wp-content\/uploads\/2022\/01\/Logo_Organisator_Website.png","contentUrl":"https:\/\/www.organisator.ch\/wp-content\/uploads\/2022\/01\/Logo_Organisator_Website.png","width":800,"height":77,"caption":"Organisator"},"image":{"@id":"https:\/\/www.organisator.ch\/#\/schema\/logo\/image\/"},"sameAs":["https:\/\/www.facebook.com\/OrganisatorFachmagazin","https:\/\/www.linkedin.com\/showcase\/organisator-das-magazin-fr-kmu","https:\/\/www.xing.com\/news\/pages\/organisator-ch-695","https:\/\/www.youtube.com\/channel\/UCGP2Sq0iWaZwT3BdIAQFYpw"]},{"@type":"Person","@id":"https:\/\/www.organisator.ch\/#\/schema\/person\/6f650f90b2842cd4c0cc334b4e36f67e","name":"thomas.berner","image":{"@type":"ImageObject","inLanguage":"de","@id":"https:\/\/secure.gravatar.com\/avatar\/ac5001d2a36cb6c6cd3e50789007ffca834b477b74a2144564522e944eabff61?s=96&d=mm&r=g","url":"https:\/\/secure.gravatar.com\/avatar\/ac5001d2a36cb6c6cd3e50789007ffca834b477b74a2144564522e944eabff61?s=96&d=mm&r=g","contentUrl":"https:\/\/secure.gravatar.com\/avatar\/ac5001d2a36cb6c6cd3e50789007ffca834b477b74a2144564522e944eabff61?s=96&d=mm&r=g","caption":"thomas.berner"},"url":"https:\/\/www.organisator.ch\/de\/author\/thomas-berner\/"}]}},"_links":{"self":[{"href":"https:\/\/www.organisator.ch\/de\/wp-json\/wp\/v2\/posts\/17248","targetHints":{"allow":["GET"]}}],"collection":[{"href":"https:\/\/www.organisator.ch\/de\/wp-json\/wp\/v2\/posts"}],"about":[{"href":"https:\/\/www.organisator.ch\/de\/wp-json\/wp\/v2\/types\/post"}],"author":[{"embeddable":true,"href":"https:\/\/www.organisator.ch\/de\/wp-json\/wp\/v2\/users\/4"}],"replies":[{"embeddable":true,"href":"https:\/\/www.organisator.ch\/de\/wp-json\/wp\/v2\/comments?post=17248"}],"version-history":[{"count":1,"href":"https:\/\/www.organisator.ch\/de\/wp-json\/wp\/v2\/posts\/17248\/revisions"}],"predecessor-version":[{"id":17251,"href":"https:\/\/www.organisator.ch\/de\/wp-json\/wp\/v2\/posts\/17248\/revisions\/17251"}],"wp:featuredmedia":[{"embeddable":true,"href":"https:\/\/www.organisator.ch\/de\/wp-json\/wp\/v2\/media\/17250"}],"wp:attachment":[{"href":"https:\/\/www.organisator.ch\/de\/wp-json\/wp\/v2\/media?parent=17248"}],"wp:term":[{"taxonomy":"category","embeddable":true,"href":"https:\/\/www.organisator.ch\/de\/wp-json\/wp\/v2\/categories?post=17248"},{"taxonomy":"post_tag","embeddable":true,"href":"https:\/\/www.organisator.ch\/de\/wp-json\/wp\/v2\/tags?post=17248"}],"curies":[{"name":"wp","href":"https:\/\/api.w.org\/{rel}","templated":true}]}}