{"id":17257,"date":"2022-10-13T13:37:21","date_gmt":"2022-10-13T11:37:21","guid":{"rendered":"https:\/\/www.m-q.ch\/?p=17067"},"modified":"2024-11-21T06:57:15","modified_gmt":"2024-11-21T05:57:15","slug":"1-quality-mining-day-vor-dem-start","status":"publish","type":"post","link":"https:\/\/www.organisator.ch\/de\/operational-excellence\/2022-10-13\/1-quality-mining-day-vor-dem-start\/","title":{"rendered":"1. Quality Mining Day vor dem Start"},"content":{"rendered":"<figure id=\"attachment_17068\" class=\"wp-caption alignnone\" style=\"width: 680px\" aria-describedby=\"caption-attachment-17068\"><img class=\"alignnone wp-image-17068 size-full\" src=\"https:\/\/www.m-q.ch\/wp-content\/uploads\/2022\/10\/1.-Quality-Mining-Day-vor-dem-Start_MQ.jpg\" alt=\"Quality Mining Day\" width=\"680\" height=\"419\" \/>\r\n<figcaption id=\"caption-attachment-17068\" class=\"wp-caption-text\">Am 20. Oktober 2022 findet der 1. Quality Mining Day im baden-w\u00fcrttembergischen Ettlingen statt. (Bild: Quality Miners)<\/figcaption>\r\n<\/figure>\r\n<p>Qualit\u00e4t und Ver\u00e4nderungen sind untrennbar miteinander verbunden. Die Welt hat sich in den letzten zwei Jahren schneller weitergedreht als in den zwei Jahrzehnten zuvor. Fertigungsprozesse, Arbeitswelten und Lieferketten sind jetzt auf dem Pr\u00fcfstand und m\u00fcssen sich agil auf eine neue Realit\u00e4t einstellen. Nur so werden Unternehmen ihren Erfolg in Zukunft sichern k\u00f6nnen. Qualit\u00e4t wird als Motor des Wandels diese Ver\u00e4nderungen positiv antreiben.<\/p>\r\n<p>Qualit\u00e4tsbeauftragte werden anl\u00e4sslich des <a href=\"https:\/\/www.m-q.ch\/de\/quality-mining-day-fachkongress-fuer-qualitaetsmanagement\/\">1. Quality Mining Day<\/a> am 20. Oktober 2022 im Baden-W\u00fcrttembergischen Ettlingen wertvolles Wissen, Inspiration und Netzwerk-Kontakte sch\u00fcrfen k\u00f6nnen. Als Referenten geladen sind u.a. Dr. Lars Vollmer, promovierter Ingenieur und Honorarprofessor der Leibniz Universit\u00e4t Hannover, Unternehmer, Bestsellerautor und Begr\u00fcnder von <em>intrinsify<\/em>, einer Unternehmensgruppe f\u00fcr wirksame Arbeit mit Schwerpunkt auf Unternehmensf\u00fchrung und Organisationsentwicklung. Seine Disziplin ist die provozierende Inspiration. Auch Extremsportler Norman B\u00fccher wird bewusst Grenzen sprengen und seinen Zuh\u00f6rern neue Blickwinkel erm\u00f6glichen. Dar\u00fcber hinaus wird Dr. Ing. Benedikt Sommerhoff, bei der DGQ Themenfeldleiter Qualit\u00e4t und Innovation, das Fachpublikum auf die spannende Reise des \u201eQualit\u00e4tsmanagements im Wandel\u201c mitnehmen. Dr. Ing. Alexander Schloske ist am Fraunhofer Institut f\u00fcr Produktionstechnik und Automatisierung in Stuttgart t\u00e4tig. Er besitzt langj\u00e4hrige Projekterfahrung auf den Gebieten des Produkt- und Qualit\u00e4tsmanagements in unterschiedlichsten Branchen. Er wird \u00fcber die 7 goldenen Regeln der Prozess-FMEA sprechen. Und Thomas Metten, Teamleiter Qualit\u00e4tsservice, Oventrop GmbH &amp; Co. KG, widmet sich in seinem Referat dem Kulturwandel in seinem Unternehmen.<\/p>\r\n<p>Eine Ausstellung sowie eine Podiumsdiskussion runden das Tagungsprogramm ab. Veranstalter ist Quality Miners, ein\u00a0Softwarehersteller aus Karlsruhe. Das Unternehmen legt seinen Fokus auf\u00a0die Schaffung individueller Kundenl\u00f6sungen im Bereich Qualit\u00e4tsmanagementsoftware. Bekannt sind die beiden Produktlinien RQM und IDOS.<\/p>\r\n<p><em>Weitere Informationen und letzte Anmeldem\u00f6glichkeit: <a href=\"https:\/\/quality-miners.de\/events\/quality-mining-day-2022\/\">https:\/\/quality-miners.de\/events\/quality-mining-day-2022\/<\/a><\/em><\/p>\n<p class=\"syndicated-attribution\">Dieser Beitrag erschien urspr\u00fcnglich auf m-q.ch - <a href=\"https:\/\/www.m-q.ch\/de\/1-quality-mining-day-vor-dem-start\/\" target=\"_blank\">https:\/\/www.m-q.ch\/de\/1-quality-mining-day-vor-dem-start\/<\/a><\/p>","protected":false},"excerpt":{"rendered":"<p>Qualit\u00e4t und Ver\u00e4nderungen sind untrennbar miteinander verbunden. Die Welt hat sich in den letzten zwei Jahren schneller weitergedreht als in den zwei Jahrzehnten zuvor. Fertigungsprozesse, Arbeitswelten und Lieferketten sind jetzt auf dem Pr\u00fcfstand und m\u00fcssen sich agil auf eine neue Realit\u00e4t einstellen. Nur so werden Unternehmen ihren Erfolg in Zukunft sichern k\u00f6nnen. Qualit\u00e4t wird als [\u2026]<\/p>\n","protected":false},"author":8,"featured_media":0,"comment_status":"closed","ping_status":"closed","sticky":false,"template":"","format":"standard","meta":{"_acf_changed":false,"_yoast_wpseo_focuskw":"Quality Mining Day","_yoast_wpseo_metadesc":"Quality Mining Day in Ettlingen: Expertenvortr\u00e4ge und Networking zur Zukunft des Qualit\u00e4tsmanagements. Jetzt anmelden.","articlekey":"","footnotes":""},"categories":[582],"tags":[],"class_list":["post-17257","post","type-post","status-publish","format-standard","hentry","category-operational-excellence"],"acf":[],"yoast_head":"<!-- This site is optimized with the Yoast SEO plugin v27.5 - https:\/\/yoast.com\/product\/yoast-seo-wordpress\/ -->\n<title>1. Quality Mining Day vor dem Start - Organisator<\/title>\n<meta name=\"description\" content=\"Quality Mining Day in Ettlingen: Expertenvortr\u00e4ge und Networking zur Zukunft des Qualit\u00e4tsmanagements. Jetzt anmelden.\" \/>\n<meta name=\"robots\" content=\"index, follow, max-snippet:-1, max-image-preview:large, max-video-preview:-1\" \/>\n<link rel=\"canonical\" href=\"https:\/\/www.organisator.ch\/de\/operational-excellence\/2022-10-13\/1-quality-mining-day-vor-dem-start\/\" \/>\n<meta property=\"og:locale\" content=\"de_DE\" \/>\n<meta property=\"og:type\" content=\"article\" \/>\n<meta property=\"og:title\" content=\"1. Quality Mining Day vor dem Start - Organisator\" \/>\n<meta property=\"og:description\" content=\"Quality Mining Day in Ettlingen: Expertenvortr\u00e4ge und Networking zur Zukunft des Qualit\u00e4tsmanagements. Jetzt anmelden.\" \/>\n<meta property=\"og:url\" content=\"https:\/\/www.organisator.ch\/de\/operational-excellence\/2022-10-13\/1-quality-mining-day-vor-dem-start\/\" \/>\n<meta property=\"og:site_name\" content=\"Organisator\" \/>\n<meta property=\"article:publisher\" content=\"https:\/\/www.facebook.com\/OrganisatorFachmagazin\" \/>\n<meta property=\"article:published_time\" content=\"2022-10-13T11:37:21+00:00\" \/>\n<meta property=\"article:modified_time\" content=\"2024-11-21T05:57:15+00:00\" \/>\n<meta name=\"author\" content=\"galledia\" \/>\n<meta name=\"twitter:card\" content=\"summary_large_image\" \/>\n<meta name=\"twitter:creator\" content=\"@admin\" \/>\n<script type=\"application\/ld+json\" class=\"yoast-schema-graph\">{\"@context\":\"https:\\\/\\\/schema.org\",\"@graph\":[{\"@type\":\"Article\",\"@id\":\"https:\\\/\\\/www.organisator.ch\\\/operational-excellence\\\/2022-10-13\\\/1-quality-mining-day-vor-dem-start\\\/#article\",\"isPartOf\":{\"@id\":\"https:\\\/\\\/www.organisator.ch\\\/operational-excellence\\\/2022-10-13\\\/1-quality-mining-day-vor-dem-start\\\/\"},\"author\":{\"name\":\"galledia\",\"@id\":\"https:\\\/\\\/www.organisator.ch\\\/#\\\/schema\\\/person\\\/4e51799071cd2dd1232ac003643ef5f0\"},\"headline\":\"1. Quality Mining Day vor dem Start\",\"datePublished\":\"2022-10-13T11:37:21+00:00\",\"dateModified\":\"2024-11-21T05:57:15+00:00\",\"mainEntityOfPage\":{\"@id\":\"https:\\\/\\\/www.organisator.ch\\\/operational-excellence\\\/2022-10-13\\\/1-quality-mining-day-vor-dem-start\\\/\"},\"wordCount\":318,\"publisher\":{\"@id\":\"https:\\\/\\\/www.organisator.ch\\\/#organization\"},\"image\":{\"@id\":\"https:\\\/\\\/www.organisator.ch\\\/operational-excellence\\\/2022-10-13\\\/1-quality-mining-day-vor-dem-start\\\/#primaryimage\"},\"thumbnailUrl\":\"https:\\\/\\\/www.m-q.ch\\\/wp-content\\\/uploads\\\/2022\\\/10\\\/1.-Quality-Mining-Day-vor-dem-Start_MQ.jpg\",\"articleSection\":[\"OPERATIONAL EXCELLENCE\"],\"inLanguage\":\"de\"},{\"@type\":\"WebPage\",\"@id\":\"https:\\\/\\\/www.organisator.ch\\\/operational-excellence\\\/2022-10-13\\\/1-quality-mining-day-vor-dem-start\\\/\",\"url\":\"https:\\\/\\\/www.organisator.ch\\\/operational-excellence\\\/2022-10-13\\\/1-quality-mining-day-vor-dem-start\\\/\",\"name\":\"1. Quality Mining Day vor dem Start - Organisator\",\"isPartOf\":{\"@id\":\"https:\\\/\\\/www.organisator.ch\\\/#website\"},\"primaryImageOfPage\":{\"@id\":\"https:\\\/\\\/www.organisator.ch\\\/operational-excellence\\\/2022-10-13\\\/1-quality-mining-day-vor-dem-start\\\/#primaryimage\"},\"image\":{\"@id\":\"https:\\\/\\\/www.organisator.ch\\\/operational-excellence\\\/2022-10-13\\\/1-quality-mining-day-vor-dem-start\\\/#primaryimage\"},\"thumbnailUrl\":\"https:\\\/\\\/www.m-q.ch\\\/wp-content\\\/uploads\\\/2022\\\/10\\\/1.-Quality-Mining-Day-vor-dem-Start_MQ.jpg\",\"datePublished\":\"2022-10-13T11:37:21+00:00\",\"dateModified\":\"2024-11-21T05:57:15+00:00\",\"description\":\"Quality Mining Day in Ettlingen: Expertenvortr\u00e4ge und Networking zur Zukunft des Qualit\u00e4tsmanagements. Jetzt anmelden.\",\"breadcrumb\":{\"@id\":\"https:\\\/\\\/www.organisator.ch\\\/operational-excellence\\\/2022-10-13\\\/1-quality-mining-day-vor-dem-start\\\/#breadcrumb\"},\"inLanguage\":\"de\",\"potentialAction\":[{\"@type\":\"ReadAction\",\"target\":[\"https:\\\/\\\/www.organisator.ch\\\/operational-excellence\\\/2022-10-13\\\/1-quality-mining-day-vor-dem-start\\\/\"]}]},{\"@type\":\"ImageObject\",\"inLanguage\":\"de\",\"@id\":\"https:\\\/\\\/www.organisator.ch\\\/operational-excellence\\\/2022-10-13\\\/1-quality-mining-day-vor-dem-start\\\/#primaryimage\",\"url\":\"https:\\\/\\\/www.m-q.ch\\\/wp-content\\\/uploads\\\/2022\\\/10\\\/1.-Quality-Mining-Day-vor-dem-Start_MQ.jpg\",\"contentUrl\":\"https:\\\/\\\/www.m-q.ch\\\/wp-content\\\/uploads\\\/2022\\\/10\\\/1.-Quality-Mining-Day-vor-dem-Start_MQ.jpg\"},{\"@type\":\"BreadcrumbList\",\"@id\":\"https:\\\/\\\/www.organisator.ch\\\/operational-excellence\\\/2022-10-13\\\/1-quality-mining-day-vor-dem-start\\\/#breadcrumb\",\"itemListElement\":[{\"@type\":\"ListItem\",\"position\":1,\"name\":\"Home\",\"item\":\"https:\\\/\\\/www.organisator.ch\\\/\"},{\"@type\":\"ListItem\",\"position\":2,\"name\":\"1. Quality Mining Day vor dem Start\"}]},{\"@type\":\"WebSite\",\"@id\":\"https:\\\/\\\/www.organisator.ch\\\/#website\",\"url\":\"https:\\\/\\\/www.organisator.ch\\\/\",\"name\":\"Organisator\",\"description\":\"Kompetent. Praxisnah. Der ORGANISATOR bereitet in 10 Ausgaben pro Jahr die wesentlichen Themen f\u00fcr F\u00fchrungskr\u00e4fte von KMU auf.\",\"publisher\":{\"@id\":\"https:\\\/\\\/www.organisator.ch\\\/#organization\"},\"potentialAction\":[{\"@type\":\"SearchAction\",\"target\":{\"@type\":\"EntryPoint\",\"urlTemplate\":\"https:\\\/\\\/www.organisator.ch\\\/?s={search_term_string}\"},\"query-input\":{\"@type\":\"PropertyValueSpecification\",\"valueRequired\":true,\"valueName\":\"search_term_string\"}}],\"inLanguage\":\"de\"},{\"@type\":\"Organization\",\"@id\":\"https:\\\/\\\/www.organisator.ch\\\/#organization\",\"name\":\"Organisator\",\"url\":\"https:\\\/\\\/www.organisator.ch\\\/\",\"logo\":{\"@type\":\"ImageObject\",\"inLanguage\":\"de\",\"@id\":\"https:\\\/\\\/www.organisator.ch\\\/#\\\/schema\\\/logo\\\/image\\\/\",\"url\":\"https:\\\/\\\/www.organisator.ch\\\/wp-content\\\/uploads\\\/2022\\\/01\\\/Logo_Organisator_Website.png\",\"contentUrl\":\"https:\\\/\\\/www.organisator.ch\\\/wp-content\\\/uploads\\\/2022\\\/01\\\/Logo_Organisator_Website.png\",\"width\":800,\"height\":77,\"caption\":\"Organisator\"},\"image\":{\"@id\":\"https:\\\/\\\/www.organisator.ch\\\/#\\\/schema\\\/logo\\\/image\\\/\"},\"sameAs\":[\"https:\\\/\\\/www.facebook.com\\\/OrganisatorFachmagazin\",\"https:\\\/\\\/www.linkedin.com\\\/showcase\\\/organisator-das-magazin-fr-kmu\",\"https:\\\/\\\/www.xing.com\\\/news\\\/pages\\\/organisator-ch-695\",\"https:\\\/\\\/www.youtube.com\\\/channel\\\/UCGP2Sq0iWaZwT3BdIAQFYpw\"]},{\"@type\":\"Person\",\"@id\":\"https:\\\/\\\/www.organisator.ch\\\/#\\\/schema\\\/person\\\/4e51799071cd2dd1232ac003643ef5f0\",\"name\":\"galledia\",\"image\":{\"@type\":\"ImageObject\",\"inLanguage\":\"de\",\"@id\":\"https:\\\/\\\/secure.gravatar.com\\\/avatar\\\/78a7f90c01fc2bfc875782a0d4922b37cde2cf184ce347b91316d23cd7f69a36?s=96&d=mm&r=g\",\"url\":\"https:\\\/\\\/secure.gravatar.com\\\/avatar\\\/78a7f90c01fc2bfc875782a0d4922b37cde2cf184ce347b91316d23cd7f69a36?s=96&d=mm&r=g\",\"contentUrl\":\"https:\\\/\\\/secure.gravatar.com\\\/avatar\\\/78a7f90c01fc2bfc875782a0d4922b37cde2cf184ce347b91316d23cd7f69a36?s=96&d=mm&r=g\",\"caption\":\"galledia\"},\"sameAs\":[\"https:\\\/\\\/x.com\\\/admin\"],\"url\":\"https:\\\/\\\/www.organisator.ch\\\/de\\\/author\\\/galledia\\\/\"}]}<\/script>\n<!-- \/ Yoast SEO plugin. -->","yoast_head_json":{"title":"1. Quality Mining Day vor dem Start - Organisator","description":"Quality Mining Day in Ettlingen: Expertenvortr\u00e4ge und Networking zur Zukunft des Qualit\u00e4tsmanagements. Jetzt anmelden.","robots":{"index":"index","follow":"follow","max-snippet":"max-snippet:-1","max-image-preview":"max-image-preview:large","max-video-preview":"max-video-preview:-1"},"canonical":"https:\/\/www.organisator.ch\/de\/operational-excellence\/2022-10-13\/1-quality-mining-day-vor-dem-start\/","og_locale":"de_DE","og_type":"article","og_title":"1. Quality Mining Day vor dem Start - Organisator","og_description":"Quality Mining Day in Ettlingen: Expertenvortr\u00e4ge und Networking zur Zukunft des Qualit\u00e4tsmanagements. Jetzt anmelden.","og_url":"https:\/\/www.organisator.ch\/de\/operational-excellence\/2022-10-13\/1-quality-mining-day-vor-dem-start\/","og_site_name":"Organisator","article_publisher":"https:\/\/www.facebook.com\/OrganisatorFachmagazin","article_published_time":"2022-10-13T11:37:21+00:00","article_modified_time":"2024-11-21T05:57:15+00:00","author":"galledia","twitter_card":"summary_large_image","twitter_creator":"@admin","schema":{"@context":"https:\/\/schema.org","@graph":[{"@type":"Article","@id":"https:\/\/www.organisator.ch\/operational-excellence\/2022-10-13\/1-quality-mining-day-vor-dem-start\/#article","isPartOf":{"@id":"https:\/\/www.organisator.ch\/operational-excellence\/2022-10-13\/1-quality-mining-day-vor-dem-start\/"},"author":{"name":"galledia","@id":"https:\/\/www.organisator.ch\/#\/schema\/person\/4e51799071cd2dd1232ac003643ef5f0"},"headline":"1. Quality Mining Day vor dem Start","datePublished":"2022-10-13T11:37:21+00:00","dateModified":"2024-11-21T05:57:15+00:00","mainEntityOfPage":{"@id":"https:\/\/www.organisator.ch\/operational-excellence\/2022-10-13\/1-quality-mining-day-vor-dem-start\/"},"wordCount":318,"publisher":{"@id":"https:\/\/www.organisator.ch\/#organization"},"image":{"@id":"https:\/\/www.organisator.ch\/operational-excellence\/2022-10-13\/1-quality-mining-day-vor-dem-start\/#primaryimage"},"thumbnailUrl":"https:\/\/www.m-q.ch\/wp-content\/uploads\/2022\/10\/1.-Quality-Mining-Day-vor-dem-Start_MQ.jpg","articleSection":["OPERATIONAL EXCELLENCE"],"inLanguage":"de"},{"@type":"WebPage","@id":"https:\/\/www.organisator.ch\/operational-excellence\/2022-10-13\/1-quality-mining-day-vor-dem-start\/","url":"https:\/\/www.organisator.ch\/operational-excellence\/2022-10-13\/1-quality-mining-day-vor-dem-start\/","name":"1. Quality Mining Day vor dem Start - Organisator","isPartOf":{"@id":"https:\/\/www.organisator.ch\/#website"},"primaryImageOfPage":{"@id":"https:\/\/www.organisator.ch\/operational-excellence\/2022-10-13\/1-quality-mining-day-vor-dem-start\/#primaryimage"},"image":{"@id":"https:\/\/www.organisator.ch\/operational-excellence\/2022-10-13\/1-quality-mining-day-vor-dem-start\/#primaryimage"},"thumbnailUrl":"https:\/\/www.m-q.ch\/wp-content\/uploads\/2022\/10\/1.-Quality-Mining-Day-vor-dem-Start_MQ.jpg","datePublished":"2022-10-13T11:37:21+00:00","dateModified":"2024-11-21T05:57:15+00:00","description":"Quality Mining Day in Ettlingen: Expertenvortr\u00e4ge und Networking zur Zukunft des Qualit\u00e4tsmanagements. Jetzt anmelden.","breadcrumb":{"@id":"https:\/\/www.organisator.ch\/operational-excellence\/2022-10-13\/1-quality-mining-day-vor-dem-start\/#breadcrumb"},"inLanguage":"de","potentialAction":[{"@type":"ReadAction","target":["https:\/\/www.organisator.ch\/operational-excellence\/2022-10-13\/1-quality-mining-day-vor-dem-start\/"]}]},{"@type":"ImageObject","inLanguage":"de","@id":"https:\/\/www.organisator.ch\/operational-excellence\/2022-10-13\/1-quality-mining-day-vor-dem-start\/#primaryimage","url":"https:\/\/www.m-q.ch\/wp-content\/uploads\/2022\/10\/1.-Quality-Mining-Day-vor-dem-Start_MQ.jpg","contentUrl":"https:\/\/www.m-q.ch\/wp-content\/uploads\/2022\/10\/1.-Quality-Mining-Day-vor-dem-Start_MQ.jpg"},{"@type":"BreadcrumbList","@id":"https:\/\/www.organisator.ch\/operational-excellence\/2022-10-13\/1-quality-mining-day-vor-dem-start\/#breadcrumb","itemListElement":[{"@type":"ListItem","position":1,"name":"Home","item":"https:\/\/www.organisator.ch\/"},{"@type":"ListItem","position":2,"name":"1. Quality Mining Day vor dem Start"}]},{"@type":"WebSite","@id":"https:\/\/www.organisator.ch\/#website","url":"https:\/\/www.organisator.ch\/","name":"Organisator","description":"Kompetent. Praxisnah. Der ORGANISATOR bereitet in 10 Ausgaben pro Jahr die wesentlichen Themen f\u00fcr F\u00fchrungskr\u00e4fte von KMU auf.","publisher":{"@id":"https:\/\/www.organisator.ch\/#organization"},"potentialAction":[{"@type":"SearchAction","target":{"@type":"EntryPoint","urlTemplate":"https:\/\/www.organisator.ch\/?s={search_term_string}"},"query-input":{"@type":"PropertyValueSpecification","valueRequired":true,"valueName":"search_term_string"}}],"inLanguage":"de"},{"@type":"Organization","@id":"https:\/\/www.organisator.ch\/#organization","name":"Organisator","url":"https:\/\/www.organisator.ch\/","logo":{"@type":"ImageObject","inLanguage":"de","@id":"https:\/\/www.organisator.ch\/#\/schema\/logo\/image\/","url":"https:\/\/www.organisator.ch\/wp-content\/uploads\/2022\/01\/Logo_Organisator_Website.png","contentUrl":"https:\/\/www.organisator.ch\/wp-content\/uploads\/2022\/01\/Logo_Organisator_Website.png","width":800,"height":77,"caption":"Organisator"},"image":{"@id":"https:\/\/www.organisator.ch\/#\/schema\/logo\/image\/"},"sameAs":["https:\/\/www.facebook.com\/OrganisatorFachmagazin","https:\/\/www.linkedin.com\/showcase\/organisator-das-magazin-fr-kmu","https:\/\/www.xing.com\/news\/pages\/organisator-ch-695","https:\/\/www.youtube.com\/channel\/UCGP2Sq0iWaZwT3BdIAQFYpw"]},{"@type":"Person","@id":"https:\/\/www.organisator.ch\/#\/schema\/person\/4e51799071cd2dd1232ac003643ef5f0","name":"galledia","image":{"@type":"ImageObject","inLanguage":"de","@id":"https:\/\/secure.gravatar.com\/avatar\/78a7f90c01fc2bfc875782a0d4922b37cde2cf184ce347b91316d23cd7f69a36?s=96&d=mm&r=g","url":"https:\/\/secure.gravatar.com\/avatar\/78a7f90c01fc2bfc875782a0d4922b37cde2cf184ce347b91316d23cd7f69a36?s=96&d=mm&r=g","contentUrl":"https:\/\/secure.gravatar.com\/avatar\/78a7f90c01fc2bfc875782a0d4922b37cde2cf184ce347b91316d23cd7f69a36?s=96&d=mm&r=g","caption":"galledia"},"sameAs":["https:\/\/x.com\/admin"],"url":"https:\/\/www.organisator.ch\/de\/author\/galledia\/"}]}},"_links":{"self":[{"href":"https:\/\/www.organisator.ch\/de\/wp-json\/wp\/v2\/posts\/17257","targetHints":{"allow":["GET"]}}],"collection":[{"href":"https:\/\/www.organisator.ch\/de\/wp-json\/wp\/v2\/posts"}],"about":[{"href":"https:\/\/www.organisator.ch\/de\/wp-json\/wp\/v2\/types\/post"}],"author":[{"embeddable":true,"href":"https:\/\/www.organisator.ch\/de\/wp-json\/wp\/v2\/users\/8"}],"replies":[{"embeddable":true,"href":"https:\/\/www.organisator.ch\/de\/wp-json\/wp\/v2\/comments?post=17257"}],"version-history":[{"count":4,"href":"https:\/\/www.organisator.ch\/de\/wp-json\/wp\/v2\/posts\/17257\/revisions"}],"predecessor-version":[{"id":33712,"href":"https:\/\/www.organisator.ch\/de\/wp-json\/wp\/v2\/posts\/17257\/revisions\/33712"}],"wp:attachment":[{"href":"https:\/\/www.organisator.ch\/de\/wp-json\/wp\/v2\/media?parent=17257"}],"wp:term":[{"taxonomy":"category","embeddable":true,"href":"https:\/\/www.organisator.ch\/de\/wp-json\/wp\/v2\/categories?post=17257"},{"taxonomy":"post_tag","embeddable":true,"href":"https:\/\/www.organisator.ch\/de\/wp-json\/wp\/v2\/tags?post=17257"}],"curies":[{"name":"wp","href":"https:\/\/api.w.org\/{rel}","templated":true}]}}