{"id":1731,"date":"2017-04-04T11:05:11","date_gmt":"2017-04-04T09:05:11","guid":{"rendered":"https:\/\/www.organisator.ch\/?p=1731"},"modified":"2017-04-04T11:05:11","modified_gmt":"2017-04-04T09:05:11","slug":"robert-half-studie-fuehrungskraefte-sind-zufriedener-als-angestellte","status":"publish","type":"post","link":"https:\/\/www.organisator.ch\/de\/human-resources\/hrm\/2017-04-04\/robert-half-studie-fuehrungskraefte-sind-zufriedener-als-angestellte\/","title":{"rendered":"Robert Half Studie: F\u00fchrungskr\u00e4fte sind zufriedener als Angestellte"},"content":{"rendered":"<figure id=\"attachment_1732\" aria-describedby=\"caption-attachment-1732\" style=\"width: 680px\" class=\"wp-caption alignnone\"><img loading=\"lazy\" decoding=\"async\" class=\"size-medium wp-image-1732\" src=\"https:\/\/www.organisator.ch\/wp-content\/uploads\/2017\/04\/Studie-Fuehrungskraefte-sind-zufriedener-als-Angestellte-org-orgranisator.jpg\" alt=\"\" width=\"680\" height=\"474\" srcset=\"https:\/\/www.organisator.ch\/wp-content\/uploads\/2017\/04\/Studie-Fuehrungskraefte-sind-zufriedener-als-Angestellte-org-orgranisator.jpg 1152w, https:\/\/www.organisator.ch\/wp-content\/uploads\/2017\/04\/Studie-Fuehrungskraefte-sind-zufriedener-als-Angestellte-org-orgranisator-680x474.jpg 680w, https:\/\/www.organisator.ch\/wp-content\/uploads\/2017\/04\/Studie-Fuehrungskraefte-sind-zufriedener-als-Angestellte-org-orgranisator-1024x714.jpg 1024w, https:\/\/www.organisator.ch\/wp-content\/uploads\/2017\/04\/Studie-Fuehrungskraefte-sind-zufriedener-als-Angestellte-org-orgranisator-768x535.jpg 768w, https:\/\/www.organisator.ch\/wp-content\/uploads\/2017\/04\/Studie-Fuehrungskraefte-sind-zufriedener-als-Angestellte-org-orgranisator-16x12.jpg 16w, https:\/\/www.organisator.ch\/wp-content\/uploads\/2017\/04\/Studie-Fuehrungskraefte-sind-zufriedener-als-Angestellte-org-orgranisator-251x175.jpg 251w, https:\/\/www.organisator.ch\/wp-content\/uploads\/2017\/04\/Studie-Fuehrungskraefte-sind-zufriedener-als-Angestellte-org-orgranisator-502x350.jpg 502w, https:\/\/www.organisator.ch\/wp-content\/uploads\/2017\/04\/Studie-Fuehrungskraefte-sind-zufriedener-als-Angestellte-org-orgranisator-1148x800.jpg 1148w, https:\/\/www.organisator.ch\/wp-content\/uploads\/2017\/04\/Studie-Fuehrungskraefte-sind-zufriedener-als-Angestellte-org-orgranisator-920x641.jpg 920w, https:\/\/www.organisator.ch\/wp-content\/uploads\/2017\/04\/Studie-Fuehrungskraefte-sind-zufriedener-als-Angestellte-org-orgranisator-300x209.jpg 300w\" sizes=\"auto, (max-width: 680px) 100vw, 680px\" \/><figcaption id=\"caption-attachment-1732\" class=\"wp-caption-text\">Die Mehrheit der in der Robert Half Studie \u201eDIE ZEIT IST REIF. GL\u00dcCKLICH ARBEITEN.\u201c befragten Angestellten erreicht auf einer Gl\u00fccksskala von 0 bis 100 ein Happiness-Niveau von 70. (Quelle: Robert Half)<\/figcaption><\/figure>\n<p>Robert Half hat in der aktuellen Studie \u00fcber 23&#8217;000 Angestellte in acht L\u00e4ndern befragt, wie gl\u00fccklich sie in ihrem Job sind und welche Faktoren daf\u00fcr eine Rolle spielen? Eine allgemeing\u00fcltige Gl\u00fccksformel gibt es nicht, aber sechs universelle Faktoren beeinflussen die Mitarbeiterzufriedenheit direkt und sollten daher Managementbeachtung erfahren.<\/p>\n<p><strong>Treue Mitarbeitende <\/strong><\/p>\n<p>Nicht alle Arbeitnehmer erreichen ein hohes Gl\u00fcckslevel: Ein Drittel der Studienteilnehmer plant einen Jobwechsel in den n\u00e4chsten sechs Monaten. Gl\u00fccklicher sind im Vergleich der Positionen jene Besch\u00e4ftigten, die eine leitende Stellung innehaben.<\/p>\n<p>Was k\u00f6nnen nun Vorgesetzte beachten, damit ihre Mitarbeiter mit Freude arbeiten und dem Unternehmen treu bleiben? \u201eGl\u00fcck ist nat\u00fcrlich eine zutiefst pers\u00f6nliche Emotion. Dennoch l\u00e4sst sich die Zufriedenheit am Arbeitsplatz konkret beeinflussen\u201c, erkl\u00e4rt Yeng Chow, Senior Manager bei Robert Half in Z\u00fcrich.<\/p>\n<p>\u201eGl\u00fcckliche Mitarbeiter sind produktiver und kreativer, sie sind seltener krank und bleiben dem Unternehmen l\u00e4nger treu. Grund genug also, sich den wesentlichen Gl\u00fccksaspekten ernsthaft zu widmen und Massnahmen zu setzen.\u201c Die Mehrheit der befragten Arbeitnehmer sieht die Verantwortung f\u00fcr die Zufriedenheit sowohl beim Vorgesetzten als auch bei den Mitarbeitern selbst.<\/p>\n<p>Nur 6 % erwarten vom Arbeitgeber, dass er haupts\u00e4chlich f\u00fcr das Wohlbefinden am Arbeitsplatz sorgt. Jeder F\u00fcnfte (19 %) findet, die Verantwortung trage jeder Mitarbeiter zum Grossteil selbst.<\/p>\n<p><strong>Sechs Faktoren f\u00fcr mehr Zufriedenheit<\/strong><\/p>\n<p>Jeder Angestellte hat zwar andere Bed\u00fcrfnisse, Ziele und Vorlieben. Dennoch liefern die Studienergebnisse klare Hinweise auf einige allgemeing\u00fcltige Faktoren, die die Mitarbeiterzufriedenheit direkt beeinflussen. Diese sechs Faktoren motivieren nicht nur die Mitarbeiter, sie verbessern auch die Teamarbeit und vereinfachen damit auch Rekrutierungsbem\u00fchungen sowie Massnahmen zur Mitarbeiterbindung:<\/p>\n<p><strong>1)\u00a0\u00a0\u00a0 Der richtige Job <\/strong><\/p>\n<p><em>Durch ein \u00fcberdachter Einstellungsprozess mit detaillierten Stellenbeschreibungen und gr\u00fcndlichen Bewerbungsgespr\u00e4chen werden Mitarbeiter eingestellt, die gut zur Unternehmenskultur passen und die wissen, was sie erwartet. Die richtigen Anreize und kontinuierliches Nachjustieren helfen, die Mitarbeiterzufriedenheit und damit die Treue zum Unternehmen nachhaltig zu beeinflussen.<\/em><\/p>\n<p><strong>2)\u00a0\u00a0\u00a0 Mehr Verantwortung<\/strong><\/p>\n<p>Nur knapp die H\u00e4lfte der Befragten (49 %) sagt, sie k\u00f6nne Einfluss bei der Arbeit aus\u00fcben oder kreativ sein (45 %). Entscheidungskompetenz und Gestaltungsfreiheit aber sind wesentliche Aspekte beruflichen Gl\u00fccks.<\/p>\n<p><strong>3)\u00a0\u00a0\u00a0 Ehrliche Wertsch\u00e4tzung <\/strong><\/p>\n<p>Regelm\u00e4ssig konstruktives Feedback und ehrliche Anerkennung der Leistungen erzeugt lang anhaltende Gl\u00fccksmomente im Job.<\/p>\n<p><strong>4)\u00a0\u00a0\u00a0 Den Sinn sp\u00fcren <\/strong><\/p>\n<p>Mitarbeiter, die einer sinnstiftenden Arbeit nachgehen, sind gl\u00fccklicher als jene, f\u00fcr die es \u201cnur\u201d Arbeit ist. Mitarbeiter, die noch dazu stolz auf ihr Unternehmen sind, arbeiten mit einer 2,8 Mal h\u00f6heren Wahrscheinlichkeit gl\u00fccklich. Damit ist Stolz der weltweit st\u00e4rkste Treiber f\u00fcr gl\u00fcckliche Arbeitnehmer.<\/p>\n<p><strong>5) \u00a0\u00a0\u00a0Fairness und Respekt erleben <\/strong><\/p>\n<p>F\u00fcr Frauen ist dieser Aspekt der wichtigste Gl\u00fccksfaktor. Insgesamt ist der faire und respektvolle Umgang miteinander der weltweit zweitwichtigste Gl\u00fcckstreiber am Arbeitsplatz. Nur 7 % derjenigen, die ein hohes Mass an Fairness und Respekt erfahren, planen ihren Job in den kommenden Monaten zu wechseln.<\/p>\n<p><strong>6)\u00a0\u00a0\u00a0 Ein positives Arbeitsklima<\/strong><\/p>\n<p>Gute Beziehungen am Arbeitsplatz sorgen f\u00fcr mehr Spass, Innovation und bessere Zusammenarbeit \u2013 \u00fcber Teamgrenzen hinaus. Vorgesetzte, denen es gelingt, eine gute Atmosph\u00e4re und ein Klima der Achtsamkeit und Freundlichkeit zu etablieren, k\u00f6nnen auf motivierte und produktive Mitarbeiter z\u00e4hlen.<\/p>\n<p>\u201eWas steigert das Wohlbefinden der Mitarbeiter? Wie kann nachhaltig f\u00fcr eine hohe Zufriedenheit bei den Besch\u00e4ftigten gesorgt werden? Das sind erfolgskritische Fragen, auf die die Schweizer Unternehmen Antworten finden sollten. Mitarbeiter mit hohem Commitment und starker Bindung an das Unternehmen und seine Werte engagieren sich in hohem Mass an ihrem Arbeitsplatz\u201c, res\u00fcmmiert Yeng Chow. \u201eMitarbeiter sind gl\u00fccklich und motiviert, wenn sie das Gef\u00fchl haben, ihre F\u00e4higkeiten und Erfahrungen passen zum Job. Das m\u00fcssen Unternehmen bereits w\u00e4hrend der Rekrutierungsphase intensiv pr\u00fcfen und im Anschluss immer wieder ermitteln. Schliesslich sind Karrierewege nicht in Stein gemeisselt. Setzen Unternehmen diese Massnahmen proaktiv um, werden sie eine sp\u00fcrbare Verbesserung ihrer Produktivit\u00e4t und Rentabilit\u00e4t feststellen.\u201c<\/p>\n<p>Mehr Details zur vorliegenden Robert Half Studie finden Sie unter diesem <a href=\"https:\/\/www.roberthalf.ch\/de\/gluecklich-arbeiten?utm_campaign=rh-cli-workhappy2017-mar2017&amp;utm_medium=pressrelease&amp;utm_source=roberthalf\">Link<\/a><\/p>\n<p>&nbsp;<\/p>\n","protected":false},"excerpt":{"rendered":"<p>Robert Half hat in der aktuellen Studie \u00fcber 23&#8217;000 Angestellte in acht L\u00e4ndern befragt, wie gl\u00fccklich sie in ihrem Job sind und welche Faktoren daf\u00fcr eine Rolle spielen? Eine allgemeing\u00fcltige Gl\u00fccksformel gibt es nicht, aber sechs universelle Faktoren beeinflussen die Mitarbeiterzufriedenheit direkt und sollten daher Managementbeachtung erfahren. Treue Mitarbeitende Nicht alle Arbeitnehmer erreichen ein hohes [&hellip;]<\/p>\n","protected":false},"author":5,"featured_media":1732,"comment_status":"open","ping_status":"open","sticky":false,"template":"","format":"standard","meta":{"_acf_changed":false,"_yoast_wpseo_focuskw":"Robert Half Studie","_yoast_wpseo_metadesc":"Eine Studie von Robert Half unterstreicht: Mitarbeiter, die fair und respektvoll behandelt werden und Wertsch\u00e4tzung erfahren, sind gl\u00fccklich im Job.","articlekey":"","footnotes":""},"categories":[26],"tags":[58,459],"class_list":["post-1731","post","type-post","status-publish","format-standard","has-post-thumbnail","hentry","category-hrm","tag-arbeitszufriedenheit","tag-studie"],"acf":[],"yoast_head":"<!-- This site is optimized with the Yoast SEO plugin v27.5 - https:\/\/yoast.com\/product\/yoast-seo-wordpress\/ -->\n<title>Robert Half Studie: F\u00fchrungskr\u00e4fte sind zufriedener als Angestellte - Organisator<\/title>\n<meta name=\"description\" content=\"Eine Studie von Robert Half unterstreicht: Mitarbeiter, die fair und respektvoll behandelt werden und Wertsch\u00e4tzung erfahren, sind gl\u00fccklich im Job.\" \/>\n<meta name=\"robots\" content=\"index, follow, max-snippet:-1, max-image-preview:large, max-video-preview:-1\" \/>\n<link rel=\"canonical\" href=\"https:\/\/www.organisator.ch\/de\/human-resources\/hrm\/2017-04-04\/robert-half-studie-fuehrungskraefte-sind-zufriedener-als-angestellte\/\" \/>\n<meta property=\"og:locale\" content=\"de_DE\" \/>\n<meta property=\"og:type\" content=\"article\" \/>\n<meta property=\"og:title\" content=\"Robert Half Studie: F\u00fchrungskr\u00e4fte sind zufriedener als Angestellte - Organisator\" \/>\n<meta property=\"og:description\" content=\"Eine Studie von Robert Half unterstreicht: Mitarbeiter, die fair und respektvoll behandelt werden und Wertsch\u00e4tzung erfahren, sind gl\u00fccklich im Job.\" \/>\n<meta property=\"og:url\" content=\"https:\/\/www.organisator.ch\/de\/human-resources\/hrm\/2017-04-04\/robert-half-studie-fuehrungskraefte-sind-zufriedener-als-angestellte\/\" \/>\n<meta property=\"og:site_name\" content=\"Organisator\" \/>\n<meta property=\"article:publisher\" content=\"https:\/\/www.facebook.com\/OrganisatorFachmagazin\" \/>\n<meta property=\"article:published_time\" content=\"2017-04-04T09:05:11+00:00\" \/>\n<meta property=\"og:image\" content=\"https:\/\/www.organisator.ch\/wp-content\/uploads\/2017\/04\/Studie-Fuehrungskraefte-sind-zufriedener-als-Angestellte-org-orgranisator.jpg\" \/>\n\t<meta property=\"og:image:width\" content=\"1152\" \/>\n\t<meta property=\"og:image:height\" content=\"803\" \/>\n\t<meta property=\"og:image:type\" content=\"image\/jpeg\" \/>\n<meta name=\"author\" content=\"michael.merz\" \/>\n<meta name=\"twitter:card\" content=\"summary_large_image\" \/>\n<script type=\"application\/ld+json\" class=\"yoast-schema-graph\">{\"@context\":\"https:\\\/\\\/schema.org\",\"@graph\":[{\"@type\":\"Article\",\"@id\":\"https:\\\/\\\/www.organisator.ch\\\/human-resources\\\/hrm\\\/2017-04-04\\\/robert-half-studie-fuehrungskraefte-sind-zufriedener-als-angestellte\\\/#article\",\"isPartOf\":{\"@id\":\"https:\\\/\\\/www.organisator.ch\\\/human-resources\\\/hrm\\\/2017-04-04\\\/robert-half-studie-fuehrungskraefte-sind-zufriedener-als-angestellte\\\/\"},\"author\":{\"name\":\"michael.merz\",\"@id\":\"https:\\\/\\\/www.organisator.ch\\\/#\\\/schema\\\/person\\\/134708ca9321c57b0362cceb7948ffbd\"},\"headline\":\"Robert Half Studie: F\u00fchrungskr\u00e4fte sind zufriedener als Angestellte\",\"datePublished\":\"2017-04-04T09:05:11+00:00\",\"mainEntityOfPage\":{\"@id\":\"https:\\\/\\\/www.organisator.ch\\\/human-resources\\\/hrm\\\/2017-04-04\\\/robert-half-studie-fuehrungskraefte-sind-zufriedener-als-angestellte\\\/\"},\"wordCount\":700,\"commentCount\":1,\"publisher\":{\"@id\":\"https:\\\/\\\/www.organisator.ch\\\/#organization\"},\"image\":{\"@id\":\"https:\\\/\\\/www.organisator.ch\\\/human-resources\\\/hrm\\\/2017-04-04\\\/robert-half-studie-fuehrungskraefte-sind-zufriedener-als-angestellte\\\/#primaryimage\"},\"thumbnailUrl\":\"https:\\\/\\\/www.organisator.ch\\\/wp-content\\\/uploads\\\/2017\\\/04\\\/Studie-Fuehrungskraefte-sind-zufriedener-als-Angestellte-org-orgranisator.jpg\",\"keywords\":[\"Arbeitszufriedenheit\",\"Studie\"],\"articleSection\":[\"HRM\"],\"inLanguage\":\"de\"},{\"@type\":\"WebPage\",\"@id\":\"https:\\\/\\\/www.organisator.ch\\\/human-resources\\\/hrm\\\/2017-04-04\\\/robert-half-studie-fuehrungskraefte-sind-zufriedener-als-angestellte\\\/\",\"url\":\"https:\\\/\\\/www.organisator.ch\\\/human-resources\\\/hrm\\\/2017-04-04\\\/robert-half-studie-fuehrungskraefte-sind-zufriedener-als-angestellte\\\/\",\"name\":\"Robert Half Studie: F\u00fchrungskr\u00e4fte sind zufriedener als Angestellte - Organisator\",\"isPartOf\":{\"@id\":\"https:\\\/\\\/www.organisator.ch\\\/#website\"},\"primaryImageOfPage\":{\"@id\":\"https:\\\/\\\/www.organisator.ch\\\/human-resources\\\/hrm\\\/2017-04-04\\\/robert-half-studie-fuehrungskraefte-sind-zufriedener-als-angestellte\\\/#primaryimage\"},\"image\":{\"@id\":\"https:\\\/\\\/www.organisator.ch\\\/human-resources\\\/hrm\\\/2017-04-04\\\/robert-half-studie-fuehrungskraefte-sind-zufriedener-als-angestellte\\\/#primaryimage\"},\"thumbnailUrl\":\"https:\\\/\\\/www.organisator.ch\\\/wp-content\\\/uploads\\\/2017\\\/04\\\/Studie-Fuehrungskraefte-sind-zufriedener-als-Angestellte-org-orgranisator.jpg\",\"datePublished\":\"2017-04-04T09:05:11+00:00\",\"description\":\"Eine Studie von Robert Half unterstreicht: Mitarbeiter, die fair und respektvoll behandelt werden und Wertsch\u00e4tzung erfahren, sind gl\u00fccklich im Job.\",\"breadcrumb\":{\"@id\":\"https:\\\/\\\/www.organisator.ch\\\/human-resources\\\/hrm\\\/2017-04-04\\\/robert-half-studie-fuehrungskraefte-sind-zufriedener-als-angestellte\\\/#breadcrumb\"},\"inLanguage\":\"de\",\"potentialAction\":[{\"@type\":\"ReadAction\",\"target\":[\"https:\\\/\\\/www.organisator.ch\\\/human-resources\\\/hrm\\\/2017-04-04\\\/robert-half-studie-fuehrungskraefte-sind-zufriedener-als-angestellte\\\/\"]}]},{\"@type\":\"ImageObject\",\"inLanguage\":\"de\",\"@id\":\"https:\\\/\\\/www.organisator.ch\\\/human-resources\\\/hrm\\\/2017-04-04\\\/robert-half-studie-fuehrungskraefte-sind-zufriedener-als-angestellte\\\/#primaryimage\",\"url\":\"https:\\\/\\\/www.organisator.ch\\\/wp-content\\\/uploads\\\/2017\\\/04\\\/Studie-Fuehrungskraefte-sind-zufriedener-als-Angestellte-org-orgranisator.jpg\",\"contentUrl\":\"https:\\\/\\\/www.organisator.ch\\\/wp-content\\\/uploads\\\/2017\\\/04\\\/Studie-Fuehrungskraefte-sind-zufriedener-als-Angestellte-org-orgranisator.jpg\",\"width\":1152,\"height\":803,\"caption\":\"Die Mehrheit der in der Robert Half Studie \u201eDIE ZEIT IST REIF. GL\u00dcCKLICH ARBEITEN.\u201c befragten Angestellten erreicht auf einer Gl\u00fccksskala von 0 bis 100 ein Happiness-Niveau von 70. (Quelle: Robert Half)\"},{\"@type\":\"BreadcrumbList\",\"@id\":\"https:\\\/\\\/www.organisator.ch\\\/human-resources\\\/hrm\\\/2017-04-04\\\/robert-half-studie-fuehrungskraefte-sind-zufriedener-als-angestellte\\\/#breadcrumb\",\"itemListElement\":[{\"@type\":\"ListItem\",\"position\":1,\"name\":\"Home\",\"item\":\"https:\\\/\\\/www.organisator.ch\\\/\"},{\"@type\":\"ListItem\",\"position\":2,\"name\":\"Robert Half Studie: F\u00fchrungskr\u00e4fte sind zufriedener als Angestellte\"}]},{\"@type\":\"WebSite\",\"@id\":\"https:\\\/\\\/www.organisator.ch\\\/#website\",\"url\":\"https:\\\/\\\/www.organisator.ch\\\/\",\"name\":\"Organisator\",\"description\":\"Kompetent. Praxisnah. Der ORGANISATOR bereitet in 10 Ausgaben pro Jahr die wesentlichen Themen f\u00fcr F\u00fchrungskr\u00e4fte von KMU auf.\",\"publisher\":{\"@id\":\"https:\\\/\\\/www.organisator.ch\\\/#organization\"},\"potentialAction\":[{\"@type\":\"SearchAction\",\"target\":{\"@type\":\"EntryPoint\",\"urlTemplate\":\"https:\\\/\\\/www.organisator.ch\\\/?s={search_term_string}\"},\"query-input\":{\"@type\":\"PropertyValueSpecification\",\"valueRequired\":true,\"valueName\":\"search_term_string\"}}],\"inLanguage\":\"de\"},{\"@type\":\"Organization\",\"@id\":\"https:\\\/\\\/www.organisator.ch\\\/#organization\",\"name\":\"Organisator\",\"url\":\"https:\\\/\\\/www.organisator.ch\\\/\",\"logo\":{\"@type\":\"ImageObject\",\"inLanguage\":\"de\",\"@id\":\"https:\\\/\\\/www.organisator.ch\\\/#\\\/schema\\\/logo\\\/image\\\/\",\"url\":\"https:\\\/\\\/www.organisator.ch\\\/wp-content\\\/uploads\\\/2022\\\/01\\\/Logo_Organisator_Website.png\",\"contentUrl\":\"https:\\\/\\\/www.organisator.ch\\\/wp-content\\\/uploads\\\/2022\\\/01\\\/Logo_Organisator_Website.png\",\"width\":800,\"height\":77,\"caption\":\"Organisator\"},\"image\":{\"@id\":\"https:\\\/\\\/www.organisator.ch\\\/#\\\/schema\\\/logo\\\/image\\\/\"},\"sameAs\":[\"https:\\\/\\\/www.facebook.com\\\/OrganisatorFachmagazin\",\"https:\\\/\\\/www.linkedin.com\\\/showcase\\\/organisator-das-magazin-fr-kmu\",\"https:\\\/\\\/www.xing.com\\\/news\\\/pages\\\/organisator-ch-695\",\"https:\\\/\\\/www.youtube.com\\\/channel\\\/UCGP2Sq0iWaZwT3BdIAQFYpw\"]},{\"@type\":\"Person\",\"@id\":\"https:\\\/\\\/www.organisator.ch\\\/#\\\/schema\\\/person\\\/134708ca9321c57b0362cceb7948ffbd\",\"name\":\"michael.merz\",\"image\":{\"@type\":\"ImageObject\",\"inLanguage\":\"de\",\"@id\":\"https:\\\/\\\/secure.gravatar.com\\\/avatar\\\/?s=96&d=mm&r=g\",\"url\":\"https:\\\/\\\/secure.gravatar.com\\\/avatar\\\/?s=96&d=mm&r=g\",\"contentUrl\":\"https:\\\/\\\/secure.gravatar.com\\\/avatar\\\/?s=96&d=mm&r=g\",\"caption\":\"michael.merz\"},\"url\":\"https:\\\/\\\/www.organisator.ch\\\/de\\\/author\\\/michael-merz\\\/\"}]}<\/script>\n<!-- \/ Yoast SEO plugin. -->","yoast_head_json":{"title":"Robert Half Studie: F\u00fchrungskr\u00e4fte sind zufriedener als Angestellte - Organisator","description":"Eine Studie von Robert Half unterstreicht: Mitarbeiter, die fair und respektvoll behandelt werden und Wertsch\u00e4tzung erfahren, sind gl\u00fccklich im Job.","robots":{"index":"index","follow":"follow","max-snippet":"max-snippet:-1","max-image-preview":"max-image-preview:large","max-video-preview":"max-video-preview:-1"},"canonical":"https:\/\/www.organisator.ch\/de\/human-resources\/hrm\/2017-04-04\/robert-half-studie-fuehrungskraefte-sind-zufriedener-als-angestellte\/","og_locale":"de_DE","og_type":"article","og_title":"Robert Half Studie: F\u00fchrungskr\u00e4fte sind zufriedener als Angestellte - Organisator","og_description":"Eine Studie von Robert Half unterstreicht: Mitarbeiter, die fair und respektvoll behandelt werden und Wertsch\u00e4tzung erfahren, sind gl\u00fccklich im Job.","og_url":"https:\/\/www.organisator.ch\/de\/human-resources\/hrm\/2017-04-04\/robert-half-studie-fuehrungskraefte-sind-zufriedener-als-angestellte\/","og_site_name":"Organisator","article_publisher":"https:\/\/www.facebook.com\/OrganisatorFachmagazin","article_published_time":"2017-04-04T09:05:11+00:00","og_image":[{"width":1152,"height":803,"url":"https:\/\/www.organisator.ch\/wp-content\/uploads\/2017\/04\/Studie-Fuehrungskraefte-sind-zufriedener-als-Angestellte-org-orgranisator.jpg","type":"image\/jpeg"}],"author":"michael.merz","twitter_card":"summary_large_image","schema":{"@context":"https:\/\/schema.org","@graph":[{"@type":"Article","@id":"https:\/\/www.organisator.ch\/human-resources\/hrm\/2017-04-04\/robert-half-studie-fuehrungskraefte-sind-zufriedener-als-angestellte\/#article","isPartOf":{"@id":"https:\/\/www.organisator.ch\/human-resources\/hrm\/2017-04-04\/robert-half-studie-fuehrungskraefte-sind-zufriedener-als-angestellte\/"},"author":{"name":"michael.merz","@id":"https:\/\/www.organisator.ch\/#\/schema\/person\/134708ca9321c57b0362cceb7948ffbd"},"headline":"Robert Half Studie: F\u00fchrungskr\u00e4fte sind zufriedener als Angestellte","datePublished":"2017-04-04T09:05:11+00:00","mainEntityOfPage":{"@id":"https:\/\/www.organisator.ch\/human-resources\/hrm\/2017-04-04\/robert-half-studie-fuehrungskraefte-sind-zufriedener-als-angestellte\/"},"wordCount":700,"commentCount":1,"publisher":{"@id":"https:\/\/www.organisator.ch\/#organization"},"image":{"@id":"https:\/\/www.organisator.ch\/human-resources\/hrm\/2017-04-04\/robert-half-studie-fuehrungskraefte-sind-zufriedener-als-angestellte\/#primaryimage"},"thumbnailUrl":"https:\/\/www.organisator.ch\/wp-content\/uploads\/2017\/04\/Studie-Fuehrungskraefte-sind-zufriedener-als-Angestellte-org-orgranisator.jpg","keywords":["Arbeitszufriedenheit","Studie"],"articleSection":["HRM"],"inLanguage":"de"},{"@type":"WebPage","@id":"https:\/\/www.organisator.ch\/human-resources\/hrm\/2017-04-04\/robert-half-studie-fuehrungskraefte-sind-zufriedener-als-angestellte\/","url":"https:\/\/www.organisator.ch\/human-resources\/hrm\/2017-04-04\/robert-half-studie-fuehrungskraefte-sind-zufriedener-als-angestellte\/","name":"Robert Half Studie: F\u00fchrungskr\u00e4fte sind zufriedener als Angestellte - Organisator","isPartOf":{"@id":"https:\/\/www.organisator.ch\/#website"},"primaryImageOfPage":{"@id":"https:\/\/www.organisator.ch\/human-resources\/hrm\/2017-04-04\/robert-half-studie-fuehrungskraefte-sind-zufriedener-als-angestellte\/#primaryimage"},"image":{"@id":"https:\/\/www.organisator.ch\/human-resources\/hrm\/2017-04-04\/robert-half-studie-fuehrungskraefte-sind-zufriedener-als-angestellte\/#primaryimage"},"thumbnailUrl":"https:\/\/www.organisator.ch\/wp-content\/uploads\/2017\/04\/Studie-Fuehrungskraefte-sind-zufriedener-als-Angestellte-org-orgranisator.jpg","datePublished":"2017-04-04T09:05:11+00:00","description":"Eine Studie von Robert Half unterstreicht: Mitarbeiter, die fair und respektvoll behandelt werden und Wertsch\u00e4tzung erfahren, sind gl\u00fccklich im Job.","breadcrumb":{"@id":"https:\/\/www.organisator.ch\/human-resources\/hrm\/2017-04-04\/robert-half-studie-fuehrungskraefte-sind-zufriedener-als-angestellte\/#breadcrumb"},"inLanguage":"de","potentialAction":[{"@type":"ReadAction","target":["https:\/\/www.organisator.ch\/human-resources\/hrm\/2017-04-04\/robert-half-studie-fuehrungskraefte-sind-zufriedener-als-angestellte\/"]}]},{"@type":"ImageObject","inLanguage":"de","@id":"https:\/\/www.organisator.ch\/human-resources\/hrm\/2017-04-04\/robert-half-studie-fuehrungskraefte-sind-zufriedener-als-angestellte\/#primaryimage","url":"https:\/\/www.organisator.ch\/wp-content\/uploads\/2017\/04\/Studie-Fuehrungskraefte-sind-zufriedener-als-Angestellte-org-orgranisator.jpg","contentUrl":"https:\/\/www.organisator.ch\/wp-content\/uploads\/2017\/04\/Studie-Fuehrungskraefte-sind-zufriedener-als-Angestellte-org-orgranisator.jpg","width":1152,"height":803,"caption":"Die Mehrheit der in der Robert Half Studie \u201eDIE ZEIT IST REIF. GL\u00dcCKLICH ARBEITEN.\u201c befragten Angestellten erreicht auf einer Gl\u00fccksskala von 0 bis 100 ein Happiness-Niveau von 70. (Quelle: Robert Half)"},{"@type":"BreadcrumbList","@id":"https:\/\/www.organisator.ch\/human-resources\/hrm\/2017-04-04\/robert-half-studie-fuehrungskraefte-sind-zufriedener-als-angestellte\/#breadcrumb","itemListElement":[{"@type":"ListItem","position":1,"name":"Home","item":"https:\/\/www.organisator.ch\/"},{"@type":"ListItem","position":2,"name":"Robert Half Studie: F\u00fchrungskr\u00e4fte sind zufriedener als Angestellte"}]},{"@type":"WebSite","@id":"https:\/\/www.organisator.ch\/#website","url":"https:\/\/www.organisator.ch\/","name":"Organisator","description":"Kompetent. Praxisnah. Der ORGANISATOR bereitet in 10 Ausgaben pro Jahr die wesentlichen Themen f\u00fcr F\u00fchrungskr\u00e4fte von KMU auf.","publisher":{"@id":"https:\/\/www.organisator.ch\/#organization"},"potentialAction":[{"@type":"SearchAction","target":{"@type":"EntryPoint","urlTemplate":"https:\/\/www.organisator.ch\/?s={search_term_string}"},"query-input":{"@type":"PropertyValueSpecification","valueRequired":true,"valueName":"search_term_string"}}],"inLanguage":"de"},{"@type":"Organization","@id":"https:\/\/www.organisator.ch\/#organization","name":"Organisator","url":"https:\/\/www.organisator.ch\/","logo":{"@type":"ImageObject","inLanguage":"de","@id":"https:\/\/www.organisator.ch\/#\/schema\/logo\/image\/","url":"https:\/\/www.organisator.ch\/wp-content\/uploads\/2022\/01\/Logo_Organisator_Website.png","contentUrl":"https:\/\/www.organisator.ch\/wp-content\/uploads\/2022\/01\/Logo_Organisator_Website.png","width":800,"height":77,"caption":"Organisator"},"image":{"@id":"https:\/\/www.organisator.ch\/#\/schema\/logo\/image\/"},"sameAs":["https:\/\/www.facebook.com\/OrganisatorFachmagazin","https:\/\/www.linkedin.com\/showcase\/organisator-das-magazin-fr-kmu","https:\/\/www.xing.com\/news\/pages\/organisator-ch-695","https:\/\/www.youtube.com\/channel\/UCGP2Sq0iWaZwT3BdIAQFYpw"]},{"@type":"Person","@id":"https:\/\/www.organisator.ch\/#\/schema\/person\/134708ca9321c57b0362cceb7948ffbd","name":"michael.merz","image":{"@type":"ImageObject","inLanguage":"de","@id":"https:\/\/secure.gravatar.com\/avatar\/?s=96&d=mm&r=g","url":"https:\/\/secure.gravatar.com\/avatar\/?s=96&d=mm&r=g","contentUrl":"https:\/\/secure.gravatar.com\/avatar\/?s=96&d=mm&r=g","caption":"michael.merz"},"url":"https:\/\/www.organisator.ch\/de\/author\/michael-merz\/"}]}},"_links":{"self":[{"href":"https:\/\/www.organisator.ch\/de\/wp-json\/wp\/v2\/posts\/1731","targetHints":{"allow":["GET"]}}],"collection":[{"href":"https:\/\/www.organisator.ch\/de\/wp-json\/wp\/v2\/posts"}],"about":[{"href":"https:\/\/www.organisator.ch\/de\/wp-json\/wp\/v2\/types\/post"}],"author":[{"embeddable":true,"href":"https:\/\/www.organisator.ch\/de\/wp-json\/wp\/v2\/users\/5"}],"replies":[{"embeddable":true,"href":"https:\/\/www.organisator.ch\/de\/wp-json\/wp\/v2\/comments?post=1731"}],"version-history":[{"count":0,"href":"https:\/\/www.organisator.ch\/de\/wp-json\/wp\/v2\/posts\/1731\/revisions"}],"wp:featuredmedia":[{"embeddable":true,"href":"https:\/\/www.organisator.ch\/de\/wp-json\/wp\/v2\/media\/1732"}],"wp:attachment":[{"href":"https:\/\/www.organisator.ch\/de\/wp-json\/wp\/v2\/media?parent=1731"}],"wp:term":[{"taxonomy":"category","embeddable":true,"href":"https:\/\/www.organisator.ch\/de\/wp-json\/wp\/v2\/categories?post=1731"},{"taxonomy":"post_tag","embeddable":true,"href":"https:\/\/www.organisator.ch\/de\/wp-json\/wp\/v2\/tags?post=1731"}],"curies":[{"name":"wp","href":"https:\/\/api.w.org\/{rel}","templated":true}]}}