{"id":17385,"date":"2022-10-25T03:33:36","date_gmt":"2022-10-25T01:33:36","guid":{"rendered":"https:\/\/www.organisator.ch\/?p=17385"},"modified":"2022-10-27T15:18:20","modified_gmt":"2022-10-27T13:18:20","slug":"die-it-im-wandel-der-arbeitswelt","status":"publish","type":"post","link":"https:\/\/www.organisator.ch\/de\/human-resources\/2022-10-25\/die-it-im-wandel-der-arbeitswelt\/","title":{"rendered":"Die IT im Wandel der Arbeitswelt"},"content":{"rendered":"<figure id=\"attachment_17386\" aria-describedby=\"caption-attachment-17386\" style=\"width: 680px\" class=\"wp-caption alignnone\"><img loading=\"lazy\" decoding=\"async\" class=\"size-full wp-image-17386\" src=\"https:\/\/www.organisator.ch\/wp-content\/uploads\/2022\/10\/Die-IT-im-Wandel-der-Arbeitswelt-1_Organisator.jpg\" alt=\"\" width=\"680\" height=\"413\" srcset=\"https:\/\/www.organisator.ch\/wp-content\/uploads\/2022\/10\/Die-IT-im-Wandel-der-Arbeitswelt-1_Organisator.jpg 680w, https:\/\/www.organisator.ch\/wp-content\/uploads\/2022\/10\/Die-IT-im-Wandel-der-Arbeitswelt-1_Organisator-18x12.jpg 18w, https:\/\/www.organisator.ch\/wp-content\/uploads\/2022\/10\/Die-IT-im-Wandel-der-Arbeitswelt-1_Organisator-288x175.jpg 288w, https:\/\/www.organisator.ch\/wp-content\/uploads\/2022\/10\/Die-IT-im-Wandel-der-Arbeitswelt-1_Organisator-576x350.jpg 576w, https:\/\/www.organisator.ch\/wp-content\/uploads\/2022\/10\/Die-IT-im-Wandel-der-Arbeitswelt-1_Organisator-300x182.jpg 300w\" sizes=\"auto, (max-width: 680px) 100vw, 680px\" \/><figcaption id=\"caption-attachment-17386\" class=\"wp-caption-text\">Die IT im Wandel der Arbeitswelt: So lautet der Titel einer aktuellen Studie zur k\u00fcnftigen Rolle der IT. Sie zeigt: Die Verantwortung verschiebt sich &#8211; viele vormals reine HR-Aufgaben liegen nun bei der IT. (Bild: Nexthink)<\/figcaption><\/figure>\n<p>Die Digital Employee Experience (DEX) wird zum kritischen Thema. Dies hat eine Studie zum Wandel der Arbeitswelt von Nexthink in Deutschland, Frankreich, England und den USA ergeben. Insgesamt wurden dabei 1000 IT-Experten befragt. Die Ergebnisse zeigen: Rund ein Viertel ihrer Arbeitszeit konzentrieren sie sich aktuell auf DEX-bezogene Anforderungen. Ein Drittel der Arbeitszeit ist strategischer Natur \u2013 wozu auch die Zusammenarbeit mit HR geh\u00f6rt, 40 Prozent entfallen auf den allgemeinen IT-Betrieb.<\/p>\n<h3>Wandel der Arbeitswelt als Frage des IT-Erlebnisses<\/h3>\n<p>Aus den Ergebnissen der vom unabh\u00e4ngigen Marktforschungsinstitut Vanson Bourne erhobenen <a href=\"https:\/\/www.nexthink.com\/de\/ressource\/die-it-im-wandel-der-arbeitswelt\/\">Nexthink-Studie<\/a> wird deutlich: Wichtig ist die Schaffung von L\u00f6sungen, um die Zusammenarbeit und Produktivit\u00e4t von Mitarbeitern zu unterst\u00fctzen \u2013 d.h. auf das IT-Erlebnis bzw. die Digital Employee Experience insgesamt kommt es an. Lediglich IT-Ausr\u00fcstung bereitzustellen, gen\u00fcgt nicht mehr. Eine Entwicklung, die sich bereits vor der Pandemie gezeigt hat. Faktisch alle Studienteilnehmer sind der Ansicht, dass die IT eine kritische bzw. wichtige Rolle dabei spielt, den \u201eFlow\u201c am Arbeitsplatz, d.h. einen produktiven, st\u00f6rungsfreien Arbeitsfluss sicherzustellen.<\/p>\n<p>Auch die Verantwortungsbereiche verschieben sich deutlich, IT und HR greifen st\u00e4rker ineinander. Laut den befragten IT-Experten aus Deutschland lag vor der Pandemie vornehmlich bei HR (40%) die Verantwortung f\u00fcr Arbeitspl\u00e4tze, oder HR und IT in Kombination (39%). Mittlerweile hat die IT in diesem Bereich erheblich an Bedeutung gewonnen. Heute sehen nur noch zw\u00f6lf Prozent HR hier in der alleinigen Verantwortung. In f\u00fcnf Jahren, also in 2027, sinkt dieser Wert auf vier Prozent. 43 Prozent gehen davon aus, dass die Unternehmens-IT dann die f\u00fchrende Rolle bei der Gestaltung und Bereitstellung von Arbeitspl\u00e4tzen \u00fcbernehmen wird, 53 Prozent erwarten ein gemeinsames Agieren von IT und HR. Denn, so die \u00dcberzeugung von 94 Prozent der Befragten aus Deutschland, dessen Arbeitskultur jener in der Schweiz wohl am n\u00e4chsten liegt, eine ortsunabh\u00e4ngige Arbeitsumgebung ist effizienter, wenn sie im Kern von der IT gestaltet wurde.<\/p>\n<h3><strong>IT als Schl\u00fcssel zur Mitarbeiterbindung<\/strong><\/h3>\n<p>Selbst bislang ausschliesslich dem HR zugeordnete Anforderungen wie das Wohlbefinden und die Zufriedenheit von Mitarbeitern sind heute Themen, die verst\u00e4rkt bei der IT angesiedelt werden: 20 Prozent sehen daf\u00fcr die IT in der f\u00fchrenden Rolle, 38 Prozent IT und HR gemeinsam. Zudem hat die IT \u2013 so die Ansicht von 92 Prozent der Befragten aus Deutschland \u2013 eine Schl\u00fcsselposition, um qualifizierte Mitarbeiter zu binden und dem kritischen Thema der \u201eGreat Resignation\u201c bzw. der \u201egro\u00dfen K\u00fcndigungswelle\u201c entgegenzuwirken. 98 Prozent sagen, dass eine komfortable Remote-Arbeitsumgebung die Mitarbeiterbindung verbessert. Im L\u00e4ndervergleich ist in UK mit 89 Prozent die Zustimmung daf\u00fcr am niedrigsten.<\/p>\n<p>Das heisst, HR und IT werden Wege finden m\u00fcssen, um eng zu kooperieren \u2013 auch in der Kommunikation mit Mitarbeitern. Diese Zusammenarbeit entwickelt sich schon seit geraumer Zeit auf mehreren Ebenen, neue Aufgabenfelder kamen in den vergangenen f\u00fcnf Jahren auf die IT zu: So sagten 27 Prozent aus Deutschland, dass sie als IT-Experten HR-bezogene Projekte durchgef\u00fchrt haben, 44 Prozent unterst\u00fctzen Kommunikationsplattformen f\u00fcr Mitarbeiter. Bei diesem Thema zeigen sich in den untersuchten L\u00e4ndern durchaus Unterschiede: In Frankreich gaben mit 33 Prozent deutlich mehr IT-Experten an, dass sie HR-bezogene Projekte durchgef\u00fchrt haben, USA und UK liegen mit 18 Prozent deutlich darunter.<\/p>\n<figure id=\"attachment_17387\" aria-describedby=\"caption-attachment-17387\" style=\"width: 680px\" class=\"wp-caption alignnone\"><img loading=\"lazy\" decoding=\"async\" class=\"size-full wp-image-17387\" src=\"https:\/\/www.organisator.ch\/wp-content\/uploads\/2022\/10\/Die-IT-im-Wandel-der-Arbeitswelt-2_Organisator.jpg\" alt=\"\" width=\"680\" height=\"680\" srcset=\"https:\/\/www.organisator.ch\/wp-content\/uploads\/2022\/10\/Die-IT-im-Wandel-der-Arbeitswelt-2_Organisator.jpg 680w, https:\/\/www.organisator.ch\/wp-content\/uploads\/2022\/10\/Die-IT-im-Wandel-der-Arbeitswelt-2_Organisator-150x150.jpg 150w, https:\/\/www.organisator.ch\/wp-content\/uploads\/2022\/10\/Die-IT-im-Wandel-der-Arbeitswelt-2_Organisator-12x12.jpg 12w, https:\/\/www.organisator.ch\/wp-content\/uploads\/2022\/10\/Die-IT-im-Wandel-der-Arbeitswelt-2_Organisator-175x175.jpg 175w, https:\/\/www.organisator.ch\/wp-content\/uploads\/2022\/10\/Die-IT-im-Wandel-der-Arbeitswelt-2_Organisator-350x350.jpg 350w, https:\/\/www.organisator.ch\/wp-content\/uploads\/2022\/10\/Die-IT-im-Wandel-der-Arbeitswelt-2_Organisator-250x250.jpg 250w, https:\/\/www.organisator.ch\/wp-content\/uploads\/2022\/10\/Die-IT-im-Wandel-der-Arbeitswelt-2_Organisator-300x300.jpg 300w, https:\/\/www.organisator.ch\/wp-content\/uploads\/2022\/10\/Die-IT-im-Wandel-der-Arbeitswelt-2_Organisator-100x100.jpg 100w\" sizes=\"auto, (max-width: 680px) 100vw, 680px\" \/><figcaption id=\"caption-attachment-17387\" class=\"wp-caption-text\">(Grafik: Nexthink)<\/figcaption><\/figure>\n<h3><strong>Sicher und st\u00f6rungsfrei ist die Devise<\/strong><\/h3>\n<p>Klar scheint auch der IT zu sein: Reine B\u00fcroarbeitspl\u00e4tze sind weitgehend Vergangenheit. 48 Prozent gaben an, dass in f\u00fcnf Jahren Arbeitspl\u00e4tze vorwiegend virtuell sein werden f\u00fcr ortsunabh\u00e4ngiges Arbeiten. Nur acht Prozent sehen in Zukunft noch Arbeitspl\u00e4tze rein vor Ort im Unternehmen.<\/p>\n<p>Zwar spielt das Thema Sicherheit bei Remote Working mit 26 Prozent erwartungsgem\u00e4ss noch die wichtigste Rolle (Frankreich 29%, UK 23%), doch fast gleichauf ist mit 22 Prozent die Herausforderung, die n\u00f6tigen Tools f\u00fcr ortsunabh\u00e4ngiges Arbeiten zu entwickeln (USA und UK 17%, Frankreich 19%). Jeder f\u00fcnfte IT-Experte sieht sich insbesondere gefordert, Mitarbeitern eine st\u00f6rungsfreie Arbeitsumgebung zu gew\u00e4hrleisten. Denn, so mit 83 Prozent Zustimmung die einhellige Meinung, werden IT-St\u00f6rungen bei Remote Working als schwerwiegender empfunden als im B\u00fcro.<\/p>\n<h3><strong>IT fordert mehr Unterst\u00fctzung<\/strong><\/h3>\n<p>Dass laut der befragten Studienteilnehmer das Management von Remote und Hybrid Working heute und in Zukunft eine immer wichtigere Rolle bei der Unternehmens-IT spielen wird, \u00fcberrascht nicht. IT-Experten werden f\u00fcr Unternehmen, die flexible Arbeitsumgebungen bieten, immer wichtiger. Doch \u2013 und dies \u00fcberrascht allerdings \u2013 ist diese Erkenntnis noch nicht bei allen Unternehmen angekommen. Auf die Frage, was ihnen als IT-Experten bei ihren Herausforderungen f\u00fcr flexible Arbeitsplatzumgebungen helfen w\u00fcrde, nannten mit 57 Prozent die meisten diesen Aspekt: Mehr Anerkennung und Bewusstsein f\u00fcr ihre Rolle und Verantwortlichkeiten. Dies gilt f\u00fcr alle untersuchten L\u00e4nder. An zweiter Stelle (51%) rangiert der Wunsch, dass in zus\u00e4tzliche Tools und Software investiert wird, dicht gefolgt von besserer Unterst\u00fctzung durch F\u00fchrungskr\u00e4fte (49%), mehr Zeit f\u00fcr diese Aufgaben (48%) und Schulungen (45%).<\/p>\n<h3><strong>Fazit: F\u00fcr den Wandel der Arbeitswelt m\u00fcssen IT und HR Hand in Hand gehen<\/strong><\/h3>\n<p>IT-Experten in Unternehmen sind sich ihrer deutlich erweiterten Rolle f\u00fcr strategische HR-Anforderungen bewusst. Sie sehen sich als proaktive Gestalter der Zukunft der Arbeit und damit einen ihrer zentralen Verantwortungsbereiche darin, mit einem optimalen IT-Erlebnis der digitalen Arbeitsumgebung die Mitarbeiterzufriedenheit und -bindung zu unterst\u00fctzen und weiterzuentwickeln. Daf\u00fcr ben\u00f6tigen sie aber auch neben zus\u00e4tzlichen technischen Tools und zeitlichen Freir\u00e4umen die R\u00fcckendeckung aus dem Management \u2013 die vielfach noch zu fehlen scheint.<\/p>\n<p><em>Quelle: <a href=\"https:\/\/www.nexthink.com\/de\/warum-nexthink\/\">Nexthink<\/a><\/em><\/p>\n","protected":false},"excerpt":{"rendered":"<p>Die Digital Employee Experience (DEX) wird zum kritischen Thema. Dies hat eine Studie zum Wandel der Arbeitswelt von Nexthink in Deutschland, Frankreich, England und den USA ergeben. Insgesamt wurden dabei 1000 IT-Experten befragt. Die Ergebnisse zeigen: Rund ein Viertel ihrer Arbeitszeit konzentrieren sie sich aktuell auf DEX-bezogene Anforderungen. Ein Drittel der Arbeitszeit ist strategischer Natur [&hellip;]<\/p>\n","protected":false},"author":4,"featured_media":0,"comment_status":"closed","ping_status":"closed","sticky":false,"template":"","format":"standard","meta":{"_acf_changed":false,"_yoast_wpseo_focuskw":"Wandel der Arbeitswelt","_yoast_wpseo_metadesc":"Die Studie \u201eDie IT im Wandel der Arbeitswelt\u201c von Nexthink zeigt: Der Blick r\u00fcckt Richtung Mitarbeiter \u2013 nicht nur aus funktionalen Gr\u00fcnden.","articlekey":"","footnotes":""},"categories":[579,27],"tags":[3461,156,254,286,459],"class_list":["post-17385","post","type-post","status-publish","format-standard","hentry","category-human-resources","category-it","tag-digital-employee-experience","tag-digitalisierung","tag-hrm","tag-it","tag-studie"],"acf":[],"yoast_head":"<!-- This site is optimized with the Yoast SEO plugin v27.5 - https:\/\/yoast.com\/product\/yoast-seo-wordpress\/ -->\n<title>Die IT im Wandel der Arbeitswelt - Organisator<\/title>\n<meta name=\"description\" content=\"Die Studie \u201eDie IT im Wandel der Arbeitswelt\u201c von Nexthink zeigt: Der Blick r\u00fcckt Richtung Mitarbeiter \u2013 nicht nur aus funktionalen Gr\u00fcnden.\" \/>\n<meta name=\"robots\" content=\"index, follow, max-snippet:-1, max-image-preview:large, max-video-preview:-1\" \/>\n<link rel=\"canonical\" href=\"https:\/\/www.organisator.ch\/de\/management\/it\/2022-10-25\/die-it-im-wandel-der-arbeitswelt\/\" \/>\n<meta property=\"og:locale\" content=\"de_DE\" \/>\n<meta property=\"og:type\" content=\"article\" \/>\n<meta property=\"og:title\" content=\"Die IT im Wandel der Arbeitswelt\" \/>\n<meta property=\"og:description\" content=\"Die Studie \u201eDie IT im Wandel der Arbeitswelt\u201c von Nexthink zeigt: Der Blick r\u00fcckt Richtung Mitarbeiter \u2013 nicht nur aus funktionalen Gr\u00fcnden.\" \/>\n<meta property=\"og:url\" content=\"https:\/\/www.organisator.ch\/de\/management\/it\/2022-10-25\/die-it-im-wandel-der-arbeitswelt\/\" \/>\n<meta property=\"og:site_name\" content=\"Organisator\" \/>\n<meta property=\"article:publisher\" content=\"https:\/\/www.facebook.com\/OrganisatorFachmagazin\" \/>\n<meta property=\"article:published_time\" content=\"2022-10-25T01:33:36+00:00\" \/>\n<meta property=\"article:modified_time\" content=\"2022-10-27T13:18:20+00:00\" \/>\n<meta property=\"og:image\" content=\"https:\/\/www.organisator.ch\/wp-content\/uploads\/2022\/10\/Die-IT-im-Wandel-der-Arbeitswelt-1_Organisator.jpg\" \/>\n\t<meta property=\"og:image:width\" content=\"680\" \/>\n\t<meta property=\"og:image:height\" content=\"413\" \/>\n\t<meta property=\"og:image:type\" content=\"image\/jpeg\" \/>\n<meta name=\"author\" content=\"thomas.berner\" \/>\n<meta name=\"twitter:card\" content=\"summary_large_image\" \/>\n<meta name=\"twitter:title\" content=\"Die #IT im Wandel der #Arbeitswelt\" \/>\n<meta name=\"twitter:description\" content=\"Die Studie \u201eDie IT im Wandel der #Arbeitswelt\u201c von #Nexthink zeigt: Der Blick r\u00fcckt Richtung Mitarbeiter \u2013 nicht nur aus funktionalen Gr\u00fcnden.\" \/>\n<meta name=\"twitter:image\" content=\"https:\/\/www.organisator.ch\/wp-content\/uploads\/2022\/10\/Die-IT-im-Wandel-der-Arbeitswelt-1_Organisator.jpg\" \/>\n<script type=\"application\/ld+json\" class=\"yoast-schema-graph\">{\"@context\":\"https:\\\/\\\/schema.org\",\"@graph\":[{\"@type\":\"Article\",\"@id\":\"https:\\\/\\\/www.organisator.ch\\\/management\\\/it\\\/2022-10-25\\\/die-it-im-wandel-der-arbeitswelt\\\/#article\",\"isPartOf\":{\"@id\":\"https:\\\/\\\/www.organisator.ch\\\/management\\\/it\\\/2022-10-25\\\/die-it-im-wandel-der-arbeitswelt\\\/\"},\"author\":{\"name\":\"thomas.berner\",\"@id\":\"https:\\\/\\\/www.organisator.ch\\\/#\\\/schema\\\/person\\\/6f650f90b2842cd4c0cc334b4e36f67e\"},\"headline\":\"Die IT im Wandel der Arbeitswelt\",\"datePublished\":\"2022-10-25T01:33:36+00:00\",\"dateModified\":\"2022-10-27T13:18:20+00:00\",\"mainEntityOfPage\":{\"@id\":\"https:\\\/\\\/www.organisator.ch\\\/management\\\/it\\\/2022-10-25\\\/die-it-im-wandel-der-arbeitswelt\\\/\"},\"wordCount\":931,\"publisher\":{\"@id\":\"https:\\\/\\\/www.organisator.ch\\\/#organization\"},\"image\":{\"@id\":\"https:\\\/\\\/www.organisator.ch\\\/management\\\/it\\\/2022-10-25\\\/die-it-im-wandel-der-arbeitswelt\\\/#primaryimage\"},\"thumbnailUrl\":\"https:\\\/\\\/www.organisator.ch\\\/wp-content\\\/uploads\\\/2022\\\/10\\\/Die-IT-im-Wandel-der-Arbeitswelt-1_Organisator.jpg\",\"keywords\":[\"Digital Employee Experience\",\"Digitalisierung\",\"HRM\",\"IT\",\"Studie\"],\"articleSection\":[\"HUMAN RESOURCES\",\"IT\"],\"inLanguage\":\"de\"},{\"@type\":\"WebPage\",\"@id\":\"https:\\\/\\\/www.organisator.ch\\\/management\\\/it\\\/2022-10-25\\\/die-it-im-wandel-der-arbeitswelt\\\/\",\"url\":\"https:\\\/\\\/www.organisator.ch\\\/management\\\/it\\\/2022-10-25\\\/die-it-im-wandel-der-arbeitswelt\\\/\",\"name\":\"Die IT im Wandel der Arbeitswelt - Organisator\",\"isPartOf\":{\"@id\":\"https:\\\/\\\/www.organisator.ch\\\/#website\"},\"primaryImageOfPage\":{\"@id\":\"https:\\\/\\\/www.organisator.ch\\\/management\\\/it\\\/2022-10-25\\\/die-it-im-wandel-der-arbeitswelt\\\/#primaryimage\"},\"image\":{\"@id\":\"https:\\\/\\\/www.organisator.ch\\\/management\\\/it\\\/2022-10-25\\\/die-it-im-wandel-der-arbeitswelt\\\/#primaryimage\"},\"thumbnailUrl\":\"https:\\\/\\\/www.organisator.ch\\\/wp-content\\\/uploads\\\/2022\\\/10\\\/Die-IT-im-Wandel-der-Arbeitswelt-1_Organisator.jpg\",\"datePublished\":\"2022-10-25T01:33:36+00:00\",\"dateModified\":\"2022-10-27T13:18:20+00:00\",\"description\":\"Die Studie \u201eDie IT im Wandel der Arbeitswelt\u201c von Nexthink zeigt: Der Blick r\u00fcckt Richtung Mitarbeiter \u2013 nicht nur aus funktionalen Gr\u00fcnden.\",\"breadcrumb\":{\"@id\":\"https:\\\/\\\/www.organisator.ch\\\/management\\\/it\\\/2022-10-25\\\/die-it-im-wandel-der-arbeitswelt\\\/#breadcrumb\"},\"inLanguage\":\"de\",\"potentialAction\":[{\"@type\":\"ReadAction\",\"target\":[\"https:\\\/\\\/www.organisator.ch\\\/management\\\/it\\\/2022-10-25\\\/die-it-im-wandel-der-arbeitswelt\\\/\"]}]},{\"@type\":\"ImageObject\",\"inLanguage\":\"de\",\"@id\":\"https:\\\/\\\/www.organisator.ch\\\/management\\\/it\\\/2022-10-25\\\/die-it-im-wandel-der-arbeitswelt\\\/#primaryimage\",\"url\":\"https:\\\/\\\/www.organisator.ch\\\/wp-content\\\/uploads\\\/2022\\\/10\\\/Die-IT-im-Wandel-der-Arbeitswelt-1_Organisator.jpg\",\"contentUrl\":\"https:\\\/\\\/www.organisator.ch\\\/wp-content\\\/uploads\\\/2022\\\/10\\\/Die-IT-im-Wandel-der-Arbeitswelt-1_Organisator.jpg\"},{\"@type\":\"BreadcrumbList\",\"@id\":\"https:\\\/\\\/www.organisator.ch\\\/management\\\/it\\\/2022-10-25\\\/die-it-im-wandel-der-arbeitswelt\\\/#breadcrumb\",\"itemListElement\":[{\"@type\":\"ListItem\",\"position\":1,\"name\":\"Home\",\"item\":\"https:\\\/\\\/www.organisator.ch\\\/\"},{\"@type\":\"ListItem\",\"position\":2,\"name\":\"Die IT im Wandel der Arbeitswelt\"}]},{\"@type\":\"WebSite\",\"@id\":\"https:\\\/\\\/www.organisator.ch\\\/#website\",\"url\":\"https:\\\/\\\/www.organisator.ch\\\/\",\"name\":\"Organisator\",\"description\":\"Kompetent. Praxisnah. Der ORGANISATOR bereitet in 10 Ausgaben pro Jahr die wesentlichen Themen f\u00fcr F\u00fchrungskr\u00e4fte von KMU auf.\",\"publisher\":{\"@id\":\"https:\\\/\\\/www.organisator.ch\\\/#organization\"},\"potentialAction\":[{\"@type\":\"SearchAction\",\"target\":{\"@type\":\"EntryPoint\",\"urlTemplate\":\"https:\\\/\\\/www.organisator.ch\\\/?s={search_term_string}\"},\"query-input\":{\"@type\":\"PropertyValueSpecification\",\"valueRequired\":true,\"valueName\":\"search_term_string\"}}],\"inLanguage\":\"de\"},{\"@type\":\"Organization\",\"@id\":\"https:\\\/\\\/www.organisator.ch\\\/#organization\",\"name\":\"Organisator\",\"url\":\"https:\\\/\\\/www.organisator.ch\\\/\",\"logo\":{\"@type\":\"ImageObject\",\"inLanguage\":\"de\",\"@id\":\"https:\\\/\\\/www.organisator.ch\\\/#\\\/schema\\\/logo\\\/image\\\/\",\"url\":\"https:\\\/\\\/www.organisator.ch\\\/wp-content\\\/uploads\\\/2022\\\/01\\\/Logo_Organisator_Website.png\",\"contentUrl\":\"https:\\\/\\\/www.organisator.ch\\\/wp-content\\\/uploads\\\/2022\\\/01\\\/Logo_Organisator_Website.png\",\"width\":800,\"height\":77,\"caption\":\"Organisator\"},\"image\":{\"@id\":\"https:\\\/\\\/www.organisator.ch\\\/#\\\/schema\\\/logo\\\/image\\\/\"},\"sameAs\":[\"https:\\\/\\\/www.facebook.com\\\/OrganisatorFachmagazin\",\"https:\\\/\\\/www.linkedin.com\\\/showcase\\\/organisator-das-magazin-fr-kmu\",\"https:\\\/\\\/www.xing.com\\\/news\\\/pages\\\/organisator-ch-695\",\"https:\\\/\\\/www.youtube.com\\\/channel\\\/UCGP2Sq0iWaZwT3BdIAQFYpw\"]},{\"@type\":\"Person\",\"@id\":\"https:\\\/\\\/www.organisator.ch\\\/#\\\/schema\\\/person\\\/6f650f90b2842cd4c0cc334b4e36f67e\",\"name\":\"thomas.berner\",\"image\":{\"@type\":\"ImageObject\",\"inLanguage\":\"de\",\"@id\":\"https:\\\/\\\/secure.gravatar.com\\\/avatar\\\/ac5001d2a36cb6c6cd3e50789007ffca834b477b74a2144564522e944eabff61?s=96&d=mm&r=g\",\"url\":\"https:\\\/\\\/secure.gravatar.com\\\/avatar\\\/ac5001d2a36cb6c6cd3e50789007ffca834b477b74a2144564522e944eabff61?s=96&d=mm&r=g\",\"contentUrl\":\"https:\\\/\\\/secure.gravatar.com\\\/avatar\\\/ac5001d2a36cb6c6cd3e50789007ffca834b477b74a2144564522e944eabff61?s=96&d=mm&r=g\",\"caption\":\"thomas.berner\"},\"url\":\"https:\\\/\\\/www.organisator.ch\\\/de\\\/author\\\/thomas-berner\\\/\"}]}<\/script>\n<!-- \/ Yoast SEO plugin. -->","yoast_head_json":{"title":"Die IT im Wandel der Arbeitswelt - Organisator","description":"Die Studie \u201eDie IT im Wandel der Arbeitswelt\u201c von Nexthink zeigt: Der Blick r\u00fcckt Richtung Mitarbeiter \u2013 nicht nur aus funktionalen Gr\u00fcnden.","robots":{"index":"index","follow":"follow","max-snippet":"max-snippet:-1","max-image-preview":"max-image-preview:large","max-video-preview":"max-video-preview:-1"},"canonical":"https:\/\/www.organisator.ch\/de\/management\/it\/2022-10-25\/die-it-im-wandel-der-arbeitswelt\/","og_locale":"de_DE","og_type":"article","og_title":"Die IT im Wandel der Arbeitswelt","og_description":"Die Studie \u201eDie IT im Wandel der Arbeitswelt\u201c von Nexthink zeigt: Der Blick r\u00fcckt Richtung Mitarbeiter \u2013 nicht nur aus funktionalen Gr\u00fcnden.","og_url":"https:\/\/www.organisator.ch\/de\/management\/it\/2022-10-25\/die-it-im-wandel-der-arbeitswelt\/","og_site_name":"Organisator","article_publisher":"https:\/\/www.facebook.com\/OrganisatorFachmagazin","article_published_time":"2022-10-25T01:33:36+00:00","article_modified_time":"2022-10-27T13:18:20+00:00","og_image":[{"width":680,"height":413,"url":"https:\/\/www.organisator.ch\/wp-content\/uploads\/2022\/10\/Die-IT-im-Wandel-der-Arbeitswelt-1_Organisator.jpg","type":"image\/jpeg"}],"author":"thomas.berner","twitter_card":"summary_large_image","twitter_title":"Die #IT im Wandel der #Arbeitswelt","twitter_description":"Die Studie \u201eDie IT im Wandel der #Arbeitswelt\u201c von #Nexthink zeigt: Der Blick r\u00fcckt Richtung Mitarbeiter \u2013 nicht nur aus funktionalen Gr\u00fcnden.","twitter_image":"https:\/\/www.organisator.ch\/wp-content\/uploads\/2022\/10\/Die-IT-im-Wandel-der-Arbeitswelt-1_Organisator.jpg","schema":{"@context":"https:\/\/schema.org","@graph":[{"@type":"Article","@id":"https:\/\/www.organisator.ch\/management\/it\/2022-10-25\/die-it-im-wandel-der-arbeitswelt\/#article","isPartOf":{"@id":"https:\/\/www.organisator.ch\/management\/it\/2022-10-25\/die-it-im-wandel-der-arbeitswelt\/"},"author":{"name":"thomas.berner","@id":"https:\/\/www.organisator.ch\/#\/schema\/person\/6f650f90b2842cd4c0cc334b4e36f67e"},"headline":"Die IT im Wandel der Arbeitswelt","datePublished":"2022-10-25T01:33:36+00:00","dateModified":"2022-10-27T13:18:20+00:00","mainEntityOfPage":{"@id":"https:\/\/www.organisator.ch\/management\/it\/2022-10-25\/die-it-im-wandel-der-arbeitswelt\/"},"wordCount":931,"publisher":{"@id":"https:\/\/www.organisator.ch\/#organization"},"image":{"@id":"https:\/\/www.organisator.ch\/management\/it\/2022-10-25\/die-it-im-wandel-der-arbeitswelt\/#primaryimage"},"thumbnailUrl":"https:\/\/www.organisator.ch\/wp-content\/uploads\/2022\/10\/Die-IT-im-Wandel-der-Arbeitswelt-1_Organisator.jpg","keywords":["Digital Employee Experience","Digitalisierung","HRM","IT","Studie"],"articleSection":["HUMAN RESOURCES","IT"],"inLanguage":"de"},{"@type":"WebPage","@id":"https:\/\/www.organisator.ch\/management\/it\/2022-10-25\/die-it-im-wandel-der-arbeitswelt\/","url":"https:\/\/www.organisator.ch\/management\/it\/2022-10-25\/die-it-im-wandel-der-arbeitswelt\/","name":"Die IT im Wandel der Arbeitswelt - Organisator","isPartOf":{"@id":"https:\/\/www.organisator.ch\/#website"},"primaryImageOfPage":{"@id":"https:\/\/www.organisator.ch\/management\/it\/2022-10-25\/die-it-im-wandel-der-arbeitswelt\/#primaryimage"},"image":{"@id":"https:\/\/www.organisator.ch\/management\/it\/2022-10-25\/die-it-im-wandel-der-arbeitswelt\/#primaryimage"},"thumbnailUrl":"https:\/\/www.organisator.ch\/wp-content\/uploads\/2022\/10\/Die-IT-im-Wandel-der-Arbeitswelt-1_Organisator.jpg","datePublished":"2022-10-25T01:33:36+00:00","dateModified":"2022-10-27T13:18:20+00:00","description":"Die Studie \u201eDie IT im Wandel der Arbeitswelt\u201c von Nexthink zeigt: Der Blick r\u00fcckt Richtung Mitarbeiter \u2013 nicht nur aus funktionalen Gr\u00fcnden.","breadcrumb":{"@id":"https:\/\/www.organisator.ch\/management\/it\/2022-10-25\/die-it-im-wandel-der-arbeitswelt\/#breadcrumb"},"inLanguage":"de","potentialAction":[{"@type":"ReadAction","target":["https:\/\/www.organisator.ch\/management\/it\/2022-10-25\/die-it-im-wandel-der-arbeitswelt\/"]}]},{"@type":"ImageObject","inLanguage":"de","@id":"https:\/\/www.organisator.ch\/management\/it\/2022-10-25\/die-it-im-wandel-der-arbeitswelt\/#primaryimage","url":"https:\/\/www.organisator.ch\/wp-content\/uploads\/2022\/10\/Die-IT-im-Wandel-der-Arbeitswelt-1_Organisator.jpg","contentUrl":"https:\/\/www.organisator.ch\/wp-content\/uploads\/2022\/10\/Die-IT-im-Wandel-der-Arbeitswelt-1_Organisator.jpg"},{"@type":"BreadcrumbList","@id":"https:\/\/www.organisator.ch\/management\/it\/2022-10-25\/die-it-im-wandel-der-arbeitswelt\/#breadcrumb","itemListElement":[{"@type":"ListItem","position":1,"name":"Home","item":"https:\/\/www.organisator.ch\/"},{"@type":"ListItem","position":2,"name":"Die IT im Wandel der Arbeitswelt"}]},{"@type":"WebSite","@id":"https:\/\/www.organisator.ch\/#website","url":"https:\/\/www.organisator.ch\/","name":"Organisator","description":"Kompetent. Praxisnah. Der ORGANISATOR bereitet in 10 Ausgaben pro Jahr die wesentlichen Themen f\u00fcr F\u00fchrungskr\u00e4fte von KMU auf.","publisher":{"@id":"https:\/\/www.organisator.ch\/#organization"},"potentialAction":[{"@type":"SearchAction","target":{"@type":"EntryPoint","urlTemplate":"https:\/\/www.organisator.ch\/?s={search_term_string}"},"query-input":{"@type":"PropertyValueSpecification","valueRequired":true,"valueName":"search_term_string"}}],"inLanguage":"de"},{"@type":"Organization","@id":"https:\/\/www.organisator.ch\/#organization","name":"Organisator","url":"https:\/\/www.organisator.ch\/","logo":{"@type":"ImageObject","inLanguage":"de","@id":"https:\/\/www.organisator.ch\/#\/schema\/logo\/image\/","url":"https:\/\/www.organisator.ch\/wp-content\/uploads\/2022\/01\/Logo_Organisator_Website.png","contentUrl":"https:\/\/www.organisator.ch\/wp-content\/uploads\/2022\/01\/Logo_Organisator_Website.png","width":800,"height":77,"caption":"Organisator"},"image":{"@id":"https:\/\/www.organisator.ch\/#\/schema\/logo\/image\/"},"sameAs":["https:\/\/www.facebook.com\/OrganisatorFachmagazin","https:\/\/www.linkedin.com\/showcase\/organisator-das-magazin-fr-kmu","https:\/\/www.xing.com\/news\/pages\/organisator-ch-695","https:\/\/www.youtube.com\/channel\/UCGP2Sq0iWaZwT3BdIAQFYpw"]},{"@type":"Person","@id":"https:\/\/www.organisator.ch\/#\/schema\/person\/6f650f90b2842cd4c0cc334b4e36f67e","name":"thomas.berner","image":{"@type":"ImageObject","inLanguage":"de","@id":"https:\/\/secure.gravatar.com\/avatar\/ac5001d2a36cb6c6cd3e50789007ffca834b477b74a2144564522e944eabff61?s=96&d=mm&r=g","url":"https:\/\/secure.gravatar.com\/avatar\/ac5001d2a36cb6c6cd3e50789007ffca834b477b74a2144564522e944eabff61?s=96&d=mm&r=g","contentUrl":"https:\/\/secure.gravatar.com\/avatar\/ac5001d2a36cb6c6cd3e50789007ffca834b477b74a2144564522e944eabff61?s=96&d=mm&r=g","caption":"thomas.berner"},"url":"https:\/\/www.organisator.ch\/de\/author\/thomas-berner\/"}]}},"_links":{"self":[{"href":"https:\/\/www.organisator.ch\/de\/wp-json\/wp\/v2\/posts\/17385","targetHints":{"allow":["GET"]}}],"collection":[{"href":"https:\/\/www.organisator.ch\/de\/wp-json\/wp\/v2\/posts"}],"about":[{"href":"https:\/\/www.organisator.ch\/de\/wp-json\/wp\/v2\/types\/post"}],"author":[{"embeddable":true,"href":"https:\/\/www.organisator.ch\/de\/wp-json\/wp\/v2\/users\/4"}],"replies":[{"embeddable":true,"href":"https:\/\/www.organisator.ch\/de\/wp-json\/wp\/v2\/comments?post=17385"}],"version-history":[{"count":1,"href":"https:\/\/www.organisator.ch\/de\/wp-json\/wp\/v2\/posts\/17385\/revisions"}],"predecessor-version":[{"id":17388,"href":"https:\/\/www.organisator.ch\/de\/wp-json\/wp\/v2\/posts\/17385\/revisions\/17388"}],"wp:attachment":[{"href":"https:\/\/www.organisator.ch\/de\/wp-json\/wp\/v2\/media?parent=17385"}],"wp:term":[{"taxonomy":"category","embeddable":true,"href":"https:\/\/www.organisator.ch\/de\/wp-json\/wp\/v2\/categories?post=17385"},{"taxonomy":"post_tag","embeddable":true,"href":"https:\/\/www.organisator.ch\/de\/wp-json\/wp\/v2\/tags?post=17385"}],"curies":[{"name":"wp","href":"https:\/\/api.w.org\/{rel}","templated":true}]}}