{"id":17588,"date":"2022-10-27T16:16:29","date_gmt":"2022-10-27T14:16:29","guid":{"rendered":"https:\/\/www.werbewoche.ch\/?p=188888"},"modified":"2024-11-19T13:52:37","modified_gmt":"2024-11-19T12:52:37","slug":"15-millionen-mehr-fuer-den-buendner-tourismus","status":"publish","type":"post","link":"https:\/\/www.organisator.ch\/de\/marketing\/2022-10-27\/15-millionen-mehr-fuer-den-buendner-tourismus\/","title":{"rendered":"1,5 Millionen mehr f\u00fcr den B\u00fcndner Tourismus"},"content":{"rendered":"<figure id=\"attachment_188889\" class=\"wp-caption alignnone\" style=\"width: 1024px;\" aria-describedby=\"caption-attachment-188889\"><img class=\"alignnone wp-image-188889 size-full\" src=\"https:\/\/www.werbewoche.ch\/wp-content\/uploads\/2022\/10\/Buendner-tourismus-1-5-Millionen.jpg\" sizes=\"(max-width: 1024px) 100vw, 1024px\" srcset=\"https:\/\/www.werbewoche.ch\/wp-content\/uploads\/2022\/10\/Buendner-tourismus-1-5-Millionen.jpg 1024w, https:\/\/www.werbewoche.ch\/wp-content\/uploads\/2022\/10\/Buendner-tourismus-1-5-Millionen-600x450.jpg 600w, https:\/\/www.werbewoche.ch\/wp-content\/uploads\/2022\/10\/Buendner-tourismus-1-5-Millionen-768x576.jpg 768w, https:\/\/www.werbewoche.ch\/wp-content\/uploads\/2022\/10\/Buendner-tourismus-1-5-Millionen-16x12.jpg 16w, https:\/\/www.werbewoche.ch\/wp-content\/uploads\/2022\/10\/Buendner-tourismus-1-5-Millionen-233x175.jpg 233w, https:\/\/www.werbewoche.ch\/wp-content\/uploads\/2022\/10\/Buendner-tourismus-1-5-Millionen-467x350.jpg 467w, https:\/\/www.werbewoche.ch\/wp-content\/uploads\/2022\/10\/Buendner-tourismus-1-5-Millionen-1000x750.jpg 1000w\" alt=\"Graub\u00fcnden Ferien F\u00f6rderung\" width=\"1024\" height=\"768\" \/>\r\n<figcaption id=\"caption-attachment-188889\" class=\"wp-caption-text\">Der Verein Graub\u00fcnden Ferien m\u00f6chte das B\u00fcndnerland national und international als \u00abdie Naturmetropole der Alpen\u00bb positionieren. Daf\u00fcr erh\u00e4lt die Organisation von der Regierung 1,5 Millionen Franken mehr pro Jahr. (Archivbild: Keystone\/Gian Ehrenzeller)<\/figcaption>\r\n<\/figure>\r\n<p>Der Verein Graub\u00fcnden Ferien ist die touristische Marketingorganisation des Kantons. Die Regierung erneuerte nun den Leistungsauftrag der Organisation f\u00fcr die Jahre 2023-2026. Insgesamt 7,5 Millionen Franken erh\u00e4lt der Verein pro Jahr \u2013 das sind 1,5 Millionen Franken mehr als bisher.<\/p>\r\n<p>Eine Viertelmillion Franken fliesst in ein Projekt, um die Feriendestination in der Romandie bekannter zu machen. Eine andere Viertelmillion Franken wird in die Nachhaltigkeit investiert. Dies sei vermehrt ein G\u00e4stebed\u00fcrfnis und stelle eine Chance zur Angebotsgestaltung und zur Differenzierung gegen\u00fcber Mitbewerbern dar, erkl\u00e4rte Martin Vincenz, CEO von Graub\u00fcnden Ferien, am Donnerstag auf Anfrage der Nachrichtenagentur Keystone-SDA.<\/p>\r\n<p>Man wollte bei diesem Thema national mitwirken und Informationen f\u00fcr den B\u00fcndner Tourismus bereitstellen. Konkret geht es um eine Zusammenarbeit mit dem Kompetenzzentrum Nachhaltigkeit des Schweizer Tourismus-Verbandes, einer Mitarbeit beim Aufbau eines touristischen Monitorings und dessen Bereitstellung f\u00fcr Leistungstr\u00e4ger im Kanton.<\/p>\r\n<h3>Oberstes Ziel: Mehr G\u00e4ste<\/h3>\r\n<p>Das oberste Ziel des Vereins sei es aber \u2013 so liest es sich auf dessen Website \u2013 mehr G\u00e4ste nach Graub\u00fcnden zu bringen. So will Graub\u00fcnden Ferien mit einer Million Franken pro Jahr Werbung in den Golfstaaten, in Asien und den USA f\u00fcr \u00abdie Naturmetropole der Alpen\u00bb machen.<\/p>\r\n<p>Ziel sei eine h\u00f6here Auslastung der B\u00fcndner Hotellerie und eine Diversifikation der G\u00e4stestruktur, so Vincenz weiter. Damit sei man besser gegen Wirtschafts- und W\u00e4hrungsschwankungen ger\u00fcstet.<\/p>\r\n<p>Aus den genannten M\u00e4rkten seien aktuell vergleichsweise wenig G\u00e4ste in Graub\u00fcnden pr\u00e4sent. Das Potential hingegen sei gross. 2019 \u2013 also vor der Corona-Pandemie \u2013 betrug der Anteil der Fernmarktg\u00e4ste aus den Golfstaaten, China und den USA 3,8 Prozent. Der Schweizer Durchschnitt lag bei 13,1 Prozent.<\/p>\r\n<p>F\u00fcr eine nachhaltige Ausrichtung der \u00abFernm\u00e4rkte-Initiative\u00bb w\u00fcrde Graub\u00fcnden Ferien s\u00e4mtliche Bem\u00fchungen der Partner und Verb\u00e4nde, den Tourismus nachhaltiger zu gestalten, unterst\u00fctzen. Ausserdem m\u00f6chte man gezielt \u00abLust auf Ferien in idyllischen und urspr\u00fcnglich belassenen B\u00fcndner Ortschaften\u00bb machen. Die neue Nachhaltigkeitsstelle soll bei den Bem\u00fchungen helfen. <em>(SDA)<\/em><\/p>","protected":false},"excerpt":{"rendered":"<p>Der Verein Graub\u00fcnden Ferien ist die touristische Marketingorganisation des Kantons. Die Regierung erneuerte nun den Leistungsauftrag der Organisation f\u00fcr die Jahre 2023-2026. Insgesamt 7,5 Millionen Franken erh\u00e4lt der Verein pro Jahr \u2013 das sind 1,5 Millionen Franken mehr als bisher. Eine Viertelmillion Franken fliesst in ein Projekt, um die Feriendestination in der Romandie bekannter zu [\u2026]<\/p>\n","protected":false},"author":8,"featured_media":0,"comment_status":"closed","ping_status":"closed","sticky":false,"template":"","format":"standard","meta":{"_acf_changed":false,"_yoast_wpseo_focuskw":"Graub\u00fcnden Ferien F\u00f6rderung","_yoast_wpseo_metadesc":"Graub\u00fcnden Ferien erh\u00e4lt 1,5 Millionen Franken mehr pro Jahr zur F\u00f6rderung des Tourismus. Ziel: Mehr G\u00e4ste und nachhaltige Angebote.","articlekey":"","footnotes":""},"categories":[29],"tags":[1215,4759,1311,3473,1787,2317],"class_list":["post-17588","post","type-post","status-publish","format-standard","hentry","category-marketing","tag-foerderung","tag-gaeste","tag-graubuenden","tag-graubuenden-ferien-grf","tag-nachhaltigkeit","tag-tourismus"],"acf":[],"yoast_head":"<!-- This site is optimized with the Yoast SEO plugin v27.5 - https:\/\/yoast.com\/product\/yoast-seo-wordpress\/ -->\n<title>1,5 Millionen mehr f\u00fcr den B\u00fcndner Tourismus - Organisator<\/title>\n<meta name=\"description\" content=\"Graub\u00fcnden Ferien erh\u00e4lt 1,5 Millionen Franken mehr pro Jahr zur F\u00f6rderung des Tourismus. Ziel: Mehr G\u00e4ste und nachhaltige Angebote.\" \/>\n<meta name=\"robots\" content=\"index, follow, max-snippet:-1, max-image-preview:large, max-video-preview:-1\" \/>\n<link rel=\"canonical\" href=\"https:\/\/www.organisator.ch\/de\/marketing\/2022-10-27\/15-millionen-mehr-fuer-den-buendner-tourismus\/\" \/>\n<meta property=\"og:locale\" content=\"de_DE\" \/>\n<meta property=\"og:type\" content=\"article\" \/>\n<meta property=\"og:title\" content=\"1,5 Millionen mehr f\u00fcr den B\u00fcndner Tourismus - Organisator\" \/>\n<meta property=\"og:description\" content=\"Graub\u00fcnden Ferien erh\u00e4lt 1,5 Millionen Franken mehr pro Jahr zur F\u00f6rderung des Tourismus. Ziel: Mehr G\u00e4ste und nachhaltige Angebote.\" \/>\n<meta property=\"og:url\" content=\"https:\/\/www.organisator.ch\/de\/marketing\/2022-10-27\/15-millionen-mehr-fuer-den-buendner-tourismus\/\" \/>\n<meta property=\"og:site_name\" content=\"Organisator\" \/>\n<meta property=\"article:publisher\" content=\"https:\/\/www.facebook.com\/OrganisatorFachmagazin\" \/>\n<meta property=\"article:published_time\" content=\"2022-10-27T14:16:29+00:00\" \/>\n<meta property=\"article:modified_time\" content=\"2024-11-19T12:52:37+00:00\" \/>\n<meta name=\"author\" content=\"galledia\" \/>\n<meta name=\"twitter:card\" content=\"summary_large_image\" \/>\n<meta name=\"twitter:creator\" content=\"@admin\" \/>\n<script type=\"application\/ld+json\" class=\"yoast-schema-graph\">{\"@context\":\"https:\\\/\\\/schema.org\",\"@graph\":[{\"@type\":\"Article\",\"@id\":\"https:\\\/\\\/www.organisator.ch\\\/marketing\\\/2022-10-27\\\/15-millionen-mehr-fuer-den-buendner-tourismus\\\/#article\",\"isPartOf\":{\"@id\":\"https:\\\/\\\/www.organisator.ch\\\/marketing\\\/2022-10-27\\\/15-millionen-mehr-fuer-den-buendner-tourismus\\\/\"},\"author\":{\"name\":\"galledia\",\"@id\":\"https:\\\/\\\/www.organisator.ch\\\/#\\\/schema\\\/person\\\/4e51799071cd2dd1232ac003643ef5f0\"},\"headline\":\"1,5 Millionen mehr f\u00fcr den B\u00fcndner Tourismus\",\"datePublished\":\"2022-10-27T14:16:29+00:00\",\"dateModified\":\"2024-11-19T12:52:37+00:00\",\"mainEntityOfPage\":{\"@id\":\"https:\\\/\\\/www.organisator.ch\\\/marketing\\\/2022-10-27\\\/15-millionen-mehr-fuer-den-buendner-tourismus\\\/\"},\"wordCount\":378,\"publisher\":{\"@id\":\"https:\\\/\\\/www.organisator.ch\\\/#organization\"},\"image\":{\"@id\":\"https:\\\/\\\/www.organisator.ch\\\/marketing\\\/2022-10-27\\\/15-millionen-mehr-fuer-den-buendner-tourismus\\\/#primaryimage\"},\"thumbnailUrl\":\"https:\\\/\\\/www.werbewoche.ch\\\/wp-content\\\/uploads\\\/2022\\\/10\\\/Buendner-tourismus-1-5-Millionen.jpg\",\"keywords\":[\"F\u00f6rderung\",\"G\u00e4ste\",\"Graub\u00fcnden\",\"Graub\u00fcnden Ferien GRF\",\"Nachhaltigkeit\",\"Tourismus\"],\"articleSection\":[\"MARKETING\"],\"inLanguage\":\"de\"},{\"@type\":\"WebPage\",\"@id\":\"https:\\\/\\\/www.organisator.ch\\\/marketing\\\/2022-10-27\\\/15-millionen-mehr-fuer-den-buendner-tourismus\\\/\",\"url\":\"https:\\\/\\\/www.organisator.ch\\\/marketing\\\/2022-10-27\\\/15-millionen-mehr-fuer-den-buendner-tourismus\\\/\",\"name\":\"1,5 Millionen mehr f\u00fcr den B\u00fcndner Tourismus - Organisator\",\"isPartOf\":{\"@id\":\"https:\\\/\\\/www.organisator.ch\\\/#website\"},\"primaryImageOfPage\":{\"@id\":\"https:\\\/\\\/www.organisator.ch\\\/marketing\\\/2022-10-27\\\/15-millionen-mehr-fuer-den-buendner-tourismus\\\/#primaryimage\"},\"image\":{\"@id\":\"https:\\\/\\\/www.organisator.ch\\\/marketing\\\/2022-10-27\\\/15-millionen-mehr-fuer-den-buendner-tourismus\\\/#primaryimage\"},\"thumbnailUrl\":\"https:\\\/\\\/www.werbewoche.ch\\\/wp-content\\\/uploads\\\/2022\\\/10\\\/Buendner-tourismus-1-5-Millionen.jpg\",\"datePublished\":\"2022-10-27T14:16:29+00:00\",\"dateModified\":\"2024-11-19T12:52:37+00:00\",\"description\":\"Graub\u00fcnden Ferien erh\u00e4lt 1,5 Millionen Franken mehr pro Jahr zur F\u00f6rderung des Tourismus. Ziel: Mehr G\u00e4ste und nachhaltige Angebote.\",\"breadcrumb\":{\"@id\":\"https:\\\/\\\/www.organisator.ch\\\/marketing\\\/2022-10-27\\\/15-millionen-mehr-fuer-den-buendner-tourismus\\\/#breadcrumb\"},\"inLanguage\":\"de\",\"potentialAction\":[{\"@type\":\"ReadAction\",\"target\":[\"https:\\\/\\\/www.organisator.ch\\\/marketing\\\/2022-10-27\\\/15-millionen-mehr-fuer-den-buendner-tourismus\\\/\"]}]},{\"@type\":\"ImageObject\",\"inLanguage\":\"de\",\"@id\":\"https:\\\/\\\/www.organisator.ch\\\/marketing\\\/2022-10-27\\\/15-millionen-mehr-fuer-den-buendner-tourismus\\\/#primaryimage\",\"url\":\"https:\\\/\\\/www.werbewoche.ch\\\/wp-content\\\/uploads\\\/2022\\\/10\\\/Buendner-tourismus-1-5-Millionen.jpg\",\"contentUrl\":\"https:\\\/\\\/www.werbewoche.ch\\\/wp-content\\\/uploads\\\/2022\\\/10\\\/Buendner-tourismus-1-5-Millionen.jpg\"},{\"@type\":\"BreadcrumbList\",\"@id\":\"https:\\\/\\\/www.organisator.ch\\\/marketing\\\/2022-10-27\\\/15-millionen-mehr-fuer-den-buendner-tourismus\\\/#breadcrumb\",\"itemListElement\":[{\"@type\":\"ListItem\",\"position\":1,\"name\":\"Home\",\"item\":\"https:\\\/\\\/www.organisator.ch\\\/\"},{\"@type\":\"ListItem\",\"position\":2,\"name\":\"1,5 Millionen mehr f\u00fcr den B\u00fcndner Tourismus\"}]},{\"@type\":\"WebSite\",\"@id\":\"https:\\\/\\\/www.organisator.ch\\\/#website\",\"url\":\"https:\\\/\\\/www.organisator.ch\\\/\",\"name\":\"Organisator\",\"description\":\"Kompetent. Praxisnah. Der ORGANISATOR bereitet in 10 Ausgaben pro Jahr die wesentlichen Themen f\u00fcr F\u00fchrungskr\u00e4fte von KMU auf.\",\"publisher\":{\"@id\":\"https:\\\/\\\/www.organisator.ch\\\/#organization\"},\"potentialAction\":[{\"@type\":\"SearchAction\",\"target\":{\"@type\":\"EntryPoint\",\"urlTemplate\":\"https:\\\/\\\/www.organisator.ch\\\/?s={search_term_string}\"},\"query-input\":{\"@type\":\"PropertyValueSpecification\",\"valueRequired\":true,\"valueName\":\"search_term_string\"}}],\"inLanguage\":\"de\"},{\"@type\":\"Organization\",\"@id\":\"https:\\\/\\\/www.organisator.ch\\\/#organization\",\"name\":\"Organisator\",\"url\":\"https:\\\/\\\/www.organisator.ch\\\/\",\"logo\":{\"@type\":\"ImageObject\",\"inLanguage\":\"de\",\"@id\":\"https:\\\/\\\/www.organisator.ch\\\/#\\\/schema\\\/logo\\\/image\\\/\",\"url\":\"https:\\\/\\\/www.organisator.ch\\\/wp-content\\\/uploads\\\/2022\\\/01\\\/Logo_Organisator_Website.png\",\"contentUrl\":\"https:\\\/\\\/www.organisator.ch\\\/wp-content\\\/uploads\\\/2022\\\/01\\\/Logo_Organisator_Website.png\",\"width\":800,\"height\":77,\"caption\":\"Organisator\"},\"image\":{\"@id\":\"https:\\\/\\\/www.organisator.ch\\\/#\\\/schema\\\/logo\\\/image\\\/\"},\"sameAs\":[\"https:\\\/\\\/www.facebook.com\\\/OrganisatorFachmagazin\",\"https:\\\/\\\/www.linkedin.com\\\/showcase\\\/organisator-das-magazin-fr-kmu\",\"https:\\\/\\\/www.xing.com\\\/news\\\/pages\\\/organisator-ch-695\",\"https:\\\/\\\/www.youtube.com\\\/channel\\\/UCGP2Sq0iWaZwT3BdIAQFYpw\"]},{\"@type\":\"Person\",\"@id\":\"https:\\\/\\\/www.organisator.ch\\\/#\\\/schema\\\/person\\\/4e51799071cd2dd1232ac003643ef5f0\",\"name\":\"galledia\",\"image\":{\"@type\":\"ImageObject\",\"inLanguage\":\"de\",\"@id\":\"https:\\\/\\\/secure.gravatar.com\\\/avatar\\\/78a7f90c01fc2bfc875782a0d4922b37cde2cf184ce347b91316d23cd7f69a36?s=96&d=mm&r=g\",\"url\":\"https:\\\/\\\/secure.gravatar.com\\\/avatar\\\/78a7f90c01fc2bfc875782a0d4922b37cde2cf184ce347b91316d23cd7f69a36?s=96&d=mm&r=g\",\"contentUrl\":\"https:\\\/\\\/secure.gravatar.com\\\/avatar\\\/78a7f90c01fc2bfc875782a0d4922b37cde2cf184ce347b91316d23cd7f69a36?s=96&d=mm&r=g\",\"caption\":\"galledia\"},\"sameAs\":[\"https:\\\/\\\/x.com\\\/admin\"],\"url\":\"https:\\\/\\\/www.organisator.ch\\\/de\\\/author\\\/galledia\\\/\"}]}<\/script>\n<!-- \/ Yoast SEO plugin. -->","yoast_head_json":{"title":"1,5 Millionen mehr f\u00fcr den B\u00fcndner Tourismus - Organisator","description":"Graub\u00fcnden Ferien erh\u00e4lt 1,5 Millionen Franken mehr pro Jahr zur F\u00f6rderung des Tourismus. Ziel: Mehr G\u00e4ste und nachhaltige Angebote.","robots":{"index":"index","follow":"follow","max-snippet":"max-snippet:-1","max-image-preview":"max-image-preview:large","max-video-preview":"max-video-preview:-1"},"canonical":"https:\/\/www.organisator.ch\/de\/marketing\/2022-10-27\/15-millionen-mehr-fuer-den-buendner-tourismus\/","og_locale":"de_DE","og_type":"article","og_title":"1,5 Millionen mehr f\u00fcr den B\u00fcndner Tourismus - Organisator","og_description":"Graub\u00fcnden Ferien erh\u00e4lt 1,5 Millionen Franken mehr pro Jahr zur F\u00f6rderung des Tourismus. Ziel: Mehr G\u00e4ste und nachhaltige Angebote.","og_url":"https:\/\/www.organisator.ch\/de\/marketing\/2022-10-27\/15-millionen-mehr-fuer-den-buendner-tourismus\/","og_site_name":"Organisator","article_publisher":"https:\/\/www.facebook.com\/OrganisatorFachmagazin","article_published_time":"2022-10-27T14:16:29+00:00","article_modified_time":"2024-11-19T12:52:37+00:00","author":"galledia","twitter_card":"summary_large_image","twitter_creator":"@admin","schema":{"@context":"https:\/\/schema.org","@graph":[{"@type":"Article","@id":"https:\/\/www.organisator.ch\/marketing\/2022-10-27\/15-millionen-mehr-fuer-den-buendner-tourismus\/#article","isPartOf":{"@id":"https:\/\/www.organisator.ch\/marketing\/2022-10-27\/15-millionen-mehr-fuer-den-buendner-tourismus\/"},"author":{"name":"galledia","@id":"https:\/\/www.organisator.ch\/#\/schema\/person\/4e51799071cd2dd1232ac003643ef5f0"},"headline":"1,5 Millionen mehr f\u00fcr den B\u00fcndner Tourismus","datePublished":"2022-10-27T14:16:29+00:00","dateModified":"2024-11-19T12:52:37+00:00","mainEntityOfPage":{"@id":"https:\/\/www.organisator.ch\/marketing\/2022-10-27\/15-millionen-mehr-fuer-den-buendner-tourismus\/"},"wordCount":378,"publisher":{"@id":"https:\/\/www.organisator.ch\/#organization"},"image":{"@id":"https:\/\/www.organisator.ch\/marketing\/2022-10-27\/15-millionen-mehr-fuer-den-buendner-tourismus\/#primaryimage"},"thumbnailUrl":"https:\/\/www.werbewoche.ch\/wp-content\/uploads\/2022\/10\/Buendner-tourismus-1-5-Millionen.jpg","keywords":["F\u00f6rderung","G\u00e4ste","Graub\u00fcnden","Graub\u00fcnden Ferien GRF","Nachhaltigkeit","Tourismus"],"articleSection":["MARKETING"],"inLanguage":"de"},{"@type":"WebPage","@id":"https:\/\/www.organisator.ch\/marketing\/2022-10-27\/15-millionen-mehr-fuer-den-buendner-tourismus\/","url":"https:\/\/www.organisator.ch\/marketing\/2022-10-27\/15-millionen-mehr-fuer-den-buendner-tourismus\/","name":"1,5 Millionen mehr f\u00fcr den B\u00fcndner Tourismus - Organisator","isPartOf":{"@id":"https:\/\/www.organisator.ch\/#website"},"primaryImageOfPage":{"@id":"https:\/\/www.organisator.ch\/marketing\/2022-10-27\/15-millionen-mehr-fuer-den-buendner-tourismus\/#primaryimage"},"image":{"@id":"https:\/\/www.organisator.ch\/marketing\/2022-10-27\/15-millionen-mehr-fuer-den-buendner-tourismus\/#primaryimage"},"thumbnailUrl":"https:\/\/www.werbewoche.ch\/wp-content\/uploads\/2022\/10\/Buendner-tourismus-1-5-Millionen.jpg","datePublished":"2022-10-27T14:16:29+00:00","dateModified":"2024-11-19T12:52:37+00:00","description":"Graub\u00fcnden Ferien erh\u00e4lt 1,5 Millionen Franken mehr pro Jahr zur F\u00f6rderung des Tourismus. Ziel: Mehr G\u00e4ste und nachhaltige Angebote.","breadcrumb":{"@id":"https:\/\/www.organisator.ch\/marketing\/2022-10-27\/15-millionen-mehr-fuer-den-buendner-tourismus\/#breadcrumb"},"inLanguage":"de","potentialAction":[{"@type":"ReadAction","target":["https:\/\/www.organisator.ch\/marketing\/2022-10-27\/15-millionen-mehr-fuer-den-buendner-tourismus\/"]}]},{"@type":"ImageObject","inLanguage":"de","@id":"https:\/\/www.organisator.ch\/marketing\/2022-10-27\/15-millionen-mehr-fuer-den-buendner-tourismus\/#primaryimage","url":"https:\/\/www.werbewoche.ch\/wp-content\/uploads\/2022\/10\/Buendner-tourismus-1-5-Millionen.jpg","contentUrl":"https:\/\/www.werbewoche.ch\/wp-content\/uploads\/2022\/10\/Buendner-tourismus-1-5-Millionen.jpg"},{"@type":"BreadcrumbList","@id":"https:\/\/www.organisator.ch\/marketing\/2022-10-27\/15-millionen-mehr-fuer-den-buendner-tourismus\/#breadcrumb","itemListElement":[{"@type":"ListItem","position":1,"name":"Home","item":"https:\/\/www.organisator.ch\/"},{"@type":"ListItem","position":2,"name":"1,5 Millionen mehr f\u00fcr den B\u00fcndner Tourismus"}]},{"@type":"WebSite","@id":"https:\/\/www.organisator.ch\/#website","url":"https:\/\/www.organisator.ch\/","name":"Organisator","description":"Kompetent. Praxisnah. Der ORGANISATOR bereitet in 10 Ausgaben pro Jahr die wesentlichen Themen f\u00fcr F\u00fchrungskr\u00e4fte von KMU auf.","publisher":{"@id":"https:\/\/www.organisator.ch\/#organization"},"potentialAction":[{"@type":"SearchAction","target":{"@type":"EntryPoint","urlTemplate":"https:\/\/www.organisator.ch\/?s={search_term_string}"},"query-input":{"@type":"PropertyValueSpecification","valueRequired":true,"valueName":"search_term_string"}}],"inLanguage":"de"},{"@type":"Organization","@id":"https:\/\/www.organisator.ch\/#organization","name":"Organisator","url":"https:\/\/www.organisator.ch\/","logo":{"@type":"ImageObject","inLanguage":"de","@id":"https:\/\/www.organisator.ch\/#\/schema\/logo\/image\/","url":"https:\/\/www.organisator.ch\/wp-content\/uploads\/2022\/01\/Logo_Organisator_Website.png","contentUrl":"https:\/\/www.organisator.ch\/wp-content\/uploads\/2022\/01\/Logo_Organisator_Website.png","width":800,"height":77,"caption":"Organisator"},"image":{"@id":"https:\/\/www.organisator.ch\/#\/schema\/logo\/image\/"},"sameAs":["https:\/\/www.facebook.com\/OrganisatorFachmagazin","https:\/\/www.linkedin.com\/showcase\/organisator-das-magazin-fr-kmu","https:\/\/www.xing.com\/news\/pages\/organisator-ch-695","https:\/\/www.youtube.com\/channel\/UCGP2Sq0iWaZwT3BdIAQFYpw"]},{"@type":"Person","@id":"https:\/\/www.organisator.ch\/#\/schema\/person\/4e51799071cd2dd1232ac003643ef5f0","name":"galledia","image":{"@type":"ImageObject","inLanguage":"de","@id":"https:\/\/secure.gravatar.com\/avatar\/78a7f90c01fc2bfc875782a0d4922b37cde2cf184ce347b91316d23cd7f69a36?s=96&d=mm&r=g","url":"https:\/\/secure.gravatar.com\/avatar\/78a7f90c01fc2bfc875782a0d4922b37cde2cf184ce347b91316d23cd7f69a36?s=96&d=mm&r=g","contentUrl":"https:\/\/secure.gravatar.com\/avatar\/78a7f90c01fc2bfc875782a0d4922b37cde2cf184ce347b91316d23cd7f69a36?s=96&d=mm&r=g","caption":"galledia"},"sameAs":["https:\/\/x.com\/admin"],"url":"https:\/\/www.organisator.ch\/de\/author\/galledia\/"}]}},"_links":{"self":[{"href":"https:\/\/www.organisator.ch\/de\/wp-json\/wp\/v2\/posts\/17588","targetHints":{"allow":["GET"]}}],"collection":[{"href":"https:\/\/www.organisator.ch\/de\/wp-json\/wp\/v2\/posts"}],"about":[{"href":"https:\/\/www.organisator.ch\/de\/wp-json\/wp\/v2\/types\/post"}],"author":[{"embeddable":true,"href":"https:\/\/www.organisator.ch\/de\/wp-json\/wp\/v2\/users\/8"}],"replies":[{"embeddable":true,"href":"https:\/\/www.organisator.ch\/de\/wp-json\/wp\/v2\/comments?post=17588"}],"version-history":[{"count":5,"href":"https:\/\/www.organisator.ch\/de\/wp-json\/wp\/v2\/posts\/17588\/revisions"}],"predecessor-version":[{"id":33522,"href":"https:\/\/www.organisator.ch\/de\/wp-json\/wp\/v2\/posts\/17588\/revisions\/33522"}],"wp:attachment":[{"href":"https:\/\/www.organisator.ch\/de\/wp-json\/wp\/v2\/media?parent=17588"}],"wp:term":[{"taxonomy":"category","embeddable":true,"href":"https:\/\/www.organisator.ch\/de\/wp-json\/wp\/v2\/categories?post=17588"},{"taxonomy":"post_tag","embeddable":true,"href":"https:\/\/www.organisator.ch\/de\/wp-json\/wp\/v2\/tags?post=17588"}],"curies":[{"name":"wp","href":"https:\/\/api.w.org\/{rel}","templated":true}]}}