{"id":17595,"date":"2022-10-28T07:38:07","date_gmt":"2022-10-28T05:38:07","guid":{"rendered":"https:\/\/www.m-q.ch\/?p=17110"},"modified":"2024-11-19T13:53:17","modified_gmt":"2024-11-19T12:53:17","slug":"norm-iso-iec-270012022-traegt-cyberrisiken-mehr-rechnung","status":"publish","type":"post","link":"https:\/\/www.organisator.ch\/de\/operational-excellence\/2022-10-28\/norm-iso-iec-270012022-traegt-cyberrisiken-mehr-rechnung\/","title":{"rendered":"Norm ISO\/IEC 27001:2022 tr\u00e4gt Cyberrisiken mehr Rechnung"},"content":{"rendered":"<figure id=\"attachment_17111\" class=\"wp-caption alignnone\" style=\"width: 680px;\" aria-describedby=\"caption-attachment-17111\"><img class=\"alignnone wp-image-17111 size-full\" src=\"https:\/\/www.organisator.ch\/wp-content\/uploads\/2022\/09\/Unterschiedliche-Generationen-sind-sich-ahnlicher-als-gedacht_Organisator.jpg\" alt=\"ISO\/IEC 27001:2022\" width=\"680\" height=\"340\" \/>\r\n<figcaption id=\"caption-attachment-17111\" class=\"wp-caption-text\">Die Norm ISO\/IEC 27001:2022 tr\u00e4gt neuen Entwicklungen bei Cyberrisiken mehr Rechnung. (Bild: Depositphotos.com)<\/figcaption>\r\n<\/figure>\r\n<p>Um den globalen Herausforderungen im Bereich der Cybersicherheit zu begegnen und das digitale Vertrauen zu st\u00e4rken, wurde soeben eine neue und verbesserte Version der <a href=\"https:\/\/www.m-q.ch\/de\/iso-27001-norm-als-hilfsmittel\/\">ISO\/IEC 27001<\/a> ver\u00f6ffentlicht, die Version ISO\/IEC 27001:2022. Die weltweit bekannteste Norm f\u00fcr das Informationssicherheitsmanagement hilft Organisationen dabei, ihre Informationen zu sch\u00fctzen \u2013 ein entscheidender Faktor in der heutigen zunehmend digitalen Welt.<\/p>\r\n<h3>Die Bedeutung der ISO\/IEC 27001-Zertifizierung<\/h3>\r\n<p>Die Cyberkriminalit\u00e4t wird immer schwerwiegender und raffinierter, da die Hacker immer fortschrittlichere Techniken f\u00fcr Cyberkriminalit\u00e4t entwickeln. Aus dem Bericht Global Cybersecurity Outlook des Weltwirtschaftsforums geht hervor, dass Cyberangriffe im Jahr 2021 weltweit um 125 % zugenommen haben, und es gibt Hinweise auf einen weiteren Anstieg bis 2022. In dieser sich schnell ver\u00e4ndernden Landschaft m\u00fcssen F\u00fchrungskr\u00e4fte einen strategischen Ansatz f\u00fcr Cyber-Risiken w\u00e4hlen.<\/p>\r\n<p>Die ISO\/IEC 27001-Zertifizierung, die von Zehntausenden von Organisationen \u00fcbernommen wurde, zeigt das Engagement einer Organisation f\u00fcr die Informationssicherheit und gibt Kunden und anderen Partnern die Gewissheit, dass sie es mit dem Schutz der von ihr kontrollierten Informationen ernst meint. Die Norm ist technologieunabh\u00e4ngig, so dass es keine Rolle spielt, welche Technologieumgebung eine Unternehmung besitzt. Sie ist so formuliert, dass sie von jeder Organisation, vom Kleinunternehmen bis hin zum grossen Multi-Milliarden-Dollar-Unternehmen, angewendet werden kann.<\/p>\r\n<h3>Weiterentwicklung zur Bew\u00e4ltigung der Bedrohungen<\/h3>\r\n<p>ISO\/IEC 27001 legt die Anforderungen f\u00fcr die Einrichtung, Umsetzung, Aufrechterhaltung und kontinuierliche Verbesserung eines ISMS f\u00fcr Sicherheit und Schutz fest. Sie enth\u00e4lt auch Anforderungen f\u00fcr die Bewertung und Behandlung von Informationssicherheitsrisiken, die auf die Bed\u00fcrfnisse einer Organisation zugeschnitten sind. Richtig angewendet, kann die Norm zu folgenden Ergebnissen f\u00fchren:<\/p>\r\n<ul>\r\n\t<li>Erh\u00f6hte Glaubw\u00fcrdigkeit<\/li>\r\n\t<li>Verringerung des Risikos von Betrug, Informationsverlust und Offenlegung<\/li>\r\n\t<li>Demonstration der Integrit\u00e4t eigener Systeme<\/li>\r\n\t<li>Ver\u00e4nderung der Unternehmenskultur und gr\u00f6sseres Bewusstsein f\u00fcr die Bedeutung der Informationssicherheit<\/li>\r\n\t<li>Neue Gesch\u00e4ftsm\u00f6glichkeiten mit sicherheitsbewussten Kunden<\/li>\r\n\t<li>Ein st\u00e4rkeres Bewusstsein f\u00fcr Vertraulichkeit am Arbeitsplatz<\/li>\r\n\t<li>Bessere Vorbereitung auf das Unvermeidliche \u2013 das n\u00e4chste Sicherheitsereignis oder den n\u00e4chsten Vorfall<\/li>\r\n<\/ul>\r\n<p>Willy Fabritius, Global Head, Strategy &amp; Business Development von SGS, einem weltweit t\u00e4tigen Pr\u00fcf-, Inspektions- und Zertifizierungsunternehmen, kommentiert: \u201eDie ISO\/IEC 27001 wurde zuletzt 2013 aktualisiert, und die Cyberwelt und ihre Bedrohungen haben sich dramatisch weiterentwickelt. Die Norm musste sich dem anpassen.\u201c Eine wichtige Ver\u00e4nderung besteht schon allein im Titel der Norm. Er lautet: ISO\/IEC 27001:2022 \u2013 Informationssicherheit, Cybersicherheit und Schutz der Privatsph\u00e4re \u2013 Managementsysteme f\u00fcr Informationssicherheit \u2013 Anforderungen. Zu den weiteren \u00c4nderungen geh\u00f6ren unter anderem die Nummerierung der Abschnitte, ein neuer und neu angeordneter Text sowie Aktualisierungen von Anhang A.<\/p>\r\n<h3>Umsetzung von ISO\/IEC 27001:2022: Was heisst das nun?<\/h3>\r\n<p>Wenn eine Organisation bereits ISO\/IEC 27001-konform ist, sind keine technischen \u00c4nderungen erforderlich, sondern lediglich Aktualisierungen der Dokumentation. M\u00f6glicherweise m\u00fcssen sie ihre internen Richtlinien entsprechend den neuen Unterklauseln und ge\u00e4nderten Anforderungen \u00fcberarbeiten. Die Ergebnisse ihrer Risikobewertung und der Risikobehandlungspl\u00e4ne sollten ebenfalls \u00fcberpr\u00fcft und die Anwendbarkeitserkl\u00e4rung (Statement of Applicability \u2013 SoA) aktualisiert werden.<\/p>\r\n<p>Die \u00dcbergangsfrist betr\u00e4gt drei Jahre ab dem Zeitpunkt der offiziellen Ver\u00f6ffentlichung von ISO\/IEC 27001:2022, so dass ausreichend Zeit bleibt, die Anforderungen zu erf\u00fcllen. Ein bereits erworbenes ISO\/IEC 27001-Zertifikat bleibt bis zum Ende dieses Zeitraums g\u00fcltig. Willy Fabritius empfiehlt: \u201eWenn Sie Ihre Zertifizierung w\u00e4hrend des \u00dcbergangszeitraums erneuern, k\u00f6nnen Sie sich an die neuen Kontrollen halten, um zu vermeiden, dass Sie es bis zur letzten Minute aufschieben.\u201c<\/p>\r\n<p><em>Quellen: <a href=\"http:\/\/www.iso.org\/\">ISO<\/a>, <a href=\"https:\/\/www.sgs.ch\/\">SGS<\/a><\/em><\/p>\n<p class=\"syndicated-attribution\">Dieser Beitrag erschien urspr\u00fcnglich auf m-q.ch - <a href=\"https:\/\/www.m-q.ch\/de\/norm-iso-iec-270012022-traegt-cyberrisiken-mehr-rechnung\/\" target=\"_blank\">https:\/\/www.m-q.ch\/de\/norm-iso-iec-270012022-traegt-cyberrisiken-mehr-rechnung\/<\/a><\/p>","protected":false},"excerpt":{"rendered":"<p>Um den globalen Herausforderungen im Bereich der Cybersicherheit zu begegnen und das digitale Vertrauen zu st\u00e4rken, wurde soeben eine neue und verbesserte Version der ISO\/IEC 27001 ver\u00f6ffentlicht, die Version ISO\/IEC 27001:2022. Die weltweit bekannteste Norm f\u00fcr das Informationssicherheitsmanagement hilft Organisationen dabei, ihre Informationen zu sch\u00fctzen \u2013 ein entscheidender Faktor in der heutigen zunehmend digitalen Welt. [\u2026]<\/p>\n","protected":false},"author":8,"featured_media":0,"comment_status":"closed","ping_status":"closed","sticky":false,"template":"","format":"standard","meta":{"_acf_changed":false,"_yoast_wpseo_focuskw":"ISO\/IEC 27001:2022","_yoast_wpseo_metadesc":"Die neue ISO\/IEC 27001:2022 st\u00e4rkt den Schutz vor Cyberrisiken. Erfahren Sie mehr \u00fcber die \u00c4nderungen und Vorteile der Zertifizierung.","articlekey":"","footnotes":""},"categories":[582],"tags":[4761,608,269,3475,4760,613],"class_list":["post-17595","post","type-post","status-publish","format-standard","hentry","category-operational-excellence","tag-4761","tag-cybersicherheit","tag-informationssicherheit","tag-iso-27001","tag-iso-iec-27001","tag-zertifizierung"],"acf":[],"yoast_head":"<!-- This site is optimized with the Yoast SEO plugin v27.4 - https:\/\/yoast.com\/product\/yoast-seo-wordpress\/ -->\n<title>Norm ISO\/IEC 27001:2022 tr\u00e4gt Cyberrisiken mehr Rechnung - Organisator<\/title>\n<meta name=\"description\" content=\"Die neue ISO\/IEC 27001:2022 st\u00e4rkt den Schutz vor Cyberrisiken. Erfahren Sie mehr \u00fcber die \u00c4nderungen und Vorteile der Zertifizierung.\" \/>\n<meta name=\"robots\" content=\"index, follow, max-snippet:-1, max-image-preview:large, max-video-preview:-1\" \/>\n<link rel=\"canonical\" href=\"https:\/\/www.organisator.ch\/de\/operational-excellence\/2022-10-28\/norm-iso-iec-270012022-traegt-cyberrisiken-mehr-rechnung\/\" \/>\n<meta property=\"og:locale\" content=\"de_DE\" \/>\n<meta property=\"og:type\" content=\"article\" \/>\n<meta property=\"og:title\" content=\"Norm ISO\/IEC 27001:2022 tr\u00e4gt Cyberrisiken mehr Rechnung - Organisator\" \/>\n<meta property=\"og:description\" content=\"Die neue ISO\/IEC 27001:2022 st\u00e4rkt den Schutz vor Cyberrisiken. Erfahren Sie mehr \u00fcber die \u00c4nderungen und Vorteile der Zertifizierung.\" \/>\n<meta property=\"og:url\" content=\"https:\/\/www.organisator.ch\/de\/operational-excellence\/2022-10-28\/norm-iso-iec-270012022-traegt-cyberrisiken-mehr-rechnung\/\" \/>\n<meta property=\"og:site_name\" content=\"Organisator\" \/>\n<meta property=\"article:publisher\" content=\"https:\/\/www.facebook.com\/OrganisatorFachmagazin\" \/>\n<meta property=\"article:published_time\" content=\"2022-10-28T05:38:07+00:00\" \/>\n<meta property=\"article:modified_time\" content=\"2024-11-19T12:53:17+00:00\" \/>\n<meta property=\"og:image\" content=\"https:\/\/www.organisator.ch\/wp-content\/uploads\/2022\/09\/Unterschiedliche-Generationen-sind-sich-ahnlicher-als-gedacht_Organisator.jpg\" \/>\n\t<meta property=\"og:image:width\" content=\"680\" \/>\n\t<meta property=\"og:image:height\" content=\"340\" \/>\n\t<meta property=\"og:image:type\" content=\"image\/jpeg\" \/>\n<meta name=\"author\" content=\"galledia\" \/>\n<meta name=\"twitter:card\" content=\"summary_large_image\" \/>\n<meta name=\"twitter:creator\" content=\"@admin\" \/>\n<script type=\"application\/ld+json\" class=\"yoast-schema-graph\">{\"@context\":\"https:\\\/\\\/schema.org\",\"@graph\":[{\"@type\":\"Article\",\"@id\":\"https:\\\/\\\/www.organisator.ch\\\/operational-excellence\\\/2022-10-28\\\/norm-iso-iec-270012022-traegt-cyberrisiken-mehr-rechnung\\\/#article\",\"isPartOf\":{\"@id\":\"https:\\\/\\\/www.organisator.ch\\\/operational-excellence\\\/2022-10-28\\\/norm-iso-iec-270012022-traegt-cyberrisiken-mehr-rechnung\\\/\"},\"author\":{\"name\":\"galledia\",\"@id\":\"https:\\\/\\\/www.organisator.ch\\\/#\\\/schema\\\/person\\\/4e51799071cd2dd1232ac003643ef5f0\"},\"headline\":\"Norm ISO\\\/IEC 27001:2022 tr\u00e4gt Cyberrisiken mehr Rechnung\",\"datePublished\":\"2022-10-28T05:38:07+00:00\",\"dateModified\":\"2024-11-19T12:53:17+00:00\",\"mainEntityOfPage\":{\"@id\":\"https:\\\/\\\/www.organisator.ch\\\/operational-excellence\\\/2022-10-28\\\/norm-iso-iec-270012022-traegt-cyberrisiken-mehr-rechnung\\\/\"},\"wordCount\":583,\"publisher\":{\"@id\":\"https:\\\/\\\/www.organisator.ch\\\/#organization\"},\"image\":{\"@id\":\"https:\\\/\\\/www.organisator.ch\\\/operational-excellence\\\/2022-10-28\\\/norm-iso-iec-270012022-traegt-cyberrisiken-mehr-rechnung\\\/#primaryimage\"},\"thumbnailUrl\":\"https:\\\/\\\/www.organisator.ch\\\/wp-content\\\/uploads\\\/2022\\\/09\\\/Unterschiedliche-Generationen-sind-sich-ahnlicher-als-gedacht_Organisator.jpg\",\"keywords\":[\"2022\",\"Cybersicherheit\",\"Informationssicherheit\",\"ISO 27001\",\"ISO\\\/IEC 27001\",\"Zertifizierung\"],\"articleSection\":[\"OPERATIONAL EXCELLENCE\"],\"inLanguage\":\"de\"},{\"@type\":\"WebPage\",\"@id\":\"https:\\\/\\\/www.organisator.ch\\\/operational-excellence\\\/2022-10-28\\\/norm-iso-iec-270012022-traegt-cyberrisiken-mehr-rechnung\\\/\",\"url\":\"https:\\\/\\\/www.organisator.ch\\\/operational-excellence\\\/2022-10-28\\\/norm-iso-iec-270012022-traegt-cyberrisiken-mehr-rechnung\\\/\",\"name\":\"Norm ISO\\\/IEC 27001:2022 tr\u00e4gt Cyberrisiken mehr Rechnung - Organisator\",\"isPartOf\":{\"@id\":\"https:\\\/\\\/www.organisator.ch\\\/#website\"},\"primaryImageOfPage\":{\"@id\":\"https:\\\/\\\/www.organisator.ch\\\/operational-excellence\\\/2022-10-28\\\/norm-iso-iec-270012022-traegt-cyberrisiken-mehr-rechnung\\\/#primaryimage\"},\"image\":{\"@id\":\"https:\\\/\\\/www.organisator.ch\\\/operational-excellence\\\/2022-10-28\\\/norm-iso-iec-270012022-traegt-cyberrisiken-mehr-rechnung\\\/#primaryimage\"},\"thumbnailUrl\":\"https:\\\/\\\/www.organisator.ch\\\/wp-content\\\/uploads\\\/2022\\\/09\\\/Unterschiedliche-Generationen-sind-sich-ahnlicher-als-gedacht_Organisator.jpg\",\"datePublished\":\"2022-10-28T05:38:07+00:00\",\"dateModified\":\"2024-11-19T12:53:17+00:00\",\"description\":\"Die neue ISO\\\/IEC 27001:2022 st\u00e4rkt den Schutz vor Cyberrisiken. Erfahren Sie mehr \u00fcber die \u00c4nderungen und Vorteile der Zertifizierung.\",\"breadcrumb\":{\"@id\":\"https:\\\/\\\/www.organisator.ch\\\/operational-excellence\\\/2022-10-28\\\/norm-iso-iec-270012022-traegt-cyberrisiken-mehr-rechnung\\\/#breadcrumb\"},\"inLanguage\":\"de\",\"potentialAction\":[{\"@type\":\"ReadAction\",\"target\":[\"https:\\\/\\\/www.organisator.ch\\\/operational-excellence\\\/2022-10-28\\\/norm-iso-iec-270012022-traegt-cyberrisiken-mehr-rechnung\\\/\"]}]},{\"@type\":\"ImageObject\",\"inLanguage\":\"de\",\"@id\":\"https:\\\/\\\/www.organisator.ch\\\/operational-excellence\\\/2022-10-28\\\/norm-iso-iec-270012022-traegt-cyberrisiken-mehr-rechnung\\\/#primaryimage\",\"url\":\"https:\\\/\\\/www.organisator.ch\\\/wp-content\\\/uploads\\\/2022\\\/09\\\/Unterschiedliche-Generationen-sind-sich-ahnlicher-als-gedacht_Organisator.jpg\",\"contentUrl\":\"https:\\\/\\\/www.organisator.ch\\\/wp-content\\\/uploads\\\/2022\\\/09\\\/Unterschiedliche-Generationen-sind-sich-ahnlicher-als-gedacht_Organisator.jpg\"},{\"@type\":\"BreadcrumbList\",\"@id\":\"https:\\\/\\\/www.organisator.ch\\\/operational-excellence\\\/2022-10-28\\\/norm-iso-iec-270012022-traegt-cyberrisiken-mehr-rechnung\\\/#breadcrumb\",\"itemListElement\":[{\"@type\":\"ListItem\",\"position\":1,\"name\":\"Home\",\"item\":\"https:\\\/\\\/www.organisator.ch\\\/\"},{\"@type\":\"ListItem\",\"position\":2,\"name\":\"Norm ISO\\\/IEC 27001:2022 tr\u00e4gt Cyberrisiken mehr Rechnung\"}]},{\"@type\":\"WebSite\",\"@id\":\"https:\\\/\\\/www.organisator.ch\\\/#website\",\"url\":\"https:\\\/\\\/www.organisator.ch\\\/\",\"name\":\"Organisator\",\"description\":\"Kompetent. Praxisnah. Der ORGANISATOR bereitet in 10 Ausgaben pro Jahr die wesentlichen Themen f\u00fcr F\u00fchrungskr\u00e4fte von KMU auf.\",\"publisher\":{\"@id\":\"https:\\\/\\\/www.organisator.ch\\\/#organization\"},\"potentialAction\":[{\"@type\":\"SearchAction\",\"target\":{\"@type\":\"EntryPoint\",\"urlTemplate\":\"https:\\\/\\\/www.organisator.ch\\\/?s={search_term_string}\"},\"query-input\":{\"@type\":\"PropertyValueSpecification\",\"valueRequired\":true,\"valueName\":\"search_term_string\"}}],\"inLanguage\":\"de\"},{\"@type\":\"Organization\",\"@id\":\"https:\\\/\\\/www.organisator.ch\\\/#organization\",\"name\":\"Organisator\",\"url\":\"https:\\\/\\\/www.organisator.ch\\\/\",\"logo\":{\"@type\":\"ImageObject\",\"inLanguage\":\"de\",\"@id\":\"https:\\\/\\\/www.organisator.ch\\\/#\\\/schema\\\/logo\\\/image\\\/\",\"url\":\"https:\\\/\\\/www.organisator.ch\\\/wp-content\\\/uploads\\\/2022\\\/01\\\/Logo_Organisator_Website.png\",\"contentUrl\":\"https:\\\/\\\/www.organisator.ch\\\/wp-content\\\/uploads\\\/2022\\\/01\\\/Logo_Organisator_Website.png\",\"width\":800,\"height\":77,\"caption\":\"Organisator\"},\"image\":{\"@id\":\"https:\\\/\\\/www.organisator.ch\\\/#\\\/schema\\\/logo\\\/image\\\/\"},\"sameAs\":[\"https:\\\/\\\/www.facebook.com\\\/OrganisatorFachmagazin\",\"https:\\\/\\\/www.linkedin.com\\\/showcase\\\/organisator-das-magazin-fr-kmu\",\"https:\\\/\\\/www.xing.com\\\/news\\\/pages\\\/organisator-ch-695\",\"https:\\\/\\\/www.youtube.com\\\/channel\\\/UCGP2Sq0iWaZwT3BdIAQFYpw\"]},{\"@type\":\"Person\",\"@id\":\"https:\\\/\\\/www.organisator.ch\\\/#\\\/schema\\\/person\\\/4e51799071cd2dd1232ac003643ef5f0\",\"name\":\"galledia\",\"image\":{\"@type\":\"ImageObject\",\"inLanguage\":\"de\",\"@id\":\"https:\\\/\\\/secure.gravatar.com\\\/avatar\\\/78a7f90c01fc2bfc875782a0d4922b37cde2cf184ce347b91316d23cd7f69a36?s=96&d=mm&r=g\",\"url\":\"https:\\\/\\\/secure.gravatar.com\\\/avatar\\\/78a7f90c01fc2bfc875782a0d4922b37cde2cf184ce347b91316d23cd7f69a36?s=96&d=mm&r=g\",\"contentUrl\":\"https:\\\/\\\/secure.gravatar.com\\\/avatar\\\/78a7f90c01fc2bfc875782a0d4922b37cde2cf184ce347b91316d23cd7f69a36?s=96&d=mm&r=g\",\"caption\":\"galledia\"},\"sameAs\":[\"https:\\\/\\\/x.com\\\/admin\"],\"url\":\"https:\\\/\\\/www.organisator.ch\\\/de\\\/author\\\/galledia\\\/\"}]}<\/script>\n<!-- \/ Yoast SEO plugin. -->","yoast_head_json":{"title":"Norm ISO\/IEC 27001:2022 tr\u00e4gt Cyberrisiken mehr Rechnung - Organisator","description":"Die neue ISO\/IEC 27001:2022 st\u00e4rkt den Schutz vor Cyberrisiken. Erfahren Sie mehr \u00fcber die \u00c4nderungen und Vorteile der Zertifizierung.","robots":{"index":"index","follow":"follow","max-snippet":"max-snippet:-1","max-image-preview":"max-image-preview:large","max-video-preview":"max-video-preview:-1"},"canonical":"https:\/\/www.organisator.ch\/de\/operational-excellence\/2022-10-28\/norm-iso-iec-270012022-traegt-cyberrisiken-mehr-rechnung\/","og_locale":"de_DE","og_type":"article","og_title":"Norm ISO\/IEC 27001:2022 tr\u00e4gt Cyberrisiken mehr Rechnung - Organisator","og_description":"Die neue ISO\/IEC 27001:2022 st\u00e4rkt den Schutz vor Cyberrisiken. Erfahren Sie mehr \u00fcber die \u00c4nderungen und Vorteile der Zertifizierung.","og_url":"https:\/\/www.organisator.ch\/de\/operational-excellence\/2022-10-28\/norm-iso-iec-270012022-traegt-cyberrisiken-mehr-rechnung\/","og_site_name":"Organisator","article_publisher":"https:\/\/www.facebook.com\/OrganisatorFachmagazin","article_published_time":"2022-10-28T05:38:07+00:00","article_modified_time":"2024-11-19T12:53:17+00:00","og_image":[{"width":680,"height":340,"url":"https:\/\/www.organisator.ch\/wp-content\/uploads\/2022\/09\/Unterschiedliche-Generationen-sind-sich-ahnlicher-als-gedacht_Organisator.jpg","type":"image\/jpeg"}],"author":"galledia","twitter_card":"summary_large_image","twitter_creator":"@admin","schema":{"@context":"https:\/\/schema.org","@graph":[{"@type":"Article","@id":"https:\/\/www.organisator.ch\/operational-excellence\/2022-10-28\/norm-iso-iec-270012022-traegt-cyberrisiken-mehr-rechnung\/#article","isPartOf":{"@id":"https:\/\/www.organisator.ch\/operational-excellence\/2022-10-28\/norm-iso-iec-270012022-traegt-cyberrisiken-mehr-rechnung\/"},"author":{"name":"galledia","@id":"https:\/\/www.organisator.ch\/#\/schema\/person\/4e51799071cd2dd1232ac003643ef5f0"},"headline":"Norm ISO\/IEC 27001:2022 tr\u00e4gt Cyberrisiken mehr Rechnung","datePublished":"2022-10-28T05:38:07+00:00","dateModified":"2024-11-19T12:53:17+00:00","mainEntityOfPage":{"@id":"https:\/\/www.organisator.ch\/operational-excellence\/2022-10-28\/norm-iso-iec-270012022-traegt-cyberrisiken-mehr-rechnung\/"},"wordCount":583,"publisher":{"@id":"https:\/\/www.organisator.ch\/#organization"},"image":{"@id":"https:\/\/www.organisator.ch\/operational-excellence\/2022-10-28\/norm-iso-iec-270012022-traegt-cyberrisiken-mehr-rechnung\/#primaryimage"},"thumbnailUrl":"https:\/\/www.organisator.ch\/wp-content\/uploads\/2022\/09\/Unterschiedliche-Generationen-sind-sich-ahnlicher-als-gedacht_Organisator.jpg","keywords":["2022","Cybersicherheit","Informationssicherheit","ISO 27001","ISO\/IEC 27001","Zertifizierung"],"articleSection":["OPERATIONAL EXCELLENCE"],"inLanguage":"de"},{"@type":"WebPage","@id":"https:\/\/www.organisator.ch\/operational-excellence\/2022-10-28\/norm-iso-iec-270012022-traegt-cyberrisiken-mehr-rechnung\/","url":"https:\/\/www.organisator.ch\/operational-excellence\/2022-10-28\/norm-iso-iec-270012022-traegt-cyberrisiken-mehr-rechnung\/","name":"Norm ISO\/IEC 27001:2022 tr\u00e4gt Cyberrisiken mehr Rechnung - Organisator","isPartOf":{"@id":"https:\/\/www.organisator.ch\/#website"},"primaryImageOfPage":{"@id":"https:\/\/www.organisator.ch\/operational-excellence\/2022-10-28\/norm-iso-iec-270012022-traegt-cyberrisiken-mehr-rechnung\/#primaryimage"},"image":{"@id":"https:\/\/www.organisator.ch\/operational-excellence\/2022-10-28\/norm-iso-iec-270012022-traegt-cyberrisiken-mehr-rechnung\/#primaryimage"},"thumbnailUrl":"https:\/\/www.organisator.ch\/wp-content\/uploads\/2022\/09\/Unterschiedliche-Generationen-sind-sich-ahnlicher-als-gedacht_Organisator.jpg","datePublished":"2022-10-28T05:38:07+00:00","dateModified":"2024-11-19T12:53:17+00:00","description":"Die neue ISO\/IEC 27001:2022 st\u00e4rkt den Schutz vor Cyberrisiken. Erfahren Sie mehr \u00fcber die \u00c4nderungen und Vorteile der Zertifizierung.","breadcrumb":{"@id":"https:\/\/www.organisator.ch\/operational-excellence\/2022-10-28\/norm-iso-iec-270012022-traegt-cyberrisiken-mehr-rechnung\/#breadcrumb"},"inLanguage":"de","potentialAction":[{"@type":"ReadAction","target":["https:\/\/www.organisator.ch\/operational-excellence\/2022-10-28\/norm-iso-iec-270012022-traegt-cyberrisiken-mehr-rechnung\/"]}]},{"@type":"ImageObject","inLanguage":"de","@id":"https:\/\/www.organisator.ch\/operational-excellence\/2022-10-28\/norm-iso-iec-270012022-traegt-cyberrisiken-mehr-rechnung\/#primaryimage","url":"https:\/\/www.organisator.ch\/wp-content\/uploads\/2022\/09\/Unterschiedliche-Generationen-sind-sich-ahnlicher-als-gedacht_Organisator.jpg","contentUrl":"https:\/\/www.organisator.ch\/wp-content\/uploads\/2022\/09\/Unterschiedliche-Generationen-sind-sich-ahnlicher-als-gedacht_Organisator.jpg"},{"@type":"BreadcrumbList","@id":"https:\/\/www.organisator.ch\/operational-excellence\/2022-10-28\/norm-iso-iec-270012022-traegt-cyberrisiken-mehr-rechnung\/#breadcrumb","itemListElement":[{"@type":"ListItem","position":1,"name":"Home","item":"https:\/\/www.organisator.ch\/"},{"@type":"ListItem","position":2,"name":"Norm ISO\/IEC 27001:2022 tr\u00e4gt Cyberrisiken mehr Rechnung"}]},{"@type":"WebSite","@id":"https:\/\/www.organisator.ch\/#website","url":"https:\/\/www.organisator.ch\/","name":"Organisator","description":"Kompetent. Praxisnah. Der ORGANISATOR bereitet in 10 Ausgaben pro Jahr die wesentlichen Themen f\u00fcr F\u00fchrungskr\u00e4fte von KMU auf.","publisher":{"@id":"https:\/\/www.organisator.ch\/#organization"},"potentialAction":[{"@type":"SearchAction","target":{"@type":"EntryPoint","urlTemplate":"https:\/\/www.organisator.ch\/?s={search_term_string}"},"query-input":{"@type":"PropertyValueSpecification","valueRequired":true,"valueName":"search_term_string"}}],"inLanguage":"de"},{"@type":"Organization","@id":"https:\/\/www.organisator.ch\/#organization","name":"Organisator","url":"https:\/\/www.organisator.ch\/","logo":{"@type":"ImageObject","inLanguage":"de","@id":"https:\/\/www.organisator.ch\/#\/schema\/logo\/image\/","url":"https:\/\/www.organisator.ch\/wp-content\/uploads\/2022\/01\/Logo_Organisator_Website.png","contentUrl":"https:\/\/www.organisator.ch\/wp-content\/uploads\/2022\/01\/Logo_Organisator_Website.png","width":800,"height":77,"caption":"Organisator"},"image":{"@id":"https:\/\/www.organisator.ch\/#\/schema\/logo\/image\/"},"sameAs":["https:\/\/www.facebook.com\/OrganisatorFachmagazin","https:\/\/www.linkedin.com\/showcase\/organisator-das-magazin-fr-kmu","https:\/\/www.xing.com\/news\/pages\/organisator-ch-695","https:\/\/www.youtube.com\/channel\/UCGP2Sq0iWaZwT3BdIAQFYpw"]},{"@type":"Person","@id":"https:\/\/www.organisator.ch\/#\/schema\/person\/4e51799071cd2dd1232ac003643ef5f0","name":"galledia","image":{"@type":"ImageObject","inLanguage":"de","@id":"https:\/\/secure.gravatar.com\/avatar\/78a7f90c01fc2bfc875782a0d4922b37cde2cf184ce347b91316d23cd7f69a36?s=96&d=mm&r=g","url":"https:\/\/secure.gravatar.com\/avatar\/78a7f90c01fc2bfc875782a0d4922b37cde2cf184ce347b91316d23cd7f69a36?s=96&d=mm&r=g","contentUrl":"https:\/\/secure.gravatar.com\/avatar\/78a7f90c01fc2bfc875782a0d4922b37cde2cf184ce347b91316d23cd7f69a36?s=96&d=mm&r=g","caption":"galledia"},"sameAs":["https:\/\/x.com\/admin"],"url":"https:\/\/www.organisator.ch\/de\/author\/galledia\/"}]}},"_links":{"self":[{"href":"https:\/\/www.organisator.ch\/de\/wp-json\/wp\/v2\/posts\/17595","targetHints":{"allow":["GET"]}}],"collection":[{"href":"https:\/\/www.organisator.ch\/de\/wp-json\/wp\/v2\/posts"}],"about":[{"href":"https:\/\/www.organisator.ch\/de\/wp-json\/wp\/v2\/types\/post"}],"author":[{"embeddable":true,"href":"https:\/\/www.organisator.ch\/de\/wp-json\/wp\/v2\/users\/8"}],"replies":[{"embeddable":true,"href":"https:\/\/www.organisator.ch\/de\/wp-json\/wp\/v2\/comments?post=17595"}],"version-history":[{"count":3,"href":"https:\/\/www.organisator.ch\/de\/wp-json\/wp\/v2\/posts\/17595\/revisions"}],"predecessor-version":[{"id":33523,"href":"https:\/\/www.organisator.ch\/de\/wp-json\/wp\/v2\/posts\/17595\/revisions\/33523"}],"wp:attachment":[{"href":"https:\/\/www.organisator.ch\/de\/wp-json\/wp\/v2\/media?parent=17595"}],"wp:term":[{"taxonomy":"category","embeddable":true,"href":"https:\/\/www.organisator.ch\/de\/wp-json\/wp\/v2\/categories?post=17595"},{"taxonomy":"post_tag","embeddable":true,"href":"https:\/\/www.organisator.ch\/de\/wp-json\/wp\/v2\/tags?post=17595"}],"curies":[{"name":"wp","href":"https:\/\/api.w.org\/{rel}","templated":true}]}}