{"id":17601,"date":"2022-10-28T15:55:43","date_gmt":"2022-10-28T13:55:43","guid":{"rendered":"https:\/\/www.werbewoche.ch\/?p=188932"},"modified":"2024-11-21T05:26:06","modified_gmt":"2024-11-21T04:26:06","slug":"metadesign-realisiert-rebranding-fuer-baloise","status":"publish","type":"post","link":"https:\/\/www.organisator.ch\/de\/marketing\/2022-10-28\/metadesign-realisiert-rebranding-fuer-baloise\/","title":{"rendered":"MetaDesign realisiert Rebranding f\u00fcr Baloise"},"content":{"rendered":"<p><img class=\"aligncenter wp-image-188938 size-full\" src=\"https:\/\/www.werbewoche.ch\/wp-content\/uploads\/2022\/10\/MetaDesign_x_Baloise_Rebranding_07.jpg\" alt=\"Baloise \" width=\"1200\" height=\"675\" \/>Zum ersten Mal in der Geschichte der Baloise Gruppe treten alle Mitarbeitenden, alle L\u00e4nder sowie alle Gesellschaften unter einem gemeinsamen Dach und der Marke Baloise auf <em><a href=\"https:\/\/www.werbewoche.ch\/werbung\/agenturen\/2022-10-25\/publicis-schafft-agentur-publicis-inspire-fuer-baloise\/\" rel=\"noopener\">(Werbewoche.ch berichtete)<\/a><\/em>. Die von Baloise und MetaDesign erarbeitete Markenstrategie soll die Mitarbeitenden bei Baloise noch n\u00e4her zusammenbringen, Synergien zwischen Gesch\u00e4ftsbereichen und M\u00e4rkten schaffen und die Komplexit\u00e4t f\u00fcr Kund:innen reduzieren.<\/p>\r\n<p>F\u00fcr die neue Markenstrategie wurde ein neues, umfassendes Markenerlebnis umgesetzt. Es soll Differenzierung im Markt schaffen und die Relevanz von Baloise bei den Zielgruppen erh\u00f6hen. Ausserdem bringt es die neue Haltung und Positionierung des Unternehmens zum Ausdruck: Baloise sieht die Welt als Ort voller M\u00f6glichkeiten und versteht seine eigene Rolle darin, ein inspirierender Partner f\u00fcr das Morgen seiner Kund:innen zu sein.<\/p>\r\n<p>Diese Haltung wird in einem neuen Markenauftritt lebendig. Das Designprinzip soll durch seine Formensprache und Vielfarbigkeit immer wieder neue Welten er\u00f6ffnen. Die Bildwelt und Illustrationen sowie eine eigens f\u00fcrs Baloise gestaltete Schrift sollen den einzigartigen Charakter der Marke pr\u00e4gen. Langfristig definierte Markenthemen und -botschaften, verbunden mit dem passenden Sprachstil, runden den Markenauftritt ab.<\/p>\r\n<p><img class=\"aligncenter size-full wp-image-188941\" src=\"https:\/\/www.werbewoche.ch\/wp-content\/uploads\/2022\/10\/MetaDesign_x_Baloise_Rebranding_05.jpg\" alt=\"\" width=\"1200\" height=\"675\" \/>Bei Baloise selbst sollte die neue Marke mit jedem Tag st\u00e4rker sp\u00fcrbar werden: \u00dcber Management-Events, interaktive Schulungen, Cultural Sessions und getaktete Guerilla-Massnahmen hat MetaDesign die Marke laufend \u00fcber alle L\u00e4nder hinweg aktiviert. Ein verbindender gemeinsamer Event bildete den H\u00f6hepunkt auf dem Weg in die gemeinsame Zukunft.<\/p>\r\n<p>Die neue Marke wird nun sukzessive in allen denkbaren Medien sichtbar: in der App, auf Social Media und der Website, an Messen, in Magazinen und vielen mehr.<\/p>\r\n<p><img class=\"aligncenter size-full wp-image-188939\" src=\"https:\/\/www.werbewoche.ch\/wp-content\/uploads\/2022\/10\/MetaDesign_x_Baloise_Rebranding_02.jpg\" alt=\"\" width=\"1200\" height=\"675\" \/><\/p>\r\n<p>\u00abDieser Schritt ist einzigartig in der Geschichte der Organisation und der Marke Baloise \u2013 und zugleich f\u00fcr die Zukunft wegweisend\u00bb, so Gert De Winter, CEO der Baloise Gruppe. \u00abDie R\u00fcckmeldungen aus den L\u00e4ndern und von unseren Kund:innen best\u00e4tigen uns nur darin. Wir sind gl\u00fccklich, diesen Schritt gemeinsam gemacht und geschafft zu haben.\u00bb<\/p>\r\n<p>Um die Marke Baloise in Zukunft ganzheitlich voranzutreiben, hat Publicis Groupe die dedizierte Agentur \u00abPublicis inspire\u00bb gegr\u00fcndet <em><a href=\"https:\/\/www.werbewoche.ch\/werbung\/agenturen\/2022-10-25\/publicis-schafft-agentur-publicis-inspire-fuer-baloise\/\" rel=\"noopener\">(Werbewoche.ch berichtete)<\/a><\/em>. Die Agentur b\u00fcndelt ausgew\u00e4hlte Expert:innen aus den Disziplinen Branding, Kommunikation, Digital und Produktion der Publicis Groupe, namentlich von MetaDesign, Publicis Z\u00fcrich, Saatchi &amp; Saatchi M\u00fcnchen, Notch und Prodigious.<\/p>\r\n<div class=\"wp-video\" style=\"width: 768px\"><!-- [if lt IE 9]&gt;document.createElement('video');&lt;![endif]--> <video id=\"video-188932-1\" class=\"wp-video-shortcode\" preload=\"metadata\" controls=\"controls\" width=\"768\" height=\"432\"><a href=\"https:\/\/www.werbewoche.ch\/wp-content\/uploads\/2022\/10\/MetaDesign_x_Baloise_Rebranding_01.mp4\">https:\/\/www.werbewoche.ch\/wp-content\/uploads\/2022\/10\/MetaDesign_x_Baloise_Rebranding_01.mp4<\/a><\/video><\/div>\r\n<div class=\"wp-video\" style=\"width: 768px\"><video id=\"video-188932-2\" class=\"wp-video-shortcode\" preload=\"metadata\" controls=\"controls\" width=\"768\" height=\"432\"><a href=\"https:\/\/www.werbewoche.ch\/wp-content\/uploads\/2022\/10\/MetaDesign_x_Baloise_Rebranding_04.mp4\">https:\/\/www.werbewoche.ch\/wp-content\/uploads\/2022\/10\/MetaDesign_x_Baloise_Rebranding_04.mp4<\/a><\/video><\/div>\r\n<div class=\"wp-video\" style=\"width: 768px\"><video id=\"video-188932-3\" class=\"wp-video-shortcode\" preload=\"metadata\" controls=\"controls\" width=\"768\" height=\"432\"><a href=\"https:\/\/www.werbewoche.ch\/wp-content\/uploads\/2022\/10\/MetaDesign_x_Baloise_Rebranding_06.mp4\">https:\/\/www.werbewoche.ch\/wp-content\/uploads\/2022\/10\/MetaDesign_x_Baloise_Rebranding_06.mp4<\/a><\/video><\/div>\r\n<p><img class=\"aligncenter size-full wp-image-188940\" src=\"https:\/\/www.werbewoche.ch\/wp-content\/uploads\/2022\/10\/MetaDesign_x_Baloise_Rebranding_03.jpg\" alt=\"\" width=\"1200\" height=\"675\" \/><\/p>","protected":false},"excerpt":{"rendered":"<p>Zum ersten Mal in der Geschichte der Baloise Gruppe treten alle Mitarbeitenden, alle L\u00e4nder sowie alle Gesellschaften unter einem gemeinsamen Dach und der Marke Baloise auf (Werbewoche.ch berichtete). Die von Baloise und MetaDesign erarbeitete Markenstrategie soll die Mitarbeitenden bei Baloise noch n\u00e4her zusammenbringen, Synergien zwischen Gesch\u00e4ftsbereichen und M\u00e4rkten schaffen und die Komplexit\u00e4t f\u00fcr Kund:innen reduzieren. [\u2026]<\/p>\n","protected":false},"author":8,"featured_media":0,"comment_status":"closed","ping_status":"closed","sticky":false,"template":"","format":"standard","meta":{"_acf_changed":false,"_yoast_wpseo_focuskw":"Baloise","_yoast_wpseo_metadesc":"Baloise einigt alle Mitarbeitenden unter einem Dach. Neue Markenstrategie soll Synergien schaffen und Kunden-Komplexit\u00e4t reduzieren.","articlekey":"","footnotes":""},"categories":[29],"tags":[3476,3477,3478],"class_list":["post-17601","post","type-post","status-publish","format-standard","hentry","category-marketing","tag-baloise","tag-metadesign","tag-publicis-inspire"],"acf":[],"yoast_head":"<!-- This site is optimized with the Yoast SEO plugin v27.5 - https:\/\/yoast.com\/product\/yoast-seo-wordpress\/ -->\n<title>MetaDesign realisiert Rebranding f\u00fcr Baloise - Organisator<\/title>\n<meta name=\"description\" content=\"Baloise einigt alle Mitarbeitenden unter einem Dach. Neue Markenstrategie soll Synergien schaffen und Kunden-Komplexit\u00e4t reduzieren.\" \/>\n<meta name=\"robots\" content=\"index, follow, max-snippet:-1, max-image-preview:large, max-video-preview:-1\" \/>\n<link rel=\"canonical\" href=\"https:\/\/www.organisator.ch\/de\/marketing\/2022-10-28\/metadesign-realisiert-rebranding-fuer-baloise\/\" \/>\n<meta property=\"og:locale\" content=\"de_DE\" \/>\n<meta property=\"og:type\" content=\"article\" \/>\n<meta property=\"og:title\" content=\"MetaDesign realisiert Rebranding f\u00fcr Baloise - Organisator\" \/>\n<meta property=\"og:description\" content=\"Baloise einigt alle Mitarbeitenden unter einem Dach. Neue Markenstrategie soll Synergien schaffen und Kunden-Komplexit\u00e4t reduzieren.\" \/>\n<meta property=\"og:url\" content=\"https:\/\/www.organisator.ch\/de\/marketing\/2022-10-28\/metadesign-realisiert-rebranding-fuer-baloise\/\" \/>\n<meta property=\"og:site_name\" content=\"Organisator\" \/>\n<meta property=\"article:publisher\" content=\"https:\/\/www.facebook.com\/OrganisatorFachmagazin\" \/>\n<meta property=\"article:published_time\" content=\"2022-10-28T13:55:43+00:00\" \/>\n<meta property=\"article:modified_time\" content=\"2024-11-21T04:26:06+00:00\" \/>\n<meta name=\"author\" content=\"galledia\" \/>\n<meta name=\"twitter:card\" content=\"summary_large_image\" \/>\n<meta name=\"twitter:creator\" content=\"@admin\" \/>\n<script type=\"application\/ld+json\" class=\"yoast-schema-graph\">{\"@context\":\"https:\\\/\\\/schema.org\",\"@graph\":[{\"@type\":\"Article\",\"@id\":\"https:\\\/\\\/www.organisator.ch\\\/marketing\\\/2022-10-28\\\/metadesign-realisiert-rebranding-fuer-baloise\\\/#article\",\"isPartOf\":{\"@id\":\"https:\\\/\\\/www.organisator.ch\\\/marketing\\\/2022-10-28\\\/metadesign-realisiert-rebranding-fuer-baloise\\\/\"},\"author\":{\"name\":\"galledia\",\"@id\":\"https:\\\/\\\/www.organisator.ch\\\/#\\\/schema\\\/person\\\/4e51799071cd2dd1232ac003643ef5f0\"},\"headline\":\"MetaDesign realisiert Rebranding f\u00fcr Baloise\",\"datePublished\":\"2022-10-28T13:55:43+00:00\",\"dateModified\":\"2024-11-21T04:26:06+00:00\",\"mainEntityOfPage\":{\"@id\":\"https:\\\/\\\/www.organisator.ch\\\/marketing\\\/2022-10-28\\\/metadesign-realisiert-rebranding-fuer-baloise\\\/\"},\"wordCount\":412,\"publisher\":{\"@id\":\"https:\\\/\\\/www.organisator.ch\\\/#organization\"},\"image\":{\"@id\":\"https:\\\/\\\/www.organisator.ch\\\/marketing\\\/2022-10-28\\\/metadesign-realisiert-rebranding-fuer-baloise\\\/#primaryimage\"},\"thumbnailUrl\":\"https:\\\/\\\/www.werbewoche.ch\\\/wp-content\\\/uploads\\\/2022\\\/10\\\/MetaDesign_x_Baloise_Rebranding_07.jpg\",\"keywords\":[\"Baloise\",\"MetaDesign\",\"Publicis Inspire\"],\"articleSection\":[\"MARKETING\"],\"inLanguage\":\"de\"},{\"@type\":\"WebPage\",\"@id\":\"https:\\\/\\\/www.organisator.ch\\\/marketing\\\/2022-10-28\\\/metadesign-realisiert-rebranding-fuer-baloise\\\/\",\"url\":\"https:\\\/\\\/www.organisator.ch\\\/marketing\\\/2022-10-28\\\/metadesign-realisiert-rebranding-fuer-baloise\\\/\",\"name\":\"MetaDesign realisiert Rebranding f\u00fcr Baloise - Organisator\",\"isPartOf\":{\"@id\":\"https:\\\/\\\/www.organisator.ch\\\/#website\"},\"primaryImageOfPage\":{\"@id\":\"https:\\\/\\\/www.organisator.ch\\\/marketing\\\/2022-10-28\\\/metadesign-realisiert-rebranding-fuer-baloise\\\/#primaryimage\"},\"image\":{\"@id\":\"https:\\\/\\\/www.organisator.ch\\\/marketing\\\/2022-10-28\\\/metadesign-realisiert-rebranding-fuer-baloise\\\/#primaryimage\"},\"thumbnailUrl\":\"https:\\\/\\\/www.werbewoche.ch\\\/wp-content\\\/uploads\\\/2022\\\/10\\\/MetaDesign_x_Baloise_Rebranding_07.jpg\",\"datePublished\":\"2022-10-28T13:55:43+00:00\",\"dateModified\":\"2024-11-21T04:26:06+00:00\",\"description\":\"Baloise einigt alle Mitarbeitenden unter einem Dach. Neue Markenstrategie soll Synergien schaffen und Kunden-Komplexit\u00e4t reduzieren.\",\"breadcrumb\":{\"@id\":\"https:\\\/\\\/www.organisator.ch\\\/marketing\\\/2022-10-28\\\/metadesign-realisiert-rebranding-fuer-baloise\\\/#breadcrumb\"},\"inLanguage\":\"de\",\"potentialAction\":[{\"@type\":\"ReadAction\",\"target\":[\"https:\\\/\\\/www.organisator.ch\\\/marketing\\\/2022-10-28\\\/metadesign-realisiert-rebranding-fuer-baloise\\\/\"]}]},{\"@type\":\"ImageObject\",\"inLanguage\":\"de\",\"@id\":\"https:\\\/\\\/www.organisator.ch\\\/marketing\\\/2022-10-28\\\/metadesign-realisiert-rebranding-fuer-baloise\\\/#primaryimage\",\"url\":\"https:\\\/\\\/www.werbewoche.ch\\\/wp-content\\\/uploads\\\/2022\\\/10\\\/MetaDesign_x_Baloise_Rebranding_07.jpg\",\"contentUrl\":\"https:\\\/\\\/www.werbewoche.ch\\\/wp-content\\\/uploads\\\/2022\\\/10\\\/MetaDesign_x_Baloise_Rebranding_07.jpg\"},{\"@type\":\"BreadcrumbList\",\"@id\":\"https:\\\/\\\/www.organisator.ch\\\/marketing\\\/2022-10-28\\\/metadesign-realisiert-rebranding-fuer-baloise\\\/#breadcrumb\",\"itemListElement\":[{\"@type\":\"ListItem\",\"position\":1,\"name\":\"Home\",\"item\":\"https:\\\/\\\/www.organisator.ch\\\/\"},{\"@type\":\"ListItem\",\"position\":2,\"name\":\"MetaDesign realisiert Rebranding f\u00fcr Baloise\"}]},{\"@type\":\"WebSite\",\"@id\":\"https:\\\/\\\/www.organisator.ch\\\/#website\",\"url\":\"https:\\\/\\\/www.organisator.ch\\\/\",\"name\":\"Organisator\",\"description\":\"Kompetent. Praxisnah. Der ORGANISATOR bereitet in 10 Ausgaben pro Jahr die wesentlichen Themen f\u00fcr F\u00fchrungskr\u00e4fte von KMU auf.\",\"publisher\":{\"@id\":\"https:\\\/\\\/www.organisator.ch\\\/#organization\"},\"potentialAction\":[{\"@type\":\"SearchAction\",\"target\":{\"@type\":\"EntryPoint\",\"urlTemplate\":\"https:\\\/\\\/www.organisator.ch\\\/?s={search_term_string}\"},\"query-input\":{\"@type\":\"PropertyValueSpecification\",\"valueRequired\":true,\"valueName\":\"search_term_string\"}}],\"inLanguage\":\"de\"},{\"@type\":\"Organization\",\"@id\":\"https:\\\/\\\/www.organisator.ch\\\/#organization\",\"name\":\"Organisator\",\"url\":\"https:\\\/\\\/www.organisator.ch\\\/\",\"logo\":{\"@type\":\"ImageObject\",\"inLanguage\":\"de\",\"@id\":\"https:\\\/\\\/www.organisator.ch\\\/#\\\/schema\\\/logo\\\/image\\\/\",\"url\":\"https:\\\/\\\/www.organisator.ch\\\/wp-content\\\/uploads\\\/2022\\\/01\\\/Logo_Organisator_Website.png\",\"contentUrl\":\"https:\\\/\\\/www.organisator.ch\\\/wp-content\\\/uploads\\\/2022\\\/01\\\/Logo_Organisator_Website.png\",\"width\":800,\"height\":77,\"caption\":\"Organisator\"},\"image\":{\"@id\":\"https:\\\/\\\/www.organisator.ch\\\/#\\\/schema\\\/logo\\\/image\\\/\"},\"sameAs\":[\"https:\\\/\\\/www.facebook.com\\\/OrganisatorFachmagazin\",\"https:\\\/\\\/www.linkedin.com\\\/showcase\\\/organisator-das-magazin-fr-kmu\",\"https:\\\/\\\/www.xing.com\\\/news\\\/pages\\\/organisator-ch-695\",\"https:\\\/\\\/www.youtube.com\\\/channel\\\/UCGP2Sq0iWaZwT3BdIAQFYpw\"]},{\"@type\":\"Person\",\"@id\":\"https:\\\/\\\/www.organisator.ch\\\/#\\\/schema\\\/person\\\/4e51799071cd2dd1232ac003643ef5f0\",\"name\":\"galledia\",\"image\":{\"@type\":\"ImageObject\",\"inLanguage\":\"de\",\"@id\":\"https:\\\/\\\/secure.gravatar.com\\\/avatar\\\/78a7f90c01fc2bfc875782a0d4922b37cde2cf184ce347b91316d23cd7f69a36?s=96&d=mm&r=g\",\"url\":\"https:\\\/\\\/secure.gravatar.com\\\/avatar\\\/78a7f90c01fc2bfc875782a0d4922b37cde2cf184ce347b91316d23cd7f69a36?s=96&d=mm&r=g\",\"contentUrl\":\"https:\\\/\\\/secure.gravatar.com\\\/avatar\\\/78a7f90c01fc2bfc875782a0d4922b37cde2cf184ce347b91316d23cd7f69a36?s=96&d=mm&r=g\",\"caption\":\"galledia\"},\"sameAs\":[\"https:\\\/\\\/x.com\\\/admin\"],\"url\":\"https:\\\/\\\/www.organisator.ch\\\/de\\\/author\\\/galledia\\\/\"}]}<\/script>\n<!-- \/ Yoast SEO plugin. -->","yoast_head_json":{"title":"MetaDesign realisiert Rebranding f\u00fcr Baloise - Organisator","description":"Baloise einigt alle Mitarbeitenden unter einem Dach. Neue Markenstrategie soll Synergien schaffen und Kunden-Komplexit\u00e4t reduzieren.","robots":{"index":"index","follow":"follow","max-snippet":"max-snippet:-1","max-image-preview":"max-image-preview:large","max-video-preview":"max-video-preview:-1"},"canonical":"https:\/\/www.organisator.ch\/de\/marketing\/2022-10-28\/metadesign-realisiert-rebranding-fuer-baloise\/","og_locale":"de_DE","og_type":"article","og_title":"MetaDesign realisiert Rebranding f\u00fcr Baloise - Organisator","og_description":"Baloise einigt alle Mitarbeitenden unter einem Dach. Neue Markenstrategie soll Synergien schaffen und Kunden-Komplexit\u00e4t reduzieren.","og_url":"https:\/\/www.organisator.ch\/de\/marketing\/2022-10-28\/metadesign-realisiert-rebranding-fuer-baloise\/","og_site_name":"Organisator","article_publisher":"https:\/\/www.facebook.com\/OrganisatorFachmagazin","article_published_time":"2022-10-28T13:55:43+00:00","article_modified_time":"2024-11-21T04:26:06+00:00","author":"galledia","twitter_card":"summary_large_image","twitter_creator":"@admin","schema":{"@context":"https:\/\/schema.org","@graph":[{"@type":"Article","@id":"https:\/\/www.organisator.ch\/marketing\/2022-10-28\/metadesign-realisiert-rebranding-fuer-baloise\/#article","isPartOf":{"@id":"https:\/\/www.organisator.ch\/marketing\/2022-10-28\/metadesign-realisiert-rebranding-fuer-baloise\/"},"author":{"name":"galledia","@id":"https:\/\/www.organisator.ch\/#\/schema\/person\/4e51799071cd2dd1232ac003643ef5f0"},"headline":"MetaDesign realisiert Rebranding f\u00fcr Baloise","datePublished":"2022-10-28T13:55:43+00:00","dateModified":"2024-11-21T04:26:06+00:00","mainEntityOfPage":{"@id":"https:\/\/www.organisator.ch\/marketing\/2022-10-28\/metadesign-realisiert-rebranding-fuer-baloise\/"},"wordCount":412,"publisher":{"@id":"https:\/\/www.organisator.ch\/#organization"},"image":{"@id":"https:\/\/www.organisator.ch\/marketing\/2022-10-28\/metadesign-realisiert-rebranding-fuer-baloise\/#primaryimage"},"thumbnailUrl":"https:\/\/www.werbewoche.ch\/wp-content\/uploads\/2022\/10\/MetaDesign_x_Baloise_Rebranding_07.jpg","keywords":["Baloise","MetaDesign","Publicis Inspire"],"articleSection":["MARKETING"],"inLanguage":"de"},{"@type":"WebPage","@id":"https:\/\/www.organisator.ch\/marketing\/2022-10-28\/metadesign-realisiert-rebranding-fuer-baloise\/","url":"https:\/\/www.organisator.ch\/marketing\/2022-10-28\/metadesign-realisiert-rebranding-fuer-baloise\/","name":"MetaDesign realisiert Rebranding f\u00fcr Baloise - Organisator","isPartOf":{"@id":"https:\/\/www.organisator.ch\/#website"},"primaryImageOfPage":{"@id":"https:\/\/www.organisator.ch\/marketing\/2022-10-28\/metadesign-realisiert-rebranding-fuer-baloise\/#primaryimage"},"image":{"@id":"https:\/\/www.organisator.ch\/marketing\/2022-10-28\/metadesign-realisiert-rebranding-fuer-baloise\/#primaryimage"},"thumbnailUrl":"https:\/\/www.werbewoche.ch\/wp-content\/uploads\/2022\/10\/MetaDesign_x_Baloise_Rebranding_07.jpg","datePublished":"2022-10-28T13:55:43+00:00","dateModified":"2024-11-21T04:26:06+00:00","description":"Baloise einigt alle Mitarbeitenden unter einem Dach. Neue Markenstrategie soll Synergien schaffen und Kunden-Komplexit\u00e4t reduzieren.","breadcrumb":{"@id":"https:\/\/www.organisator.ch\/marketing\/2022-10-28\/metadesign-realisiert-rebranding-fuer-baloise\/#breadcrumb"},"inLanguage":"de","potentialAction":[{"@type":"ReadAction","target":["https:\/\/www.organisator.ch\/marketing\/2022-10-28\/metadesign-realisiert-rebranding-fuer-baloise\/"]}]},{"@type":"ImageObject","inLanguage":"de","@id":"https:\/\/www.organisator.ch\/marketing\/2022-10-28\/metadesign-realisiert-rebranding-fuer-baloise\/#primaryimage","url":"https:\/\/www.werbewoche.ch\/wp-content\/uploads\/2022\/10\/MetaDesign_x_Baloise_Rebranding_07.jpg","contentUrl":"https:\/\/www.werbewoche.ch\/wp-content\/uploads\/2022\/10\/MetaDesign_x_Baloise_Rebranding_07.jpg"},{"@type":"BreadcrumbList","@id":"https:\/\/www.organisator.ch\/marketing\/2022-10-28\/metadesign-realisiert-rebranding-fuer-baloise\/#breadcrumb","itemListElement":[{"@type":"ListItem","position":1,"name":"Home","item":"https:\/\/www.organisator.ch\/"},{"@type":"ListItem","position":2,"name":"MetaDesign realisiert Rebranding f\u00fcr Baloise"}]},{"@type":"WebSite","@id":"https:\/\/www.organisator.ch\/#website","url":"https:\/\/www.organisator.ch\/","name":"Organisator","description":"Kompetent. Praxisnah. Der ORGANISATOR bereitet in 10 Ausgaben pro Jahr die wesentlichen Themen f\u00fcr F\u00fchrungskr\u00e4fte von KMU auf.","publisher":{"@id":"https:\/\/www.organisator.ch\/#organization"},"potentialAction":[{"@type":"SearchAction","target":{"@type":"EntryPoint","urlTemplate":"https:\/\/www.organisator.ch\/?s={search_term_string}"},"query-input":{"@type":"PropertyValueSpecification","valueRequired":true,"valueName":"search_term_string"}}],"inLanguage":"de"},{"@type":"Organization","@id":"https:\/\/www.organisator.ch\/#organization","name":"Organisator","url":"https:\/\/www.organisator.ch\/","logo":{"@type":"ImageObject","inLanguage":"de","@id":"https:\/\/www.organisator.ch\/#\/schema\/logo\/image\/","url":"https:\/\/www.organisator.ch\/wp-content\/uploads\/2022\/01\/Logo_Organisator_Website.png","contentUrl":"https:\/\/www.organisator.ch\/wp-content\/uploads\/2022\/01\/Logo_Organisator_Website.png","width":800,"height":77,"caption":"Organisator"},"image":{"@id":"https:\/\/www.organisator.ch\/#\/schema\/logo\/image\/"},"sameAs":["https:\/\/www.facebook.com\/OrganisatorFachmagazin","https:\/\/www.linkedin.com\/showcase\/organisator-das-magazin-fr-kmu","https:\/\/www.xing.com\/news\/pages\/organisator-ch-695","https:\/\/www.youtube.com\/channel\/UCGP2Sq0iWaZwT3BdIAQFYpw"]},{"@type":"Person","@id":"https:\/\/www.organisator.ch\/#\/schema\/person\/4e51799071cd2dd1232ac003643ef5f0","name":"galledia","image":{"@type":"ImageObject","inLanguage":"de","@id":"https:\/\/secure.gravatar.com\/avatar\/78a7f90c01fc2bfc875782a0d4922b37cde2cf184ce347b91316d23cd7f69a36?s=96&d=mm&r=g","url":"https:\/\/secure.gravatar.com\/avatar\/78a7f90c01fc2bfc875782a0d4922b37cde2cf184ce347b91316d23cd7f69a36?s=96&d=mm&r=g","contentUrl":"https:\/\/secure.gravatar.com\/avatar\/78a7f90c01fc2bfc875782a0d4922b37cde2cf184ce347b91316d23cd7f69a36?s=96&d=mm&r=g","caption":"galledia"},"sameAs":["https:\/\/x.com\/admin"],"url":"https:\/\/www.organisator.ch\/de\/author\/galledia\/"}]}},"_links":{"self":[{"href":"https:\/\/www.organisator.ch\/de\/wp-json\/wp\/v2\/posts\/17601","targetHints":{"allow":["GET"]}}],"collection":[{"href":"https:\/\/www.organisator.ch\/de\/wp-json\/wp\/v2\/posts"}],"about":[{"href":"https:\/\/www.organisator.ch\/de\/wp-json\/wp\/v2\/types\/post"}],"author":[{"embeddable":true,"href":"https:\/\/www.organisator.ch\/de\/wp-json\/wp\/v2\/users\/8"}],"replies":[{"embeddable":true,"href":"https:\/\/www.organisator.ch\/de\/wp-json\/wp\/v2\/comments?post=17601"}],"version-history":[{"count":4,"href":"https:\/\/www.organisator.ch\/de\/wp-json\/wp\/v2\/posts\/17601\/revisions"}],"predecessor-version":[{"id":33687,"href":"https:\/\/www.organisator.ch\/de\/wp-json\/wp\/v2\/posts\/17601\/revisions\/33687"}],"wp:attachment":[{"href":"https:\/\/www.organisator.ch\/de\/wp-json\/wp\/v2\/media?parent=17601"}],"wp:term":[{"taxonomy":"category","embeddable":true,"href":"https:\/\/www.organisator.ch\/de\/wp-json\/wp\/v2\/categories?post=17601"},{"taxonomy":"post_tag","embeddable":true,"href":"https:\/\/www.organisator.ch\/de\/wp-json\/wp\/v2\/tags?post=17601"}],"curies":[{"name":"wp","href":"https:\/\/api.w.org\/{rel}","templated":true}]}}