{"id":17710,"date":"2022-11-04T07:42:31","date_gmt":"2022-11-04T06:42:31","guid":{"rendered":"https:\/\/www.organisator.ch\/?p=17710"},"modified":"2022-11-04T07:42:31","modified_gmt":"2022-11-04T06:42:31","slug":"thurgauer-rezepturen-gegen-krisen","status":"publish","type":"post","link":"https:\/\/www.organisator.ch\/de\/management\/2022-11-04\/thurgauer-rezepturen-gegen-krisen\/","title":{"rendered":"Thurgauer Rezepturen gegen Krisen"},"content":{"rendered":"<figure id=\"attachment_17711\" aria-describedby=\"caption-attachment-17711\" style=\"width: 680px\" class=\"wp-caption alignnone\"><img loading=\"lazy\" decoding=\"async\" class=\"size-full wp-image-17711\" src=\"https:\/\/www.organisator.ch\/wp-content\/uploads\/2022\/11\/Thurgauer-Rezepturen-gegen-Krisen_Organisator.jpg\" alt=\"\" width=\"680\" height=\"453\" srcset=\"https:\/\/www.organisator.ch\/wp-content\/uploads\/2022\/11\/Thurgauer-Rezepturen-gegen-Krisen_Organisator.jpg 680w, https:\/\/www.organisator.ch\/wp-content\/uploads\/2022\/11\/Thurgauer-Rezepturen-gegen-Krisen_Organisator-18x12.jpg 18w, https:\/\/www.organisator.ch\/wp-content\/uploads\/2022\/11\/Thurgauer-Rezepturen-gegen-Krisen_Organisator-263x175.jpg 263w, https:\/\/www.organisator.ch\/wp-content\/uploads\/2022\/11\/Thurgauer-Rezepturen-gegen-Krisen_Organisator-525x350.jpg 525w, https:\/\/www.organisator.ch\/wp-content\/uploads\/2022\/11\/Thurgauer-Rezepturen-gegen-Krisen_Organisator-300x200.jpg 300w\" sizes=\"auto, (max-width: 680px) 100vw, 680px\" \/><figcaption id=\"caption-attachment-17711\" class=\"wp-caption-text\">Hans-Werner Sinn am Thurgauer Wirtschaftsforum. (Bild: zVg)<\/figcaption><\/figure>\n<p>Von der Region zur Weltwirtschaft, vom KMU zur internationalen Grossbank: Die Referentinnen und Referenten am 26. Thurgauer Wirtschaftsforum (WFT) deckten die gesamte Bandbreite des Wirtschaftens in heutiger Zeit ab. Die Situation mit unterschiedlich hoher Inflation in der Schweiz und weiteren L\u00e4ndern bei gleichzeitiger Stagnation hat gem\u00e4ss dem deutschen Volkswirtschafter und ehemaligen Direktor des M\u00fcnchner ifo-Instituts, Hans-Werner Sinn, eine Ursache: \u00abschwarze Schw\u00e4ne\u00bb. So nennt er Extremereignisse, mit denen niemand rechnet.<\/p>\n<h3><strong>Schweiz \u00abvergleichsweise pr\u00e4chtig\u00bb<\/strong><\/h3>\n<p>Sinn sprach von einer \u00abvollkommen aussergew\u00f6hnlichen Situation\u00bb, in der sich die Volkswirtschaften heute bef\u00e4nden. Verursacht sei sie durch anhaltende Lieferengp\u00e4sse, hervorgerufen durch die Corona-Krise, durch die Energieknappheit sowie \u00abstaatliche Verschuldungsorgien\u00bb. Die Schweizer Wirtschaft halte sich dabei, etwa mit Blick auf Deutschland, \u00abvergleichsweise pr\u00e4chtig\u00bb. Im Gespr\u00e4ch mit Moderatorin Mona Vetsch zeigte Hans-Werner Sinn leisen Optimismus: \u00abMan braucht eine Krise, um zu handeln.\u00bb<\/p>\n<p>Der ehemalige Banker Oswald Gr\u00fcbel, der sowohl die Credit Suisse wie die UBS leitete, kam vor allem auf die von Krisen gesch\u00fcttelte Credit Suisse zu sprechen. Die Schweiz brauche zwei Grossbanken, um der Schweizer Wirtschaft gen\u00fcgend Liquidit\u00e4t zur Verf\u00fcgung stellen zu k\u00f6nnen. Gr\u00fcbel sieht die Zukunft der Credit Suisse verhalten positiv und riet, ausnahmsweise statt einer Bratwurst eine (bei heutigem Stand g\u00fcnstigere) CS-Aktie zu kaufen.<\/p>\n<h3><strong>Mittel gegen die Haarkrise<\/strong><\/h3>\n<p>Als Vertreterin eines Thurgauer KMU legte Sandra Banholzer, CEO der Kreuzlinger Rausch AG, dar, wie ihr Unternehmen auch in Krisenzeiten innovationsf\u00e4hig bleibt: mit lebendiger Firmenkultur, Beweglichkeit, guter Kommunikation und frechem Marketing. Als Beispiel f\u00fcr eine anstehende Innovation k\u00fcndigte sie eine neue Rezeptur gegen Haarkrisen an, getr\u00e4nkt von spritzigem Thurgauer Apfelextrakt.<\/p>\n<p>HSG-Honorarprofessorin Monika B\u00fctler legte den Fokus auf die Rahmenbedingungen, die einem KMU auch in Krisenzeiten Widerstandsf\u00e4higkeit und ein erfolgreiches Wirtschaften erm\u00f6glichen. Dank relativ guter Zusammenarbeit und Aufgabenteilung zwischen Staat und Privaten sei es der Schweiz in Corona-Zeiten gelungen, vergleichsweise gut durch die Krise zu kommen. \u00abWenn es die Schweiz weiterhin schafft\u00bb, so B\u00fctler, \u00abdie Institutionen so zu gestalten, dass alle ihre Widerstandskraft und den Zugang zu Ressourcen behalten, so schaffen wir den \u00dcbergang in die neue Welt.\u00bb<\/p>\n<h3><strong>Thurgauer des Jahres<\/strong><\/h3>\n<p>Erstmalig war in das Wirtschaftsforum das Gespr\u00e4ch mit dem frisch gek\u00fcrten Thurgauer des Jahres integriert \u2013 in Kooperation mit der Thurgauer Zeitung. Ausgezeichnet wurde diesmal der Satiriker Thomas G\u00f6tz, der den Thurgauerinnen und Thurgauern Jahr f\u00fcr Jahr unter dem Titel \u00abErg\u00f6tzliches\u00bb den Spiegel vorh\u00e4lt. Thomas G\u00f6tz lehrte die WFT-Teilnehmenden: \u00abDer Thurgau ist der Kanton der kurzen Wege &#8211; aber manchmal auch der langen Leitung.\u00bb<\/p>\n<p>Ebenfalls zum ersten Mal war die Thurgauer Kantonalbank Hauptsponsor des WFT. Deren CEO Thomas Koller nannte in seinem Grusswort, in Anlehnung an Winston Churchill, vier Elemente, um aus Krisen zu finden: Erkenntnis, Zuversicht, Handeln und &#8211; Genuss. Mit 330 Teilnehmenden war das Thurgauer Wirtschaftsforum ausverkauft. \u00a0Das 27. Wirtschaftsforum Thurgau findet am 16. November 2023 statt.<\/p>\n<p><em>Weitere Informationen: <a href=\"https:\/\/www.wft.ch\/\">Wirtschaftsforum Thurgau<\/a><\/em><\/p>\n","protected":false},"excerpt":{"rendered":"<p>Von der Region zur Weltwirtschaft, vom KMU zur internationalen Grossbank: Die Referentinnen und Referenten am 26. Thurgauer Wirtschaftsforum (WFT) deckten die gesamte Bandbreite des Wirtschaftens in heutiger Zeit ab. Die Situation mit unterschiedlich hoher Inflation in der Schweiz und weiteren L\u00e4ndern bei gleichzeitiger Stagnation hat gem\u00e4ss dem deutschen Volkswirtschafter und ehemaligen Direktor des M\u00fcnchner ifo-Instituts, [&hellip;]<\/p>\n","protected":false},"author":4,"featured_media":17711,"comment_status":"closed","ping_status":"closed","sticky":false,"template":"","format":"standard","meta":{"_acf_changed":false,"_yoast_wpseo_focuskw":"Thurgauer","_yoast_wpseo_metadesc":"Das Thurgauer Wirtschaftsforum vom 3. November 2022 hat sich mit der Finanzwelt und Wirtschaft im Kontext der aktuellen Krisen befasst.","articlekey":"","footnotes":""},"categories":[28],"tags":[193,335,531],"class_list":["post-17710","post","type-post","status-publish","format-standard","has-post-thumbnail","hentry","category-management","tag-fachkongressfachmesse","tag-management-und-unternehmensfuehrung","tag-wirtschaftspolitik"],"acf":[],"yoast_head":"<!-- This site is optimized with the Yoast SEO plugin v27.5 - https:\/\/yoast.com\/product\/yoast-seo-wordpress\/ -->\n<title>Thurgauer Rezepturen gegen Krisen - Organisator<\/title>\n<meta name=\"description\" content=\"Das Thurgauer Wirtschaftsforum vom 3. November 2022 hat sich mit der Finanzwelt und Wirtschaft im Kontext der aktuellen Krisen befasst.\" \/>\n<meta name=\"robots\" content=\"index, follow, max-snippet:-1, max-image-preview:large, max-video-preview:-1\" \/>\n<link rel=\"canonical\" href=\"https:\/\/www.organisator.ch\/de\/management\/2022-11-04\/thurgauer-rezepturen-gegen-krisen\/\" \/>\n<meta property=\"og:locale\" content=\"de_DE\" \/>\n<meta property=\"og:type\" content=\"article\" \/>\n<meta property=\"og:title\" content=\"Thurgauer Rezepturen gegen Krisen\" \/>\n<meta property=\"og:description\" content=\"Das Thurgauer Wirtschaftsforum vom 3. November 2022 hat sich mit der Finanzwelt und Wirtschaft im Kontext der aktuellen Krisen befasst.\" \/>\n<meta property=\"og:url\" content=\"https:\/\/www.organisator.ch\/de\/management\/2022-11-04\/thurgauer-rezepturen-gegen-krisen\/\" \/>\n<meta property=\"og:site_name\" content=\"Organisator\" \/>\n<meta property=\"article:publisher\" content=\"https:\/\/www.facebook.com\/OrganisatorFachmagazin\" \/>\n<meta property=\"article:published_time\" content=\"2022-11-04T06:42:31+00:00\" \/>\n<meta property=\"og:image\" content=\"https:\/\/www.organisator.ch\/wp-content\/uploads\/2022\/11\/Thurgauer-Rezepturen-gegen-Krisen_Organisator.jpg\" \/>\n\t<meta property=\"og:image:width\" content=\"680\" \/>\n\t<meta property=\"og:image:height\" content=\"453\" \/>\n\t<meta property=\"og:image:type\" content=\"image\/jpeg\" \/>\n<meta name=\"author\" content=\"thomas.berner\" \/>\n<meta name=\"twitter:card\" content=\"summary_large_image\" \/>\n<meta name=\"twitter:title\" content=\"#Thurgauer #Rezepturen gegen #Krisen\" \/>\n<meta name=\"twitter:description\" content=\"Das #Thurgauer #Wirtschaftsforum vom 3. November 2022 hat sich mit der #Finanzwelt und Wirtschaft im Kontext der aktuellen #Krisen befasst.\" \/>\n<meta name=\"twitter:image\" content=\"https:\/\/www.organisator.ch\/wp-content\/uploads\/2022\/11\/Thurgauer-Rezepturen-gegen-Krisen_Organisator.jpg\" \/>\n<script type=\"application\/ld+json\" class=\"yoast-schema-graph\">{\"@context\":\"https:\\\/\\\/schema.org\",\"@graph\":[{\"@type\":\"Article\",\"@id\":\"https:\\\/\\\/www.organisator.ch\\\/management\\\/2022-11-04\\\/thurgauer-rezepturen-gegen-krisen\\\/#article\",\"isPartOf\":{\"@id\":\"https:\\\/\\\/www.organisator.ch\\\/management\\\/2022-11-04\\\/thurgauer-rezepturen-gegen-krisen\\\/\"},\"author\":{\"name\":\"thomas.berner\",\"@id\":\"https:\\\/\\\/www.organisator.ch\\\/#\\\/schema\\\/person\\\/6f650f90b2842cd4c0cc334b4e36f67e\"},\"headline\":\"Thurgauer Rezepturen gegen Krisen\",\"datePublished\":\"2022-11-04T06:42:31+00:00\",\"mainEntityOfPage\":{\"@id\":\"https:\\\/\\\/www.organisator.ch\\\/management\\\/2022-11-04\\\/thurgauer-rezepturen-gegen-krisen\\\/\"},\"wordCount\":500,\"publisher\":{\"@id\":\"https:\\\/\\\/www.organisator.ch\\\/#organization\"},\"image\":{\"@id\":\"https:\\\/\\\/www.organisator.ch\\\/management\\\/2022-11-04\\\/thurgauer-rezepturen-gegen-krisen\\\/#primaryimage\"},\"thumbnailUrl\":\"https:\\\/\\\/www.organisator.ch\\\/wp-content\\\/uploads\\\/2022\\\/11\\\/Thurgauer-Rezepturen-gegen-Krisen_Organisator.jpg\",\"keywords\":[\"Fachkongress\\\/Fachmesse\",\"Management und Unternehmensf\u00fchrung\",\"Wirtschaftspolitik\"],\"articleSection\":[\"MANAGEMENT\"],\"inLanguage\":\"de\"},{\"@type\":\"WebPage\",\"@id\":\"https:\\\/\\\/www.organisator.ch\\\/management\\\/2022-11-04\\\/thurgauer-rezepturen-gegen-krisen\\\/\",\"url\":\"https:\\\/\\\/www.organisator.ch\\\/management\\\/2022-11-04\\\/thurgauer-rezepturen-gegen-krisen\\\/\",\"name\":\"Thurgauer Rezepturen gegen Krisen - Organisator\",\"isPartOf\":{\"@id\":\"https:\\\/\\\/www.organisator.ch\\\/#website\"},\"primaryImageOfPage\":{\"@id\":\"https:\\\/\\\/www.organisator.ch\\\/management\\\/2022-11-04\\\/thurgauer-rezepturen-gegen-krisen\\\/#primaryimage\"},\"image\":{\"@id\":\"https:\\\/\\\/www.organisator.ch\\\/management\\\/2022-11-04\\\/thurgauer-rezepturen-gegen-krisen\\\/#primaryimage\"},\"thumbnailUrl\":\"https:\\\/\\\/www.organisator.ch\\\/wp-content\\\/uploads\\\/2022\\\/11\\\/Thurgauer-Rezepturen-gegen-Krisen_Organisator.jpg\",\"datePublished\":\"2022-11-04T06:42:31+00:00\",\"description\":\"Das Thurgauer Wirtschaftsforum vom 3. November 2022 hat sich mit der Finanzwelt und Wirtschaft im Kontext der aktuellen Krisen befasst.\",\"breadcrumb\":{\"@id\":\"https:\\\/\\\/www.organisator.ch\\\/management\\\/2022-11-04\\\/thurgauer-rezepturen-gegen-krisen\\\/#breadcrumb\"},\"inLanguage\":\"de\",\"potentialAction\":[{\"@type\":\"ReadAction\",\"target\":[\"https:\\\/\\\/www.organisator.ch\\\/management\\\/2022-11-04\\\/thurgauer-rezepturen-gegen-krisen\\\/\"]}]},{\"@type\":\"ImageObject\",\"inLanguage\":\"de\",\"@id\":\"https:\\\/\\\/www.organisator.ch\\\/management\\\/2022-11-04\\\/thurgauer-rezepturen-gegen-krisen\\\/#primaryimage\",\"url\":\"https:\\\/\\\/www.organisator.ch\\\/wp-content\\\/uploads\\\/2022\\\/11\\\/Thurgauer-Rezepturen-gegen-Krisen_Organisator.jpg\",\"contentUrl\":\"https:\\\/\\\/www.organisator.ch\\\/wp-content\\\/uploads\\\/2022\\\/11\\\/Thurgauer-Rezepturen-gegen-Krisen_Organisator.jpg\",\"width\":680,\"height\":453,\"caption\":\"Hans-Werner Sinn am Thurgauer Wirtschaftsforum. (Bild: zVg)\"},{\"@type\":\"BreadcrumbList\",\"@id\":\"https:\\\/\\\/www.organisator.ch\\\/management\\\/2022-11-04\\\/thurgauer-rezepturen-gegen-krisen\\\/#breadcrumb\",\"itemListElement\":[{\"@type\":\"ListItem\",\"position\":1,\"name\":\"Home\",\"item\":\"https:\\\/\\\/www.organisator.ch\\\/\"},{\"@type\":\"ListItem\",\"position\":2,\"name\":\"Thurgauer Rezepturen gegen Krisen\"}]},{\"@type\":\"WebSite\",\"@id\":\"https:\\\/\\\/www.organisator.ch\\\/#website\",\"url\":\"https:\\\/\\\/www.organisator.ch\\\/\",\"name\":\"Organisator\",\"description\":\"Kompetent. Praxisnah. Der ORGANISATOR bereitet in 10 Ausgaben pro Jahr die wesentlichen Themen f\u00fcr F\u00fchrungskr\u00e4fte von KMU auf.\",\"publisher\":{\"@id\":\"https:\\\/\\\/www.organisator.ch\\\/#organization\"},\"potentialAction\":[{\"@type\":\"SearchAction\",\"target\":{\"@type\":\"EntryPoint\",\"urlTemplate\":\"https:\\\/\\\/www.organisator.ch\\\/?s={search_term_string}\"},\"query-input\":{\"@type\":\"PropertyValueSpecification\",\"valueRequired\":true,\"valueName\":\"search_term_string\"}}],\"inLanguage\":\"de\"},{\"@type\":\"Organization\",\"@id\":\"https:\\\/\\\/www.organisator.ch\\\/#organization\",\"name\":\"Organisator\",\"url\":\"https:\\\/\\\/www.organisator.ch\\\/\",\"logo\":{\"@type\":\"ImageObject\",\"inLanguage\":\"de\",\"@id\":\"https:\\\/\\\/www.organisator.ch\\\/#\\\/schema\\\/logo\\\/image\\\/\",\"url\":\"https:\\\/\\\/www.organisator.ch\\\/wp-content\\\/uploads\\\/2022\\\/01\\\/Logo_Organisator_Website.png\",\"contentUrl\":\"https:\\\/\\\/www.organisator.ch\\\/wp-content\\\/uploads\\\/2022\\\/01\\\/Logo_Organisator_Website.png\",\"width\":800,\"height\":77,\"caption\":\"Organisator\"},\"image\":{\"@id\":\"https:\\\/\\\/www.organisator.ch\\\/#\\\/schema\\\/logo\\\/image\\\/\"},\"sameAs\":[\"https:\\\/\\\/www.facebook.com\\\/OrganisatorFachmagazin\",\"https:\\\/\\\/www.linkedin.com\\\/showcase\\\/organisator-das-magazin-fr-kmu\",\"https:\\\/\\\/www.xing.com\\\/news\\\/pages\\\/organisator-ch-695\",\"https:\\\/\\\/www.youtube.com\\\/channel\\\/UCGP2Sq0iWaZwT3BdIAQFYpw\"]},{\"@type\":\"Person\",\"@id\":\"https:\\\/\\\/www.organisator.ch\\\/#\\\/schema\\\/person\\\/6f650f90b2842cd4c0cc334b4e36f67e\",\"name\":\"thomas.berner\",\"image\":{\"@type\":\"ImageObject\",\"inLanguage\":\"de\",\"@id\":\"https:\\\/\\\/secure.gravatar.com\\\/avatar\\\/ac5001d2a36cb6c6cd3e50789007ffca834b477b74a2144564522e944eabff61?s=96&d=mm&r=g\",\"url\":\"https:\\\/\\\/secure.gravatar.com\\\/avatar\\\/ac5001d2a36cb6c6cd3e50789007ffca834b477b74a2144564522e944eabff61?s=96&d=mm&r=g\",\"contentUrl\":\"https:\\\/\\\/secure.gravatar.com\\\/avatar\\\/ac5001d2a36cb6c6cd3e50789007ffca834b477b74a2144564522e944eabff61?s=96&d=mm&r=g\",\"caption\":\"thomas.berner\"},\"url\":\"https:\\\/\\\/www.organisator.ch\\\/de\\\/author\\\/thomas-berner\\\/\"}]}<\/script>\n<!-- \/ Yoast SEO plugin. -->","yoast_head_json":{"title":"Thurgauer Rezepturen gegen Krisen - Organisator","description":"Das Thurgauer Wirtschaftsforum vom 3. November 2022 hat sich mit der Finanzwelt und Wirtschaft im Kontext der aktuellen Krisen befasst.","robots":{"index":"index","follow":"follow","max-snippet":"max-snippet:-1","max-image-preview":"max-image-preview:large","max-video-preview":"max-video-preview:-1"},"canonical":"https:\/\/www.organisator.ch\/de\/management\/2022-11-04\/thurgauer-rezepturen-gegen-krisen\/","og_locale":"de_DE","og_type":"article","og_title":"Thurgauer Rezepturen gegen Krisen","og_description":"Das Thurgauer Wirtschaftsforum vom 3. November 2022 hat sich mit der Finanzwelt und Wirtschaft im Kontext der aktuellen Krisen befasst.","og_url":"https:\/\/www.organisator.ch\/de\/management\/2022-11-04\/thurgauer-rezepturen-gegen-krisen\/","og_site_name":"Organisator","article_publisher":"https:\/\/www.facebook.com\/OrganisatorFachmagazin","article_published_time":"2022-11-04T06:42:31+00:00","og_image":[{"width":680,"height":453,"url":"https:\/\/www.organisator.ch\/wp-content\/uploads\/2022\/11\/Thurgauer-Rezepturen-gegen-Krisen_Organisator.jpg","type":"image\/jpeg"}],"author":"thomas.berner","twitter_card":"summary_large_image","twitter_title":"#Thurgauer #Rezepturen gegen #Krisen","twitter_description":"Das #Thurgauer #Wirtschaftsforum vom 3. November 2022 hat sich mit der #Finanzwelt und Wirtschaft im Kontext der aktuellen #Krisen befasst.","twitter_image":"https:\/\/www.organisator.ch\/wp-content\/uploads\/2022\/11\/Thurgauer-Rezepturen-gegen-Krisen_Organisator.jpg","schema":{"@context":"https:\/\/schema.org","@graph":[{"@type":"Article","@id":"https:\/\/www.organisator.ch\/management\/2022-11-04\/thurgauer-rezepturen-gegen-krisen\/#article","isPartOf":{"@id":"https:\/\/www.organisator.ch\/management\/2022-11-04\/thurgauer-rezepturen-gegen-krisen\/"},"author":{"name":"thomas.berner","@id":"https:\/\/www.organisator.ch\/#\/schema\/person\/6f650f90b2842cd4c0cc334b4e36f67e"},"headline":"Thurgauer Rezepturen gegen Krisen","datePublished":"2022-11-04T06:42:31+00:00","mainEntityOfPage":{"@id":"https:\/\/www.organisator.ch\/management\/2022-11-04\/thurgauer-rezepturen-gegen-krisen\/"},"wordCount":500,"publisher":{"@id":"https:\/\/www.organisator.ch\/#organization"},"image":{"@id":"https:\/\/www.organisator.ch\/management\/2022-11-04\/thurgauer-rezepturen-gegen-krisen\/#primaryimage"},"thumbnailUrl":"https:\/\/www.organisator.ch\/wp-content\/uploads\/2022\/11\/Thurgauer-Rezepturen-gegen-Krisen_Organisator.jpg","keywords":["Fachkongress\/Fachmesse","Management und Unternehmensf\u00fchrung","Wirtschaftspolitik"],"articleSection":["MANAGEMENT"],"inLanguage":"de"},{"@type":"WebPage","@id":"https:\/\/www.organisator.ch\/management\/2022-11-04\/thurgauer-rezepturen-gegen-krisen\/","url":"https:\/\/www.organisator.ch\/management\/2022-11-04\/thurgauer-rezepturen-gegen-krisen\/","name":"Thurgauer Rezepturen gegen Krisen - Organisator","isPartOf":{"@id":"https:\/\/www.organisator.ch\/#website"},"primaryImageOfPage":{"@id":"https:\/\/www.organisator.ch\/management\/2022-11-04\/thurgauer-rezepturen-gegen-krisen\/#primaryimage"},"image":{"@id":"https:\/\/www.organisator.ch\/management\/2022-11-04\/thurgauer-rezepturen-gegen-krisen\/#primaryimage"},"thumbnailUrl":"https:\/\/www.organisator.ch\/wp-content\/uploads\/2022\/11\/Thurgauer-Rezepturen-gegen-Krisen_Organisator.jpg","datePublished":"2022-11-04T06:42:31+00:00","description":"Das Thurgauer Wirtschaftsforum vom 3. November 2022 hat sich mit der Finanzwelt und Wirtschaft im Kontext der aktuellen Krisen befasst.","breadcrumb":{"@id":"https:\/\/www.organisator.ch\/management\/2022-11-04\/thurgauer-rezepturen-gegen-krisen\/#breadcrumb"},"inLanguage":"de","potentialAction":[{"@type":"ReadAction","target":["https:\/\/www.organisator.ch\/management\/2022-11-04\/thurgauer-rezepturen-gegen-krisen\/"]}]},{"@type":"ImageObject","inLanguage":"de","@id":"https:\/\/www.organisator.ch\/management\/2022-11-04\/thurgauer-rezepturen-gegen-krisen\/#primaryimage","url":"https:\/\/www.organisator.ch\/wp-content\/uploads\/2022\/11\/Thurgauer-Rezepturen-gegen-Krisen_Organisator.jpg","contentUrl":"https:\/\/www.organisator.ch\/wp-content\/uploads\/2022\/11\/Thurgauer-Rezepturen-gegen-Krisen_Organisator.jpg","width":680,"height":453,"caption":"Hans-Werner Sinn am Thurgauer Wirtschaftsforum. (Bild: zVg)"},{"@type":"BreadcrumbList","@id":"https:\/\/www.organisator.ch\/management\/2022-11-04\/thurgauer-rezepturen-gegen-krisen\/#breadcrumb","itemListElement":[{"@type":"ListItem","position":1,"name":"Home","item":"https:\/\/www.organisator.ch\/"},{"@type":"ListItem","position":2,"name":"Thurgauer Rezepturen gegen Krisen"}]},{"@type":"WebSite","@id":"https:\/\/www.organisator.ch\/#website","url":"https:\/\/www.organisator.ch\/","name":"Organisator","description":"Kompetent. Praxisnah. Der ORGANISATOR bereitet in 10 Ausgaben pro Jahr die wesentlichen Themen f\u00fcr F\u00fchrungskr\u00e4fte von KMU auf.","publisher":{"@id":"https:\/\/www.organisator.ch\/#organization"},"potentialAction":[{"@type":"SearchAction","target":{"@type":"EntryPoint","urlTemplate":"https:\/\/www.organisator.ch\/?s={search_term_string}"},"query-input":{"@type":"PropertyValueSpecification","valueRequired":true,"valueName":"search_term_string"}}],"inLanguage":"de"},{"@type":"Organization","@id":"https:\/\/www.organisator.ch\/#organization","name":"Organisator","url":"https:\/\/www.organisator.ch\/","logo":{"@type":"ImageObject","inLanguage":"de","@id":"https:\/\/www.organisator.ch\/#\/schema\/logo\/image\/","url":"https:\/\/www.organisator.ch\/wp-content\/uploads\/2022\/01\/Logo_Organisator_Website.png","contentUrl":"https:\/\/www.organisator.ch\/wp-content\/uploads\/2022\/01\/Logo_Organisator_Website.png","width":800,"height":77,"caption":"Organisator"},"image":{"@id":"https:\/\/www.organisator.ch\/#\/schema\/logo\/image\/"},"sameAs":["https:\/\/www.facebook.com\/OrganisatorFachmagazin","https:\/\/www.linkedin.com\/showcase\/organisator-das-magazin-fr-kmu","https:\/\/www.xing.com\/news\/pages\/organisator-ch-695","https:\/\/www.youtube.com\/channel\/UCGP2Sq0iWaZwT3BdIAQFYpw"]},{"@type":"Person","@id":"https:\/\/www.organisator.ch\/#\/schema\/person\/6f650f90b2842cd4c0cc334b4e36f67e","name":"thomas.berner","image":{"@type":"ImageObject","inLanguage":"de","@id":"https:\/\/secure.gravatar.com\/avatar\/ac5001d2a36cb6c6cd3e50789007ffca834b477b74a2144564522e944eabff61?s=96&d=mm&r=g","url":"https:\/\/secure.gravatar.com\/avatar\/ac5001d2a36cb6c6cd3e50789007ffca834b477b74a2144564522e944eabff61?s=96&d=mm&r=g","contentUrl":"https:\/\/secure.gravatar.com\/avatar\/ac5001d2a36cb6c6cd3e50789007ffca834b477b74a2144564522e944eabff61?s=96&d=mm&r=g","caption":"thomas.berner"},"url":"https:\/\/www.organisator.ch\/de\/author\/thomas-berner\/"}]}},"_links":{"self":[{"href":"https:\/\/www.organisator.ch\/de\/wp-json\/wp\/v2\/posts\/17710","targetHints":{"allow":["GET"]}}],"collection":[{"href":"https:\/\/www.organisator.ch\/de\/wp-json\/wp\/v2\/posts"}],"about":[{"href":"https:\/\/www.organisator.ch\/de\/wp-json\/wp\/v2\/types\/post"}],"author":[{"embeddable":true,"href":"https:\/\/www.organisator.ch\/de\/wp-json\/wp\/v2\/users\/4"}],"replies":[{"embeddable":true,"href":"https:\/\/www.organisator.ch\/de\/wp-json\/wp\/v2\/comments?post=17710"}],"version-history":[{"count":1,"href":"https:\/\/www.organisator.ch\/de\/wp-json\/wp\/v2\/posts\/17710\/revisions"}],"predecessor-version":[{"id":17712,"href":"https:\/\/www.organisator.ch\/de\/wp-json\/wp\/v2\/posts\/17710\/revisions\/17712"}],"wp:featuredmedia":[{"embeddable":true,"href":"https:\/\/www.organisator.ch\/de\/wp-json\/wp\/v2\/media\/17711"}],"wp:attachment":[{"href":"https:\/\/www.organisator.ch\/de\/wp-json\/wp\/v2\/media?parent=17710"}],"wp:term":[{"taxonomy":"category","embeddable":true,"href":"https:\/\/www.organisator.ch\/de\/wp-json\/wp\/v2\/categories?post=17710"},{"taxonomy":"post_tag","embeddable":true,"href":"https:\/\/www.organisator.ch\/de\/wp-json\/wp\/v2\/tags?post=17710"}],"curies":[{"name":"wp","href":"https:\/\/api.w.org\/{rel}","templated":true}]}}