{"id":17741,"date":"2022-11-07T13:28:48","date_gmt":"2022-11-07T12:28:48","guid":{"rendered":"https:\/\/www.organisator.ch\/?p=17741"},"modified":"2022-11-07T13:28:48","modified_gmt":"2022-11-07T12:28:48","slug":"lancom-systems-mit-neuem-country-manager-schweiz","status":"publish","type":"post","link":"https:\/\/www.organisator.ch\/de\/management\/2022-11-07\/lancom-systems-mit-neuem-country-manager-schweiz\/","title":{"rendered":"Lancom Systems mit neuem Country Manager Schweiz"},"content":{"rendered":"<figure id=\"attachment_17742\" aria-describedby=\"caption-attachment-17742\" style=\"width: 680px\" class=\"wp-caption alignnone\"><img loading=\"lazy\" decoding=\"async\" class=\"size-full wp-image-17742\" src=\"https:\/\/www.organisator.ch\/wp-content\/uploads\/2022\/11\/Lancom-Systems-mit-neuem-Country-Manager-Schweiz_Organisator.jpg\" alt=\"\" width=\"680\" height=\"486\" srcset=\"https:\/\/www.organisator.ch\/wp-content\/uploads\/2022\/11\/Lancom-Systems-mit-neuem-Country-Manager-Schweiz_Organisator.jpg 680w, https:\/\/www.organisator.ch\/wp-content\/uploads\/2022\/11\/Lancom-Systems-mit-neuem-Country-Manager-Schweiz_Organisator-18x12.jpg 18w, https:\/\/www.organisator.ch\/wp-content\/uploads\/2022\/11\/Lancom-Systems-mit-neuem-Country-Manager-Schweiz_Organisator-245x175.jpg 245w, https:\/\/www.organisator.ch\/wp-content\/uploads\/2022\/11\/Lancom-Systems-mit-neuem-Country-Manager-Schweiz_Organisator-490x350.jpg 490w, https:\/\/www.organisator.ch\/wp-content\/uploads\/2022\/11\/Lancom-Systems-mit-neuem-Country-Manager-Schweiz_Organisator-300x214.jpg 300w\" sizes=\"auto, (max-width: 680px) 100vw, 680px\" \/><figcaption id=\"caption-attachment-17742\" class=\"wp-caption-text\">Andrej Massaro ist neuer Country Manager f\u00fcr die Schweiz bei Lancom Systems. (Bild: zVg)<\/figcaption><\/figure>\n<p>Mit Andrej Massaro beruft Lancom Systems einen erfahrenen Vertriebsprofi, der in der Schweizer IT- und Security-Branche exzellent vernetzt ist und \u00fcber eine tiefe Marktkenntnis verf\u00fcgt, wie es heisst. Mit seiner Ernennung st\u00e4rkt der deutsche Netzwerk- und Security-Hersteller seine Pr\u00e4senz in der Schweiz, um den Wachstumskurs vor Ort mit gezielten Impulsen voranzutreiben und die Digitalisierung in Wirtschaft, Verwaltung und Gesellschaft gemeinsam mit seinen Kunden und Partnern erfolgreich zu gestalten. In seiner 30-j\u00e4hrigen IT Karriere war Andrej Massaro unter anderem 13 Jahre als L\u00e4nderchef f\u00fcr Astaro\/Sophos t\u00e4tig.<\/p>\n<p>Uwe Neumeier, Gesch\u00e4ftsf\u00fchrer von Lancom Systems l\u00e4sst sich wie folgt zu dieser Personalie zitieren: \u201eDie Schweiz ist f\u00fcr uns ein wichtiger Markt mit enormem Potenzial. Mit seiner langj\u00e4hrigen Erfahrung im Netzwerk- und Security-Umfeld gewinnen wir mit Andrej einen Kollegen mit vielf\u00e4ltigen Talenten und Erfahrungen. Sein Background passt perfekt zum Angebot, das wir unseren Kunden und Partnern in der Schweiz machen wollen: Netzwerk und Security aus einer Hand \u2013 als digital souver\u00e4ne, datenschutzkonforme und sichere Basis f\u00fcr die digitale Transformation.\u201c<\/p>\n<p>Die Lancom Systems GmbH wurde 2002 gegr\u00fcndet und hat ihren Hauptsitz in W\u00fcrselen bei Aachen. Zu den Kunden z\u00e4hlen KMU, Beh\u00f6rden, Institutionen und Gro\u00dfkonzerne aus aller Welt. \u00a0Seit Sommer 2018 ist das Unternehmen hundertprozentige Tochtergesellschaft des M\u00fcnchner Technologiekonzerns Rohde &amp; Schwarz. Das Unternehmen ist Hersteller von Netzwerk- und Security-L\u00f6sungen f\u00fcr Wirtschaft und Verwaltung. Zum Portfolio geh\u00f6ren Hardware (WAN, LAN, WLAN, Firewalls), virtuelle Netzwerkkomponenten und Cloud-basierendes Software-defined Networking (SDN).<\/p>\n<p><a href=\"http:\/\/www.lancom-systems.de\"><em>Weitere Informationen<\/em><\/a><\/p>\n","protected":false},"excerpt":{"rendered":"<p>Mit Andrej Massaro beruft Lancom Systems einen erfahrenen Vertriebsprofi, der in der Schweizer IT- und Security-Branche exzellent vernetzt ist und \u00fcber eine tiefe Marktkenntnis verf\u00fcgt, wie es heisst. Mit seiner Ernennung st\u00e4rkt der deutsche Netzwerk- und Security-Hersteller seine Pr\u00e4senz in der Schweiz, um den Wachstumskurs vor Ort mit gezielten Impulsen voranzutreiben und die Digitalisierung in [&hellip;]<\/p>\n","protected":false},"author":4,"featured_media":17742,"comment_status":"closed","ping_status":"closed","sticky":false,"template":"","format":"standard","meta":{"_acf_changed":false,"_yoast_wpseo_focuskw":"Lancom Systems","_yoast_wpseo_metadesc":"Der deutsche Netzwerkinfrastruktur- und Security-Ausr\u00fcster Lancom Systems hat Andrej Massaro zum Country Manager Schweiz ernannt.","articlekey":"","footnotes":""},"categories":[28],"tags":[286,335,381],"class_list":["post-17741","post","type-post","status-publish","format-standard","has-post-thumbnail","hentry","category-management","tag-it","tag-management-und-unternehmensfuehrung","tag-personalia"],"acf":[],"yoast_head":"<!-- This site is optimized with the Yoast SEO plugin v27.5 - https:\/\/yoast.com\/product\/yoast-seo-wordpress\/ -->\n<title>Lancom Systems mit neuem Country Manager Schweiz - Organisator<\/title>\n<meta name=\"description\" content=\"Der deutsche Netzwerkinfrastruktur- und Security-Ausr\u00fcster Lancom Systems hat Andrej Massaro zum Country Manager Schweiz ernannt.\" \/>\n<meta name=\"robots\" content=\"index, follow, max-snippet:-1, max-image-preview:large, max-video-preview:-1\" \/>\n<link rel=\"canonical\" href=\"https:\/\/www.organisator.ch\/de\/management\/2022-11-07\/lancom-systems-mit-neuem-country-manager-schweiz\/\" \/>\n<meta property=\"og:locale\" content=\"de_DE\" \/>\n<meta property=\"og:type\" content=\"article\" \/>\n<meta property=\"og:title\" content=\"Lancom Systems mit neuem Country Manager Schweiz\" \/>\n<meta property=\"og:description\" content=\"Der deutsche Netzwerkinfrastruktur- und Security-Ausr\u00fcster Lancom Systems hat Andrej Massaro zum Country Manager Schweiz ernannt.\" \/>\n<meta property=\"og:url\" content=\"https:\/\/www.organisator.ch\/de\/management\/2022-11-07\/lancom-systems-mit-neuem-country-manager-schweiz\/\" \/>\n<meta property=\"og:site_name\" content=\"Organisator\" \/>\n<meta property=\"article:publisher\" content=\"https:\/\/www.facebook.com\/OrganisatorFachmagazin\" \/>\n<meta property=\"article:published_time\" content=\"2022-11-07T12:28:48+00:00\" \/>\n<meta property=\"og:image\" content=\"https:\/\/www.organisator.ch\/wp-content\/uploads\/2022\/11\/Lancom-Systems-mit-neuem-Country-Manager-Schweiz_Organisator.jpg\" \/>\n\t<meta property=\"og:image:width\" content=\"680\" \/>\n\t<meta property=\"og:image:height\" content=\"486\" \/>\n\t<meta property=\"og:image:type\" content=\"image\/jpeg\" \/>\n<meta name=\"author\" content=\"thomas.berner\" \/>\n<meta name=\"twitter:card\" content=\"summary_large_image\" \/>\n<meta name=\"twitter:title\" content=\"#Lancom Systems mit neuem Country Manager Schweiz\" \/>\n<meta name=\"twitter:description\" content=\"Der deutsche #Netzwerkinfrastruktur- und Security-Ausr\u00fcster #Lancom Systems hat Andrej #Massaro zum Country Manager Schweiz ernannt.\" \/>\n<meta name=\"twitter:image\" content=\"https:\/\/www.organisator.ch\/wp-content\/uploads\/2022\/11\/Lancom-Systems-mit-neuem-Country-Manager-Schweiz_Organisator.jpg\" \/>\n<script type=\"application\/ld+json\" class=\"yoast-schema-graph\">{\"@context\":\"https:\\\/\\\/schema.org\",\"@graph\":[{\"@type\":\"Article\",\"@id\":\"https:\\\/\\\/www.organisator.ch\\\/management\\\/2022-11-07\\\/lancom-systems-mit-neuem-country-manager-schweiz\\\/#article\",\"isPartOf\":{\"@id\":\"https:\\\/\\\/www.organisator.ch\\\/management\\\/2022-11-07\\\/lancom-systems-mit-neuem-country-manager-schweiz\\\/\"},\"author\":{\"name\":\"thomas.berner\",\"@id\":\"https:\\\/\\\/www.organisator.ch\\\/#\\\/schema\\\/person\\\/6f650f90b2842cd4c0cc334b4e36f67e\"},\"headline\":\"Lancom Systems mit neuem Country Manager Schweiz\",\"datePublished\":\"2022-11-07T12:28:48+00:00\",\"mainEntityOfPage\":{\"@id\":\"https:\\\/\\\/www.organisator.ch\\\/management\\\/2022-11-07\\\/lancom-systems-mit-neuem-country-manager-schweiz\\\/\"},\"wordCount\":284,\"publisher\":{\"@id\":\"https:\\\/\\\/www.organisator.ch\\\/#organization\"},\"image\":{\"@id\":\"https:\\\/\\\/www.organisator.ch\\\/management\\\/2022-11-07\\\/lancom-systems-mit-neuem-country-manager-schweiz\\\/#primaryimage\"},\"thumbnailUrl\":\"https:\\\/\\\/www.organisator.ch\\\/wp-content\\\/uploads\\\/2022\\\/11\\\/Lancom-Systems-mit-neuem-Country-Manager-Schweiz_Organisator.jpg\",\"keywords\":[\"IT\",\"Management und Unternehmensf\u00fchrung\",\"Personalia\"],\"articleSection\":[\"MANAGEMENT\"],\"inLanguage\":\"de\"},{\"@type\":\"WebPage\",\"@id\":\"https:\\\/\\\/www.organisator.ch\\\/management\\\/2022-11-07\\\/lancom-systems-mit-neuem-country-manager-schweiz\\\/\",\"url\":\"https:\\\/\\\/www.organisator.ch\\\/management\\\/2022-11-07\\\/lancom-systems-mit-neuem-country-manager-schweiz\\\/\",\"name\":\"Lancom Systems mit neuem Country Manager Schweiz - Organisator\",\"isPartOf\":{\"@id\":\"https:\\\/\\\/www.organisator.ch\\\/#website\"},\"primaryImageOfPage\":{\"@id\":\"https:\\\/\\\/www.organisator.ch\\\/management\\\/2022-11-07\\\/lancom-systems-mit-neuem-country-manager-schweiz\\\/#primaryimage\"},\"image\":{\"@id\":\"https:\\\/\\\/www.organisator.ch\\\/management\\\/2022-11-07\\\/lancom-systems-mit-neuem-country-manager-schweiz\\\/#primaryimage\"},\"thumbnailUrl\":\"https:\\\/\\\/www.organisator.ch\\\/wp-content\\\/uploads\\\/2022\\\/11\\\/Lancom-Systems-mit-neuem-Country-Manager-Schweiz_Organisator.jpg\",\"datePublished\":\"2022-11-07T12:28:48+00:00\",\"description\":\"Der deutsche Netzwerkinfrastruktur- und Security-Ausr\u00fcster Lancom Systems hat Andrej Massaro zum Country Manager Schweiz ernannt.\",\"breadcrumb\":{\"@id\":\"https:\\\/\\\/www.organisator.ch\\\/management\\\/2022-11-07\\\/lancom-systems-mit-neuem-country-manager-schweiz\\\/#breadcrumb\"},\"inLanguage\":\"de\",\"potentialAction\":[{\"@type\":\"ReadAction\",\"target\":[\"https:\\\/\\\/www.organisator.ch\\\/management\\\/2022-11-07\\\/lancom-systems-mit-neuem-country-manager-schweiz\\\/\"]}]},{\"@type\":\"ImageObject\",\"inLanguage\":\"de\",\"@id\":\"https:\\\/\\\/www.organisator.ch\\\/management\\\/2022-11-07\\\/lancom-systems-mit-neuem-country-manager-schweiz\\\/#primaryimage\",\"url\":\"https:\\\/\\\/www.organisator.ch\\\/wp-content\\\/uploads\\\/2022\\\/11\\\/Lancom-Systems-mit-neuem-Country-Manager-Schweiz_Organisator.jpg\",\"contentUrl\":\"https:\\\/\\\/www.organisator.ch\\\/wp-content\\\/uploads\\\/2022\\\/11\\\/Lancom-Systems-mit-neuem-Country-Manager-Schweiz_Organisator.jpg\",\"width\":680,\"height\":486,\"caption\":\"Andrej Massaro ist neuer Country Manager f\u00fcr die Schweiz bei Lancom Systems. (Bild: zVg)\"},{\"@type\":\"BreadcrumbList\",\"@id\":\"https:\\\/\\\/www.organisator.ch\\\/management\\\/2022-11-07\\\/lancom-systems-mit-neuem-country-manager-schweiz\\\/#breadcrumb\",\"itemListElement\":[{\"@type\":\"ListItem\",\"position\":1,\"name\":\"Home\",\"item\":\"https:\\\/\\\/www.organisator.ch\\\/\"},{\"@type\":\"ListItem\",\"position\":2,\"name\":\"Lancom Systems mit neuem Country Manager Schweiz\"}]},{\"@type\":\"WebSite\",\"@id\":\"https:\\\/\\\/www.organisator.ch\\\/#website\",\"url\":\"https:\\\/\\\/www.organisator.ch\\\/\",\"name\":\"Organisator\",\"description\":\"Kompetent. Praxisnah. Der ORGANISATOR bereitet in 10 Ausgaben pro Jahr die wesentlichen Themen f\u00fcr F\u00fchrungskr\u00e4fte von KMU auf.\",\"publisher\":{\"@id\":\"https:\\\/\\\/www.organisator.ch\\\/#organization\"},\"potentialAction\":[{\"@type\":\"SearchAction\",\"target\":{\"@type\":\"EntryPoint\",\"urlTemplate\":\"https:\\\/\\\/www.organisator.ch\\\/?s={search_term_string}\"},\"query-input\":{\"@type\":\"PropertyValueSpecification\",\"valueRequired\":true,\"valueName\":\"search_term_string\"}}],\"inLanguage\":\"de\"},{\"@type\":\"Organization\",\"@id\":\"https:\\\/\\\/www.organisator.ch\\\/#organization\",\"name\":\"Organisator\",\"url\":\"https:\\\/\\\/www.organisator.ch\\\/\",\"logo\":{\"@type\":\"ImageObject\",\"inLanguage\":\"de\",\"@id\":\"https:\\\/\\\/www.organisator.ch\\\/#\\\/schema\\\/logo\\\/image\\\/\",\"url\":\"https:\\\/\\\/www.organisator.ch\\\/wp-content\\\/uploads\\\/2022\\\/01\\\/Logo_Organisator_Website.png\",\"contentUrl\":\"https:\\\/\\\/www.organisator.ch\\\/wp-content\\\/uploads\\\/2022\\\/01\\\/Logo_Organisator_Website.png\",\"width\":800,\"height\":77,\"caption\":\"Organisator\"},\"image\":{\"@id\":\"https:\\\/\\\/www.organisator.ch\\\/#\\\/schema\\\/logo\\\/image\\\/\"},\"sameAs\":[\"https:\\\/\\\/www.facebook.com\\\/OrganisatorFachmagazin\",\"https:\\\/\\\/www.linkedin.com\\\/showcase\\\/organisator-das-magazin-fr-kmu\",\"https:\\\/\\\/www.xing.com\\\/news\\\/pages\\\/organisator-ch-695\",\"https:\\\/\\\/www.youtube.com\\\/channel\\\/UCGP2Sq0iWaZwT3BdIAQFYpw\"]},{\"@type\":\"Person\",\"@id\":\"https:\\\/\\\/www.organisator.ch\\\/#\\\/schema\\\/person\\\/6f650f90b2842cd4c0cc334b4e36f67e\",\"name\":\"thomas.berner\",\"image\":{\"@type\":\"ImageObject\",\"inLanguage\":\"de\",\"@id\":\"https:\\\/\\\/secure.gravatar.com\\\/avatar\\\/ac5001d2a36cb6c6cd3e50789007ffca834b477b74a2144564522e944eabff61?s=96&d=mm&r=g\",\"url\":\"https:\\\/\\\/secure.gravatar.com\\\/avatar\\\/ac5001d2a36cb6c6cd3e50789007ffca834b477b74a2144564522e944eabff61?s=96&d=mm&r=g\",\"contentUrl\":\"https:\\\/\\\/secure.gravatar.com\\\/avatar\\\/ac5001d2a36cb6c6cd3e50789007ffca834b477b74a2144564522e944eabff61?s=96&d=mm&r=g\",\"caption\":\"thomas.berner\"},\"url\":\"https:\\\/\\\/www.organisator.ch\\\/de\\\/author\\\/thomas-berner\\\/\"}]}<\/script>\n<!-- \/ Yoast SEO plugin. -->","yoast_head_json":{"title":"Lancom Systems mit neuem Country Manager Schweiz - Organisator","description":"Der deutsche Netzwerkinfrastruktur- und Security-Ausr\u00fcster Lancom Systems hat Andrej Massaro zum Country Manager Schweiz ernannt.","robots":{"index":"index","follow":"follow","max-snippet":"max-snippet:-1","max-image-preview":"max-image-preview:large","max-video-preview":"max-video-preview:-1"},"canonical":"https:\/\/www.organisator.ch\/de\/management\/2022-11-07\/lancom-systems-mit-neuem-country-manager-schweiz\/","og_locale":"de_DE","og_type":"article","og_title":"Lancom Systems mit neuem Country Manager Schweiz","og_description":"Der deutsche Netzwerkinfrastruktur- und Security-Ausr\u00fcster Lancom Systems hat Andrej Massaro zum Country Manager Schweiz ernannt.","og_url":"https:\/\/www.organisator.ch\/de\/management\/2022-11-07\/lancom-systems-mit-neuem-country-manager-schweiz\/","og_site_name":"Organisator","article_publisher":"https:\/\/www.facebook.com\/OrganisatorFachmagazin","article_published_time":"2022-11-07T12:28:48+00:00","og_image":[{"width":680,"height":486,"url":"https:\/\/www.organisator.ch\/wp-content\/uploads\/2022\/11\/Lancom-Systems-mit-neuem-Country-Manager-Schweiz_Organisator.jpg","type":"image\/jpeg"}],"author":"thomas.berner","twitter_card":"summary_large_image","twitter_title":"#Lancom Systems mit neuem Country Manager Schweiz","twitter_description":"Der deutsche #Netzwerkinfrastruktur- und Security-Ausr\u00fcster #Lancom Systems hat Andrej #Massaro zum Country Manager Schweiz ernannt.","twitter_image":"https:\/\/www.organisator.ch\/wp-content\/uploads\/2022\/11\/Lancom-Systems-mit-neuem-Country-Manager-Schweiz_Organisator.jpg","schema":{"@context":"https:\/\/schema.org","@graph":[{"@type":"Article","@id":"https:\/\/www.organisator.ch\/management\/2022-11-07\/lancom-systems-mit-neuem-country-manager-schweiz\/#article","isPartOf":{"@id":"https:\/\/www.organisator.ch\/management\/2022-11-07\/lancom-systems-mit-neuem-country-manager-schweiz\/"},"author":{"name":"thomas.berner","@id":"https:\/\/www.organisator.ch\/#\/schema\/person\/6f650f90b2842cd4c0cc334b4e36f67e"},"headline":"Lancom Systems mit neuem Country Manager Schweiz","datePublished":"2022-11-07T12:28:48+00:00","mainEntityOfPage":{"@id":"https:\/\/www.organisator.ch\/management\/2022-11-07\/lancom-systems-mit-neuem-country-manager-schweiz\/"},"wordCount":284,"publisher":{"@id":"https:\/\/www.organisator.ch\/#organization"},"image":{"@id":"https:\/\/www.organisator.ch\/management\/2022-11-07\/lancom-systems-mit-neuem-country-manager-schweiz\/#primaryimage"},"thumbnailUrl":"https:\/\/www.organisator.ch\/wp-content\/uploads\/2022\/11\/Lancom-Systems-mit-neuem-Country-Manager-Schweiz_Organisator.jpg","keywords":["IT","Management und Unternehmensf\u00fchrung","Personalia"],"articleSection":["MANAGEMENT"],"inLanguage":"de"},{"@type":"WebPage","@id":"https:\/\/www.organisator.ch\/management\/2022-11-07\/lancom-systems-mit-neuem-country-manager-schweiz\/","url":"https:\/\/www.organisator.ch\/management\/2022-11-07\/lancom-systems-mit-neuem-country-manager-schweiz\/","name":"Lancom Systems mit neuem Country Manager Schweiz - Organisator","isPartOf":{"@id":"https:\/\/www.organisator.ch\/#website"},"primaryImageOfPage":{"@id":"https:\/\/www.organisator.ch\/management\/2022-11-07\/lancom-systems-mit-neuem-country-manager-schweiz\/#primaryimage"},"image":{"@id":"https:\/\/www.organisator.ch\/management\/2022-11-07\/lancom-systems-mit-neuem-country-manager-schweiz\/#primaryimage"},"thumbnailUrl":"https:\/\/www.organisator.ch\/wp-content\/uploads\/2022\/11\/Lancom-Systems-mit-neuem-Country-Manager-Schweiz_Organisator.jpg","datePublished":"2022-11-07T12:28:48+00:00","description":"Der deutsche Netzwerkinfrastruktur- und Security-Ausr\u00fcster Lancom Systems hat Andrej Massaro zum Country Manager Schweiz ernannt.","breadcrumb":{"@id":"https:\/\/www.organisator.ch\/management\/2022-11-07\/lancom-systems-mit-neuem-country-manager-schweiz\/#breadcrumb"},"inLanguage":"de","potentialAction":[{"@type":"ReadAction","target":["https:\/\/www.organisator.ch\/management\/2022-11-07\/lancom-systems-mit-neuem-country-manager-schweiz\/"]}]},{"@type":"ImageObject","inLanguage":"de","@id":"https:\/\/www.organisator.ch\/management\/2022-11-07\/lancom-systems-mit-neuem-country-manager-schweiz\/#primaryimage","url":"https:\/\/www.organisator.ch\/wp-content\/uploads\/2022\/11\/Lancom-Systems-mit-neuem-Country-Manager-Schweiz_Organisator.jpg","contentUrl":"https:\/\/www.organisator.ch\/wp-content\/uploads\/2022\/11\/Lancom-Systems-mit-neuem-Country-Manager-Schweiz_Organisator.jpg","width":680,"height":486,"caption":"Andrej Massaro ist neuer Country Manager f\u00fcr die Schweiz bei Lancom Systems. (Bild: zVg)"},{"@type":"BreadcrumbList","@id":"https:\/\/www.organisator.ch\/management\/2022-11-07\/lancom-systems-mit-neuem-country-manager-schweiz\/#breadcrumb","itemListElement":[{"@type":"ListItem","position":1,"name":"Home","item":"https:\/\/www.organisator.ch\/"},{"@type":"ListItem","position":2,"name":"Lancom Systems mit neuem Country Manager Schweiz"}]},{"@type":"WebSite","@id":"https:\/\/www.organisator.ch\/#website","url":"https:\/\/www.organisator.ch\/","name":"Organisator","description":"Kompetent. Praxisnah. Der ORGANISATOR bereitet in 10 Ausgaben pro Jahr die wesentlichen Themen f\u00fcr F\u00fchrungskr\u00e4fte von KMU auf.","publisher":{"@id":"https:\/\/www.organisator.ch\/#organization"},"potentialAction":[{"@type":"SearchAction","target":{"@type":"EntryPoint","urlTemplate":"https:\/\/www.organisator.ch\/?s={search_term_string}"},"query-input":{"@type":"PropertyValueSpecification","valueRequired":true,"valueName":"search_term_string"}}],"inLanguage":"de"},{"@type":"Organization","@id":"https:\/\/www.organisator.ch\/#organization","name":"Organisator","url":"https:\/\/www.organisator.ch\/","logo":{"@type":"ImageObject","inLanguage":"de","@id":"https:\/\/www.organisator.ch\/#\/schema\/logo\/image\/","url":"https:\/\/www.organisator.ch\/wp-content\/uploads\/2022\/01\/Logo_Organisator_Website.png","contentUrl":"https:\/\/www.organisator.ch\/wp-content\/uploads\/2022\/01\/Logo_Organisator_Website.png","width":800,"height":77,"caption":"Organisator"},"image":{"@id":"https:\/\/www.organisator.ch\/#\/schema\/logo\/image\/"},"sameAs":["https:\/\/www.facebook.com\/OrganisatorFachmagazin","https:\/\/www.linkedin.com\/showcase\/organisator-das-magazin-fr-kmu","https:\/\/www.xing.com\/news\/pages\/organisator-ch-695","https:\/\/www.youtube.com\/channel\/UCGP2Sq0iWaZwT3BdIAQFYpw"]},{"@type":"Person","@id":"https:\/\/www.organisator.ch\/#\/schema\/person\/6f650f90b2842cd4c0cc334b4e36f67e","name":"thomas.berner","image":{"@type":"ImageObject","inLanguage":"de","@id":"https:\/\/secure.gravatar.com\/avatar\/ac5001d2a36cb6c6cd3e50789007ffca834b477b74a2144564522e944eabff61?s=96&d=mm&r=g","url":"https:\/\/secure.gravatar.com\/avatar\/ac5001d2a36cb6c6cd3e50789007ffca834b477b74a2144564522e944eabff61?s=96&d=mm&r=g","contentUrl":"https:\/\/secure.gravatar.com\/avatar\/ac5001d2a36cb6c6cd3e50789007ffca834b477b74a2144564522e944eabff61?s=96&d=mm&r=g","caption":"thomas.berner"},"url":"https:\/\/www.organisator.ch\/de\/author\/thomas-berner\/"}]}},"_links":{"self":[{"href":"https:\/\/www.organisator.ch\/de\/wp-json\/wp\/v2\/posts\/17741","targetHints":{"allow":["GET"]}}],"collection":[{"href":"https:\/\/www.organisator.ch\/de\/wp-json\/wp\/v2\/posts"}],"about":[{"href":"https:\/\/www.organisator.ch\/de\/wp-json\/wp\/v2\/types\/post"}],"author":[{"embeddable":true,"href":"https:\/\/www.organisator.ch\/de\/wp-json\/wp\/v2\/users\/4"}],"replies":[{"embeddable":true,"href":"https:\/\/www.organisator.ch\/de\/wp-json\/wp\/v2\/comments?post=17741"}],"version-history":[{"count":1,"href":"https:\/\/www.organisator.ch\/de\/wp-json\/wp\/v2\/posts\/17741\/revisions"}],"predecessor-version":[{"id":17743,"href":"https:\/\/www.organisator.ch\/de\/wp-json\/wp\/v2\/posts\/17741\/revisions\/17743"}],"wp:featuredmedia":[{"embeddable":true,"href":"https:\/\/www.organisator.ch\/de\/wp-json\/wp\/v2\/media\/17742"}],"wp:attachment":[{"href":"https:\/\/www.organisator.ch\/de\/wp-json\/wp\/v2\/media?parent=17741"}],"wp:term":[{"taxonomy":"category","embeddable":true,"href":"https:\/\/www.organisator.ch\/de\/wp-json\/wp\/v2\/categories?post=17741"},{"taxonomy":"post_tag","embeddable":true,"href":"https:\/\/www.organisator.ch\/de\/wp-json\/wp\/v2\/tags?post=17741"}],"curies":[{"name":"wp","href":"https:\/\/api.w.org\/{rel}","templated":true}]}}