{"id":17744,"date":"2022-11-07T14:01:27","date_gmt":"2022-11-07T13:01:27","guid":{"rendered":"https:\/\/www.organisator.ch\/?p=17744"},"modified":"2022-11-07T14:01:27","modified_gmt":"2022-11-07T13:01:27","slug":"greenpeace-schweiz-wird-immer-unglaubwuerdiger","status":"publish","type":"post","link":"https:\/\/www.organisator.ch\/de\/sustainability\/2022-11-07\/greenpeace-schweiz-wird-immer-unglaubwuerdiger\/","title":{"rendered":"Greenpeace: Schweiz wird immer unglaubw\u00fcrdiger"},"content":{"rendered":"<figure id=\"attachment_17745\" aria-describedby=\"caption-attachment-17745\" style=\"width: 680px\" class=\"wp-caption alignnone\"><img loading=\"lazy\" decoding=\"async\" class=\"size-full wp-image-17745\" src=\"https:\/\/www.organisator.ch\/wp-content\/uploads\/2022\/11\/Greenpeace-Schweiz-wird-immer-unglaubwuerdiger_Organisator.jpg\" alt=\"\" width=\"680\" height=\"453\" srcset=\"https:\/\/www.organisator.ch\/wp-content\/uploads\/2022\/11\/Greenpeace-Schweiz-wird-immer-unglaubwuerdiger_Organisator.jpg 680w, https:\/\/www.organisator.ch\/wp-content\/uploads\/2022\/11\/Greenpeace-Schweiz-wird-immer-unglaubwuerdiger_Organisator-18x12.jpg 18w, https:\/\/www.organisator.ch\/wp-content\/uploads\/2022\/11\/Greenpeace-Schweiz-wird-immer-unglaubwuerdiger_Organisator-263x175.jpg 263w, https:\/\/www.organisator.ch\/wp-content\/uploads\/2022\/11\/Greenpeace-Schweiz-wird-immer-unglaubwuerdiger_Organisator-525x350.jpg 525w, https:\/\/www.organisator.ch\/wp-content\/uploads\/2022\/11\/Greenpeace-Schweiz-wird-immer-unglaubwuerdiger_Organisator-300x200.jpg 300w\" sizes=\"auto, (max-width: 680px) 100vw, 680px\" \/><figcaption id=\"caption-attachment-17745\" class=\"wp-caption-text\">Es gibt keinen &#8222;Planet B&#8220;: Laut Greenpeace gilt das auch f\u00fcr die Schweiz, die den Klimazielen weit hinterherhinke. (Bild: Unsplash.com)<\/figcaption><\/figure>\n<p>Damit die COP27 tats\u00e4chlich dazu beitr\u00e4gt, die Ziele des Pariser Abkommens zu erreichen, m\u00fcssen gem\u00e4ss Greenpeace die Schweiz und die anderen reichen L\u00e4nder ihre weitgehend unzureichenden Klimastrategien dringend verbessern und Verantwortung \u00fcbernehmen. Sie m\u00fcssten sich verpflichten, die Bew\u00e4ltigung von Verlusten und Sch\u00e4den durch Klimakatastrophen ausreichend zu finanzieren, fordert die Umweltorganisation weiter. Es brauche zudem Zusagen zur finanziellen Unterst\u00fctzung von Niedriglohnl\u00e4ndern bei der Anpassung an die Folgen des Klimawandels und zur St\u00e4rkung ihrer Widerstandsf\u00e4higkeit.<\/p>\n<p>\u00abTrotz der Klimaextreme der vergangenen Monate, die Tod und Zerst\u00f6rung brachten, trotz neuerer Erkenntnisse, die klar zeigen, dass gef\u00e4hrliche Kipppunkte wahrscheinlich schon ab einer globalen Erhitzung von 1.5\u00b0C ausgel\u00f6st werden, verharrt die Schweiz auf ihrer weitgehend unzureichenden Position\u00bb, sagt Georg Klingler, Klima- und Energieexperte bei Greenpeace Schweiz.<\/p>\n<h3>Greenpeace stellt die Schweiz an den Pranger<\/h3>\n<p>Internationale Analysen, die die Klimaschutzbem\u00fchungen einzelner L\u00e4nder vergleichen, w\u00fcrden die M\u00e4ngel der Schweizer Klimapolitik deutlich aufzeigen, schreibt Greenpeace in einer Medienmitteilung. Insbesondere werden folgende Punkte angeprangert:<\/p>\n<ul>\n<li>Die Schweiz habe die Klimaschutzverpflichtungen f\u00fcr 2020 verfehlt und stehe f\u00fcr 2030 nicht besser da: W\u00fcrden sich alle L\u00e4nder an den Ambitionen der Schweiz orientieren, dann w\u00fcrde sich der Planet gegen\u00fcber dem vorindustriellen Niveau um bis zu 3\u00b0C aufheizen. Damit w\u00e4re die Zukunft der Menschheit gef\u00e4hrdet.<\/li>\n<li>Statt einer Reduktion der Treibhausgasemissionen von 50 Prozent bis 2030 m\u00fcsste die Schweiz im Inland mindestens 61 Prozent gegen\u00fcber dem Niveau von 1990 erreichen. Dies ohne Gegenrechnung von Emissionsreduktionen, die in anderen L\u00e4ndern erzielt werden. Solche Reduktionen m\u00fcssten zus\u00e4tzlich zum Inlandziel erbracht werden und in der Summe dazu f\u00fchren, dass die Schweiz bis 2030 mehr Emissionen reduziert als 1990 insgesamt ausgestossen wurden.<\/li>\n<li>Die Regulierung der Finanzfl\u00fcsse bleibt ein riesiges Problem. Auch sieben Jahre nach Verabschiedung des \u00dcbereinkommens von Paris w\u00fcrden in der Schweiz verbindliche Vorgaben zur Reduktion der durch den Finanzplatz und damit auch die Schweizerische Nationalbank verursachten weltweiten Klimasch\u00e4den fehlen. Der Schweizer Finanzplatz befeuere derzeit eine globale Erhitzung von 4\u00b0C. Hier m\u00fcsse rasch korrigierend eingegriffen werden, der Schweizer Finanzplatz sei der gr\u00f6sste Klimaschutz-Hebel der Schweiz, heisst es seitens der Umweltorganisation.<\/li>\n<li>Die Position der Schweiz bez\u00fcglich der Finanzierung einer klimafreundlichen Entwicklung sowie von Klimasch\u00e4den in L\u00e4ndern, welche in der Vergangenheit vergleichsweise wenig zur Klimaerhitzung beigetragen haben, lasse ebenso zu w\u00fcnschen \u00fcbrig. Statt neue Gelder bereitzustellen, um das global bedrohende Problem zu l\u00f6sen und Leid zu mindern, w\u00fcrden Gelder aus der Entwicklungszusammenarbeit umgewidmet und mit privaten Krediten sch\u00f6n gerechnet.<\/li>\n<\/ul>\n<h3>COP27 mit geringen Erwartungen<\/h3>\n<p>Die Umweltorganisation Greenpeace selbst ist mit einer internationalen Delegation an der Konferenz anwesend. Ihre Vertreterinnen und Vertreter setzen sich daf\u00fcr ein, dass bez\u00fcglich Klimagerechtigkeit sowie der Wahrung einer maximalen globalen Erw\u00e4rmung von 1.5\u00b0C Fortschritte erzielt werden. Gem\u00e4ss <a href=\"https:\/\/www.organisator.ch\/de\/sustainability\/2022-11-04\/cop27-mind-the-gap\/\">Einsch\u00e4tzung von Experten<\/a> d\u00fcrften die Ergebnisse der COP27 aber wiederum gering ausfallen. Es scheint, dass die Agenda vieler Industriel\u00e4nder derzeit mehr vom Ukraine-Krieg diktiert wird als von einer globalen Klimakrise.<\/p>\n<p><em><a href=\"https:\/\/www.greenpeace.ch\/de\/\">Quelle<\/a><\/em><\/p>\n","protected":false},"excerpt":{"rendered":"<p>Damit die COP27 tats\u00e4chlich dazu beitr\u00e4gt, die Ziele des Pariser Abkommens zu erreichen, m\u00fcssen gem\u00e4ss Greenpeace die Schweiz und die anderen reichen L\u00e4nder ihre weitgehend unzureichenden Klimastrategien dringend verbessern und Verantwortung \u00fcbernehmen. Sie m\u00fcssten sich verpflichten, die Bew\u00e4ltigung von Verlusten und Sch\u00e4den durch Klimakatastrophen ausreichend zu finanzieren, fordert die Umweltorganisation weiter. Es brauche zudem Zusagen [&hellip;]<\/p>\n","protected":false},"author":4,"featured_media":17745,"comment_status":"closed","ping_status":"closed","sticky":false,"template":"","format":"standard","meta":{"_acf_changed":false,"_yoast_wpseo_focuskw":"Greenpeace","_yoast_wpseo_metadesc":"Die COP27 in Sharm El Sheikh hat begonnen. Laut Greenpeace stehe die Klimakonferenz im Zeichen der Ignoranz von L\u00e4ndern wie der Schweiz.","articlekey":"","footnotes":""},"categories":[580],"tags":[3491,1319,1513,358],"class_list":["post-17744","post","type-post","status-publish","format-standard","has-post-thumbnail","hentry","category-sustainability","tag-cop27","tag-greenpeace","tag-klimakonferenz","tag-nachhaltige-wirtschaft"],"acf":[],"yoast_head":"<!-- This site is optimized with the Yoast SEO plugin v27.4 - https:\/\/yoast.com\/product\/yoast-seo-wordpress\/ -->\n<title>Greenpeace: Schweiz wird immer unglaubw\u00fcrdiger - Organisator<\/title>\n<meta name=\"description\" content=\"Die COP27 in Sharm El Sheikh hat begonnen. Laut Greenpeace stehe die Klimakonferenz im Zeichen der Ignoranz von L\u00e4ndern wie der Schweiz.\" \/>\n<meta name=\"robots\" content=\"index, follow, max-snippet:-1, max-image-preview:large, max-video-preview:-1\" \/>\n<link rel=\"canonical\" href=\"https:\/\/www.organisator.ch\/de\/sustainability\/2022-11-07\/greenpeace-schweiz-wird-immer-unglaubwuerdiger\/\" \/>\n<meta property=\"og:locale\" content=\"de_DE\" \/>\n<meta property=\"og:type\" content=\"article\" \/>\n<meta property=\"og:title\" content=\"Greenpeace: Schweiz wird immer unglaubw\u00fcrdiger\" \/>\n<meta property=\"og:description\" content=\"Die COP27 in Sharm El Sheikh hat begonnen. Laut Greenpeace stehe die Klimakonferenz im Zeichen der Ignoranz von L\u00e4ndern wie der Schweiz.\" \/>\n<meta property=\"og:url\" content=\"https:\/\/www.organisator.ch\/de\/sustainability\/2022-11-07\/greenpeace-schweiz-wird-immer-unglaubwuerdiger\/\" \/>\n<meta property=\"og:site_name\" content=\"Organisator\" \/>\n<meta property=\"article:publisher\" content=\"https:\/\/www.facebook.com\/OrganisatorFachmagazin\" \/>\n<meta property=\"article:published_time\" content=\"2022-11-07T13:01:27+00:00\" \/>\n<meta property=\"og:image\" content=\"https:\/\/www.organisator.ch\/wp-content\/uploads\/2022\/11\/Greenpeace-Schweiz-wird-immer-unglaubwuerdiger_Organisator.jpg\" \/>\n\t<meta property=\"og:image:width\" content=\"680\" \/>\n\t<meta property=\"og:image:height\" content=\"453\" \/>\n\t<meta property=\"og:image:type\" content=\"image\/jpeg\" \/>\n<meta name=\"author\" content=\"thomas.berner\" \/>\n<meta name=\"twitter:card\" content=\"summary_large_image\" \/>\n<meta name=\"twitter:title\" content=\"#Greenpeace: Schweiz wird immer unglaubw\u00fcrdiger\" \/>\n<meta name=\"twitter:description\" content=\"Die #COP27 in Sharm El Sheikh hat begonnen. Laut #Greenpeace stehe die #Klimakonferenz im Zeichen der Ignoranz von L\u00e4ndern wie der Schweiz.\" \/>\n<meta name=\"twitter:image\" content=\"https:\/\/www.organisator.ch\/wp-content\/uploads\/2022\/11\/Greenpeace-Schweiz-wird-immer-unglaubwuerdiger_Organisator.jpg\" \/>\n<script type=\"application\/ld+json\" class=\"yoast-schema-graph\">{\"@context\":\"https:\\\/\\\/schema.org\",\"@graph\":[{\"@type\":\"Article\",\"@id\":\"https:\\\/\\\/www.organisator.ch\\\/sustainability\\\/2022-11-07\\\/greenpeace-schweiz-wird-immer-unglaubwuerdiger\\\/#article\",\"isPartOf\":{\"@id\":\"https:\\\/\\\/www.organisator.ch\\\/sustainability\\\/2022-11-07\\\/greenpeace-schweiz-wird-immer-unglaubwuerdiger\\\/\"},\"author\":{\"name\":\"thomas.berner\",\"@id\":\"https:\\\/\\\/www.organisator.ch\\\/#\\\/schema\\\/person\\\/6f650f90b2842cd4c0cc334b4e36f67e\"},\"headline\":\"Greenpeace: Schweiz wird immer unglaubw\u00fcrdiger\",\"datePublished\":\"2022-11-07T13:01:27+00:00\",\"mainEntityOfPage\":{\"@id\":\"https:\\\/\\\/www.organisator.ch\\\/sustainability\\\/2022-11-07\\\/greenpeace-schweiz-wird-immer-unglaubwuerdiger\\\/\"},\"wordCount\":538,\"publisher\":{\"@id\":\"https:\\\/\\\/www.organisator.ch\\\/#organization\"},\"image\":{\"@id\":\"https:\\\/\\\/www.organisator.ch\\\/sustainability\\\/2022-11-07\\\/greenpeace-schweiz-wird-immer-unglaubwuerdiger\\\/#primaryimage\"},\"thumbnailUrl\":\"https:\\\/\\\/www.organisator.ch\\\/wp-content\\\/uploads\\\/2022\\\/11\\\/Greenpeace-Schweiz-wird-immer-unglaubwuerdiger_Organisator.jpg\",\"keywords\":[\"COP27\",\"Greenpeace\",\"Klimakonferenz\",\"Nachhaltige Wirtschaft\"],\"articleSection\":[\"SUSTAINABILITY\"],\"inLanguage\":\"de\"},{\"@type\":\"WebPage\",\"@id\":\"https:\\\/\\\/www.organisator.ch\\\/sustainability\\\/2022-11-07\\\/greenpeace-schweiz-wird-immer-unglaubwuerdiger\\\/\",\"url\":\"https:\\\/\\\/www.organisator.ch\\\/sustainability\\\/2022-11-07\\\/greenpeace-schweiz-wird-immer-unglaubwuerdiger\\\/\",\"name\":\"Greenpeace: Schweiz wird immer unglaubw\u00fcrdiger - Organisator\",\"isPartOf\":{\"@id\":\"https:\\\/\\\/www.organisator.ch\\\/#website\"},\"primaryImageOfPage\":{\"@id\":\"https:\\\/\\\/www.organisator.ch\\\/sustainability\\\/2022-11-07\\\/greenpeace-schweiz-wird-immer-unglaubwuerdiger\\\/#primaryimage\"},\"image\":{\"@id\":\"https:\\\/\\\/www.organisator.ch\\\/sustainability\\\/2022-11-07\\\/greenpeace-schweiz-wird-immer-unglaubwuerdiger\\\/#primaryimage\"},\"thumbnailUrl\":\"https:\\\/\\\/www.organisator.ch\\\/wp-content\\\/uploads\\\/2022\\\/11\\\/Greenpeace-Schweiz-wird-immer-unglaubwuerdiger_Organisator.jpg\",\"datePublished\":\"2022-11-07T13:01:27+00:00\",\"description\":\"Die COP27 in Sharm El Sheikh hat begonnen. Laut Greenpeace stehe die Klimakonferenz im Zeichen der Ignoranz von L\u00e4ndern wie der Schweiz.\",\"breadcrumb\":{\"@id\":\"https:\\\/\\\/www.organisator.ch\\\/sustainability\\\/2022-11-07\\\/greenpeace-schweiz-wird-immer-unglaubwuerdiger\\\/#breadcrumb\"},\"inLanguage\":\"de\",\"potentialAction\":[{\"@type\":\"ReadAction\",\"target\":[\"https:\\\/\\\/www.organisator.ch\\\/sustainability\\\/2022-11-07\\\/greenpeace-schweiz-wird-immer-unglaubwuerdiger\\\/\"]}]},{\"@type\":\"ImageObject\",\"inLanguage\":\"de\",\"@id\":\"https:\\\/\\\/www.organisator.ch\\\/sustainability\\\/2022-11-07\\\/greenpeace-schweiz-wird-immer-unglaubwuerdiger\\\/#primaryimage\",\"url\":\"https:\\\/\\\/www.organisator.ch\\\/wp-content\\\/uploads\\\/2022\\\/11\\\/Greenpeace-Schweiz-wird-immer-unglaubwuerdiger_Organisator.jpg\",\"contentUrl\":\"https:\\\/\\\/www.organisator.ch\\\/wp-content\\\/uploads\\\/2022\\\/11\\\/Greenpeace-Schweiz-wird-immer-unglaubwuerdiger_Organisator.jpg\",\"width\":680,\"height\":453,\"caption\":\"Es gibt keinen \\\"Planet B\\\": Laut Greenpeace gilt das auch f\u00fcr die Schweiz, die den Klimazielen weit hinterherhinke. (Bild: Unsplash.com)\"},{\"@type\":\"BreadcrumbList\",\"@id\":\"https:\\\/\\\/www.organisator.ch\\\/sustainability\\\/2022-11-07\\\/greenpeace-schweiz-wird-immer-unglaubwuerdiger\\\/#breadcrumb\",\"itemListElement\":[{\"@type\":\"ListItem\",\"position\":1,\"name\":\"Home\",\"item\":\"https:\\\/\\\/www.organisator.ch\\\/\"},{\"@type\":\"ListItem\",\"position\":2,\"name\":\"Greenpeace: Schweiz wird immer unglaubw\u00fcrdiger\"}]},{\"@type\":\"WebSite\",\"@id\":\"https:\\\/\\\/www.organisator.ch\\\/#website\",\"url\":\"https:\\\/\\\/www.organisator.ch\\\/\",\"name\":\"Organisator\",\"description\":\"Kompetent. Praxisnah. Der ORGANISATOR bereitet in 10 Ausgaben pro Jahr die wesentlichen Themen f\u00fcr F\u00fchrungskr\u00e4fte von KMU auf.\",\"publisher\":{\"@id\":\"https:\\\/\\\/www.organisator.ch\\\/#organization\"},\"potentialAction\":[{\"@type\":\"SearchAction\",\"target\":{\"@type\":\"EntryPoint\",\"urlTemplate\":\"https:\\\/\\\/www.organisator.ch\\\/?s={search_term_string}\"},\"query-input\":{\"@type\":\"PropertyValueSpecification\",\"valueRequired\":true,\"valueName\":\"search_term_string\"}}],\"inLanguage\":\"de\"},{\"@type\":\"Organization\",\"@id\":\"https:\\\/\\\/www.organisator.ch\\\/#organization\",\"name\":\"Organisator\",\"url\":\"https:\\\/\\\/www.organisator.ch\\\/\",\"logo\":{\"@type\":\"ImageObject\",\"inLanguage\":\"de\",\"@id\":\"https:\\\/\\\/www.organisator.ch\\\/#\\\/schema\\\/logo\\\/image\\\/\",\"url\":\"https:\\\/\\\/www.organisator.ch\\\/wp-content\\\/uploads\\\/2022\\\/01\\\/Logo_Organisator_Website.png\",\"contentUrl\":\"https:\\\/\\\/www.organisator.ch\\\/wp-content\\\/uploads\\\/2022\\\/01\\\/Logo_Organisator_Website.png\",\"width\":800,\"height\":77,\"caption\":\"Organisator\"},\"image\":{\"@id\":\"https:\\\/\\\/www.organisator.ch\\\/#\\\/schema\\\/logo\\\/image\\\/\"},\"sameAs\":[\"https:\\\/\\\/www.facebook.com\\\/OrganisatorFachmagazin\",\"https:\\\/\\\/www.linkedin.com\\\/showcase\\\/organisator-das-magazin-fr-kmu\",\"https:\\\/\\\/www.xing.com\\\/news\\\/pages\\\/organisator-ch-695\",\"https:\\\/\\\/www.youtube.com\\\/channel\\\/UCGP2Sq0iWaZwT3BdIAQFYpw\"]},{\"@type\":\"Person\",\"@id\":\"https:\\\/\\\/www.organisator.ch\\\/#\\\/schema\\\/person\\\/6f650f90b2842cd4c0cc334b4e36f67e\",\"name\":\"thomas.berner\",\"image\":{\"@type\":\"ImageObject\",\"inLanguage\":\"de\",\"@id\":\"https:\\\/\\\/secure.gravatar.com\\\/avatar\\\/ac5001d2a36cb6c6cd3e50789007ffca834b477b74a2144564522e944eabff61?s=96&d=mm&r=g\",\"url\":\"https:\\\/\\\/secure.gravatar.com\\\/avatar\\\/ac5001d2a36cb6c6cd3e50789007ffca834b477b74a2144564522e944eabff61?s=96&d=mm&r=g\",\"contentUrl\":\"https:\\\/\\\/secure.gravatar.com\\\/avatar\\\/ac5001d2a36cb6c6cd3e50789007ffca834b477b74a2144564522e944eabff61?s=96&d=mm&r=g\",\"caption\":\"thomas.berner\"},\"url\":\"https:\\\/\\\/www.organisator.ch\\\/de\\\/author\\\/thomas-berner\\\/\"}]}<\/script>\n<!-- \/ Yoast SEO plugin. -->","yoast_head_json":{"title":"Greenpeace: Schweiz wird immer unglaubw\u00fcrdiger - Organisator","description":"Die COP27 in Sharm El Sheikh hat begonnen. Laut Greenpeace stehe die Klimakonferenz im Zeichen der Ignoranz von L\u00e4ndern wie der Schweiz.","robots":{"index":"index","follow":"follow","max-snippet":"max-snippet:-1","max-image-preview":"max-image-preview:large","max-video-preview":"max-video-preview:-1"},"canonical":"https:\/\/www.organisator.ch\/de\/sustainability\/2022-11-07\/greenpeace-schweiz-wird-immer-unglaubwuerdiger\/","og_locale":"de_DE","og_type":"article","og_title":"Greenpeace: Schweiz wird immer unglaubw\u00fcrdiger","og_description":"Die COP27 in Sharm El Sheikh hat begonnen. Laut Greenpeace stehe die Klimakonferenz im Zeichen der Ignoranz von L\u00e4ndern wie der Schweiz.","og_url":"https:\/\/www.organisator.ch\/de\/sustainability\/2022-11-07\/greenpeace-schweiz-wird-immer-unglaubwuerdiger\/","og_site_name":"Organisator","article_publisher":"https:\/\/www.facebook.com\/OrganisatorFachmagazin","article_published_time":"2022-11-07T13:01:27+00:00","og_image":[{"width":680,"height":453,"url":"https:\/\/www.organisator.ch\/wp-content\/uploads\/2022\/11\/Greenpeace-Schweiz-wird-immer-unglaubwuerdiger_Organisator.jpg","type":"image\/jpeg"}],"author":"thomas.berner","twitter_card":"summary_large_image","twitter_title":"#Greenpeace: Schweiz wird immer unglaubw\u00fcrdiger","twitter_description":"Die #COP27 in Sharm El Sheikh hat begonnen. Laut #Greenpeace stehe die #Klimakonferenz im Zeichen der Ignoranz von L\u00e4ndern wie der Schweiz.","twitter_image":"https:\/\/www.organisator.ch\/wp-content\/uploads\/2022\/11\/Greenpeace-Schweiz-wird-immer-unglaubwuerdiger_Organisator.jpg","schema":{"@context":"https:\/\/schema.org","@graph":[{"@type":"Article","@id":"https:\/\/www.organisator.ch\/sustainability\/2022-11-07\/greenpeace-schweiz-wird-immer-unglaubwuerdiger\/#article","isPartOf":{"@id":"https:\/\/www.organisator.ch\/sustainability\/2022-11-07\/greenpeace-schweiz-wird-immer-unglaubwuerdiger\/"},"author":{"name":"thomas.berner","@id":"https:\/\/www.organisator.ch\/#\/schema\/person\/6f650f90b2842cd4c0cc334b4e36f67e"},"headline":"Greenpeace: Schweiz wird immer unglaubw\u00fcrdiger","datePublished":"2022-11-07T13:01:27+00:00","mainEntityOfPage":{"@id":"https:\/\/www.organisator.ch\/sustainability\/2022-11-07\/greenpeace-schweiz-wird-immer-unglaubwuerdiger\/"},"wordCount":538,"publisher":{"@id":"https:\/\/www.organisator.ch\/#organization"},"image":{"@id":"https:\/\/www.organisator.ch\/sustainability\/2022-11-07\/greenpeace-schweiz-wird-immer-unglaubwuerdiger\/#primaryimage"},"thumbnailUrl":"https:\/\/www.organisator.ch\/wp-content\/uploads\/2022\/11\/Greenpeace-Schweiz-wird-immer-unglaubwuerdiger_Organisator.jpg","keywords":["COP27","Greenpeace","Klimakonferenz","Nachhaltige Wirtschaft"],"articleSection":["SUSTAINABILITY"],"inLanguage":"de"},{"@type":"WebPage","@id":"https:\/\/www.organisator.ch\/sustainability\/2022-11-07\/greenpeace-schweiz-wird-immer-unglaubwuerdiger\/","url":"https:\/\/www.organisator.ch\/sustainability\/2022-11-07\/greenpeace-schweiz-wird-immer-unglaubwuerdiger\/","name":"Greenpeace: Schweiz wird immer unglaubw\u00fcrdiger - Organisator","isPartOf":{"@id":"https:\/\/www.organisator.ch\/#website"},"primaryImageOfPage":{"@id":"https:\/\/www.organisator.ch\/sustainability\/2022-11-07\/greenpeace-schweiz-wird-immer-unglaubwuerdiger\/#primaryimage"},"image":{"@id":"https:\/\/www.organisator.ch\/sustainability\/2022-11-07\/greenpeace-schweiz-wird-immer-unglaubwuerdiger\/#primaryimage"},"thumbnailUrl":"https:\/\/www.organisator.ch\/wp-content\/uploads\/2022\/11\/Greenpeace-Schweiz-wird-immer-unglaubwuerdiger_Organisator.jpg","datePublished":"2022-11-07T13:01:27+00:00","description":"Die COP27 in Sharm El Sheikh hat begonnen. Laut Greenpeace stehe die Klimakonferenz im Zeichen der Ignoranz von L\u00e4ndern wie der Schweiz.","breadcrumb":{"@id":"https:\/\/www.organisator.ch\/sustainability\/2022-11-07\/greenpeace-schweiz-wird-immer-unglaubwuerdiger\/#breadcrumb"},"inLanguage":"de","potentialAction":[{"@type":"ReadAction","target":["https:\/\/www.organisator.ch\/sustainability\/2022-11-07\/greenpeace-schweiz-wird-immer-unglaubwuerdiger\/"]}]},{"@type":"ImageObject","inLanguage":"de","@id":"https:\/\/www.organisator.ch\/sustainability\/2022-11-07\/greenpeace-schweiz-wird-immer-unglaubwuerdiger\/#primaryimage","url":"https:\/\/www.organisator.ch\/wp-content\/uploads\/2022\/11\/Greenpeace-Schweiz-wird-immer-unglaubwuerdiger_Organisator.jpg","contentUrl":"https:\/\/www.organisator.ch\/wp-content\/uploads\/2022\/11\/Greenpeace-Schweiz-wird-immer-unglaubwuerdiger_Organisator.jpg","width":680,"height":453,"caption":"Es gibt keinen \"Planet B\": Laut Greenpeace gilt das auch f\u00fcr die Schweiz, die den Klimazielen weit hinterherhinke. (Bild: Unsplash.com)"},{"@type":"BreadcrumbList","@id":"https:\/\/www.organisator.ch\/sustainability\/2022-11-07\/greenpeace-schweiz-wird-immer-unglaubwuerdiger\/#breadcrumb","itemListElement":[{"@type":"ListItem","position":1,"name":"Home","item":"https:\/\/www.organisator.ch\/"},{"@type":"ListItem","position":2,"name":"Greenpeace: Schweiz wird immer unglaubw\u00fcrdiger"}]},{"@type":"WebSite","@id":"https:\/\/www.organisator.ch\/#website","url":"https:\/\/www.organisator.ch\/","name":"Organisator","description":"Kompetent. Praxisnah. Der ORGANISATOR bereitet in 10 Ausgaben pro Jahr die wesentlichen Themen f\u00fcr F\u00fchrungskr\u00e4fte von KMU auf.","publisher":{"@id":"https:\/\/www.organisator.ch\/#organization"},"potentialAction":[{"@type":"SearchAction","target":{"@type":"EntryPoint","urlTemplate":"https:\/\/www.organisator.ch\/?s={search_term_string}"},"query-input":{"@type":"PropertyValueSpecification","valueRequired":true,"valueName":"search_term_string"}}],"inLanguage":"de"},{"@type":"Organization","@id":"https:\/\/www.organisator.ch\/#organization","name":"Organisator","url":"https:\/\/www.organisator.ch\/","logo":{"@type":"ImageObject","inLanguage":"de","@id":"https:\/\/www.organisator.ch\/#\/schema\/logo\/image\/","url":"https:\/\/www.organisator.ch\/wp-content\/uploads\/2022\/01\/Logo_Organisator_Website.png","contentUrl":"https:\/\/www.organisator.ch\/wp-content\/uploads\/2022\/01\/Logo_Organisator_Website.png","width":800,"height":77,"caption":"Organisator"},"image":{"@id":"https:\/\/www.organisator.ch\/#\/schema\/logo\/image\/"},"sameAs":["https:\/\/www.facebook.com\/OrganisatorFachmagazin","https:\/\/www.linkedin.com\/showcase\/organisator-das-magazin-fr-kmu","https:\/\/www.xing.com\/news\/pages\/organisator-ch-695","https:\/\/www.youtube.com\/channel\/UCGP2Sq0iWaZwT3BdIAQFYpw"]},{"@type":"Person","@id":"https:\/\/www.organisator.ch\/#\/schema\/person\/6f650f90b2842cd4c0cc334b4e36f67e","name":"thomas.berner","image":{"@type":"ImageObject","inLanguage":"de","@id":"https:\/\/secure.gravatar.com\/avatar\/ac5001d2a36cb6c6cd3e50789007ffca834b477b74a2144564522e944eabff61?s=96&d=mm&r=g","url":"https:\/\/secure.gravatar.com\/avatar\/ac5001d2a36cb6c6cd3e50789007ffca834b477b74a2144564522e944eabff61?s=96&d=mm&r=g","contentUrl":"https:\/\/secure.gravatar.com\/avatar\/ac5001d2a36cb6c6cd3e50789007ffca834b477b74a2144564522e944eabff61?s=96&d=mm&r=g","caption":"thomas.berner"},"url":"https:\/\/www.organisator.ch\/de\/author\/thomas-berner\/"}]}},"_links":{"self":[{"href":"https:\/\/www.organisator.ch\/de\/wp-json\/wp\/v2\/posts\/17744","targetHints":{"allow":["GET"]}}],"collection":[{"href":"https:\/\/www.organisator.ch\/de\/wp-json\/wp\/v2\/posts"}],"about":[{"href":"https:\/\/www.organisator.ch\/de\/wp-json\/wp\/v2\/types\/post"}],"author":[{"embeddable":true,"href":"https:\/\/www.organisator.ch\/de\/wp-json\/wp\/v2\/users\/4"}],"replies":[{"embeddable":true,"href":"https:\/\/www.organisator.ch\/de\/wp-json\/wp\/v2\/comments?post=17744"}],"version-history":[{"count":3,"href":"https:\/\/www.organisator.ch\/de\/wp-json\/wp\/v2\/posts\/17744\/revisions"}],"predecessor-version":[{"id":17760,"href":"https:\/\/www.organisator.ch\/de\/wp-json\/wp\/v2\/posts\/17744\/revisions\/17760"}],"wp:featuredmedia":[{"embeddable":true,"href":"https:\/\/www.organisator.ch\/de\/wp-json\/wp\/v2\/media\/17745"}],"wp:attachment":[{"href":"https:\/\/www.organisator.ch\/de\/wp-json\/wp\/v2\/media?parent=17744"}],"wp:term":[{"taxonomy":"category","embeddable":true,"href":"https:\/\/www.organisator.ch\/de\/wp-json\/wp\/v2\/categories?post=17744"},{"taxonomy":"post_tag","embeddable":true,"href":"https:\/\/www.organisator.ch\/de\/wp-json\/wp\/v2\/tags?post=17744"}],"curies":[{"name":"wp","href":"https:\/\/api.w.org\/{rel}","templated":true}]}}