{"id":1775,"date":"2018-07-10T11:41:14","date_gmt":"2018-07-10T09:41:14","guid":{"rendered":"https:\/\/www.umweltperspektiven.ch\/?p=1775"},"modified":"2022-02-09T11:06:53","modified_gmt":"2022-02-09T10:06:53","slug":"rekord-bei-bike-to-work-65000-velofahrende-schaffen-die-16-millionen-grenze","status":"publish","type":"post","link":"https:\/\/www.organisator.ch\/de\/sustainability\/2018-07-10\/rekord-bei-bike-to-work-65000-velofahrende-schaffen-die-16-millionen-grenze\/","title":{"rendered":"Rekord bei bike to work: 65\u2019000 Velofahrende schaffen die 16-Millionen-Grenze"},"content":{"rendered":"<figure id=\"attachment_1776\" aria-describedby=\"caption-attachment-1776\" style=\"width: 576px\" class=\"wp-caption alignnone\"><img loading=\"lazy\" decoding=\"async\" class=\"size-full wp-image-1776\" src=\"\/\/www.umweltperspektiven.ch\/wp-content\/uploads\/2018\/07\/Velokurs_Verkehrsregeln.jpg\" alt=\"\" width=\"576\" height=\"396\" srcset=\"https:\/\/www.organisator.ch\/wp-content\/uploads\/2018\/07\/Velokurs_Verkehrsregeln.jpg 576w, https:\/\/www.organisator.ch\/wp-content\/uploads\/2018\/07\/Velokurs_Verkehrsregeln-18x12.jpg 18w, https:\/\/www.organisator.ch\/wp-content\/uploads\/2018\/07\/Velokurs_Verkehrsregeln-255x175.jpg 255w, https:\/\/www.organisator.ch\/wp-content\/uploads\/2018\/07\/Velokurs_Verkehrsregeln-509x350.jpg 509w, https:\/\/www.organisator.ch\/wp-content\/uploads\/2018\/07\/Velokurs_Verkehrsregeln-300x206.jpg 300w\" sizes=\"auto, (max-width: 576px) 100vw, 576px\" \/><figcaption id=\"caption-attachment-1776\" class=\"wp-caption-text\">Mit dem Velo zur Arbeit fahren, heisst auch aufeinander Acht zu tragen, Energie zu sparen, voneinander zu lernen. (Bild: Pro Velo Schweiz)<\/figcaption><\/figure>\n<p>2018 reiht sich ein Rekord neben den anderen bei bike to work:\u00a0 durchschnittlich sind dieses Jahr die Betriebe zwei Monate bei der Aktion von Pro Velo Schweiz mitgefahren. So nahmen 51 Prozent der Betriebe im Mai &amp; Juni teil. Dies zeigt sich auch in der Rekordzahl der zur\u00fcckgelegten Kilometer von 15,9 Millionen (+26%).<\/p>\n<p>Durchschnittlich fuhr jede und jeder Teilnehmende 247 Kilometer an 19 Tagen mit dem Velo zur Arbeit.<\/p>\n<p><strong>Grosser Erfolg<\/strong><\/p>\n<p>\u00abDer Erfolg von bike to work zeigt, wie wichtig in Zukunft das Velo f\u00fcr Unternehmen ist. So investieren Unternehmen vermehrt in das Velo als Mobilit\u00e4tsmittel, da es positive Effekte auf die Gesundheit der Mitarbeitenden, Sparpotential in der Infrastruktur und eine effiziente Mobilit\u00e4t innerhalb von Agglomerationen mit sich bringt.\u00bb sagt Matthias Aebischer, Pr\u00e4sident von Pro Velo Schweiz.<\/p>\n<p>Besonders viele Teilnehmende verzeichnete bike to work in den Agglomerationen Z\u00fcrich, Bern und Lausanne. Das Velo ist heutzutage in den urbanen Zentren der Schweiz weit mehr als nur Fortbewegungsmittel &#8211; es ist Lifestyle, Statement und Spass zugleich. Dank bike to work fanden zahlreiche Erstteilnehmer den Zugang zum Velo und liessen sich f\u00fcr die Veloaktion begeistern. So zeigten sie sich \u00fcberrascht, wie einfach der Weg mit dem Velo zur Arbeit ist und welch positiven Effekt das Velofahren mit sich bringt.<\/p>\n<p>Isabelle K. aus Baden fuhr in diesem Jahr zum ersten Mal mit: \u00abDas Gef\u00fchl am fr\u00fchen Morgen mit dem Velo auf den stillen Strassen zur Arbeit zu fahren ist einmalig. Die Bewegung weckt und zugleich habe ich eine erste Sporteinheit absolviert. Und: bike to work sch\u00e4rft die Sinne. Auf einmal nimmt man Sachen wahr, die vorher gar nicht existent waren. Ich kann bike to work wirklich jedem weiterempfehlen \u2013 es ist eine tolle Erfahrung, die Bewegung und Spass in den Alltag bringt.\u00bb<\/p>\n<p><strong>Erfolgreiche Gesundheitsf\u00f6rderung f\u00fcr Betriebe<\/strong><\/p>\n<p>bike to work steht f\u00fcr mehr Bewegung im Arbeitstag. Wer mit dem Velo zur Arbeit f\u00e4hrt, hat einen Teil der empfohlenen t\u00e4glichen Bewegung bereits erledigt. Gesundheitsf\u00f6rdernde Massnahmen im Betrieb, zu denen auch bike to work geh\u00f6rt, sind zudem von wirtschaftlicher Bedeutung. Ges\u00fcndere Mitarbeitende fallen seltener aus und sind leistungsf\u00e4higer. Kosten, die durch Erkrankungen entstehen, k\u00f6nnen so gesenkt werden.<\/p>\n<p>&nbsp;<\/p>\n<p><strong>bike to work Challenge 2018 im Detail:<\/strong><\/p>\n<p>Teilnehmende<\/p>\n<p>64\u2018680 Teilnehmende +18% (Vorjahr: 54\u2018780)<\/p>\n<p>Teams<\/p>\n<p>17\u2018054 Teams +17% (Vorjahr: 14\u2018547)<\/p>\n<p>Betriebe<\/p>\n<p>2\u2018114 Betriebe +12% (Vorjahr: 1\u2018885)<\/p>\n<p>Kilometer<\/p>\n<p>15\u2018970\u2018071 Kilometer +26% (Vorjahr: 12&#8217;697&#8217;250)<\/p>\n<p>&nbsp;<\/p>\n<p>CO2-\u00c4quivalenz*<\/p>\n<p>2\u2018300 Tonnen +26% (Vorjahr: 1\u2018828)<\/p>\n<p>*Berechnungsgrundlage: 144g\/km CO2-Ausstoss<\/p>\n<p>&nbsp;<\/p>\n<p>Top-3-Betriebe nach Anzahl Teams<\/p>\n<ol>\n<li>Migros-Gruppe 425 Teams<\/li>\n<li>ETH Z\u00fcrich 280 Teams<\/li>\n<li>Die Schweizerische Post 270 Teams<\/li>\n<li><\/li>\n<\/ol>\n<p>Top-6-Kantone nach Anzahl Betrieben<\/p>\n<ol>\n<li>Kanton Z\u00fcrich 466 Betriebe<\/li>\n<li>Kanton Bern 424 Betriebe<\/li>\n<li>Kanton Aargau 165 Betriebe<\/li>\n<li>Kanton St. Gallen 158 Betriebe<\/li>\n<li>Kanton Luzern 139 Betriebe<\/li>\n<li>Kanton Waadt 81 Betriebe<\/li>\n<\/ol>\n<p>&nbsp;<\/p>\n<p><em>Weitere Auswertungen und Gewinner in diesem <a href=\"\/\/www.biketowork.ch\/\">Link<\/a><\/em><\/p>\n<p>&nbsp;<\/p>\n<p>&nbsp;<\/p>\n<p>&nbsp;<\/p>\n","protected":false},"excerpt":{"rendered":"<p>2018 reiht sich ein Rekord neben den anderen bei bike to work:\u00a0 durchschnittlich sind dieses Jahr die Betriebe zwei Monate bei der Aktion von Pro Velo Schweiz mitgefahren. So nahmen 51 Prozent der Betriebe im Mai &amp; Juni teil. Dies zeigt sich auch in der Rekordzahl der zur\u00fcckgelegten Kilometer von 15,9 Millionen (+26%). Durchschnittlich fuhr [&hellip;]<\/p>\n","protected":false},"author":5,"featured_media":1776,"comment_status":"open","ping_status":"open","sticky":false,"template":"","format":"standard","meta":{"_acf_changed":false,"_yoast_wpseo_focuskw":"bike to work","_yoast_wpseo_metadesc":"Die bike to work Challenge 2018 bricht alle Rekorde: mehr Teilnehmende, mehr Teams, mehr Betriebe und mehr Kilometer, die Schweizer Betriebe aufweisen!","articlekey":"","footnotes":""},"categories":[580],"tags":[81,424,2432],"class_list":["post-1775","post","type-post","status-publish","format-standard","has-post-thumbnail","hentry","category-sustainability","tag-bike-to-work","tag-schweiz","tag-velofahren"],"acf":[],"yoast_head":"<!-- This site is optimized with the Yoast SEO plugin v27.4 - https:\/\/yoast.com\/product\/yoast-seo-wordpress\/ -->\n<title>Rekord bei bike to work: 65\u2019000 Velofahrende schaffen die 16-Millionen-Grenze - Organisator<\/title>\n<meta name=\"description\" content=\"Die bike to work Challenge 2018 bricht alle Rekorde: mehr Teilnehmende, mehr Teams, mehr Betriebe und mehr Kilometer, die Schweizer Betriebe aufweisen!\" \/>\n<meta name=\"robots\" content=\"index, follow, max-snippet:-1, max-image-preview:large, max-video-preview:-1\" \/>\n<link rel=\"canonical\" href=\"https:\/\/www.organisator.ch\/de\/sustainability\/2018-07-10\/rekord-bei-bike-to-work-65000-velofahrende-schaffen-die-16-millionen-grenze\/\" \/>\n<meta property=\"og:locale\" content=\"de_DE\" \/>\n<meta property=\"og:type\" content=\"article\" \/>\n<meta property=\"og:title\" content=\"Rekord bei bike to work: 65\u2019000 Velofahrende schaffen die 16-Millionen-Grenze - Organisator\" \/>\n<meta property=\"og:description\" content=\"Die bike to work Challenge 2018 bricht alle Rekorde: mehr Teilnehmende, mehr Teams, mehr Betriebe und mehr Kilometer, die Schweizer Betriebe aufweisen!\" \/>\n<meta property=\"og:url\" content=\"https:\/\/www.organisator.ch\/de\/sustainability\/2018-07-10\/rekord-bei-bike-to-work-65000-velofahrende-schaffen-die-16-millionen-grenze\/\" \/>\n<meta property=\"og:site_name\" content=\"Organisator\" \/>\n<meta property=\"article:publisher\" content=\"https:\/\/www.facebook.com\/OrganisatorFachmagazin\" \/>\n<meta property=\"article:published_time\" content=\"2018-07-10T09:41:14+00:00\" \/>\n<meta property=\"article:modified_time\" content=\"2022-02-09T10:06:53+00:00\" \/>\n<meta property=\"og:image\" content=\"https:\/\/www.organisator.ch\/wp-content\/uploads\/2018\/07\/Velokurs_Verkehrsregeln.jpg\" \/>\n\t<meta property=\"og:image:width\" content=\"576\" \/>\n\t<meta property=\"og:image:height\" content=\"396\" \/>\n\t<meta property=\"og:image:type\" content=\"image\/jpeg\" \/>\n<meta name=\"author\" content=\"michael.merz\" \/>\n<meta name=\"twitter:card\" content=\"summary_large_image\" \/>\n<script type=\"application\/ld+json\" class=\"yoast-schema-graph\">{\"@context\":\"https:\\\/\\\/schema.org\",\"@graph\":[{\"@type\":\"Article\",\"@id\":\"https:\\\/\\\/www.organisator.ch\\\/sustainability\\\/2018-07-10\\\/rekord-bei-bike-to-work-65000-velofahrende-schaffen-die-16-millionen-grenze\\\/#article\",\"isPartOf\":{\"@id\":\"https:\\\/\\\/www.organisator.ch\\\/sustainability\\\/2018-07-10\\\/rekord-bei-bike-to-work-65000-velofahrende-schaffen-die-16-millionen-grenze\\\/\"},\"author\":{\"name\":\"michael.merz\",\"@id\":\"https:\\\/\\\/www.organisator.ch\\\/#\\\/schema\\\/person\\\/134708ca9321c57b0362cceb7948ffbd\"},\"headline\":\"Rekord bei bike to work: 65\u2019000 Velofahrende schaffen die 16-Millionen-Grenze\",\"datePublished\":\"2018-07-10T09:41:14+00:00\",\"dateModified\":\"2022-02-09T10:06:53+00:00\",\"mainEntityOfPage\":{\"@id\":\"https:\\\/\\\/www.organisator.ch\\\/sustainability\\\/2018-07-10\\\/rekord-bei-bike-to-work-65000-velofahrende-schaffen-die-16-millionen-grenze\\\/\"},\"wordCount\":483,\"commentCount\":0,\"publisher\":{\"@id\":\"https:\\\/\\\/www.organisator.ch\\\/#organization\"},\"image\":{\"@id\":\"https:\\\/\\\/www.organisator.ch\\\/sustainability\\\/2018-07-10\\\/rekord-bei-bike-to-work-65000-velofahrende-schaffen-die-16-millionen-grenze\\\/#primaryimage\"},\"thumbnailUrl\":\"https:\\\/\\\/www.organisator.ch\\\/wp-content\\\/uploads\\\/2018\\\/07\\\/Velokurs_Verkehrsregeln.jpg\",\"keywords\":[\"Bike to Work\",\"Schweiz\",\"Velofahren\"],\"articleSection\":[\"SUSTAINABILITY\"],\"inLanguage\":\"de\"},{\"@type\":\"WebPage\",\"@id\":\"https:\\\/\\\/www.organisator.ch\\\/sustainability\\\/2018-07-10\\\/rekord-bei-bike-to-work-65000-velofahrende-schaffen-die-16-millionen-grenze\\\/\",\"url\":\"https:\\\/\\\/www.organisator.ch\\\/sustainability\\\/2018-07-10\\\/rekord-bei-bike-to-work-65000-velofahrende-schaffen-die-16-millionen-grenze\\\/\",\"name\":\"Rekord bei bike to work: 65\u2019000 Velofahrende schaffen die 16-Millionen-Grenze - Organisator\",\"isPartOf\":{\"@id\":\"https:\\\/\\\/www.organisator.ch\\\/#website\"},\"primaryImageOfPage\":{\"@id\":\"https:\\\/\\\/www.organisator.ch\\\/sustainability\\\/2018-07-10\\\/rekord-bei-bike-to-work-65000-velofahrende-schaffen-die-16-millionen-grenze\\\/#primaryimage\"},\"image\":{\"@id\":\"https:\\\/\\\/www.organisator.ch\\\/sustainability\\\/2018-07-10\\\/rekord-bei-bike-to-work-65000-velofahrende-schaffen-die-16-millionen-grenze\\\/#primaryimage\"},\"thumbnailUrl\":\"https:\\\/\\\/www.organisator.ch\\\/wp-content\\\/uploads\\\/2018\\\/07\\\/Velokurs_Verkehrsregeln.jpg\",\"datePublished\":\"2018-07-10T09:41:14+00:00\",\"dateModified\":\"2022-02-09T10:06:53+00:00\",\"description\":\"Die bike to work Challenge 2018 bricht alle Rekorde: mehr Teilnehmende, mehr Teams, mehr Betriebe und mehr Kilometer, die Schweizer Betriebe aufweisen!\",\"breadcrumb\":{\"@id\":\"https:\\\/\\\/www.organisator.ch\\\/sustainability\\\/2018-07-10\\\/rekord-bei-bike-to-work-65000-velofahrende-schaffen-die-16-millionen-grenze\\\/#breadcrumb\"},\"inLanguage\":\"de\",\"potentialAction\":[{\"@type\":\"ReadAction\",\"target\":[\"https:\\\/\\\/www.organisator.ch\\\/sustainability\\\/2018-07-10\\\/rekord-bei-bike-to-work-65000-velofahrende-schaffen-die-16-millionen-grenze\\\/\"]}]},{\"@type\":\"ImageObject\",\"inLanguage\":\"de\",\"@id\":\"https:\\\/\\\/www.organisator.ch\\\/sustainability\\\/2018-07-10\\\/rekord-bei-bike-to-work-65000-velofahrende-schaffen-die-16-millionen-grenze\\\/#primaryimage\",\"url\":\"https:\\\/\\\/www.organisator.ch\\\/wp-content\\\/uploads\\\/2018\\\/07\\\/Velokurs_Verkehrsregeln.jpg\",\"contentUrl\":\"https:\\\/\\\/www.organisator.ch\\\/wp-content\\\/uploads\\\/2018\\\/07\\\/Velokurs_Verkehrsregeln.jpg\",\"width\":576,\"height\":396,\"caption\":\"Mit dem Velo zur Arbeit fahren, heisst auch aufeinander Acht zu tragen, Energie zu sparen, voneinander zu lernen. (Bild: Pro Velo Schweiz)\"},{\"@type\":\"BreadcrumbList\",\"@id\":\"https:\\\/\\\/www.organisator.ch\\\/sustainability\\\/2018-07-10\\\/rekord-bei-bike-to-work-65000-velofahrende-schaffen-die-16-millionen-grenze\\\/#breadcrumb\",\"itemListElement\":[{\"@type\":\"ListItem\",\"position\":1,\"name\":\"Home\",\"item\":\"https:\\\/\\\/www.organisator.ch\\\/\"},{\"@type\":\"ListItem\",\"position\":2,\"name\":\"Rekord bei bike to work: 65\u2019000 Velofahrende schaffen die 16-Millionen-Grenze\"}]},{\"@type\":\"WebSite\",\"@id\":\"https:\\\/\\\/www.organisator.ch\\\/#website\",\"url\":\"https:\\\/\\\/www.organisator.ch\\\/\",\"name\":\"Organisator\",\"description\":\"Kompetent. Praxisnah. Der ORGANISATOR bereitet in 10 Ausgaben pro Jahr die wesentlichen Themen f\u00fcr F\u00fchrungskr\u00e4fte von KMU auf.\",\"publisher\":{\"@id\":\"https:\\\/\\\/www.organisator.ch\\\/#organization\"},\"potentialAction\":[{\"@type\":\"SearchAction\",\"target\":{\"@type\":\"EntryPoint\",\"urlTemplate\":\"https:\\\/\\\/www.organisator.ch\\\/?s={search_term_string}\"},\"query-input\":{\"@type\":\"PropertyValueSpecification\",\"valueRequired\":true,\"valueName\":\"search_term_string\"}}],\"inLanguage\":\"de\"},{\"@type\":\"Organization\",\"@id\":\"https:\\\/\\\/www.organisator.ch\\\/#organization\",\"name\":\"Organisator\",\"url\":\"https:\\\/\\\/www.organisator.ch\\\/\",\"logo\":{\"@type\":\"ImageObject\",\"inLanguage\":\"de\",\"@id\":\"https:\\\/\\\/www.organisator.ch\\\/#\\\/schema\\\/logo\\\/image\\\/\",\"url\":\"https:\\\/\\\/www.organisator.ch\\\/wp-content\\\/uploads\\\/2022\\\/01\\\/Logo_Organisator_Website.png\",\"contentUrl\":\"https:\\\/\\\/www.organisator.ch\\\/wp-content\\\/uploads\\\/2022\\\/01\\\/Logo_Organisator_Website.png\",\"width\":800,\"height\":77,\"caption\":\"Organisator\"},\"image\":{\"@id\":\"https:\\\/\\\/www.organisator.ch\\\/#\\\/schema\\\/logo\\\/image\\\/\"},\"sameAs\":[\"https:\\\/\\\/www.facebook.com\\\/OrganisatorFachmagazin\",\"https:\\\/\\\/www.linkedin.com\\\/showcase\\\/organisator-das-magazin-fr-kmu\",\"https:\\\/\\\/www.xing.com\\\/news\\\/pages\\\/organisator-ch-695\",\"https:\\\/\\\/www.youtube.com\\\/channel\\\/UCGP2Sq0iWaZwT3BdIAQFYpw\"]},{\"@type\":\"Person\",\"@id\":\"https:\\\/\\\/www.organisator.ch\\\/#\\\/schema\\\/person\\\/134708ca9321c57b0362cceb7948ffbd\",\"name\":\"michael.merz\",\"image\":{\"@type\":\"ImageObject\",\"inLanguage\":\"de\",\"@id\":\"https:\\\/\\\/secure.gravatar.com\\\/avatar\\\/?s=96&d=mm&r=g\",\"url\":\"https:\\\/\\\/secure.gravatar.com\\\/avatar\\\/?s=96&d=mm&r=g\",\"contentUrl\":\"https:\\\/\\\/secure.gravatar.com\\\/avatar\\\/?s=96&d=mm&r=g\",\"caption\":\"michael.merz\"},\"url\":\"https:\\\/\\\/www.organisator.ch\\\/de\\\/author\\\/michael-merz\\\/\"}]}<\/script>\n<!-- \/ Yoast SEO plugin. -->","yoast_head_json":{"title":"Rekord bei bike to work: 65\u2019000 Velofahrende schaffen die 16-Millionen-Grenze - Organisator","description":"Die bike to work Challenge 2018 bricht alle Rekorde: mehr Teilnehmende, mehr Teams, mehr Betriebe und mehr Kilometer, die Schweizer Betriebe aufweisen!","robots":{"index":"index","follow":"follow","max-snippet":"max-snippet:-1","max-image-preview":"max-image-preview:large","max-video-preview":"max-video-preview:-1"},"canonical":"https:\/\/www.organisator.ch\/de\/sustainability\/2018-07-10\/rekord-bei-bike-to-work-65000-velofahrende-schaffen-die-16-millionen-grenze\/","og_locale":"de_DE","og_type":"article","og_title":"Rekord bei bike to work: 65\u2019000 Velofahrende schaffen die 16-Millionen-Grenze - Organisator","og_description":"Die bike to work Challenge 2018 bricht alle Rekorde: mehr Teilnehmende, mehr Teams, mehr Betriebe und mehr Kilometer, die Schweizer Betriebe aufweisen!","og_url":"https:\/\/www.organisator.ch\/de\/sustainability\/2018-07-10\/rekord-bei-bike-to-work-65000-velofahrende-schaffen-die-16-millionen-grenze\/","og_site_name":"Organisator","article_publisher":"https:\/\/www.facebook.com\/OrganisatorFachmagazin","article_published_time":"2018-07-10T09:41:14+00:00","article_modified_time":"2022-02-09T10:06:53+00:00","og_image":[{"width":576,"height":396,"url":"https:\/\/www.organisator.ch\/wp-content\/uploads\/2018\/07\/Velokurs_Verkehrsregeln.jpg","type":"image\/jpeg"}],"author":"michael.merz","twitter_card":"summary_large_image","schema":{"@context":"https:\/\/schema.org","@graph":[{"@type":"Article","@id":"https:\/\/www.organisator.ch\/sustainability\/2018-07-10\/rekord-bei-bike-to-work-65000-velofahrende-schaffen-die-16-millionen-grenze\/#article","isPartOf":{"@id":"https:\/\/www.organisator.ch\/sustainability\/2018-07-10\/rekord-bei-bike-to-work-65000-velofahrende-schaffen-die-16-millionen-grenze\/"},"author":{"name":"michael.merz","@id":"https:\/\/www.organisator.ch\/#\/schema\/person\/134708ca9321c57b0362cceb7948ffbd"},"headline":"Rekord bei bike to work: 65\u2019000 Velofahrende schaffen die 16-Millionen-Grenze","datePublished":"2018-07-10T09:41:14+00:00","dateModified":"2022-02-09T10:06:53+00:00","mainEntityOfPage":{"@id":"https:\/\/www.organisator.ch\/sustainability\/2018-07-10\/rekord-bei-bike-to-work-65000-velofahrende-schaffen-die-16-millionen-grenze\/"},"wordCount":483,"commentCount":0,"publisher":{"@id":"https:\/\/www.organisator.ch\/#organization"},"image":{"@id":"https:\/\/www.organisator.ch\/sustainability\/2018-07-10\/rekord-bei-bike-to-work-65000-velofahrende-schaffen-die-16-millionen-grenze\/#primaryimage"},"thumbnailUrl":"https:\/\/www.organisator.ch\/wp-content\/uploads\/2018\/07\/Velokurs_Verkehrsregeln.jpg","keywords":["Bike to Work","Schweiz","Velofahren"],"articleSection":["SUSTAINABILITY"],"inLanguage":"de"},{"@type":"WebPage","@id":"https:\/\/www.organisator.ch\/sustainability\/2018-07-10\/rekord-bei-bike-to-work-65000-velofahrende-schaffen-die-16-millionen-grenze\/","url":"https:\/\/www.organisator.ch\/sustainability\/2018-07-10\/rekord-bei-bike-to-work-65000-velofahrende-schaffen-die-16-millionen-grenze\/","name":"Rekord bei bike to work: 65\u2019000 Velofahrende schaffen die 16-Millionen-Grenze - Organisator","isPartOf":{"@id":"https:\/\/www.organisator.ch\/#website"},"primaryImageOfPage":{"@id":"https:\/\/www.organisator.ch\/sustainability\/2018-07-10\/rekord-bei-bike-to-work-65000-velofahrende-schaffen-die-16-millionen-grenze\/#primaryimage"},"image":{"@id":"https:\/\/www.organisator.ch\/sustainability\/2018-07-10\/rekord-bei-bike-to-work-65000-velofahrende-schaffen-die-16-millionen-grenze\/#primaryimage"},"thumbnailUrl":"https:\/\/www.organisator.ch\/wp-content\/uploads\/2018\/07\/Velokurs_Verkehrsregeln.jpg","datePublished":"2018-07-10T09:41:14+00:00","dateModified":"2022-02-09T10:06:53+00:00","description":"Die bike to work Challenge 2018 bricht alle Rekorde: mehr Teilnehmende, mehr Teams, mehr Betriebe und mehr Kilometer, die Schweizer Betriebe aufweisen!","breadcrumb":{"@id":"https:\/\/www.organisator.ch\/sustainability\/2018-07-10\/rekord-bei-bike-to-work-65000-velofahrende-schaffen-die-16-millionen-grenze\/#breadcrumb"},"inLanguage":"de","potentialAction":[{"@type":"ReadAction","target":["https:\/\/www.organisator.ch\/sustainability\/2018-07-10\/rekord-bei-bike-to-work-65000-velofahrende-schaffen-die-16-millionen-grenze\/"]}]},{"@type":"ImageObject","inLanguage":"de","@id":"https:\/\/www.organisator.ch\/sustainability\/2018-07-10\/rekord-bei-bike-to-work-65000-velofahrende-schaffen-die-16-millionen-grenze\/#primaryimage","url":"https:\/\/www.organisator.ch\/wp-content\/uploads\/2018\/07\/Velokurs_Verkehrsregeln.jpg","contentUrl":"https:\/\/www.organisator.ch\/wp-content\/uploads\/2018\/07\/Velokurs_Verkehrsregeln.jpg","width":576,"height":396,"caption":"Mit dem Velo zur Arbeit fahren, heisst auch aufeinander Acht zu tragen, Energie zu sparen, voneinander zu lernen. (Bild: Pro Velo Schweiz)"},{"@type":"BreadcrumbList","@id":"https:\/\/www.organisator.ch\/sustainability\/2018-07-10\/rekord-bei-bike-to-work-65000-velofahrende-schaffen-die-16-millionen-grenze\/#breadcrumb","itemListElement":[{"@type":"ListItem","position":1,"name":"Home","item":"https:\/\/www.organisator.ch\/"},{"@type":"ListItem","position":2,"name":"Rekord bei bike to work: 65\u2019000 Velofahrende schaffen die 16-Millionen-Grenze"}]},{"@type":"WebSite","@id":"https:\/\/www.organisator.ch\/#website","url":"https:\/\/www.organisator.ch\/","name":"Organisator","description":"Kompetent. Praxisnah. Der ORGANISATOR bereitet in 10 Ausgaben pro Jahr die wesentlichen Themen f\u00fcr F\u00fchrungskr\u00e4fte von KMU auf.","publisher":{"@id":"https:\/\/www.organisator.ch\/#organization"},"potentialAction":[{"@type":"SearchAction","target":{"@type":"EntryPoint","urlTemplate":"https:\/\/www.organisator.ch\/?s={search_term_string}"},"query-input":{"@type":"PropertyValueSpecification","valueRequired":true,"valueName":"search_term_string"}}],"inLanguage":"de"},{"@type":"Organization","@id":"https:\/\/www.organisator.ch\/#organization","name":"Organisator","url":"https:\/\/www.organisator.ch\/","logo":{"@type":"ImageObject","inLanguage":"de","@id":"https:\/\/www.organisator.ch\/#\/schema\/logo\/image\/","url":"https:\/\/www.organisator.ch\/wp-content\/uploads\/2022\/01\/Logo_Organisator_Website.png","contentUrl":"https:\/\/www.organisator.ch\/wp-content\/uploads\/2022\/01\/Logo_Organisator_Website.png","width":800,"height":77,"caption":"Organisator"},"image":{"@id":"https:\/\/www.organisator.ch\/#\/schema\/logo\/image\/"},"sameAs":["https:\/\/www.facebook.com\/OrganisatorFachmagazin","https:\/\/www.linkedin.com\/showcase\/organisator-das-magazin-fr-kmu","https:\/\/www.xing.com\/news\/pages\/organisator-ch-695","https:\/\/www.youtube.com\/channel\/UCGP2Sq0iWaZwT3BdIAQFYpw"]},{"@type":"Person","@id":"https:\/\/www.organisator.ch\/#\/schema\/person\/134708ca9321c57b0362cceb7948ffbd","name":"michael.merz","image":{"@type":"ImageObject","inLanguage":"de","@id":"https:\/\/secure.gravatar.com\/avatar\/?s=96&d=mm&r=g","url":"https:\/\/secure.gravatar.com\/avatar\/?s=96&d=mm&r=g","contentUrl":"https:\/\/secure.gravatar.com\/avatar\/?s=96&d=mm&r=g","caption":"michael.merz"},"url":"https:\/\/www.organisator.ch\/de\/author\/michael-merz\/"}]}},"_links":{"self":[{"href":"https:\/\/www.organisator.ch\/de\/wp-json\/wp\/v2\/posts\/1775","targetHints":{"allow":["GET"]}}],"collection":[{"href":"https:\/\/www.organisator.ch\/de\/wp-json\/wp\/v2\/posts"}],"about":[{"href":"https:\/\/www.organisator.ch\/de\/wp-json\/wp\/v2\/types\/post"}],"author":[{"embeddable":true,"href":"https:\/\/www.organisator.ch\/de\/wp-json\/wp\/v2\/users\/5"}],"replies":[{"embeddable":true,"href":"https:\/\/www.organisator.ch\/de\/wp-json\/wp\/v2\/comments?post=1775"}],"version-history":[{"count":1,"href":"https:\/\/www.organisator.ch\/de\/wp-json\/wp\/v2\/posts\/1775\/revisions"}],"predecessor-version":[{"id":10709,"href":"https:\/\/www.organisator.ch\/de\/wp-json\/wp\/v2\/posts\/1775\/revisions\/10709"}],"wp:featuredmedia":[{"embeddable":true,"href":"https:\/\/www.organisator.ch\/de\/wp-json\/wp\/v2\/media\/1776"}],"wp:attachment":[{"href":"https:\/\/www.organisator.ch\/de\/wp-json\/wp\/v2\/media?parent=1775"}],"wp:term":[{"taxonomy":"category","embeddable":true,"href":"https:\/\/www.organisator.ch\/de\/wp-json\/wp\/v2\/categories?post=1775"},{"taxonomy":"post_tag","embeddable":true,"href":"https:\/\/www.organisator.ch\/de\/wp-json\/wp\/v2\/tags?post=1775"}],"curies":[{"name":"wp","href":"https:\/\/api.w.org\/{rel}","templated":true}]}}